{"id":56515,"date":"2025-11-30T09:05:00","date_gmt":"2025-11-30T09:05:00","guid":{"rendered":"https:\/\/algarve7.pt\/?p=56515"},"modified":"2025-11-27T10:34:52","modified_gmt":"2025-11-27T10:34:52","slug":"the-westin-salgados-beach-resort-algarve-festeja-natal-e-reveillon-com-bem-estar-e-harmonia","status":"publish","type":"post","link":"https:\/\/algarve7.pt\/index.php\/2025\/11\/the-westin-salgados-beach-resort-algarve-festeja-natal-e-reveillon-com-bem-estar-e-harmonia\/turismo\/09\/05\/","title":{"rendered":"The Westin Salgados Beach Resort, Algarve festeja natal e r\u00e9veillon com bem-estar e harmonia"},"content":{"rendered":"\n<p>Este ano, o Natal no The Westin Salgados Beach Resort, Algarve celebra a presen\u00e7a, a fam\u00edlia e a magia das pequenas coisas. Inspirado pela luz dourada do Algarve e pela serenidade natural das dunas e do mar, o resort prop\u00f5e um ambiente acolhedor e elegante. Na v\u00e9spera e no dia de Natal, os h\u00f3spedes s\u00e3o convidados a abrandar, reconectar e viver a ess\u00eancia desta \u00e9poca com experi\u00eancias pensadas para todas as idades.<\/p>\n\n\n\n<p>O\u00a0<strong>pacote de alojamento para o Natal<\/strong>\u00a0inclui duas noites em quarto standard duplo, com pequeno-almo\u00e7o inclu\u00eddo, Jantar do no dia 24 de dezembro e almo\u00e7o de Natal, no dia 25.  Durante a estadia destaca-se a\u00a0<strong>Oficina de Bolachas Saud\u00e1veis<\/strong>, no dia 24 de dezembro, pelas 15h00. E, no dia seguinte, a 25 de dezembro, v\u00e3o decorrer atividades para os mais pequenos no Kids Club, pelas 11h00, e o\u00a0<strong>Garden Games: jogos e descobertas nos jardins<\/strong>, pelas 15h00.\u00a0<\/p>\n\n\n\n<p>No que diz respeito aos menus, o The Westin Salgados Beach Resort, Algarve vai apresentar um\u00a0<strong>jantar Buffet na noite de Consoada<\/strong>. O menu inclui uma oferta variada de entradas e saladas, pratos de peixe, tais como, Bacalhau da Consoada ou Polvo \u00e0 Lagareiro, de carne, como Per\u00fa recheado com castanhas, alperces e ervas e Cabrito assado \u00e0 moda de Tr\u00e1s-os-Montes. Haver\u00e1 tamb\u00e9m uma vasta oferta de doces e sobremesas, incluindo alguns dos cl\u00e1ssicos da \u00e9poca de Natal: Sonhos de ab\u00f3bora, Rabanadas \u00e0 moda do Porto, Aletria de Natal, Leite creme, Bolo-rei, bolo-rainha, escangalhado, Tronco de Natal de chocolate e avel\u00e3 e Fruta da \u00e9poca: rom\u00e3s, di\u00f3spiros, laranjas do Algarve, uvas. <\/p>\n\n\n\n<p>A celebra\u00e7\u00e3o continua com\u00a0<strong>um almo\u00e7o harmonioso no dia de Natal<\/strong>, acompanhado de m\u00fasica ao vivo e experi\u00eancias que traduzem a magia da \u00e9poca. O menu inclui v\u00e1rias op\u00e7\u00f5es das quais as pessoas poder\u00e3o escolher:\u00a0 Camar\u00e3o tigre grelhado com manteiga de alho e ervas ou Sopa de cogumelos e espuma de trufas ou Salada de espinafres, ma\u00e7\u00e3, arandos e noz pecan (vegan); Bacalhau cozido com grelos, couves, cenoura e batata ou Filete de pargo com arroz de conquilhas ou Pataniscas de legumes (vegan); Per\u00fa assado com batatinhas assadas com alecrim, couves de Bruxelas salteadas com toucinho fumado ou Wellington de novilho e esparregado ou Estufado de gr\u00e3o e ab\u00f3bora com kale, tofu e especiarias (vegan);\u00a0 Carro de sobremesas natal\u00edcias (rabanadas, bolo rei, tronco de natal, tarte de am\u00eandoa, sonhos de ab\u00f3bora, arroz doce) ou T\u00e1bua de queijos nacionais, frutos secos, compotas e tostas ou Sele\u00e7\u00e3o de frutas da \u00e9poca.<\/p>\n\n\n\n<p><strong>PASSAGEM DE ANO 2025\/26 \u2014&nbsp;<em>A Mindful Celebration of New Beginnings<\/em><\/strong><\/p>\n\n\n\n<p>Inspirado pela tranquilidade do oceano e pelos princ\u00edpios de equil\u00edbrio e renova\u00e7\u00e3o, o programa de Passagem de Ano \u00e9 um convite para celebrar com consci\u00eancia e gratid\u00e3o. No The Westin Salgados Beach Resort, Algarve, a noite de 31 de dezembro \u00e9 mais do que uma celebra\u00e7\u00e3o, \u00e9 um despertar. Entre experi\u00eancias sensoriais, momentos de quietude e a sofistica\u00e7\u00e3o Westin, os h\u00f3spedes s\u00e3o guiados a iniciar o novo ano com leveza e prop\u00f3sito.O pacote de Fim de Ano prev\u00ea uma estadia m\u00ednima de duas noites, em quarto duplo standard, com pequeno-almo\u00e7o inclu\u00eddo, participa\u00e7\u00e3o nas atividades festivas, Jantar no dia 31 de dezembro e Brunch no dia 1 de janeiro. <\/p>\n\n\n\n<p><br>Na\u00a0<strong>noite de Fim de Ano, haver\u00e1 um menu especial<\/strong>\u00a0com uma sele\u00e7\u00e3o elevada de pratos festivos, num buffet requintado que equilibra nutri\u00e7\u00e3o e criatividade gastron\u00f3mica, em ambiente elegante e com m\u00fasica ao vivo. O buffet incluir\u00e1 uma sele\u00e7\u00e3o de entradas e saladas, e depois estar\u00e1 dividido entre Italiano: Showcooking de Risotto de trufa e cogumelos selvagens (vegetariano), Lasanha de legumes (vegano), Penne \u00e0 la vodka; Esta\u00e7\u00e3o do Mar: Marisco (gamba da costa, ostras, sapateira), Gravlax com mostarda e endro, ervas frescas e p\u00e3o de centeio torradas e Barra de caviar (blinis, brioche torrado, cr\u00e8me fra\u00eeche, ovos, cebolinho, lim\u00e3o e andro); Diretamente do cora\u00e7\u00e3o da cozinha: Wellington de cogumelos e espinafres com jus de legumes, Corvina com nabi\u00e7as glaceadas e molho de champanhe, Estufado de galinha d\u2019Angola com castanhas e alecrim e Lombo de novilho assado com pur\u00e9 de couve-flor caramelizada e jus. O buffet fica completo com uma sele\u00e7\u00e3o de sobremesas. <\/p>\n\n\n\n<p>O primeiro dia de 2026 celebra-se em conex\u00e3o plena com a natureza, atrav\u00e9s de uma caminhada revigorante pela praia, de um mergulho no mar, momentos de reflex\u00e3o e bem-estar em fam\u00edlia e o\u00a0<em>New Year\u2019s Brunch<\/em>\u00a0nutritivo e saboroso \u2013 <\/p>\n\n\n\n<p><strong>WELLNESS &amp; RITUAIS DE HARMONIA<\/strong><\/p>\n\n\n\n<p>No&nbsp;<strong>Wellness Hub Algarve<\/strong>, o Natal e o novo ano requerem rituais de serenidade profunda. Entre terapias restauradoras das marcas internacionais Visia e Dermalux, massagens reequilibrantes e cuidados que iluminam a pele, os h\u00f3spedes descobrem harmonia interior, renova\u00e7\u00e3o e brilho para 2026, num complemento perfeito a toda a experi\u00eancia.<\/p>\n\n\n\n<p>Para este Natal, o&nbsp;<strong>Wellness Hub Algarve<\/strong>&nbsp;vai participar na campanha natal\u00edcia da ESPA e como tal v\u00e3o disponibilizar e vanities exclusivas para presentear um ente querido com um momento de relaxamento e bem-estar. Al\u00e9m disso, \u00e9 poss\u00edvel oferecer vouchers de experi\u00eancias que podem ser adquiridos&nbsp;<a href=\"https:\/\/linktr.ee\/wellnesshubsalgarve\">online<\/a>&nbsp;ou presencialmente.&nbsp;&nbsp;<\/p>\n","protected":false},"excerpt":{"rendered":"<p>Este ano, o Natal no The Westin Salgados Beach Resort, Algarve celebra a presen\u00e7a, a fam\u00edlia e a magia das<\/p>\n","protected":false},"author":1,"featured_media":56516,"comment_status":"closed","ping_status":"closed","sticky":false,"template":"","format":"standard","meta":{"colormag_page_container_layout":"default_layout","colormag_page_sidebar_layout":"default_layout","_monsterinsights_skip_tracking":false,"_monsterinsights_sitenote_active":false,"_monsterinsights_sitenote_note":"","_monsterinsights_sitenote_category":0,"jetpack_post_was_ever_published":false,"_jetpack_newsletter_access":"","_jetpack_dont_email_post_to_subs":false,"_jetpack_newsletter_tier_id":0,"_jetpack_memberships_contains_paywalled_content":false,"_jetpack_memberships_contains_paid_content":false,"footnotes":"","jetpack_publicize_message":"","jetpack_publicize_feature_enabled":true,"jetpack_social_post_already_shared":true,"jetpack_social_options":{"image_generator_settings":{"template":"highway","default_image_id":0,"font":"","enabled":false},"version":2}},"categories":[17],"tags":[36,45],"class_list":["post-56515","post","type-post","status-publish","format-standard","has-post-thumbnail","hentry","category-turismo","tag-algarve","tag-turismo"],"yoast_head":"<!-- This site is optimized with the Yoast SEO plugin v27.5 - https:\/\/yoast.com\/product\/yoast-seo-wordpress\/ -->\n<title>The Westin Salgados Beach Resort, Algarve festeja natal e r\u00e9veillon com bem-estar e harmonia - Algarve 7<\/title>\n<meta name=\"description\" content=\"The Westin Salgados Beach Resort, Algarve festeja natal e r\u00e9veillon com bem-estar e harmonia Turismo\" \/>\n<meta name=\"robots\" content=\"index, follow, max-snippet:-1, max-image-preview:large, max-video-preview:-1\" \/>\n<link rel=\"canonical\" href=\"https:\/\/algarve7.pt\/index.php\/2025\/11\/the-westin-salgados-beach-resort-algarve-festeja-natal-e-reveillon-com-bem-estar-e-harmonia\/turismo\/09\/05\/\" \/>\n<meta property=\"og:locale\" content=\"pt_PT\" \/>\n<meta property=\"og:type\" content=\"article\" \/>\n<meta property=\"og:title\" content=\"The Westin Salgados Beach Resort, Algarve festeja natal e r\u00e9veillon com bem-estar e harmonia - Algarve 7\" \/>\n<meta property=\"og:description\" content=\"The Westin Salgados Beach Resort, Algarve festeja natal e r\u00e9veillon com bem-estar e harmonia Turismo\" \/>\n<meta property=\"og:url\" content=\"https:\/\/algarve7.pt\/index.php\/2025\/11\/the-westin-salgados-beach-resort-algarve-festeja-natal-e-reveillon-com-bem-estar-e-harmonia\/turismo\/09\/05\/\" \/>\n<meta property=\"og:site_name\" content=\"Algarve 7\" \/>\n<meta property=\"article:publisher\" content=\"https:\/\/www.facebook.com\/algarve7\" \/>\n<meta property=\"article:author\" content=\"https:\/\/www.facebook.com\/algarve7\" \/>\n<meta property=\"article:published_time\" content=\"2025-11-30T09:05:00+00:00\" \/>\n<meta property=\"og:image\" content=\"https:\/\/algarve7.pt\/wp-content\/uploads\/2025\/11\/Brinde-champagne-1.png\" \/>\n\t<meta property=\"og:image:width\" content=\"800\" \/>\n\t<meta property=\"og:image:height\" content=\"500\" \/>\n\t<meta property=\"og:image:type\" content=\"image\/png\" \/>\n<meta name=\"author\" content=\"Algarve 7\" \/>\n<meta name=\"twitter:card\" content=\"summary_large_image\" \/>\n<meta name=\"twitter:creator\" content=\"@Algarvesete\" \/>\n<meta name=\"twitter:site\" content=\"@Algarvesete\" \/>\n<meta name=\"twitter:label1\" content=\"Escrito por\" \/>\n\t<meta name=\"twitter:data1\" content=\"Algarve 7\" \/>\n\t<meta name=\"twitter:label2\" content=\"Tempo estimado de leitura\" \/>\n\t<meta name=\"twitter:data2\" content=\"5 minutos\" \/>\n<script type=\"application\/ld+json\" class=\"yoast-schema-graph\">{\"@context\":\"https:\\\/\\\/schema.org\",\"@graph\":[{\"@type\":\"Article\",\"@id\":\"https:\\\/\\\/algarve7.pt\\\/index.php\\\/2025\\\/11\\\/the-westin-salgados-beach-resort-algarve-festeja-natal-e-reveillon-com-bem-estar-e-harmonia\\\/turismo\\\/09\\\/05\\\/#article\",\"isPartOf\":{\"@id\":\"https:\\\/\\\/algarve7.pt\\\/index.php\\\/2025\\\/11\\\/the-westin-salgados-beach-resort-algarve-festeja-natal-e-reveillon-com-bem-estar-e-harmonia\\\/turismo\\\/09\\\/05\\\/\"},\"author\":{\"name\":\"Algarve 7\",\"@id\":\"https:\\\/\\\/algarve7.pt\\\/#\\\/schema\\\/person\\\/23fa70681308e7b319a3204bcea45e0c\"},\"headline\":\"The Westin Salgados Beach Resort, Algarve festeja natal e r\u00e9veillon com bem-estar e harmonia\",\"datePublished\":\"2025-11-30T09:05:00+00:00\",\"mainEntityOfPage\":{\"@id\":\"https:\\\/\\\/algarve7.pt\\\/index.php\\\/2025\\\/11\\\/the-westin-salgados-beach-resort-algarve-festeja-natal-e-reveillon-com-bem-estar-e-harmonia\\\/turismo\\\/09\\\/05\\\/\"},\"wordCount\":904,\"publisher\":{\"@id\":\"https:\\\/\\\/algarve7.pt\\\/#organization\"},\"image\":{\"@id\":\"https:\\\/\\\/algarve7.pt\\\/index.php\\\/2025\\\/11\\\/the-westin-salgados-beach-resort-algarve-festeja-natal-e-reveillon-com-bem-estar-e-harmonia\\\/turismo\\\/09\\\/05\\\/#primaryimage\"},\"thumbnailUrl\":\"https:\\\/\\\/algarve7.pt\\\/wp-content\\\/uploads\\\/2025\\\/11\\\/Brinde-champagne-1.png\",\"keywords\":[\"Algarve\",\"Turismo\"],\"articleSection\":[\"Turismo\"],\"inLanguage\":\"pt-PT\"},{\"@type\":\"WebPage\",\"@id\":\"https:\\\/\\\/algarve7.pt\\\/index.php\\\/2025\\\/11\\\/the-westin-salgados-beach-resort-algarve-festeja-natal-e-reveillon-com-bem-estar-e-harmonia\\\/turismo\\\/09\\\/05\\\/\",\"url\":\"https:\\\/\\\/algarve7.pt\\\/index.php\\\/2025\\\/11\\\/the-westin-salgados-beach-resort-algarve-festeja-natal-e-reveillon-com-bem-estar-e-harmonia\\\/turismo\\\/09\\\/05\\\/\",\"name\":\"The Westin Salgados Beach Resort, Algarve festeja natal e r\u00e9veillon com bem-estar e harmonia - Algarve 7\",\"isPartOf\":{\"@id\":\"https:\\\/\\\/algarve7.pt\\\/#website\"},\"primaryImageOfPage\":{\"@id\":\"https:\\\/\\\/algarve7.pt\\\/index.php\\\/2025\\\/11\\\/the-westin-salgados-beach-resort-algarve-festeja-natal-e-reveillon-com-bem-estar-e-harmonia\\\/turismo\\\/09\\\/05\\\/#primaryimage\"},\"image\":{\"@id\":\"https:\\\/\\\/algarve7.pt\\\/index.php\\\/2025\\\/11\\\/the-westin-salgados-beach-resort-algarve-festeja-natal-e-reveillon-com-bem-estar-e-harmonia\\\/turismo\\\/09\\\/05\\\/#primaryimage\"},\"thumbnailUrl\":\"https:\\\/\\\/algarve7.pt\\\/wp-content\\\/uploads\\\/2025\\\/11\\\/Brinde-champagne-1.png\",\"datePublished\":\"2025-11-30T09:05:00+00:00\",\"description\":\"The Westin Salgados Beach Resort, Algarve festeja natal e r\u00e9veillon com bem-estar e harmonia Turismo\",\"breadcrumb\":{\"@id\":\"https:\\\/\\\/algarve7.pt\\\/index.php\\\/2025\\\/11\\\/the-westin-salgados-beach-resort-algarve-festeja-natal-e-reveillon-com-bem-estar-e-harmonia\\\/turismo\\\/09\\\/05\\\/#breadcrumb\"},\"inLanguage\":\"pt-PT\",\"potentialAction\":[{\"@type\":\"ReadAction\",\"target\":[\"https:\\\/\\\/algarve7.pt\\\/index.php\\\/2025\\\/11\\\/the-westin-salgados-beach-resort-algarve-festeja-natal-e-reveillon-com-bem-estar-e-harmonia\\\/turismo\\\/09\\\/05\\\/\"]}]},{\"@type\":\"ImageObject\",\"inLanguage\":\"pt-PT\",\"@id\":\"https:\\\/\\\/algarve7.pt\\\/index.php\\\/2025\\\/11\\\/the-westin-salgados-beach-resort-algarve-festeja-natal-e-reveillon-com-bem-estar-e-harmonia\\\/turismo\\\/09\\\/05\\\/#primaryimage\",\"url\":\"https:\\\/\\\/algarve7.pt\\\/wp-content\\\/uploads\\\/2025\\\/11\\\/Brinde-champagne-1.png\",\"contentUrl\":\"https:\\\/\\\/algarve7.pt\\\/wp-content\\\/uploads\\\/2025\\\/11\\\/Brinde-champagne-1.png\",\"width\":800,\"height\":500},{\"@type\":\"BreadcrumbList\",\"@id\":\"https:\\\/\\\/algarve7.pt\\\/index.php\\\/2025\\\/11\\\/the-westin-salgados-beach-resort-algarve-festeja-natal-e-reveillon-com-bem-estar-e-harmonia\\\/turismo\\\/09\\\/05\\\/#breadcrumb\",\"itemListElement\":[{\"@type\":\"ListItem\",\"position\":1,\"name\":\"In\u00edcio\",\"item\":\"https:\\\/\\\/algarve7.pt\\\/\"},{\"@type\":\"ListItem\",\"position\":2,\"name\":\"The Westin Salgados Beach Resort, Algarve festeja natal e r\u00e9veillon com bem-estar e harmonia\"}]},{\"@type\":\"WebSite\",\"@id\":\"https:\\\/\\\/algarve7.pt\\\/#website\",\"url\":\"https:\\\/\\\/algarve7.pt\\\/\",\"name\":\"Algarve 7\",\"description\":\"Informa\u00e7\u00e3o sobre o Algarve\",\"publisher\":{\"@id\":\"https:\\\/\\\/algarve7.pt\\\/#organization\"},\"potentialAction\":[{\"@type\":\"SearchAction\",\"target\":{\"@type\":\"EntryPoint\",\"urlTemplate\":\"https:\\\/\\\/algarve7.pt\\\/?s={search_term_string}\"},\"query-input\":{\"@type\":\"PropertyValueSpecification\",\"valueRequired\":true,\"valueName\":\"search_term_string\"}}],\"inLanguage\":\"pt-PT\"},{\"@type\":\"Organization\",\"@id\":\"https:\\\/\\\/algarve7.pt\\\/#organization\",\"name\":\"Algarve 7\",\"url\":\"https:\\\/\\\/algarve7.pt\\\/\",\"logo\":{\"@type\":\"ImageObject\",\"inLanguage\":\"pt-PT\",\"@id\":\"https:\\\/\\\/algarve7.pt\\\/#\\\/schema\\\/logo\\\/image\\\/\",\"url\":\"https:\\\/\\\/algarve7.pt\\\/wp-content\\\/uploads\\\/2020\\\/10\\\/Logo-8.jpg\",\"contentUrl\":\"https:\\\/\\\/algarve7.pt\\\/wp-content\\\/uploads\\\/2020\\\/10\\\/Logo-8.jpg\",\"width\":1680,\"height\":1186,\"caption\":\"Algarve 7\"},\"image\":{\"@id\":\"https:\\\/\\\/algarve7.pt\\\/#\\\/schema\\\/logo\\\/image\\\/\"},\"sameAs\":[\"https:\\\/\\\/www.facebook.com\\\/algarve7\",\"https:\\\/\\\/x.com\\\/Algarvesete\",\"https:\\\/\\\/www.instagram.com\\\/jornalalgarve7\\\/\",\"https:\\\/\\\/www.linkedin.com\\\/company\\\/algarve7\",\"https:\\\/\\\/www.pinterest.pt\\\/geral0939\\\/_created\\\/\"]},{\"@type\":\"Person\",\"@id\":\"https:\\\/\\\/algarve7.pt\\\/#\\\/schema\\\/person\\\/23fa70681308e7b319a3204bcea45e0c\",\"name\":\"Algarve 7\",\"sameAs\":[\"https:\\\/\\\/algarve7.pt\",\"https:\\\/\\\/www.facebook.com\\\/algarve7\"],\"url\":\"https:\\\/\\\/algarve7.pt\\\/index.php\\\/author\\\/geralalgarve7-pt\\\/\"}]}<\/script>\n<!-- \/ Yoast SEO plugin. -->","yoast_head_json":{"title":"The Westin Salgados Beach Resort, Algarve festeja natal e r\u00e9veillon com bem-estar e harmonia - Algarve 7","description":"The Westin Salgados Beach Resort, Algarve festeja natal e r\u00e9veillon com bem-estar e harmonia Turismo","robots":{"index":"index","follow":"follow","max-snippet":"max-snippet:-1","max-image-preview":"max-image-preview:large","max-video-preview":"max-video-preview:-1"},"canonical":"https:\/\/algarve7.pt\/index.php\/2025\/11\/the-westin-salgados-beach-resort-algarve-festeja-natal-e-reveillon-com-bem-estar-e-harmonia\/turismo\/09\/05\/","og_locale":"pt_PT","og_type":"article","og_title":"The Westin Salgados Beach Resort, Algarve festeja natal e r\u00e9veillon com bem-estar e harmonia - Algarve 7","og_description":"The Westin Salgados Beach Resort, Algarve festeja natal e r\u00e9veillon com bem-estar e harmonia Turismo","og_url":"https:\/\/algarve7.pt\/index.php\/2025\/11\/the-westin-salgados-beach-resort-algarve-festeja-natal-e-reveillon-com-bem-estar-e-harmonia\/turismo\/09\/05\/","og_site_name":"Algarve 7","article_publisher":"https:\/\/www.facebook.com\/algarve7","article_author":"https:\/\/www.facebook.com\/algarve7","article_published_time":"2025-11-30T09:05:00+00:00","og_image":[{"width":800,"height":500,"url":"https:\/\/algarve7.pt\/wp-content\/uploads\/2025\/11\/Brinde-champagne-1.png","type":"image\/png"}],"author":"Algarve 7","twitter_card":"summary_large_image","twitter_creator":"@Algarvesete","twitter_site":"@Algarvesete","twitter_misc":{"Escrito por":"Algarve 7","Tempo estimado de leitura":"5 minutos"},"schema":{"@context":"https:\/\/schema.org","@graph":[{"@type":"Article","@id":"https:\/\/algarve7.pt\/index.php\/2025\/11\/the-westin-salgados-beach-resort-algarve-festeja-natal-e-reveillon-com-bem-estar-e-harmonia\/turismo\/09\/05\/#article","isPartOf":{"@id":"https:\/\/algarve7.pt\/index.php\/2025\/11\/the-westin-salgados-beach-resort-algarve-festeja-natal-e-reveillon-com-bem-estar-e-harmonia\/turismo\/09\/05\/"},"author":{"name":"Algarve 7","@id":"https:\/\/algarve7.pt\/#\/schema\/person\/23fa70681308e7b319a3204bcea45e0c"},"headline":"The Westin Salgados Beach Resort, Algarve festeja natal e r\u00e9veillon com bem-estar e harmonia","datePublished":"2025-11-30T09:05:00+00:00","mainEntityOfPage":{"@id":"https:\/\/algarve7.pt\/index.php\/2025\/11\/the-westin-salgados-beach-resort-algarve-festeja-natal-e-reveillon-com-bem-estar-e-harmonia\/turismo\/09\/05\/"},"wordCount":904,"publisher":{"@id":"https:\/\/algarve7.pt\/#organization"},"image":{"@id":"https:\/\/algarve7.pt\/index.php\/2025\/11\/the-westin-salgados-beach-resort-algarve-festeja-natal-e-reveillon-com-bem-estar-e-harmonia\/turismo\/09\/05\/#primaryimage"},"thumbnailUrl":"https:\/\/algarve7.pt\/wp-content\/uploads\/2025\/11\/Brinde-champagne-1.png","keywords":["Algarve","Turismo"],"articleSection":["Turismo"],"inLanguage":"pt-PT"},{"@type":"WebPage","@id":"https:\/\/algarve7.pt\/index.php\/2025\/11\/the-westin-salgados-beach-resort-algarve-festeja-natal-e-reveillon-com-bem-estar-e-harmonia\/turismo\/09\/05\/","url":"https:\/\/algarve7.pt\/index.php\/2025\/11\/the-westin-salgados-beach-resort-algarve-festeja-natal-e-reveillon-com-bem-estar-e-harmonia\/turismo\/09\/05\/","name":"The Westin Salgados Beach Resort, Algarve festeja natal e r\u00e9veillon com bem-estar e harmonia - Algarve 7","isPartOf":{"@id":"https:\/\/algarve7.pt\/#website"},"primaryImageOfPage":{"@id":"https:\/\/algarve7.pt\/index.php\/2025\/11\/the-westin-salgados-beach-resort-algarve-festeja-natal-e-reveillon-com-bem-estar-e-harmonia\/turismo\/09\/05\/#primaryimage"},"image":{"@id":"https:\/\/algarve7.pt\/index.php\/2025\/11\/the-westin-salgados-beach-resort-algarve-festeja-natal-e-reveillon-com-bem-estar-e-harmonia\/turismo\/09\/05\/#primaryimage"},"thumbnailUrl":"https:\/\/algarve7.pt\/wp-content\/uploads\/2025\/11\/Brinde-champagne-1.png","datePublished":"2025-11-30T09:05:00+00:00","description":"The Westin Salgados Beach Resort, Algarve festeja natal e r\u00e9veillon com bem-estar e harmonia Turismo","breadcrumb":{"@id":"https:\/\/algarve7.pt\/index.php\/2025\/11\/the-westin-salgados-beach-resort-algarve-festeja-natal-e-reveillon-com-bem-estar-e-harmonia\/turismo\/09\/05\/#breadcrumb"},"inLanguage":"pt-PT","potentialAction":[{"@type":"ReadAction","target":["https:\/\/algarve7.pt\/index.php\/2025\/11\/the-westin-salgados-beach-resort-algarve-festeja-natal-e-reveillon-com-bem-estar-e-harmonia\/turismo\/09\/05\/"]}]},{"@type":"ImageObject","inLanguage":"pt-PT","@id":"https:\/\/algarve7.pt\/index.php\/2025\/11\/the-westin-salgados-beach-resort-algarve-festeja-natal-e-reveillon-com-bem-estar-e-harmonia\/turismo\/09\/05\/#primaryimage","url":"https:\/\/algarve7.pt\/wp-content\/uploads\/2025\/11\/Brinde-champagne-1.png","contentUrl":"https:\/\/algarve7.pt\/wp-content\/uploads\/2025\/11\/Brinde-champagne-1.png","width":800,"height":500},{"@type":"BreadcrumbList","@id":"https:\/\/algarve7.pt\/index.php\/2025\/11\/the-westin-salgados-beach-resort-algarve-festeja-natal-e-reveillon-com-bem-estar-e-harmonia\/turismo\/09\/05\/#breadcrumb","itemListElement":[{"@type":"ListItem","position":1,"name":"In\u00edcio","item":"https:\/\/algarve7.pt\/"},{"@type":"ListItem","position":2,"name":"The Westin Salgados Beach Resort, Algarve festeja natal e r\u00e9veillon com bem-estar e harmonia"}]},{"@type":"WebSite","@id":"https:\/\/algarve7.pt\/#website","url":"https:\/\/algarve7.pt\/","name":"Algarve 7","description":"Informa\u00e7\u00e3o sobre o Algarve","publisher":{"@id":"https:\/\/algarve7.pt\/#organization"},"potentialAction":[{"@type":"SearchAction","target":{"@type":"EntryPoint","urlTemplate":"https:\/\/algarve7.pt\/?s={search_term_string}"},"query-input":{"@type":"PropertyValueSpecification","valueRequired":true,"valueName":"search_term_string"}}],"inLanguage":"pt-PT"},{"@type":"Organization","@id":"https:\/\/algarve7.pt\/#organization","name":"Algarve 7","url":"https:\/\/algarve7.pt\/","logo":{"@type":"ImageObject","inLanguage":"pt-PT","@id":"https:\/\/algarve7.pt\/#\/schema\/logo\/image\/","url":"https:\/\/algarve7.pt\/wp-content\/uploads\/2020\/10\/Logo-8.jpg","contentUrl":"https:\/\/algarve7.pt\/wp-content\/uploads\/2020\/10\/Logo-8.jpg","width":1680,"height":1186,"caption":"Algarve 7"},"image":{"@id":"https:\/\/algarve7.pt\/#\/schema\/logo\/image\/"},"sameAs":["https:\/\/www.facebook.com\/algarve7","https:\/\/x.com\/Algarvesete","https:\/\/www.instagram.com\/jornalalgarve7\/","https:\/\/www.linkedin.com\/company\/algarve7","https:\/\/www.pinterest.pt\/geral0939\/_created\/"]},{"@type":"Person","@id":"https:\/\/algarve7.pt\/#\/schema\/person\/23fa70681308e7b319a3204bcea45e0c","name":"Algarve 7","sameAs":["https:\/\/algarve7.pt","https:\/\/www.facebook.com\/algarve7"],"url":"https:\/\/algarve7.pt\/index.php\/author\/geralalgarve7-pt\/"}]}},"jetpack_publicize_connections":[],"jetpack_featured_media_url":"https:\/\/algarve7.pt\/wp-content\/uploads\/2025\/11\/Brinde-champagne-1.png","jetpack_shortlink":"https:\/\/wp.me\/pcezmW-eHx","jetpack_sharing_enabled":true,"_links":{"self":[{"href":"https:\/\/algarve7.pt\/index.php\/wp-json\/wp\/v2\/posts\/56515","targetHints":{"allow":["GET"]}}],"collection":[{"href":"https:\/\/algarve7.pt\/index.php\/wp-json\/wp\/v2\/posts"}],"about":[{"href":"https:\/\/algarve7.pt\/index.php\/wp-json\/wp\/v2\/types\/post"}],"author":[{"embeddable":true,"href":"https:\/\/algarve7.pt\/index.php\/wp-json\/wp\/v2\/users\/1"}],"replies":[{"embeddable":true,"href":"https:\/\/algarve7.pt\/index.php\/wp-json\/wp\/v2\/comments?post=56515"}],"version-history":[{"count":0,"href":"https:\/\/algarve7.pt\/index.php\/wp-json\/wp\/v2\/posts\/56515\/revisions"}],"wp:featuredmedia":[{"embeddable":true,"href":"https:\/\/algarve7.pt\/index.php\/wp-json\/wp\/v2\/media\/56516"}],"wp:attachment":[{"href":"https:\/\/algarve7.pt\/index.php\/wp-json\/wp\/v2\/media?parent=56515"}],"wp:term":[{"taxonomy":"category","embeddable":true,"href":"https:\/\/algarve7.pt\/index.php\/wp-json\/wp\/v2\/categories?post=56515"},{"taxonomy":"post_tag","embeddable":true,"href":"https:\/\/algarve7.pt\/index.php\/wp-json\/wp\/v2\/tags?post=56515"}],"curies":[{"name":"wp","href":"https:\/\/api.w.org\/{rel}","templated":true}]}}