{"id":5650,"date":"2021-01-27T12:36:38","date_gmt":"2021-01-27T12:36:38","guid":{"rendered":"https:\/\/algarve7.pt\/?p=5650"},"modified":"2021-01-27T12:36:40","modified_gmt":"2021-01-27T12:36:40","slug":"balanco-das-missoes-frontex-2020","status":"publish","type":"post","link":"https:\/\/algarve7.pt\/index.php\/2021\/01\/balanco-das-missoes-frontex-2020\/nacional\/12\/36\/","title":{"rendered":"Balan\u00e7o das Miss\u00f5es FRONTEX 2020"},"content":{"rendered":"\n<p>A Guarda Nacional Republicana (GNR) empenhou, desde 2007 at\u00e9 2020, mais de 800 militares em diversas opera\u00e7\u00f5es combinadas da Ag\u00eancia Europeia de Fronteira e Guarda Costeira (FRONTEX), que visaram prevenir, detetar e reprimir casos de imigra\u00e7\u00e3o ilegal, tr\u00e1fico de seres humanos e outros crimes fronteiri\u00e7os, contribuindo, fundamentalmente, para a salvaguarda de vidas humanas.<\/p>\n\n\n\n<p>S\u00f3 no ano de 2020, provenientes de diversas val\u00eancias policiais, foram destacados 114 militares da Guarda por toda a Europa, entre os quais 18 peritos designados como seconded Team Members (sTM), em pa\u00edses como a Bulg\u00e1ria, Cro\u00e1cia, Espanha, Gr\u00e9cia, Hungria, It\u00e1lia e Pol\u00f3nia, que desempenharam in\u00fameras miss\u00f5es e tarefas na FRONTEX, tais como:<\/p>\n\n\n\n<p>\u00b7&nbsp;&nbsp;&nbsp;&nbsp;&nbsp;&nbsp;&nbsp;&nbsp;&nbsp;Vigil\u00e2ncia da fronteira externa da Uni\u00e3o Europeia e opera\u00e7\u00f5es de busca e salvamento, onde se inclui:<\/p>\n\n\n\n<p>o&nbsp;&nbsp;&nbsp;Vigil\u00e2ncia mar\u00edtima e opera\u00e7\u00f5es de busca e salvamento, com a utiliza\u00e7\u00e3o de embarca\u00e7\u00f5es;<\/p>\n\n\n\n<p>o&nbsp;&nbsp;&nbsp;Vigil\u00e2ncia terrestre e apoio ao controlo das fronteiras, atrav\u00e9s de bin\u00f3mios cinot\u00e9cnicos e de patrulhamento com recurso a ve\u00edculos todo-o-terreno, dotados de c\u00e2maras de vis\u00e3o t\u00e9rmica (Thermo Vision Vehicle) e de sistemas de vigil\u00e2ncia e dete\u00e7\u00e3o atrav\u00e9s de radar e de c\u00e2maras diurnas e noturnas, de alta resolu\u00e7\u00e3o e alcance (Posto de Observa\u00e7\u00e3o M\u00f3vel); &nbsp;&nbsp;&nbsp;<\/p>\n\n\n\n<p>\u00b7&nbsp;&nbsp;&nbsp;&nbsp;&nbsp;&nbsp;&nbsp;&nbsp;&nbsp;Dete\u00e7\u00e3o de crimes graves com dimens\u00e3o transfronteiri\u00e7a, incluindo tr\u00e1fico de migrantes, tr\u00e1fico de seres humanos e terrorismo;<\/p>\n\n\n\n<p>\u00b7&nbsp;&nbsp;&nbsp;&nbsp;&nbsp;&nbsp;&nbsp;&nbsp;&nbsp;Investiga\u00e7\u00e3o criminal, atrav\u00e9s de diversos militares, com forma\u00e7\u00e3o na \u00e1rea, desempenhando tarefas de tratamento de dados pessoais, para efeitos de registo e asilo de migrantes, verifica\u00e7\u00e3o e controlo de viaturas suspeitas em zonas de fronteira e processamento de informa\u00e7\u00e3o policial e criminal.<\/p>\n\n\n\n<p>Durante o ano de 2020, destacam-se ainda os seguintes grandes n\u00fameros:<\/p>\n\n\n\n<p>\u00b7&nbsp;&nbsp;&nbsp;&nbsp;&nbsp;&nbsp;&nbsp;&nbsp;&nbsp;1 382 patrulhas realizadas;<\/p>\n\n\n\n<p>\u00b7&nbsp;&nbsp;&nbsp;&nbsp;&nbsp;&nbsp;&nbsp;&nbsp;&nbsp;Mais de 10 500 horas de empenhamento;<\/p>\n\n\n\n<p>\u00b7&nbsp;&nbsp;&nbsp;&nbsp;&nbsp;&nbsp;&nbsp;&nbsp;&nbsp;Cerca de 89 mil quil\u00f3metros (em terra) e 9 200 milhas n\u00e1uticas (no mar) percorridos;<\/p>\n\n\n\n<p>\u00b7&nbsp;&nbsp;&nbsp;&nbsp;&nbsp;&nbsp;&nbsp;&nbsp;&nbsp;Cerca de mil migrantes auxiliados, dos quais 473 foram resgatados de seis embarca\u00e7\u00f5es intercetadas;<\/p>\n\n\n\n<p>\u00b7&nbsp;&nbsp;&nbsp;&nbsp;&nbsp;&nbsp;&nbsp;&nbsp;&nbsp;Mais de 6 300 ve\u00edculos fiscalizados;<\/p>\n\n\n\n<p>\u00b7&nbsp;&nbsp;&nbsp;&nbsp;&nbsp;&nbsp;&nbsp;&nbsp;&nbsp;Cerca de 7 100 pessoas controladas, tendo sido impedidas 13 entradas ilegais no espa\u00e7o&nbsp;<em>Schengen<\/em>.&nbsp;<\/p>\n\n\n\n<p>Hoje, dia 27 de janeiro, inicia-se o ano operacional de 2021, encontrando-se previstas 16 opera\u00e7\u00f5es FRONTEX com miss\u00f5es e tarefas distintas, tendo j\u00e1 sido destacados 30 militares da Guarda para integrar a Opera\u00e7\u00e3o \u201cPoseidon Sea 2021\u201d na Gr\u00e9cia para iniciar fun\u00e7\u00f5es nesta mesma data. A participa\u00e7\u00e3o da Guarda em Opera\u00e7\u00f5es deste tipo no presente ano merece um especial destaque, tendo em conta que Portugal assumiu, pela quarta vez, a Presid\u00eancia Portuguesa da Uni\u00e3o Europeia (PPUE).<\/p>\n","protected":false},"excerpt":{"rendered":"<p>A Guarda Nacional Republicana (GNR) empenhou, desde 2007 at\u00e9 2020, mais de 800 militares em diversas opera\u00e7\u00f5es combinadas da Ag\u00eancia<\/p>\n","protected":false},"author":1,"featured_media":5651,"comment_status":"closed","ping_status":"open","sticky":false,"template":"","format":"standard","meta":{"colormag_page_container_layout":"default_layout","colormag_page_sidebar_layout":"default_layout","_monsterinsights_skip_tracking":false,"_monsterinsights_sitenote_active":false,"_monsterinsights_sitenote_note":"","_monsterinsights_sitenote_category":0,"jetpack_post_was_ever_published":false,"_jetpack_newsletter_access":"","_jetpack_dont_email_post_to_subs":false,"_jetpack_newsletter_tier_id":0,"_jetpack_memberships_contains_paywalled_content":false,"_jetpack_memberships_contains_paid_content":false,"footnotes":"","jetpack_publicize_message":"","jetpack_publicize_feature_enabled":true,"jetpack_social_post_already_shared":true,"jetpack_social_options":{"image_generator_settings":{"template":"highway","default_image_id":0,"font":"","enabled":false},"version":2}},"categories":[189],"tags":[98,46],"class_list":["post-5650","post","type-post","status-publish","format-standard","has-post-thumbnail","hentry","category-nacional","tag-nacional","tag-portugal"],"yoast_head":"<!-- This site is optimized with the Yoast SEO plugin v27.5 - https:\/\/yoast.com\/product\/yoast-seo-wordpress\/ -->\n<title>Balan\u00e7o das Miss\u00f5es FRONTEX 2020 - Algarve 7<\/title>\n<meta name=\"description\" content=\"Balan\u00e7o das Miss\u00f5es FRONTEX 2020 Nacional\" \/>\n<meta name=\"robots\" content=\"index, follow, max-snippet:-1, max-image-preview:large, max-video-preview:-1\" \/>\n<link rel=\"canonical\" href=\"https:\/\/algarve7.pt\/index.php\/2021\/01\/balanco-das-missoes-frontex-2020\/nacional\/12\/36\/\" \/>\n<meta property=\"og:locale\" content=\"pt_PT\" \/>\n<meta property=\"og:type\" content=\"article\" \/>\n<meta property=\"og:title\" content=\"Balan\u00e7o das Miss\u00f5es FRONTEX 2020 - Algarve 7\" \/>\n<meta property=\"og:description\" content=\"Balan\u00e7o das Miss\u00f5es FRONTEX 2020 Nacional\" \/>\n<meta property=\"og:url\" content=\"https:\/\/algarve7.pt\/index.php\/2021\/01\/balanco-das-missoes-frontex-2020\/nacional\/12\/36\/\" \/>\n<meta property=\"og:site_name\" content=\"Algarve 7\" \/>\n<meta property=\"article:publisher\" content=\"https:\/\/www.facebook.com\/algarve7\" \/>\n<meta property=\"article:author\" content=\"https:\/\/www.facebook.com\/algarve7\" \/>\n<meta property=\"article:published_time\" content=\"2021-01-27T12:36:38+00:00\" \/>\n<meta property=\"article:modified_time\" content=\"2021-01-27T12:36:40+00:00\" \/>\n<meta property=\"og:image\" content=\"https:\/\/algarve7.pt\/wp-content\/uploads\/2021\/01\/GNR-FRONTEX-2.jpg\" \/>\n\t<meta property=\"og:image:width\" content=\"1024\" \/>\n\t<meta property=\"og:image:height\" content=\"683\" \/>\n\t<meta property=\"og:image:type\" content=\"image\/jpeg\" \/>\n<meta name=\"author\" content=\"Algarve 7\" \/>\n<meta name=\"twitter:card\" content=\"summary_large_image\" \/>\n<meta name=\"twitter:creator\" content=\"@Algarvesete\" \/>\n<meta name=\"twitter:site\" content=\"@Algarvesete\" \/>\n<meta name=\"twitter:label1\" content=\"Escrito por\" \/>\n\t<meta name=\"twitter:data1\" content=\"Algarve 7\" \/>\n\t<meta name=\"twitter:label2\" content=\"Tempo estimado de leitura\" \/>\n\t<meta name=\"twitter:data2\" content=\"2 minutos\" \/>\n<script type=\"application\/ld+json\" class=\"yoast-schema-graph\">{\"@context\":\"https:\\\/\\\/schema.org\",\"@graph\":[{\"@type\":\"Article\",\"@id\":\"https:\\\/\\\/algarve7.pt\\\/index.php\\\/2021\\\/01\\\/balanco-das-missoes-frontex-2020\\\/nacional\\\/12\\\/36\\\/#article\",\"isPartOf\":{\"@id\":\"https:\\\/\\\/algarve7.pt\\\/index.php\\\/2021\\\/01\\\/balanco-das-missoes-frontex-2020\\\/nacional\\\/12\\\/36\\\/\"},\"author\":{\"name\":\"Algarve 7\",\"@id\":\"https:\\\/\\\/algarve7.pt\\\/#\\\/schema\\\/person\\\/23fa70681308e7b319a3204bcea45e0c\"},\"headline\":\"Balan\u00e7o das Miss\u00f5es FRONTEX 2020\",\"datePublished\":\"2021-01-27T12:36:38+00:00\",\"dateModified\":\"2021-01-27T12:36:40+00:00\",\"mainEntityOfPage\":{\"@id\":\"https:\\\/\\\/algarve7.pt\\\/index.php\\\/2021\\\/01\\\/balanco-das-missoes-frontex-2020\\\/nacional\\\/12\\\/36\\\/\"},\"wordCount\":532,\"publisher\":{\"@id\":\"https:\\\/\\\/algarve7.pt\\\/#organization\"},\"image\":{\"@id\":\"https:\\\/\\\/algarve7.pt\\\/index.php\\\/2021\\\/01\\\/balanco-das-missoes-frontex-2020\\\/nacional\\\/12\\\/36\\\/#primaryimage\"},\"thumbnailUrl\":\"https:\\\/\\\/algarve7.pt\\\/wp-content\\\/uploads\\\/2021\\\/01\\\/GNR-FRONTEX-2.jpg\",\"keywords\":[\"Nacional\",\"Portugal\"],\"articleSection\":[\"Nacional\"],\"inLanguage\":\"pt-PT\"},{\"@type\":\"WebPage\",\"@id\":\"https:\\\/\\\/algarve7.pt\\\/index.php\\\/2021\\\/01\\\/balanco-das-missoes-frontex-2020\\\/nacional\\\/12\\\/36\\\/\",\"url\":\"https:\\\/\\\/algarve7.pt\\\/index.php\\\/2021\\\/01\\\/balanco-das-missoes-frontex-2020\\\/nacional\\\/12\\\/36\\\/\",\"name\":\"Balan\u00e7o das Miss\u00f5es FRONTEX 2020 - Algarve 7\",\"isPartOf\":{\"@id\":\"https:\\\/\\\/algarve7.pt\\\/#website\"},\"primaryImageOfPage\":{\"@id\":\"https:\\\/\\\/algarve7.pt\\\/index.php\\\/2021\\\/01\\\/balanco-das-missoes-frontex-2020\\\/nacional\\\/12\\\/36\\\/#primaryimage\"},\"image\":{\"@id\":\"https:\\\/\\\/algarve7.pt\\\/index.php\\\/2021\\\/01\\\/balanco-das-missoes-frontex-2020\\\/nacional\\\/12\\\/36\\\/#primaryimage\"},\"thumbnailUrl\":\"https:\\\/\\\/algarve7.pt\\\/wp-content\\\/uploads\\\/2021\\\/01\\\/GNR-FRONTEX-2.jpg\",\"datePublished\":\"2021-01-27T12:36:38+00:00\",\"dateModified\":\"2021-01-27T12:36:40+00:00\",\"description\":\"Balan\u00e7o das Miss\u00f5es FRONTEX 2020 Nacional\",\"breadcrumb\":{\"@id\":\"https:\\\/\\\/algarve7.pt\\\/index.php\\\/2021\\\/01\\\/balanco-das-missoes-frontex-2020\\\/nacional\\\/12\\\/36\\\/#breadcrumb\"},\"inLanguage\":\"pt-PT\",\"potentialAction\":[{\"@type\":\"ReadAction\",\"target\":[\"https:\\\/\\\/algarve7.pt\\\/index.php\\\/2021\\\/01\\\/balanco-das-missoes-frontex-2020\\\/nacional\\\/12\\\/36\\\/\"]}]},{\"@type\":\"ImageObject\",\"inLanguage\":\"pt-PT\",\"@id\":\"https:\\\/\\\/algarve7.pt\\\/index.php\\\/2021\\\/01\\\/balanco-das-missoes-frontex-2020\\\/nacional\\\/12\\\/36\\\/#primaryimage\",\"url\":\"https:\\\/\\\/algarve7.pt\\\/wp-content\\\/uploads\\\/2021\\\/01\\\/GNR-FRONTEX-2.jpg\",\"contentUrl\":\"https:\\\/\\\/algarve7.pt\\\/wp-content\\\/uploads\\\/2021\\\/01\\\/GNR-FRONTEX-2.jpg\",\"width\":1024,\"height\":683},{\"@type\":\"BreadcrumbList\",\"@id\":\"https:\\\/\\\/algarve7.pt\\\/index.php\\\/2021\\\/01\\\/balanco-das-missoes-frontex-2020\\\/nacional\\\/12\\\/36\\\/#breadcrumb\",\"itemListElement\":[{\"@type\":\"ListItem\",\"position\":1,\"name\":\"In\u00edcio\",\"item\":\"https:\\\/\\\/algarve7.pt\\\/\"},{\"@type\":\"ListItem\",\"position\":2,\"name\":\"Balan\u00e7o das Miss\u00f5es FRONTEX 2020\"}]},{\"@type\":\"WebSite\",\"@id\":\"https:\\\/\\\/algarve7.pt\\\/#website\",\"url\":\"https:\\\/\\\/algarve7.pt\\\/\",\"name\":\"Algarve 7\",\"description\":\"Informa\u00e7\u00e3o sobre o Algarve\",\"publisher\":{\"@id\":\"https:\\\/\\\/algarve7.pt\\\/#organization\"},\"potentialAction\":[{\"@type\":\"SearchAction\",\"target\":{\"@type\":\"EntryPoint\",\"urlTemplate\":\"https:\\\/\\\/algarve7.pt\\\/?s={search_term_string}\"},\"query-input\":{\"@type\":\"PropertyValueSpecification\",\"valueRequired\":true,\"valueName\":\"search_term_string\"}}],\"inLanguage\":\"pt-PT\"},{\"@type\":\"Organization\",\"@id\":\"https:\\\/\\\/algarve7.pt\\\/#organization\",\"name\":\"Algarve 7\",\"url\":\"https:\\\/\\\/algarve7.pt\\\/\",\"logo\":{\"@type\":\"ImageObject\",\"inLanguage\":\"pt-PT\",\"@id\":\"https:\\\/\\\/algarve7.pt\\\/#\\\/schema\\\/logo\\\/image\\\/\",\"url\":\"https:\\\/\\\/algarve7.pt\\\/wp-content\\\/uploads\\\/2020\\\/10\\\/Logo-8.jpg\",\"contentUrl\":\"https:\\\/\\\/algarve7.pt\\\/wp-content\\\/uploads\\\/2020\\\/10\\\/Logo-8.jpg\",\"width\":1680,\"height\":1186,\"caption\":\"Algarve 7\"},\"image\":{\"@id\":\"https:\\\/\\\/algarve7.pt\\\/#\\\/schema\\\/logo\\\/image\\\/\"},\"sameAs\":[\"https:\\\/\\\/www.facebook.com\\\/algarve7\",\"https:\\\/\\\/x.com\\\/Algarvesete\",\"https:\\\/\\\/www.instagram.com\\\/jornalalgarve7\\\/\",\"https:\\\/\\\/www.linkedin.com\\\/company\\\/algarve7\",\"https:\\\/\\\/www.pinterest.pt\\\/geral0939\\\/_created\\\/\"]},{\"@type\":\"Person\",\"@id\":\"https:\\\/\\\/algarve7.pt\\\/#\\\/schema\\\/person\\\/23fa70681308e7b319a3204bcea45e0c\",\"name\":\"Algarve 7\",\"sameAs\":[\"https:\\\/\\\/algarve7.pt\",\"https:\\\/\\\/www.facebook.com\\\/algarve7\"],\"url\":\"https:\\\/\\\/algarve7.pt\\\/index.php\\\/author\\\/geralalgarve7-pt\\\/\"}]}<\/script>\n<!-- \/ Yoast SEO plugin. -->","yoast_head_json":{"title":"Balan\u00e7o das Miss\u00f5es FRONTEX 2020 - Algarve 7","description":"Balan\u00e7o das Miss\u00f5es FRONTEX 2020 Nacional","robots":{"index":"index","follow":"follow","max-snippet":"max-snippet:-1","max-image-preview":"max-image-preview:large","max-video-preview":"max-video-preview:-1"},"canonical":"https:\/\/algarve7.pt\/index.php\/2021\/01\/balanco-das-missoes-frontex-2020\/nacional\/12\/36\/","og_locale":"pt_PT","og_type":"article","og_title":"Balan\u00e7o das Miss\u00f5es FRONTEX 2020 - Algarve 7","og_description":"Balan\u00e7o das Miss\u00f5es FRONTEX 2020 Nacional","og_url":"https:\/\/algarve7.pt\/index.php\/2021\/01\/balanco-das-missoes-frontex-2020\/nacional\/12\/36\/","og_site_name":"Algarve 7","article_publisher":"https:\/\/www.facebook.com\/algarve7","article_author":"https:\/\/www.facebook.com\/algarve7","article_published_time":"2021-01-27T12:36:38+00:00","article_modified_time":"2021-01-27T12:36:40+00:00","og_image":[{"width":1024,"height":683,"url":"https:\/\/algarve7.pt\/wp-content\/uploads\/2021\/01\/GNR-FRONTEX-2.jpg","type":"image\/jpeg"}],"author":"Algarve 7","twitter_card":"summary_large_image","twitter_creator":"@Algarvesete","twitter_site":"@Algarvesete","twitter_misc":{"Escrito por":"Algarve 7","Tempo estimado de leitura":"2 minutos"},"schema":{"@context":"https:\/\/schema.org","@graph":[{"@type":"Article","@id":"https:\/\/algarve7.pt\/index.php\/2021\/01\/balanco-das-missoes-frontex-2020\/nacional\/12\/36\/#article","isPartOf":{"@id":"https:\/\/algarve7.pt\/index.php\/2021\/01\/balanco-das-missoes-frontex-2020\/nacional\/12\/36\/"},"author":{"name":"Algarve 7","@id":"https:\/\/algarve7.pt\/#\/schema\/person\/23fa70681308e7b319a3204bcea45e0c"},"headline":"Balan\u00e7o das Miss\u00f5es FRONTEX 2020","datePublished":"2021-01-27T12:36:38+00:00","dateModified":"2021-01-27T12:36:40+00:00","mainEntityOfPage":{"@id":"https:\/\/algarve7.pt\/index.php\/2021\/01\/balanco-das-missoes-frontex-2020\/nacional\/12\/36\/"},"wordCount":532,"publisher":{"@id":"https:\/\/algarve7.pt\/#organization"},"image":{"@id":"https:\/\/algarve7.pt\/index.php\/2021\/01\/balanco-das-missoes-frontex-2020\/nacional\/12\/36\/#primaryimage"},"thumbnailUrl":"https:\/\/algarve7.pt\/wp-content\/uploads\/2021\/01\/GNR-FRONTEX-2.jpg","keywords":["Nacional","Portugal"],"articleSection":["Nacional"],"inLanguage":"pt-PT"},{"@type":"WebPage","@id":"https:\/\/algarve7.pt\/index.php\/2021\/01\/balanco-das-missoes-frontex-2020\/nacional\/12\/36\/","url":"https:\/\/algarve7.pt\/index.php\/2021\/01\/balanco-das-missoes-frontex-2020\/nacional\/12\/36\/","name":"Balan\u00e7o das Miss\u00f5es FRONTEX 2020 - Algarve 7","isPartOf":{"@id":"https:\/\/algarve7.pt\/#website"},"primaryImageOfPage":{"@id":"https:\/\/algarve7.pt\/index.php\/2021\/01\/balanco-das-missoes-frontex-2020\/nacional\/12\/36\/#primaryimage"},"image":{"@id":"https:\/\/algarve7.pt\/index.php\/2021\/01\/balanco-das-missoes-frontex-2020\/nacional\/12\/36\/#primaryimage"},"thumbnailUrl":"https:\/\/algarve7.pt\/wp-content\/uploads\/2021\/01\/GNR-FRONTEX-2.jpg","datePublished":"2021-01-27T12:36:38+00:00","dateModified":"2021-01-27T12:36:40+00:00","description":"Balan\u00e7o das Miss\u00f5es FRONTEX 2020 Nacional","breadcrumb":{"@id":"https:\/\/algarve7.pt\/index.php\/2021\/01\/balanco-das-missoes-frontex-2020\/nacional\/12\/36\/#breadcrumb"},"inLanguage":"pt-PT","potentialAction":[{"@type":"ReadAction","target":["https:\/\/algarve7.pt\/index.php\/2021\/01\/balanco-das-missoes-frontex-2020\/nacional\/12\/36\/"]}]},{"@type":"ImageObject","inLanguage":"pt-PT","@id":"https:\/\/algarve7.pt\/index.php\/2021\/01\/balanco-das-missoes-frontex-2020\/nacional\/12\/36\/#primaryimage","url":"https:\/\/algarve7.pt\/wp-content\/uploads\/2021\/01\/GNR-FRONTEX-2.jpg","contentUrl":"https:\/\/algarve7.pt\/wp-content\/uploads\/2021\/01\/GNR-FRONTEX-2.jpg","width":1024,"height":683},{"@type":"BreadcrumbList","@id":"https:\/\/algarve7.pt\/index.php\/2021\/01\/balanco-das-missoes-frontex-2020\/nacional\/12\/36\/#breadcrumb","itemListElement":[{"@type":"ListItem","position":1,"name":"In\u00edcio","item":"https:\/\/algarve7.pt\/"},{"@type":"ListItem","position":2,"name":"Balan\u00e7o das Miss\u00f5es FRONTEX 2020"}]},{"@type":"WebSite","@id":"https:\/\/algarve7.pt\/#website","url":"https:\/\/algarve7.pt\/","name":"Algarve 7","description":"Informa\u00e7\u00e3o sobre o Algarve","publisher":{"@id":"https:\/\/algarve7.pt\/#organization"},"potentialAction":[{"@type":"SearchAction","target":{"@type":"EntryPoint","urlTemplate":"https:\/\/algarve7.pt\/?s={search_term_string}"},"query-input":{"@type":"PropertyValueSpecification","valueRequired":true,"valueName":"search_term_string"}}],"inLanguage":"pt-PT"},{"@type":"Organization","@id":"https:\/\/algarve7.pt\/#organization","name":"Algarve 7","url":"https:\/\/algarve7.pt\/","logo":{"@type":"ImageObject","inLanguage":"pt-PT","@id":"https:\/\/algarve7.pt\/#\/schema\/logo\/image\/","url":"https:\/\/algarve7.pt\/wp-content\/uploads\/2020\/10\/Logo-8.jpg","contentUrl":"https:\/\/algarve7.pt\/wp-content\/uploads\/2020\/10\/Logo-8.jpg","width":1680,"height":1186,"caption":"Algarve 7"},"image":{"@id":"https:\/\/algarve7.pt\/#\/schema\/logo\/image\/"},"sameAs":["https:\/\/www.facebook.com\/algarve7","https:\/\/x.com\/Algarvesete","https:\/\/www.instagram.com\/jornalalgarve7\/","https:\/\/www.linkedin.com\/company\/algarve7","https:\/\/www.pinterest.pt\/geral0939\/_created\/"]},{"@type":"Person","@id":"https:\/\/algarve7.pt\/#\/schema\/person\/23fa70681308e7b319a3204bcea45e0c","name":"Algarve 7","sameAs":["https:\/\/algarve7.pt","https:\/\/www.facebook.com\/algarve7"],"url":"https:\/\/algarve7.pt\/index.php\/author\/geralalgarve7-pt\/"}]}},"jetpack_publicize_connections":[],"jetpack_featured_media_url":"https:\/\/algarve7.pt\/wp-content\/uploads\/2021\/01\/GNR-FRONTEX-2.jpg","jetpack_shortlink":"https:\/\/wp.me\/pcezmW-1t8","jetpack_sharing_enabled":true,"_links":{"self":[{"href":"https:\/\/algarve7.pt\/index.php\/wp-json\/wp\/v2\/posts\/5650","targetHints":{"allow":["GET"]}}],"collection":[{"href":"https:\/\/algarve7.pt\/index.php\/wp-json\/wp\/v2\/posts"}],"about":[{"href":"https:\/\/algarve7.pt\/index.php\/wp-json\/wp\/v2\/types\/post"}],"author":[{"embeddable":true,"href":"https:\/\/algarve7.pt\/index.php\/wp-json\/wp\/v2\/users\/1"}],"replies":[{"embeddable":true,"href":"https:\/\/algarve7.pt\/index.php\/wp-json\/wp\/v2\/comments?post=5650"}],"version-history":[{"count":0,"href":"https:\/\/algarve7.pt\/index.php\/wp-json\/wp\/v2\/posts\/5650\/revisions"}],"wp:featuredmedia":[{"embeddable":true,"href":"https:\/\/algarve7.pt\/index.php\/wp-json\/wp\/v2\/media\/5651"}],"wp:attachment":[{"href":"https:\/\/algarve7.pt\/index.php\/wp-json\/wp\/v2\/media?parent=5650"}],"wp:term":[{"taxonomy":"category","embeddable":true,"href":"https:\/\/algarve7.pt\/index.php\/wp-json\/wp\/v2\/categories?post=5650"},{"taxonomy":"post_tag","embeddable":true,"href":"https:\/\/algarve7.pt\/index.php\/wp-json\/wp\/v2\/tags?post=5650"}],"curies":[{"name":"wp","href":"https:\/\/api.w.org\/{rel}","templated":true}]}}