{"id":56494,"date":"2025-11-27T09:10:00","date_gmt":"2025-11-27T09:10:00","guid":{"rendered":"https:\/\/algarve7.pt\/?p=56494"},"modified":"2025-11-26T21:22:49","modified_gmt":"2025-11-26T21:22:49","slug":"centro-ambiental-de-loule-recebe-premio-nacional","status":"publish","type":"post","link":"https:\/\/algarve7.pt\/index.php\/2025\/11\/centro-ambiental-de-loule-recebe-premio-nacional\/ambiente\/09\/10\/","title":{"rendered":"Centro ambiental de Loul\u00e9 recebe pr\u00e9mio nacional"},"content":{"rendered":"\n<p><strong>O \u201cCentro Ambiental \u2013 Polos de Loul\u00e9 e da Pena\u201d, iniciativa do Munic\u00edpio de Loul\u00e9, mereceu uma distin\u00e7\u00e3o ODSlocal 2025, na categoria \u201cBoa Pr\u00e1tica Individual\u201d.<\/strong>&nbsp;O an\u00fancio p\u00fablico desta Men\u00e7\u00e3o Honrosa, atribu\u00edda pela Plataforma ODSlocal, teve lugar durante a Confer\u00eancia \u201cHorizontes de Inova\u00e7\u00e3o: Alcan\u00e7ar os Objetivos\u201d, que se realizou no dia 21 de novembro de 2025, no Pavilh\u00e3o Municipal Jo\u00e3o Francisco Ribeiro Corr\u00eaa, no Cadaval.<\/p>\n\n\n\n<p>Esta&nbsp;<strong>distin\u00e7\u00e3o reconhece o trabalho desenvolvido pelo Munic\u00edpio de Loul\u00e9 no \u00e2mbito da implementa\u00e7\u00e3o e promo\u00e7\u00e3o dos Objetivos de Desenvolvimento Sustent\u00e1vel a n\u00edvel local, atrav\u00e9s do Centro Ambiental e dos seus polos de Loul\u00e9 e da Pena<\/strong>, que t\u00eam sido um exemplo de educa\u00e7\u00e3o, envolvimento comunit\u00e1rio e pr\u00e1ticas sustent\u00e1veis.<\/p>\n\n\n\n<p>A Confer\u00eancia ODSlocal, promovida pela Plataforma ODSlocal, \u00e9 um evento anual que re\u00fane autarcas, representantes da sociedade civil, investigadores e promotores de projetos locais, num momento de partilha de boas pr\u00e1ticas e de celebra\u00e7\u00e3o dos avan\u00e7os alcan\u00e7ados rumo \u00e0 concretiza\u00e7\u00e3o da Agenda 2030 das Na\u00e7\u00f5es Unidas.<\/p>\n\n\n\n<p>Neste momento,&nbsp;<strong>j\u00e1 se encontram mapeadas 174 boas pr\u00e1ticas municipais e 106 projetos locais no concelho de Loul\u00e9, estando tamb\u00e9m dispon\u00edvel a informa\u00e7\u00e3o de 301 indicadores<\/strong>.<\/p>\n\n\n\n<p>Recorde-se que a Plataforma ODSlocal \u00e9 uma parceria entre o Conselho Nacional do Ambiente e do Desenvolvimento Sustent\u00e1vel (CNADS), o OBSERVA (ICS-Universidade de Lisboa), o MARE (Universidade Nova de Lisboa) e a 2adapt, e conta com o apoio da Funda\u00e7\u00e3o \u201cla Caixa\u201d.<\/p>\n\n\n\n<p>A \u201cConfer\u00eancia ODSlocal \u201925 \u2013 Horizontes de Inova\u00e7\u00e3o: Alcan\u00e7ar os Objetivos\u201d pode ser revista&nbsp;<a href=\"https:\/\/www.youtube.com\/watch?v=dfoc-BVMxfE\">nesta liga\u00e7\u00e3o<\/a><a><\/a><a><\/a>.<\/p>\n\n\n\n<p>O Munic\u00edpio de Loul\u00e9 e a Comunidade continua a trabalhar em conjunto para responder \u00e0s necessidades do presente e aos desafios do futuro, com o foco nas pessoas e no territ\u00f3rio.<\/p>\n","protected":false},"excerpt":{"rendered":"<p>O \u201cCentro Ambiental \u2013 Polos de Loul\u00e9 e da Pena\u201d, iniciativa do Munic\u00edpio de Loul\u00e9, mereceu uma distin\u00e7\u00e3o ODSlocal 2025,<\/p>\n","protected":false},"author":1,"featured_media":56495,"comment_status":"closed","ping_status":"closed","sticky":false,"template":"","format":"standard","meta":{"colormag_page_container_layout":"default_layout","colormag_page_sidebar_layout":"default_layout","_monsterinsights_skip_tracking":false,"_monsterinsights_sitenote_active":false,"_monsterinsights_sitenote_note":"","_monsterinsights_sitenote_category":0,"jetpack_post_was_ever_published":false,"_jetpack_newsletter_access":"","_jetpack_dont_email_post_to_subs":false,"_jetpack_newsletter_tier_id":0,"_jetpack_memberships_contains_paywalled_content":false,"_jetpack_memberships_contains_paid_content":false,"footnotes":"","jetpack_publicize_message":"","jetpack_publicize_feature_enabled":true,"jetpack_social_post_already_shared":true,"jetpack_social_options":{"image_generator_settings":{"template":"highway","default_image_id":0,"font":"","enabled":false},"version":2}},"categories":[5],"tags":[36,32,31],"class_list":["post-56494","post","type-post","status-publish","format-standard","has-post-thumbnail","hentry","category-ambiente","tag-algarve","tag-ambiente","tag-loule"],"yoast_head":"<!-- This site is optimized with the Yoast SEO plugin v27.5 - https:\/\/yoast.com\/product\/yoast-seo-wordpress\/ -->\n<title>Centro ambiental de Loul\u00e9 recebe pr\u00e9mio nacional - Algarve 7<\/title>\n<meta name=\"description\" content=\"Centro ambiental de Loul\u00e9 recebe pr\u00e9mio nacional Ambiente\" \/>\n<meta name=\"robots\" content=\"index, follow, max-snippet:-1, max-image-preview:large, max-video-preview:-1\" \/>\n<link rel=\"canonical\" href=\"https:\/\/algarve7.pt\/index.php\/2025\/11\/centro-ambiental-de-loule-recebe-premio-nacional\/ambiente\/09\/10\/\" \/>\n<meta property=\"og:locale\" content=\"pt_PT\" \/>\n<meta property=\"og:type\" content=\"article\" \/>\n<meta property=\"og:title\" content=\"Centro ambiental de Loul\u00e9 recebe pr\u00e9mio nacional - Algarve 7\" \/>\n<meta property=\"og:description\" content=\"Centro ambiental de Loul\u00e9 recebe pr\u00e9mio nacional Ambiente\" \/>\n<meta property=\"og:url\" content=\"https:\/\/algarve7.pt\/index.php\/2025\/11\/centro-ambiental-de-loule-recebe-premio-nacional\/ambiente\/09\/10\/\" \/>\n<meta property=\"og:site_name\" content=\"Algarve 7\" \/>\n<meta property=\"article:publisher\" content=\"https:\/\/www.facebook.com\/algarve7\" \/>\n<meta property=\"article:author\" content=\"https:\/\/www.facebook.com\/algarve7\" \/>\n<meta property=\"article:published_time\" content=\"2025-11-27T09:10:00+00:00\" \/>\n<meta property=\"og:image\" content=\"https:\/\/algarve7.pt\/wp-content\/uploads\/2025\/11\/ODS-Premio-2025-2.jpg\" \/>\n\t<meta property=\"og:image:width\" content=\"800\" \/>\n\t<meta property=\"og:image:height\" content=\"500\" \/>\n\t<meta property=\"og:image:type\" content=\"image\/jpeg\" \/>\n<meta name=\"author\" content=\"Algarve 7\" \/>\n<meta name=\"twitter:card\" content=\"summary_large_image\" \/>\n<meta name=\"twitter:creator\" content=\"@Algarvesete\" \/>\n<meta name=\"twitter:site\" content=\"@Algarvesete\" \/>\n<meta name=\"twitter:label1\" content=\"Escrito por\" \/>\n\t<meta name=\"twitter:data1\" content=\"Algarve 7\" \/>\n\t<meta name=\"twitter:label2\" content=\"Tempo estimado de leitura\" \/>\n\t<meta name=\"twitter:data2\" content=\"2 minutos\" \/>\n<script type=\"application\/ld+json\" class=\"yoast-schema-graph\">{\"@context\":\"https:\\\/\\\/schema.org\",\"@graph\":[{\"@type\":\"Article\",\"@id\":\"https:\\\/\\\/algarve7.pt\\\/index.php\\\/2025\\\/11\\\/centro-ambiental-de-loule-recebe-premio-nacional\\\/ambiente\\\/09\\\/10\\\/#article\",\"isPartOf\":{\"@id\":\"https:\\\/\\\/algarve7.pt\\\/index.php\\\/2025\\\/11\\\/centro-ambiental-de-loule-recebe-premio-nacional\\\/ambiente\\\/09\\\/10\\\/\"},\"author\":{\"name\":\"Algarve 7\",\"@id\":\"https:\\\/\\\/algarve7.pt\\\/#\\\/schema\\\/person\\\/23fa70681308e7b319a3204bcea45e0c\"},\"headline\":\"Centro ambiental de Loul\u00e9 recebe pr\u00e9mio nacional\",\"datePublished\":\"2025-11-27T09:10:00+00:00\",\"mainEntityOfPage\":{\"@id\":\"https:\\\/\\\/algarve7.pt\\\/index.php\\\/2025\\\/11\\\/centro-ambiental-de-loule-recebe-premio-nacional\\\/ambiente\\\/09\\\/10\\\/\"},\"wordCount\":319,\"publisher\":{\"@id\":\"https:\\\/\\\/algarve7.pt\\\/#organization\"},\"image\":{\"@id\":\"https:\\\/\\\/algarve7.pt\\\/index.php\\\/2025\\\/11\\\/centro-ambiental-de-loule-recebe-premio-nacional\\\/ambiente\\\/09\\\/10\\\/#primaryimage\"},\"thumbnailUrl\":\"https:\\\/\\\/algarve7.pt\\\/wp-content\\\/uploads\\\/2025\\\/11\\\/ODS-Premio-2025-2.jpg\",\"keywords\":[\"Algarve\",\"Ambiente\",\"Loul\u00e9\"],\"articleSection\":[\"Ambiente\"],\"inLanguage\":\"pt-PT\"},{\"@type\":\"WebPage\",\"@id\":\"https:\\\/\\\/algarve7.pt\\\/index.php\\\/2025\\\/11\\\/centro-ambiental-de-loule-recebe-premio-nacional\\\/ambiente\\\/09\\\/10\\\/\",\"url\":\"https:\\\/\\\/algarve7.pt\\\/index.php\\\/2025\\\/11\\\/centro-ambiental-de-loule-recebe-premio-nacional\\\/ambiente\\\/09\\\/10\\\/\",\"name\":\"Centro ambiental de Loul\u00e9 recebe pr\u00e9mio nacional - Algarve 7\",\"isPartOf\":{\"@id\":\"https:\\\/\\\/algarve7.pt\\\/#website\"},\"primaryImageOfPage\":{\"@id\":\"https:\\\/\\\/algarve7.pt\\\/index.php\\\/2025\\\/11\\\/centro-ambiental-de-loule-recebe-premio-nacional\\\/ambiente\\\/09\\\/10\\\/#primaryimage\"},\"image\":{\"@id\":\"https:\\\/\\\/algarve7.pt\\\/index.php\\\/2025\\\/11\\\/centro-ambiental-de-loule-recebe-premio-nacional\\\/ambiente\\\/09\\\/10\\\/#primaryimage\"},\"thumbnailUrl\":\"https:\\\/\\\/algarve7.pt\\\/wp-content\\\/uploads\\\/2025\\\/11\\\/ODS-Premio-2025-2.jpg\",\"datePublished\":\"2025-11-27T09:10:00+00:00\",\"description\":\"Centro ambiental de Loul\u00e9 recebe pr\u00e9mio nacional Ambiente\",\"breadcrumb\":{\"@id\":\"https:\\\/\\\/algarve7.pt\\\/index.php\\\/2025\\\/11\\\/centro-ambiental-de-loule-recebe-premio-nacional\\\/ambiente\\\/09\\\/10\\\/#breadcrumb\"},\"inLanguage\":\"pt-PT\",\"potentialAction\":[{\"@type\":\"ReadAction\",\"target\":[\"https:\\\/\\\/algarve7.pt\\\/index.php\\\/2025\\\/11\\\/centro-ambiental-de-loule-recebe-premio-nacional\\\/ambiente\\\/09\\\/10\\\/\"]}]},{\"@type\":\"ImageObject\",\"inLanguage\":\"pt-PT\",\"@id\":\"https:\\\/\\\/algarve7.pt\\\/index.php\\\/2025\\\/11\\\/centro-ambiental-de-loule-recebe-premio-nacional\\\/ambiente\\\/09\\\/10\\\/#primaryimage\",\"url\":\"https:\\\/\\\/algarve7.pt\\\/wp-content\\\/uploads\\\/2025\\\/11\\\/ODS-Premio-2025-2.jpg\",\"contentUrl\":\"https:\\\/\\\/algarve7.pt\\\/wp-content\\\/uploads\\\/2025\\\/11\\\/ODS-Premio-2025-2.jpg\",\"width\":800,\"height\":500},{\"@type\":\"BreadcrumbList\",\"@id\":\"https:\\\/\\\/algarve7.pt\\\/index.php\\\/2025\\\/11\\\/centro-ambiental-de-loule-recebe-premio-nacional\\\/ambiente\\\/09\\\/10\\\/#breadcrumb\",\"itemListElement\":[{\"@type\":\"ListItem\",\"position\":1,\"name\":\"In\u00edcio\",\"item\":\"https:\\\/\\\/algarve7.pt\\\/\"},{\"@type\":\"ListItem\",\"position\":2,\"name\":\"Centro ambiental de Loul\u00e9 recebe pr\u00e9mio nacional\"}]},{\"@type\":\"WebSite\",\"@id\":\"https:\\\/\\\/algarve7.pt\\\/#website\",\"url\":\"https:\\\/\\\/algarve7.pt\\\/\",\"name\":\"Algarve 7\",\"description\":\"Informa\u00e7\u00e3o sobre o Algarve\",\"publisher\":{\"@id\":\"https:\\\/\\\/algarve7.pt\\\/#organization\"},\"potentialAction\":[{\"@type\":\"SearchAction\",\"target\":{\"@type\":\"EntryPoint\",\"urlTemplate\":\"https:\\\/\\\/algarve7.pt\\\/?s={search_term_string}\"},\"query-input\":{\"@type\":\"PropertyValueSpecification\",\"valueRequired\":true,\"valueName\":\"search_term_string\"}}],\"inLanguage\":\"pt-PT\"},{\"@type\":\"Organization\",\"@id\":\"https:\\\/\\\/algarve7.pt\\\/#organization\",\"name\":\"Algarve 7\",\"url\":\"https:\\\/\\\/algarve7.pt\\\/\",\"logo\":{\"@type\":\"ImageObject\",\"inLanguage\":\"pt-PT\",\"@id\":\"https:\\\/\\\/algarve7.pt\\\/#\\\/schema\\\/logo\\\/image\\\/\",\"url\":\"https:\\\/\\\/algarve7.pt\\\/wp-content\\\/uploads\\\/2020\\\/10\\\/Logo-8.jpg\",\"contentUrl\":\"https:\\\/\\\/algarve7.pt\\\/wp-content\\\/uploads\\\/2020\\\/10\\\/Logo-8.jpg\",\"width\":1680,\"height\":1186,\"caption\":\"Algarve 7\"},\"image\":{\"@id\":\"https:\\\/\\\/algarve7.pt\\\/#\\\/schema\\\/logo\\\/image\\\/\"},\"sameAs\":[\"https:\\\/\\\/www.facebook.com\\\/algarve7\",\"https:\\\/\\\/x.com\\\/Algarvesete\",\"https:\\\/\\\/www.instagram.com\\\/jornalalgarve7\\\/\",\"https:\\\/\\\/www.linkedin.com\\\/company\\\/algarve7\",\"https:\\\/\\\/www.pinterest.pt\\\/geral0939\\\/_created\\\/\"]},{\"@type\":\"Person\",\"@id\":\"https:\\\/\\\/algarve7.pt\\\/#\\\/schema\\\/person\\\/23fa70681308e7b319a3204bcea45e0c\",\"name\":\"Algarve 7\",\"sameAs\":[\"https:\\\/\\\/algarve7.pt\",\"https:\\\/\\\/www.facebook.com\\\/algarve7\"],\"url\":\"https:\\\/\\\/algarve7.pt\\\/index.php\\\/author\\\/geralalgarve7-pt\\\/\"}]}<\/script>\n<!-- \/ Yoast SEO plugin. -->","yoast_head_json":{"title":"Centro ambiental de Loul\u00e9 recebe pr\u00e9mio nacional - Algarve 7","description":"Centro ambiental de Loul\u00e9 recebe pr\u00e9mio nacional Ambiente","robots":{"index":"index","follow":"follow","max-snippet":"max-snippet:-1","max-image-preview":"max-image-preview:large","max-video-preview":"max-video-preview:-1"},"canonical":"https:\/\/algarve7.pt\/index.php\/2025\/11\/centro-ambiental-de-loule-recebe-premio-nacional\/ambiente\/09\/10\/","og_locale":"pt_PT","og_type":"article","og_title":"Centro ambiental de Loul\u00e9 recebe pr\u00e9mio nacional - Algarve 7","og_description":"Centro ambiental de Loul\u00e9 recebe pr\u00e9mio nacional Ambiente","og_url":"https:\/\/algarve7.pt\/index.php\/2025\/11\/centro-ambiental-de-loule-recebe-premio-nacional\/ambiente\/09\/10\/","og_site_name":"Algarve 7","article_publisher":"https:\/\/www.facebook.com\/algarve7","article_author":"https:\/\/www.facebook.com\/algarve7","article_published_time":"2025-11-27T09:10:00+00:00","og_image":[{"width":800,"height":500,"url":"https:\/\/algarve7.pt\/wp-content\/uploads\/2025\/11\/ODS-Premio-2025-2.jpg","type":"image\/jpeg"}],"author":"Algarve 7","twitter_card":"summary_large_image","twitter_creator":"@Algarvesete","twitter_site":"@Algarvesete","twitter_misc":{"Escrito por":"Algarve 7","Tempo estimado de leitura":"2 minutos"},"schema":{"@context":"https:\/\/schema.org","@graph":[{"@type":"Article","@id":"https:\/\/algarve7.pt\/index.php\/2025\/11\/centro-ambiental-de-loule-recebe-premio-nacional\/ambiente\/09\/10\/#article","isPartOf":{"@id":"https:\/\/algarve7.pt\/index.php\/2025\/11\/centro-ambiental-de-loule-recebe-premio-nacional\/ambiente\/09\/10\/"},"author":{"name":"Algarve 7","@id":"https:\/\/algarve7.pt\/#\/schema\/person\/23fa70681308e7b319a3204bcea45e0c"},"headline":"Centro ambiental de Loul\u00e9 recebe pr\u00e9mio nacional","datePublished":"2025-11-27T09:10:00+00:00","mainEntityOfPage":{"@id":"https:\/\/algarve7.pt\/index.php\/2025\/11\/centro-ambiental-de-loule-recebe-premio-nacional\/ambiente\/09\/10\/"},"wordCount":319,"publisher":{"@id":"https:\/\/algarve7.pt\/#organization"},"image":{"@id":"https:\/\/algarve7.pt\/index.php\/2025\/11\/centro-ambiental-de-loule-recebe-premio-nacional\/ambiente\/09\/10\/#primaryimage"},"thumbnailUrl":"https:\/\/algarve7.pt\/wp-content\/uploads\/2025\/11\/ODS-Premio-2025-2.jpg","keywords":["Algarve","Ambiente","Loul\u00e9"],"articleSection":["Ambiente"],"inLanguage":"pt-PT"},{"@type":"WebPage","@id":"https:\/\/algarve7.pt\/index.php\/2025\/11\/centro-ambiental-de-loule-recebe-premio-nacional\/ambiente\/09\/10\/","url":"https:\/\/algarve7.pt\/index.php\/2025\/11\/centro-ambiental-de-loule-recebe-premio-nacional\/ambiente\/09\/10\/","name":"Centro ambiental de Loul\u00e9 recebe pr\u00e9mio nacional - Algarve 7","isPartOf":{"@id":"https:\/\/algarve7.pt\/#website"},"primaryImageOfPage":{"@id":"https:\/\/algarve7.pt\/index.php\/2025\/11\/centro-ambiental-de-loule-recebe-premio-nacional\/ambiente\/09\/10\/#primaryimage"},"image":{"@id":"https:\/\/algarve7.pt\/index.php\/2025\/11\/centro-ambiental-de-loule-recebe-premio-nacional\/ambiente\/09\/10\/#primaryimage"},"thumbnailUrl":"https:\/\/algarve7.pt\/wp-content\/uploads\/2025\/11\/ODS-Premio-2025-2.jpg","datePublished":"2025-11-27T09:10:00+00:00","description":"Centro ambiental de Loul\u00e9 recebe pr\u00e9mio nacional Ambiente","breadcrumb":{"@id":"https:\/\/algarve7.pt\/index.php\/2025\/11\/centro-ambiental-de-loule-recebe-premio-nacional\/ambiente\/09\/10\/#breadcrumb"},"inLanguage":"pt-PT","potentialAction":[{"@type":"ReadAction","target":["https:\/\/algarve7.pt\/index.php\/2025\/11\/centro-ambiental-de-loule-recebe-premio-nacional\/ambiente\/09\/10\/"]}]},{"@type":"ImageObject","inLanguage":"pt-PT","@id":"https:\/\/algarve7.pt\/index.php\/2025\/11\/centro-ambiental-de-loule-recebe-premio-nacional\/ambiente\/09\/10\/#primaryimage","url":"https:\/\/algarve7.pt\/wp-content\/uploads\/2025\/11\/ODS-Premio-2025-2.jpg","contentUrl":"https:\/\/algarve7.pt\/wp-content\/uploads\/2025\/11\/ODS-Premio-2025-2.jpg","width":800,"height":500},{"@type":"BreadcrumbList","@id":"https:\/\/algarve7.pt\/index.php\/2025\/11\/centro-ambiental-de-loule-recebe-premio-nacional\/ambiente\/09\/10\/#breadcrumb","itemListElement":[{"@type":"ListItem","position":1,"name":"In\u00edcio","item":"https:\/\/algarve7.pt\/"},{"@type":"ListItem","position":2,"name":"Centro ambiental de Loul\u00e9 recebe pr\u00e9mio nacional"}]},{"@type":"WebSite","@id":"https:\/\/algarve7.pt\/#website","url":"https:\/\/algarve7.pt\/","name":"Algarve 7","description":"Informa\u00e7\u00e3o sobre o Algarve","publisher":{"@id":"https:\/\/algarve7.pt\/#organization"},"potentialAction":[{"@type":"SearchAction","target":{"@type":"EntryPoint","urlTemplate":"https:\/\/algarve7.pt\/?s={search_term_string}"},"query-input":{"@type":"PropertyValueSpecification","valueRequired":true,"valueName":"search_term_string"}}],"inLanguage":"pt-PT"},{"@type":"Organization","@id":"https:\/\/algarve7.pt\/#organization","name":"Algarve 7","url":"https:\/\/algarve7.pt\/","logo":{"@type":"ImageObject","inLanguage":"pt-PT","@id":"https:\/\/algarve7.pt\/#\/schema\/logo\/image\/","url":"https:\/\/algarve7.pt\/wp-content\/uploads\/2020\/10\/Logo-8.jpg","contentUrl":"https:\/\/algarve7.pt\/wp-content\/uploads\/2020\/10\/Logo-8.jpg","width":1680,"height":1186,"caption":"Algarve 7"},"image":{"@id":"https:\/\/algarve7.pt\/#\/schema\/logo\/image\/"},"sameAs":["https:\/\/www.facebook.com\/algarve7","https:\/\/x.com\/Algarvesete","https:\/\/www.instagram.com\/jornalalgarve7\/","https:\/\/www.linkedin.com\/company\/algarve7","https:\/\/www.pinterest.pt\/geral0939\/_created\/"]},{"@type":"Person","@id":"https:\/\/algarve7.pt\/#\/schema\/person\/23fa70681308e7b319a3204bcea45e0c","name":"Algarve 7","sameAs":["https:\/\/algarve7.pt","https:\/\/www.facebook.com\/algarve7"],"url":"https:\/\/algarve7.pt\/index.php\/author\/geralalgarve7-pt\/"}]}},"jetpack_publicize_connections":[],"jetpack_featured_media_url":"https:\/\/algarve7.pt\/wp-content\/uploads\/2025\/11\/ODS-Premio-2025-2.jpg","jetpack_shortlink":"https:\/\/wp.me\/pcezmW-eHc","jetpack_sharing_enabled":true,"_links":{"self":[{"href":"https:\/\/algarve7.pt\/index.php\/wp-json\/wp\/v2\/posts\/56494","targetHints":{"allow":["GET"]}}],"collection":[{"href":"https:\/\/algarve7.pt\/index.php\/wp-json\/wp\/v2\/posts"}],"about":[{"href":"https:\/\/algarve7.pt\/index.php\/wp-json\/wp\/v2\/types\/post"}],"author":[{"embeddable":true,"href":"https:\/\/algarve7.pt\/index.php\/wp-json\/wp\/v2\/users\/1"}],"replies":[{"embeddable":true,"href":"https:\/\/algarve7.pt\/index.php\/wp-json\/wp\/v2\/comments?post=56494"}],"version-history":[{"count":0,"href":"https:\/\/algarve7.pt\/index.php\/wp-json\/wp\/v2\/posts\/56494\/revisions"}],"wp:featuredmedia":[{"embeddable":true,"href":"https:\/\/algarve7.pt\/index.php\/wp-json\/wp\/v2\/media\/56495"}],"wp:attachment":[{"href":"https:\/\/algarve7.pt\/index.php\/wp-json\/wp\/v2\/media?parent=56494"}],"wp:term":[{"taxonomy":"category","embeddable":true,"href":"https:\/\/algarve7.pt\/index.php\/wp-json\/wp\/v2\/categories?post=56494"},{"taxonomy":"post_tag","embeddable":true,"href":"https:\/\/algarve7.pt\/index.php\/wp-json\/wp\/v2\/tags?post=56494"}],"curies":[{"name":"wp","href":"https:\/\/api.w.org\/{rel}","templated":true}]}}