{"id":56327,"date":"2025-11-24T07:05:00","date_gmt":"2025-11-24T07:05:00","guid":{"rendered":"https:\/\/algarve7.pt\/?p=56327"},"modified":"2025-11-21T16:56:37","modified_gmt":"2025-11-21T16:56:37","slug":"nos-dias-29-e-30-de-novembro-ha-mercado-de-natal-na-guia","status":"publish","type":"post","link":"https:\/\/algarve7.pt\/index.php\/2025\/11\/nos-dias-29-e-30-de-novembro-ha-mercado-de-natal-na-guia\/cultura\/07\/05\/","title":{"rendered":"Nos dias 29 e 30 de novembro, h\u00e1 Mercado de Natal na Guia"},"content":{"rendered":"\n<p>Est\u00e1 de regresso o programa \u201cGuia Natal 2025\u201d, que promete ado\u00e7ar e animar a quadra natal\u00edcia da freguesia da Guia, no concelho de Albufeira. A iniciativa inclui Mercado de Natal, Pres\u00e9pio de Rua, muita anima\u00e7\u00e3o e divertimentos, sobretudo para os mais novos, mas tamb\u00e9m prendas exclusivas e iguarias de Natal.<\/p>\n\n\n\n<p>A partir do dia 28 de novembro at\u00e9 6 de janeiro de 2026, regressa o Pres\u00e9pio de Rua. Com cerca de 30 figuras, este pres\u00e9pio \u00e9 uma instala\u00e7\u00e3o art\u00edstica da autoria da escultora Toin Adams que preenche um percurso de mais de 300 metros, estendendo-se entre a Igreja Matriz e a Ermida de Nossa Senhora da Guia, com v\u00e1rias cenas da natividade.<\/p>\n\n\n\n<p>No fim de semana de 29 e 30 de novembro, o centro da Guia volta a ganhar vida com o Mercado de Natal, um dos mais antigos e tradicionais da regi\u00e3o, que oferece uma grande diversidade de experi\u00eancias para todas as idades.&nbsp;<\/p>\n\n\n\n<p>Com in\u00edcio \u00e0s 14h00, o Mercado contar\u00e1 com anima\u00e7\u00e3o itinerante pelas ruas, assim como apresenta\u00e7\u00f5es em palco. A programa\u00e7\u00e3o inclui o Palha\u00e7o Salsinha com o seu Show de Natal, o Espet\u00e1culo da Associa\u00e7\u00e3o LUEL, Ana Sofia Brito com o seu Espet\u00e1culo de Fogo, o Grupo Percutunes e a Fanfarra dos Bombeiros Volunt\u00e1rios de Albufeira. Entre os pontos altos do evento destaca-se a chegada do Pai Natal, prevista para as 15h00 em ambos os dias.<\/p>\n\n\n\n<p>Para prendas personalizadas e \u00fanicas, o Mercado de Natal conta com mais de 50 expositores. A gastronomia, com especialidades da \u00e9poca, ser\u00e1 assegurada pelas associa\u00e7\u00f5es da freguesia.<\/p>\n\n\n\n<p>A entrada para o Mercado de Natal \u00e9 livre, assim como todos os divertimentos disponibilizados.<\/p>\n","protected":false},"excerpt":{"rendered":"<p>Est\u00e1 de regresso o programa \u201cGuia Natal 2025\u201d, que promete ado\u00e7ar e animar a quadra natal\u00edcia da freguesia da Guia,<\/p>\n","protected":false},"author":1,"featured_media":56328,"comment_status":"closed","ping_status":"closed","sticky":false,"template":"","format":"standard","meta":{"colormag_page_container_layout":"default_layout","colormag_page_sidebar_layout":"default_layout","_monsterinsights_skip_tracking":false,"_monsterinsights_sitenote_active":false,"_monsterinsights_sitenote_note":"","_monsterinsights_sitenote_category":0,"jetpack_post_was_ever_published":false,"_jetpack_newsletter_access":"","_jetpack_dont_email_post_to_subs":false,"_jetpack_newsletter_tier_id":0,"_jetpack_memberships_contains_paywalled_content":false,"_jetpack_memberships_contains_paid_content":false,"footnotes":"","jetpack_publicize_message":"","jetpack_publicize_feature_enabled":true,"jetpack_social_post_already_shared":true,"jetpack_social_options":{"image_generator_settings":{"template":"highway","default_image_id":0,"font":"","enabled":false},"version":2}},"categories":[14],"tags":[36,35,957],"class_list":["post-56327","post","type-post","status-publish","format-standard","has-post-thumbnail","hentry","category-cultura","tag-algarve","tag-cultura","tag-guia"],"yoast_head":"<!-- This site is optimized with the Yoast SEO plugin v27.5 - https:\/\/yoast.com\/product\/yoast-seo-wordpress\/ -->\n<title>Nos dias 29 e 30 de novembro, h\u00e1 Mercado de Natal na Guia - Algarve 7<\/title>\n<meta name=\"description\" content=\"Nos dias 29 e 30 de novembro, h\u00e1 Mercado de Natal na Guia Cultura\" \/>\n<meta name=\"robots\" content=\"index, follow, max-snippet:-1, max-image-preview:large, max-video-preview:-1\" \/>\n<link rel=\"canonical\" href=\"https:\/\/algarve7.pt\/index.php\/2025\/11\/nos-dias-29-e-30-de-novembro-ha-mercado-de-natal-na-guia\/cultura\/07\/05\/\" \/>\n<meta property=\"og:locale\" content=\"pt_PT\" \/>\n<meta property=\"og:type\" content=\"article\" \/>\n<meta property=\"og:title\" content=\"Nos dias 29 e 30 de novembro, h\u00e1 Mercado de Natal na Guia - Algarve 7\" \/>\n<meta property=\"og:description\" content=\"Nos dias 29 e 30 de novembro, h\u00e1 Mercado de Natal na Guia Cultura\" \/>\n<meta property=\"og:url\" content=\"https:\/\/algarve7.pt\/index.php\/2025\/11\/nos-dias-29-e-30-de-novembro-ha-mercado-de-natal-na-guia\/cultura\/07\/05\/\" \/>\n<meta property=\"og:site_name\" content=\"Algarve 7\" \/>\n<meta property=\"article:publisher\" content=\"https:\/\/www.facebook.com\/algarve7\" \/>\n<meta property=\"article:author\" content=\"https:\/\/www.facebook.com\/algarve7\" \/>\n<meta property=\"article:published_time\" content=\"2025-11-24T07:05:00+00:00\" \/>\n<meta property=\"og:image\" content=\"https:\/\/algarve7.pt\/wp-content\/uploads\/2025\/11\/Guia-Natal-2025-01.jpg\" \/>\n\t<meta property=\"og:image:width\" content=\"800\" \/>\n\t<meta property=\"og:image:height\" content=\"500\" \/>\n\t<meta property=\"og:image:type\" content=\"image\/jpeg\" \/>\n<meta name=\"author\" content=\"Algarve 7\" \/>\n<meta name=\"twitter:card\" content=\"summary_large_image\" \/>\n<meta name=\"twitter:creator\" content=\"@Algarvesete\" \/>\n<meta name=\"twitter:site\" content=\"@Algarvesete\" \/>\n<meta name=\"twitter:label1\" content=\"Escrito por\" \/>\n\t<meta name=\"twitter:data1\" content=\"Algarve 7\" \/>\n\t<meta name=\"twitter:label2\" content=\"Tempo estimado de leitura\" \/>\n\t<meta name=\"twitter:data2\" content=\"2 minutos\" \/>\n<script type=\"application\/ld+json\" class=\"yoast-schema-graph\">{\"@context\":\"https:\\\/\\\/schema.org\",\"@graph\":[{\"@type\":\"Article\",\"@id\":\"https:\\\/\\\/algarve7.pt\\\/index.php\\\/2025\\\/11\\\/nos-dias-29-e-30-de-novembro-ha-mercado-de-natal-na-guia\\\/cultura\\\/07\\\/05\\\/#article\",\"isPartOf\":{\"@id\":\"https:\\\/\\\/algarve7.pt\\\/index.php\\\/2025\\\/11\\\/nos-dias-29-e-30-de-novembro-ha-mercado-de-natal-na-guia\\\/cultura\\\/07\\\/05\\\/\"},\"author\":{\"name\":\"Algarve 7\",\"@id\":\"https:\\\/\\\/algarve7.pt\\\/#\\\/schema\\\/person\\\/23fa70681308e7b319a3204bcea45e0c\"},\"headline\":\"Nos dias 29 e 30 de novembro, h\u00e1 Mercado de Natal na Guia\",\"datePublished\":\"2025-11-24T07:05:00+00:00\",\"mainEntityOfPage\":{\"@id\":\"https:\\\/\\\/algarve7.pt\\\/index.php\\\/2025\\\/11\\\/nos-dias-29-e-30-de-novembro-ha-mercado-de-natal-na-guia\\\/cultura\\\/07\\\/05\\\/\"},\"wordCount\":293,\"publisher\":{\"@id\":\"https:\\\/\\\/algarve7.pt\\\/#organization\"},\"image\":{\"@id\":\"https:\\\/\\\/algarve7.pt\\\/index.php\\\/2025\\\/11\\\/nos-dias-29-e-30-de-novembro-ha-mercado-de-natal-na-guia\\\/cultura\\\/07\\\/05\\\/#primaryimage\"},\"thumbnailUrl\":\"https:\\\/\\\/algarve7.pt\\\/wp-content\\\/uploads\\\/2025\\\/11\\\/Guia-Natal-2025-01.jpg\",\"keywords\":[\"Algarve\",\"Cultura\",\"Guia\"],\"articleSection\":[\"Cultura\"],\"inLanguage\":\"pt-PT\"},{\"@type\":\"WebPage\",\"@id\":\"https:\\\/\\\/algarve7.pt\\\/index.php\\\/2025\\\/11\\\/nos-dias-29-e-30-de-novembro-ha-mercado-de-natal-na-guia\\\/cultura\\\/07\\\/05\\\/\",\"url\":\"https:\\\/\\\/algarve7.pt\\\/index.php\\\/2025\\\/11\\\/nos-dias-29-e-30-de-novembro-ha-mercado-de-natal-na-guia\\\/cultura\\\/07\\\/05\\\/\",\"name\":\"Nos dias 29 e 30 de novembro, h\u00e1 Mercado de Natal na Guia - Algarve 7\",\"isPartOf\":{\"@id\":\"https:\\\/\\\/algarve7.pt\\\/#website\"},\"primaryImageOfPage\":{\"@id\":\"https:\\\/\\\/algarve7.pt\\\/index.php\\\/2025\\\/11\\\/nos-dias-29-e-30-de-novembro-ha-mercado-de-natal-na-guia\\\/cultura\\\/07\\\/05\\\/#primaryimage\"},\"image\":{\"@id\":\"https:\\\/\\\/algarve7.pt\\\/index.php\\\/2025\\\/11\\\/nos-dias-29-e-30-de-novembro-ha-mercado-de-natal-na-guia\\\/cultura\\\/07\\\/05\\\/#primaryimage\"},\"thumbnailUrl\":\"https:\\\/\\\/algarve7.pt\\\/wp-content\\\/uploads\\\/2025\\\/11\\\/Guia-Natal-2025-01.jpg\",\"datePublished\":\"2025-11-24T07:05:00+00:00\",\"description\":\"Nos dias 29 e 30 de novembro, h\u00e1 Mercado de Natal na Guia Cultura\",\"breadcrumb\":{\"@id\":\"https:\\\/\\\/algarve7.pt\\\/index.php\\\/2025\\\/11\\\/nos-dias-29-e-30-de-novembro-ha-mercado-de-natal-na-guia\\\/cultura\\\/07\\\/05\\\/#breadcrumb\"},\"inLanguage\":\"pt-PT\",\"potentialAction\":[{\"@type\":\"ReadAction\",\"target\":[\"https:\\\/\\\/algarve7.pt\\\/index.php\\\/2025\\\/11\\\/nos-dias-29-e-30-de-novembro-ha-mercado-de-natal-na-guia\\\/cultura\\\/07\\\/05\\\/\"]}]},{\"@type\":\"ImageObject\",\"inLanguage\":\"pt-PT\",\"@id\":\"https:\\\/\\\/algarve7.pt\\\/index.php\\\/2025\\\/11\\\/nos-dias-29-e-30-de-novembro-ha-mercado-de-natal-na-guia\\\/cultura\\\/07\\\/05\\\/#primaryimage\",\"url\":\"https:\\\/\\\/algarve7.pt\\\/wp-content\\\/uploads\\\/2025\\\/11\\\/Guia-Natal-2025-01.jpg\",\"contentUrl\":\"https:\\\/\\\/algarve7.pt\\\/wp-content\\\/uploads\\\/2025\\\/11\\\/Guia-Natal-2025-01.jpg\",\"width\":800,\"height\":500},{\"@type\":\"BreadcrumbList\",\"@id\":\"https:\\\/\\\/algarve7.pt\\\/index.php\\\/2025\\\/11\\\/nos-dias-29-e-30-de-novembro-ha-mercado-de-natal-na-guia\\\/cultura\\\/07\\\/05\\\/#breadcrumb\",\"itemListElement\":[{\"@type\":\"ListItem\",\"position\":1,\"name\":\"In\u00edcio\",\"item\":\"https:\\\/\\\/algarve7.pt\\\/\"},{\"@type\":\"ListItem\",\"position\":2,\"name\":\"Nos dias 29 e 30 de novembro, h\u00e1 Mercado de Natal na Guia\"}]},{\"@type\":\"WebSite\",\"@id\":\"https:\\\/\\\/algarve7.pt\\\/#website\",\"url\":\"https:\\\/\\\/algarve7.pt\\\/\",\"name\":\"Algarve 7\",\"description\":\"Informa\u00e7\u00e3o sobre o Algarve\",\"publisher\":{\"@id\":\"https:\\\/\\\/algarve7.pt\\\/#organization\"},\"potentialAction\":[{\"@type\":\"SearchAction\",\"target\":{\"@type\":\"EntryPoint\",\"urlTemplate\":\"https:\\\/\\\/algarve7.pt\\\/?s={search_term_string}\"},\"query-input\":{\"@type\":\"PropertyValueSpecification\",\"valueRequired\":true,\"valueName\":\"search_term_string\"}}],\"inLanguage\":\"pt-PT\"},{\"@type\":\"Organization\",\"@id\":\"https:\\\/\\\/algarve7.pt\\\/#organization\",\"name\":\"Algarve 7\",\"url\":\"https:\\\/\\\/algarve7.pt\\\/\",\"logo\":{\"@type\":\"ImageObject\",\"inLanguage\":\"pt-PT\",\"@id\":\"https:\\\/\\\/algarve7.pt\\\/#\\\/schema\\\/logo\\\/image\\\/\",\"url\":\"https:\\\/\\\/algarve7.pt\\\/wp-content\\\/uploads\\\/2020\\\/10\\\/Logo-8.jpg\",\"contentUrl\":\"https:\\\/\\\/algarve7.pt\\\/wp-content\\\/uploads\\\/2020\\\/10\\\/Logo-8.jpg\",\"width\":1680,\"height\":1186,\"caption\":\"Algarve 7\"},\"image\":{\"@id\":\"https:\\\/\\\/algarve7.pt\\\/#\\\/schema\\\/logo\\\/image\\\/\"},\"sameAs\":[\"https:\\\/\\\/www.facebook.com\\\/algarve7\",\"https:\\\/\\\/x.com\\\/Algarvesete\",\"https:\\\/\\\/www.instagram.com\\\/jornalalgarve7\\\/\",\"https:\\\/\\\/www.linkedin.com\\\/company\\\/algarve7\",\"https:\\\/\\\/www.pinterest.pt\\\/geral0939\\\/_created\\\/\"]},{\"@type\":\"Person\",\"@id\":\"https:\\\/\\\/algarve7.pt\\\/#\\\/schema\\\/person\\\/23fa70681308e7b319a3204bcea45e0c\",\"name\":\"Algarve 7\",\"sameAs\":[\"https:\\\/\\\/algarve7.pt\",\"https:\\\/\\\/www.facebook.com\\\/algarve7\"],\"url\":\"https:\\\/\\\/algarve7.pt\\\/index.php\\\/author\\\/geralalgarve7-pt\\\/\"}]}<\/script>\n<!-- \/ Yoast SEO plugin. -->","yoast_head_json":{"title":"Nos dias 29 e 30 de novembro, h\u00e1 Mercado de Natal na Guia - Algarve 7","description":"Nos dias 29 e 30 de novembro, h\u00e1 Mercado de Natal na Guia Cultura","robots":{"index":"index","follow":"follow","max-snippet":"max-snippet:-1","max-image-preview":"max-image-preview:large","max-video-preview":"max-video-preview:-1"},"canonical":"https:\/\/algarve7.pt\/index.php\/2025\/11\/nos-dias-29-e-30-de-novembro-ha-mercado-de-natal-na-guia\/cultura\/07\/05\/","og_locale":"pt_PT","og_type":"article","og_title":"Nos dias 29 e 30 de novembro, h\u00e1 Mercado de Natal na Guia - Algarve 7","og_description":"Nos dias 29 e 30 de novembro, h\u00e1 Mercado de Natal na Guia Cultura","og_url":"https:\/\/algarve7.pt\/index.php\/2025\/11\/nos-dias-29-e-30-de-novembro-ha-mercado-de-natal-na-guia\/cultura\/07\/05\/","og_site_name":"Algarve 7","article_publisher":"https:\/\/www.facebook.com\/algarve7","article_author":"https:\/\/www.facebook.com\/algarve7","article_published_time":"2025-11-24T07:05:00+00:00","og_image":[{"width":800,"height":500,"url":"https:\/\/algarve7.pt\/wp-content\/uploads\/2025\/11\/Guia-Natal-2025-01.jpg","type":"image\/jpeg"}],"author":"Algarve 7","twitter_card":"summary_large_image","twitter_creator":"@Algarvesete","twitter_site":"@Algarvesete","twitter_misc":{"Escrito por":"Algarve 7","Tempo estimado de leitura":"2 minutos"},"schema":{"@context":"https:\/\/schema.org","@graph":[{"@type":"Article","@id":"https:\/\/algarve7.pt\/index.php\/2025\/11\/nos-dias-29-e-30-de-novembro-ha-mercado-de-natal-na-guia\/cultura\/07\/05\/#article","isPartOf":{"@id":"https:\/\/algarve7.pt\/index.php\/2025\/11\/nos-dias-29-e-30-de-novembro-ha-mercado-de-natal-na-guia\/cultura\/07\/05\/"},"author":{"name":"Algarve 7","@id":"https:\/\/algarve7.pt\/#\/schema\/person\/23fa70681308e7b319a3204bcea45e0c"},"headline":"Nos dias 29 e 30 de novembro, h\u00e1 Mercado de Natal na Guia","datePublished":"2025-11-24T07:05:00+00:00","mainEntityOfPage":{"@id":"https:\/\/algarve7.pt\/index.php\/2025\/11\/nos-dias-29-e-30-de-novembro-ha-mercado-de-natal-na-guia\/cultura\/07\/05\/"},"wordCount":293,"publisher":{"@id":"https:\/\/algarve7.pt\/#organization"},"image":{"@id":"https:\/\/algarve7.pt\/index.php\/2025\/11\/nos-dias-29-e-30-de-novembro-ha-mercado-de-natal-na-guia\/cultura\/07\/05\/#primaryimage"},"thumbnailUrl":"https:\/\/algarve7.pt\/wp-content\/uploads\/2025\/11\/Guia-Natal-2025-01.jpg","keywords":["Algarve","Cultura","Guia"],"articleSection":["Cultura"],"inLanguage":"pt-PT"},{"@type":"WebPage","@id":"https:\/\/algarve7.pt\/index.php\/2025\/11\/nos-dias-29-e-30-de-novembro-ha-mercado-de-natal-na-guia\/cultura\/07\/05\/","url":"https:\/\/algarve7.pt\/index.php\/2025\/11\/nos-dias-29-e-30-de-novembro-ha-mercado-de-natal-na-guia\/cultura\/07\/05\/","name":"Nos dias 29 e 30 de novembro, h\u00e1 Mercado de Natal na Guia - Algarve 7","isPartOf":{"@id":"https:\/\/algarve7.pt\/#website"},"primaryImageOfPage":{"@id":"https:\/\/algarve7.pt\/index.php\/2025\/11\/nos-dias-29-e-30-de-novembro-ha-mercado-de-natal-na-guia\/cultura\/07\/05\/#primaryimage"},"image":{"@id":"https:\/\/algarve7.pt\/index.php\/2025\/11\/nos-dias-29-e-30-de-novembro-ha-mercado-de-natal-na-guia\/cultura\/07\/05\/#primaryimage"},"thumbnailUrl":"https:\/\/algarve7.pt\/wp-content\/uploads\/2025\/11\/Guia-Natal-2025-01.jpg","datePublished":"2025-11-24T07:05:00+00:00","description":"Nos dias 29 e 30 de novembro, h\u00e1 Mercado de Natal na Guia Cultura","breadcrumb":{"@id":"https:\/\/algarve7.pt\/index.php\/2025\/11\/nos-dias-29-e-30-de-novembro-ha-mercado-de-natal-na-guia\/cultura\/07\/05\/#breadcrumb"},"inLanguage":"pt-PT","potentialAction":[{"@type":"ReadAction","target":["https:\/\/algarve7.pt\/index.php\/2025\/11\/nos-dias-29-e-30-de-novembro-ha-mercado-de-natal-na-guia\/cultura\/07\/05\/"]}]},{"@type":"ImageObject","inLanguage":"pt-PT","@id":"https:\/\/algarve7.pt\/index.php\/2025\/11\/nos-dias-29-e-30-de-novembro-ha-mercado-de-natal-na-guia\/cultura\/07\/05\/#primaryimage","url":"https:\/\/algarve7.pt\/wp-content\/uploads\/2025\/11\/Guia-Natal-2025-01.jpg","contentUrl":"https:\/\/algarve7.pt\/wp-content\/uploads\/2025\/11\/Guia-Natal-2025-01.jpg","width":800,"height":500},{"@type":"BreadcrumbList","@id":"https:\/\/algarve7.pt\/index.php\/2025\/11\/nos-dias-29-e-30-de-novembro-ha-mercado-de-natal-na-guia\/cultura\/07\/05\/#breadcrumb","itemListElement":[{"@type":"ListItem","position":1,"name":"In\u00edcio","item":"https:\/\/algarve7.pt\/"},{"@type":"ListItem","position":2,"name":"Nos dias 29 e 30 de novembro, h\u00e1 Mercado de Natal na Guia"}]},{"@type":"WebSite","@id":"https:\/\/algarve7.pt\/#website","url":"https:\/\/algarve7.pt\/","name":"Algarve 7","description":"Informa\u00e7\u00e3o sobre o Algarve","publisher":{"@id":"https:\/\/algarve7.pt\/#organization"},"potentialAction":[{"@type":"SearchAction","target":{"@type":"EntryPoint","urlTemplate":"https:\/\/algarve7.pt\/?s={search_term_string}"},"query-input":{"@type":"PropertyValueSpecification","valueRequired":true,"valueName":"search_term_string"}}],"inLanguage":"pt-PT"},{"@type":"Organization","@id":"https:\/\/algarve7.pt\/#organization","name":"Algarve 7","url":"https:\/\/algarve7.pt\/","logo":{"@type":"ImageObject","inLanguage":"pt-PT","@id":"https:\/\/algarve7.pt\/#\/schema\/logo\/image\/","url":"https:\/\/algarve7.pt\/wp-content\/uploads\/2020\/10\/Logo-8.jpg","contentUrl":"https:\/\/algarve7.pt\/wp-content\/uploads\/2020\/10\/Logo-8.jpg","width":1680,"height":1186,"caption":"Algarve 7"},"image":{"@id":"https:\/\/algarve7.pt\/#\/schema\/logo\/image\/"},"sameAs":["https:\/\/www.facebook.com\/algarve7","https:\/\/x.com\/Algarvesete","https:\/\/www.instagram.com\/jornalalgarve7\/","https:\/\/www.linkedin.com\/company\/algarve7","https:\/\/www.pinterest.pt\/geral0939\/_created\/"]},{"@type":"Person","@id":"https:\/\/algarve7.pt\/#\/schema\/person\/23fa70681308e7b319a3204bcea45e0c","name":"Algarve 7","sameAs":["https:\/\/algarve7.pt","https:\/\/www.facebook.com\/algarve7"],"url":"https:\/\/algarve7.pt\/index.php\/author\/geralalgarve7-pt\/"}]}},"jetpack_publicize_connections":[],"jetpack_featured_media_url":"https:\/\/algarve7.pt\/wp-content\/uploads\/2025\/11\/Guia-Natal-2025-01.jpg","jetpack_shortlink":"https:\/\/wp.me\/pcezmW-eEv","jetpack_sharing_enabled":true,"_links":{"self":[{"href":"https:\/\/algarve7.pt\/index.php\/wp-json\/wp\/v2\/posts\/56327","targetHints":{"allow":["GET"]}}],"collection":[{"href":"https:\/\/algarve7.pt\/index.php\/wp-json\/wp\/v2\/posts"}],"about":[{"href":"https:\/\/algarve7.pt\/index.php\/wp-json\/wp\/v2\/types\/post"}],"author":[{"embeddable":true,"href":"https:\/\/algarve7.pt\/index.php\/wp-json\/wp\/v2\/users\/1"}],"replies":[{"embeddable":true,"href":"https:\/\/algarve7.pt\/index.php\/wp-json\/wp\/v2\/comments?post=56327"}],"version-history":[{"count":0,"href":"https:\/\/algarve7.pt\/index.php\/wp-json\/wp\/v2\/posts\/56327\/revisions"}],"wp:featuredmedia":[{"embeddable":true,"href":"https:\/\/algarve7.pt\/index.php\/wp-json\/wp\/v2\/media\/56328"}],"wp:attachment":[{"href":"https:\/\/algarve7.pt\/index.php\/wp-json\/wp\/v2\/media?parent=56327"}],"wp:term":[{"taxonomy":"category","embeddable":true,"href":"https:\/\/algarve7.pt\/index.php\/wp-json\/wp\/v2\/categories?post=56327"},{"taxonomy":"post_tag","embeddable":true,"href":"https:\/\/algarve7.pt\/index.php\/wp-json\/wp\/v2\/tags?post=56327"}],"curies":[{"name":"wp","href":"https:\/\/api.w.org\/{rel}","templated":true}]}}