{"id":56218,"date":"2025-11-19T17:38:37","date_gmt":"2025-11-19T17:38:37","guid":{"rendered":"https:\/\/algarve7.pt\/?p=56218"},"modified":"2025-11-19T17:38:41","modified_gmt":"2025-11-19T17:38:41","slug":"ccdr-algarve-avanca-com-levantamento-de-prejuizos-agricolas-da-tempestade-claudia-e-acoes-de-esclarecimento-sobre-incendios-rurais","status":"publish","type":"post","link":"https:\/\/algarve7.pt\/index.php\/2025\/11\/ccdr-algarve-avanca-com-levantamento-de-prejuizos-agricolas-da-tempestade-claudia-e-acoes-de-esclarecimento-sobre-incendios-rurais\/atualidade\/17\/38\/","title":{"rendered":"CCDR Algarve avan\u00e7a com levantamento de preju\u00edzos agr\u00edcolas da tempestade Cl\u00e1udia e a\u00e7\u00f5es de esclarecimento sobre inc\u00eandios rurais"},"content":{"rendered":"\n<p>A Comiss\u00e3o de Coordena\u00e7\u00e3o e Desenvolvimento Regional do Algarve, I.P. (CCDR Algarve), em articula\u00e7\u00e3o com o Minist\u00e9rio da Agricultura e Mar, as autarquias e diversas organiza\u00e7\u00f5es regionais do setor agr\u00edcola, est\u00e1 a avan\u00e7ar com um conjunto de iniciativas de apoio aos produtores afetados por fen\u00f3menos naturais recentes na regi\u00e3o.<\/p>\n\n\n\n<p>Na sequ\u00eancia dos danos provocados pela tempestade Cl\u00e1udia, encontra-se em curso um\u00a0<strong>levantamento dos preju\u00edzos agr\u00edcolas<\/strong>. Os agricultores que tenham registado perdas podem comunicar as ocorr\u00eancias atrav\u00e9s da\u00a0<a href=\"https:\/\/www.drapalgarve.gov.pt\/images\/Ficha_de_ocorrencias_2025.pdf\" target=\"_blank\" rel=\"noreferrer noopener\">ficha de ocorr\u00eancias<\/a>\u00a0disponibilizada nos canais oficiais da CCDR Algarve. Ap\u00f3s preenchimento, o documento pode ser enviado para\u00a0<a href=\"mailto:vicepresidencia-ap@ccdr-alg.pt\" target=\"_blank\" rel=\"noreferrer noopener\">vicepresidencia-ap@ccdr-alg.pt<\/a>\u00a0ou entregue presencialmente no Centro de Experimenta\u00e7\u00e3o Agr\u00e1ria de Tavira, na Divis\u00e3o de Apoio T\u00e9cnico de Proximidade (Porto de Pesca de Portim\u00e3o), no Balc\u00e3o de Atendimento do Patac\u00e3o (Faro) ou no N\u00facleo de Alcoutim. Este levantamento permitir\u00e1 avaliar os impactos e fundamentar a proposta de medidas de apoio adequadas ao setor.<\/p>\n\n\n\n<p>Paralelamente, e na sequ\u00eancia do&nbsp;<strong>Despacho n.\u00ba 13003\/2025<\/strong>, que reconhece como cat\u00e1strofe natural os inc\u00eandios rurais ocorridos entre maio e outubro deste ano, a CCDR Algarve est\u00e1 tamb\u00e9m a organizar sess\u00f5es de esclarecimento dirigidas aos agricultores. As iniciativas ter\u00e3o lugar&nbsp;<strong>a 21 de novembro<\/strong>, em&nbsp;<strong>Aljezur (10h30, Sede do Clube de Instru\u00e7\u00e3o e Recreio Alfambrense)<\/strong>&nbsp;e em<strong>&nbsp;Lagos (15h30, Centro Cultural de Bar\u00e3o de S\u00e3o Jo\u00e3o)<\/strong>, com o objetivo de apresentar os mecanismos de apoio dispon\u00edveis, incluindo os relativos ao restabelecimento do potencial produtivo ao abrigo do PEPAC, e esclarecer d\u00favidas sobre procedimentos e requisitos de acesso.<\/p>\n\n\n\n<p>A CCDR Algarve refor\u00e7a, assim, o seu compromisso de proximidade com o setor agr\u00edcola e de resposta r\u00e1pida \u00e0s necessidades das explora\u00e7\u00f5es afetadas por eventos clim\u00e1ticos e ambientais extremos.<\/p>\n","protected":false},"excerpt":{"rendered":"<p>A Comiss\u00e3o de Coordena\u00e7\u00e3o e Desenvolvimento Regional do Algarve, I.P. (CCDR Algarve), em articula\u00e7\u00e3o com o Minist\u00e9rio da Agricultura e<\/p>\n","protected":false},"author":1,"featured_media":38935,"comment_status":"closed","ping_status":"closed","sticky":false,"template":"","format":"standard","meta":{"colormag_page_container_layout":"default_layout","colormag_page_sidebar_layout":"default_layout","_monsterinsights_skip_tracking":false,"_monsterinsights_sitenote_active":false,"_monsterinsights_sitenote_note":"","_monsterinsights_sitenote_category":0,"jetpack_post_was_ever_published":false,"_jetpack_newsletter_access":"","_jetpack_dont_email_post_to_subs":false,"_jetpack_newsletter_tier_id":0,"_jetpack_memberships_contains_paywalled_content":false,"_jetpack_memberships_contains_paid_content":false,"footnotes":"","jetpack_publicize_message":"","jetpack_publicize_feature_enabled":true,"jetpack_social_post_already_shared":true,"jetpack_social_options":{"image_generator_settings":{"template":"highway","default_image_id":0,"font":"","enabled":false},"version":2}},"categories":[11],"tags":[36,62,143],"class_list":["post-56218","post","type-post","status-publish","format-standard","has-post-thumbnail","hentry","category-atualidade","tag-algarve","tag-atualidade","tag-ccdr-algarve"],"yoast_head":"<!-- This site is optimized with the Yoast SEO plugin v27.5 - https:\/\/yoast.com\/product\/yoast-seo-wordpress\/ -->\n<title>CCDR Algarve avan\u00e7a com levantamento de preju\u00edzos agr\u00edcolas da tempestade Cl\u00e1udia e a\u00e7\u00f5es de esclarecimento sobre inc\u00eandios rurais - Algarve 7<\/title>\n<meta name=\"description\" content=\"CCDR Algarve avan\u00e7a com levantamento de preju\u00edzos agr\u00edcolas da tempestade Cl\u00e1udia e a\u00e7\u00f5es de esclarecimento sobre inc\u00eandios rurais Atualidade\" \/>\n<meta name=\"robots\" content=\"index, follow, max-snippet:-1, max-image-preview:large, max-video-preview:-1\" \/>\n<link rel=\"canonical\" href=\"https:\/\/algarve7.pt\/index.php\/2025\/11\/ccdr-algarve-avanca-com-levantamento-de-prejuizos-agricolas-da-tempestade-claudia-e-acoes-de-esclarecimento-sobre-incendios-rurais\/atualidade\/17\/38\/\" \/>\n<meta property=\"og:locale\" content=\"pt_PT\" \/>\n<meta property=\"og:type\" content=\"article\" \/>\n<meta property=\"og:title\" content=\"CCDR Algarve avan\u00e7a com levantamento de preju\u00edzos agr\u00edcolas da tempestade Cl\u00e1udia e a\u00e7\u00f5es de esclarecimento sobre inc\u00eandios rurais - Algarve 7\" \/>\n<meta property=\"og:description\" content=\"CCDR Algarve avan\u00e7a com levantamento de preju\u00edzos agr\u00edcolas da tempestade Cl\u00e1udia e a\u00e7\u00f5es de esclarecimento sobre inc\u00eandios rurais Atualidade\" \/>\n<meta property=\"og:url\" content=\"https:\/\/algarve7.pt\/index.php\/2025\/11\/ccdr-algarve-avanca-com-levantamento-de-prejuizos-agricolas-da-tempestade-claudia-e-acoes-de-esclarecimento-sobre-incendios-rurais\/atualidade\/17\/38\/\" \/>\n<meta property=\"og:site_name\" content=\"Algarve 7\" \/>\n<meta property=\"article:publisher\" content=\"https:\/\/www.facebook.com\/algarve7\" \/>\n<meta property=\"article:author\" content=\"https:\/\/www.facebook.com\/algarve7\" \/>\n<meta property=\"article:published_time\" content=\"2025-11-19T17:38:37+00:00\" \/>\n<meta property=\"article:modified_time\" content=\"2025-11-19T17:38:41+00:00\" \/>\n<meta property=\"og:image\" content=\"https:\/\/algarve7.pt\/wp-content\/uploads\/2024\/05\/CCDR-09-05-2024-2.jpg\" \/>\n\t<meta property=\"og:image:width\" content=\"800\" \/>\n\t<meta property=\"og:image:height\" content=\"470\" \/>\n\t<meta property=\"og:image:type\" content=\"image\/jpeg\" \/>\n<meta name=\"author\" content=\"Algarve 7\" \/>\n<meta name=\"twitter:card\" content=\"summary_large_image\" \/>\n<meta name=\"twitter:creator\" content=\"@Algarvesete\" \/>\n<meta name=\"twitter:site\" content=\"@Algarvesete\" \/>\n<meta name=\"twitter:label1\" content=\"Escrito por\" \/>\n\t<meta name=\"twitter:data1\" content=\"Algarve 7\" \/>\n\t<meta name=\"twitter:label2\" content=\"Tempo estimado de leitura\" \/>\n\t<meta name=\"twitter:data2\" content=\"2 minutos\" \/>\n<script type=\"application\/ld+json\" class=\"yoast-schema-graph\">{\"@context\":\"https:\\\/\\\/schema.org\",\"@graph\":[{\"@type\":\"Article\",\"@id\":\"https:\\\/\\\/algarve7.pt\\\/index.php\\\/2025\\\/11\\\/ccdr-algarve-avanca-com-levantamento-de-prejuizos-agricolas-da-tempestade-claudia-e-acoes-de-esclarecimento-sobre-incendios-rurais\\\/atualidade\\\/17\\\/38\\\/#article\",\"isPartOf\":{\"@id\":\"https:\\\/\\\/algarve7.pt\\\/index.php\\\/2025\\\/11\\\/ccdr-algarve-avanca-com-levantamento-de-prejuizos-agricolas-da-tempestade-claudia-e-acoes-de-esclarecimento-sobre-incendios-rurais\\\/atualidade\\\/17\\\/38\\\/\"},\"author\":{\"name\":\"Algarve 7\",\"@id\":\"https:\\\/\\\/algarve7.pt\\\/#\\\/schema\\\/person\\\/23fa70681308e7b319a3204bcea45e0c\"},\"headline\":\"CCDR Algarve avan\u00e7a com levantamento de preju\u00edzos agr\u00edcolas da tempestade Cl\u00e1udia e a\u00e7\u00f5es de esclarecimento sobre inc\u00eandios rurais\",\"datePublished\":\"2025-11-19T17:38:37+00:00\",\"dateModified\":\"2025-11-19T17:38:41+00:00\",\"mainEntityOfPage\":{\"@id\":\"https:\\\/\\\/algarve7.pt\\\/index.php\\\/2025\\\/11\\\/ccdr-algarve-avanca-com-levantamento-de-prejuizos-agricolas-da-tempestade-claudia-e-acoes-de-esclarecimento-sobre-incendios-rurais\\\/atualidade\\\/17\\\/38\\\/\"},\"wordCount\":345,\"publisher\":{\"@id\":\"https:\\\/\\\/algarve7.pt\\\/#organization\"},\"image\":{\"@id\":\"https:\\\/\\\/algarve7.pt\\\/index.php\\\/2025\\\/11\\\/ccdr-algarve-avanca-com-levantamento-de-prejuizos-agricolas-da-tempestade-claudia-e-acoes-de-esclarecimento-sobre-incendios-rurais\\\/atualidade\\\/17\\\/38\\\/#primaryimage\"},\"thumbnailUrl\":\"https:\\\/\\\/algarve7.pt\\\/wp-content\\\/uploads\\\/2024\\\/05\\\/CCDR-09-05-2024-2.jpg\",\"keywords\":[\"Algarve\",\"Atualidade\",\"CCDR Algarve\"],\"articleSection\":[\"Atualidade\"],\"inLanguage\":\"pt-PT\"},{\"@type\":\"WebPage\",\"@id\":\"https:\\\/\\\/algarve7.pt\\\/index.php\\\/2025\\\/11\\\/ccdr-algarve-avanca-com-levantamento-de-prejuizos-agricolas-da-tempestade-claudia-e-acoes-de-esclarecimento-sobre-incendios-rurais\\\/atualidade\\\/17\\\/38\\\/\",\"url\":\"https:\\\/\\\/algarve7.pt\\\/index.php\\\/2025\\\/11\\\/ccdr-algarve-avanca-com-levantamento-de-prejuizos-agricolas-da-tempestade-claudia-e-acoes-de-esclarecimento-sobre-incendios-rurais\\\/atualidade\\\/17\\\/38\\\/\",\"name\":\"CCDR Algarve avan\u00e7a com levantamento de preju\u00edzos agr\u00edcolas da tempestade Cl\u00e1udia e a\u00e7\u00f5es de esclarecimento sobre inc\u00eandios rurais - Algarve 7\",\"isPartOf\":{\"@id\":\"https:\\\/\\\/algarve7.pt\\\/#website\"},\"primaryImageOfPage\":{\"@id\":\"https:\\\/\\\/algarve7.pt\\\/index.php\\\/2025\\\/11\\\/ccdr-algarve-avanca-com-levantamento-de-prejuizos-agricolas-da-tempestade-claudia-e-acoes-de-esclarecimento-sobre-incendios-rurais\\\/atualidade\\\/17\\\/38\\\/#primaryimage\"},\"image\":{\"@id\":\"https:\\\/\\\/algarve7.pt\\\/index.php\\\/2025\\\/11\\\/ccdr-algarve-avanca-com-levantamento-de-prejuizos-agricolas-da-tempestade-claudia-e-acoes-de-esclarecimento-sobre-incendios-rurais\\\/atualidade\\\/17\\\/38\\\/#primaryimage\"},\"thumbnailUrl\":\"https:\\\/\\\/algarve7.pt\\\/wp-content\\\/uploads\\\/2024\\\/05\\\/CCDR-09-05-2024-2.jpg\",\"datePublished\":\"2025-11-19T17:38:37+00:00\",\"dateModified\":\"2025-11-19T17:38:41+00:00\",\"description\":\"CCDR Algarve avan\u00e7a com levantamento de preju\u00edzos agr\u00edcolas da tempestade Cl\u00e1udia e a\u00e7\u00f5es de esclarecimento sobre inc\u00eandios rurais Atualidade\",\"breadcrumb\":{\"@id\":\"https:\\\/\\\/algarve7.pt\\\/index.php\\\/2025\\\/11\\\/ccdr-algarve-avanca-com-levantamento-de-prejuizos-agricolas-da-tempestade-claudia-e-acoes-de-esclarecimento-sobre-incendios-rurais\\\/atualidade\\\/17\\\/38\\\/#breadcrumb\"},\"inLanguage\":\"pt-PT\",\"potentialAction\":[{\"@type\":\"ReadAction\",\"target\":[\"https:\\\/\\\/algarve7.pt\\\/index.php\\\/2025\\\/11\\\/ccdr-algarve-avanca-com-levantamento-de-prejuizos-agricolas-da-tempestade-claudia-e-acoes-de-esclarecimento-sobre-incendios-rurais\\\/atualidade\\\/17\\\/38\\\/\"]}]},{\"@type\":\"ImageObject\",\"inLanguage\":\"pt-PT\",\"@id\":\"https:\\\/\\\/algarve7.pt\\\/index.php\\\/2025\\\/11\\\/ccdr-algarve-avanca-com-levantamento-de-prejuizos-agricolas-da-tempestade-claudia-e-acoes-de-esclarecimento-sobre-incendios-rurais\\\/atualidade\\\/17\\\/38\\\/#primaryimage\",\"url\":\"https:\\\/\\\/algarve7.pt\\\/wp-content\\\/uploads\\\/2024\\\/05\\\/CCDR-09-05-2024-2.jpg\",\"contentUrl\":\"https:\\\/\\\/algarve7.pt\\\/wp-content\\\/uploads\\\/2024\\\/05\\\/CCDR-09-05-2024-2.jpg\",\"width\":800,\"height\":470},{\"@type\":\"BreadcrumbList\",\"@id\":\"https:\\\/\\\/algarve7.pt\\\/index.php\\\/2025\\\/11\\\/ccdr-algarve-avanca-com-levantamento-de-prejuizos-agricolas-da-tempestade-claudia-e-acoes-de-esclarecimento-sobre-incendios-rurais\\\/atualidade\\\/17\\\/38\\\/#breadcrumb\",\"itemListElement\":[{\"@type\":\"ListItem\",\"position\":1,\"name\":\"In\u00edcio\",\"item\":\"https:\\\/\\\/algarve7.pt\\\/\"},{\"@type\":\"ListItem\",\"position\":2,\"name\":\"CCDR Algarve avan\u00e7a com levantamento de preju\u00edzos agr\u00edcolas da tempestade Cl\u00e1udia e a\u00e7\u00f5es de esclarecimento sobre inc\u00eandios rurais\"}]},{\"@type\":\"WebSite\",\"@id\":\"https:\\\/\\\/algarve7.pt\\\/#website\",\"url\":\"https:\\\/\\\/algarve7.pt\\\/\",\"name\":\"Algarve 7\",\"description\":\"Informa\u00e7\u00e3o sobre o Algarve\",\"publisher\":{\"@id\":\"https:\\\/\\\/algarve7.pt\\\/#organization\"},\"potentialAction\":[{\"@type\":\"SearchAction\",\"target\":{\"@type\":\"EntryPoint\",\"urlTemplate\":\"https:\\\/\\\/algarve7.pt\\\/?s={search_term_string}\"},\"query-input\":{\"@type\":\"PropertyValueSpecification\",\"valueRequired\":true,\"valueName\":\"search_term_string\"}}],\"inLanguage\":\"pt-PT\"},{\"@type\":\"Organization\",\"@id\":\"https:\\\/\\\/algarve7.pt\\\/#organization\",\"name\":\"Algarve 7\",\"url\":\"https:\\\/\\\/algarve7.pt\\\/\",\"logo\":{\"@type\":\"ImageObject\",\"inLanguage\":\"pt-PT\",\"@id\":\"https:\\\/\\\/algarve7.pt\\\/#\\\/schema\\\/logo\\\/image\\\/\",\"url\":\"https:\\\/\\\/algarve7.pt\\\/wp-content\\\/uploads\\\/2020\\\/10\\\/Logo-8.jpg\",\"contentUrl\":\"https:\\\/\\\/algarve7.pt\\\/wp-content\\\/uploads\\\/2020\\\/10\\\/Logo-8.jpg\",\"width\":1680,\"height\":1186,\"caption\":\"Algarve 7\"},\"image\":{\"@id\":\"https:\\\/\\\/algarve7.pt\\\/#\\\/schema\\\/logo\\\/image\\\/\"},\"sameAs\":[\"https:\\\/\\\/www.facebook.com\\\/algarve7\",\"https:\\\/\\\/x.com\\\/Algarvesete\",\"https:\\\/\\\/www.instagram.com\\\/jornalalgarve7\\\/\",\"https:\\\/\\\/www.linkedin.com\\\/company\\\/algarve7\",\"https:\\\/\\\/www.pinterest.pt\\\/geral0939\\\/_created\\\/\"]},{\"@type\":\"Person\",\"@id\":\"https:\\\/\\\/algarve7.pt\\\/#\\\/schema\\\/person\\\/23fa70681308e7b319a3204bcea45e0c\",\"name\":\"Algarve 7\",\"sameAs\":[\"https:\\\/\\\/algarve7.pt\",\"https:\\\/\\\/www.facebook.com\\\/algarve7\"],\"url\":\"https:\\\/\\\/algarve7.pt\\\/index.php\\\/author\\\/geralalgarve7-pt\\\/\"}]}<\/script>\n<!-- \/ Yoast SEO plugin. -->","yoast_head_json":{"title":"CCDR Algarve avan\u00e7a com levantamento de preju\u00edzos agr\u00edcolas da tempestade Cl\u00e1udia e a\u00e7\u00f5es de esclarecimento sobre inc\u00eandios rurais - Algarve 7","description":"CCDR Algarve avan\u00e7a com levantamento de preju\u00edzos agr\u00edcolas da tempestade Cl\u00e1udia e a\u00e7\u00f5es de esclarecimento sobre inc\u00eandios rurais Atualidade","robots":{"index":"index","follow":"follow","max-snippet":"max-snippet:-1","max-image-preview":"max-image-preview:large","max-video-preview":"max-video-preview:-1"},"canonical":"https:\/\/algarve7.pt\/index.php\/2025\/11\/ccdr-algarve-avanca-com-levantamento-de-prejuizos-agricolas-da-tempestade-claudia-e-acoes-de-esclarecimento-sobre-incendios-rurais\/atualidade\/17\/38\/","og_locale":"pt_PT","og_type":"article","og_title":"CCDR Algarve avan\u00e7a com levantamento de preju\u00edzos agr\u00edcolas da tempestade Cl\u00e1udia e a\u00e7\u00f5es de esclarecimento sobre inc\u00eandios rurais - Algarve 7","og_description":"CCDR Algarve avan\u00e7a com levantamento de preju\u00edzos agr\u00edcolas da tempestade Cl\u00e1udia e a\u00e7\u00f5es de esclarecimento sobre inc\u00eandios rurais Atualidade","og_url":"https:\/\/algarve7.pt\/index.php\/2025\/11\/ccdr-algarve-avanca-com-levantamento-de-prejuizos-agricolas-da-tempestade-claudia-e-acoes-de-esclarecimento-sobre-incendios-rurais\/atualidade\/17\/38\/","og_site_name":"Algarve 7","article_publisher":"https:\/\/www.facebook.com\/algarve7","article_author":"https:\/\/www.facebook.com\/algarve7","article_published_time":"2025-11-19T17:38:37+00:00","article_modified_time":"2025-11-19T17:38:41+00:00","og_image":[{"width":800,"height":470,"url":"https:\/\/algarve7.pt\/wp-content\/uploads\/2024\/05\/CCDR-09-05-2024-2.jpg","type":"image\/jpeg"}],"author":"Algarve 7","twitter_card":"summary_large_image","twitter_creator":"@Algarvesete","twitter_site":"@Algarvesete","twitter_misc":{"Escrito por":"Algarve 7","Tempo estimado de leitura":"2 minutos"},"schema":{"@context":"https:\/\/schema.org","@graph":[{"@type":"Article","@id":"https:\/\/algarve7.pt\/index.php\/2025\/11\/ccdr-algarve-avanca-com-levantamento-de-prejuizos-agricolas-da-tempestade-claudia-e-acoes-de-esclarecimento-sobre-incendios-rurais\/atualidade\/17\/38\/#article","isPartOf":{"@id":"https:\/\/algarve7.pt\/index.php\/2025\/11\/ccdr-algarve-avanca-com-levantamento-de-prejuizos-agricolas-da-tempestade-claudia-e-acoes-de-esclarecimento-sobre-incendios-rurais\/atualidade\/17\/38\/"},"author":{"name":"Algarve 7","@id":"https:\/\/algarve7.pt\/#\/schema\/person\/23fa70681308e7b319a3204bcea45e0c"},"headline":"CCDR Algarve avan\u00e7a com levantamento de preju\u00edzos agr\u00edcolas da tempestade Cl\u00e1udia e a\u00e7\u00f5es de esclarecimento sobre inc\u00eandios rurais","datePublished":"2025-11-19T17:38:37+00:00","dateModified":"2025-11-19T17:38:41+00:00","mainEntityOfPage":{"@id":"https:\/\/algarve7.pt\/index.php\/2025\/11\/ccdr-algarve-avanca-com-levantamento-de-prejuizos-agricolas-da-tempestade-claudia-e-acoes-de-esclarecimento-sobre-incendios-rurais\/atualidade\/17\/38\/"},"wordCount":345,"publisher":{"@id":"https:\/\/algarve7.pt\/#organization"},"image":{"@id":"https:\/\/algarve7.pt\/index.php\/2025\/11\/ccdr-algarve-avanca-com-levantamento-de-prejuizos-agricolas-da-tempestade-claudia-e-acoes-de-esclarecimento-sobre-incendios-rurais\/atualidade\/17\/38\/#primaryimage"},"thumbnailUrl":"https:\/\/algarve7.pt\/wp-content\/uploads\/2024\/05\/CCDR-09-05-2024-2.jpg","keywords":["Algarve","Atualidade","CCDR Algarve"],"articleSection":["Atualidade"],"inLanguage":"pt-PT"},{"@type":"WebPage","@id":"https:\/\/algarve7.pt\/index.php\/2025\/11\/ccdr-algarve-avanca-com-levantamento-de-prejuizos-agricolas-da-tempestade-claudia-e-acoes-de-esclarecimento-sobre-incendios-rurais\/atualidade\/17\/38\/","url":"https:\/\/algarve7.pt\/index.php\/2025\/11\/ccdr-algarve-avanca-com-levantamento-de-prejuizos-agricolas-da-tempestade-claudia-e-acoes-de-esclarecimento-sobre-incendios-rurais\/atualidade\/17\/38\/","name":"CCDR Algarve avan\u00e7a com levantamento de preju\u00edzos agr\u00edcolas da tempestade Cl\u00e1udia e a\u00e7\u00f5es de esclarecimento sobre inc\u00eandios rurais - Algarve 7","isPartOf":{"@id":"https:\/\/algarve7.pt\/#website"},"primaryImageOfPage":{"@id":"https:\/\/algarve7.pt\/index.php\/2025\/11\/ccdr-algarve-avanca-com-levantamento-de-prejuizos-agricolas-da-tempestade-claudia-e-acoes-de-esclarecimento-sobre-incendios-rurais\/atualidade\/17\/38\/#primaryimage"},"image":{"@id":"https:\/\/algarve7.pt\/index.php\/2025\/11\/ccdr-algarve-avanca-com-levantamento-de-prejuizos-agricolas-da-tempestade-claudia-e-acoes-de-esclarecimento-sobre-incendios-rurais\/atualidade\/17\/38\/#primaryimage"},"thumbnailUrl":"https:\/\/algarve7.pt\/wp-content\/uploads\/2024\/05\/CCDR-09-05-2024-2.jpg","datePublished":"2025-11-19T17:38:37+00:00","dateModified":"2025-11-19T17:38:41+00:00","description":"CCDR Algarve avan\u00e7a com levantamento de preju\u00edzos agr\u00edcolas da tempestade Cl\u00e1udia e a\u00e7\u00f5es de esclarecimento sobre inc\u00eandios rurais Atualidade","breadcrumb":{"@id":"https:\/\/algarve7.pt\/index.php\/2025\/11\/ccdr-algarve-avanca-com-levantamento-de-prejuizos-agricolas-da-tempestade-claudia-e-acoes-de-esclarecimento-sobre-incendios-rurais\/atualidade\/17\/38\/#breadcrumb"},"inLanguage":"pt-PT","potentialAction":[{"@type":"ReadAction","target":["https:\/\/algarve7.pt\/index.php\/2025\/11\/ccdr-algarve-avanca-com-levantamento-de-prejuizos-agricolas-da-tempestade-claudia-e-acoes-de-esclarecimento-sobre-incendios-rurais\/atualidade\/17\/38\/"]}]},{"@type":"ImageObject","inLanguage":"pt-PT","@id":"https:\/\/algarve7.pt\/index.php\/2025\/11\/ccdr-algarve-avanca-com-levantamento-de-prejuizos-agricolas-da-tempestade-claudia-e-acoes-de-esclarecimento-sobre-incendios-rurais\/atualidade\/17\/38\/#primaryimage","url":"https:\/\/algarve7.pt\/wp-content\/uploads\/2024\/05\/CCDR-09-05-2024-2.jpg","contentUrl":"https:\/\/algarve7.pt\/wp-content\/uploads\/2024\/05\/CCDR-09-05-2024-2.jpg","width":800,"height":470},{"@type":"BreadcrumbList","@id":"https:\/\/algarve7.pt\/index.php\/2025\/11\/ccdr-algarve-avanca-com-levantamento-de-prejuizos-agricolas-da-tempestade-claudia-e-acoes-de-esclarecimento-sobre-incendios-rurais\/atualidade\/17\/38\/#breadcrumb","itemListElement":[{"@type":"ListItem","position":1,"name":"In\u00edcio","item":"https:\/\/algarve7.pt\/"},{"@type":"ListItem","position":2,"name":"CCDR Algarve avan\u00e7a com levantamento de preju\u00edzos agr\u00edcolas da tempestade Cl\u00e1udia e a\u00e7\u00f5es de esclarecimento sobre inc\u00eandios rurais"}]},{"@type":"WebSite","@id":"https:\/\/algarve7.pt\/#website","url":"https:\/\/algarve7.pt\/","name":"Algarve 7","description":"Informa\u00e7\u00e3o sobre o Algarve","publisher":{"@id":"https:\/\/algarve7.pt\/#organization"},"potentialAction":[{"@type":"SearchAction","target":{"@type":"EntryPoint","urlTemplate":"https:\/\/algarve7.pt\/?s={search_term_string}"},"query-input":{"@type":"PropertyValueSpecification","valueRequired":true,"valueName":"search_term_string"}}],"inLanguage":"pt-PT"},{"@type":"Organization","@id":"https:\/\/algarve7.pt\/#organization","name":"Algarve 7","url":"https:\/\/algarve7.pt\/","logo":{"@type":"ImageObject","inLanguage":"pt-PT","@id":"https:\/\/algarve7.pt\/#\/schema\/logo\/image\/","url":"https:\/\/algarve7.pt\/wp-content\/uploads\/2020\/10\/Logo-8.jpg","contentUrl":"https:\/\/algarve7.pt\/wp-content\/uploads\/2020\/10\/Logo-8.jpg","width":1680,"height":1186,"caption":"Algarve 7"},"image":{"@id":"https:\/\/algarve7.pt\/#\/schema\/logo\/image\/"},"sameAs":["https:\/\/www.facebook.com\/algarve7","https:\/\/x.com\/Algarvesete","https:\/\/www.instagram.com\/jornalalgarve7\/","https:\/\/www.linkedin.com\/company\/algarve7","https:\/\/www.pinterest.pt\/geral0939\/_created\/"]},{"@type":"Person","@id":"https:\/\/algarve7.pt\/#\/schema\/person\/23fa70681308e7b319a3204bcea45e0c","name":"Algarve 7","sameAs":["https:\/\/algarve7.pt","https:\/\/www.facebook.com\/algarve7"],"url":"https:\/\/algarve7.pt\/index.php\/author\/geralalgarve7-pt\/"}]}},"jetpack_publicize_connections":[],"jetpack_featured_media_url":"https:\/\/algarve7.pt\/wp-content\/uploads\/2024\/05\/CCDR-09-05-2024-2.jpg","jetpack_shortlink":"https:\/\/wp.me\/pcezmW-eCK","jetpack_sharing_enabled":true,"_links":{"self":[{"href":"https:\/\/algarve7.pt\/index.php\/wp-json\/wp\/v2\/posts\/56218","targetHints":{"allow":["GET"]}}],"collection":[{"href":"https:\/\/algarve7.pt\/index.php\/wp-json\/wp\/v2\/posts"}],"about":[{"href":"https:\/\/algarve7.pt\/index.php\/wp-json\/wp\/v2\/types\/post"}],"author":[{"embeddable":true,"href":"https:\/\/algarve7.pt\/index.php\/wp-json\/wp\/v2\/users\/1"}],"replies":[{"embeddable":true,"href":"https:\/\/algarve7.pt\/index.php\/wp-json\/wp\/v2\/comments?post=56218"}],"version-history":[{"count":0,"href":"https:\/\/algarve7.pt\/index.php\/wp-json\/wp\/v2\/posts\/56218\/revisions"}],"wp:featuredmedia":[{"embeddable":true,"href":"https:\/\/algarve7.pt\/index.php\/wp-json\/wp\/v2\/media\/38935"}],"wp:attachment":[{"href":"https:\/\/algarve7.pt\/index.php\/wp-json\/wp\/v2\/media?parent=56218"}],"wp:term":[{"taxonomy":"category","embeddable":true,"href":"https:\/\/algarve7.pt\/index.php\/wp-json\/wp\/v2\/categories?post=56218"},{"taxonomy":"post_tag","embeddable":true,"href":"https:\/\/algarve7.pt\/index.php\/wp-json\/wp\/v2\/tags?post=56218"}],"curies":[{"name":"wp","href":"https:\/\/api.w.org\/{rel}","templated":true}]}}