{"id":55880,"date":"2025-11-10T14:42:55","date_gmt":"2025-11-10T14:42:55","guid":{"rendered":"https:\/\/algarve7.pt\/?p=55880"},"modified":"2025-11-10T14:42:59","modified_gmt":"2025-11-10T14:42:59","slug":"especialista-da-uc-desenvolve-guia-ilustrado-das-principais-macroalgas-da-costa-portuguesa","status":"publish","type":"post","link":"https:\/\/algarve7.pt\/index.php\/2025\/11\/especialista-da-uc-desenvolve-guia-ilustrado-das-principais-macroalgas-da-costa-portuguesa\/nacional\/14\/42\/","title":{"rendered":"Especialista da UC desenvolve guia ilustrado das principais macroalgas da costa portuguesa"},"content":{"rendered":"\n<p>Leonel Pereira, docente do Departamento de Ci\u00eancias da Vida (DCV) da Faculdade de Ci\u00eancias e Tecnologia da Universidade de Coimbra (FCTUC) desenvolveu o Guia Ilustrado das Principais Macroalgas da Costa Atl\u00e2ntica Continental Portuguesa.&nbsp;<\/p>\n\n\n\n<p>O guia, que contou com o contributo do professor Ignacio B\u00e1rbara, da Universidade da Corunha, vem colmatar uma lacuna h\u00e1 muito sentida no ensino e investiga\u00e7\u00e3o da biologia marinha em Portugal. Este trabalho nasceu da necessidade de dispor de um recurso acess\u00edvel, atualizado e visualmente apelativo para estudantes e investigadores das \u00e1reas da bot\u00e2nica marinha, biotecnologia e ecologia costeira.<\/p>\n\n\n\n<p>Leonel Pereira, tamb\u00e9m investigador no Centro de Ecologia Funcional (CFE) da FCTUC, explica que o guia foi pensado \u00ab<strong>para apoiar diretamente as disciplinas que leciono, mas tamb\u00e9m para servir como ferramenta \u00fatil a outras universidades portuguesas e estrangeiras<\/strong>\u00bb. Escrito em l\u00edngua inglesa, o livro pretende alcan\u00e7ar um p\u00fablico internacional e refor\u00e7ar a proje\u00e7\u00e3o cient\u00edfica da investiga\u00e7\u00e3o portuguesa nesta \u00e1rea.<\/p>\n\n\n\n<p>A costa portuguesa \u00e9 descrita no guia como uma verdadeira \u201czona de transi\u00e7\u00e3o biogeogr\u00e1fica\u201d, um ponto de encontro entre o Atl\u00e2ntico Norte temperado e o Mediterr\u00e2neo subtropical. Esta posi\u00e7\u00e3o singular permite a coexist\u00eancia de esp\u00e9cies t\u00edpicas de \u00e1guas frias, como a&nbsp;<em>Laminaria ochroleuca<\/em>, com outras de \u00e1guas mais quentes, como a&nbsp;<em>Padina pavonica<\/em>.&nbsp;<\/p>\n\n\n\n<p>\u00ab<strong>Essa diversidade faz do litoral portugu\u00eas um aut\u00eantico laborat\u00f3rio natural para o estudo das altera\u00e7\u00f5es clim\u00e1ticas e da din\u00e2mica dos ecossistemas marinhos, mas tamb\u00e9m o torna particularmente sens\u00edvel \u00e0s mudan\u00e7as ambientais. Pequenas varia\u00e7\u00f5es de temperatura ou salinidade podem alterar profundamente a composi\u00e7\u00e3o das comunidades costeiras<\/strong>\u00bb, considera o autor.<\/p>\n\n\n\n<p>As macroalgas desempenham um papel essencial nestes ecossistemas. S\u00e3o produtoras prim\u00e1rias, respons\u00e1veis por grande parte do oxig\u00e9nio e da mat\u00e9ria org\u00e2nica que sustenta a vida marinha, e criam habitats complexos que servem de abrigo, ref\u00fagio e zona de alimenta\u00e7\u00e3o para uma enorme variedade de esp\u00e9cies, desde pequenos crust\u00e1ceos at\u00e9 peixes juvenis.&nbsp;<\/p>\n\n\n\n<p>\u00ab<strong>Al\u00e9m do seu valor ecol\u00f3gico, t\u00eam um papel qu\u00edmico e f\u00edsico importante: ajudam a regular a qualidade da \u00e1gua, capturam di\u00f3xido de carbono e contribuem para a prote\u00e7\u00e3o das zonas costeiras, reduzindo a energia das ondas e estabilizando os sedimentos. A sua presen\u00e7a ou aus\u00eancia \u00e9 um indicador direto da sa\u00fade ambiental das \u00e1guas portuguesas<\/strong>\u00bb, afirma.<\/p>\n\n\n\n<p>O guia tamb\u00e9m chama a aten\u00e7\u00e3o para esp\u00e9cies de interesse ecol\u00f3gico e econ\u00f3mico, algumas delas cada vez mais raras. Entre as mais relevantes est\u00e3o&nbsp;<em>Gelidium corneum<\/em>, usada na produ\u00e7\u00e3o de agar,&nbsp;<em>Gracilaria gracilis<\/em>, sens\u00edvel \u00e0s varia\u00e7\u00f5es de temperatura e salinidade, e&nbsp;<em>Plocamium cartilagineum<\/em>, que cont\u00e9m compostos com potencial farmacol\u00f3gico. No entanto, as altera\u00e7\u00f5es clim\u00e1ticas est\u00e3o a modificar as fronteiras de distribui\u00e7\u00e3o destas esp\u00e9cies.&nbsp;<\/p>\n\n\n\n<p>De acordo com Leonel Pereira, as macroalgas de \u00e1guas frias recuam para norte, enquanto esp\u00e9cies subtropicais avan\u00e7am e dominam zonas antes temperadas.<strong>&nbsp;<\/strong>\u00ab<strong>Paralelamente, a chegada de esp\u00e9cies invasoras como&nbsp;<em>Rugulopteryx okamurae<\/em>,&nbsp;<em>Asparagopsis armata<\/em>&nbsp;e&nbsp;<em>Sargassum muticum<\/em>&nbsp;representa uma amea\u00e7a crescente \u00e0 biodiversidade marinha e \u00e0s atividades econ\u00f3micas ligadas ao mar<\/strong>\u00bb, alerta.<\/p>\n\n\n\n<p>Para responder a estes desafios, a investiga\u00e7\u00e3o cient\u00edfica tem assumido um papel decisivo. Estudos gen\u00e9ticos e ecol\u00f3gicos permitem identificar esp\u00e9cies amea\u00e7adas e acompanhar a evolu\u00e7\u00e3o das comunidades ao longo do tempo. Al\u00e9m do controlo e monitoriza\u00e7\u00e3o, h\u00e1 tamb\u00e9m um esfor\u00e7o crescente de valoriza\u00e7\u00e3o da biomassa recolhida, atrav\u00e9s do seu aproveitamento para a produ\u00e7\u00e3o de biopl\u00e1sticos, cosm\u00e9ticos e compostos farmac\u00eauticos.<\/p>\n\n\n\n<p>\u00c9 ainda de destacar o papel crescente da ci\u00eancia cidad\u00e3. Com o apoio de plataformas digitais como iNaturalist e BioDiversity4All, qualquer cidad\u00e3o pode participar na identifica\u00e7\u00e3o e registo de macroalgas ao longo da costa, contribuindo para a monitoriza\u00e7\u00e3o de esp\u00e9cies e alertando para eventuais mudan\u00e7as nos ecossistemas. \u00ab<strong>Esta colabora\u00e7\u00e3o entre cientistas e sociedade civil refor\u00e7a a prote\u00e7\u00e3o ambiental e promove uma maior consci\u00eancia ecol\u00f3gica entre as comunidades costeiras<\/strong>\u00bb, conclui.&nbsp;<\/p>\n\n\n\n<p>O\u00a0Guia Ilustrado das Principais Macroalgas da Costa Atl\u00e2ntica Continental Portuguesa est\u00e1 dispon\u00edvel para consulta\u00a0<a href=\"https:\/\/www.mdpi.com\/2673-8392\/5\/4\/176\" target=\"_blank\" rel=\"noreferrer noopener\">aqui<\/a>.\u00a0\u00a0<\/p>\n\n\n\n<p>Fonte: UC<\/p>\n","protected":false},"excerpt":{"rendered":"<p>Leonel Pereira, docente do Departamento de Ci\u00eancias da Vida (DCV) da Faculdade de Ci\u00eancias e Tecnologia da Universidade de Coimbra<\/p>\n","protected":false},"author":1,"featured_media":55881,"comment_status":"closed","ping_status":"closed","sticky":false,"template":"","format":"standard","meta":{"colormag_page_container_layout":"default_layout","colormag_page_sidebar_layout":"default_layout","_monsterinsights_skip_tracking":false,"_monsterinsights_sitenote_active":false,"_monsterinsights_sitenote_note":"","_monsterinsights_sitenote_category":0,"jetpack_post_was_ever_published":false,"_jetpack_newsletter_access":"","_jetpack_dont_email_post_to_subs":false,"_jetpack_newsletter_tier_id":0,"_jetpack_memberships_contains_paywalled_content":false,"_jetpack_memberships_contains_paid_content":false,"footnotes":"","jetpack_publicize_message":"","jetpack_publicize_feature_enabled":true,"jetpack_social_post_already_shared":true,"jetpack_social_options":{"image_generator_settings":{"template":"highway","default_image_id":0,"font":"","enabled":false},"version":2}},"categories":[189],"tags":[98,299],"class_list":["post-55880","post","type-post","status-publish","format-standard","has-post-thumbnail","hentry","category-nacional","tag-nacional","tag-universidade-coimbra"],"yoast_head":"<!-- This site is optimized with the Yoast SEO plugin v27.5 - https:\/\/yoast.com\/product\/yoast-seo-wordpress\/ -->\n<title>Especialista da UC desenvolve guia ilustrado das principais macroalgas da costa portuguesa - Algarve 7<\/title>\n<meta name=\"description\" content=\"Especialista da UC desenvolve guia ilustrado das principais macroalgas da costa portuguesa Nacional\" \/>\n<meta name=\"robots\" content=\"index, follow, max-snippet:-1, max-image-preview:large, max-video-preview:-1\" \/>\n<link rel=\"canonical\" href=\"https:\/\/algarve7.pt\/index.php\/2025\/11\/especialista-da-uc-desenvolve-guia-ilustrado-das-principais-macroalgas-da-costa-portuguesa\/nacional\/14\/42\/\" \/>\n<meta property=\"og:locale\" content=\"pt_PT\" \/>\n<meta property=\"og:type\" content=\"article\" \/>\n<meta property=\"og:title\" content=\"Especialista da UC desenvolve guia ilustrado das principais macroalgas da costa portuguesa - Algarve 7\" \/>\n<meta property=\"og:description\" content=\"Especialista da UC desenvolve guia ilustrado das principais macroalgas da costa portuguesa Nacional\" \/>\n<meta property=\"og:url\" content=\"https:\/\/algarve7.pt\/index.php\/2025\/11\/especialista-da-uc-desenvolve-guia-ilustrado-das-principais-macroalgas-da-costa-portuguesa\/nacional\/14\/42\/\" \/>\n<meta property=\"og:site_name\" content=\"Algarve 7\" \/>\n<meta property=\"article:publisher\" content=\"https:\/\/www.facebook.com\/algarve7\" \/>\n<meta property=\"article:author\" content=\"https:\/\/www.facebook.com\/algarve7\" \/>\n<meta property=\"article:published_time\" content=\"2025-11-10T14:42:55+00:00\" \/>\n<meta property=\"article:modified_time\" content=\"2025-11-10T14:42:59+00:00\" \/>\n<meta property=\"og:image\" content=\"https:\/\/algarve7.pt\/wp-content\/uploads\/2025\/11\/Bifurcaria-bifurcata.jpg\" \/>\n\t<meta property=\"og:image:width\" content=\"800\" \/>\n\t<meta property=\"og:image:height\" content=\"500\" \/>\n\t<meta property=\"og:image:type\" content=\"image\/jpeg\" \/>\n<meta name=\"author\" content=\"Algarve 7\" \/>\n<meta name=\"twitter:card\" content=\"summary_large_image\" \/>\n<meta name=\"twitter:creator\" content=\"@Algarvesete\" \/>\n<meta name=\"twitter:site\" content=\"@Algarvesete\" \/>\n<meta name=\"twitter:label1\" content=\"Escrito por\" \/>\n\t<meta name=\"twitter:data1\" content=\"Algarve 7\" \/>\n\t<meta name=\"twitter:label2\" content=\"Tempo estimado de leitura\" \/>\n\t<meta name=\"twitter:data2\" content=\"4 minutos\" \/>\n<script type=\"application\/ld+json\" class=\"yoast-schema-graph\">{\"@context\":\"https:\\\/\\\/schema.org\",\"@graph\":[{\"@type\":\"Article\",\"@id\":\"https:\\\/\\\/algarve7.pt\\\/index.php\\\/2025\\\/11\\\/especialista-da-uc-desenvolve-guia-ilustrado-das-principais-macroalgas-da-costa-portuguesa\\\/nacional\\\/14\\\/42\\\/#article\",\"isPartOf\":{\"@id\":\"https:\\\/\\\/algarve7.pt\\\/index.php\\\/2025\\\/11\\\/especialista-da-uc-desenvolve-guia-ilustrado-das-principais-macroalgas-da-costa-portuguesa\\\/nacional\\\/14\\\/42\\\/\"},\"author\":{\"name\":\"Algarve 7\",\"@id\":\"https:\\\/\\\/algarve7.pt\\\/#\\\/schema\\\/person\\\/23fa70681308e7b319a3204bcea45e0c\"},\"headline\":\"Especialista da UC desenvolve guia ilustrado das principais macroalgas da costa portuguesa\",\"datePublished\":\"2025-11-10T14:42:55+00:00\",\"dateModified\":\"2025-11-10T14:42:59+00:00\",\"mainEntityOfPage\":{\"@id\":\"https:\\\/\\\/algarve7.pt\\\/index.php\\\/2025\\\/11\\\/especialista-da-uc-desenvolve-guia-ilustrado-das-principais-macroalgas-da-costa-portuguesa\\\/nacional\\\/14\\\/42\\\/\"},\"wordCount\":750,\"publisher\":{\"@id\":\"https:\\\/\\\/algarve7.pt\\\/#organization\"},\"image\":{\"@id\":\"https:\\\/\\\/algarve7.pt\\\/index.php\\\/2025\\\/11\\\/especialista-da-uc-desenvolve-guia-ilustrado-das-principais-macroalgas-da-costa-portuguesa\\\/nacional\\\/14\\\/42\\\/#primaryimage\"},\"thumbnailUrl\":\"https:\\\/\\\/algarve7.pt\\\/wp-content\\\/uploads\\\/2025\\\/11\\\/Bifurcaria-bifurcata.jpg\",\"keywords\":[\"Nacional\",\"Universidade Coimbra\"],\"articleSection\":[\"Nacional\"],\"inLanguage\":\"pt-PT\"},{\"@type\":\"WebPage\",\"@id\":\"https:\\\/\\\/algarve7.pt\\\/index.php\\\/2025\\\/11\\\/especialista-da-uc-desenvolve-guia-ilustrado-das-principais-macroalgas-da-costa-portuguesa\\\/nacional\\\/14\\\/42\\\/\",\"url\":\"https:\\\/\\\/algarve7.pt\\\/index.php\\\/2025\\\/11\\\/especialista-da-uc-desenvolve-guia-ilustrado-das-principais-macroalgas-da-costa-portuguesa\\\/nacional\\\/14\\\/42\\\/\",\"name\":\"Especialista da UC desenvolve guia ilustrado das principais macroalgas da costa portuguesa - Algarve 7\",\"isPartOf\":{\"@id\":\"https:\\\/\\\/algarve7.pt\\\/#website\"},\"primaryImageOfPage\":{\"@id\":\"https:\\\/\\\/algarve7.pt\\\/index.php\\\/2025\\\/11\\\/especialista-da-uc-desenvolve-guia-ilustrado-das-principais-macroalgas-da-costa-portuguesa\\\/nacional\\\/14\\\/42\\\/#primaryimage\"},\"image\":{\"@id\":\"https:\\\/\\\/algarve7.pt\\\/index.php\\\/2025\\\/11\\\/especialista-da-uc-desenvolve-guia-ilustrado-das-principais-macroalgas-da-costa-portuguesa\\\/nacional\\\/14\\\/42\\\/#primaryimage\"},\"thumbnailUrl\":\"https:\\\/\\\/algarve7.pt\\\/wp-content\\\/uploads\\\/2025\\\/11\\\/Bifurcaria-bifurcata.jpg\",\"datePublished\":\"2025-11-10T14:42:55+00:00\",\"dateModified\":\"2025-11-10T14:42:59+00:00\",\"description\":\"Especialista da UC desenvolve guia ilustrado das principais macroalgas da costa portuguesa Nacional\",\"breadcrumb\":{\"@id\":\"https:\\\/\\\/algarve7.pt\\\/index.php\\\/2025\\\/11\\\/especialista-da-uc-desenvolve-guia-ilustrado-das-principais-macroalgas-da-costa-portuguesa\\\/nacional\\\/14\\\/42\\\/#breadcrumb\"},\"inLanguage\":\"pt-PT\",\"potentialAction\":[{\"@type\":\"ReadAction\",\"target\":[\"https:\\\/\\\/algarve7.pt\\\/index.php\\\/2025\\\/11\\\/especialista-da-uc-desenvolve-guia-ilustrado-das-principais-macroalgas-da-costa-portuguesa\\\/nacional\\\/14\\\/42\\\/\"]}]},{\"@type\":\"ImageObject\",\"inLanguage\":\"pt-PT\",\"@id\":\"https:\\\/\\\/algarve7.pt\\\/index.php\\\/2025\\\/11\\\/especialista-da-uc-desenvolve-guia-ilustrado-das-principais-macroalgas-da-costa-portuguesa\\\/nacional\\\/14\\\/42\\\/#primaryimage\",\"url\":\"https:\\\/\\\/algarve7.pt\\\/wp-content\\\/uploads\\\/2025\\\/11\\\/Bifurcaria-bifurcata.jpg\",\"contentUrl\":\"https:\\\/\\\/algarve7.pt\\\/wp-content\\\/uploads\\\/2025\\\/11\\\/Bifurcaria-bifurcata.jpg\",\"width\":800,\"height\":500},{\"@type\":\"BreadcrumbList\",\"@id\":\"https:\\\/\\\/algarve7.pt\\\/index.php\\\/2025\\\/11\\\/especialista-da-uc-desenvolve-guia-ilustrado-das-principais-macroalgas-da-costa-portuguesa\\\/nacional\\\/14\\\/42\\\/#breadcrumb\",\"itemListElement\":[{\"@type\":\"ListItem\",\"position\":1,\"name\":\"In\u00edcio\",\"item\":\"https:\\\/\\\/algarve7.pt\\\/\"},{\"@type\":\"ListItem\",\"position\":2,\"name\":\"Especialista da UC desenvolve guia ilustrado das principais macroalgas da costa portuguesa\"}]},{\"@type\":\"WebSite\",\"@id\":\"https:\\\/\\\/algarve7.pt\\\/#website\",\"url\":\"https:\\\/\\\/algarve7.pt\\\/\",\"name\":\"Algarve 7\",\"description\":\"Informa\u00e7\u00e3o sobre o Algarve\",\"publisher\":{\"@id\":\"https:\\\/\\\/algarve7.pt\\\/#organization\"},\"potentialAction\":[{\"@type\":\"SearchAction\",\"target\":{\"@type\":\"EntryPoint\",\"urlTemplate\":\"https:\\\/\\\/algarve7.pt\\\/?s={search_term_string}\"},\"query-input\":{\"@type\":\"PropertyValueSpecification\",\"valueRequired\":true,\"valueName\":\"search_term_string\"}}],\"inLanguage\":\"pt-PT\"},{\"@type\":\"Organization\",\"@id\":\"https:\\\/\\\/algarve7.pt\\\/#organization\",\"name\":\"Algarve 7\",\"url\":\"https:\\\/\\\/algarve7.pt\\\/\",\"logo\":{\"@type\":\"ImageObject\",\"inLanguage\":\"pt-PT\",\"@id\":\"https:\\\/\\\/algarve7.pt\\\/#\\\/schema\\\/logo\\\/image\\\/\",\"url\":\"https:\\\/\\\/algarve7.pt\\\/wp-content\\\/uploads\\\/2020\\\/10\\\/Logo-8.jpg\",\"contentUrl\":\"https:\\\/\\\/algarve7.pt\\\/wp-content\\\/uploads\\\/2020\\\/10\\\/Logo-8.jpg\",\"width\":1680,\"height\":1186,\"caption\":\"Algarve 7\"},\"image\":{\"@id\":\"https:\\\/\\\/algarve7.pt\\\/#\\\/schema\\\/logo\\\/image\\\/\"},\"sameAs\":[\"https:\\\/\\\/www.facebook.com\\\/algarve7\",\"https:\\\/\\\/x.com\\\/Algarvesete\",\"https:\\\/\\\/www.instagram.com\\\/jornalalgarve7\\\/\",\"https:\\\/\\\/www.linkedin.com\\\/company\\\/algarve7\",\"https:\\\/\\\/www.pinterest.pt\\\/geral0939\\\/_created\\\/\"]},{\"@type\":\"Person\",\"@id\":\"https:\\\/\\\/algarve7.pt\\\/#\\\/schema\\\/person\\\/23fa70681308e7b319a3204bcea45e0c\",\"name\":\"Algarve 7\",\"sameAs\":[\"https:\\\/\\\/algarve7.pt\",\"https:\\\/\\\/www.facebook.com\\\/algarve7\"],\"url\":\"https:\\\/\\\/algarve7.pt\\\/index.php\\\/author\\\/geralalgarve7-pt\\\/\"}]}<\/script>\n<!-- \/ Yoast SEO plugin. -->","yoast_head_json":{"title":"Especialista da UC desenvolve guia ilustrado das principais macroalgas da costa portuguesa - Algarve 7","description":"Especialista da UC desenvolve guia ilustrado das principais macroalgas da costa portuguesa Nacional","robots":{"index":"index","follow":"follow","max-snippet":"max-snippet:-1","max-image-preview":"max-image-preview:large","max-video-preview":"max-video-preview:-1"},"canonical":"https:\/\/algarve7.pt\/index.php\/2025\/11\/especialista-da-uc-desenvolve-guia-ilustrado-das-principais-macroalgas-da-costa-portuguesa\/nacional\/14\/42\/","og_locale":"pt_PT","og_type":"article","og_title":"Especialista da UC desenvolve guia ilustrado das principais macroalgas da costa portuguesa - Algarve 7","og_description":"Especialista da UC desenvolve guia ilustrado das principais macroalgas da costa portuguesa Nacional","og_url":"https:\/\/algarve7.pt\/index.php\/2025\/11\/especialista-da-uc-desenvolve-guia-ilustrado-das-principais-macroalgas-da-costa-portuguesa\/nacional\/14\/42\/","og_site_name":"Algarve 7","article_publisher":"https:\/\/www.facebook.com\/algarve7","article_author":"https:\/\/www.facebook.com\/algarve7","article_published_time":"2025-11-10T14:42:55+00:00","article_modified_time":"2025-11-10T14:42:59+00:00","og_image":[{"width":800,"height":500,"url":"https:\/\/algarve7.pt\/wp-content\/uploads\/2025\/11\/Bifurcaria-bifurcata.jpg","type":"image\/jpeg"}],"author":"Algarve 7","twitter_card":"summary_large_image","twitter_creator":"@Algarvesete","twitter_site":"@Algarvesete","twitter_misc":{"Escrito por":"Algarve 7","Tempo estimado de leitura":"4 minutos"},"schema":{"@context":"https:\/\/schema.org","@graph":[{"@type":"Article","@id":"https:\/\/algarve7.pt\/index.php\/2025\/11\/especialista-da-uc-desenvolve-guia-ilustrado-das-principais-macroalgas-da-costa-portuguesa\/nacional\/14\/42\/#article","isPartOf":{"@id":"https:\/\/algarve7.pt\/index.php\/2025\/11\/especialista-da-uc-desenvolve-guia-ilustrado-das-principais-macroalgas-da-costa-portuguesa\/nacional\/14\/42\/"},"author":{"name":"Algarve 7","@id":"https:\/\/algarve7.pt\/#\/schema\/person\/23fa70681308e7b319a3204bcea45e0c"},"headline":"Especialista da UC desenvolve guia ilustrado das principais macroalgas da costa portuguesa","datePublished":"2025-11-10T14:42:55+00:00","dateModified":"2025-11-10T14:42:59+00:00","mainEntityOfPage":{"@id":"https:\/\/algarve7.pt\/index.php\/2025\/11\/especialista-da-uc-desenvolve-guia-ilustrado-das-principais-macroalgas-da-costa-portuguesa\/nacional\/14\/42\/"},"wordCount":750,"publisher":{"@id":"https:\/\/algarve7.pt\/#organization"},"image":{"@id":"https:\/\/algarve7.pt\/index.php\/2025\/11\/especialista-da-uc-desenvolve-guia-ilustrado-das-principais-macroalgas-da-costa-portuguesa\/nacional\/14\/42\/#primaryimage"},"thumbnailUrl":"https:\/\/algarve7.pt\/wp-content\/uploads\/2025\/11\/Bifurcaria-bifurcata.jpg","keywords":["Nacional","Universidade Coimbra"],"articleSection":["Nacional"],"inLanguage":"pt-PT"},{"@type":"WebPage","@id":"https:\/\/algarve7.pt\/index.php\/2025\/11\/especialista-da-uc-desenvolve-guia-ilustrado-das-principais-macroalgas-da-costa-portuguesa\/nacional\/14\/42\/","url":"https:\/\/algarve7.pt\/index.php\/2025\/11\/especialista-da-uc-desenvolve-guia-ilustrado-das-principais-macroalgas-da-costa-portuguesa\/nacional\/14\/42\/","name":"Especialista da UC desenvolve guia ilustrado das principais macroalgas da costa portuguesa - Algarve 7","isPartOf":{"@id":"https:\/\/algarve7.pt\/#website"},"primaryImageOfPage":{"@id":"https:\/\/algarve7.pt\/index.php\/2025\/11\/especialista-da-uc-desenvolve-guia-ilustrado-das-principais-macroalgas-da-costa-portuguesa\/nacional\/14\/42\/#primaryimage"},"image":{"@id":"https:\/\/algarve7.pt\/index.php\/2025\/11\/especialista-da-uc-desenvolve-guia-ilustrado-das-principais-macroalgas-da-costa-portuguesa\/nacional\/14\/42\/#primaryimage"},"thumbnailUrl":"https:\/\/algarve7.pt\/wp-content\/uploads\/2025\/11\/Bifurcaria-bifurcata.jpg","datePublished":"2025-11-10T14:42:55+00:00","dateModified":"2025-11-10T14:42:59+00:00","description":"Especialista da UC desenvolve guia ilustrado das principais macroalgas da costa portuguesa Nacional","breadcrumb":{"@id":"https:\/\/algarve7.pt\/index.php\/2025\/11\/especialista-da-uc-desenvolve-guia-ilustrado-das-principais-macroalgas-da-costa-portuguesa\/nacional\/14\/42\/#breadcrumb"},"inLanguage":"pt-PT","potentialAction":[{"@type":"ReadAction","target":["https:\/\/algarve7.pt\/index.php\/2025\/11\/especialista-da-uc-desenvolve-guia-ilustrado-das-principais-macroalgas-da-costa-portuguesa\/nacional\/14\/42\/"]}]},{"@type":"ImageObject","inLanguage":"pt-PT","@id":"https:\/\/algarve7.pt\/index.php\/2025\/11\/especialista-da-uc-desenvolve-guia-ilustrado-das-principais-macroalgas-da-costa-portuguesa\/nacional\/14\/42\/#primaryimage","url":"https:\/\/algarve7.pt\/wp-content\/uploads\/2025\/11\/Bifurcaria-bifurcata.jpg","contentUrl":"https:\/\/algarve7.pt\/wp-content\/uploads\/2025\/11\/Bifurcaria-bifurcata.jpg","width":800,"height":500},{"@type":"BreadcrumbList","@id":"https:\/\/algarve7.pt\/index.php\/2025\/11\/especialista-da-uc-desenvolve-guia-ilustrado-das-principais-macroalgas-da-costa-portuguesa\/nacional\/14\/42\/#breadcrumb","itemListElement":[{"@type":"ListItem","position":1,"name":"In\u00edcio","item":"https:\/\/algarve7.pt\/"},{"@type":"ListItem","position":2,"name":"Especialista da UC desenvolve guia ilustrado das principais macroalgas da costa portuguesa"}]},{"@type":"WebSite","@id":"https:\/\/algarve7.pt\/#website","url":"https:\/\/algarve7.pt\/","name":"Algarve 7","description":"Informa\u00e7\u00e3o sobre o Algarve","publisher":{"@id":"https:\/\/algarve7.pt\/#organization"},"potentialAction":[{"@type":"SearchAction","target":{"@type":"EntryPoint","urlTemplate":"https:\/\/algarve7.pt\/?s={search_term_string}"},"query-input":{"@type":"PropertyValueSpecification","valueRequired":true,"valueName":"search_term_string"}}],"inLanguage":"pt-PT"},{"@type":"Organization","@id":"https:\/\/algarve7.pt\/#organization","name":"Algarve 7","url":"https:\/\/algarve7.pt\/","logo":{"@type":"ImageObject","inLanguage":"pt-PT","@id":"https:\/\/algarve7.pt\/#\/schema\/logo\/image\/","url":"https:\/\/algarve7.pt\/wp-content\/uploads\/2020\/10\/Logo-8.jpg","contentUrl":"https:\/\/algarve7.pt\/wp-content\/uploads\/2020\/10\/Logo-8.jpg","width":1680,"height":1186,"caption":"Algarve 7"},"image":{"@id":"https:\/\/algarve7.pt\/#\/schema\/logo\/image\/"},"sameAs":["https:\/\/www.facebook.com\/algarve7","https:\/\/x.com\/Algarvesete","https:\/\/www.instagram.com\/jornalalgarve7\/","https:\/\/www.linkedin.com\/company\/algarve7","https:\/\/www.pinterest.pt\/geral0939\/_created\/"]},{"@type":"Person","@id":"https:\/\/algarve7.pt\/#\/schema\/person\/23fa70681308e7b319a3204bcea45e0c","name":"Algarve 7","sameAs":["https:\/\/algarve7.pt","https:\/\/www.facebook.com\/algarve7"],"url":"https:\/\/algarve7.pt\/index.php\/author\/geralalgarve7-pt\/"}]}},"jetpack_publicize_connections":[],"jetpack_featured_media_url":"https:\/\/algarve7.pt\/wp-content\/uploads\/2025\/11\/Bifurcaria-bifurcata.jpg","jetpack_shortlink":"https:\/\/wp.me\/pcezmW-exi","jetpack_sharing_enabled":true,"_links":{"self":[{"href":"https:\/\/algarve7.pt\/index.php\/wp-json\/wp\/v2\/posts\/55880","targetHints":{"allow":["GET"]}}],"collection":[{"href":"https:\/\/algarve7.pt\/index.php\/wp-json\/wp\/v2\/posts"}],"about":[{"href":"https:\/\/algarve7.pt\/index.php\/wp-json\/wp\/v2\/types\/post"}],"author":[{"embeddable":true,"href":"https:\/\/algarve7.pt\/index.php\/wp-json\/wp\/v2\/users\/1"}],"replies":[{"embeddable":true,"href":"https:\/\/algarve7.pt\/index.php\/wp-json\/wp\/v2\/comments?post=55880"}],"version-history":[{"count":0,"href":"https:\/\/algarve7.pt\/index.php\/wp-json\/wp\/v2\/posts\/55880\/revisions"}],"wp:featuredmedia":[{"embeddable":true,"href":"https:\/\/algarve7.pt\/index.php\/wp-json\/wp\/v2\/media\/55881"}],"wp:attachment":[{"href":"https:\/\/algarve7.pt\/index.php\/wp-json\/wp\/v2\/media?parent=55880"}],"wp:term":[{"taxonomy":"category","embeddable":true,"href":"https:\/\/algarve7.pt\/index.php\/wp-json\/wp\/v2\/categories?post=55880"},{"taxonomy":"post_tag","embeddable":true,"href":"https:\/\/algarve7.pt\/index.php\/wp-json\/wp\/v2\/tags?post=55880"}],"curies":[{"name":"wp","href":"https:\/\/api.w.org\/{rel}","templated":true}]}}