{"id":5585,"date":"2021-01-25T16:39:35","date_gmt":"2021-01-25T16:39:35","guid":{"rendered":"https:\/\/algarve7.pt\/?p=5585"},"modified":"2021-01-25T16:39:41","modified_gmt":"2021-01-25T16:39:41","slug":"lagos-adere-ao-movimento-unidos-contra-o-desperdicio","status":"publish","type":"post","link":"https:\/\/algarve7.pt\/index.php\/2021\/01\/lagos-adere-ao-movimento-unidos-contra-o-desperdicio\/ambiente\/16\/39\/","title":{"rendered":"Lagos adere ao movimento \u201cUnidos Contra o Desperd\u00edcio\u201d"},"content":{"rendered":"\n<p>A autarquia lacobrigense aprovou, na sua \u00faltima reuni\u00e3o ordin\u00e1ria, a ades\u00e3o do munic\u00edpio ao \u201cUnidos Contra o Desperd\u00edcio\u201d, um movimento c\u00edvico que pretende chamar a aten\u00e7\u00e3o para o desperd\u00edcio alimentar e encontrar formas de o minorar, tornando habitual o aproveitamento de excedentes alimentares, alertando para perdas e desperd\u00edcios, incentivando a doa\u00e7\u00e3o de sobras, promovendo o consumo respons\u00e1vel e construindo uma verdadeira Economia Circular.<\/p>\n\n\n\n<p>O Movimento classifica de irracional, do ponto de vista econ\u00f3mico, e injusto, do ponto de vista social e ambiental, o facto de, atualmente, 30% dos alimentos produzidos acabarem no lixo. \u201cAcabar com essa realidade passa por consciencializar e mudar atitudes, ao longo de toda a cadeia, impactando os que produzem, os que fabricam, os que transformam, os que embalam, os que transportam, os que consomem e os que descartam os res\u00edduos.\u201d<\/p>\n\n\n\n<p>Esta iniciativa da sociedade civil, que nasceu a 29 de setembro de 2020 &#8211; Dia Mundial de Consciencializa\u00e7\u00e3o para as Perdas e o Desperd\u00edcio Alimentar, institu\u00eddo pelas Na\u00e7\u00f5es Unidas, tem o Alto Patroc\u00ednio da Presid\u00eancia da Rep\u00fablica, congregando um n\u00famero j\u00e1 consider\u00e1vel de entidades p\u00fablicas e privadas, que se assumiram, desde a primeira hora, como \u201cParceiros Fundadores\u201d ou t\u00eam vindo a associar-se como \u201cParceiros Operacionais\u201d, \u201cParceiros Comunicadores\u201d e \u201cParceiros Aderentes\u201d, grupo onde se enquadra a Dire\u00e7\u00e3o-Geral das Autarquias Locais e que passa a contar agora, tamb\u00e9m, com a participa\u00e7\u00e3o do munic\u00edpio de Lagos.&nbsp;<\/p>\n\n\n\n<p>O compromisso assumido, passa, para al\u00e9m da subscri\u00e7\u00e3o do manifesto, pelo desenvolvimento de medidas concretas, como sejam, a difus\u00e3o de informa\u00e7\u00e3o, a adequa\u00e7\u00e3o de procedimentos e a partilha de boas pr\u00e1ticas. Neste \u00e2mbito a C\u00e2mara de Lagos salienta a a\u00e7\u00e3o de sensibiliza\u00e7\u00e3o promovida atrav\u00e9s das redes sociais no passado dia 16 de outubro, por ocasi\u00e3o do Dia Mundial da Alimenta\u00e7\u00e3o, assim como as op\u00e7\u00f5es tomadas no \u00faltimo concurso para o fornecimento de refei\u00e7\u00f5es escolares, em que foi introduzida a op\u00e7\u00e3o vegetariana e revista a composi\u00e7\u00e3o dos lanches escolares. Outra das a\u00e7\u00f5es a assinalar foi a revis\u00e3o da composi\u00e7\u00e3o do cabaz alimentar que \u00e9 atribu\u00eddo pela autarquia a agregados familiares benefici\u00e1rios de apoio social. Planeada est\u00e1 j\u00e1, igualmente, a produ\u00e7\u00e3o e distribui\u00e7\u00e3o de um manual, contendo um conjunto de dicas e sugest\u00f5es para ajudar a melhorar os h\u00e1bitos alimentares dos mun\u00edcipes, o qual pretende promover uma alimenta\u00e7\u00e3o saud\u00e1vel, mas simultaneamente saborosa e econ\u00f3mica. A comunica\u00e7\u00e3o atrav\u00e9s das redes sociais ser\u00e1 outra das vertentes a manter neste trabalho de sensibiliza\u00e7\u00e3o para a redu\u00e7\u00e3o do desperd\u00edcio alimentar.<\/p>\n\n\n\n<p>Saiba mais sobre o movimento \u201cUnidos Contra o Desperd\u00edcio\u201d\u00a0<a href=\"https:\/\/unidoscontraodesperdicio.pt\/\" target=\"_blank\" rel=\"noreferrer noopener\">aqui<\/a>.<\/p>\n","protected":false},"excerpt":{"rendered":"<p>A autarquia lacobrigense aprovou, na sua \u00faltima reuni\u00e3o ordin\u00e1ria, a ades\u00e3o do munic\u00edpio ao \u201cUnidos Contra o Desperd\u00edcio\u201d, um movimento<\/p>\n","protected":false},"author":1,"featured_media":5586,"comment_status":"closed","ping_status":"open","sticky":false,"template":"","format":"standard","meta":{"colormag_page_container_layout":"default_layout","colormag_page_sidebar_layout":"default_layout","_monsterinsights_skip_tracking":false,"_monsterinsights_sitenote_active":false,"_monsterinsights_sitenote_note":"","_monsterinsights_sitenote_category":0,"jetpack_post_was_ever_published":false,"_jetpack_newsletter_access":"","_jetpack_dont_email_post_to_subs":false,"_jetpack_newsletter_tier_id":0,"_jetpack_memberships_contains_paywalled_content":false,"_jetpack_memberships_contains_paid_content":false,"footnotes":"","jetpack_publicize_message":"","jetpack_publicize_feature_enabled":true,"jetpack_social_post_already_shared":true,"jetpack_social_options":{"image_generator_settings":{"template":"highway","default_image_id":0,"font":"","enabled":false},"version":2}},"categories":[5],"tags":[36,32,68],"class_list":["post-5585","post","type-post","status-publish","format-standard","has-post-thumbnail","hentry","category-ambiente","tag-algarve","tag-ambiente","tag-lagos"],"yoast_head":"<!-- This site is optimized with the Yoast SEO plugin v27.5 - https:\/\/yoast.com\/product\/yoast-seo-wordpress\/ -->\n<title>Lagos adere ao movimento \u201cUnidos Contra o Desperd\u00edcio\u201d - Algarve 7<\/title>\n<meta name=\"description\" content=\"Lagos adere ao movimento \u201cUnidos Contra o Desperd\u00edcio\u201d Ambiente\" \/>\n<meta name=\"robots\" content=\"index, follow, max-snippet:-1, max-image-preview:large, max-video-preview:-1\" \/>\n<link rel=\"canonical\" href=\"https:\/\/algarve7.pt\/index.php\/2021\/01\/lagos-adere-ao-movimento-unidos-contra-o-desperdicio\/ambiente\/16\/39\/\" \/>\n<meta property=\"og:locale\" content=\"pt_PT\" \/>\n<meta property=\"og:type\" content=\"article\" \/>\n<meta property=\"og:title\" content=\"Lagos adere ao movimento \u201cUnidos Contra o Desperd\u00edcio\u201d - Algarve 7\" \/>\n<meta property=\"og:description\" content=\"Lagos adere ao movimento \u201cUnidos Contra o Desperd\u00edcio\u201d Ambiente\" \/>\n<meta property=\"og:url\" content=\"https:\/\/algarve7.pt\/index.php\/2021\/01\/lagos-adere-ao-movimento-unidos-contra-o-desperdicio\/ambiente\/16\/39\/\" \/>\n<meta property=\"og:site_name\" content=\"Algarve 7\" \/>\n<meta property=\"article:publisher\" content=\"https:\/\/www.facebook.com\/algarve7\" \/>\n<meta property=\"article:author\" content=\"https:\/\/www.facebook.com\/algarve7\" \/>\n<meta property=\"article:published_time\" content=\"2021-01-25T16:39:35+00:00\" \/>\n<meta property=\"article:modified_time\" content=\"2021-01-25T16:39:41+00:00\" \/>\n<meta property=\"og:image\" content=\"https:\/\/algarve7.pt\/wp-content\/uploads\/2021\/01\/Unidos-contra-o-Dsprdcio.png\" \/>\n\t<meta property=\"og:image:width\" content=\"1141\" \/>\n\t<meta property=\"og:image:height\" content=\"543\" \/>\n\t<meta property=\"og:image:type\" content=\"image\/png\" \/>\n<meta name=\"author\" content=\"Algarve 7\" \/>\n<meta name=\"twitter:card\" content=\"summary_large_image\" \/>\n<meta name=\"twitter:creator\" content=\"@Algarvesete\" \/>\n<meta name=\"twitter:site\" content=\"@Algarvesete\" \/>\n<meta name=\"twitter:label1\" content=\"Escrito por\" \/>\n\t<meta name=\"twitter:data1\" content=\"Algarve 7\" \/>\n\t<meta name=\"twitter:label2\" content=\"Tempo estimado de leitura\" \/>\n\t<meta name=\"twitter:data2\" content=\"2 minutos\" \/>\n<script type=\"application\/ld+json\" class=\"yoast-schema-graph\">{\"@context\":\"https:\\\/\\\/schema.org\",\"@graph\":[{\"@type\":\"Article\",\"@id\":\"https:\\\/\\\/algarve7.pt\\\/index.php\\\/2021\\\/01\\\/lagos-adere-ao-movimento-unidos-contra-o-desperdicio\\\/ambiente\\\/16\\\/39\\\/#article\",\"isPartOf\":{\"@id\":\"https:\\\/\\\/algarve7.pt\\\/index.php\\\/2021\\\/01\\\/lagos-adere-ao-movimento-unidos-contra-o-desperdicio\\\/ambiente\\\/16\\\/39\\\/\"},\"author\":{\"name\":\"Algarve 7\",\"@id\":\"https:\\\/\\\/algarve7.pt\\\/#\\\/schema\\\/person\\\/23fa70681308e7b319a3204bcea45e0c\"},\"headline\":\"Lagos adere ao movimento \u201cUnidos Contra o Desperd\u00edcio\u201d\",\"datePublished\":\"2021-01-25T16:39:35+00:00\",\"dateModified\":\"2021-01-25T16:39:41+00:00\",\"mainEntityOfPage\":{\"@id\":\"https:\\\/\\\/algarve7.pt\\\/index.php\\\/2021\\\/01\\\/lagos-adere-ao-movimento-unidos-contra-o-desperdicio\\\/ambiente\\\/16\\\/39\\\/\"},\"wordCount\":479,\"publisher\":{\"@id\":\"https:\\\/\\\/algarve7.pt\\\/#organization\"},\"image\":{\"@id\":\"https:\\\/\\\/algarve7.pt\\\/index.php\\\/2021\\\/01\\\/lagos-adere-ao-movimento-unidos-contra-o-desperdicio\\\/ambiente\\\/16\\\/39\\\/#primaryimage\"},\"thumbnailUrl\":\"https:\\\/\\\/algarve7.pt\\\/wp-content\\\/uploads\\\/2021\\\/01\\\/Unidos-contra-o-Dsprdcio.png\",\"keywords\":[\"Algarve\",\"Ambiente\",\"Lagos\"],\"articleSection\":[\"Ambiente\"],\"inLanguage\":\"pt-PT\"},{\"@type\":\"WebPage\",\"@id\":\"https:\\\/\\\/algarve7.pt\\\/index.php\\\/2021\\\/01\\\/lagos-adere-ao-movimento-unidos-contra-o-desperdicio\\\/ambiente\\\/16\\\/39\\\/\",\"url\":\"https:\\\/\\\/algarve7.pt\\\/index.php\\\/2021\\\/01\\\/lagos-adere-ao-movimento-unidos-contra-o-desperdicio\\\/ambiente\\\/16\\\/39\\\/\",\"name\":\"Lagos adere ao movimento \u201cUnidos Contra o Desperd\u00edcio\u201d - Algarve 7\",\"isPartOf\":{\"@id\":\"https:\\\/\\\/algarve7.pt\\\/#website\"},\"primaryImageOfPage\":{\"@id\":\"https:\\\/\\\/algarve7.pt\\\/index.php\\\/2021\\\/01\\\/lagos-adere-ao-movimento-unidos-contra-o-desperdicio\\\/ambiente\\\/16\\\/39\\\/#primaryimage\"},\"image\":{\"@id\":\"https:\\\/\\\/algarve7.pt\\\/index.php\\\/2021\\\/01\\\/lagos-adere-ao-movimento-unidos-contra-o-desperdicio\\\/ambiente\\\/16\\\/39\\\/#primaryimage\"},\"thumbnailUrl\":\"https:\\\/\\\/algarve7.pt\\\/wp-content\\\/uploads\\\/2021\\\/01\\\/Unidos-contra-o-Dsprdcio.png\",\"datePublished\":\"2021-01-25T16:39:35+00:00\",\"dateModified\":\"2021-01-25T16:39:41+00:00\",\"description\":\"Lagos adere ao movimento \u201cUnidos Contra o Desperd\u00edcio\u201d Ambiente\",\"breadcrumb\":{\"@id\":\"https:\\\/\\\/algarve7.pt\\\/index.php\\\/2021\\\/01\\\/lagos-adere-ao-movimento-unidos-contra-o-desperdicio\\\/ambiente\\\/16\\\/39\\\/#breadcrumb\"},\"inLanguage\":\"pt-PT\",\"potentialAction\":[{\"@type\":\"ReadAction\",\"target\":[\"https:\\\/\\\/algarve7.pt\\\/index.php\\\/2021\\\/01\\\/lagos-adere-ao-movimento-unidos-contra-o-desperdicio\\\/ambiente\\\/16\\\/39\\\/\"]}]},{\"@type\":\"ImageObject\",\"inLanguage\":\"pt-PT\",\"@id\":\"https:\\\/\\\/algarve7.pt\\\/index.php\\\/2021\\\/01\\\/lagos-adere-ao-movimento-unidos-contra-o-desperdicio\\\/ambiente\\\/16\\\/39\\\/#primaryimage\",\"url\":\"https:\\\/\\\/algarve7.pt\\\/wp-content\\\/uploads\\\/2021\\\/01\\\/Unidos-contra-o-Dsprdcio.png\",\"contentUrl\":\"https:\\\/\\\/algarve7.pt\\\/wp-content\\\/uploads\\\/2021\\\/01\\\/Unidos-contra-o-Dsprdcio.png\",\"width\":1141,\"height\":543},{\"@type\":\"BreadcrumbList\",\"@id\":\"https:\\\/\\\/algarve7.pt\\\/index.php\\\/2021\\\/01\\\/lagos-adere-ao-movimento-unidos-contra-o-desperdicio\\\/ambiente\\\/16\\\/39\\\/#breadcrumb\",\"itemListElement\":[{\"@type\":\"ListItem\",\"position\":1,\"name\":\"In\u00edcio\",\"item\":\"https:\\\/\\\/algarve7.pt\\\/\"},{\"@type\":\"ListItem\",\"position\":2,\"name\":\"Lagos adere ao movimento \u201cUnidos Contra o Desperd\u00edcio\u201d\"}]},{\"@type\":\"WebSite\",\"@id\":\"https:\\\/\\\/algarve7.pt\\\/#website\",\"url\":\"https:\\\/\\\/algarve7.pt\\\/\",\"name\":\"Algarve 7\",\"description\":\"Informa\u00e7\u00e3o sobre o Algarve\",\"publisher\":{\"@id\":\"https:\\\/\\\/algarve7.pt\\\/#organization\"},\"potentialAction\":[{\"@type\":\"SearchAction\",\"target\":{\"@type\":\"EntryPoint\",\"urlTemplate\":\"https:\\\/\\\/algarve7.pt\\\/?s={search_term_string}\"},\"query-input\":{\"@type\":\"PropertyValueSpecification\",\"valueRequired\":true,\"valueName\":\"search_term_string\"}}],\"inLanguage\":\"pt-PT\"},{\"@type\":\"Organization\",\"@id\":\"https:\\\/\\\/algarve7.pt\\\/#organization\",\"name\":\"Algarve 7\",\"url\":\"https:\\\/\\\/algarve7.pt\\\/\",\"logo\":{\"@type\":\"ImageObject\",\"inLanguage\":\"pt-PT\",\"@id\":\"https:\\\/\\\/algarve7.pt\\\/#\\\/schema\\\/logo\\\/image\\\/\",\"url\":\"https:\\\/\\\/algarve7.pt\\\/wp-content\\\/uploads\\\/2020\\\/10\\\/Logo-8.jpg\",\"contentUrl\":\"https:\\\/\\\/algarve7.pt\\\/wp-content\\\/uploads\\\/2020\\\/10\\\/Logo-8.jpg\",\"width\":1680,\"height\":1186,\"caption\":\"Algarve 7\"},\"image\":{\"@id\":\"https:\\\/\\\/algarve7.pt\\\/#\\\/schema\\\/logo\\\/image\\\/\"},\"sameAs\":[\"https:\\\/\\\/www.facebook.com\\\/algarve7\",\"https:\\\/\\\/x.com\\\/Algarvesete\",\"https:\\\/\\\/www.instagram.com\\\/jornalalgarve7\\\/\",\"https:\\\/\\\/www.linkedin.com\\\/company\\\/algarve7\",\"https:\\\/\\\/www.pinterest.pt\\\/geral0939\\\/_created\\\/\"]},{\"@type\":\"Person\",\"@id\":\"https:\\\/\\\/algarve7.pt\\\/#\\\/schema\\\/person\\\/23fa70681308e7b319a3204bcea45e0c\",\"name\":\"Algarve 7\",\"sameAs\":[\"https:\\\/\\\/algarve7.pt\",\"https:\\\/\\\/www.facebook.com\\\/algarve7\"],\"url\":\"https:\\\/\\\/algarve7.pt\\\/index.php\\\/author\\\/geralalgarve7-pt\\\/\"}]}<\/script>\n<!-- \/ Yoast SEO plugin. -->","yoast_head_json":{"title":"Lagos adere ao movimento \u201cUnidos Contra o Desperd\u00edcio\u201d - Algarve 7","description":"Lagos adere ao movimento \u201cUnidos Contra o Desperd\u00edcio\u201d Ambiente","robots":{"index":"index","follow":"follow","max-snippet":"max-snippet:-1","max-image-preview":"max-image-preview:large","max-video-preview":"max-video-preview:-1"},"canonical":"https:\/\/algarve7.pt\/index.php\/2021\/01\/lagos-adere-ao-movimento-unidos-contra-o-desperdicio\/ambiente\/16\/39\/","og_locale":"pt_PT","og_type":"article","og_title":"Lagos adere ao movimento \u201cUnidos Contra o Desperd\u00edcio\u201d - Algarve 7","og_description":"Lagos adere ao movimento \u201cUnidos Contra o Desperd\u00edcio\u201d Ambiente","og_url":"https:\/\/algarve7.pt\/index.php\/2021\/01\/lagos-adere-ao-movimento-unidos-contra-o-desperdicio\/ambiente\/16\/39\/","og_site_name":"Algarve 7","article_publisher":"https:\/\/www.facebook.com\/algarve7","article_author":"https:\/\/www.facebook.com\/algarve7","article_published_time":"2021-01-25T16:39:35+00:00","article_modified_time":"2021-01-25T16:39:41+00:00","og_image":[{"width":1141,"height":543,"url":"https:\/\/algarve7.pt\/wp-content\/uploads\/2021\/01\/Unidos-contra-o-Dsprdcio.png","type":"image\/png"}],"author":"Algarve 7","twitter_card":"summary_large_image","twitter_creator":"@Algarvesete","twitter_site":"@Algarvesete","twitter_misc":{"Escrito por":"Algarve 7","Tempo estimado de leitura":"2 minutos"},"schema":{"@context":"https:\/\/schema.org","@graph":[{"@type":"Article","@id":"https:\/\/algarve7.pt\/index.php\/2021\/01\/lagos-adere-ao-movimento-unidos-contra-o-desperdicio\/ambiente\/16\/39\/#article","isPartOf":{"@id":"https:\/\/algarve7.pt\/index.php\/2021\/01\/lagos-adere-ao-movimento-unidos-contra-o-desperdicio\/ambiente\/16\/39\/"},"author":{"name":"Algarve 7","@id":"https:\/\/algarve7.pt\/#\/schema\/person\/23fa70681308e7b319a3204bcea45e0c"},"headline":"Lagos adere ao movimento \u201cUnidos Contra o Desperd\u00edcio\u201d","datePublished":"2021-01-25T16:39:35+00:00","dateModified":"2021-01-25T16:39:41+00:00","mainEntityOfPage":{"@id":"https:\/\/algarve7.pt\/index.php\/2021\/01\/lagos-adere-ao-movimento-unidos-contra-o-desperdicio\/ambiente\/16\/39\/"},"wordCount":479,"publisher":{"@id":"https:\/\/algarve7.pt\/#organization"},"image":{"@id":"https:\/\/algarve7.pt\/index.php\/2021\/01\/lagos-adere-ao-movimento-unidos-contra-o-desperdicio\/ambiente\/16\/39\/#primaryimage"},"thumbnailUrl":"https:\/\/algarve7.pt\/wp-content\/uploads\/2021\/01\/Unidos-contra-o-Dsprdcio.png","keywords":["Algarve","Ambiente","Lagos"],"articleSection":["Ambiente"],"inLanguage":"pt-PT"},{"@type":"WebPage","@id":"https:\/\/algarve7.pt\/index.php\/2021\/01\/lagos-adere-ao-movimento-unidos-contra-o-desperdicio\/ambiente\/16\/39\/","url":"https:\/\/algarve7.pt\/index.php\/2021\/01\/lagos-adere-ao-movimento-unidos-contra-o-desperdicio\/ambiente\/16\/39\/","name":"Lagos adere ao movimento \u201cUnidos Contra o Desperd\u00edcio\u201d - Algarve 7","isPartOf":{"@id":"https:\/\/algarve7.pt\/#website"},"primaryImageOfPage":{"@id":"https:\/\/algarve7.pt\/index.php\/2021\/01\/lagos-adere-ao-movimento-unidos-contra-o-desperdicio\/ambiente\/16\/39\/#primaryimage"},"image":{"@id":"https:\/\/algarve7.pt\/index.php\/2021\/01\/lagos-adere-ao-movimento-unidos-contra-o-desperdicio\/ambiente\/16\/39\/#primaryimage"},"thumbnailUrl":"https:\/\/algarve7.pt\/wp-content\/uploads\/2021\/01\/Unidos-contra-o-Dsprdcio.png","datePublished":"2021-01-25T16:39:35+00:00","dateModified":"2021-01-25T16:39:41+00:00","description":"Lagos adere ao movimento \u201cUnidos Contra o Desperd\u00edcio\u201d Ambiente","breadcrumb":{"@id":"https:\/\/algarve7.pt\/index.php\/2021\/01\/lagos-adere-ao-movimento-unidos-contra-o-desperdicio\/ambiente\/16\/39\/#breadcrumb"},"inLanguage":"pt-PT","potentialAction":[{"@type":"ReadAction","target":["https:\/\/algarve7.pt\/index.php\/2021\/01\/lagos-adere-ao-movimento-unidos-contra-o-desperdicio\/ambiente\/16\/39\/"]}]},{"@type":"ImageObject","inLanguage":"pt-PT","@id":"https:\/\/algarve7.pt\/index.php\/2021\/01\/lagos-adere-ao-movimento-unidos-contra-o-desperdicio\/ambiente\/16\/39\/#primaryimage","url":"https:\/\/algarve7.pt\/wp-content\/uploads\/2021\/01\/Unidos-contra-o-Dsprdcio.png","contentUrl":"https:\/\/algarve7.pt\/wp-content\/uploads\/2021\/01\/Unidos-contra-o-Dsprdcio.png","width":1141,"height":543},{"@type":"BreadcrumbList","@id":"https:\/\/algarve7.pt\/index.php\/2021\/01\/lagos-adere-ao-movimento-unidos-contra-o-desperdicio\/ambiente\/16\/39\/#breadcrumb","itemListElement":[{"@type":"ListItem","position":1,"name":"In\u00edcio","item":"https:\/\/algarve7.pt\/"},{"@type":"ListItem","position":2,"name":"Lagos adere ao movimento \u201cUnidos Contra o Desperd\u00edcio\u201d"}]},{"@type":"WebSite","@id":"https:\/\/algarve7.pt\/#website","url":"https:\/\/algarve7.pt\/","name":"Algarve 7","description":"Informa\u00e7\u00e3o sobre o Algarve","publisher":{"@id":"https:\/\/algarve7.pt\/#organization"},"potentialAction":[{"@type":"SearchAction","target":{"@type":"EntryPoint","urlTemplate":"https:\/\/algarve7.pt\/?s={search_term_string}"},"query-input":{"@type":"PropertyValueSpecification","valueRequired":true,"valueName":"search_term_string"}}],"inLanguage":"pt-PT"},{"@type":"Organization","@id":"https:\/\/algarve7.pt\/#organization","name":"Algarve 7","url":"https:\/\/algarve7.pt\/","logo":{"@type":"ImageObject","inLanguage":"pt-PT","@id":"https:\/\/algarve7.pt\/#\/schema\/logo\/image\/","url":"https:\/\/algarve7.pt\/wp-content\/uploads\/2020\/10\/Logo-8.jpg","contentUrl":"https:\/\/algarve7.pt\/wp-content\/uploads\/2020\/10\/Logo-8.jpg","width":1680,"height":1186,"caption":"Algarve 7"},"image":{"@id":"https:\/\/algarve7.pt\/#\/schema\/logo\/image\/"},"sameAs":["https:\/\/www.facebook.com\/algarve7","https:\/\/x.com\/Algarvesete","https:\/\/www.instagram.com\/jornalalgarve7\/","https:\/\/www.linkedin.com\/company\/algarve7","https:\/\/www.pinterest.pt\/geral0939\/_created\/"]},{"@type":"Person","@id":"https:\/\/algarve7.pt\/#\/schema\/person\/23fa70681308e7b319a3204bcea45e0c","name":"Algarve 7","sameAs":["https:\/\/algarve7.pt","https:\/\/www.facebook.com\/algarve7"],"url":"https:\/\/algarve7.pt\/index.php\/author\/geralalgarve7-pt\/"}]}},"jetpack_publicize_connections":[],"jetpack_featured_media_url":"https:\/\/algarve7.pt\/wp-content\/uploads\/2021\/01\/Unidos-contra-o-Dsprdcio.png","jetpack_shortlink":"https:\/\/wp.me\/pcezmW-1s5","jetpack_sharing_enabled":true,"_links":{"self":[{"href":"https:\/\/algarve7.pt\/index.php\/wp-json\/wp\/v2\/posts\/5585","targetHints":{"allow":["GET"]}}],"collection":[{"href":"https:\/\/algarve7.pt\/index.php\/wp-json\/wp\/v2\/posts"}],"about":[{"href":"https:\/\/algarve7.pt\/index.php\/wp-json\/wp\/v2\/types\/post"}],"author":[{"embeddable":true,"href":"https:\/\/algarve7.pt\/index.php\/wp-json\/wp\/v2\/users\/1"}],"replies":[{"embeddable":true,"href":"https:\/\/algarve7.pt\/index.php\/wp-json\/wp\/v2\/comments?post=5585"}],"version-history":[{"count":0,"href":"https:\/\/algarve7.pt\/index.php\/wp-json\/wp\/v2\/posts\/5585\/revisions"}],"wp:featuredmedia":[{"embeddable":true,"href":"https:\/\/algarve7.pt\/index.php\/wp-json\/wp\/v2\/media\/5586"}],"wp:attachment":[{"href":"https:\/\/algarve7.pt\/index.php\/wp-json\/wp\/v2\/media?parent=5585"}],"wp:term":[{"taxonomy":"category","embeddable":true,"href":"https:\/\/algarve7.pt\/index.php\/wp-json\/wp\/v2\/categories?post=5585"},{"taxonomy":"post_tag","embeddable":true,"href":"https:\/\/algarve7.pt\/index.php\/wp-json\/wp\/v2\/tags?post=5585"}],"curies":[{"name":"wp","href":"https:\/\/api.w.org\/{rel}","templated":true}]}}