{"id":55774,"date":"2025-11-07T09:46:24","date_gmt":"2025-11-07T09:46:24","guid":{"rendered":"https:\/\/algarve7.pt\/?p=55774"},"modified":"2025-11-07T09:46:27","modified_gmt":"2025-11-07T09:46:27","slug":"nelson-brazao-renova-mandato-como-presidente-da-junta-de-freguesia-de-boliqueime","status":"publish","type":"post","link":"https:\/\/algarve7.pt\/index.php\/2025\/11\/nelson-brazao-renova-mandato-como-presidente-da-junta-de-freguesia-de-boliqueime\/atualidade\/09\/46\/","title":{"rendered":"Nelson Braz\u00e3o renova mandato como Presidente da Junta de Freguesia de Boliqueime"},"content":{"rendered":"\n<p>A nova Assembleia de Freguesia de Boliqueime tomou posse na passada ter\u00e7a-feira, 4 de novembro, no Centro Social e Comunit\u00e1rio de Vale Silves, na sequ\u00eancia das recentes elei\u00e7\u00f5es aut\u00e1rquicas. Nelson Braz\u00e3o foi reconduzido no cargo de Presidente da Junta de Freguesia de Boliqueime, dando assim in\u00edcio ao seu terceiro e \u00faltimo mandato.<\/p>\n\n\n\n<p>O autarca liderou a lista vencedora do Partido Socialista, que garantiu uma maioria expressiva na Assembleia de Freguesia, refor\u00e7ando a confian\u00e7a da popula\u00e7\u00e3o no trabalho desenvolvido ao longo dos \u00faltimos anos.<\/p>\n\n\n\n<p>O executivo da Junta de Freguesia de Boliqueime volta a ser composto por Nuno Trindade, nas fun\u00e7\u00f5es de Tesoureiro, e C\u00e9lia Sim\u00e3o, que assume o cargo de Secret\u00e1ria.<\/p>\n\n\n\n<p>Na mesma sess\u00e3o foi tamb\u00e9m eleita a nova Mesa da Assembleia de Freguesia. Ana Paula dos Santos \u00e9, novamente, Presidente da Assembleia, tendo como Primeira Secret\u00e1ria, S\u00edlvia Duarte Gon\u00e7alves e Segundo Secret\u00e1rio, Jos\u00e9 Manuel Batista.<\/p>\n\n\n\n<p>No seu discurso de tomada de posse, Nelson Braz\u00e3o sublinhou \u201ca import\u00e2ncia de dar continuidade ao trabalho realizado em prol da comunidade boliqueimense, investindo na&nbsp; melhoria da qualidade de vida da popula\u00e7\u00e3o e na valoriza\u00e7\u00e3o da freguesia\u201d.<\/p>\n\n\n\n<p>O Presidente destacou ainda que \u201ca recente eleva\u00e7\u00e3o de Boliqueime a vila representa um desafio para todos, exigindo um esfor\u00e7o conjunto e uma vis\u00e3o partilhada para o futuro\u201d, sublinhando que a Junta de Freguesia \u201ctrabalhar\u00e1 em estreita articula\u00e7\u00e3o com o Munic\u00edpio de Loul\u00e9 para implementar pequenos e grandes projetos que possam melhorar o dia a dia de toda a popula\u00e7\u00e3o, nas mais variadas \u00e1reas, desde a requalifica\u00e7\u00e3o urbana e os equipamentos p\u00fablicos, at\u00e9 \u00e0 cultura, \u00e0 educa\u00e7\u00e3o, ao ambiente e \u00e0 coes\u00e3o social.\u201d<\/p>\n\n\n\n<figure class=\"wp-block-image aligncenter size-full\"><img loading=\"lazy\" decoding=\"async\" width=\"800\" height=\"500\" src=\"https:\/\/algarve7.pt\/wp-content\/uploads\/2025\/11\/Tomada-de-posse-Boliqueime-04-11-2025-1.jpg\" alt=\"\" class=\"wp-image-55775\" srcset=\"https:\/\/algarve7.pt\/wp-content\/uploads\/2025\/11\/Tomada-de-posse-Boliqueime-04-11-2025-1.jpg 800w, https:\/\/algarve7.pt\/wp-content\/uploads\/2025\/11\/Tomada-de-posse-Boliqueime-04-11-2025-1-300x188.jpg 300w, https:\/\/algarve7.pt\/wp-content\/uploads\/2025\/11\/Tomada-de-posse-Boliqueime-04-11-2025-1-768x480.jpg 768w\" sizes=\"auto, (max-width: 800px) 100vw, 800px\" \/><\/figure>\n\n\n\n<p><\/p>\n\n\n\n<h3 class=\"wp-block-heading\">Eleitos para o quadri\u00e9nio 2025\u20132029<\/h3>\n\n\n\n<p><strong>Junta de Freguesia de Boliqueime<\/strong><\/p>\n\n\n\n<ul class=\"wp-block-list\">\n<li>Nelson Joaquim Caetano Braz\u00e3o &#8211; Presidente da Junta de Freguesia de Boliqueime (PS)<\/li>\n\n\n\n<li>Nuno Tiago Sousa Trindade &#8211; Tesoureiro do Executivo (PS)<\/li>\n\n\n\n<li>C\u00e9lia Fernanda Sezinando Cavaco Sim\u00e3o &#8211; Secret\u00e1ria do Executivo (PS)<br><\/li>\n<\/ul>\n\n\n\n<p><strong>Mesa da Assembleia de Freguesia de Boliqueime<\/strong><\/p>\n\n\n\n<ul class=\"wp-block-list\">\n<li>Ana Paula Neto Coelho dos Santos &#8211; Presidente da Assembleia de Freguesia (PS)<\/li>\n\n\n\n<li>S\u00edlvia Duarte Gon\u00e7alves &#8211; 1.\u00aa Secret\u00e1ria da Assembleia de Freguesia (PS)<\/li>\n\n\n\n<li>Jos\u00e9 Manuel Martins Batista &#8211; 2.\u00ba Secret\u00e1rio da Assembleia de Freguesia (PS)<br><\/li>\n<\/ul>\n\n\n\n<figure class=\"wp-block-image size-full\"><img loading=\"lazy\" decoding=\"async\" width=\"800\" height=\"500\" src=\"https:\/\/algarve7.pt\/wp-content\/uploads\/2025\/11\/Tomada-de-posse-Boliqueime-04-11-2025-71.jpg\" alt=\"\" class=\"wp-image-55777\" srcset=\"https:\/\/algarve7.pt\/wp-content\/uploads\/2025\/11\/Tomada-de-posse-Boliqueime-04-11-2025-71.jpg 800w, https:\/\/algarve7.pt\/wp-content\/uploads\/2025\/11\/Tomada-de-posse-Boliqueime-04-11-2025-71-300x188.jpg 300w, https:\/\/algarve7.pt\/wp-content\/uploads\/2025\/11\/Tomada-de-posse-Boliqueime-04-11-2025-71-768x480.jpg 768w\" sizes=\"auto, (max-width: 800px) 100vw, 800px\" \/><\/figure>\n\n\n\n<p><strong>Deputados da Assembleia de Freguesia<\/strong><\/p>\n\n\n\n<ul class=\"wp-block-list\">\n<li>Miguel Baguinho Coelho &#8211; Coliga\u00e7\u00e3o Fazer Melhor (PSD\/CDS-PP\/Iniciativa Liberal)<\/li>\n\n\n\n<li>Paulo S\u00e9rgio Ferreira Abrantes &#8211; Chega<\/li>\n\n\n\n<li>Lu\u00edsa Maria Oliveira Correia de Sousa Pascoal &#8211; Coliga\u00e7\u00e3o Fazer Melhor (PSD\/CDS-PP\/Iniciativa Liberal)<\/li>\n\n\n\n<li>D\u00e1lia Sofia Sousa Marques &#8211; PS<\/li>\n\n\n\n<li>Angelique da Silva Alho &#8211; PS<\/li>\n\n\n\n<li>Carlos Miguel Barrocal Coelho &#8211; PS<\/li>\n<\/ul>\n","protected":false},"excerpt":{"rendered":"<p>A nova Assembleia de Freguesia de Boliqueime tomou posse na passada ter\u00e7a-feira, 4 de novembro, no Centro Social e Comunit\u00e1rio<\/p>\n","protected":false},"author":1,"featured_media":55776,"comment_status":"closed","ping_status":"closed","sticky":false,"template":"","format":"standard","meta":{"colormag_page_container_layout":"default_layout","colormag_page_sidebar_layout":"default_layout","_monsterinsights_skip_tracking":false,"_monsterinsights_sitenote_active":false,"_monsterinsights_sitenote_note":"","_monsterinsights_sitenote_category":0,"jetpack_post_was_ever_published":false,"_jetpack_newsletter_access":"","_jetpack_dont_email_post_to_subs":false,"_jetpack_newsletter_tier_id":0,"_jetpack_memberships_contains_paywalled_content":false,"_jetpack_memberships_contains_paid_content":false,"footnotes":"","jetpack_publicize_message":"","jetpack_publicize_feature_enabled":true,"jetpack_social_post_already_shared":true,"jetpack_social_options":{"image_generator_settings":{"template":"highway","default_image_id":0,"font":"","enabled":false},"version":2}},"categories":[11],"tags":[36,62,133],"class_list":["post-55774","post","type-post","status-publish","format-standard","has-post-thumbnail","hentry","category-atualidade","tag-algarve","tag-atualidade","tag-boliqueime"],"yoast_head":"<!-- This site is optimized with the Yoast SEO plugin v27.5 - https:\/\/yoast.com\/product\/yoast-seo-wordpress\/ -->\n<title>Nelson Braz\u00e3o renova mandato como Presidente da Junta de Freguesia de Boliqueime - Algarve 7<\/title>\n<meta name=\"description\" content=\"Nelson Braz\u00e3o renova mandato como Presidente da Junta de Freguesia de Boliqueime Atualidade\" \/>\n<meta name=\"robots\" content=\"index, follow, max-snippet:-1, max-image-preview:large, max-video-preview:-1\" \/>\n<link rel=\"canonical\" href=\"https:\/\/algarve7.pt\/index.php\/2025\/11\/nelson-brazao-renova-mandato-como-presidente-da-junta-de-freguesia-de-boliqueime\/atualidade\/09\/46\/\" \/>\n<meta property=\"og:locale\" content=\"pt_PT\" \/>\n<meta property=\"og:type\" content=\"article\" \/>\n<meta property=\"og:title\" content=\"Nelson Braz\u00e3o renova mandato como Presidente da Junta de Freguesia de Boliqueime - Algarve 7\" \/>\n<meta property=\"og:description\" content=\"Nelson Braz\u00e3o renova mandato como Presidente da Junta de Freguesia de Boliqueime Atualidade\" \/>\n<meta property=\"og:url\" content=\"https:\/\/algarve7.pt\/index.php\/2025\/11\/nelson-brazao-renova-mandato-como-presidente-da-junta-de-freguesia-de-boliqueime\/atualidade\/09\/46\/\" \/>\n<meta property=\"og:site_name\" content=\"Algarve 7\" \/>\n<meta property=\"article:publisher\" content=\"https:\/\/www.facebook.com\/algarve7\" \/>\n<meta property=\"article:author\" content=\"https:\/\/www.facebook.com\/algarve7\" \/>\n<meta property=\"article:published_time\" content=\"2025-11-07T09:46:24+00:00\" \/>\n<meta property=\"article:modified_time\" content=\"2025-11-07T09:46:27+00:00\" \/>\n<meta property=\"og:image\" content=\"https:\/\/algarve7.pt\/wp-content\/uploads\/2025\/11\/Tomada-de-posse-Boliqueime-04-11-2025-1-1.jpg\" \/>\n\t<meta property=\"og:image:width\" content=\"800\" \/>\n\t<meta property=\"og:image:height\" content=\"500\" \/>\n\t<meta property=\"og:image:type\" content=\"image\/jpeg\" \/>\n<meta name=\"author\" content=\"Algarve 7\" \/>\n<meta name=\"twitter:card\" content=\"summary_large_image\" \/>\n<meta name=\"twitter:creator\" content=\"@Algarvesete\" \/>\n<meta name=\"twitter:site\" content=\"@Algarvesete\" \/>\n<meta name=\"twitter:label1\" content=\"Escrito por\" \/>\n\t<meta name=\"twitter:data1\" content=\"Algarve 7\" \/>\n\t<meta name=\"twitter:label2\" content=\"Tempo estimado de leitura\" \/>\n\t<meta name=\"twitter:data2\" content=\"3 minutos\" \/>\n<script type=\"application\/ld+json\" class=\"yoast-schema-graph\">{\"@context\":\"https:\\\/\\\/schema.org\",\"@graph\":[{\"@type\":\"Article\",\"@id\":\"https:\\\/\\\/algarve7.pt\\\/index.php\\\/2025\\\/11\\\/nelson-brazao-renova-mandato-como-presidente-da-junta-de-freguesia-de-boliqueime\\\/atualidade\\\/09\\\/46\\\/#article\",\"isPartOf\":{\"@id\":\"https:\\\/\\\/algarve7.pt\\\/index.php\\\/2025\\\/11\\\/nelson-brazao-renova-mandato-como-presidente-da-junta-de-freguesia-de-boliqueime\\\/atualidade\\\/09\\\/46\\\/\"},\"author\":{\"name\":\"Algarve 7\",\"@id\":\"https:\\\/\\\/algarve7.pt\\\/#\\\/schema\\\/person\\\/23fa70681308e7b319a3204bcea45e0c\"},\"headline\":\"Nelson Braz\u00e3o renova mandato como Presidente da Junta de Freguesia de Boliqueime\",\"datePublished\":\"2025-11-07T09:46:24+00:00\",\"dateModified\":\"2025-11-07T09:46:27+00:00\",\"mainEntityOfPage\":{\"@id\":\"https:\\\/\\\/algarve7.pt\\\/index.php\\\/2025\\\/11\\\/nelson-brazao-renova-mandato-como-presidente-da-junta-de-freguesia-de-boliqueime\\\/atualidade\\\/09\\\/46\\\/\"},\"wordCount\":460,\"publisher\":{\"@id\":\"https:\\\/\\\/algarve7.pt\\\/#organization\"},\"image\":{\"@id\":\"https:\\\/\\\/algarve7.pt\\\/index.php\\\/2025\\\/11\\\/nelson-brazao-renova-mandato-como-presidente-da-junta-de-freguesia-de-boliqueime\\\/atualidade\\\/09\\\/46\\\/#primaryimage\"},\"thumbnailUrl\":\"https:\\\/\\\/algarve7.pt\\\/wp-content\\\/uploads\\\/2025\\\/11\\\/Tomada-de-posse-Boliqueime-04-11-2025-1-1.jpg\",\"keywords\":[\"Algarve\",\"Atualidade\",\"Boliqueime\"],\"articleSection\":[\"Atualidade\"],\"inLanguage\":\"pt-PT\"},{\"@type\":\"WebPage\",\"@id\":\"https:\\\/\\\/algarve7.pt\\\/index.php\\\/2025\\\/11\\\/nelson-brazao-renova-mandato-como-presidente-da-junta-de-freguesia-de-boliqueime\\\/atualidade\\\/09\\\/46\\\/\",\"url\":\"https:\\\/\\\/algarve7.pt\\\/index.php\\\/2025\\\/11\\\/nelson-brazao-renova-mandato-como-presidente-da-junta-de-freguesia-de-boliqueime\\\/atualidade\\\/09\\\/46\\\/\",\"name\":\"Nelson Braz\u00e3o renova mandato como Presidente da Junta de Freguesia de Boliqueime - Algarve 7\",\"isPartOf\":{\"@id\":\"https:\\\/\\\/algarve7.pt\\\/#website\"},\"primaryImageOfPage\":{\"@id\":\"https:\\\/\\\/algarve7.pt\\\/index.php\\\/2025\\\/11\\\/nelson-brazao-renova-mandato-como-presidente-da-junta-de-freguesia-de-boliqueime\\\/atualidade\\\/09\\\/46\\\/#primaryimage\"},\"image\":{\"@id\":\"https:\\\/\\\/algarve7.pt\\\/index.php\\\/2025\\\/11\\\/nelson-brazao-renova-mandato-como-presidente-da-junta-de-freguesia-de-boliqueime\\\/atualidade\\\/09\\\/46\\\/#primaryimage\"},\"thumbnailUrl\":\"https:\\\/\\\/algarve7.pt\\\/wp-content\\\/uploads\\\/2025\\\/11\\\/Tomada-de-posse-Boliqueime-04-11-2025-1-1.jpg\",\"datePublished\":\"2025-11-07T09:46:24+00:00\",\"dateModified\":\"2025-11-07T09:46:27+00:00\",\"description\":\"Nelson Braz\u00e3o renova mandato como Presidente da Junta de Freguesia de Boliqueime Atualidade\",\"breadcrumb\":{\"@id\":\"https:\\\/\\\/algarve7.pt\\\/index.php\\\/2025\\\/11\\\/nelson-brazao-renova-mandato-como-presidente-da-junta-de-freguesia-de-boliqueime\\\/atualidade\\\/09\\\/46\\\/#breadcrumb\"},\"inLanguage\":\"pt-PT\",\"potentialAction\":[{\"@type\":\"ReadAction\",\"target\":[\"https:\\\/\\\/algarve7.pt\\\/index.php\\\/2025\\\/11\\\/nelson-brazao-renova-mandato-como-presidente-da-junta-de-freguesia-de-boliqueime\\\/atualidade\\\/09\\\/46\\\/\"]}]},{\"@type\":\"ImageObject\",\"inLanguage\":\"pt-PT\",\"@id\":\"https:\\\/\\\/algarve7.pt\\\/index.php\\\/2025\\\/11\\\/nelson-brazao-renova-mandato-como-presidente-da-junta-de-freguesia-de-boliqueime\\\/atualidade\\\/09\\\/46\\\/#primaryimage\",\"url\":\"https:\\\/\\\/algarve7.pt\\\/wp-content\\\/uploads\\\/2025\\\/11\\\/Tomada-de-posse-Boliqueime-04-11-2025-1-1.jpg\",\"contentUrl\":\"https:\\\/\\\/algarve7.pt\\\/wp-content\\\/uploads\\\/2025\\\/11\\\/Tomada-de-posse-Boliqueime-04-11-2025-1-1.jpg\",\"width\":800,\"height\":500},{\"@type\":\"BreadcrumbList\",\"@id\":\"https:\\\/\\\/algarve7.pt\\\/index.php\\\/2025\\\/11\\\/nelson-brazao-renova-mandato-como-presidente-da-junta-de-freguesia-de-boliqueime\\\/atualidade\\\/09\\\/46\\\/#breadcrumb\",\"itemListElement\":[{\"@type\":\"ListItem\",\"position\":1,\"name\":\"In\u00edcio\",\"item\":\"https:\\\/\\\/algarve7.pt\\\/\"},{\"@type\":\"ListItem\",\"position\":2,\"name\":\"Nelson Braz\u00e3o renova mandato como Presidente da Junta de Freguesia de Boliqueime\"}]},{\"@type\":\"WebSite\",\"@id\":\"https:\\\/\\\/algarve7.pt\\\/#website\",\"url\":\"https:\\\/\\\/algarve7.pt\\\/\",\"name\":\"Algarve 7\",\"description\":\"Informa\u00e7\u00e3o sobre o Algarve\",\"publisher\":{\"@id\":\"https:\\\/\\\/algarve7.pt\\\/#organization\"},\"potentialAction\":[{\"@type\":\"SearchAction\",\"target\":{\"@type\":\"EntryPoint\",\"urlTemplate\":\"https:\\\/\\\/algarve7.pt\\\/?s={search_term_string}\"},\"query-input\":{\"@type\":\"PropertyValueSpecification\",\"valueRequired\":true,\"valueName\":\"search_term_string\"}}],\"inLanguage\":\"pt-PT\"},{\"@type\":\"Organization\",\"@id\":\"https:\\\/\\\/algarve7.pt\\\/#organization\",\"name\":\"Algarve 7\",\"url\":\"https:\\\/\\\/algarve7.pt\\\/\",\"logo\":{\"@type\":\"ImageObject\",\"inLanguage\":\"pt-PT\",\"@id\":\"https:\\\/\\\/algarve7.pt\\\/#\\\/schema\\\/logo\\\/image\\\/\",\"url\":\"https:\\\/\\\/algarve7.pt\\\/wp-content\\\/uploads\\\/2020\\\/10\\\/Logo-8.jpg\",\"contentUrl\":\"https:\\\/\\\/algarve7.pt\\\/wp-content\\\/uploads\\\/2020\\\/10\\\/Logo-8.jpg\",\"width\":1680,\"height\":1186,\"caption\":\"Algarve 7\"},\"image\":{\"@id\":\"https:\\\/\\\/algarve7.pt\\\/#\\\/schema\\\/logo\\\/image\\\/\"},\"sameAs\":[\"https:\\\/\\\/www.facebook.com\\\/algarve7\",\"https:\\\/\\\/x.com\\\/Algarvesete\",\"https:\\\/\\\/www.instagram.com\\\/jornalalgarve7\\\/\",\"https:\\\/\\\/www.linkedin.com\\\/company\\\/algarve7\",\"https:\\\/\\\/www.pinterest.pt\\\/geral0939\\\/_created\\\/\"]},{\"@type\":\"Person\",\"@id\":\"https:\\\/\\\/algarve7.pt\\\/#\\\/schema\\\/person\\\/23fa70681308e7b319a3204bcea45e0c\",\"name\":\"Algarve 7\",\"sameAs\":[\"https:\\\/\\\/algarve7.pt\",\"https:\\\/\\\/www.facebook.com\\\/algarve7\"],\"url\":\"https:\\\/\\\/algarve7.pt\\\/index.php\\\/author\\\/geralalgarve7-pt\\\/\"}]}<\/script>\n<!-- \/ Yoast SEO plugin. -->","yoast_head_json":{"title":"Nelson Braz\u00e3o renova mandato como Presidente da Junta de Freguesia de Boliqueime - Algarve 7","description":"Nelson Braz\u00e3o renova mandato como Presidente da Junta de Freguesia de Boliqueime Atualidade","robots":{"index":"index","follow":"follow","max-snippet":"max-snippet:-1","max-image-preview":"max-image-preview:large","max-video-preview":"max-video-preview:-1"},"canonical":"https:\/\/algarve7.pt\/index.php\/2025\/11\/nelson-brazao-renova-mandato-como-presidente-da-junta-de-freguesia-de-boliqueime\/atualidade\/09\/46\/","og_locale":"pt_PT","og_type":"article","og_title":"Nelson Braz\u00e3o renova mandato como Presidente da Junta de Freguesia de Boliqueime - Algarve 7","og_description":"Nelson Braz\u00e3o renova mandato como Presidente da Junta de Freguesia de Boliqueime Atualidade","og_url":"https:\/\/algarve7.pt\/index.php\/2025\/11\/nelson-brazao-renova-mandato-como-presidente-da-junta-de-freguesia-de-boliqueime\/atualidade\/09\/46\/","og_site_name":"Algarve 7","article_publisher":"https:\/\/www.facebook.com\/algarve7","article_author":"https:\/\/www.facebook.com\/algarve7","article_published_time":"2025-11-07T09:46:24+00:00","article_modified_time":"2025-11-07T09:46:27+00:00","og_image":[{"width":800,"height":500,"url":"https:\/\/algarve7.pt\/wp-content\/uploads\/2025\/11\/Tomada-de-posse-Boliqueime-04-11-2025-1-1.jpg","type":"image\/jpeg"}],"author":"Algarve 7","twitter_card":"summary_large_image","twitter_creator":"@Algarvesete","twitter_site":"@Algarvesete","twitter_misc":{"Escrito por":"Algarve 7","Tempo estimado de leitura":"3 minutos"},"schema":{"@context":"https:\/\/schema.org","@graph":[{"@type":"Article","@id":"https:\/\/algarve7.pt\/index.php\/2025\/11\/nelson-brazao-renova-mandato-como-presidente-da-junta-de-freguesia-de-boliqueime\/atualidade\/09\/46\/#article","isPartOf":{"@id":"https:\/\/algarve7.pt\/index.php\/2025\/11\/nelson-brazao-renova-mandato-como-presidente-da-junta-de-freguesia-de-boliqueime\/atualidade\/09\/46\/"},"author":{"name":"Algarve 7","@id":"https:\/\/algarve7.pt\/#\/schema\/person\/23fa70681308e7b319a3204bcea45e0c"},"headline":"Nelson Braz\u00e3o renova mandato como Presidente da Junta de Freguesia de Boliqueime","datePublished":"2025-11-07T09:46:24+00:00","dateModified":"2025-11-07T09:46:27+00:00","mainEntityOfPage":{"@id":"https:\/\/algarve7.pt\/index.php\/2025\/11\/nelson-brazao-renova-mandato-como-presidente-da-junta-de-freguesia-de-boliqueime\/atualidade\/09\/46\/"},"wordCount":460,"publisher":{"@id":"https:\/\/algarve7.pt\/#organization"},"image":{"@id":"https:\/\/algarve7.pt\/index.php\/2025\/11\/nelson-brazao-renova-mandato-como-presidente-da-junta-de-freguesia-de-boliqueime\/atualidade\/09\/46\/#primaryimage"},"thumbnailUrl":"https:\/\/algarve7.pt\/wp-content\/uploads\/2025\/11\/Tomada-de-posse-Boliqueime-04-11-2025-1-1.jpg","keywords":["Algarve","Atualidade","Boliqueime"],"articleSection":["Atualidade"],"inLanguage":"pt-PT"},{"@type":"WebPage","@id":"https:\/\/algarve7.pt\/index.php\/2025\/11\/nelson-brazao-renova-mandato-como-presidente-da-junta-de-freguesia-de-boliqueime\/atualidade\/09\/46\/","url":"https:\/\/algarve7.pt\/index.php\/2025\/11\/nelson-brazao-renova-mandato-como-presidente-da-junta-de-freguesia-de-boliqueime\/atualidade\/09\/46\/","name":"Nelson Braz\u00e3o renova mandato como Presidente da Junta de Freguesia de Boliqueime - Algarve 7","isPartOf":{"@id":"https:\/\/algarve7.pt\/#website"},"primaryImageOfPage":{"@id":"https:\/\/algarve7.pt\/index.php\/2025\/11\/nelson-brazao-renova-mandato-como-presidente-da-junta-de-freguesia-de-boliqueime\/atualidade\/09\/46\/#primaryimage"},"image":{"@id":"https:\/\/algarve7.pt\/index.php\/2025\/11\/nelson-brazao-renova-mandato-como-presidente-da-junta-de-freguesia-de-boliqueime\/atualidade\/09\/46\/#primaryimage"},"thumbnailUrl":"https:\/\/algarve7.pt\/wp-content\/uploads\/2025\/11\/Tomada-de-posse-Boliqueime-04-11-2025-1-1.jpg","datePublished":"2025-11-07T09:46:24+00:00","dateModified":"2025-11-07T09:46:27+00:00","description":"Nelson Braz\u00e3o renova mandato como Presidente da Junta de Freguesia de Boliqueime Atualidade","breadcrumb":{"@id":"https:\/\/algarve7.pt\/index.php\/2025\/11\/nelson-brazao-renova-mandato-como-presidente-da-junta-de-freguesia-de-boliqueime\/atualidade\/09\/46\/#breadcrumb"},"inLanguage":"pt-PT","potentialAction":[{"@type":"ReadAction","target":["https:\/\/algarve7.pt\/index.php\/2025\/11\/nelson-brazao-renova-mandato-como-presidente-da-junta-de-freguesia-de-boliqueime\/atualidade\/09\/46\/"]}]},{"@type":"ImageObject","inLanguage":"pt-PT","@id":"https:\/\/algarve7.pt\/index.php\/2025\/11\/nelson-brazao-renova-mandato-como-presidente-da-junta-de-freguesia-de-boliqueime\/atualidade\/09\/46\/#primaryimage","url":"https:\/\/algarve7.pt\/wp-content\/uploads\/2025\/11\/Tomada-de-posse-Boliqueime-04-11-2025-1-1.jpg","contentUrl":"https:\/\/algarve7.pt\/wp-content\/uploads\/2025\/11\/Tomada-de-posse-Boliqueime-04-11-2025-1-1.jpg","width":800,"height":500},{"@type":"BreadcrumbList","@id":"https:\/\/algarve7.pt\/index.php\/2025\/11\/nelson-brazao-renova-mandato-como-presidente-da-junta-de-freguesia-de-boliqueime\/atualidade\/09\/46\/#breadcrumb","itemListElement":[{"@type":"ListItem","position":1,"name":"In\u00edcio","item":"https:\/\/algarve7.pt\/"},{"@type":"ListItem","position":2,"name":"Nelson Braz\u00e3o renova mandato como Presidente da Junta de Freguesia de Boliqueime"}]},{"@type":"WebSite","@id":"https:\/\/algarve7.pt\/#website","url":"https:\/\/algarve7.pt\/","name":"Algarve 7","description":"Informa\u00e7\u00e3o sobre o Algarve","publisher":{"@id":"https:\/\/algarve7.pt\/#organization"},"potentialAction":[{"@type":"SearchAction","target":{"@type":"EntryPoint","urlTemplate":"https:\/\/algarve7.pt\/?s={search_term_string}"},"query-input":{"@type":"PropertyValueSpecification","valueRequired":true,"valueName":"search_term_string"}}],"inLanguage":"pt-PT"},{"@type":"Organization","@id":"https:\/\/algarve7.pt\/#organization","name":"Algarve 7","url":"https:\/\/algarve7.pt\/","logo":{"@type":"ImageObject","inLanguage":"pt-PT","@id":"https:\/\/algarve7.pt\/#\/schema\/logo\/image\/","url":"https:\/\/algarve7.pt\/wp-content\/uploads\/2020\/10\/Logo-8.jpg","contentUrl":"https:\/\/algarve7.pt\/wp-content\/uploads\/2020\/10\/Logo-8.jpg","width":1680,"height":1186,"caption":"Algarve 7"},"image":{"@id":"https:\/\/algarve7.pt\/#\/schema\/logo\/image\/"},"sameAs":["https:\/\/www.facebook.com\/algarve7","https:\/\/x.com\/Algarvesete","https:\/\/www.instagram.com\/jornalalgarve7\/","https:\/\/www.linkedin.com\/company\/algarve7","https:\/\/www.pinterest.pt\/geral0939\/_created\/"]},{"@type":"Person","@id":"https:\/\/algarve7.pt\/#\/schema\/person\/23fa70681308e7b319a3204bcea45e0c","name":"Algarve 7","sameAs":["https:\/\/algarve7.pt","https:\/\/www.facebook.com\/algarve7"],"url":"https:\/\/algarve7.pt\/index.php\/author\/geralalgarve7-pt\/"}]}},"jetpack_publicize_connections":[],"jetpack_featured_media_url":"https:\/\/algarve7.pt\/wp-content\/uploads\/2025\/11\/Tomada-de-posse-Boliqueime-04-11-2025-1-1.jpg","jetpack_shortlink":"https:\/\/wp.me\/pcezmW-evA","jetpack_sharing_enabled":true,"_links":{"self":[{"href":"https:\/\/algarve7.pt\/index.php\/wp-json\/wp\/v2\/posts\/55774","targetHints":{"allow":["GET"]}}],"collection":[{"href":"https:\/\/algarve7.pt\/index.php\/wp-json\/wp\/v2\/posts"}],"about":[{"href":"https:\/\/algarve7.pt\/index.php\/wp-json\/wp\/v2\/types\/post"}],"author":[{"embeddable":true,"href":"https:\/\/algarve7.pt\/index.php\/wp-json\/wp\/v2\/users\/1"}],"replies":[{"embeddable":true,"href":"https:\/\/algarve7.pt\/index.php\/wp-json\/wp\/v2\/comments?post=55774"}],"version-history":[{"count":0,"href":"https:\/\/algarve7.pt\/index.php\/wp-json\/wp\/v2\/posts\/55774\/revisions"}],"wp:featuredmedia":[{"embeddable":true,"href":"https:\/\/algarve7.pt\/index.php\/wp-json\/wp\/v2\/media\/55776"}],"wp:attachment":[{"href":"https:\/\/algarve7.pt\/index.php\/wp-json\/wp\/v2\/media?parent=55774"}],"wp:term":[{"taxonomy":"category","embeddable":true,"href":"https:\/\/algarve7.pt\/index.php\/wp-json\/wp\/v2\/categories?post=55774"},{"taxonomy":"post_tag","embeddable":true,"href":"https:\/\/algarve7.pt\/index.php\/wp-json\/wp\/v2\/tags?post=55774"}],"curies":[{"name":"wp","href":"https:\/\/api.w.org\/{rel}","templated":true}]}}