{"id":55723,"date":"2025-11-06T16:41:11","date_gmt":"2025-11-06T16:41:11","guid":{"rendered":"https:\/\/algarve7.pt\/?p=55723"},"modified":"2025-11-06T16:41:19","modified_gmt":"2025-11-06T16:41:19","slug":"empreitada-de-migracao-sedimentar-para-a-praia-do-vau-portimao","status":"publish","type":"post","link":"https:\/\/algarve7.pt\/index.php\/2025\/11\/empreitada-de-migracao-sedimentar-para-a-praia-do-vau-portimao\/ambiente\/16\/41\/","title":{"rendered":"Empreitada de migra\u00e7\u00e3o sedimentar para a Praia do Vau &#8211; Portim\u00e3o"},"content":{"rendered":"\n<p>Iniciou-se no passado, dia 3 de novembro de 2025, a Empreitada de Migra\u00e7\u00e3o Sedimentar para a Praia do Vau \u2013 Portim\u00e3o, com um prazo de execu\u00e7\u00e3o de 7 meses.<\/p>\n\n\n\n<p>Esta interven\u00e7\u00e3o ir\u00e1 desenvolver-se na praia da Rocha e nas praias dos Careanos, Amado e Tr\u00eas Castelos visando, quer a preven\u00e7\u00e3o e gest\u00e3o do risco, quer a prote\u00e7\u00e3o de pessoas e bens.<\/p>\n\n\n\n<p>Esta obra prev\u00ea a alimenta\u00e7\u00e3o artificial da praia ao longo de um tro\u00e7o com uma frente de mar de 1350m, entre as praias do Vau e dos Tr\u00eas Castelos com as areias acumuladas na praia da Rocha ao longo das \u00faltimas d\u00e9cadas, promovendo a migra\u00e7\u00e3o sedimentar desde o final do circuito (zona de acumula\u00e7\u00e3o da praia da Rocha) para o seu local original, onde a eros\u00e3o das arribas potencia maior risco para os utentes das praias (tro\u00e7o entre a praia do Vau e a praia dos Tr\u00eas Castelos).<\/p>\n\n\n\n<p>Trata-se de uma medida de prote\u00e7\u00e3o costeira, tendo em conta que a areia a depositar nas praias suportadas por arribas permitir\u00e1 alimentar a c\u00e9lula natural de circula\u00e7\u00e3o sedimentar poente, atenuando significativamente e temporariamente a eros\u00e3o das arribas nas praias dos Careanos, Amado e Tr\u00eas Castelos.<\/p>\n\n\n\n<p>A obra est\u00e1 inscrita no Programa A\u00e7\u00e3o Clim\u00e1tica e Sustentabilidade (PACS) e envolve um investimento de cerca de 1,5 milh\u00f5es de euros.<\/p>\n\n\n\n<p>Dada a natureza dos trabalhos, que implicam a presen\u00e7a de maquinaria pesada em manobra e a instala\u00e7\u00e3o de uma linha de tubagem e de repuls\u00e3o de sedimentos na zona entre Careanos e Tr\u00eas Castelos, est\u00e3o a ser implementadas restri\u00e7\u00f5es de seguran\u00e7a durante todo o per\u00edodo da obra, nomeadamente:<\/p>\n\n\n\n<ul class=\"wp-block-list\">\n<li>interdi\u00e7\u00e3o do acesso \u00e0s praias dos Careanos, Amado e Tr\u00eas Castelos, por fase, no decorrer da obra<\/li>\n\n\n\n<li>condicionamento do acesso ao areal e ao mar na praia da Rocha<\/li>\n<\/ul>\n","protected":false},"excerpt":{"rendered":"<p>Iniciou-se no passado, dia 3 de novembro de 2025, a Empreitada de Migra\u00e7\u00e3o Sedimentar para a Praia do Vau \u2013<\/p>\n","protected":false},"author":1,"featured_media":5299,"comment_status":"closed","ping_status":"closed","sticky":false,"template":"","format":"standard","meta":{"colormag_page_container_layout":"default_layout","colormag_page_sidebar_layout":"default_layout","_monsterinsights_skip_tracking":false,"_monsterinsights_sitenote_active":false,"_monsterinsights_sitenote_note":"","_monsterinsights_sitenote_category":0,"jetpack_post_was_ever_published":false,"_jetpack_newsletter_access":"","_jetpack_dont_email_post_to_subs":false,"_jetpack_newsletter_tier_id":0,"_jetpack_memberships_contains_paywalled_content":false,"_jetpack_memberships_contains_paid_content":false,"footnotes":"","jetpack_publicize_message":"","jetpack_publicize_feature_enabled":true,"jetpack_social_post_already_shared":true,"jetpack_social_options":{"image_generator_settings":{"template":"highway","default_image_id":0,"font":"","enabled":false},"version":2}},"categories":[5],"tags":[36,32,226,72],"class_list":["post-55723","post","type-post","status-publish","format-standard","has-post-thumbnail","hentry","category-ambiente","tag-algarve","tag-ambiente","tag-apa","tag-portimao"],"yoast_head":"<!-- This site is optimized with the Yoast SEO plugin v27.5 - https:\/\/yoast.com\/product\/yoast-seo-wordpress\/ -->\n<title>Empreitada de migra\u00e7\u00e3o sedimentar para a Praia do Vau - Portim\u00e3o - Algarve 7<\/title>\n<meta name=\"description\" content=\"Empreitada de migra\u00e7\u00e3o sedimentar para a Praia do Vau - Portim\u00e3o Ambiente\" \/>\n<meta name=\"robots\" content=\"index, follow, max-snippet:-1, max-image-preview:large, max-video-preview:-1\" \/>\n<link rel=\"canonical\" href=\"https:\/\/algarve7.pt\/index.php\/2025\/11\/empreitada-de-migracao-sedimentar-para-a-praia-do-vau-portimao\/ambiente\/16\/41\/\" \/>\n<meta property=\"og:locale\" content=\"pt_PT\" \/>\n<meta property=\"og:type\" content=\"article\" \/>\n<meta property=\"og:title\" content=\"Empreitada de migra\u00e7\u00e3o sedimentar para a Praia do Vau - Portim\u00e3o - Algarve 7\" \/>\n<meta property=\"og:description\" content=\"Empreitada de migra\u00e7\u00e3o sedimentar para a Praia do Vau - Portim\u00e3o Ambiente\" \/>\n<meta property=\"og:url\" content=\"https:\/\/algarve7.pt\/index.php\/2025\/11\/empreitada-de-migracao-sedimentar-para-a-praia-do-vau-portimao\/ambiente\/16\/41\/\" \/>\n<meta property=\"og:site_name\" content=\"Algarve 7\" \/>\n<meta property=\"article:publisher\" content=\"https:\/\/www.facebook.com\/algarve7\" \/>\n<meta property=\"article:author\" content=\"https:\/\/www.facebook.com\/algarve7\" \/>\n<meta property=\"article:published_time\" content=\"2025-11-06T16:41:11+00:00\" \/>\n<meta property=\"article:modified_time\" content=\"2025-11-06T16:41:19+00:00\" \/>\n<meta property=\"og:image\" content=\"https:\/\/algarve7.pt\/wp-content\/uploads\/2021\/01\/apa_.png\" \/>\n\t<meta property=\"og:image:width\" content=\"580\" \/>\n\t<meta property=\"og:image:height\" content=\"390\" \/>\n\t<meta property=\"og:image:type\" content=\"image\/png\" \/>\n<meta name=\"author\" content=\"Algarve 7\" \/>\n<meta name=\"twitter:card\" content=\"summary_large_image\" \/>\n<meta name=\"twitter:creator\" content=\"@Algarvesete\" \/>\n<meta name=\"twitter:site\" content=\"@Algarvesete\" \/>\n<meta name=\"twitter:label1\" content=\"Escrito por\" \/>\n\t<meta name=\"twitter:data1\" content=\"Algarve 7\" \/>\n\t<meta name=\"twitter:label2\" content=\"Tempo estimado de leitura\" \/>\n\t<meta name=\"twitter:data2\" content=\"2 minutos\" \/>\n<script type=\"application\/ld+json\" class=\"yoast-schema-graph\">{\"@context\":\"https:\\\/\\\/schema.org\",\"@graph\":[{\"@type\":\"Article\",\"@id\":\"https:\\\/\\\/algarve7.pt\\\/index.php\\\/2025\\\/11\\\/empreitada-de-migracao-sedimentar-para-a-praia-do-vau-portimao\\\/ambiente\\\/16\\\/41\\\/#article\",\"isPartOf\":{\"@id\":\"https:\\\/\\\/algarve7.pt\\\/index.php\\\/2025\\\/11\\\/empreitada-de-migracao-sedimentar-para-a-praia-do-vau-portimao\\\/ambiente\\\/16\\\/41\\\/\"},\"author\":{\"name\":\"Algarve 7\",\"@id\":\"https:\\\/\\\/algarve7.pt\\\/#\\\/schema\\\/person\\\/23fa70681308e7b319a3204bcea45e0c\"},\"headline\":\"Empreitada de migra\u00e7\u00e3o sedimentar para a Praia do Vau &#8211; Portim\u00e3o\",\"datePublished\":\"2025-11-06T16:41:11+00:00\",\"dateModified\":\"2025-11-06T16:41:19+00:00\",\"mainEntityOfPage\":{\"@id\":\"https:\\\/\\\/algarve7.pt\\\/index.php\\\/2025\\\/11\\\/empreitada-de-migracao-sedimentar-para-a-praia-do-vau-portimao\\\/ambiente\\\/16\\\/41\\\/\"},\"wordCount\":336,\"publisher\":{\"@id\":\"https:\\\/\\\/algarve7.pt\\\/#organization\"},\"image\":{\"@id\":\"https:\\\/\\\/algarve7.pt\\\/index.php\\\/2025\\\/11\\\/empreitada-de-migracao-sedimentar-para-a-praia-do-vau-portimao\\\/ambiente\\\/16\\\/41\\\/#primaryimage\"},\"thumbnailUrl\":\"https:\\\/\\\/algarve7.pt\\\/wp-content\\\/uploads\\\/2021\\\/01\\\/apa_.png\",\"keywords\":[\"Algarve\",\"Ambiente\",\"APA\",\"Portim\u00e3o\"],\"articleSection\":[\"Ambiente\"],\"inLanguage\":\"pt-PT\"},{\"@type\":\"WebPage\",\"@id\":\"https:\\\/\\\/algarve7.pt\\\/index.php\\\/2025\\\/11\\\/empreitada-de-migracao-sedimentar-para-a-praia-do-vau-portimao\\\/ambiente\\\/16\\\/41\\\/\",\"url\":\"https:\\\/\\\/algarve7.pt\\\/index.php\\\/2025\\\/11\\\/empreitada-de-migracao-sedimentar-para-a-praia-do-vau-portimao\\\/ambiente\\\/16\\\/41\\\/\",\"name\":\"Empreitada de migra\u00e7\u00e3o sedimentar para a Praia do Vau - Portim\u00e3o - Algarve 7\",\"isPartOf\":{\"@id\":\"https:\\\/\\\/algarve7.pt\\\/#website\"},\"primaryImageOfPage\":{\"@id\":\"https:\\\/\\\/algarve7.pt\\\/index.php\\\/2025\\\/11\\\/empreitada-de-migracao-sedimentar-para-a-praia-do-vau-portimao\\\/ambiente\\\/16\\\/41\\\/#primaryimage\"},\"image\":{\"@id\":\"https:\\\/\\\/algarve7.pt\\\/index.php\\\/2025\\\/11\\\/empreitada-de-migracao-sedimentar-para-a-praia-do-vau-portimao\\\/ambiente\\\/16\\\/41\\\/#primaryimage\"},\"thumbnailUrl\":\"https:\\\/\\\/algarve7.pt\\\/wp-content\\\/uploads\\\/2021\\\/01\\\/apa_.png\",\"datePublished\":\"2025-11-06T16:41:11+00:00\",\"dateModified\":\"2025-11-06T16:41:19+00:00\",\"description\":\"Empreitada de migra\u00e7\u00e3o sedimentar para a Praia do Vau - Portim\u00e3o Ambiente\",\"breadcrumb\":{\"@id\":\"https:\\\/\\\/algarve7.pt\\\/index.php\\\/2025\\\/11\\\/empreitada-de-migracao-sedimentar-para-a-praia-do-vau-portimao\\\/ambiente\\\/16\\\/41\\\/#breadcrumb\"},\"inLanguage\":\"pt-PT\",\"potentialAction\":[{\"@type\":\"ReadAction\",\"target\":[\"https:\\\/\\\/algarve7.pt\\\/index.php\\\/2025\\\/11\\\/empreitada-de-migracao-sedimentar-para-a-praia-do-vau-portimao\\\/ambiente\\\/16\\\/41\\\/\"]}]},{\"@type\":\"ImageObject\",\"inLanguage\":\"pt-PT\",\"@id\":\"https:\\\/\\\/algarve7.pt\\\/index.php\\\/2025\\\/11\\\/empreitada-de-migracao-sedimentar-para-a-praia-do-vau-portimao\\\/ambiente\\\/16\\\/41\\\/#primaryimage\",\"url\":\"https:\\\/\\\/algarve7.pt\\\/wp-content\\\/uploads\\\/2021\\\/01\\\/apa_.png\",\"contentUrl\":\"https:\\\/\\\/algarve7.pt\\\/wp-content\\\/uploads\\\/2021\\\/01\\\/apa_.png\",\"width\":580,\"height\":390},{\"@type\":\"BreadcrumbList\",\"@id\":\"https:\\\/\\\/algarve7.pt\\\/index.php\\\/2025\\\/11\\\/empreitada-de-migracao-sedimentar-para-a-praia-do-vau-portimao\\\/ambiente\\\/16\\\/41\\\/#breadcrumb\",\"itemListElement\":[{\"@type\":\"ListItem\",\"position\":1,\"name\":\"In\u00edcio\",\"item\":\"https:\\\/\\\/algarve7.pt\\\/\"},{\"@type\":\"ListItem\",\"position\":2,\"name\":\"Empreitada de migra\u00e7\u00e3o sedimentar para a Praia do Vau &#8211; Portim\u00e3o\"}]},{\"@type\":\"WebSite\",\"@id\":\"https:\\\/\\\/algarve7.pt\\\/#website\",\"url\":\"https:\\\/\\\/algarve7.pt\\\/\",\"name\":\"Algarve 7\",\"description\":\"Informa\u00e7\u00e3o sobre o Algarve\",\"publisher\":{\"@id\":\"https:\\\/\\\/algarve7.pt\\\/#organization\"},\"potentialAction\":[{\"@type\":\"SearchAction\",\"target\":{\"@type\":\"EntryPoint\",\"urlTemplate\":\"https:\\\/\\\/algarve7.pt\\\/?s={search_term_string}\"},\"query-input\":{\"@type\":\"PropertyValueSpecification\",\"valueRequired\":true,\"valueName\":\"search_term_string\"}}],\"inLanguage\":\"pt-PT\"},{\"@type\":\"Organization\",\"@id\":\"https:\\\/\\\/algarve7.pt\\\/#organization\",\"name\":\"Algarve 7\",\"url\":\"https:\\\/\\\/algarve7.pt\\\/\",\"logo\":{\"@type\":\"ImageObject\",\"inLanguage\":\"pt-PT\",\"@id\":\"https:\\\/\\\/algarve7.pt\\\/#\\\/schema\\\/logo\\\/image\\\/\",\"url\":\"https:\\\/\\\/algarve7.pt\\\/wp-content\\\/uploads\\\/2020\\\/10\\\/Logo-8.jpg\",\"contentUrl\":\"https:\\\/\\\/algarve7.pt\\\/wp-content\\\/uploads\\\/2020\\\/10\\\/Logo-8.jpg\",\"width\":1680,\"height\":1186,\"caption\":\"Algarve 7\"},\"image\":{\"@id\":\"https:\\\/\\\/algarve7.pt\\\/#\\\/schema\\\/logo\\\/image\\\/\"},\"sameAs\":[\"https:\\\/\\\/www.facebook.com\\\/algarve7\",\"https:\\\/\\\/x.com\\\/Algarvesete\",\"https:\\\/\\\/www.instagram.com\\\/jornalalgarve7\\\/\",\"https:\\\/\\\/www.linkedin.com\\\/company\\\/algarve7\",\"https:\\\/\\\/www.pinterest.pt\\\/geral0939\\\/_created\\\/\"]},{\"@type\":\"Person\",\"@id\":\"https:\\\/\\\/algarve7.pt\\\/#\\\/schema\\\/person\\\/23fa70681308e7b319a3204bcea45e0c\",\"name\":\"Algarve 7\",\"sameAs\":[\"https:\\\/\\\/algarve7.pt\",\"https:\\\/\\\/www.facebook.com\\\/algarve7\"],\"url\":\"https:\\\/\\\/algarve7.pt\\\/index.php\\\/author\\\/geralalgarve7-pt\\\/\"}]}<\/script>\n<!-- \/ Yoast SEO plugin. -->","yoast_head_json":{"title":"Empreitada de migra\u00e7\u00e3o sedimentar para a Praia do Vau - Portim\u00e3o - Algarve 7","description":"Empreitada de migra\u00e7\u00e3o sedimentar para a Praia do Vau - Portim\u00e3o Ambiente","robots":{"index":"index","follow":"follow","max-snippet":"max-snippet:-1","max-image-preview":"max-image-preview:large","max-video-preview":"max-video-preview:-1"},"canonical":"https:\/\/algarve7.pt\/index.php\/2025\/11\/empreitada-de-migracao-sedimentar-para-a-praia-do-vau-portimao\/ambiente\/16\/41\/","og_locale":"pt_PT","og_type":"article","og_title":"Empreitada de migra\u00e7\u00e3o sedimentar para a Praia do Vau - Portim\u00e3o - Algarve 7","og_description":"Empreitada de migra\u00e7\u00e3o sedimentar para a Praia do Vau - Portim\u00e3o Ambiente","og_url":"https:\/\/algarve7.pt\/index.php\/2025\/11\/empreitada-de-migracao-sedimentar-para-a-praia-do-vau-portimao\/ambiente\/16\/41\/","og_site_name":"Algarve 7","article_publisher":"https:\/\/www.facebook.com\/algarve7","article_author":"https:\/\/www.facebook.com\/algarve7","article_published_time":"2025-11-06T16:41:11+00:00","article_modified_time":"2025-11-06T16:41:19+00:00","og_image":[{"width":580,"height":390,"url":"https:\/\/algarve7.pt\/wp-content\/uploads\/2021\/01\/apa_.png","type":"image\/png"}],"author":"Algarve 7","twitter_card":"summary_large_image","twitter_creator":"@Algarvesete","twitter_site":"@Algarvesete","twitter_misc":{"Escrito por":"Algarve 7","Tempo estimado de leitura":"2 minutos"},"schema":{"@context":"https:\/\/schema.org","@graph":[{"@type":"Article","@id":"https:\/\/algarve7.pt\/index.php\/2025\/11\/empreitada-de-migracao-sedimentar-para-a-praia-do-vau-portimao\/ambiente\/16\/41\/#article","isPartOf":{"@id":"https:\/\/algarve7.pt\/index.php\/2025\/11\/empreitada-de-migracao-sedimentar-para-a-praia-do-vau-portimao\/ambiente\/16\/41\/"},"author":{"name":"Algarve 7","@id":"https:\/\/algarve7.pt\/#\/schema\/person\/23fa70681308e7b319a3204bcea45e0c"},"headline":"Empreitada de migra\u00e7\u00e3o sedimentar para a Praia do Vau &#8211; Portim\u00e3o","datePublished":"2025-11-06T16:41:11+00:00","dateModified":"2025-11-06T16:41:19+00:00","mainEntityOfPage":{"@id":"https:\/\/algarve7.pt\/index.php\/2025\/11\/empreitada-de-migracao-sedimentar-para-a-praia-do-vau-portimao\/ambiente\/16\/41\/"},"wordCount":336,"publisher":{"@id":"https:\/\/algarve7.pt\/#organization"},"image":{"@id":"https:\/\/algarve7.pt\/index.php\/2025\/11\/empreitada-de-migracao-sedimentar-para-a-praia-do-vau-portimao\/ambiente\/16\/41\/#primaryimage"},"thumbnailUrl":"https:\/\/algarve7.pt\/wp-content\/uploads\/2021\/01\/apa_.png","keywords":["Algarve","Ambiente","APA","Portim\u00e3o"],"articleSection":["Ambiente"],"inLanguage":"pt-PT"},{"@type":"WebPage","@id":"https:\/\/algarve7.pt\/index.php\/2025\/11\/empreitada-de-migracao-sedimentar-para-a-praia-do-vau-portimao\/ambiente\/16\/41\/","url":"https:\/\/algarve7.pt\/index.php\/2025\/11\/empreitada-de-migracao-sedimentar-para-a-praia-do-vau-portimao\/ambiente\/16\/41\/","name":"Empreitada de migra\u00e7\u00e3o sedimentar para a Praia do Vau - Portim\u00e3o - Algarve 7","isPartOf":{"@id":"https:\/\/algarve7.pt\/#website"},"primaryImageOfPage":{"@id":"https:\/\/algarve7.pt\/index.php\/2025\/11\/empreitada-de-migracao-sedimentar-para-a-praia-do-vau-portimao\/ambiente\/16\/41\/#primaryimage"},"image":{"@id":"https:\/\/algarve7.pt\/index.php\/2025\/11\/empreitada-de-migracao-sedimentar-para-a-praia-do-vau-portimao\/ambiente\/16\/41\/#primaryimage"},"thumbnailUrl":"https:\/\/algarve7.pt\/wp-content\/uploads\/2021\/01\/apa_.png","datePublished":"2025-11-06T16:41:11+00:00","dateModified":"2025-11-06T16:41:19+00:00","description":"Empreitada de migra\u00e7\u00e3o sedimentar para a Praia do Vau - Portim\u00e3o Ambiente","breadcrumb":{"@id":"https:\/\/algarve7.pt\/index.php\/2025\/11\/empreitada-de-migracao-sedimentar-para-a-praia-do-vau-portimao\/ambiente\/16\/41\/#breadcrumb"},"inLanguage":"pt-PT","potentialAction":[{"@type":"ReadAction","target":["https:\/\/algarve7.pt\/index.php\/2025\/11\/empreitada-de-migracao-sedimentar-para-a-praia-do-vau-portimao\/ambiente\/16\/41\/"]}]},{"@type":"ImageObject","inLanguage":"pt-PT","@id":"https:\/\/algarve7.pt\/index.php\/2025\/11\/empreitada-de-migracao-sedimentar-para-a-praia-do-vau-portimao\/ambiente\/16\/41\/#primaryimage","url":"https:\/\/algarve7.pt\/wp-content\/uploads\/2021\/01\/apa_.png","contentUrl":"https:\/\/algarve7.pt\/wp-content\/uploads\/2021\/01\/apa_.png","width":580,"height":390},{"@type":"BreadcrumbList","@id":"https:\/\/algarve7.pt\/index.php\/2025\/11\/empreitada-de-migracao-sedimentar-para-a-praia-do-vau-portimao\/ambiente\/16\/41\/#breadcrumb","itemListElement":[{"@type":"ListItem","position":1,"name":"In\u00edcio","item":"https:\/\/algarve7.pt\/"},{"@type":"ListItem","position":2,"name":"Empreitada de migra\u00e7\u00e3o sedimentar para a Praia do Vau &#8211; Portim\u00e3o"}]},{"@type":"WebSite","@id":"https:\/\/algarve7.pt\/#website","url":"https:\/\/algarve7.pt\/","name":"Algarve 7","description":"Informa\u00e7\u00e3o sobre o Algarve","publisher":{"@id":"https:\/\/algarve7.pt\/#organization"},"potentialAction":[{"@type":"SearchAction","target":{"@type":"EntryPoint","urlTemplate":"https:\/\/algarve7.pt\/?s={search_term_string}"},"query-input":{"@type":"PropertyValueSpecification","valueRequired":true,"valueName":"search_term_string"}}],"inLanguage":"pt-PT"},{"@type":"Organization","@id":"https:\/\/algarve7.pt\/#organization","name":"Algarve 7","url":"https:\/\/algarve7.pt\/","logo":{"@type":"ImageObject","inLanguage":"pt-PT","@id":"https:\/\/algarve7.pt\/#\/schema\/logo\/image\/","url":"https:\/\/algarve7.pt\/wp-content\/uploads\/2020\/10\/Logo-8.jpg","contentUrl":"https:\/\/algarve7.pt\/wp-content\/uploads\/2020\/10\/Logo-8.jpg","width":1680,"height":1186,"caption":"Algarve 7"},"image":{"@id":"https:\/\/algarve7.pt\/#\/schema\/logo\/image\/"},"sameAs":["https:\/\/www.facebook.com\/algarve7","https:\/\/x.com\/Algarvesete","https:\/\/www.instagram.com\/jornalalgarve7\/","https:\/\/www.linkedin.com\/company\/algarve7","https:\/\/www.pinterest.pt\/geral0939\/_created\/"]},{"@type":"Person","@id":"https:\/\/algarve7.pt\/#\/schema\/person\/23fa70681308e7b319a3204bcea45e0c","name":"Algarve 7","sameAs":["https:\/\/algarve7.pt","https:\/\/www.facebook.com\/algarve7"],"url":"https:\/\/algarve7.pt\/index.php\/author\/geralalgarve7-pt\/"}]}},"jetpack_publicize_connections":[],"jetpack_featured_media_url":"https:\/\/algarve7.pt\/wp-content\/uploads\/2021\/01\/apa_.png","jetpack_shortlink":"https:\/\/wp.me\/pcezmW-euL","jetpack_sharing_enabled":true,"_links":{"self":[{"href":"https:\/\/algarve7.pt\/index.php\/wp-json\/wp\/v2\/posts\/55723","targetHints":{"allow":["GET"]}}],"collection":[{"href":"https:\/\/algarve7.pt\/index.php\/wp-json\/wp\/v2\/posts"}],"about":[{"href":"https:\/\/algarve7.pt\/index.php\/wp-json\/wp\/v2\/types\/post"}],"author":[{"embeddable":true,"href":"https:\/\/algarve7.pt\/index.php\/wp-json\/wp\/v2\/users\/1"}],"replies":[{"embeddable":true,"href":"https:\/\/algarve7.pt\/index.php\/wp-json\/wp\/v2\/comments?post=55723"}],"version-history":[{"count":0,"href":"https:\/\/algarve7.pt\/index.php\/wp-json\/wp\/v2\/posts\/55723\/revisions"}],"wp:featuredmedia":[{"embeddable":true,"href":"https:\/\/algarve7.pt\/index.php\/wp-json\/wp\/v2\/media\/5299"}],"wp:attachment":[{"href":"https:\/\/algarve7.pt\/index.php\/wp-json\/wp\/v2\/media?parent=55723"}],"wp:term":[{"taxonomy":"category","embeddable":true,"href":"https:\/\/algarve7.pt\/index.php\/wp-json\/wp\/v2\/categories?post=55723"},{"taxonomy":"post_tag","embeddable":true,"href":"https:\/\/algarve7.pt\/index.php\/wp-json\/wp\/v2\/tags?post=55723"}],"curies":[{"name":"wp","href":"https:\/\/api.w.org\/{rel}","templated":true}]}}