{"id":5569,"date":"2021-01-25T07:45:00","date_gmt":"2021-01-25T07:45:00","guid":{"rendered":"https:\/\/algarve7.pt\/?p=5569"},"modified":"2021-01-25T07:30:46","modified_gmt":"2021-01-25T07:30:46","slug":"loule-cria-observatorio-municipal-de-ambiente-e-territorio","status":"publish","type":"post","link":"https:\/\/algarve7.pt\/index.php\/2021\/01\/loule-cria-observatorio-municipal-de-ambiente-e-territorio\/ambiente\/07\/45\/","title":{"rendered":"Loul\u00e9 cria observat\u00f3rio municipal de ambiente e territ\u00f3rio"},"content":{"rendered":"\n<p>A C\u00e2mara Municipal de Loul\u00e9 criou o Observat\u00f3rio Municipal de Ambiente e Territ\u00f3rio de Loul\u00e9, uma ferramenta digital que tem como objetivo fornecer informa\u00e7\u00e3o ao cidad\u00e3o sobre as pol\u00edticas p\u00fablicas e de administra\u00e7\u00e3o do Munic\u00edpio, assim como possibilitar uma maior articula\u00e7\u00e3o entre o poder p\u00fablico, entidades, ag\u00eancias e empresas privadas locais.&nbsp;<\/p>\n\n\n\n<p>Desenvolvido e financiado no \u00e2mbito de uma candidatura ao Programa Regional CRESC Algarve 2020, este Observat\u00f3rio resulta da necessidade de integrar e disponibilizar a informa\u00e7\u00e3o relativa ao territ\u00f3rio municipal, nos dom\u00ednios do Ambiente, Economia, Sociedade e Territ\u00f3rio, mas tamb\u00e9m os diversos indicadores de desempenho e informa\u00e7\u00f5es qualificadas relacionadas com os v\u00e1rios servi\u00e7os da Autarquia, assim como de outras fontes de informa\u00e7\u00e3o.<\/p>\n\n\n\n<p>Recorde-se que, em 2016, foi aprovada a Estrat\u00e9gia Municipal de Adapta\u00e7\u00e3o \u00e0s Altera\u00e7\u00f5es Clim\u00e1ticas de Loul\u00e9, que agrega 28 op\u00e7\u00f5es de adapta\u00e7\u00e3o, atrav\u00e9s das quais o Munic\u00edpio pretende promover uma resposta coerente e fundamentada (baseada em dados concretos sobre o territ\u00f3rio e a sua economia) \u00e0s m\u00faltiplas problem\u00e1ticas relacionadas com as altera\u00e7\u00f5es clim\u00e1ticas.<\/p>\n\n\n\n<p>\u201cA cria\u00e7\u00e3o deste Observat\u00f3rio \u00e9 mais um passo na longa caminhada que temos vindo a fazer para responder \u00e0quela que consideramos ser a principal amea\u00e7a ao futuro da Humanidade. Fomos um dos primeiros munic\u00edpios a olhar para esta problem\u00e1tica e esta plataforma \u00e9 mais um dos exemplos do nosso empenho em desenvolver um trabalho planeado, fundamentado e transparente\u201d, real\u00e7a o presidente da C\u00e2mara Municipal, V\u00edtor Aleixo.<\/p>\n\n\n\n<p>Para aceder ao Observat\u00f3rio Municipal de Ambiente e Territ\u00f3rio:\u00a0<a href=\"https:\/\/omat.cm-loule.pt\/\" target=\"_blank\" rel=\"noreferrer noopener\">https:\/\/omat.cm-loule.pt\/<\/a><\/p>\n\n\n\n<div class=\"wp-block-image\"><figure class=\"aligncenter size-large is-resized\"><img loading=\"lazy\" decoding=\"async\" src=\"https:\/\/algarve7.pt\/wp-content\/uploads\/2021\/01\/OMAT-779x1024.jpg\" alt=\"\" class=\"wp-image-5570\" width=\"521\" height=\"685\"\/><\/figure><\/div>\n","protected":false},"excerpt":{"rendered":"<p>A C\u00e2mara Municipal de Loul\u00e9 criou o Observat\u00f3rio Municipal de Ambiente e Territ\u00f3rio de Loul\u00e9, uma ferramenta digital que tem<\/p>\n","protected":false},"author":1,"featured_media":5570,"comment_status":"closed","ping_status":"open","sticky":false,"template":"","format":"standard","meta":{"colormag_page_container_layout":"default_layout","colormag_page_sidebar_layout":"default_layout","_monsterinsights_skip_tracking":false,"_monsterinsights_sitenote_active":false,"_monsterinsights_sitenote_note":"","_monsterinsights_sitenote_category":0,"jetpack_post_was_ever_published":false,"_jetpack_newsletter_access":"","_jetpack_dont_email_post_to_subs":false,"_jetpack_newsletter_tier_id":0,"_jetpack_memberships_contains_paywalled_content":false,"_jetpack_memberships_contains_paid_content":false,"footnotes":"","jetpack_publicize_message":"","jetpack_publicize_feature_enabled":true,"jetpack_social_post_already_shared":true,"jetpack_social_options":{"image_generator_settings":{"template":"highway","default_image_id":0,"font":"","enabled":false},"version":2}},"categories":[5],"tags":[36,32,31],"class_list":["post-5569","post","type-post","status-publish","format-standard","has-post-thumbnail","hentry","category-ambiente","tag-algarve","tag-ambiente","tag-loule"],"yoast_head":"<!-- This site is optimized with the Yoast SEO plugin v27.5 - https:\/\/yoast.com\/product\/yoast-seo-wordpress\/ -->\n<title>Loul\u00e9 cria observat\u00f3rio municipal de ambiente e territ\u00f3rio - Algarve 7<\/title>\n<meta name=\"description\" content=\"Loul\u00e9 cria observat\u00f3rio municipal de ambiente e territ\u00f3rio Ambiente\" \/>\n<meta name=\"robots\" content=\"index, follow, max-snippet:-1, max-image-preview:large, max-video-preview:-1\" \/>\n<link rel=\"canonical\" href=\"https:\/\/algarve7.pt\/index.php\/2021\/01\/loule-cria-observatorio-municipal-de-ambiente-e-territorio\/ambiente\/07\/45\/\" \/>\n<meta property=\"og:locale\" content=\"pt_PT\" \/>\n<meta property=\"og:type\" content=\"article\" \/>\n<meta property=\"og:title\" content=\"Loul\u00e9 cria observat\u00f3rio municipal de ambiente e territ\u00f3rio - Algarve 7\" \/>\n<meta property=\"og:description\" content=\"Loul\u00e9 cria observat\u00f3rio municipal de ambiente e territ\u00f3rio Ambiente\" \/>\n<meta property=\"og:url\" content=\"https:\/\/algarve7.pt\/index.php\/2021\/01\/loule-cria-observatorio-municipal-de-ambiente-e-territorio\/ambiente\/07\/45\/\" \/>\n<meta property=\"og:site_name\" content=\"Algarve 7\" \/>\n<meta property=\"article:publisher\" content=\"https:\/\/www.facebook.com\/algarve7\" \/>\n<meta property=\"article:author\" content=\"https:\/\/www.facebook.com\/algarve7\" \/>\n<meta property=\"article:published_time\" content=\"2021-01-25T07:45:00+00:00\" \/>\n<meta property=\"og:image\" content=\"https:\/\/algarve7.pt\/wp-content\/uploads\/2021\/01\/OMAT-e1611559803956.jpg\" \/>\n\t<meta property=\"og:image:width\" content=\"989\" \/>\n\t<meta property=\"og:image:height\" content=\"447\" \/>\n\t<meta property=\"og:image:type\" content=\"image\/jpeg\" \/>\n<meta name=\"author\" content=\"Algarve 7\" \/>\n<meta name=\"twitter:card\" content=\"summary_large_image\" \/>\n<meta name=\"twitter:creator\" content=\"@Algarvesete\" \/>\n<meta name=\"twitter:site\" content=\"@Algarvesete\" \/>\n<meta name=\"twitter:label1\" content=\"Escrito por\" \/>\n\t<meta name=\"twitter:data1\" content=\"Algarve 7\" \/>\n\t<meta name=\"twitter:label2\" content=\"Tempo estimado de leitura\" \/>\n\t<meta name=\"twitter:data2\" content=\"2 minutos\" \/>\n<script type=\"application\/ld+json\" class=\"yoast-schema-graph\">{\"@context\":\"https:\\\/\\\/schema.org\",\"@graph\":[{\"@type\":\"Article\",\"@id\":\"https:\\\/\\\/algarve7.pt\\\/index.php\\\/2021\\\/01\\\/loule-cria-observatorio-municipal-de-ambiente-e-territorio\\\/ambiente\\\/07\\\/45\\\/#article\",\"isPartOf\":{\"@id\":\"https:\\\/\\\/algarve7.pt\\\/index.php\\\/2021\\\/01\\\/loule-cria-observatorio-municipal-de-ambiente-e-territorio\\\/ambiente\\\/07\\\/45\\\/\"},\"author\":{\"name\":\"Algarve 7\",\"@id\":\"https:\\\/\\\/algarve7.pt\\\/#\\\/schema\\\/person\\\/23fa70681308e7b319a3204bcea45e0c\"},\"headline\":\"Loul\u00e9 cria observat\u00f3rio municipal de ambiente e territ\u00f3rio\",\"datePublished\":\"2021-01-25T07:45:00+00:00\",\"mainEntityOfPage\":{\"@id\":\"https:\\\/\\\/algarve7.pt\\\/index.php\\\/2021\\\/01\\\/loule-cria-observatorio-municipal-de-ambiente-e-territorio\\\/ambiente\\\/07\\\/45\\\/\"},\"wordCount\":295,\"publisher\":{\"@id\":\"https:\\\/\\\/algarve7.pt\\\/#organization\"},\"image\":{\"@id\":\"https:\\\/\\\/algarve7.pt\\\/index.php\\\/2021\\\/01\\\/loule-cria-observatorio-municipal-de-ambiente-e-territorio\\\/ambiente\\\/07\\\/45\\\/#primaryimage\"},\"thumbnailUrl\":\"https:\\\/\\\/algarve7.pt\\\/wp-content\\\/uploads\\\/2021\\\/01\\\/OMAT-e1611559803956.jpg\",\"keywords\":[\"Algarve\",\"Ambiente\",\"Loul\u00e9\"],\"articleSection\":[\"Ambiente\"],\"inLanguage\":\"pt-PT\"},{\"@type\":\"WebPage\",\"@id\":\"https:\\\/\\\/algarve7.pt\\\/index.php\\\/2021\\\/01\\\/loule-cria-observatorio-municipal-de-ambiente-e-territorio\\\/ambiente\\\/07\\\/45\\\/\",\"url\":\"https:\\\/\\\/algarve7.pt\\\/index.php\\\/2021\\\/01\\\/loule-cria-observatorio-municipal-de-ambiente-e-territorio\\\/ambiente\\\/07\\\/45\\\/\",\"name\":\"Loul\u00e9 cria observat\u00f3rio municipal de ambiente e territ\u00f3rio - Algarve 7\",\"isPartOf\":{\"@id\":\"https:\\\/\\\/algarve7.pt\\\/#website\"},\"primaryImageOfPage\":{\"@id\":\"https:\\\/\\\/algarve7.pt\\\/index.php\\\/2021\\\/01\\\/loule-cria-observatorio-municipal-de-ambiente-e-territorio\\\/ambiente\\\/07\\\/45\\\/#primaryimage\"},\"image\":{\"@id\":\"https:\\\/\\\/algarve7.pt\\\/index.php\\\/2021\\\/01\\\/loule-cria-observatorio-municipal-de-ambiente-e-territorio\\\/ambiente\\\/07\\\/45\\\/#primaryimage\"},\"thumbnailUrl\":\"https:\\\/\\\/algarve7.pt\\\/wp-content\\\/uploads\\\/2021\\\/01\\\/OMAT-e1611559803956.jpg\",\"datePublished\":\"2021-01-25T07:45:00+00:00\",\"description\":\"Loul\u00e9 cria observat\u00f3rio municipal de ambiente e territ\u00f3rio Ambiente\",\"breadcrumb\":{\"@id\":\"https:\\\/\\\/algarve7.pt\\\/index.php\\\/2021\\\/01\\\/loule-cria-observatorio-municipal-de-ambiente-e-territorio\\\/ambiente\\\/07\\\/45\\\/#breadcrumb\"},\"inLanguage\":\"pt-PT\",\"potentialAction\":[{\"@type\":\"ReadAction\",\"target\":[\"https:\\\/\\\/algarve7.pt\\\/index.php\\\/2021\\\/01\\\/loule-cria-observatorio-municipal-de-ambiente-e-territorio\\\/ambiente\\\/07\\\/45\\\/\"]}]},{\"@type\":\"ImageObject\",\"inLanguage\":\"pt-PT\",\"@id\":\"https:\\\/\\\/algarve7.pt\\\/index.php\\\/2021\\\/01\\\/loule-cria-observatorio-municipal-de-ambiente-e-territorio\\\/ambiente\\\/07\\\/45\\\/#primaryimage\",\"url\":\"https:\\\/\\\/algarve7.pt\\\/wp-content\\\/uploads\\\/2021\\\/01\\\/OMAT-e1611559803956.jpg\",\"contentUrl\":\"https:\\\/\\\/algarve7.pt\\\/wp-content\\\/uploads\\\/2021\\\/01\\\/OMAT-e1611559803956.jpg\",\"width\":989,\"height\":447},{\"@type\":\"BreadcrumbList\",\"@id\":\"https:\\\/\\\/algarve7.pt\\\/index.php\\\/2021\\\/01\\\/loule-cria-observatorio-municipal-de-ambiente-e-territorio\\\/ambiente\\\/07\\\/45\\\/#breadcrumb\",\"itemListElement\":[{\"@type\":\"ListItem\",\"position\":1,\"name\":\"In\u00edcio\",\"item\":\"https:\\\/\\\/algarve7.pt\\\/\"},{\"@type\":\"ListItem\",\"position\":2,\"name\":\"Loul\u00e9 cria observat\u00f3rio municipal de ambiente e territ\u00f3rio\"}]},{\"@type\":\"WebSite\",\"@id\":\"https:\\\/\\\/algarve7.pt\\\/#website\",\"url\":\"https:\\\/\\\/algarve7.pt\\\/\",\"name\":\"Algarve 7\",\"description\":\"Informa\u00e7\u00e3o sobre o Algarve\",\"publisher\":{\"@id\":\"https:\\\/\\\/algarve7.pt\\\/#organization\"},\"potentialAction\":[{\"@type\":\"SearchAction\",\"target\":{\"@type\":\"EntryPoint\",\"urlTemplate\":\"https:\\\/\\\/algarve7.pt\\\/?s={search_term_string}\"},\"query-input\":{\"@type\":\"PropertyValueSpecification\",\"valueRequired\":true,\"valueName\":\"search_term_string\"}}],\"inLanguage\":\"pt-PT\"},{\"@type\":\"Organization\",\"@id\":\"https:\\\/\\\/algarve7.pt\\\/#organization\",\"name\":\"Algarve 7\",\"url\":\"https:\\\/\\\/algarve7.pt\\\/\",\"logo\":{\"@type\":\"ImageObject\",\"inLanguage\":\"pt-PT\",\"@id\":\"https:\\\/\\\/algarve7.pt\\\/#\\\/schema\\\/logo\\\/image\\\/\",\"url\":\"https:\\\/\\\/algarve7.pt\\\/wp-content\\\/uploads\\\/2020\\\/10\\\/Logo-8.jpg\",\"contentUrl\":\"https:\\\/\\\/algarve7.pt\\\/wp-content\\\/uploads\\\/2020\\\/10\\\/Logo-8.jpg\",\"width\":1680,\"height\":1186,\"caption\":\"Algarve 7\"},\"image\":{\"@id\":\"https:\\\/\\\/algarve7.pt\\\/#\\\/schema\\\/logo\\\/image\\\/\"},\"sameAs\":[\"https:\\\/\\\/www.facebook.com\\\/algarve7\",\"https:\\\/\\\/x.com\\\/Algarvesete\",\"https:\\\/\\\/www.instagram.com\\\/jornalalgarve7\\\/\",\"https:\\\/\\\/www.linkedin.com\\\/company\\\/algarve7\",\"https:\\\/\\\/www.pinterest.pt\\\/geral0939\\\/_created\\\/\"]},{\"@type\":\"Person\",\"@id\":\"https:\\\/\\\/algarve7.pt\\\/#\\\/schema\\\/person\\\/23fa70681308e7b319a3204bcea45e0c\",\"name\":\"Algarve 7\",\"sameAs\":[\"https:\\\/\\\/algarve7.pt\",\"https:\\\/\\\/www.facebook.com\\\/algarve7\"],\"url\":\"https:\\\/\\\/algarve7.pt\\\/index.php\\\/author\\\/geralalgarve7-pt\\\/\"}]}<\/script>\n<!-- \/ Yoast SEO plugin. -->","yoast_head_json":{"title":"Loul\u00e9 cria observat\u00f3rio municipal de ambiente e territ\u00f3rio - Algarve 7","description":"Loul\u00e9 cria observat\u00f3rio municipal de ambiente e territ\u00f3rio Ambiente","robots":{"index":"index","follow":"follow","max-snippet":"max-snippet:-1","max-image-preview":"max-image-preview:large","max-video-preview":"max-video-preview:-1"},"canonical":"https:\/\/algarve7.pt\/index.php\/2021\/01\/loule-cria-observatorio-municipal-de-ambiente-e-territorio\/ambiente\/07\/45\/","og_locale":"pt_PT","og_type":"article","og_title":"Loul\u00e9 cria observat\u00f3rio municipal de ambiente e territ\u00f3rio - Algarve 7","og_description":"Loul\u00e9 cria observat\u00f3rio municipal de ambiente e territ\u00f3rio Ambiente","og_url":"https:\/\/algarve7.pt\/index.php\/2021\/01\/loule-cria-observatorio-municipal-de-ambiente-e-territorio\/ambiente\/07\/45\/","og_site_name":"Algarve 7","article_publisher":"https:\/\/www.facebook.com\/algarve7","article_author":"https:\/\/www.facebook.com\/algarve7","article_published_time":"2021-01-25T07:45:00+00:00","og_image":[{"width":989,"height":447,"url":"https:\/\/algarve7.pt\/wp-content\/uploads\/2021\/01\/OMAT-e1611559803956.jpg","type":"image\/jpeg"}],"author":"Algarve 7","twitter_card":"summary_large_image","twitter_creator":"@Algarvesete","twitter_site":"@Algarvesete","twitter_misc":{"Escrito por":"Algarve 7","Tempo estimado de leitura":"2 minutos"},"schema":{"@context":"https:\/\/schema.org","@graph":[{"@type":"Article","@id":"https:\/\/algarve7.pt\/index.php\/2021\/01\/loule-cria-observatorio-municipal-de-ambiente-e-territorio\/ambiente\/07\/45\/#article","isPartOf":{"@id":"https:\/\/algarve7.pt\/index.php\/2021\/01\/loule-cria-observatorio-municipal-de-ambiente-e-territorio\/ambiente\/07\/45\/"},"author":{"name":"Algarve 7","@id":"https:\/\/algarve7.pt\/#\/schema\/person\/23fa70681308e7b319a3204bcea45e0c"},"headline":"Loul\u00e9 cria observat\u00f3rio municipal de ambiente e territ\u00f3rio","datePublished":"2021-01-25T07:45:00+00:00","mainEntityOfPage":{"@id":"https:\/\/algarve7.pt\/index.php\/2021\/01\/loule-cria-observatorio-municipal-de-ambiente-e-territorio\/ambiente\/07\/45\/"},"wordCount":295,"publisher":{"@id":"https:\/\/algarve7.pt\/#organization"},"image":{"@id":"https:\/\/algarve7.pt\/index.php\/2021\/01\/loule-cria-observatorio-municipal-de-ambiente-e-territorio\/ambiente\/07\/45\/#primaryimage"},"thumbnailUrl":"https:\/\/algarve7.pt\/wp-content\/uploads\/2021\/01\/OMAT-e1611559803956.jpg","keywords":["Algarve","Ambiente","Loul\u00e9"],"articleSection":["Ambiente"],"inLanguage":"pt-PT"},{"@type":"WebPage","@id":"https:\/\/algarve7.pt\/index.php\/2021\/01\/loule-cria-observatorio-municipal-de-ambiente-e-territorio\/ambiente\/07\/45\/","url":"https:\/\/algarve7.pt\/index.php\/2021\/01\/loule-cria-observatorio-municipal-de-ambiente-e-territorio\/ambiente\/07\/45\/","name":"Loul\u00e9 cria observat\u00f3rio municipal de ambiente e territ\u00f3rio - Algarve 7","isPartOf":{"@id":"https:\/\/algarve7.pt\/#website"},"primaryImageOfPage":{"@id":"https:\/\/algarve7.pt\/index.php\/2021\/01\/loule-cria-observatorio-municipal-de-ambiente-e-territorio\/ambiente\/07\/45\/#primaryimage"},"image":{"@id":"https:\/\/algarve7.pt\/index.php\/2021\/01\/loule-cria-observatorio-municipal-de-ambiente-e-territorio\/ambiente\/07\/45\/#primaryimage"},"thumbnailUrl":"https:\/\/algarve7.pt\/wp-content\/uploads\/2021\/01\/OMAT-e1611559803956.jpg","datePublished":"2021-01-25T07:45:00+00:00","description":"Loul\u00e9 cria observat\u00f3rio municipal de ambiente e territ\u00f3rio Ambiente","breadcrumb":{"@id":"https:\/\/algarve7.pt\/index.php\/2021\/01\/loule-cria-observatorio-municipal-de-ambiente-e-territorio\/ambiente\/07\/45\/#breadcrumb"},"inLanguage":"pt-PT","potentialAction":[{"@type":"ReadAction","target":["https:\/\/algarve7.pt\/index.php\/2021\/01\/loule-cria-observatorio-municipal-de-ambiente-e-territorio\/ambiente\/07\/45\/"]}]},{"@type":"ImageObject","inLanguage":"pt-PT","@id":"https:\/\/algarve7.pt\/index.php\/2021\/01\/loule-cria-observatorio-municipal-de-ambiente-e-territorio\/ambiente\/07\/45\/#primaryimage","url":"https:\/\/algarve7.pt\/wp-content\/uploads\/2021\/01\/OMAT-e1611559803956.jpg","contentUrl":"https:\/\/algarve7.pt\/wp-content\/uploads\/2021\/01\/OMAT-e1611559803956.jpg","width":989,"height":447},{"@type":"BreadcrumbList","@id":"https:\/\/algarve7.pt\/index.php\/2021\/01\/loule-cria-observatorio-municipal-de-ambiente-e-territorio\/ambiente\/07\/45\/#breadcrumb","itemListElement":[{"@type":"ListItem","position":1,"name":"In\u00edcio","item":"https:\/\/algarve7.pt\/"},{"@type":"ListItem","position":2,"name":"Loul\u00e9 cria observat\u00f3rio municipal de ambiente e territ\u00f3rio"}]},{"@type":"WebSite","@id":"https:\/\/algarve7.pt\/#website","url":"https:\/\/algarve7.pt\/","name":"Algarve 7","description":"Informa\u00e7\u00e3o sobre o Algarve","publisher":{"@id":"https:\/\/algarve7.pt\/#organization"},"potentialAction":[{"@type":"SearchAction","target":{"@type":"EntryPoint","urlTemplate":"https:\/\/algarve7.pt\/?s={search_term_string}"},"query-input":{"@type":"PropertyValueSpecification","valueRequired":true,"valueName":"search_term_string"}}],"inLanguage":"pt-PT"},{"@type":"Organization","@id":"https:\/\/algarve7.pt\/#organization","name":"Algarve 7","url":"https:\/\/algarve7.pt\/","logo":{"@type":"ImageObject","inLanguage":"pt-PT","@id":"https:\/\/algarve7.pt\/#\/schema\/logo\/image\/","url":"https:\/\/algarve7.pt\/wp-content\/uploads\/2020\/10\/Logo-8.jpg","contentUrl":"https:\/\/algarve7.pt\/wp-content\/uploads\/2020\/10\/Logo-8.jpg","width":1680,"height":1186,"caption":"Algarve 7"},"image":{"@id":"https:\/\/algarve7.pt\/#\/schema\/logo\/image\/"},"sameAs":["https:\/\/www.facebook.com\/algarve7","https:\/\/x.com\/Algarvesete","https:\/\/www.instagram.com\/jornalalgarve7\/","https:\/\/www.linkedin.com\/company\/algarve7","https:\/\/www.pinterest.pt\/geral0939\/_created\/"]},{"@type":"Person","@id":"https:\/\/algarve7.pt\/#\/schema\/person\/23fa70681308e7b319a3204bcea45e0c","name":"Algarve 7","sameAs":["https:\/\/algarve7.pt","https:\/\/www.facebook.com\/algarve7"],"url":"https:\/\/algarve7.pt\/index.php\/author\/geralalgarve7-pt\/"}]}},"jetpack_publicize_connections":[],"jetpack_featured_media_url":"https:\/\/algarve7.pt\/wp-content\/uploads\/2021\/01\/OMAT-e1611559803956.jpg","jetpack_shortlink":"https:\/\/wp.me\/pcezmW-1rP","jetpack_sharing_enabled":true,"_links":{"self":[{"href":"https:\/\/algarve7.pt\/index.php\/wp-json\/wp\/v2\/posts\/5569","targetHints":{"allow":["GET"]}}],"collection":[{"href":"https:\/\/algarve7.pt\/index.php\/wp-json\/wp\/v2\/posts"}],"about":[{"href":"https:\/\/algarve7.pt\/index.php\/wp-json\/wp\/v2\/types\/post"}],"author":[{"embeddable":true,"href":"https:\/\/algarve7.pt\/index.php\/wp-json\/wp\/v2\/users\/1"}],"replies":[{"embeddable":true,"href":"https:\/\/algarve7.pt\/index.php\/wp-json\/wp\/v2\/comments?post=5569"}],"version-history":[{"count":0,"href":"https:\/\/algarve7.pt\/index.php\/wp-json\/wp\/v2\/posts\/5569\/revisions"}],"wp:featuredmedia":[{"embeddable":true,"href":"https:\/\/algarve7.pt\/index.php\/wp-json\/wp\/v2\/media\/5570"}],"wp:attachment":[{"href":"https:\/\/algarve7.pt\/index.php\/wp-json\/wp\/v2\/media?parent=5569"}],"wp:term":[{"taxonomy":"category","embeddable":true,"href":"https:\/\/algarve7.pt\/index.php\/wp-json\/wp\/v2\/categories?post=5569"},{"taxonomy":"post_tag","embeddable":true,"href":"https:\/\/algarve7.pt\/index.php\/wp-json\/wp\/v2\/tags?post=5569"}],"curies":[{"name":"wp","href":"https:\/\/api.w.org\/{rel}","templated":true}]}}