{"id":55600,"date":"2025-11-05T07:03:00","date_gmt":"2025-11-05T07:03:00","guid":{"rendered":"https:\/\/algarve7.pt\/?p=55600"},"modified":"2025-11-04T15:05:54","modified_gmt":"2025-11-04T15:05:54","slug":"rede-de-museus-do-algarve-promove-as-8as-jornadas-em-portimao-sob-o-mote-o-poder-dos-museus-e-do-patrimonio","status":"publish","type":"post","link":"https:\/\/algarve7.pt\/index.php\/2025\/11\/rede-de-museus-do-algarve-promove-as-8as-jornadas-em-portimao-sob-o-mote-o-poder-dos-museus-e-do-patrimonio\/cultura\/07\/03\/","title":{"rendered":"Rede de Museus do Algarve promove as 8AS Jornadas em Portim\u00e3o sob o mote \u201cO Poder dos Museus e do Patrim\u00f3nio\u201d"},"content":{"rendered":"\n<p>\u201cO Poder dos Museus e do Patrim\u00f3nio\u201d \u00e9 o tema das 8\u00aa Jornadas RMA \u2013 Rede de Museus do Algarve, que ter\u00e3o lugar em Portim\u00e3o, no dia 14 de novembro, a partir das 9h00, no audit\u00f3rio J\u00falio Bernardo, do Museu de Portim\u00e3o.&nbsp;<\/p>\n\n\n\n<p>A participa\u00e7\u00e3o nestas Jornadas \u00e9 livre e gratuita, mas sujeita a inscri\u00e7\u00e3o obrigat\u00f3ria, at\u00e9 ao dia 13 de novembro, aqui\u00a0<a href=\"https:\/\/tinyurl.com\/Inscricoes8Jornadas\" target=\"_blank\" rel=\"noreferrer noopener\">https:\/\/tinyurl.com\/Inscricoes8Jornadas<\/a>.<\/p>\n\n\n\n<p>A sess\u00e3o de abertura contar\u00e1 com a presen\u00e7a do presidente da C\u00e2mara Municipal de Portim\u00e3o (\u00c1lvaro Bila), do Vice-Reitor da Universidade do Algarve (Nuno Bicho), da coordenadora da Rede Portuguesa de Museus\/ Museus e Monumentos de Portugal, (F\u00e1tima Roque), do presidente do ICOM Portugal (David Felismino) e da Associa\u00e7\u00e3o Portuguesa de Museologia \u2013 APOM (Jo\u00e3o Neto), tendo como moderadora, Isabel Soares, Chefe de Divis\u00e3o de Museus e Patrim\u00f3nio do Museu de Portim\u00e3o.<\/p>\n\n\n\n<p>A confer\u00eancia inaugural ser\u00e1 apresentada por Jos\u00e9 Gameiro, do Grupo Coordenador da Rede de Museus do Algarve, ter\u00e1 como tema \u201cO Poder dos Museus e do Patrim\u00f3nio\u201d e contar\u00e1 com as interven\u00e7\u00f5es da muse\u00f3loga Clara Fray\u00e3o Camacho, do arquiteto paisagista e escritor, Jos\u00e9 Carlos Barros e do Administrador Executivo da Funda\u00e7\u00e3o Calouste Gulbenkian, Guilherme d`Oliveira Martins.<\/p>\n\n\n\n<p>Segue-se o segundo painel sobre \u201cOs Desafios Museol\u00f3gicos e Patrimoniais\u201d, moderado por Hugo Oliveira, do Grupo Coordenador da Rede de Museus do Algarve, que contar\u00e1 com os contributos de Rita Rato (Diretora do Museu do Aljube) e de T\u00e2nia Reias (Diretora do Museu da Chapelaria). Este painel conta ainda com a presen\u00e7a de Vera Freitas, arque\u00f3loga, do Museu de Portim\u00e3o, Ismael Medeiros, arque\u00f3logo, do munic\u00edpio de Lagoa, Jos\u00e9 Bettencourt, Chefe da Divis\u00e3o do CNANS, Pedro Barros, arque\u00f3logo \u2013 CNANS e Frederico T\u00e1t\u00e1, diretor da Unidade de Cultura (CCDR Algarve) que ir\u00e3o falar sobre o \u201cProjeto Musa \u2013 Musealiza\u00e7\u00e3o dos Achados Arqueol\u00f3gicos do Arade\u201d.<\/p>\n\n\n\n<p>\u00c0 tarde, haver\u00e1 nova mesa-redonda, desta vez com o tema \u201dSociedade Civil, Patrim\u00f3nio e Cidadania Ativa\u201d, moderada por Catarina Oliveira, do Grupo Coordenador da Rede de Museus do Algarve, e tendo como convidados, Lu\u00edsa Ricardo (Grupo PCI), Jo\u00e3o Sequeira (Grupo EDU), Ana Martinho (Grupo CR), Alexandra Pires (Grupo ARQ), Alberto Melo, Priscila Soares (Associa\u00e7\u00e3o IN LOCO), Jos\u00e9 Sousa (Projeto IPSIIS) e Susana G\u00f3mez (Campo Arqueol\u00f3gico de M\u00e9rtola).<\/p>\n\n\n\n<p>As reflex\u00f5es finais estar\u00e3o a cargo de Marco Lopes, do Grupo Coordenador da RMA, de D\u00e1lia Paulo, do Museu Municipal de Loul\u00e9 e de Sandra Pereira, Vice-presidente da C\u00e2mara Municipal de Portim\u00e3o.<\/p>\n\n\n\n<p>Nas crescentes complexidades e contradi\u00e7\u00f5es do s\u00e9culo XXI, s\u00e3o necess\u00e1rios novos conceitos museol\u00f3gicos de relacionamento com a sociedade civil e as comunidades, na singularidade do seu patrim\u00f3nio, da sua evolu\u00e7\u00e3o hist\u00f3rica, numa progressiva continuidade e criatividade, nos caminhos da investiga\u00e7\u00e3o, valoriza\u00e7\u00e3o e interpreta\u00e7\u00e3o do seu legado cultural, no esp\u00edrito dos valores democr\u00e1ticos.&nbsp;<\/p>\n\n\n\n<p>O poder dos museus e do patrim\u00f3nio cultural e natural, material e imaterial, ser\u00e1 tanto mais forte, quanto melhor expressarem, n\u00e3o s\u00f3 a autoconfian\u00e7a e liberdade, mas tamb\u00e9m as d\u00favidas da sua envolvente humana e, quanto mais despertarem um maior di\u00e1logo de proximidade e promo\u00e7\u00e3o de conhecimento, para todos os v\u00e1rios n\u00edveis e camadas sociais, seus valores, direitos e deveres democr\u00e1ticos.&nbsp;<\/p>\n\n\n\n<p>A escolha do tema inspira-se igualmente nos 20 anos da assinatura da CONVEN\u00c7\u00c3O DE FARO&nbsp;&nbsp;(2005-2025), e&nbsp;&nbsp;nas&nbsp;&nbsp;preocupa\u00e7\u00f5es&nbsp;&nbsp;pol\u00edticas&nbsp;&nbsp;e&nbsp;&nbsp;sociais&nbsp;&nbsp;atuais,&nbsp;&nbsp;defesa&nbsp;&nbsp;dos direitos humanos e das liberdades individuais e coletivas, em particular no estabelecimento dos direitos e responsabilidades individuais e universais, relativos ao patrim\u00f3nio cultural, inerentes&nbsp;&nbsp;ao&nbsp;&nbsp;direito&nbsp;&nbsp;de&nbsp;&nbsp;todos&nbsp;&nbsp;participarem&nbsp;&nbsp;na&nbsp;&nbsp;vida&nbsp;&nbsp;cultural,&nbsp;&nbsp;de&nbsp;&nbsp;beneficiarem&nbsp;&nbsp;do patrim\u00f3nio cultural e de contribu\u00edrem para o seu enriquecimento.&nbsp;&nbsp;<\/p>\n\n\n\n<p>Mas estas 8as JORNADAS RMA, ser\u00e3o igualmente uma ocasi\u00e3o para a reflex\u00e3o e transmiss\u00e3o das melhores pr\u00e1ticas, projetos e um ponto focal para a discuss\u00e3o e reinterpreta\u00e7\u00e3o dos m\u00e9todos e valores, das obriga\u00e7\u00f5es e potencialidades dos museus e estruturas patrimoniais, como espa\u00e7os c\u00edvicos cruciais, atentos e promotores de um maior e mais estimulante envolvimento c\u00edvico e associativo da sociedade civil.<\/p>\n\n\n\n<p>O programa completo das 8\u00aa Jornadas RMA \u2013 Rede de Museus do Algarve poder\u00e1 ser consultado aqui:&nbsp;<\/p>\n\n\n\n<p><a href=\"https:\/\/museudeportimao.pt\/images\/00_MUSEU\/2025\/NOTICIAS\/8_JORNADAS_REDE_MUSEUS\/programa_jornadas-rma-2025.pdf\" target=\"_blank\" rel=\"noreferrer noopener\">https:\/\/museudeportimao.pt\/images\/00_MUSEU\/2025\/NOTICIAS\/8_JORNADAS_REDE_MUSEUS\/programa_jornadas-rma-2025.pdf<\/a><\/p>\n","protected":false},"excerpt":{"rendered":"<p>\u201cO Poder dos Museus e do Patrim\u00f3nio\u201d \u00e9 o tema das 8\u00aa Jornadas RMA \u2013 Rede de Museus do Algarve,<\/p>\n","protected":false},"author":1,"featured_media":24796,"comment_status":"closed","ping_status":"closed","sticky":false,"template":"","format":"standard","meta":{"colormag_page_container_layout":"default_layout","colormag_page_sidebar_layout":"default_layout","_monsterinsights_skip_tracking":false,"_monsterinsights_sitenote_active":false,"_monsterinsights_sitenote_note":"","_monsterinsights_sitenote_category":0,"jetpack_post_was_ever_published":false,"_jetpack_newsletter_access":"","_jetpack_dont_email_post_to_subs":false,"_jetpack_newsletter_tier_id":0,"_jetpack_memberships_contains_paywalled_content":false,"_jetpack_memberships_contains_paid_content":false,"footnotes":"","jetpack_publicize_message":"","jetpack_publicize_feature_enabled":true,"jetpack_social_post_already_shared":true,"jetpack_social_options":{"image_generator_settings":{"template":"highway","default_image_id":0,"font":"","enabled":false},"version":2}},"categories":[14],"tags":[36,35,72],"class_list":["post-55600","post","type-post","status-publish","format-standard","has-post-thumbnail","hentry","category-cultura","tag-algarve","tag-cultura","tag-portimao"],"yoast_head":"<!-- This site is optimized with the Yoast SEO plugin v27.4 - https:\/\/yoast.com\/product\/yoast-seo-wordpress\/ -->\n<title>Rede de Museus do Algarve promove as 8AS Jornadas em Portim\u00e3o sob o mote \u201cO Poder dos Museus e do Patrim\u00f3nio\u201d - Algarve 7<\/title>\n<meta name=\"description\" content=\"Rede de Museus do Algarve promove as 8AS Jornadas em Portim\u00e3o sob o mote \u201cO Poder dos Museus e do Patrim\u00f3nio\u201d Cultura\" \/>\n<meta name=\"robots\" content=\"index, follow, max-snippet:-1, max-image-preview:large, max-video-preview:-1\" \/>\n<link rel=\"canonical\" href=\"https:\/\/algarve7.pt\/index.php\/2025\/11\/rede-de-museus-do-algarve-promove-as-8as-jornadas-em-portimao-sob-o-mote-o-poder-dos-museus-e-do-patrimonio\/cultura\/07\/03\/\" \/>\n<meta property=\"og:locale\" content=\"pt_PT\" \/>\n<meta property=\"og:type\" content=\"article\" \/>\n<meta property=\"og:title\" content=\"Rede de Museus do Algarve promove as 8AS Jornadas em Portim\u00e3o sob o mote \u201cO Poder dos Museus e do Patrim\u00f3nio\u201d - Algarve 7\" \/>\n<meta property=\"og:description\" content=\"Rede de Museus do Algarve promove as 8AS Jornadas em Portim\u00e3o sob o mote \u201cO Poder dos Museus e do Patrim\u00f3nio\u201d Cultura\" \/>\n<meta property=\"og:url\" content=\"https:\/\/algarve7.pt\/index.php\/2025\/11\/rede-de-museus-do-algarve-promove-as-8as-jornadas-em-portimao-sob-o-mote-o-poder-dos-museus-e-do-patrimonio\/cultura\/07\/03\/\" \/>\n<meta property=\"og:site_name\" content=\"Algarve 7\" \/>\n<meta property=\"article:publisher\" content=\"https:\/\/www.facebook.com\/algarve7\" \/>\n<meta property=\"article:author\" content=\"https:\/\/www.facebook.com\/algarve7\" \/>\n<meta property=\"article:published_time\" content=\"2025-11-05T07:03:00+00:00\" \/>\n<meta property=\"og:image\" content=\"https:\/\/algarve7.pt\/wp-content\/uploads\/2023\/01\/07-Fachada-Museu-actual.jpg\" \/>\n\t<meta property=\"og:image:width\" content=\"1024\" \/>\n\t<meta property=\"og:image:height\" content=\"688\" \/>\n\t<meta property=\"og:image:type\" content=\"image\/jpeg\" \/>\n<meta name=\"author\" content=\"Algarve 7\" \/>\n<meta name=\"twitter:card\" content=\"summary_large_image\" \/>\n<meta name=\"twitter:creator\" content=\"@Algarvesete\" \/>\n<meta name=\"twitter:site\" content=\"@Algarvesete\" \/>\n<meta name=\"twitter:label1\" content=\"Escrito por\" \/>\n\t<meta name=\"twitter:data1\" content=\"Algarve 7\" \/>\n\t<meta name=\"twitter:label2\" content=\"Tempo estimado de leitura\" \/>\n\t<meta name=\"twitter:data2\" content=\"4 minutos\" \/>\n<script type=\"application\/ld+json\" class=\"yoast-schema-graph\">{\"@context\":\"https:\\\/\\\/schema.org\",\"@graph\":[{\"@type\":\"Article\",\"@id\":\"https:\\\/\\\/algarve7.pt\\\/index.php\\\/2025\\\/11\\\/rede-de-museus-do-algarve-promove-as-8as-jornadas-em-portimao-sob-o-mote-o-poder-dos-museus-e-do-patrimonio\\\/cultura\\\/07\\\/03\\\/#article\",\"isPartOf\":{\"@id\":\"https:\\\/\\\/algarve7.pt\\\/index.php\\\/2025\\\/11\\\/rede-de-museus-do-algarve-promove-as-8as-jornadas-em-portimao-sob-o-mote-o-poder-dos-museus-e-do-patrimonio\\\/cultura\\\/07\\\/03\\\/\"},\"author\":{\"name\":\"Algarve 7\",\"@id\":\"https:\\\/\\\/algarve7.pt\\\/#\\\/schema\\\/person\\\/23fa70681308e7b319a3204bcea45e0c\"},\"headline\":\"Rede de Museus do Algarve promove as 8AS Jornadas em Portim\u00e3o sob o mote \u201cO Poder dos Museus e do Patrim\u00f3nio\u201d\",\"datePublished\":\"2025-11-05T07:03:00+00:00\",\"mainEntityOfPage\":{\"@id\":\"https:\\\/\\\/algarve7.pt\\\/index.php\\\/2025\\\/11\\\/rede-de-museus-do-algarve-promove-as-8as-jornadas-em-portimao-sob-o-mote-o-poder-dos-museus-e-do-patrimonio\\\/cultura\\\/07\\\/03\\\/\"},\"wordCount\":816,\"publisher\":{\"@id\":\"https:\\\/\\\/algarve7.pt\\\/#organization\"},\"image\":{\"@id\":\"https:\\\/\\\/algarve7.pt\\\/index.php\\\/2025\\\/11\\\/rede-de-museus-do-algarve-promove-as-8as-jornadas-em-portimao-sob-o-mote-o-poder-dos-museus-e-do-patrimonio\\\/cultura\\\/07\\\/03\\\/#primaryimage\"},\"thumbnailUrl\":\"https:\\\/\\\/algarve7.pt\\\/wp-content\\\/uploads\\\/2023\\\/01\\\/07-Fachada-Museu-actual.jpg\",\"keywords\":[\"Algarve\",\"Cultura\",\"Portim\u00e3o\"],\"articleSection\":[\"Cultura\"],\"inLanguage\":\"pt-PT\"},{\"@type\":\"WebPage\",\"@id\":\"https:\\\/\\\/algarve7.pt\\\/index.php\\\/2025\\\/11\\\/rede-de-museus-do-algarve-promove-as-8as-jornadas-em-portimao-sob-o-mote-o-poder-dos-museus-e-do-patrimonio\\\/cultura\\\/07\\\/03\\\/\",\"url\":\"https:\\\/\\\/algarve7.pt\\\/index.php\\\/2025\\\/11\\\/rede-de-museus-do-algarve-promove-as-8as-jornadas-em-portimao-sob-o-mote-o-poder-dos-museus-e-do-patrimonio\\\/cultura\\\/07\\\/03\\\/\",\"name\":\"Rede de Museus do Algarve promove as 8AS Jornadas em Portim\u00e3o sob o mote \u201cO Poder dos Museus e do Patrim\u00f3nio\u201d - Algarve 7\",\"isPartOf\":{\"@id\":\"https:\\\/\\\/algarve7.pt\\\/#website\"},\"primaryImageOfPage\":{\"@id\":\"https:\\\/\\\/algarve7.pt\\\/index.php\\\/2025\\\/11\\\/rede-de-museus-do-algarve-promove-as-8as-jornadas-em-portimao-sob-o-mote-o-poder-dos-museus-e-do-patrimonio\\\/cultura\\\/07\\\/03\\\/#primaryimage\"},\"image\":{\"@id\":\"https:\\\/\\\/algarve7.pt\\\/index.php\\\/2025\\\/11\\\/rede-de-museus-do-algarve-promove-as-8as-jornadas-em-portimao-sob-o-mote-o-poder-dos-museus-e-do-patrimonio\\\/cultura\\\/07\\\/03\\\/#primaryimage\"},\"thumbnailUrl\":\"https:\\\/\\\/algarve7.pt\\\/wp-content\\\/uploads\\\/2023\\\/01\\\/07-Fachada-Museu-actual.jpg\",\"datePublished\":\"2025-11-05T07:03:00+00:00\",\"description\":\"Rede de Museus do Algarve promove as 8AS Jornadas em Portim\u00e3o sob o mote \u201cO Poder dos Museus e do Patrim\u00f3nio\u201d Cultura\",\"breadcrumb\":{\"@id\":\"https:\\\/\\\/algarve7.pt\\\/index.php\\\/2025\\\/11\\\/rede-de-museus-do-algarve-promove-as-8as-jornadas-em-portimao-sob-o-mote-o-poder-dos-museus-e-do-patrimonio\\\/cultura\\\/07\\\/03\\\/#breadcrumb\"},\"inLanguage\":\"pt-PT\",\"potentialAction\":[{\"@type\":\"ReadAction\",\"target\":[\"https:\\\/\\\/algarve7.pt\\\/index.php\\\/2025\\\/11\\\/rede-de-museus-do-algarve-promove-as-8as-jornadas-em-portimao-sob-o-mote-o-poder-dos-museus-e-do-patrimonio\\\/cultura\\\/07\\\/03\\\/\"]}]},{\"@type\":\"ImageObject\",\"inLanguage\":\"pt-PT\",\"@id\":\"https:\\\/\\\/algarve7.pt\\\/index.php\\\/2025\\\/11\\\/rede-de-museus-do-algarve-promove-as-8as-jornadas-em-portimao-sob-o-mote-o-poder-dos-museus-e-do-patrimonio\\\/cultura\\\/07\\\/03\\\/#primaryimage\",\"url\":\"https:\\\/\\\/algarve7.pt\\\/wp-content\\\/uploads\\\/2023\\\/01\\\/07-Fachada-Museu-actual.jpg\",\"contentUrl\":\"https:\\\/\\\/algarve7.pt\\\/wp-content\\\/uploads\\\/2023\\\/01\\\/07-Fachada-Museu-actual.jpg\",\"width\":1024,\"height\":688},{\"@type\":\"BreadcrumbList\",\"@id\":\"https:\\\/\\\/algarve7.pt\\\/index.php\\\/2025\\\/11\\\/rede-de-museus-do-algarve-promove-as-8as-jornadas-em-portimao-sob-o-mote-o-poder-dos-museus-e-do-patrimonio\\\/cultura\\\/07\\\/03\\\/#breadcrumb\",\"itemListElement\":[{\"@type\":\"ListItem\",\"position\":1,\"name\":\"In\u00edcio\",\"item\":\"https:\\\/\\\/algarve7.pt\\\/\"},{\"@type\":\"ListItem\",\"position\":2,\"name\":\"Rede de Museus do Algarve promove as 8AS Jornadas em Portim\u00e3o sob o mote \u201cO Poder dos Museus e do Patrim\u00f3nio\u201d\"}]},{\"@type\":\"WebSite\",\"@id\":\"https:\\\/\\\/algarve7.pt\\\/#website\",\"url\":\"https:\\\/\\\/algarve7.pt\\\/\",\"name\":\"Algarve 7\",\"description\":\"Informa\u00e7\u00e3o sobre o Algarve\",\"publisher\":{\"@id\":\"https:\\\/\\\/algarve7.pt\\\/#organization\"},\"potentialAction\":[{\"@type\":\"SearchAction\",\"target\":{\"@type\":\"EntryPoint\",\"urlTemplate\":\"https:\\\/\\\/algarve7.pt\\\/?s={search_term_string}\"},\"query-input\":{\"@type\":\"PropertyValueSpecification\",\"valueRequired\":true,\"valueName\":\"search_term_string\"}}],\"inLanguage\":\"pt-PT\"},{\"@type\":\"Organization\",\"@id\":\"https:\\\/\\\/algarve7.pt\\\/#organization\",\"name\":\"Algarve 7\",\"url\":\"https:\\\/\\\/algarve7.pt\\\/\",\"logo\":{\"@type\":\"ImageObject\",\"inLanguage\":\"pt-PT\",\"@id\":\"https:\\\/\\\/algarve7.pt\\\/#\\\/schema\\\/logo\\\/image\\\/\",\"url\":\"https:\\\/\\\/algarve7.pt\\\/wp-content\\\/uploads\\\/2020\\\/10\\\/Logo-8.jpg\",\"contentUrl\":\"https:\\\/\\\/algarve7.pt\\\/wp-content\\\/uploads\\\/2020\\\/10\\\/Logo-8.jpg\",\"width\":1680,\"height\":1186,\"caption\":\"Algarve 7\"},\"image\":{\"@id\":\"https:\\\/\\\/algarve7.pt\\\/#\\\/schema\\\/logo\\\/image\\\/\"},\"sameAs\":[\"https:\\\/\\\/www.facebook.com\\\/algarve7\",\"https:\\\/\\\/x.com\\\/Algarvesete\",\"https:\\\/\\\/www.instagram.com\\\/jornalalgarve7\\\/\",\"https:\\\/\\\/www.linkedin.com\\\/company\\\/algarve7\",\"https:\\\/\\\/www.pinterest.pt\\\/geral0939\\\/_created\\\/\"]},{\"@type\":\"Person\",\"@id\":\"https:\\\/\\\/algarve7.pt\\\/#\\\/schema\\\/person\\\/23fa70681308e7b319a3204bcea45e0c\",\"name\":\"Algarve 7\",\"sameAs\":[\"https:\\\/\\\/algarve7.pt\",\"https:\\\/\\\/www.facebook.com\\\/algarve7\"],\"url\":\"https:\\\/\\\/algarve7.pt\\\/index.php\\\/author\\\/geralalgarve7-pt\\\/\"}]}<\/script>\n<!-- \/ Yoast SEO plugin. -->","yoast_head_json":{"title":"Rede de Museus do Algarve promove as 8AS Jornadas em Portim\u00e3o sob o mote \u201cO Poder dos Museus e do Patrim\u00f3nio\u201d - Algarve 7","description":"Rede de Museus do Algarve promove as 8AS Jornadas em Portim\u00e3o sob o mote \u201cO Poder dos Museus e do Patrim\u00f3nio\u201d Cultura","robots":{"index":"index","follow":"follow","max-snippet":"max-snippet:-1","max-image-preview":"max-image-preview:large","max-video-preview":"max-video-preview:-1"},"canonical":"https:\/\/algarve7.pt\/index.php\/2025\/11\/rede-de-museus-do-algarve-promove-as-8as-jornadas-em-portimao-sob-o-mote-o-poder-dos-museus-e-do-patrimonio\/cultura\/07\/03\/","og_locale":"pt_PT","og_type":"article","og_title":"Rede de Museus do Algarve promove as 8AS Jornadas em Portim\u00e3o sob o mote \u201cO Poder dos Museus e do Patrim\u00f3nio\u201d - Algarve 7","og_description":"Rede de Museus do Algarve promove as 8AS Jornadas em Portim\u00e3o sob o mote \u201cO Poder dos Museus e do Patrim\u00f3nio\u201d Cultura","og_url":"https:\/\/algarve7.pt\/index.php\/2025\/11\/rede-de-museus-do-algarve-promove-as-8as-jornadas-em-portimao-sob-o-mote-o-poder-dos-museus-e-do-patrimonio\/cultura\/07\/03\/","og_site_name":"Algarve 7","article_publisher":"https:\/\/www.facebook.com\/algarve7","article_author":"https:\/\/www.facebook.com\/algarve7","article_published_time":"2025-11-05T07:03:00+00:00","og_image":[{"width":1024,"height":688,"url":"https:\/\/algarve7.pt\/wp-content\/uploads\/2023\/01\/07-Fachada-Museu-actual.jpg","type":"image\/jpeg"}],"author":"Algarve 7","twitter_card":"summary_large_image","twitter_creator":"@Algarvesete","twitter_site":"@Algarvesete","twitter_misc":{"Escrito por":"Algarve 7","Tempo estimado de leitura":"4 minutos"},"schema":{"@context":"https:\/\/schema.org","@graph":[{"@type":"Article","@id":"https:\/\/algarve7.pt\/index.php\/2025\/11\/rede-de-museus-do-algarve-promove-as-8as-jornadas-em-portimao-sob-o-mote-o-poder-dos-museus-e-do-patrimonio\/cultura\/07\/03\/#article","isPartOf":{"@id":"https:\/\/algarve7.pt\/index.php\/2025\/11\/rede-de-museus-do-algarve-promove-as-8as-jornadas-em-portimao-sob-o-mote-o-poder-dos-museus-e-do-patrimonio\/cultura\/07\/03\/"},"author":{"name":"Algarve 7","@id":"https:\/\/algarve7.pt\/#\/schema\/person\/23fa70681308e7b319a3204bcea45e0c"},"headline":"Rede de Museus do Algarve promove as 8AS Jornadas em Portim\u00e3o sob o mote \u201cO Poder dos Museus e do Patrim\u00f3nio\u201d","datePublished":"2025-11-05T07:03:00+00:00","mainEntityOfPage":{"@id":"https:\/\/algarve7.pt\/index.php\/2025\/11\/rede-de-museus-do-algarve-promove-as-8as-jornadas-em-portimao-sob-o-mote-o-poder-dos-museus-e-do-patrimonio\/cultura\/07\/03\/"},"wordCount":816,"publisher":{"@id":"https:\/\/algarve7.pt\/#organization"},"image":{"@id":"https:\/\/algarve7.pt\/index.php\/2025\/11\/rede-de-museus-do-algarve-promove-as-8as-jornadas-em-portimao-sob-o-mote-o-poder-dos-museus-e-do-patrimonio\/cultura\/07\/03\/#primaryimage"},"thumbnailUrl":"https:\/\/algarve7.pt\/wp-content\/uploads\/2023\/01\/07-Fachada-Museu-actual.jpg","keywords":["Algarve","Cultura","Portim\u00e3o"],"articleSection":["Cultura"],"inLanguage":"pt-PT"},{"@type":"WebPage","@id":"https:\/\/algarve7.pt\/index.php\/2025\/11\/rede-de-museus-do-algarve-promove-as-8as-jornadas-em-portimao-sob-o-mote-o-poder-dos-museus-e-do-patrimonio\/cultura\/07\/03\/","url":"https:\/\/algarve7.pt\/index.php\/2025\/11\/rede-de-museus-do-algarve-promove-as-8as-jornadas-em-portimao-sob-o-mote-o-poder-dos-museus-e-do-patrimonio\/cultura\/07\/03\/","name":"Rede de Museus do Algarve promove as 8AS Jornadas em Portim\u00e3o sob o mote \u201cO Poder dos Museus e do Patrim\u00f3nio\u201d - Algarve 7","isPartOf":{"@id":"https:\/\/algarve7.pt\/#website"},"primaryImageOfPage":{"@id":"https:\/\/algarve7.pt\/index.php\/2025\/11\/rede-de-museus-do-algarve-promove-as-8as-jornadas-em-portimao-sob-o-mote-o-poder-dos-museus-e-do-patrimonio\/cultura\/07\/03\/#primaryimage"},"image":{"@id":"https:\/\/algarve7.pt\/index.php\/2025\/11\/rede-de-museus-do-algarve-promove-as-8as-jornadas-em-portimao-sob-o-mote-o-poder-dos-museus-e-do-patrimonio\/cultura\/07\/03\/#primaryimage"},"thumbnailUrl":"https:\/\/algarve7.pt\/wp-content\/uploads\/2023\/01\/07-Fachada-Museu-actual.jpg","datePublished":"2025-11-05T07:03:00+00:00","description":"Rede de Museus do Algarve promove as 8AS Jornadas em Portim\u00e3o sob o mote \u201cO Poder dos Museus e do Patrim\u00f3nio\u201d Cultura","breadcrumb":{"@id":"https:\/\/algarve7.pt\/index.php\/2025\/11\/rede-de-museus-do-algarve-promove-as-8as-jornadas-em-portimao-sob-o-mote-o-poder-dos-museus-e-do-patrimonio\/cultura\/07\/03\/#breadcrumb"},"inLanguage":"pt-PT","potentialAction":[{"@type":"ReadAction","target":["https:\/\/algarve7.pt\/index.php\/2025\/11\/rede-de-museus-do-algarve-promove-as-8as-jornadas-em-portimao-sob-o-mote-o-poder-dos-museus-e-do-patrimonio\/cultura\/07\/03\/"]}]},{"@type":"ImageObject","inLanguage":"pt-PT","@id":"https:\/\/algarve7.pt\/index.php\/2025\/11\/rede-de-museus-do-algarve-promove-as-8as-jornadas-em-portimao-sob-o-mote-o-poder-dos-museus-e-do-patrimonio\/cultura\/07\/03\/#primaryimage","url":"https:\/\/algarve7.pt\/wp-content\/uploads\/2023\/01\/07-Fachada-Museu-actual.jpg","contentUrl":"https:\/\/algarve7.pt\/wp-content\/uploads\/2023\/01\/07-Fachada-Museu-actual.jpg","width":1024,"height":688},{"@type":"BreadcrumbList","@id":"https:\/\/algarve7.pt\/index.php\/2025\/11\/rede-de-museus-do-algarve-promove-as-8as-jornadas-em-portimao-sob-o-mote-o-poder-dos-museus-e-do-patrimonio\/cultura\/07\/03\/#breadcrumb","itemListElement":[{"@type":"ListItem","position":1,"name":"In\u00edcio","item":"https:\/\/algarve7.pt\/"},{"@type":"ListItem","position":2,"name":"Rede de Museus do Algarve promove as 8AS Jornadas em Portim\u00e3o sob o mote \u201cO Poder dos Museus e do Patrim\u00f3nio\u201d"}]},{"@type":"WebSite","@id":"https:\/\/algarve7.pt\/#website","url":"https:\/\/algarve7.pt\/","name":"Algarve 7","description":"Informa\u00e7\u00e3o sobre o Algarve","publisher":{"@id":"https:\/\/algarve7.pt\/#organization"},"potentialAction":[{"@type":"SearchAction","target":{"@type":"EntryPoint","urlTemplate":"https:\/\/algarve7.pt\/?s={search_term_string}"},"query-input":{"@type":"PropertyValueSpecification","valueRequired":true,"valueName":"search_term_string"}}],"inLanguage":"pt-PT"},{"@type":"Organization","@id":"https:\/\/algarve7.pt\/#organization","name":"Algarve 7","url":"https:\/\/algarve7.pt\/","logo":{"@type":"ImageObject","inLanguage":"pt-PT","@id":"https:\/\/algarve7.pt\/#\/schema\/logo\/image\/","url":"https:\/\/algarve7.pt\/wp-content\/uploads\/2020\/10\/Logo-8.jpg","contentUrl":"https:\/\/algarve7.pt\/wp-content\/uploads\/2020\/10\/Logo-8.jpg","width":1680,"height":1186,"caption":"Algarve 7"},"image":{"@id":"https:\/\/algarve7.pt\/#\/schema\/logo\/image\/"},"sameAs":["https:\/\/www.facebook.com\/algarve7","https:\/\/x.com\/Algarvesete","https:\/\/www.instagram.com\/jornalalgarve7\/","https:\/\/www.linkedin.com\/company\/algarve7","https:\/\/www.pinterest.pt\/geral0939\/_created\/"]},{"@type":"Person","@id":"https:\/\/algarve7.pt\/#\/schema\/person\/23fa70681308e7b319a3204bcea45e0c","name":"Algarve 7","sameAs":["https:\/\/algarve7.pt","https:\/\/www.facebook.com\/algarve7"],"url":"https:\/\/algarve7.pt\/index.php\/author\/geralalgarve7-pt\/"}]}},"jetpack_publicize_connections":[],"jetpack_featured_media_url":"https:\/\/algarve7.pt\/wp-content\/uploads\/2023\/01\/07-Fachada-Museu-actual.jpg","jetpack_shortlink":"https:\/\/wp.me\/pcezmW-esM","jetpack_sharing_enabled":true,"_links":{"self":[{"href":"https:\/\/algarve7.pt\/index.php\/wp-json\/wp\/v2\/posts\/55600","targetHints":{"allow":["GET"]}}],"collection":[{"href":"https:\/\/algarve7.pt\/index.php\/wp-json\/wp\/v2\/posts"}],"about":[{"href":"https:\/\/algarve7.pt\/index.php\/wp-json\/wp\/v2\/types\/post"}],"author":[{"embeddable":true,"href":"https:\/\/algarve7.pt\/index.php\/wp-json\/wp\/v2\/users\/1"}],"replies":[{"embeddable":true,"href":"https:\/\/algarve7.pt\/index.php\/wp-json\/wp\/v2\/comments?post=55600"}],"version-history":[{"count":0,"href":"https:\/\/algarve7.pt\/index.php\/wp-json\/wp\/v2\/posts\/55600\/revisions"}],"wp:featuredmedia":[{"embeddable":true,"href":"https:\/\/algarve7.pt\/index.php\/wp-json\/wp\/v2\/media\/24796"}],"wp:attachment":[{"href":"https:\/\/algarve7.pt\/index.php\/wp-json\/wp\/v2\/media?parent=55600"}],"wp:term":[{"taxonomy":"category","embeddable":true,"href":"https:\/\/algarve7.pt\/index.php\/wp-json\/wp\/v2\/categories?post=55600"},{"taxonomy":"post_tag","embeddable":true,"href":"https:\/\/algarve7.pt\/index.php\/wp-json\/wp\/v2\/tags?post=55600"}],"curies":[{"name":"wp","href":"https:\/\/api.w.org\/{rel}","templated":true}]}}