{"id":55597,"date":"2025-11-04T15:02:15","date_gmt":"2025-11-04T15:02:15","guid":{"rendered":"https:\/\/algarve7.pt\/?p=55597"},"modified":"2025-11-04T15:02:20","modified_gmt":"2025-11-04T15:02:20","slug":"quarteira-recebe-exercicio-a-escala-real-com-cenario-de-sismo-e-tsunami-e-populacao-pode-participar","status":"publish","type":"post","link":"https:\/\/algarve7.pt\/index.php\/2025\/11\/quarteira-recebe-exercicio-a-escala-real-com-cenario-de-sismo-e-tsunami-e-populacao-pode-participar\/ambiente\/15\/02\/","title":{"rendered":"Quarteira recebe exerc\u00edcio \u201c\u00e0 escala real\u201d com cen\u00e1rio de sismo e tsunami e popula\u00e7\u00e3o pode participar"},"content":{"rendered":"\n<p>Na pr\u00f3xima quarta-feira, 5 de novembro, realiza-se a iniciativa&nbsp;A TERRA TREME&nbsp;&#8211; Exerc\u00edcio Nacional P\u00fablico de Sensibiliza\u00e7\u00e3o, para assinalar&nbsp;o Dia Mundial de Sensibiliza\u00e7\u00e3o para Risco de Tsunami. Pelas 11h05, decorre em Quarteira um exerc\u00edcio \u00e0 escala real,&nbsp;com o cen\u00e1rio de sismo seguido de tsunami, onde ser\u00e3o&nbsp;ativadas as 7 torres sonoras existentes na freguesia, e no qual a comunidade \u00e9 convidada a participar.<\/p>\n\n\n\n<p>Ap\u00f3s a ativa\u00e7\u00e3o das sirenes com a mensagem de exerc\u00edcio de alerta de tsunami, a popula\u00e7\u00e3o deve dirigir-se ao Ponto de Encontro mais pr\u00f3ximo (existem 13 na freguesia), seguindo a sinal\u00e9tica referente \u00e0s rotas de evacua\u00e7\u00e3o existentes.<\/p>\n\n\n\n<p>No Ponto de Encontro estar\u00e1 um elemento da Prote\u00e7\u00e3o Civil Municipal, que efetuar\u00e1 o registo dos cidad\u00e3os participantes, sendo o principal objetivo deste exerc\u00edcio envolver o maior n\u00famero de pessoas e, por outro lado, testar os procedimentos dos v\u00e1rios agentes de Prote\u00e7\u00e3o Civil e o sistema de aviso e alerta no patamar municipal.&nbsp;Individualmente ou em grupo, em qualquer local onde se encontrem, todos as pessoas dever\u00e3o participar.<\/p>\n\n\n\n<p>BAIXAR, PROTEGER e AGUARDAR s\u00e3o os tr\u00eas gestos que melhor respondem em caso de sismo e que ser\u00e3o testados neste dia em que A TERRA TREME.&nbsp;<\/p>\n\n\n\n<p>O exerc\u00edcio \u00e9 enquadrado na Estrat\u00e9gia Nacional para uma Prote\u00e7\u00e3o Civil Preventiva 2030 (Estrat\u00e9gia 2030), no \u00e2mbito da resolu\u00e7\u00e3o n\u00ba 160\/2017 de 30 de outubro do Conselho de Ministros de 2021, a qual estipula que os munic\u00edpios devem promover a elabora\u00e7\u00e3o de Planos de Evacua\u00e7\u00e3o devido a tsunamis nas zonas costeiras, assim como instalar a respetiva sinal\u00e9tica.<\/p>\n\n\n\n<p>O Dia Mundial de Sensibiliza\u00e7\u00e3o para Risco de Tsunami foi institu\u00eddo em 2015 pela Organiza\u00e7\u00e3o das Na\u00e7\u00f5es Unidas (ONU) na sequ\u00eancia do primeiro grande desastre natural do s\u00e9culo XXI, causado pelo tsunami de 2004, no Oceano \u00cdndico, que afetou 14 pa\u00edses e vitimou cerca de 230.000 pessoas.<\/p>\n\n\n\n<p>\u201cParticipe e prepare-se, pois todos somos Prote\u00e7\u00e3o Civil!\u201d.<\/p>\n","protected":false},"excerpt":{"rendered":"<p>Na pr\u00f3xima quarta-feira, 5 de novembro, realiza-se a iniciativa&nbsp;A TERRA TREME&nbsp;&#8211; Exerc\u00edcio Nacional P\u00fablico de Sensibiliza\u00e7\u00e3o, para assinalar&nbsp;o Dia Mundial<\/p>\n","protected":false},"author":1,"featured_media":55598,"comment_status":"closed","ping_status":"closed","sticky":false,"template":"","format":"standard","meta":{"colormag_page_container_layout":"default_layout","colormag_page_sidebar_layout":"default_layout","_monsterinsights_skip_tracking":false,"_monsterinsights_sitenote_active":false,"_monsterinsights_sitenote_note":"","_monsterinsights_sitenote_category":0,"jetpack_post_was_ever_published":false,"_jetpack_newsletter_access":"","_jetpack_dont_email_post_to_subs":false,"_jetpack_newsletter_tier_id":0,"_jetpack_memberships_contains_paywalled_content":false,"_jetpack_memberships_contains_paid_content":false,"footnotes":"","jetpack_publicize_message":"","jetpack_publicize_feature_enabled":true,"jetpack_social_post_already_shared":true,"jetpack_social_options":{"image_generator_settings":{"template":"highway","default_image_id":0,"font":"","enabled":false},"version":2}},"categories":[5],"tags":[36,32,112],"class_list":["post-55597","post","type-post","status-publish","format-standard","has-post-thumbnail","hentry","category-ambiente","tag-algarve","tag-ambiente","tag-quarteira"],"yoast_head":"<!-- This site is optimized with the Yoast SEO plugin v27.5 - https:\/\/yoast.com\/product\/yoast-seo-wordpress\/ -->\n<title>Quarteira recebe exerc\u00edcio \u201c\u00e0 escala real\u201d com cen\u00e1rio de sismo e tsunami e popula\u00e7\u00e3o pode participar - Algarve 7<\/title>\n<meta name=\"description\" content=\"Quarteira recebe exerc\u00edcio \u201c\u00e0 escala real\u201d com cen\u00e1rio de sismo e tsunami e popula\u00e7\u00e3o pode participar Ambiente\" \/>\n<meta name=\"robots\" content=\"index, follow, max-snippet:-1, max-image-preview:large, max-video-preview:-1\" \/>\n<link rel=\"canonical\" href=\"https:\/\/algarve7.pt\/index.php\/2025\/11\/quarteira-recebe-exercicio-a-escala-real-com-cenario-de-sismo-e-tsunami-e-populacao-pode-participar\/ambiente\/15\/02\/\" \/>\n<meta property=\"og:locale\" content=\"pt_PT\" \/>\n<meta property=\"og:type\" content=\"article\" \/>\n<meta property=\"og:title\" content=\"Quarteira recebe exerc\u00edcio \u201c\u00e0 escala real\u201d com cen\u00e1rio de sismo e tsunami e popula\u00e7\u00e3o pode participar - Algarve 7\" \/>\n<meta property=\"og:description\" content=\"Quarteira recebe exerc\u00edcio \u201c\u00e0 escala real\u201d com cen\u00e1rio de sismo e tsunami e popula\u00e7\u00e3o pode participar Ambiente\" \/>\n<meta property=\"og:url\" content=\"https:\/\/algarve7.pt\/index.php\/2025\/11\/quarteira-recebe-exercicio-a-escala-real-com-cenario-de-sismo-e-tsunami-e-populacao-pode-participar\/ambiente\/15\/02\/\" \/>\n<meta property=\"og:site_name\" content=\"Algarve 7\" \/>\n<meta property=\"article:publisher\" content=\"https:\/\/www.facebook.com\/algarve7\" \/>\n<meta property=\"article:author\" content=\"https:\/\/www.facebook.com\/algarve7\" \/>\n<meta property=\"article:published_time\" content=\"2025-11-04T15:02:15+00:00\" \/>\n<meta property=\"article:modified_time\" content=\"2025-11-04T15:02:20+00:00\" \/>\n<meta property=\"og:image\" content=\"https:\/\/algarve7.pt\/wp-content\/uploads\/2025\/11\/Captura-de-ecra-2025-11-04-as-14.58.48.png\" \/>\n\t<meta property=\"og:image:width\" content=\"800\" \/>\n\t<meta property=\"og:image:height\" content=\"500\" \/>\n\t<meta property=\"og:image:type\" content=\"image\/png\" \/>\n<meta name=\"author\" content=\"Algarve 7\" \/>\n<meta name=\"twitter:card\" content=\"summary_large_image\" \/>\n<meta name=\"twitter:creator\" content=\"@Algarvesete\" \/>\n<meta name=\"twitter:site\" content=\"@Algarvesete\" \/>\n<meta name=\"twitter:label1\" content=\"Escrito por\" \/>\n\t<meta name=\"twitter:data1\" content=\"Algarve 7\" \/>\n\t<meta name=\"twitter:label2\" content=\"Tempo estimado de leitura\" \/>\n\t<meta name=\"twitter:data2\" content=\"2 minutos\" \/>\n<script type=\"application\/ld+json\" class=\"yoast-schema-graph\">{\"@context\":\"https:\\\/\\\/schema.org\",\"@graph\":[{\"@type\":\"Article\",\"@id\":\"https:\\\/\\\/algarve7.pt\\\/index.php\\\/2025\\\/11\\\/quarteira-recebe-exercicio-a-escala-real-com-cenario-de-sismo-e-tsunami-e-populacao-pode-participar\\\/ambiente\\\/15\\\/02\\\/#article\",\"isPartOf\":{\"@id\":\"https:\\\/\\\/algarve7.pt\\\/index.php\\\/2025\\\/11\\\/quarteira-recebe-exercicio-a-escala-real-com-cenario-de-sismo-e-tsunami-e-populacao-pode-participar\\\/ambiente\\\/15\\\/02\\\/\"},\"author\":{\"name\":\"Algarve 7\",\"@id\":\"https:\\\/\\\/algarve7.pt\\\/#\\\/schema\\\/person\\\/23fa70681308e7b319a3204bcea45e0c\"},\"headline\":\"Quarteira recebe exerc\u00edcio \u201c\u00e0 escala real\u201d com cen\u00e1rio de sismo e tsunami e popula\u00e7\u00e3o pode participar\",\"datePublished\":\"2025-11-04T15:02:15+00:00\",\"dateModified\":\"2025-11-04T15:02:20+00:00\",\"mainEntityOfPage\":{\"@id\":\"https:\\\/\\\/algarve7.pt\\\/index.php\\\/2025\\\/11\\\/quarteira-recebe-exercicio-a-escala-real-com-cenario-de-sismo-e-tsunami-e-populacao-pode-participar\\\/ambiente\\\/15\\\/02\\\/\"},\"wordCount\":361,\"publisher\":{\"@id\":\"https:\\\/\\\/algarve7.pt\\\/#organization\"},\"image\":{\"@id\":\"https:\\\/\\\/algarve7.pt\\\/index.php\\\/2025\\\/11\\\/quarteira-recebe-exercicio-a-escala-real-com-cenario-de-sismo-e-tsunami-e-populacao-pode-participar\\\/ambiente\\\/15\\\/02\\\/#primaryimage\"},\"thumbnailUrl\":\"https:\\\/\\\/algarve7.pt\\\/wp-content\\\/uploads\\\/2025\\\/11\\\/Captura-de-ecra-2025-11-04-as-14.58.48.png\",\"keywords\":[\"Algarve\",\"Ambiente\",\"Quarteira\"],\"articleSection\":[\"Ambiente\"],\"inLanguage\":\"pt-PT\"},{\"@type\":\"WebPage\",\"@id\":\"https:\\\/\\\/algarve7.pt\\\/index.php\\\/2025\\\/11\\\/quarteira-recebe-exercicio-a-escala-real-com-cenario-de-sismo-e-tsunami-e-populacao-pode-participar\\\/ambiente\\\/15\\\/02\\\/\",\"url\":\"https:\\\/\\\/algarve7.pt\\\/index.php\\\/2025\\\/11\\\/quarteira-recebe-exercicio-a-escala-real-com-cenario-de-sismo-e-tsunami-e-populacao-pode-participar\\\/ambiente\\\/15\\\/02\\\/\",\"name\":\"Quarteira recebe exerc\u00edcio \u201c\u00e0 escala real\u201d com cen\u00e1rio de sismo e tsunami e popula\u00e7\u00e3o pode participar - Algarve 7\",\"isPartOf\":{\"@id\":\"https:\\\/\\\/algarve7.pt\\\/#website\"},\"primaryImageOfPage\":{\"@id\":\"https:\\\/\\\/algarve7.pt\\\/index.php\\\/2025\\\/11\\\/quarteira-recebe-exercicio-a-escala-real-com-cenario-de-sismo-e-tsunami-e-populacao-pode-participar\\\/ambiente\\\/15\\\/02\\\/#primaryimage\"},\"image\":{\"@id\":\"https:\\\/\\\/algarve7.pt\\\/index.php\\\/2025\\\/11\\\/quarteira-recebe-exercicio-a-escala-real-com-cenario-de-sismo-e-tsunami-e-populacao-pode-participar\\\/ambiente\\\/15\\\/02\\\/#primaryimage\"},\"thumbnailUrl\":\"https:\\\/\\\/algarve7.pt\\\/wp-content\\\/uploads\\\/2025\\\/11\\\/Captura-de-ecra-2025-11-04-as-14.58.48.png\",\"datePublished\":\"2025-11-04T15:02:15+00:00\",\"dateModified\":\"2025-11-04T15:02:20+00:00\",\"description\":\"Quarteira recebe exerc\u00edcio \u201c\u00e0 escala real\u201d com cen\u00e1rio de sismo e tsunami e popula\u00e7\u00e3o pode participar Ambiente\",\"breadcrumb\":{\"@id\":\"https:\\\/\\\/algarve7.pt\\\/index.php\\\/2025\\\/11\\\/quarteira-recebe-exercicio-a-escala-real-com-cenario-de-sismo-e-tsunami-e-populacao-pode-participar\\\/ambiente\\\/15\\\/02\\\/#breadcrumb\"},\"inLanguage\":\"pt-PT\",\"potentialAction\":[{\"@type\":\"ReadAction\",\"target\":[\"https:\\\/\\\/algarve7.pt\\\/index.php\\\/2025\\\/11\\\/quarteira-recebe-exercicio-a-escala-real-com-cenario-de-sismo-e-tsunami-e-populacao-pode-participar\\\/ambiente\\\/15\\\/02\\\/\"]}]},{\"@type\":\"ImageObject\",\"inLanguage\":\"pt-PT\",\"@id\":\"https:\\\/\\\/algarve7.pt\\\/index.php\\\/2025\\\/11\\\/quarteira-recebe-exercicio-a-escala-real-com-cenario-de-sismo-e-tsunami-e-populacao-pode-participar\\\/ambiente\\\/15\\\/02\\\/#primaryimage\",\"url\":\"https:\\\/\\\/algarve7.pt\\\/wp-content\\\/uploads\\\/2025\\\/11\\\/Captura-de-ecra-2025-11-04-as-14.58.48.png\",\"contentUrl\":\"https:\\\/\\\/algarve7.pt\\\/wp-content\\\/uploads\\\/2025\\\/11\\\/Captura-de-ecra-2025-11-04-as-14.58.48.png\",\"width\":800,\"height\":500},{\"@type\":\"BreadcrumbList\",\"@id\":\"https:\\\/\\\/algarve7.pt\\\/index.php\\\/2025\\\/11\\\/quarteira-recebe-exercicio-a-escala-real-com-cenario-de-sismo-e-tsunami-e-populacao-pode-participar\\\/ambiente\\\/15\\\/02\\\/#breadcrumb\",\"itemListElement\":[{\"@type\":\"ListItem\",\"position\":1,\"name\":\"In\u00edcio\",\"item\":\"https:\\\/\\\/algarve7.pt\\\/\"},{\"@type\":\"ListItem\",\"position\":2,\"name\":\"Quarteira recebe exerc\u00edcio \u201c\u00e0 escala real\u201d com cen\u00e1rio de sismo e tsunami e popula\u00e7\u00e3o pode participar\"}]},{\"@type\":\"WebSite\",\"@id\":\"https:\\\/\\\/algarve7.pt\\\/#website\",\"url\":\"https:\\\/\\\/algarve7.pt\\\/\",\"name\":\"Algarve 7\",\"description\":\"Informa\u00e7\u00e3o sobre o Algarve\",\"publisher\":{\"@id\":\"https:\\\/\\\/algarve7.pt\\\/#organization\"},\"potentialAction\":[{\"@type\":\"SearchAction\",\"target\":{\"@type\":\"EntryPoint\",\"urlTemplate\":\"https:\\\/\\\/algarve7.pt\\\/?s={search_term_string}\"},\"query-input\":{\"@type\":\"PropertyValueSpecification\",\"valueRequired\":true,\"valueName\":\"search_term_string\"}}],\"inLanguage\":\"pt-PT\"},{\"@type\":\"Organization\",\"@id\":\"https:\\\/\\\/algarve7.pt\\\/#organization\",\"name\":\"Algarve 7\",\"url\":\"https:\\\/\\\/algarve7.pt\\\/\",\"logo\":{\"@type\":\"ImageObject\",\"inLanguage\":\"pt-PT\",\"@id\":\"https:\\\/\\\/algarve7.pt\\\/#\\\/schema\\\/logo\\\/image\\\/\",\"url\":\"https:\\\/\\\/algarve7.pt\\\/wp-content\\\/uploads\\\/2020\\\/10\\\/Logo-8.jpg\",\"contentUrl\":\"https:\\\/\\\/algarve7.pt\\\/wp-content\\\/uploads\\\/2020\\\/10\\\/Logo-8.jpg\",\"width\":1680,\"height\":1186,\"caption\":\"Algarve 7\"},\"image\":{\"@id\":\"https:\\\/\\\/algarve7.pt\\\/#\\\/schema\\\/logo\\\/image\\\/\"},\"sameAs\":[\"https:\\\/\\\/www.facebook.com\\\/algarve7\",\"https:\\\/\\\/x.com\\\/Algarvesete\",\"https:\\\/\\\/www.instagram.com\\\/jornalalgarve7\\\/\",\"https:\\\/\\\/www.linkedin.com\\\/company\\\/algarve7\",\"https:\\\/\\\/www.pinterest.pt\\\/geral0939\\\/_created\\\/\"]},{\"@type\":\"Person\",\"@id\":\"https:\\\/\\\/algarve7.pt\\\/#\\\/schema\\\/person\\\/23fa70681308e7b319a3204bcea45e0c\",\"name\":\"Algarve 7\",\"sameAs\":[\"https:\\\/\\\/algarve7.pt\",\"https:\\\/\\\/www.facebook.com\\\/algarve7\"],\"url\":\"https:\\\/\\\/algarve7.pt\\\/index.php\\\/author\\\/geralalgarve7-pt\\\/\"}]}<\/script>\n<!-- \/ Yoast SEO plugin. -->","yoast_head_json":{"title":"Quarteira recebe exerc\u00edcio \u201c\u00e0 escala real\u201d com cen\u00e1rio de sismo e tsunami e popula\u00e7\u00e3o pode participar - Algarve 7","description":"Quarteira recebe exerc\u00edcio \u201c\u00e0 escala real\u201d com cen\u00e1rio de sismo e tsunami e popula\u00e7\u00e3o pode participar Ambiente","robots":{"index":"index","follow":"follow","max-snippet":"max-snippet:-1","max-image-preview":"max-image-preview:large","max-video-preview":"max-video-preview:-1"},"canonical":"https:\/\/algarve7.pt\/index.php\/2025\/11\/quarteira-recebe-exercicio-a-escala-real-com-cenario-de-sismo-e-tsunami-e-populacao-pode-participar\/ambiente\/15\/02\/","og_locale":"pt_PT","og_type":"article","og_title":"Quarteira recebe exerc\u00edcio \u201c\u00e0 escala real\u201d com cen\u00e1rio de sismo e tsunami e popula\u00e7\u00e3o pode participar - Algarve 7","og_description":"Quarteira recebe exerc\u00edcio \u201c\u00e0 escala real\u201d com cen\u00e1rio de sismo e tsunami e popula\u00e7\u00e3o pode participar Ambiente","og_url":"https:\/\/algarve7.pt\/index.php\/2025\/11\/quarteira-recebe-exercicio-a-escala-real-com-cenario-de-sismo-e-tsunami-e-populacao-pode-participar\/ambiente\/15\/02\/","og_site_name":"Algarve 7","article_publisher":"https:\/\/www.facebook.com\/algarve7","article_author":"https:\/\/www.facebook.com\/algarve7","article_published_time":"2025-11-04T15:02:15+00:00","article_modified_time":"2025-11-04T15:02:20+00:00","og_image":[{"width":800,"height":500,"url":"https:\/\/algarve7.pt\/wp-content\/uploads\/2025\/11\/Captura-de-ecra-2025-11-04-as-14.58.48.png","type":"image\/png"}],"author":"Algarve 7","twitter_card":"summary_large_image","twitter_creator":"@Algarvesete","twitter_site":"@Algarvesete","twitter_misc":{"Escrito por":"Algarve 7","Tempo estimado de leitura":"2 minutos"},"schema":{"@context":"https:\/\/schema.org","@graph":[{"@type":"Article","@id":"https:\/\/algarve7.pt\/index.php\/2025\/11\/quarteira-recebe-exercicio-a-escala-real-com-cenario-de-sismo-e-tsunami-e-populacao-pode-participar\/ambiente\/15\/02\/#article","isPartOf":{"@id":"https:\/\/algarve7.pt\/index.php\/2025\/11\/quarteira-recebe-exercicio-a-escala-real-com-cenario-de-sismo-e-tsunami-e-populacao-pode-participar\/ambiente\/15\/02\/"},"author":{"name":"Algarve 7","@id":"https:\/\/algarve7.pt\/#\/schema\/person\/23fa70681308e7b319a3204bcea45e0c"},"headline":"Quarteira recebe exerc\u00edcio \u201c\u00e0 escala real\u201d com cen\u00e1rio de sismo e tsunami e popula\u00e7\u00e3o pode participar","datePublished":"2025-11-04T15:02:15+00:00","dateModified":"2025-11-04T15:02:20+00:00","mainEntityOfPage":{"@id":"https:\/\/algarve7.pt\/index.php\/2025\/11\/quarteira-recebe-exercicio-a-escala-real-com-cenario-de-sismo-e-tsunami-e-populacao-pode-participar\/ambiente\/15\/02\/"},"wordCount":361,"publisher":{"@id":"https:\/\/algarve7.pt\/#organization"},"image":{"@id":"https:\/\/algarve7.pt\/index.php\/2025\/11\/quarteira-recebe-exercicio-a-escala-real-com-cenario-de-sismo-e-tsunami-e-populacao-pode-participar\/ambiente\/15\/02\/#primaryimage"},"thumbnailUrl":"https:\/\/algarve7.pt\/wp-content\/uploads\/2025\/11\/Captura-de-ecra-2025-11-04-as-14.58.48.png","keywords":["Algarve","Ambiente","Quarteira"],"articleSection":["Ambiente"],"inLanguage":"pt-PT"},{"@type":"WebPage","@id":"https:\/\/algarve7.pt\/index.php\/2025\/11\/quarteira-recebe-exercicio-a-escala-real-com-cenario-de-sismo-e-tsunami-e-populacao-pode-participar\/ambiente\/15\/02\/","url":"https:\/\/algarve7.pt\/index.php\/2025\/11\/quarteira-recebe-exercicio-a-escala-real-com-cenario-de-sismo-e-tsunami-e-populacao-pode-participar\/ambiente\/15\/02\/","name":"Quarteira recebe exerc\u00edcio \u201c\u00e0 escala real\u201d com cen\u00e1rio de sismo e tsunami e popula\u00e7\u00e3o pode participar - Algarve 7","isPartOf":{"@id":"https:\/\/algarve7.pt\/#website"},"primaryImageOfPage":{"@id":"https:\/\/algarve7.pt\/index.php\/2025\/11\/quarteira-recebe-exercicio-a-escala-real-com-cenario-de-sismo-e-tsunami-e-populacao-pode-participar\/ambiente\/15\/02\/#primaryimage"},"image":{"@id":"https:\/\/algarve7.pt\/index.php\/2025\/11\/quarteira-recebe-exercicio-a-escala-real-com-cenario-de-sismo-e-tsunami-e-populacao-pode-participar\/ambiente\/15\/02\/#primaryimage"},"thumbnailUrl":"https:\/\/algarve7.pt\/wp-content\/uploads\/2025\/11\/Captura-de-ecra-2025-11-04-as-14.58.48.png","datePublished":"2025-11-04T15:02:15+00:00","dateModified":"2025-11-04T15:02:20+00:00","description":"Quarteira recebe exerc\u00edcio \u201c\u00e0 escala real\u201d com cen\u00e1rio de sismo e tsunami e popula\u00e7\u00e3o pode participar Ambiente","breadcrumb":{"@id":"https:\/\/algarve7.pt\/index.php\/2025\/11\/quarteira-recebe-exercicio-a-escala-real-com-cenario-de-sismo-e-tsunami-e-populacao-pode-participar\/ambiente\/15\/02\/#breadcrumb"},"inLanguage":"pt-PT","potentialAction":[{"@type":"ReadAction","target":["https:\/\/algarve7.pt\/index.php\/2025\/11\/quarteira-recebe-exercicio-a-escala-real-com-cenario-de-sismo-e-tsunami-e-populacao-pode-participar\/ambiente\/15\/02\/"]}]},{"@type":"ImageObject","inLanguage":"pt-PT","@id":"https:\/\/algarve7.pt\/index.php\/2025\/11\/quarteira-recebe-exercicio-a-escala-real-com-cenario-de-sismo-e-tsunami-e-populacao-pode-participar\/ambiente\/15\/02\/#primaryimage","url":"https:\/\/algarve7.pt\/wp-content\/uploads\/2025\/11\/Captura-de-ecra-2025-11-04-as-14.58.48.png","contentUrl":"https:\/\/algarve7.pt\/wp-content\/uploads\/2025\/11\/Captura-de-ecra-2025-11-04-as-14.58.48.png","width":800,"height":500},{"@type":"BreadcrumbList","@id":"https:\/\/algarve7.pt\/index.php\/2025\/11\/quarteira-recebe-exercicio-a-escala-real-com-cenario-de-sismo-e-tsunami-e-populacao-pode-participar\/ambiente\/15\/02\/#breadcrumb","itemListElement":[{"@type":"ListItem","position":1,"name":"In\u00edcio","item":"https:\/\/algarve7.pt\/"},{"@type":"ListItem","position":2,"name":"Quarteira recebe exerc\u00edcio \u201c\u00e0 escala real\u201d com cen\u00e1rio de sismo e tsunami e popula\u00e7\u00e3o pode participar"}]},{"@type":"WebSite","@id":"https:\/\/algarve7.pt\/#website","url":"https:\/\/algarve7.pt\/","name":"Algarve 7","description":"Informa\u00e7\u00e3o sobre o Algarve","publisher":{"@id":"https:\/\/algarve7.pt\/#organization"},"potentialAction":[{"@type":"SearchAction","target":{"@type":"EntryPoint","urlTemplate":"https:\/\/algarve7.pt\/?s={search_term_string}"},"query-input":{"@type":"PropertyValueSpecification","valueRequired":true,"valueName":"search_term_string"}}],"inLanguage":"pt-PT"},{"@type":"Organization","@id":"https:\/\/algarve7.pt\/#organization","name":"Algarve 7","url":"https:\/\/algarve7.pt\/","logo":{"@type":"ImageObject","inLanguage":"pt-PT","@id":"https:\/\/algarve7.pt\/#\/schema\/logo\/image\/","url":"https:\/\/algarve7.pt\/wp-content\/uploads\/2020\/10\/Logo-8.jpg","contentUrl":"https:\/\/algarve7.pt\/wp-content\/uploads\/2020\/10\/Logo-8.jpg","width":1680,"height":1186,"caption":"Algarve 7"},"image":{"@id":"https:\/\/algarve7.pt\/#\/schema\/logo\/image\/"},"sameAs":["https:\/\/www.facebook.com\/algarve7","https:\/\/x.com\/Algarvesete","https:\/\/www.instagram.com\/jornalalgarve7\/","https:\/\/www.linkedin.com\/company\/algarve7","https:\/\/www.pinterest.pt\/geral0939\/_created\/"]},{"@type":"Person","@id":"https:\/\/algarve7.pt\/#\/schema\/person\/23fa70681308e7b319a3204bcea45e0c","name":"Algarve 7","sameAs":["https:\/\/algarve7.pt","https:\/\/www.facebook.com\/algarve7"],"url":"https:\/\/algarve7.pt\/index.php\/author\/geralalgarve7-pt\/"}]}},"jetpack_publicize_connections":[],"jetpack_featured_media_url":"https:\/\/algarve7.pt\/wp-content\/uploads\/2025\/11\/Captura-de-ecra-2025-11-04-as-14.58.48.png","jetpack_shortlink":"https:\/\/wp.me\/pcezmW-esJ","jetpack_sharing_enabled":true,"_links":{"self":[{"href":"https:\/\/algarve7.pt\/index.php\/wp-json\/wp\/v2\/posts\/55597","targetHints":{"allow":["GET"]}}],"collection":[{"href":"https:\/\/algarve7.pt\/index.php\/wp-json\/wp\/v2\/posts"}],"about":[{"href":"https:\/\/algarve7.pt\/index.php\/wp-json\/wp\/v2\/types\/post"}],"author":[{"embeddable":true,"href":"https:\/\/algarve7.pt\/index.php\/wp-json\/wp\/v2\/users\/1"}],"replies":[{"embeddable":true,"href":"https:\/\/algarve7.pt\/index.php\/wp-json\/wp\/v2\/comments?post=55597"}],"version-history":[{"count":0,"href":"https:\/\/algarve7.pt\/index.php\/wp-json\/wp\/v2\/posts\/55597\/revisions"}],"wp:featuredmedia":[{"embeddable":true,"href":"https:\/\/algarve7.pt\/index.php\/wp-json\/wp\/v2\/media\/55598"}],"wp:attachment":[{"href":"https:\/\/algarve7.pt\/index.php\/wp-json\/wp\/v2\/media?parent=55597"}],"wp:term":[{"taxonomy":"category","embeddable":true,"href":"https:\/\/algarve7.pt\/index.php\/wp-json\/wp\/v2\/categories?post=55597"},{"taxonomy":"post_tag","embeddable":true,"href":"https:\/\/algarve7.pt\/index.php\/wp-json\/wp\/v2\/tags?post=55597"}],"curies":[{"name":"wp","href":"https:\/\/api.w.org\/{rel}","templated":true}]}}