{"id":55389,"date":"2025-10-27T12:14:38","date_gmt":"2025-10-27T12:14:38","guid":{"rendered":"https:\/\/algarve7.pt\/?p=55389"},"modified":"2025-10-27T12:14:43","modified_gmt":"2025-10-27T12:14:43","slug":"xvi-feira-da-perdiz-realiza-se-em-martim-longo-a-15-e-16-de-novembro-2","status":"publish","type":"post","link":"https:\/\/algarve7.pt\/index.php\/2025\/10\/xvi-feira-da-perdiz-realiza-se-em-martim-longo-a-15-e-16-de-novembro-2\/atualidade\/12\/14\/","title":{"rendered":"XVI Feira da perdiz realiza-se em Martim Longo a 15 e 16 de novembro"},"content":{"rendered":"\n<p>O Munic\u00edpio de Alcoutim promove, nos dias 15 e 16 de novembro, a XVI edi\u00e7\u00e3o da Feira da Perdiz, que ter\u00e1 lugar na Avenida dos Almocreves, em Martim Longo. A entrada \u00e9 gratuita.<\/p>\n\n\n\n<p>Este evento anual, j\u00e1 consolidado no panorama regional, tem como objetivo principal a valoriza\u00e7\u00e3o e promo\u00e7\u00e3o das potencialidades tur\u00edsticas e cineg\u00e9ticas do concelho de Alcoutim, refor\u00e7ando o papel da ca\u00e7a como um elemento de dinamiza\u00e7\u00e3o econ\u00f3mica e cultural no territ\u00f3rio.<\/p>\n\n\n\n<p>Durante os dois dias da feira, os visitantes poder\u00e3o usufruir de um programa diversificado que inclui demonstra\u00e7\u00f5es de ca\u00e7a, exposi\u00e7\u00f5es tem\u00e1ticas, gastronomia local, com especial incid\u00eancia nos pratos \u00e0 base de ca\u00e7a, produtos regionais, anima\u00e7\u00e3o musical, entre outras atividades direcionadas tanto ao p\u00fablico aficionado pela ca\u00e7a como ao p\u00fablico em geral.<\/p>\n\n\n\n<p>A Feira da Perdiz representa tamb\u00e9m uma oportunidade de encontro entre ca\u00e7adores, produtores, artes\u00e3os e visitantes, num ambiente que valoriza a tradi\u00e7\u00e3o e o saber-fazer do mundo rural.<\/p>\n\n\n\n<p>O Munic\u00edpio de Alcoutim convida toda a popula\u00e7\u00e3o e visitantes a marcarem presen\u00e7a nesta iniciativa, que se assume como um importante contributo para a dinamiza\u00e7\u00e3o do interior algarvio.<\/p>\n","protected":false},"excerpt":{"rendered":"<p>O Munic\u00edpio de Alcoutim promove, nos dias 15 e 16 de novembro, a XVI edi\u00e7\u00e3o da Feira da Perdiz, que<\/p>\n","protected":false},"author":1,"featured_media":32976,"comment_status":"closed","ping_status":"closed","sticky":false,"template":"","format":"standard","meta":{"colormag_page_container_layout":"default_layout","colormag_page_sidebar_layout":"default_layout","_monsterinsights_skip_tracking":false,"_monsterinsights_sitenote_active":false,"_monsterinsights_sitenote_note":"","_monsterinsights_sitenote_category":0,"jetpack_post_was_ever_published":false,"_jetpack_newsletter_access":"","_jetpack_dont_email_post_to_subs":false,"_jetpack_newsletter_tier_id":0,"_jetpack_memberships_contains_paywalled_content":false,"_jetpack_memberships_contains_paid_content":false,"footnotes":"","jetpack_publicize_message":"","jetpack_publicize_feature_enabled":true,"jetpack_social_post_already_shared":true,"jetpack_social_options":{"image_generator_settings":{"template":"highway","default_image_id":0,"font":"","enabled":false},"version":2}},"categories":[11],"tags":[36,62,291,1192],"class_list":["post-55389","post","type-post","status-publish","format-standard","has-post-thumbnail","hentry","category-atualidade","tag-algarve","tag-atualidade","tag-martim-longo","tag-xvi-feira-da-perdiz"],"yoast_head":"<!-- This site is optimized with the Yoast SEO plugin v27.4 - https:\/\/yoast.com\/product\/yoast-seo-wordpress\/ -->\n<title>XVI Feira da perdiz realiza-se em Martim Longo a 15 e 16 de novembro - Algarve 7<\/title>\n<meta name=\"description\" content=\"XVI Feira da perdiz realiza-se em Martim Longo a 15 e 16 de novembro Atualidade\" \/>\n<meta name=\"robots\" content=\"index, follow, max-snippet:-1, max-image-preview:large, max-video-preview:-1\" \/>\n<link rel=\"canonical\" href=\"https:\/\/algarve7.pt\/index.php\/2025\/10\/xvi-feira-da-perdiz-realiza-se-em-martim-longo-a-15-e-16-de-novembro-2\/atualidade\/12\/14\/\" \/>\n<meta property=\"og:locale\" content=\"pt_PT\" \/>\n<meta property=\"og:type\" content=\"article\" \/>\n<meta property=\"og:title\" content=\"XVI Feira da perdiz realiza-se em Martim Longo a 15 e 16 de novembro - Algarve 7\" \/>\n<meta property=\"og:description\" content=\"XVI Feira da perdiz realiza-se em Martim Longo a 15 e 16 de novembro Atualidade\" \/>\n<meta property=\"og:url\" content=\"https:\/\/algarve7.pt\/index.php\/2025\/10\/xvi-feira-da-perdiz-realiza-se-em-martim-longo-a-15-e-16-de-novembro-2\/atualidade\/12\/14\/\" \/>\n<meta property=\"og:site_name\" content=\"Algarve 7\" \/>\n<meta property=\"article:publisher\" content=\"https:\/\/www.facebook.com\/algarve7\" \/>\n<meta property=\"article:author\" content=\"https:\/\/www.facebook.com\/algarve7\" \/>\n<meta property=\"article:published_time\" content=\"2025-10-27T12:14:38+00:00\" \/>\n<meta property=\"article:modified_time\" content=\"2025-10-27T12:14:43+00:00\" \/>\n<meta property=\"og:image\" content=\"https:\/\/algarve7.pt\/wp-content\/uploads\/2023\/11\/rFeira-da-perdiz-Martim-Longo-11-11-2023-9.jpg\" \/>\n\t<meta property=\"og:image:width\" content=\"1024\" \/>\n\t<meta property=\"og:image:height\" content=\"683\" \/>\n\t<meta property=\"og:image:type\" content=\"image\/jpeg\" \/>\n<meta name=\"author\" content=\"Algarve 7\" \/>\n<meta name=\"twitter:card\" content=\"summary_large_image\" \/>\n<meta name=\"twitter:creator\" content=\"@Algarvesete\" \/>\n<meta name=\"twitter:site\" content=\"@Algarvesete\" \/>\n<meta name=\"twitter:label1\" content=\"Escrito por\" \/>\n\t<meta name=\"twitter:data1\" content=\"Algarve 7\" \/>\n\t<meta name=\"twitter:label2\" content=\"Tempo estimado de leitura\" \/>\n\t<meta name=\"twitter:data2\" content=\"2 minutos\" \/>\n<script type=\"application\/ld+json\" class=\"yoast-schema-graph\">{\"@context\":\"https:\\\/\\\/schema.org\",\"@graph\":[{\"@type\":\"Article\",\"@id\":\"https:\\\/\\\/algarve7.pt\\\/index.php\\\/2025\\\/10\\\/xvi-feira-da-perdiz-realiza-se-em-martim-longo-a-15-e-16-de-novembro-2\\\/atualidade\\\/12\\\/14\\\/#article\",\"isPartOf\":{\"@id\":\"https:\\\/\\\/algarve7.pt\\\/index.php\\\/2025\\\/10\\\/xvi-feira-da-perdiz-realiza-se-em-martim-longo-a-15-e-16-de-novembro-2\\\/atualidade\\\/12\\\/14\\\/\"},\"author\":{\"name\":\"Algarve 7\",\"@id\":\"https:\\\/\\\/algarve7.pt\\\/#\\\/schema\\\/person\\\/23fa70681308e7b319a3204bcea45e0c\"},\"headline\":\"XVI Feira da perdiz realiza-se em Martim Longo a 15 e 16 de novembro\",\"datePublished\":\"2025-10-27T12:14:38+00:00\",\"dateModified\":\"2025-10-27T12:14:43+00:00\",\"mainEntityOfPage\":{\"@id\":\"https:\\\/\\\/algarve7.pt\\\/index.php\\\/2025\\\/10\\\/xvi-feira-da-perdiz-realiza-se-em-martim-longo-a-15-e-16-de-novembro-2\\\/atualidade\\\/12\\\/14\\\/\"},\"wordCount\":218,\"publisher\":{\"@id\":\"https:\\\/\\\/algarve7.pt\\\/#organization\"},\"image\":{\"@id\":\"https:\\\/\\\/algarve7.pt\\\/index.php\\\/2025\\\/10\\\/xvi-feira-da-perdiz-realiza-se-em-martim-longo-a-15-e-16-de-novembro-2\\\/atualidade\\\/12\\\/14\\\/#primaryimage\"},\"thumbnailUrl\":\"https:\\\/\\\/algarve7.pt\\\/wp-content\\\/uploads\\\/2023\\\/11\\\/rFeira-da-perdiz-Martim-Longo-11-11-2023-9.jpg\",\"keywords\":[\"Algarve\",\"Atualidade\",\"Martim Longo\",\"XVI Feira da Perdiz\"],\"articleSection\":[\"Atualidade\"],\"inLanguage\":\"pt-PT\"},{\"@type\":\"WebPage\",\"@id\":\"https:\\\/\\\/algarve7.pt\\\/index.php\\\/2025\\\/10\\\/xvi-feira-da-perdiz-realiza-se-em-martim-longo-a-15-e-16-de-novembro-2\\\/atualidade\\\/12\\\/14\\\/\",\"url\":\"https:\\\/\\\/algarve7.pt\\\/index.php\\\/2025\\\/10\\\/xvi-feira-da-perdiz-realiza-se-em-martim-longo-a-15-e-16-de-novembro-2\\\/atualidade\\\/12\\\/14\\\/\",\"name\":\"XVI Feira da perdiz realiza-se em Martim Longo a 15 e 16 de novembro - Algarve 7\",\"isPartOf\":{\"@id\":\"https:\\\/\\\/algarve7.pt\\\/#website\"},\"primaryImageOfPage\":{\"@id\":\"https:\\\/\\\/algarve7.pt\\\/index.php\\\/2025\\\/10\\\/xvi-feira-da-perdiz-realiza-se-em-martim-longo-a-15-e-16-de-novembro-2\\\/atualidade\\\/12\\\/14\\\/#primaryimage\"},\"image\":{\"@id\":\"https:\\\/\\\/algarve7.pt\\\/index.php\\\/2025\\\/10\\\/xvi-feira-da-perdiz-realiza-se-em-martim-longo-a-15-e-16-de-novembro-2\\\/atualidade\\\/12\\\/14\\\/#primaryimage\"},\"thumbnailUrl\":\"https:\\\/\\\/algarve7.pt\\\/wp-content\\\/uploads\\\/2023\\\/11\\\/rFeira-da-perdiz-Martim-Longo-11-11-2023-9.jpg\",\"datePublished\":\"2025-10-27T12:14:38+00:00\",\"dateModified\":\"2025-10-27T12:14:43+00:00\",\"description\":\"XVI Feira da perdiz realiza-se em Martim Longo a 15 e 16 de novembro Atualidade\",\"breadcrumb\":{\"@id\":\"https:\\\/\\\/algarve7.pt\\\/index.php\\\/2025\\\/10\\\/xvi-feira-da-perdiz-realiza-se-em-martim-longo-a-15-e-16-de-novembro-2\\\/atualidade\\\/12\\\/14\\\/#breadcrumb\"},\"inLanguage\":\"pt-PT\",\"potentialAction\":[{\"@type\":\"ReadAction\",\"target\":[\"https:\\\/\\\/algarve7.pt\\\/index.php\\\/2025\\\/10\\\/xvi-feira-da-perdiz-realiza-se-em-martim-longo-a-15-e-16-de-novembro-2\\\/atualidade\\\/12\\\/14\\\/\"]}]},{\"@type\":\"ImageObject\",\"inLanguage\":\"pt-PT\",\"@id\":\"https:\\\/\\\/algarve7.pt\\\/index.php\\\/2025\\\/10\\\/xvi-feira-da-perdiz-realiza-se-em-martim-longo-a-15-e-16-de-novembro-2\\\/atualidade\\\/12\\\/14\\\/#primaryimage\",\"url\":\"https:\\\/\\\/algarve7.pt\\\/wp-content\\\/uploads\\\/2023\\\/11\\\/rFeira-da-perdiz-Martim-Longo-11-11-2023-9.jpg\",\"contentUrl\":\"https:\\\/\\\/algarve7.pt\\\/wp-content\\\/uploads\\\/2023\\\/11\\\/rFeira-da-perdiz-Martim-Longo-11-11-2023-9.jpg\",\"width\":1024,\"height\":683,\"caption\":\"Foto: Jorge Gomes - Click Time Photo\u00ae\u00a9\"},{\"@type\":\"BreadcrumbList\",\"@id\":\"https:\\\/\\\/algarve7.pt\\\/index.php\\\/2025\\\/10\\\/xvi-feira-da-perdiz-realiza-se-em-martim-longo-a-15-e-16-de-novembro-2\\\/atualidade\\\/12\\\/14\\\/#breadcrumb\",\"itemListElement\":[{\"@type\":\"ListItem\",\"position\":1,\"name\":\"In\u00edcio\",\"item\":\"https:\\\/\\\/algarve7.pt\\\/\"},{\"@type\":\"ListItem\",\"position\":2,\"name\":\"XVI Feira da perdiz realiza-se em Martim Longo a 15 e 16 de novembro\"}]},{\"@type\":\"WebSite\",\"@id\":\"https:\\\/\\\/algarve7.pt\\\/#website\",\"url\":\"https:\\\/\\\/algarve7.pt\\\/\",\"name\":\"Algarve 7\",\"description\":\"Informa\u00e7\u00e3o sobre o Algarve\",\"publisher\":{\"@id\":\"https:\\\/\\\/algarve7.pt\\\/#organization\"},\"potentialAction\":[{\"@type\":\"SearchAction\",\"target\":{\"@type\":\"EntryPoint\",\"urlTemplate\":\"https:\\\/\\\/algarve7.pt\\\/?s={search_term_string}\"},\"query-input\":{\"@type\":\"PropertyValueSpecification\",\"valueRequired\":true,\"valueName\":\"search_term_string\"}}],\"inLanguage\":\"pt-PT\"},{\"@type\":\"Organization\",\"@id\":\"https:\\\/\\\/algarve7.pt\\\/#organization\",\"name\":\"Algarve 7\",\"url\":\"https:\\\/\\\/algarve7.pt\\\/\",\"logo\":{\"@type\":\"ImageObject\",\"inLanguage\":\"pt-PT\",\"@id\":\"https:\\\/\\\/algarve7.pt\\\/#\\\/schema\\\/logo\\\/image\\\/\",\"url\":\"https:\\\/\\\/algarve7.pt\\\/wp-content\\\/uploads\\\/2020\\\/10\\\/Logo-8.jpg\",\"contentUrl\":\"https:\\\/\\\/algarve7.pt\\\/wp-content\\\/uploads\\\/2020\\\/10\\\/Logo-8.jpg\",\"width\":1680,\"height\":1186,\"caption\":\"Algarve 7\"},\"image\":{\"@id\":\"https:\\\/\\\/algarve7.pt\\\/#\\\/schema\\\/logo\\\/image\\\/\"},\"sameAs\":[\"https:\\\/\\\/www.facebook.com\\\/algarve7\",\"https:\\\/\\\/x.com\\\/Algarvesete\",\"https:\\\/\\\/www.instagram.com\\\/jornalalgarve7\\\/\",\"https:\\\/\\\/www.linkedin.com\\\/company\\\/algarve7\",\"https:\\\/\\\/www.pinterest.pt\\\/geral0939\\\/_created\\\/\"]},{\"@type\":\"Person\",\"@id\":\"https:\\\/\\\/algarve7.pt\\\/#\\\/schema\\\/person\\\/23fa70681308e7b319a3204bcea45e0c\",\"name\":\"Algarve 7\",\"sameAs\":[\"https:\\\/\\\/algarve7.pt\",\"https:\\\/\\\/www.facebook.com\\\/algarve7\"],\"url\":\"https:\\\/\\\/algarve7.pt\\\/index.php\\\/author\\\/geralalgarve7-pt\\\/\"}]}<\/script>\n<!-- \/ Yoast SEO plugin. -->","yoast_head_json":{"title":"XVI Feira da perdiz realiza-se em Martim Longo a 15 e 16 de novembro - Algarve 7","description":"XVI Feira da perdiz realiza-se em Martim Longo a 15 e 16 de novembro Atualidade","robots":{"index":"index","follow":"follow","max-snippet":"max-snippet:-1","max-image-preview":"max-image-preview:large","max-video-preview":"max-video-preview:-1"},"canonical":"https:\/\/algarve7.pt\/index.php\/2025\/10\/xvi-feira-da-perdiz-realiza-se-em-martim-longo-a-15-e-16-de-novembro-2\/atualidade\/12\/14\/","og_locale":"pt_PT","og_type":"article","og_title":"XVI Feira da perdiz realiza-se em Martim Longo a 15 e 16 de novembro - Algarve 7","og_description":"XVI Feira da perdiz realiza-se em Martim Longo a 15 e 16 de novembro Atualidade","og_url":"https:\/\/algarve7.pt\/index.php\/2025\/10\/xvi-feira-da-perdiz-realiza-se-em-martim-longo-a-15-e-16-de-novembro-2\/atualidade\/12\/14\/","og_site_name":"Algarve 7","article_publisher":"https:\/\/www.facebook.com\/algarve7","article_author":"https:\/\/www.facebook.com\/algarve7","article_published_time":"2025-10-27T12:14:38+00:00","article_modified_time":"2025-10-27T12:14:43+00:00","og_image":[{"width":1024,"height":683,"url":"https:\/\/algarve7.pt\/wp-content\/uploads\/2023\/11\/rFeira-da-perdiz-Martim-Longo-11-11-2023-9.jpg","type":"image\/jpeg"}],"author":"Algarve 7","twitter_card":"summary_large_image","twitter_creator":"@Algarvesete","twitter_site":"@Algarvesete","twitter_misc":{"Escrito por":"Algarve 7","Tempo estimado de leitura":"2 minutos"},"schema":{"@context":"https:\/\/schema.org","@graph":[{"@type":"Article","@id":"https:\/\/algarve7.pt\/index.php\/2025\/10\/xvi-feira-da-perdiz-realiza-se-em-martim-longo-a-15-e-16-de-novembro-2\/atualidade\/12\/14\/#article","isPartOf":{"@id":"https:\/\/algarve7.pt\/index.php\/2025\/10\/xvi-feira-da-perdiz-realiza-se-em-martim-longo-a-15-e-16-de-novembro-2\/atualidade\/12\/14\/"},"author":{"name":"Algarve 7","@id":"https:\/\/algarve7.pt\/#\/schema\/person\/23fa70681308e7b319a3204bcea45e0c"},"headline":"XVI Feira da perdiz realiza-se em Martim Longo a 15 e 16 de novembro","datePublished":"2025-10-27T12:14:38+00:00","dateModified":"2025-10-27T12:14:43+00:00","mainEntityOfPage":{"@id":"https:\/\/algarve7.pt\/index.php\/2025\/10\/xvi-feira-da-perdiz-realiza-se-em-martim-longo-a-15-e-16-de-novembro-2\/atualidade\/12\/14\/"},"wordCount":218,"publisher":{"@id":"https:\/\/algarve7.pt\/#organization"},"image":{"@id":"https:\/\/algarve7.pt\/index.php\/2025\/10\/xvi-feira-da-perdiz-realiza-se-em-martim-longo-a-15-e-16-de-novembro-2\/atualidade\/12\/14\/#primaryimage"},"thumbnailUrl":"https:\/\/algarve7.pt\/wp-content\/uploads\/2023\/11\/rFeira-da-perdiz-Martim-Longo-11-11-2023-9.jpg","keywords":["Algarve","Atualidade","Martim Longo","XVI Feira da Perdiz"],"articleSection":["Atualidade"],"inLanguage":"pt-PT"},{"@type":"WebPage","@id":"https:\/\/algarve7.pt\/index.php\/2025\/10\/xvi-feira-da-perdiz-realiza-se-em-martim-longo-a-15-e-16-de-novembro-2\/atualidade\/12\/14\/","url":"https:\/\/algarve7.pt\/index.php\/2025\/10\/xvi-feira-da-perdiz-realiza-se-em-martim-longo-a-15-e-16-de-novembro-2\/atualidade\/12\/14\/","name":"XVI Feira da perdiz realiza-se em Martim Longo a 15 e 16 de novembro - Algarve 7","isPartOf":{"@id":"https:\/\/algarve7.pt\/#website"},"primaryImageOfPage":{"@id":"https:\/\/algarve7.pt\/index.php\/2025\/10\/xvi-feira-da-perdiz-realiza-se-em-martim-longo-a-15-e-16-de-novembro-2\/atualidade\/12\/14\/#primaryimage"},"image":{"@id":"https:\/\/algarve7.pt\/index.php\/2025\/10\/xvi-feira-da-perdiz-realiza-se-em-martim-longo-a-15-e-16-de-novembro-2\/atualidade\/12\/14\/#primaryimage"},"thumbnailUrl":"https:\/\/algarve7.pt\/wp-content\/uploads\/2023\/11\/rFeira-da-perdiz-Martim-Longo-11-11-2023-9.jpg","datePublished":"2025-10-27T12:14:38+00:00","dateModified":"2025-10-27T12:14:43+00:00","description":"XVI Feira da perdiz realiza-se em Martim Longo a 15 e 16 de novembro Atualidade","breadcrumb":{"@id":"https:\/\/algarve7.pt\/index.php\/2025\/10\/xvi-feira-da-perdiz-realiza-se-em-martim-longo-a-15-e-16-de-novembro-2\/atualidade\/12\/14\/#breadcrumb"},"inLanguage":"pt-PT","potentialAction":[{"@type":"ReadAction","target":["https:\/\/algarve7.pt\/index.php\/2025\/10\/xvi-feira-da-perdiz-realiza-se-em-martim-longo-a-15-e-16-de-novembro-2\/atualidade\/12\/14\/"]}]},{"@type":"ImageObject","inLanguage":"pt-PT","@id":"https:\/\/algarve7.pt\/index.php\/2025\/10\/xvi-feira-da-perdiz-realiza-se-em-martim-longo-a-15-e-16-de-novembro-2\/atualidade\/12\/14\/#primaryimage","url":"https:\/\/algarve7.pt\/wp-content\/uploads\/2023\/11\/rFeira-da-perdiz-Martim-Longo-11-11-2023-9.jpg","contentUrl":"https:\/\/algarve7.pt\/wp-content\/uploads\/2023\/11\/rFeira-da-perdiz-Martim-Longo-11-11-2023-9.jpg","width":1024,"height":683,"caption":"Foto: Jorge Gomes - Click Time Photo\u00ae\u00a9"},{"@type":"BreadcrumbList","@id":"https:\/\/algarve7.pt\/index.php\/2025\/10\/xvi-feira-da-perdiz-realiza-se-em-martim-longo-a-15-e-16-de-novembro-2\/atualidade\/12\/14\/#breadcrumb","itemListElement":[{"@type":"ListItem","position":1,"name":"In\u00edcio","item":"https:\/\/algarve7.pt\/"},{"@type":"ListItem","position":2,"name":"XVI Feira da perdiz realiza-se em Martim Longo a 15 e 16 de novembro"}]},{"@type":"WebSite","@id":"https:\/\/algarve7.pt\/#website","url":"https:\/\/algarve7.pt\/","name":"Algarve 7","description":"Informa\u00e7\u00e3o sobre o Algarve","publisher":{"@id":"https:\/\/algarve7.pt\/#organization"},"potentialAction":[{"@type":"SearchAction","target":{"@type":"EntryPoint","urlTemplate":"https:\/\/algarve7.pt\/?s={search_term_string}"},"query-input":{"@type":"PropertyValueSpecification","valueRequired":true,"valueName":"search_term_string"}}],"inLanguage":"pt-PT"},{"@type":"Organization","@id":"https:\/\/algarve7.pt\/#organization","name":"Algarve 7","url":"https:\/\/algarve7.pt\/","logo":{"@type":"ImageObject","inLanguage":"pt-PT","@id":"https:\/\/algarve7.pt\/#\/schema\/logo\/image\/","url":"https:\/\/algarve7.pt\/wp-content\/uploads\/2020\/10\/Logo-8.jpg","contentUrl":"https:\/\/algarve7.pt\/wp-content\/uploads\/2020\/10\/Logo-8.jpg","width":1680,"height":1186,"caption":"Algarve 7"},"image":{"@id":"https:\/\/algarve7.pt\/#\/schema\/logo\/image\/"},"sameAs":["https:\/\/www.facebook.com\/algarve7","https:\/\/x.com\/Algarvesete","https:\/\/www.instagram.com\/jornalalgarve7\/","https:\/\/www.linkedin.com\/company\/algarve7","https:\/\/www.pinterest.pt\/geral0939\/_created\/"]},{"@type":"Person","@id":"https:\/\/algarve7.pt\/#\/schema\/person\/23fa70681308e7b319a3204bcea45e0c","name":"Algarve 7","sameAs":["https:\/\/algarve7.pt","https:\/\/www.facebook.com\/algarve7"],"url":"https:\/\/algarve7.pt\/index.php\/author\/geralalgarve7-pt\/"}]}},"jetpack_publicize_connections":[],"jetpack_featured_media_url":"https:\/\/algarve7.pt\/wp-content\/uploads\/2023\/11\/rFeira-da-perdiz-Martim-Longo-11-11-2023-9.jpg","jetpack_shortlink":"https:\/\/wp.me\/pcezmW-epn","jetpack_sharing_enabled":true,"_links":{"self":[{"href":"https:\/\/algarve7.pt\/index.php\/wp-json\/wp\/v2\/posts\/55389","targetHints":{"allow":["GET"]}}],"collection":[{"href":"https:\/\/algarve7.pt\/index.php\/wp-json\/wp\/v2\/posts"}],"about":[{"href":"https:\/\/algarve7.pt\/index.php\/wp-json\/wp\/v2\/types\/post"}],"author":[{"embeddable":true,"href":"https:\/\/algarve7.pt\/index.php\/wp-json\/wp\/v2\/users\/1"}],"replies":[{"embeddable":true,"href":"https:\/\/algarve7.pt\/index.php\/wp-json\/wp\/v2\/comments?post=55389"}],"version-history":[{"count":0,"href":"https:\/\/algarve7.pt\/index.php\/wp-json\/wp\/v2\/posts\/55389\/revisions"}],"wp:featuredmedia":[{"embeddable":true,"href":"https:\/\/algarve7.pt\/index.php\/wp-json\/wp\/v2\/media\/32976"}],"wp:attachment":[{"href":"https:\/\/algarve7.pt\/index.php\/wp-json\/wp\/v2\/media?parent=55389"}],"wp:term":[{"taxonomy":"category","embeddable":true,"href":"https:\/\/algarve7.pt\/index.php\/wp-json\/wp\/v2\/categories?post=55389"},{"taxonomy":"post_tag","embeddable":true,"href":"https:\/\/algarve7.pt\/index.php\/wp-json\/wp\/v2\/tags?post=55389"}],"curies":[{"name":"wp","href":"https:\/\/api.w.org\/{rel}","templated":true}]}}