{"id":55230,"date":"2025-10-23T07:40:00","date_gmt":"2025-10-23T06:40:00","guid":{"rendered":"https:\/\/algarve7.pt\/?p=55230"},"modified":"2025-10-21T18:09:13","modified_gmt":"2025-10-21T17:09:13","slug":"classicos-chegam-em-forca-a-portimao-este-fim-de-semana-no-algarve-classic-festival","status":"publish","type":"post","link":"https:\/\/algarve7.pt\/index.php\/2025\/10\/classicos-chegam-em-forca-a-portimao-este-fim-de-semana-no-algarve-classic-festival\/desporto\/07\/40\/","title":{"rendered":"Cl\u00e1ssicos chegam em for\u00e7a a Portim\u00e3o este fim de semana no Algarve Classic Festival"},"content":{"rendered":"\n<p><strong>O Algarve Classic Festival regressa este fim-de-semana ao Aut\u00f3dromo Internacional do Algarve, num dos momentos mais aguardados do calend\u00e1rio desportivo nacional pelos entusiastas do automobilismo hist\u00f3rico. O evento promete tr\u00eas dias de intensa actividade, dentro e fora de pista, com doze corridas que celebrar\u00e3o o legado de m\u00e1quinas e competi\u00e7\u00f5es lend\u00e1rias, com mais de 200 autom\u00f3veis e cerca de 500 pilotos oriundos de mais de 20 pa\u00edses.<\/strong><\/p>\n\n\n\n<p>O programa, que combina demonstra\u00e7\u00f5es, treinos, qualifica\u00e7\u00f5es e provas, oferece uma verdadeira viagem no tempo atrav\u00e9s de v\u00e1rias d\u00e9cadas de competi\u00e7\u00e3o autom\u00f3vel, com todas as disciplinas da velocidade &#8211; Turismos, GT, monolugares e prot\u00f3tipos &#8211; devidamente representadas.<\/p>\n\n\n\n<p>A corrida cabe\u00e7a-de-cartaz ser\u00e1 a in\u00e9dita \u201c<strong>300 km Algarve Sportscars<\/strong>\u201d, uma estreia absoluta em Portugal. Com uma dura\u00e7\u00e3o de cento e vinte minutos ou trezentos quil\u00f3metros, esta prova inclui paragens obrigat\u00f3rias para reabastecimento e troca de pilotos, sendo eleg\u00edveis prot\u00f3tipos constru\u00eddos entre 1963 e 1972 e GTs fabricados entre 1966 e 1980.&nbsp;<\/p>\n\n\n\n<p>Disputada ao final da tarde de s\u00e1bado, terminar\u00e1 com os carros de far\u00f3is acesos, evocando as grandes provas de endurance. A lista de inscritos re\u00fane aut\u00eanticas lendas do automobilismo portugu\u00eas dos anos 1970, como os Lola T70 e os Chevron B19, que brilharam tanto nos circuitos citadinos como nas provas ultramarinas.<\/p>\n\n\n\n<p>A competi\u00e7\u00e3o de matriz brit\u00e2nica&nbsp;<strong>GT &amp; Sports Car Cup<\/strong>, que re\u00fane Prot\u00f3tipos Pr\u00e9-1963 e GTs Pr\u00e9-1966, participantes nas provas do Campeonato do Mundo da \u00e9poca, al\u00e9m dos carros de Turismo Pr\u00e9-1966, regressa igualmente a Portugal para a derradeira prova da temporada, atra\u00edda pelo clima ameno de Outubro e pelo tra\u00e7ado desafiador de Portim\u00e3o. Ser\u00e3o cerca de tr\u00eas dezenas de carros a disputar uma corrida de duas horas no domingo, com destaque para os AC Cobra, Jaguar E-Type, TVR Grantura, MG B, Austin-Healey 3000, Morgan Plus 4 e Mini Cooper S nas suas diversas vers\u00f5es.<\/p>\n\n\n\n<p>O programa do evento inclui ainda algumas das mais entusiasmantes competi\u00e7\u00f5es de cl\u00e1ssicos actuais da Pen\u00ednsula Ib\u00e9rica, como o&nbsp;<strong>Iberian Historic Endurance<\/strong>, competi\u00e7\u00e3o de refer\u00eancia para Turismos e GT at\u00e9 1976. Dado a um n\u00famero recorde de inscritos neste evento, a organiza\u00e7\u00e3o foi obrigada a dividir as categorias e apresentar\u00e1 duas grelhas e quatro corridas. O pelot\u00e3o do Historic Endurance 1 ser\u00e1 constitu\u00eddo pelas viaturas das categorias Gentleman Driver Spirit (GDS) &#8211; onde alinham os Datsun 1200, Ford Cortina Lotus e Porsche 911 SWB -, pelos carros da classe H-1965, que inclui os Ford Mustang, Lotus Elan 26R, AC Cobra e Jaguar E, e ainda pelos GTP &amp; Sportscar at\u00e9 1965, onde estar\u00e3o em pista tr\u00eas m\u00edticos Ford GT40.<\/p>\n\n\n\n<p>J\u00e1 o&nbsp;<em>plateau&nbsp;<\/em>do Historic Endurance 2 ser\u00e1 formada pelos carros das classes H-1971 e H-1976, onde competem principalmente carros de Turismo como os Alfa Romeo GTAm, Ford Escort RS, Porsche e os seus modelos 914 e 911.<\/p>\n\n\n\n<p>A&nbsp;<strong>Carrera 80<\/strong>, destinada a carros de GT e Turismo da segunda metade dos anos 1970 at\u00e9 1993, voltar\u00e1 a colocar em pista m\u00e1quinas emblem\u00e1ticas dessa era. Os Ford Escort, os Porsche 911 e os diversos BMW que h\u00e1 meio s\u00e9culo fazem as del\u00edcias dos f\u00e3s voltar\u00e3o a repetir o espect\u00e1culo em duas corridas com paragem obrigat\u00f3ria nas boxes.<\/p>\n\n\n\n<p>No cap\u00edtulo dos f\u00f3rmulas, para al\u00e9m das demonstra\u00e7\u00f5es da F\u00f3rmula V na sexta-feira, a&nbsp;<strong>Single Seater Series<\/strong>, a \u00fanica competi\u00e7\u00e3o nacional dedicada a monolugares, disputar\u00e1 duas corridas decisivas em Portim\u00e3o. Uma grelha composta por F\u00f3rmula Renault, F\u00f3rmula Ford e F\u00f3rmula 3 dos finais dos anos 1970 promete duelos animados e muito espect\u00e1culo.<\/p>\n\n\n\n<p>A refor\u00e7ar o esp\u00edrito competitivo e hist\u00f3rico do evento estar\u00e1 o&nbsp;<strong>Group 1 Portugal<\/strong>, reservado a cl\u00e1ssicos com especifica\u00e7\u00f5es de Grupo 1 Pr\u00e9-1981 e aos concorrentes do Trof\u00e9u Mini e da 924 Cup \u2014 um campeonato de custos controlados, que vai ao encontro do esp\u00edrito \u201cclub racing\u201d e evoca os campeonatos nacionais de Grupo 1 de 1979 a 1981, bem como o ic\u00f3nico BTCC em Inglaterra, com os Ford Escort, os VW Golf GTI e os Datsun 1200 que competem na Production Cup, em formato de \u201csemi-resist\u00eancia\u201d.<\/p>\n\n\n\n<p>Para al\u00e9m da vertente desportiva, o Algarve Classic Festival \u00e9 tamb\u00e9m uma celebra\u00e7\u00e3o da cultura autom\u00f3vel. A \u201cClassic Car Parade\u201d, destinada aos clubes de cl\u00e1ssicos (s\u00e1bado), e os desfiles de motos hist\u00f3ricas (domingo) proporcionar\u00e3o momentos \u00fanicos para apreciar de perto estas aut\u00eanticas j\u00f3ias sobre rodas, num ambiente descontra\u00eddo, familiar e cheio de paix\u00e3o pelo autom\u00f3vel.<\/p>\n\n\n\n<p>Para al\u00e9m das mencionadas demonstra\u00e7\u00f5es de F\u00f3rmula V, haver\u00e1 tamb\u00e9m demonstra\u00e7\u00f5es em pista de motos cl\u00e1ssicas e de desfiles de clubes de cl\u00e1ssicos.&nbsp;<\/p>\n\n\n\n<p>Num fim\u2011de\u2011semana em que aos espectadores ser\u00e1 oferecida uma fant\u00e1stica viagem no tempo, cheia de nostalgia e com uma sonoridade muito pr\u00f3pria, os bilhetes j\u00e1 est\u00e3o dispon\u00edveis na MEO Blueticket e na bilheteira do circuito, com v\u00e1rias modalidades: o bilhete \u201cBancada Principal\u201d d\u00e1 acesso apenas \u00e0 bancada indicada; o bilhete \u201cPaddock\u201d permite o acesso ao Paddock e \u00e0 Bancada Principal; e a modalidade \u201cTorre VIP\u201d permite a circula\u00e7\u00e3o entre a Torre VIP, o Paddock e a Bancada Principal.&nbsp;<\/p>\n\n\n\n<p>A entrada \u00e9 gratuita para crian\u00e7as e jovens dos tr\u00eas aos dezasseis anos de idade. Para mais informa\u00e7\u00f5es sobre os desfiles de clubes ou para compra de bilhetes podem consultar a pagina do evento em&nbsp;<a href=\"https:\/\/raceready.us17.list-manage.com\/track\/click?u=5f0761acce85815bfadd86e7e&amp;id=35a34d8539&amp;e=e565d4aefa\" target=\"_blank\" rel=\"noreferrer noopener\">algarveclassicfestival.org<\/a><\/p>\n","protected":false},"excerpt":{"rendered":"<p>O Algarve Classic Festival regressa este fim-de-semana ao Aut\u00f3dromo Internacional do Algarve, num dos momentos mais aguardados do calend\u00e1rio desportivo<\/p>\n","protected":false},"author":1,"featured_media":55231,"comment_status":"closed","ping_status":"closed","sticky":false,"template":"","format":"standard","meta":{"colormag_page_container_layout":"default_layout","colormag_page_sidebar_layout":"default_layout","_monsterinsights_skip_tracking":false,"_monsterinsights_sitenote_active":false,"_monsterinsights_sitenote_note":"","_monsterinsights_sitenote_category":0,"jetpack_post_was_ever_published":false,"_jetpack_newsletter_access":"","_jetpack_dont_email_post_to_subs":false,"_jetpack_newsletter_tier_id":0,"_jetpack_memberships_contains_paywalled_content":false,"_jetpack_memberships_contains_paid_content":false,"footnotes":"","jetpack_publicize_message":"","jetpack_publicize_feature_enabled":true,"jetpack_social_post_already_shared":true,"jetpack_social_options":{"image_generator_settings":{"template":"highway","default_image_id":0,"font":"","enabled":false},"version":2}},"categories":[15],"tags":[36,1170,239,40,72],"class_list":["post-55230","post","type-post","status-publish","format-standard","has-post-thumbnail","hentry","category-desporto","tag-algarve","tag-algarve-classic-festival","tag-autodromo-internacional-do-algarve","tag-desporto","tag-portimao"],"yoast_head":"<!-- This site is optimized with the Yoast SEO plugin v27.5 - https:\/\/yoast.com\/product\/yoast-seo-wordpress\/ -->\n<title>Cl\u00e1ssicos chegam em for\u00e7a a Portim\u00e3o este fim de semana no Algarve Classic Festival - Algarve 7<\/title>\n<meta name=\"description\" content=\"Cl\u00e1ssicos chegam em for\u00e7a a Portim\u00e3o este fim de semana no Algarve Classic Festival Desporto\" \/>\n<meta name=\"robots\" content=\"index, follow, max-snippet:-1, max-image-preview:large, max-video-preview:-1\" \/>\n<link rel=\"canonical\" href=\"https:\/\/algarve7.pt\/index.php\/2025\/10\/classicos-chegam-em-forca-a-portimao-este-fim-de-semana-no-algarve-classic-festival\/desporto\/07\/40\/\" \/>\n<meta property=\"og:locale\" content=\"pt_PT\" \/>\n<meta property=\"og:type\" content=\"article\" \/>\n<meta property=\"og:title\" content=\"Cl\u00e1ssicos chegam em for\u00e7a a Portim\u00e3o este fim de semana no Algarve Classic Festival - Algarve 7\" \/>\n<meta property=\"og:description\" content=\"Cl\u00e1ssicos chegam em for\u00e7a a Portim\u00e3o este fim de semana no Algarve Classic Festival Desporto\" \/>\n<meta property=\"og:url\" content=\"https:\/\/algarve7.pt\/index.php\/2025\/10\/classicos-chegam-em-forca-a-portimao-este-fim-de-semana-no-algarve-classic-festival\/desporto\/07\/40\/\" \/>\n<meta property=\"og:site_name\" content=\"Algarve 7\" \/>\n<meta property=\"article:publisher\" content=\"https:\/\/www.facebook.com\/algarve7\" \/>\n<meta property=\"article:author\" content=\"https:\/\/www.facebook.com\/algarve7\" \/>\n<meta property=\"article:published_time\" content=\"2025-10-23T06:40:00+00:00\" \/>\n<meta property=\"og:image\" content=\"https:\/\/algarve7.pt\/wp-content\/uploads\/2025\/10\/Captura-de-ecra-2025-10-21-as-18.07.21.png\" \/>\n\t<meta property=\"og:image:width\" content=\"800\" \/>\n\t<meta property=\"og:image:height\" content=\"500\" \/>\n\t<meta property=\"og:image:type\" content=\"image\/png\" \/>\n<meta name=\"author\" content=\"Algarve 7\" \/>\n<meta name=\"twitter:card\" content=\"summary_large_image\" \/>\n<meta name=\"twitter:creator\" content=\"@Algarvesete\" \/>\n<meta name=\"twitter:site\" content=\"@Algarvesete\" \/>\n<meta name=\"twitter:label1\" content=\"Escrito por\" \/>\n\t<meta name=\"twitter:data1\" content=\"Algarve 7\" \/>\n\t<meta name=\"twitter:label2\" content=\"Tempo estimado de leitura\" \/>\n\t<meta name=\"twitter:data2\" content=\"5 minutos\" \/>\n<script type=\"application\/ld+json\" class=\"yoast-schema-graph\">{\"@context\":\"https:\\\/\\\/schema.org\",\"@graph\":[{\"@type\":\"Article\",\"@id\":\"https:\\\/\\\/algarve7.pt\\\/index.php\\\/2025\\\/10\\\/classicos-chegam-em-forca-a-portimao-este-fim-de-semana-no-algarve-classic-festival\\\/desporto\\\/07\\\/40\\\/#article\",\"isPartOf\":{\"@id\":\"https:\\\/\\\/algarve7.pt\\\/index.php\\\/2025\\\/10\\\/classicos-chegam-em-forca-a-portimao-este-fim-de-semana-no-algarve-classic-festival\\\/desporto\\\/07\\\/40\\\/\"},\"author\":{\"name\":\"Algarve 7\",\"@id\":\"https:\\\/\\\/algarve7.pt\\\/#\\\/schema\\\/person\\\/23fa70681308e7b319a3204bcea45e0c\"},\"headline\":\"Cl\u00e1ssicos chegam em for\u00e7a a Portim\u00e3o este fim de semana no Algarve Classic Festival\",\"datePublished\":\"2025-10-23T06:40:00+00:00\",\"mainEntityOfPage\":{\"@id\":\"https:\\\/\\\/algarve7.pt\\\/index.php\\\/2025\\\/10\\\/classicos-chegam-em-forca-a-portimao-este-fim-de-semana-no-algarve-classic-festival\\\/desporto\\\/07\\\/40\\\/\"},\"wordCount\":959,\"publisher\":{\"@id\":\"https:\\\/\\\/algarve7.pt\\\/#organization\"},\"image\":{\"@id\":\"https:\\\/\\\/algarve7.pt\\\/index.php\\\/2025\\\/10\\\/classicos-chegam-em-forca-a-portimao-este-fim-de-semana-no-algarve-classic-festival\\\/desporto\\\/07\\\/40\\\/#primaryimage\"},\"thumbnailUrl\":\"https:\\\/\\\/algarve7.pt\\\/wp-content\\\/uploads\\\/2025\\\/10\\\/Captura-de-ecra-2025-10-21-as-18.07.21.png\",\"keywords\":[\"Algarve\",\"Algarve Classic Festival\",\"Aut\u00f3dromo Internacional do Algarve\",\"Desporto\",\"Portim\u00e3o\"],\"articleSection\":[\"Desporto\"],\"inLanguage\":\"pt-PT\"},{\"@type\":\"WebPage\",\"@id\":\"https:\\\/\\\/algarve7.pt\\\/index.php\\\/2025\\\/10\\\/classicos-chegam-em-forca-a-portimao-este-fim-de-semana-no-algarve-classic-festival\\\/desporto\\\/07\\\/40\\\/\",\"url\":\"https:\\\/\\\/algarve7.pt\\\/index.php\\\/2025\\\/10\\\/classicos-chegam-em-forca-a-portimao-este-fim-de-semana-no-algarve-classic-festival\\\/desporto\\\/07\\\/40\\\/\",\"name\":\"Cl\u00e1ssicos chegam em for\u00e7a a Portim\u00e3o este fim de semana no Algarve Classic Festival - Algarve 7\",\"isPartOf\":{\"@id\":\"https:\\\/\\\/algarve7.pt\\\/#website\"},\"primaryImageOfPage\":{\"@id\":\"https:\\\/\\\/algarve7.pt\\\/index.php\\\/2025\\\/10\\\/classicos-chegam-em-forca-a-portimao-este-fim-de-semana-no-algarve-classic-festival\\\/desporto\\\/07\\\/40\\\/#primaryimage\"},\"image\":{\"@id\":\"https:\\\/\\\/algarve7.pt\\\/index.php\\\/2025\\\/10\\\/classicos-chegam-em-forca-a-portimao-este-fim-de-semana-no-algarve-classic-festival\\\/desporto\\\/07\\\/40\\\/#primaryimage\"},\"thumbnailUrl\":\"https:\\\/\\\/algarve7.pt\\\/wp-content\\\/uploads\\\/2025\\\/10\\\/Captura-de-ecra-2025-10-21-as-18.07.21.png\",\"datePublished\":\"2025-10-23T06:40:00+00:00\",\"description\":\"Cl\u00e1ssicos chegam em for\u00e7a a Portim\u00e3o este fim de semana no Algarve Classic Festival Desporto\",\"breadcrumb\":{\"@id\":\"https:\\\/\\\/algarve7.pt\\\/index.php\\\/2025\\\/10\\\/classicos-chegam-em-forca-a-portimao-este-fim-de-semana-no-algarve-classic-festival\\\/desporto\\\/07\\\/40\\\/#breadcrumb\"},\"inLanguage\":\"pt-PT\",\"potentialAction\":[{\"@type\":\"ReadAction\",\"target\":[\"https:\\\/\\\/algarve7.pt\\\/index.php\\\/2025\\\/10\\\/classicos-chegam-em-forca-a-portimao-este-fim-de-semana-no-algarve-classic-festival\\\/desporto\\\/07\\\/40\\\/\"]}]},{\"@type\":\"ImageObject\",\"inLanguage\":\"pt-PT\",\"@id\":\"https:\\\/\\\/algarve7.pt\\\/index.php\\\/2025\\\/10\\\/classicos-chegam-em-forca-a-portimao-este-fim-de-semana-no-algarve-classic-festival\\\/desporto\\\/07\\\/40\\\/#primaryimage\",\"url\":\"https:\\\/\\\/algarve7.pt\\\/wp-content\\\/uploads\\\/2025\\\/10\\\/Captura-de-ecra-2025-10-21-as-18.07.21.png\",\"contentUrl\":\"https:\\\/\\\/algarve7.pt\\\/wp-content\\\/uploads\\\/2025\\\/10\\\/Captura-de-ecra-2025-10-21-as-18.07.21.png\",\"width\":800,\"height\":500},{\"@type\":\"BreadcrumbList\",\"@id\":\"https:\\\/\\\/algarve7.pt\\\/index.php\\\/2025\\\/10\\\/classicos-chegam-em-forca-a-portimao-este-fim-de-semana-no-algarve-classic-festival\\\/desporto\\\/07\\\/40\\\/#breadcrumb\",\"itemListElement\":[{\"@type\":\"ListItem\",\"position\":1,\"name\":\"In\u00edcio\",\"item\":\"https:\\\/\\\/algarve7.pt\\\/\"},{\"@type\":\"ListItem\",\"position\":2,\"name\":\"Cl\u00e1ssicos chegam em for\u00e7a a Portim\u00e3o este fim de semana no Algarve Classic Festival\"}]},{\"@type\":\"WebSite\",\"@id\":\"https:\\\/\\\/algarve7.pt\\\/#website\",\"url\":\"https:\\\/\\\/algarve7.pt\\\/\",\"name\":\"Algarve 7\",\"description\":\"Informa\u00e7\u00e3o sobre o Algarve\",\"publisher\":{\"@id\":\"https:\\\/\\\/algarve7.pt\\\/#organization\"},\"potentialAction\":[{\"@type\":\"SearchAction\",\"target\":{\"@type\":\"EntryPoint\",\"urlTemplate\":\"https:\\\/\\\/algarve7.pt\\\/?s={search_term_string}\"},\"query-input\":{\"@type\":\"PropertyValueSpecification\",\"valueRequired\":true,\"valueName\":\"search_term_string\"}}],\"inLanguage\":\"pt-PT\"},{\"@type\":\"Organization\",\"@id\":\"https:\\\/\\\/algarve7.pt\\\/#organization\",\"name\":\"Algarve 7\",\"url\":\"https:\\\/\\\/algarve7.pt\\\/\",\"logo\":{\"@type\":\"ImageObject\",\"inLanguage\":\"pt-PT\",\"@id\":\"https:\\\/\\\/algarve7.pt\\\/#\\\/schema\\\/logo\\\/image\\\/\",\"url\":\"https:\\\/\\\/algarve7.pt\\\/wp-content\\\/uploads\\\/2020\\\/10\\\/Logo-8.jpg\",\"contentUrl\":\"https:\\\/\\\/algarve7.pt\\\/wp-content\\\/uploads\\\/2020\\\/10\\\/Logo-8.jpg\",\"width\":1680,\"height\":1186,\"caption\":\"Algarve 7\"},\"image\":{\"@id\":\"https:\\\/\\\/algarve7.pt\\\/#\\\/schema\\\/logo\\\/image\\\/\"},\"sameAs\":[\"https:\\\/\\\/www.facebook.com\\\/algarve7\",\"https:\\\/\\\/x.com\\\/Algarvesete\",\"https:\\\/\\\/www.instagram.com\\\/jornalalgarve7\\\/\",\"https:\\\/\\\/www.linkedin.com\\\/company\\\/algarve7\",\"https:\\\/\\\/www.pinterest.pt\\\/geral0939\\\/_created\\\/\"]},{\"@type\":\"Person\",\"@id\":\"https:\\\/\\\/algarve7.pt\\\/#\\\/schema\\\/person\\\/23fa70681308e7b319a3204bcea45e0c\",\"name\":\"Algarve 7\",\"sameAs\":[\"https:\\\/\\\/algarve7.pt\",\"https:\\\/\\\/www.facebook.com\\\/algarve7\"],\"url\":\"https:\\\/\\\/algarve7.pt\\\/index.php\\\/author\\\/geralalgarve7-pt\\\/\"}]}<\/script>\n<!-- \/ Yoast SEO plugin. -->","yoast_head_json":{"title":"Cl\u00e1ssicos chegam em for\u00e7a a Portim\u00e3o este fim de semana no Algarve Classic Festival - Algarve 7","description":"Cl\u00e1ssicos chegam em for\u00e7a a Portim\u00e3o este fim de semana no Algarve Classic Festival Desporto","robots":{"index":"index","follow":"follow","max-snippet":"max-snippet:-1","max-image-preview":"max-image-preview:large","max-video-preview":"max-video-preview:-1"},"canonical":"https:\/\/algarve7.pt\/index.php\/2025\/10\/classicos-chegam-em-forca-a-portimao-este-fim-de-semana-no-algarve-classic-festival\/desporto\/07\/40\/","og_locale":"pt_PT","og_type":"article","og_title":"Cl\u00e1ssicos chegam em for\u00e7a a Portim\u00e3o este fim de semana no Algarve Classic Festival - Algarve 7","og_description":"Cl\u00e1ssicos chegam em for\u00e7a a Portim\u00e3o este fim de semana no Algarve Classic Festival Desporto","og_url":"https:\/\/algarve7.pt\/index.php\/2025\/10\/classicos-chegam-em-forca-a-portimao-este-fim-de-semana-no-algarve-classic-festival\/desporto\/07\/40\/","og_site_name":"Algarve 7","article_publisher":"https:\/\/www.facebook.com\/algarve7","article_author":"https:\/\/www.facebook.com\/algarve7","article_published_time":"2025-10-23T06:40:00+00:00","og_image":[{"width":800,"height":500,"url":"https:\/\/algarve7.pt\/wp-content\/uploads\/2025\/10\/Captura-de-ecra-2025-10-21-as-18.07.21.png","type":"image\/png"}],"author":"Algarve 7","twitter_card":"summary_large_image","twitter_creator":"@Algarvesete","twitter_site":"@Algarvesete","twitter_misc":{"Escrito por":"Algarve 7","Tempo estimado de leitura":"5 minutos"},"schema":{"@context":"https:\/\/schema.org","@graph":[{"@type":"Article","@id":"https:\/\/algarve7.pt\/index.php\/2025\/10\/classicos-chegam-em-forca-a-portimao-este-fim-de-semana-no-algarve-classic-festival\/desporto\/07\/40\/#article","isPartOf":{"@id":"https:\/\/algarve7.pt\/index.php\/2025\/10\/classicos-chegam-em-forca-a-portimao-este-fim-de-semana-no-algarve-classic-festival\/desporto\/07\/40\/"},"author":{"name":"Algarve 7","@id":"https:\/\/algarve7.pt\/#\/schema\/person\/23fa70681308e7b319a3204bcea45e0c"},"headline":"Cl\u00e1ssicos chegam em for\u00e7a a Portim\u00e3o este fim de semana no Algarve Classic Festival","datePublished":"2025-10-23T06:40:00+00:00","mainEntityOfPage":{"@id":"https:\/\/algarve7.pt\/index.php\/2025\/10\/classicos-chegam-em-forca-a-portimao-este-fim-de-semana-no-algarve-classic-festival\/desporto\/07\/40\/"},"wordCount":959,"publisher":{"@id":"https:\/\/algarve7.pt\/#organization"},"image":{"@id":"https:\/\/algarve7.pt\/index.php\/2025\/10\/classicos-chegam-em-forca-a-portimao-este-fim-de-semana-no-algarve-classic-festival\/desporto\/07\/40\/#primaryimage"},"thumbnailUrl":"https:\/\/algarve7.pt\/wp-content\/uploads\/2025\/10\/Captura-de-ecra-2025-10-21-as-18.07.21.png","keywords":["Algarve","Algarve Classic Festival","Aut\u00f3dromo Internacional do Algarve","Desporto","Portim\u00e3o"],"articleSection":["Desporto"],"inLanguage":"pt-PT"},{"@type":"WebPage","@id":"https:\/\/algarve7.pt\/index.php\/2025\/10\/classicos-chegam-em-forca-a-portimao-este-fim-de-semana-no-algarve-classic-festival\/desporto\/07\/40\/","url":"https:\/\/algarve7.pt\/index.php\/2025\/10\/classicos-chegam-em-forca-a-portimao-este-fim-de-semana-no-algarve-classic-festival\/desporto\/07\/40\/","name":"Cl\u00e1ssicos chegam em for\u00e7a a Portim\u00e3o este fim de semana no Algarve Classic Festival - Algarve 7","isPartOf":{"@id":"https:\/\/algarve7.pt\/#website"},"primaryImageOfPage":{"@id":"https:\/\/algarve7.pt\/index.php\/2025\/10\/classicos-chegam-em-forca-a-portimao-este-fim-de-semana-no-algarve-classic-festival\/desporto\/07\/40\/#primaryimage"},"image":{"@id":"https:\/\/algarve7.pt\/index.php\/2025\/10\/classicos-chegam-em-forca-a-portimao-este-fim-de-semana-no-algarve-classic-festival\/desporto\/07\/40\/#primaryimage"},"thumbnailUrl":"https:\/\/algarve7.pt\/wp-content\/uploads\/2025\/10\/Captura-de-ecra-2025-10-21-as-18.07.21.png","datePublished":"2025-10-23T06:40:00+00:00","description":"Cl\u00e1ssicos chegam em for\u00e7a a Portim\u00e3o este fim de semana no Algarve Classic Festival Desporto","breadcrumb":{"@id":"https:\/\/algarve7.pt\/index.php\/2025\/10\/classicos-chegam-em-forca-a-portimao-este-fim-de-semana-no-algarve-classic-festival\/desporto\/07\/40\/#breadcrumb"},"inLanguage":"pt-PT","potentialAction":[{"@type":"ReadAction","target":["https:\/\/algarve7.pt\/index.php\/2025\/10\/classicos-chegam-em-forca-a-portimao-este-fim-de-semana-no-algarve-classic-festival\/desporto\/07\/40\/"]}]},{"@type":"ImageObject","inLanguage":"pt-PT","@id":"https:\/\/algarve7.pt\/index.php\/2025\/10\/classicos-chegam-em-forca-a-portimao-este-fim-de-semana-no-algarve-classic-festival\/desporto\/07\/40\/#primaryimage","url":"https:\/\/algarve7.pt\/wp-content\/uploads\/2025\/10\/Captura-de-ecra-2025-10-21-as-18.07.21.png","contentUrl":"https:\/\/algarve7.pt\/wp-content\/uploads\/2025\/10\/Captura-de-ecra-2025-10-21-as-18.07.21.png","width":800,"height":500},{"@type":"BreadcrumbList","@id":"https:\/\/algarve7.pt\/index.php\/2025\/10\/classicos-chegam-em-forca-a-portimao-este-fim-de-semana-no-algarve-classic-festival\/desporto\/07\/40\/#breadcrumb","itemListElement":[{"@type":"ListItem","position":1,"name":"In\u00edcio","item":"https:\/\/algarve7.pt\/"},{"@type":"ListItem","position":2,"name":"Cl\u00e1ssicos chegam em for\u00e7a a Portim\u00e3o este fim de semana no Algarve Classic Festival"}]},{"@type":"WebSite","@id":"https:\/\/algarve7.pt\/#website","url":"https:\/\/algarve7.pt\/","name":"Algarve 7","description":"Informa\u00e7\u00e3o sobre o Algarve","publisher":{"@id":"https:\/\/algarve7.pt\/#organization"},"potentialAction":[{"@type":"SearchAction","target":{"@type":"EntryPoint","urlTemplate":"https:\/\/algarve7.pt\/?s={search_term_string}"},"query-input":{"@type":"PropertyValueSpecification","valueRequired":true,"valueName":"search_term_string"}}],"inLanguage":"pt-PT"},{"@type":"Organization","@id":"https:\/\/algarve7.pt\/#organization","name":"Algarve 7","url":"https:\/\/algarve7.pt\/","logo":{"@type":"ImageObject","inLanguage":"pt-PT","@id":"https:\/\/algarve7.pt\/#\/schema\/logo\/image\/","url":"https:\/\/algarve7.pt\/wp-content\/uploads\/2020\/10\/Logo-8.jpg","contentUrl":"https:\/\/algarve7.pt\/wp-content\/uploads\/2020\/10\/Logo-8.jpg","width":1680,"height":1186,"caption":"Algarve 7"},"image":{"@id":"https:\/\/algarve7.pt\/#\/schema\/logo\/image\/"},"sameAs":["https:\/\/www.facebook.com\/algarve7","https:\/\/x.com\/Algarvesete","https:\/\/www.instagram.com\/jornalalgarve7\/","https:\/\/www.linkedin.com\/company\/algarve7","https:\/\/www.pinterest.pt\/geral0939\/_created\/"]},{"@type":"Person","@id":"https:\/\/algarve7.pt\/#\/schema\/person\/23fa70681308e7b319a3204bcea45e0c","name":"Algarve 7","sameAs":["https:\/\/algarve7.pt","https:\/\/www.facebook.com\/algarve7"],"url":"https:\/\/algarve7.pt\/index.php\/author\/geralalgarve7-pt\/"}]}},"jetpack_publicize_connections":[],"jetpack_featured_media_url":"https:\/\/algarve7.pt\/wp-content\/uploads\/2025\/10\/Captura-de-ecra-2025-10-21-as-18.07.21.png","jetpack_shortlink":"https:\/\/wp.me\/pcezmW-emO","jetpack_sharing_enabled":true,"_links":{"self":[{"href":"https:\/\/algarve7.pt\/index.php\/wp-json\/wp\/v2\/posts\/55230","targetHints":{"allow":["GET"]}}],"collection":[{"href":"https:\/\/algarve7.pt\/index.php\/wp-json\/wp\/v2\/posts"}],"about":[{"href":"https:\/\/algarve7.pt\/index.php\/wp-json\/wp\/v2\/types\/post"}],"author":[{"embeddable":true,"href":"https:\/\/algarve7.pt\/index.php\/wp-json\/wp\/v2\/users\/1"}],"replies":[{"embeddable":true,"href":"https:\/\/algarve7.pt\/index.php\/wp-json\/wp\/v2\/comments?post=55230"}],"version-history":[{"count":0,"href":"https:\/\/algarve7.pt\/index.php\/wp-json\/wp\/v2\/posts\/55230\/revisions"}],"wp:featuredmedia":[{"embeddable":true,"href":"https:\/\/algarve7.pt\/index.php\/wp-json\/wp\/v2\/media\/55231"}],"wp:attachment":[{"href":"https:\/\/algarve7.pt\/index.php\/wp-json\/wp\/v2\/media?parent=55230"}],"wp:term":[{"taxonomy":"category","embeddable":true,"href":"https:\/\/algarve7.pt\/index.php\/wp-json\/wp\/v2\/categories?post=55230"},{"taxonomy":"post_tag","embeddable":true,"href":"https:\/\/algarve7.pt\/index.php\/wp-json\/wp\/v2\/tags?post=55230"}],"curies":[{"name":"wp","href":"https:\/\/api.w.org\/{rel}","templated":true}]}}