{"id":5522,"date":"2021-01-22T12:10:24","date_gmt":"2021-01-22T12:10:24","guid":{"rendered":"https:\/\/algarve7.pt\/?p=5522"},"modified":"2021-01-22T13:38:14","modified_gmt":"2021-01-22T13:38:14","slug":"camara-municipal-de-olhao-presta-apoio-logistico-para-transporte-de-equipamentos-de-protecao-individual-para-o-algarve","status":"publish","type":"post","link":"https:\/\/algarve7.pt\/index.php\/2021\/01\/camara-municipal-de-olhao-presta-apoio-logistico-para-transporte-de-equipamentos-de-protecao-individual-para-o-algarve\/atualidade\/12\/10\/","title":{"rendered":"C\u00e2mara Municipal de Olh\u00e3o presta apoio log\u00edstico para transporte de equipamentos de prote\u00e7\u00e3o individual para o Algarve"},"content":{"rendered":"\n<p>Decorre hoje, dia 22 de janeiro de 2021, com o apoio do Munic\u00edpio de Olh\u00e3o, atrav\u00e9s do seu Servi\u00e7o Municipal de Prote\u00e7\u00e3o Civil e do Corpo de Bombeiros, e da empresa TPO &#8211; Transportes e Log\u00edstica, uma opera\u00e7\u00e3o log\u00edstica de transporte de Equipamentos de Prote\u00e7\u00e3o Individual, do Laborat\u00f3rio Militar de Produtos Qu\u00edmicos e Farmac\u00eauticos, em Lisboa, para \u00e0 Administra\u00e7\u00e3o Regional de Sa\u00fade do Algarve.<\/p>\n","protected":false},"excerpt":{"rendered":"<p>Decorre hoje, dia 22 de janeiro de 2021, com o apoio do Munic\u00edpio de Olh\u00e3o, atrav\u00e9s do seu Servi\u00e7o Municipal<\/p>\n","protected":false},"author":1,"featured_media":5523,"comment_status":"closed","ping_status":"open","sticky":false,"template":"","format":"standard","meta":{"colormag_page_container_layout":"default_layout","colormag_page_sidebar_layout":"default_layout","_monsterinsights_skip_tracking":false,"_monsterinsights_sitenote_active":false,"_monsterinsights_sitenote_note":"","_monsterinsights_sitenote_category":0,"jetpack_post_was_ever_published":false,"_jetpack_newsletter_access":"","_jetpack_dont_email_post_to_subs":false,"_jetpack_newsletter_tier_id":0,"_jetpack_memberships_contains_paywalled_content":false,"_jetpack_memberships_contains_paid_content":false,"footnotes":"","jetpack_publicize_message":"","jetpack_publicize_feature_enabled":true,"jetpack_social_post_already_shared":true,"jetpack_social_options":{"image_generator_settings":{"template":"highway","default_image_id":0,"font":"","enabled":false},"version":2}},"categories":[11],"tags":[36,62,37],"class_list":["post-5522","post","type-post","status-publish","format-standard","has-post-thumbnail","hentry","category-atualidade","tag-algarve","tag-atualidade","tag-olhao"],"yoast_head":"<!-- This site is optimized with the Yoast SEO plugin v27.5 - https:\/\/yoast.com\/product\/yoast-seo-wordpress\/ -->\n<title>C\u00e2mara Municipal de Olh\u00e3o presta apoio log\u00edstico para transporte de equipamentos de prote\u00e7\u00e3o individual para o Algarve - Algarve 7<\/title>\n<meta name=\"description\" content=\"C\u00e2mara Municipal de Olh\u00e3o presta apoio log\u00edstico para transporte de equipamentos de prote\u00e7\u00e3o individual para o Algarve Atualidade\" \/>\n<meta name=\"robots\" content=\"index, follow, max-snippet:-1, max-image-preview:large, max-video-preview:-1\" \/>\n<link rel=\"canonical\" href=\"https:\/\/algarve7.pt\/index.php\/2021\/01\/camara-municipal-de-olhao-presta-apoio-logistico-para-transporte-de-equipamentos-de-protecao-individual-para-o-algarve\/atualidade\/12\/10\/\" \/>\n<meta property=\"og:locale\" content=\"pt_PT\" \/>\n<meta property=\"og:type\" content=\"article\" \/>\n<meta property=\"og:title\" content=\"C\u00e2mara Municipal de Olh\u00e3o presta apoio log\u00edstico para transporte de equipamentos de prote\u00e7\u00e3o individual para o Algarve - Algarve 7\" \/>\n<meta property=\"og:description\" content=\"C\u00e2mara Municipal de Olh\u00e3o presta apoio log\u00edstico para transporte de equipamentos de prote\u00e7\u00e3o individual para o Algarve Atualidade\" \/>\n<meta property=\"og:url\" content=\"https:\/\/algarve7.pt\/index.php\/2021\/01\/camara-municipal-de-olhao-presta-apoio-logistico-para-transporte-de-equipamentos-de-protecao-individual-para-o-algarve\/atualidade\/12\/10\/\" \/>\n<meta property=\"og:site_name\" content=\"Algarve 7\" \/>\n<meta property=\"article:publisher\" content=\"https:\/\/www.facebook.com\/algarve7\" \/>\n<meta property=\"article:author\" content=\"https:\/\/www.facebook.com\/algarve7\" \/>\n<meta property=\"article:published_time\" content=\"2021-01-22T12:10:24+00:00\" \/>\n<meta property=\"article:modified_time\" content=\"2021-01-22T13:38:14+00:00\" \/>\n<meta property=\"og:image\" content=\"https:\/\/algarve7.pt\/wp-content\/uploads\/2021\/01\/image010.jpg\" \/>\n\t<meta property=\"og:image:width\" content=\"653\" \/>\n\t<meta property=\"og:image:height\" content=\"293\" \/>\n\t<meta property=\"og:image:type\" content=\"image\/jpeg\" \/>\n<meta name=\"author\" content=\"Algarve 7\" \/>\n<meta name=\"twitter:card\" content=\"summary_large_image\" \/>\n<meta name=\"twitter:creator\" content=\"@Algarvesete\" \/>\n<meta name=\"twitter:site\" content=\"@Algarvesete\" \/>\n<meta name=\"twitter:label1\" content=\"Escrito por\" \/>\n\t<meta name=\"twitter:data1\" content=\"Algarve 7\" \/>\n\t<meta name=\"twitter:label2\" content=\"Tempo estimado de leitura\" \/>\n\t<meta name=\"twitter:data2\" content=\"1 minuto\" \/>\n<script type=\"application\/ld+json\" class=\"yoast-schema-graph\">{\"@context\":\"https:\\\/\\\/schema.org\",\"@graph\":[{\"@type\":\"Article\",\"@id\":\"https:\\\/\\\/algarve7.pt\\\/index.php\\\/2021\\\/01\\\/camara-municipal-de-olhao-presta-apoio-logistico-para-transporte-de-equipamentos-de-protecao-individual-para-o-algarve\\\/atualidade\\\/12\\\/10\\\/#article\",\"isPartOf\":{\"@id\":\"https:\\\/\\\/algarve7.pt\\\/index.php\\\/2021\\\/01\\\/camara-municipal-de-olhao-presta-apoio-logistico-para-transporte-de-equipamentos-de-protecao-individual-para-o-algarve\\\/atualidade\\\/12\\\/10\\\/\"},\"author\":{\"name\":\"Algarve 7\",\"@id\":\"https:\\\/\\\/algarve7.pt\\\/#\\\/schema\\\/person\\\/23fa70681308e7b319a3204bcea45e0c\"},\"headline\":\"C\u00e2mara Municipal de Olh\u00e3o presta apoio log\u00edstico para transporte de equipamentos de prote\u00e7\u00e3o individual para o Algarve\",\"datePublished\":\"2021-01-22T12:10:24+00:00\",\"dateModified\":\"2021-01-22T13:38:14+00:00\",\"mainEntityOfPage\":{\"@id\":\"https:\\\/\\\/algarve7.pt\\\/index.php\\\/2021\\\/01\\\/camara-municipal-de-olhao-presta-apoio-logistico-para-transporte-de-equipamentos-de-protecao-individual-para-o-algarve\\\/atualidade\\\/12\\\/10\\\/\"},\"wordCount\":96,\"publisher\":{\"@id\":\"https:\\\/\\\/algarve7.pt\\\/#organization\"},\"image\":{\"@id\":\"https:\\\/\\\/algarve7.pt\\\/index.php\\\/2021\\\/01\\\/camara-municipal-de-olhao-presta-apoio-logistico-para-transporte-de-equipamentos-de-protecao-individual-para-o-algarve\\\/atualidade\\\/12\\\/10\\\/#primaryimage\"},\"thumbnailUrl\":\"https:\\\/\\\/algarve7.pt\\\/wp-content\\\/uploads\\\/2021\\\/01\\\/image010.jpg\",\"keywords\":[\"Algarve\",\"Atualidade\",\"Olh\u00e3o\"],\"articleSection\":[\"Atualidade\"],\"inLanguage\":\"pt-PT\"},{\"@type\":\"WebPage\",\"@id\":\"https:\\\/\\\/algarve7.pt\\\/index.php\\\/2021\\\/01\\\/camara-municipal-de-olhao-presta-apoio-logistico-para-transporte-de-equipamentos-de-protecao-individual-para-o-algarve\\\/atualidade\\\/12\\\/10\\\/\",\"url\":\"https:\\\/\\\/algarve7.pt\\\/index.php\\\/2021\\\/01\\\/camara-municipal-de-olhao-presta-apoio-logistico-para-transporte-de-equipamentos-de-protecao-individual-para-o-algarve\\\/atualidade\\\/12\\\/10\\\/\",\"name\":\"C\u00e2mara Municipal de Olh\u00e3o presta apoio log\u00edstico para transporte de equipamentos de prote\u00e7\u00e3o individual para o Algarve - Algarve 7\",\"isPartOf\":{\"@id\":\"https:\\\/\\\/algarve7.pt\\\/#website\"},\"primaryImageOfPage\":{\"@id\":\"https:\\\/\\\/algarve7.pt\\\/index.php\\\/2021\\\/01\\\/camara-municipal-de-olhao-presta-apoio-logistico-para-transporte-de-equipamentos-de-protecao-individual-para-o-algarve\\\/atualidade\\\/12\\\/10\\\/#primaryimage\"},\"image\":{\"@id\":\"https:\\\/\\\/algarve7.pt\\\/index.php\\\/2021\\\/01\\\/camara-municipal-de-olhao-presta-apoio-logistico-para-transporte-de-equipamentos-de-protecao-individual-para-o-algarve\\\/atualidade\\\/12\\\/10\\\/#primaryimage\"},\"thumbnailUrl\":\"https:\\\/\\\/algarve7.pt\\\/wp-content\\\/uploads\\\/2021\\\/01\\\/image010.jpg\",\"datePublished\":\"2021-01-22T12:10:24+00:00\",\"dateModified\":\"2021-01-22T13:38:14+00:00\",\"description\":\"C\u00e2mara Municipal de Olh\u00e3o presta apoio log\u00edstico para transporte de equipamentos de prote\u00e7\u00e3o individual para o Algarve Atualidade\",\"breadcrumb\":{\"@id\":\"https:\\\/\\\/algarve7.pt\\\/index.php\\\/2021\\\/01\\\/camara-municipal-de-olhao-presta-apoio-logistico-para-transporte-de-equipamentos-de-protecao-individual-para-o-algarve\\\/atualidade\\\/12\\\/10\\\/#breadcrumb\"},\"inLanguage\":\"pt-PT\",\"potentialAction\":[{\"@type\":\"ReadAction\",\"target\":[\"https:\\\/\\\/algarve7.pt\\\/index.php\\\/2021\\\/01\\\/camara-municipal-de-olhao-presta-apoio-logistico-para-transporte-de-equipamentos-de-protecao-individual-para-o-algarve\\\/atualidade\\\/12\\\/10\\\/\"]}]},{\"@type\":\"ImageObject\",\"inLanguage\":\"pt-PT\",\"@id\":\"https:\\\/\\\/algarve7.pt\\\/index.php\\\/2021\\\/01\\\/camara-municipal-de-olhao-presta-apoio-logistico-para-transporte-de-equipamentos-de-protecao-individual-para-o-algarve\\\/atualidade\\\/12\\\/10\\\/#primaryimage\",\"url\":\"https:\\\/\\\/algarve7.pt\\\/wp-content\\\/uploads\\\/2021\\\/01\\\/image010.jpg\",\"contentUrl\":\"https:\\\/\\\/algarve7.pt\\\/wp-content\\\/uploads\\\/2021\\\/01\\\/image010.jpg\",\"width\":653,\"height\":293},{\"@type\":\"BreadcrumbList\",\"@id\":\"https:\\\/\\\/algarve7.pt\\\/index.php\\\/2021\\\/01\\\/camara-municipal-de-olhao-presta-apoio-logistico-para-transporte-de-equipamentos-de-protecao-individual-para-o-algarve\\\/atualidade\\\/12\\\/10\\\/#breadcrumb\",\"itemListElement\":[{\"@type\":\"ListItem\",\"position\":1,\"name\":\"In\u00edcio\",\"item\":\"https:\\\/\\\/algarve7.pt\\\/\"},{\"@type\":\"ListItem\",\"position\":2,\"name\":\"C\u00e2mara Municipal de Olh\u00e3o presta apoio log\u00edstico para transporte de equipamentos de prote\u00e7\u00e3o individual para o Algarve\"}]},{\"@type\":\"WebSite\",\"@id\":\"https:\\\/\\\/algarve7.pt\\\/#website\",\"url\":\"https:\\\/\\\/algarve7.pt\\\/\",\"name\":\"Algarve 7\",\"description\":\"Informa\u00e7\u00e3o sobre o Algarve\",\"publisher\":{\"@id\":\"https:\\\/\\\/algarve7.pt\\\/#organization\"},\"potentialAction\":[{\"@type\":\"SearchAction\",\"target\":{\"@type\":\"EntryPoint\",\"urlTemplate\":\"https:\\\/\\\/algarve7.pt\\\/?s={search_term_string}\"},\"query-input\":{\"@type\":\"PropertyValueSpecification\",\"valueRequired\":true,\"valueName\":\"search_term_string\"}}],\"inLanguage\":\"pt-PT\"},{\"@type\":\"Organization\",\"@id\":\"https:\\\/\\\/algarve7.pt\\\/#organization\",\"name\":\"Algarve 7\",\"url\":\"https:\\\/\\\/algarve7.pt\\\/\",\"logo\":{\"@type\":\"ImageObject\",\"inLanguage\":\"pt-PT\",\"@id\":\"https:\\\/\\\/algarve7.pt\\\/#\\\/schema\\\/logo\\\/image\\\/\",\"url\":\"https:\\\/\\\/algarve7.pt\\\/wp-content\\\/uploads\\\/2020\\\/10\\\/Logo-8.jpg\",\"contentUrl\":\"https:\\\/\\\/algarve7.pt\\\/wp-content\\\/uploads\\\/2020\\\/10\\\/Logo-8.jpg\",\"width\":1680,\"height\":1186,\"caption\":\"Algarve 7\"},\"image\":{\"@id\":\"https:\\\/\\\/algarve7.pt\\\/#\\\/schema\\\/logo\\\/image\\\/\"},\"sameAs\":[\"https:\\\/\\\/www.facebook.com\\\/algarve7\",\"https:\\\/\\\/x.com\\\/Algarvesete\",\"https:\\\/\\\/www.instagram.com\\\/jornalalgarve7\\\/\",\"https:\\\/\\\/www.linkedin.com\\\/company\\\/algarve7\",\"https:\\\/\\\/www.pinterest.pt\\\/geral0939\\\/_created\\\/\"]},{\"@type\":\"Person\",\"@id\":\"https:\\\/\\\/algarve7.pt\\\/#\\\/schema\\\/person\\\/23fa70681308e7b319a3204bcea45e0c\",\"name\":\"Algarve 7\",\"sameAs\":[\"https:\\\/\\\/algarve7.pt\",\"https:\\\/\\\/www.facebook.com\\\/algarve7\"],\"url\":\"https:\\\/\\\/algarve7.pt\\\/index.php\\\/author\\\/geralalgarve7-pt\\\/\"}]}<\/script>\n<!-- \/ Yoast SEO plugin. -->","yoast_head_json":{"title":"C\u00e2mara Municipal de Olh\u00e3o presta apoio log\u00edstico para transporte de equipamentos de prote\u00e7\u00e3o individual para o Algarve - Algarve 7","description":"C\u00e2mara Municipal de Olh\u00e3o presta apoio log\u00edstico para transporte de equipamentos de prote\u00e7\u00e3o individual para o Algarve Atualidade","robots":{"index":"index","follow":"follow","max-snippet":"max-snippet:-1","max-image-preview":"max-image-preview:large","max-video-preview":"max-video-preview:-1"},"canonical":"https:\/\/algarve7.pt\/index.php\/2021\/01\/camara-municipal-de-olhao-presta-apoio-logistico-para-transporte-de-equipamentos-de-protecao-individual-para-o-algarve\/atualidade\/12\/10\/","og_locale":"pt_PT","og_type":"article","og_title":"C\u00e2mara Municipal de Olh\u00e3o presta apoio log\u00edstico para transporte de equipamentos de prote\u00e7\u00e3o individual para o Algarve - Algarve 7","og_description":"C\u00e2mara Municipal de Olh\u00e3o presta apoio log\u00edstico para transporte de equipamentos de prote\u00e7\u00e3o individual para o Algarve Atualidade","og_url":"https:\/\/algarve7.pt\/index.php\/2021\/01\/camara-municipal-de-olhao-presta-apoio-logistico-para-transporte-de-equipamentos-de-protecao-individual-para-o-algarve\/atualidade\/12\/10\/","og_site_name":"Algarve 7","article_publisher":"https:\/\/www.facebook.com\/algarve7","article_author":"https:\/\/www.facebook.com\/algarve7","article_published_time":"2021-01-22T12:10:24+00:00","article_modified_time":"2021-01-22T13:38:14+00:00","og_image":[{"width":653,"height":293,"url":"https:\/\/algarve7.pt\/wp-content\/uploads\/2021\/01\/image010.jpg","type":"image\/jpeg"}],"author":"Algarve 7","twitter_card":"summary_large_image","twitter_creator":"@Algarvesete","twitter_site":"@Algarvesete","twitter_misc":{"Escrito por":"Algarve 7","Tempo estimado de leitura":"1 minuto"},"schema":{"@context":"https:\/\/schema.org","@graph":[{"@type":"Article","@id":"https:\/\/algarve7.pt\/index.php\/2021\/01\/camara-municipal-de-olhao-presta-apoio-logistico-para-transporte-de-equipamentos-de-protecao-individual-para-o-algarve\/atualidade\/12\/10\/#article","isPartOf":{"@id":"https:\/\/algarve7.pt\/index.php\/2021\/01\/camara-municipal-de-olhao-presta-apoio-logistico-para-transporte-de-equipamentos-de-protecao-individual-para-o-algarve\/atualidade\/12\/10\/"},"author":{"name":"Algarve 7","@id":"https:\/\/algarve7.pt\/#\/schema\/person\/23fa70681308e7b319a3204bcea45e0c"},"headline":"C\u00e2mara Municipal de Olh\u00e3o presta apoio log\u00edstico para transporte de equipamentos de prote\u00e7\u00e3o individual para o Algarve","datePublished":"2021-01-22T12:10:24+00:00","dateModified":"2021-01-22T13:38:14+00:00","mainEntityOfPage":{"@id":"https:\/\/algarve7.pt\/index.php\/2021\/01\/camara-municipal-de-olhao-presta-apoio-logistico-para-transporte-de-equipamentos-de-protecao-individual-para-o-algarve\/atualidade\/12\/10\/"},"wordCount":96,"publisher":{"@id":"https:\/\/algarve7.pt\/#organization"},"image":{"@id":"https:\/\/algarve7.pt\/index.php\/2021\/01\/camara-municipal-de-olhao-presta-apoio-logistico-para-transporte-de-equipamentos-de-protecao-individual-para-o-algarve\/atualidade\/12\/10\/#primaryimage"},"thumbnailUrl":"https:\/\/algarve7.pt\/wp-content\/uploads\/2021\/01\/image010.jpg","keywords":["Algarve","Atualidade","Olh\u00e3o"],"articleSection":["Atualidade"],"inLanguage":"pt-PT"},{"@type":"WebPage","@id":"https:\/\/algarve7.pt\/index.php\/2021\/01\/camara-municipal-de-olhao-presta-apoio-logistico-para-transporte-de-equipamentos-de-protecao-individual-para-o-algarve\/atualidade\/12\/10\/","url":"https:\/\/algarve7.pt\/index.php\/2021\/01\/camara-municipal-de-olhao-presta-apoio-logistico-para-transporte-de-equipamentos-de-protecao-individual-para-o-algarve\/atualidade\/12\/10\/","name":"C\u00e2mara Municipal de Olh\u00e3o presta apoio log\u00edstico para transporte de equipamentos de prote\u00e7\u00e3o individual para o Algarve - Algarve 7","isPartOf":{"@id":"https:\/\/algarve7.pt\/#website"},"primaryImageOfPage":{"@id":"https:\/\/algarve7.pt\/index.php\/2021\/01\/camara-municipal-de-olhao-presta-apoio-logistico-para-transporte-de-equipamentos-de-protecao-individual-para-o-algarve\/atualidade\/12\/10\/#primaryimage"},"image":{"@id":"https:\/\/algarve7.pt\/index.php\/2021\/01\/camara-municipal-de-olhao-presta-apoio-logistico-para-transporte-de-equipamentos-de-protecao-individual-para-o-algarve\/atualidade\/12\/10\/#primaryimage"},"thumbnailUrl":"https:\/\/algarve7.pt\/wp-content\/uploads\/2021\/01\/image010.jpg","datePublished":"2021-01-22T12:10:24+00:00","dateModified":"2021-01-22T13:38:14+00:00","description":"C\u00e2mara Municipal de Olh\u00e3o presta apoio log\u00edstico para transporte de equipamentos de prote\u00e7\u00e3o individual para o Algarve Atualidade","breadcrumb":{"@id":"https:\/\/algarve7.pt\/index.php\/2021\/01\/camara-municipal-de-olhao-presta-apoio-logistico-para-transporte-de-equipamentos-de-protecao-individual-para-o-algarve\/atualidade\/12\/10\/#breadcrumb"},"inLanguage":"pt-PT","potentialAction":[{"@type":"ReadAction","target":["https:\/\/algarve7.pt\/index.php\/2021\/01\/camara-municipal-de-olhao-presta-apoio-logistico-para-transporte-de-equipamentos-de-protecao-individual-para-o-algarve\/atualidade\/12\/10\/"]}]},{"@type":"ImageObject","inLanguage":"pt-PT","@id":"https:\/\/algarve7.pt\/index.php\/2021\/01\/camara-municipal-de-olhao-presta-apoio-logistico-para-transporte-de-equipamentos-de-protecao-individual-para-o-algarve\/atualidade\/12\/10\/#primaryimage","url":"https:\/\/algarve7.pt\/wp-content\/uploads\/2021\/01\/image010.jpg","contentUrl":"https:\/\/algarve7.pt\/wp-content\/uploads\/2021\/01\/image010.jpg","width":653,"height":293},{"@type":"BreadcrumbList","@id":"https:\/\/algarve7.pt\/index.php\/2021\/01\/camara-municipal-de-olhao-presta-apoio-logistico-para-transporte-de-equipamentos-de-protecao-individual-para-o-algarve\/atualidade\/12\/10\/#breadcrumb","itemListElement":[{"@type":"ListItem","position":1,"name":"In\u00edcio","item":"https:\/\/algarve7.pt\/"},{"@type":"ListItem","position":2,"name":"C\u00e2mara Municipal de Olh\u00e3o presta apoio log\u00edstico para transporte de equipamentos de prote\u00e7\u00e3o individual para o Algarve"}]},{"@type":"WebSite","@id":"https:\/\/algarve7.pt\/#website","url":"https:\/\/algarve7.pt\/","name":"Algarve 7","description":"Informa\u00e7\u00e3o sobre o Algarve","publisher":{"@id":"https:\/\/algarve7.pt\/#organization"},"potentialAction":[{"@type":"SearchAction","target":{"@type":"EntryPoint","urlTemplate":"https:\/\/algarve7.pt\/?s={search_term_string}"},"query-input":{"@type":"PropertyValueSpecification","valueRequired":true,"valueName":"search_term_string"}}],"inLanguage":"pt-PT"},{"@type":"Organization","@id":"https:\/\/algarve7.pt\/#organization","name":"Algarve 7","url":"https:\/\/algarve7.pt\/","logo":{"@type":"ImageObject","inLanguage":"pt-PT","@id":"https:\/\/algarve7.pt\/#\/schema\/logo\/image\/","url":"https:\/\/algarve7.pt\/wp-content\/uploads\/2020\/10\/Logo-8.jpg","contentUrl":"https:\/\/algarve7.pt\/wp-content\/uploads\/2020\/10\/Logo-8.jpg","width":1680,"height":1186,"caption":"Algarve 7"},"image":{"@id":"https:\/\/algarve7.pt\/#\/schema\/logo\/image\/"},"sameAs":["https:\/\/www.facebook.com\/algarve7","https:\/\/x.com\/Algarvesete","https:\/\/www.instagram.com\/jornalalgarve7\/","https:\/\/www.linkedin.com\/company\/algarve7","https:\/\/www.pinterest.pt\/geral0939\/_created\/"]},{"@type":"Person","@id":"https:\/\/algarve7.pt\/#\/schema\/person\/23fa70681308e7b319a3204bcea45e0c","name":"Algarve 7","sameAs":["https:\/\/algarve7.pt","https:\/\/www.facebook.com\/algarve7"],"url":"https:\/\/algarve7.pt\/index.php\/author\/geralalgarve7-pt\/"}]}},"jetpack_publicize_connections":[],"jetpack_featured_media_url":"https:\/\/algarve7.pt\/wp-content\/uploads\/2021\/01\/image010.jpg","jetpack_shortlink":"https:\/\/wp.me\/pcezmW-1r4","jetpack_sharing_enabled":true,"_links":{"self":[{"href":"https:\/\/algarve7.pt\/index.php\/wp-json\/wp\/v2\/posts\/5522","targetHints":{"allow":["GET"]}}],"collection":[{"href":"https:\/\/algarve7.pt\/index.php\/wp-json\/wp\/v2\/posts"}],"about":[{"href":"https:\/\/algarve7.pt\/index.php\/wp-json\/wp\/v2\/types\/post"}],"author":[{"embeddable":true,"href":"https:\/\/algarve7.pt\/index.php\/wp-json\/wp\/v2\/users\/1"}],"replies":[{"embeddable":true,"href":"https:\/\/algarve7.pt\/index.php\/wp-json\/wp\/v2\/comments?post=5522"}],"version-history":[{"count":0,"href":"https:\/\/algarve7.pt\/index.php\/wp-json\/wp\/v2\/posts\/5522\/revisions"}],"wp:featuredmedia":[{"embeddable":true,"href":"https:\/\/algarve7.pt\/index.php\/wp-json\/wp\/v2\/media\/5523"}],"wp:attachment":[{"href":"https:\/\/algarve7.pt\/index.php\/wp-json\/wp\/v2\/media?parent=5522"}],"wp:term":[{"taxonomy":"category","embeddable":true,"href":"https:\/\/algarve7.pt\/index.php\/wp-json\/wp\/v2\/categories?post=5522"},{"taxonomy":"post_tag","embeddable":true,"href":"https:\/\/algarve7.pt\/index.php\/wp-json\/wp\/v2\/tags?post=5522"}],"curies":[{"name":"wp","href":"https:\/\/api.w.org\/{rel}","templated":true}]}}