{"id":5509,"date":"2021-01-22T09:21:41","date_gmt":"2021-01-22T09:21:41","guid":{"rendered":"https:\/\/algarve7.pt\/?p=5509"},"modified":"2021-01-22T09:21:45","modified_gmt":"2021-01-22T09:21:45","slug":"chua-abre-56-camas-e-expande-capacidade-de-internamento-para-tratamento-de-doentes-nao-covid","status":"publish","type":"post","link":"https:\/\/algarve7.pt\/index.php\/2021\/01\/chua-abre-56-camas-e-expande-capacidade-de-internamento-para-tratamento-de-doentes-nao-covid\/saude\/09\/21\/","title":{"rendered":"CHUA abre 56 camas e expande capacidade de internamento para tratamento de doentes N\u00e3o-COVID"},"content":{"rendered":"\n<p>O Centro Hospitalar Universit\u00e1rio do Algarve (CHUA) vai abrir 56 camas em extens\u00f5es de enfermaria e cirurgia de ambulat\u00f3rio exteriores aos seus hospitais nas cidades de Faro e Lagos destinadas exclusivamente para o internamento e tratamento de doentes com N\u00e3o-COVID. Esta medida de expans\u00e3o da capacidade de internamento hospitalar, traduzida pela abertura de enfermarias e acompanhadas pela equipa clinica do pr\u00f3prio CHUA, tem como objetivo continuar a garantir a resposta nas restantes especialidades e libertar, simultaneamente, vagas nos hospitais de refer\u00eancia para aumento da resposta de Cuidados Intensivos e para doentes mais diferenciados.<\/p>\n\n\n\n<p>Resultado de um acordo de utiliza\u00e7\u00e3o estabelecido entre o CHUA e as estruturas propriet\u00e1rias dos espa\u00e7os em ambas as cidades mencionadas, estas&nbsp; extens\u00f5es de enfermarias para unidades no exterior permite, como refere o vogal do Conselho de Administra\u00e7\u00e3o, Paulo Neves, \u201cgarantir todas as condi\u00e7\u00f5es para, mesmo em fase de pandemia, conseguirmos tratar os doentes N\u00e3o-COVID em circuitos distintos, clinicamente seguros e fora dos hospitais, com a vantagem de serem acompanhados pelas mesmas equipas m\u00e9dicas, de enfermagem e t\u00e9cnicas do CHUA as quais j\u00e1 conhecem o historial clinico dos doentes e, dessa forma, podem potenciar uma sua recupera\u00e7\u00e3o mais r\u00e1pida. Uma medida de gest\u00e3o alternativa com claras vantagens e expect\u00e1veis ganhos em sa\u00fade para os nossos doentes\u201d.<\/p>\n\n\n\n<p>Esta extens\u00e3o do internamento para doentes N\u00e3o-COVID traduz-se na pr\u00e1tica na instala\u00e7\u00e3o de enfermarias em unidades de anterior utiliza\u00e7\u00e3o hospitalar, sendo que 28 v\u00e3o ficar localizadas no antigo hospital Santa Maria, em Faro (grupo Lus\u00edadas Sa\u00fade) e 28 em instala\u00e7\u00f5es afetas ao Hospital de S\u00e3o Gon\u00e7alo, em Lagos (grupo HPA).<\/p>\n\n\n\n<p>Toda a log\u00edstica hospitalar, gest\u00e3o cl\u00ednica dos espa\u00e7os e acompanhamento aos doentes \u00e9 garantida pelas equipas de profissionais do Centro Hospitalar Universit\u00e1rio do Algarve. O Conselho de Administra\u00e7\u00e3o do CHUA EPE agradece o envolvimento e apoio dos munic\u00edpios das cidades de Faro e de Lagos, que desde h\u00e1 uma semana nos est\u00e3o a ajudar na operacionaliza\u00e7\u00e3o desta iniciativa que o CHUA EPE lhes prop\u00f4s e \u00e0 ARS Algarve que moderou os acordos com os propriet\u00e1rios privados que enaltecemos no quadro da legisla\u00e7\u00e3o do estado de emerg\u00eancia em vigor, assim como a autoridade de sa\u00fade p\u00fablica.<\/p>\n\n\n\n<p>Esta a\u00e7\u00e3o, em conjunto com a op\u00e7\u00e3o anterior de abrir 100 camas no CHUA Arena com o Munic\u00edpio de Portim\u00e3o, pretendem maximizar as op\u00e7\u00f5es de resposta diferenciada e ampliar muito as capacidades de internamento no quadro global de resposta \u00e0 pandemia e ao mesmo tempo tentar recuperar os cuidados em sa\u00fade \u00e0 popula\u00e7\u00e3o algarvia que servimos, des\u00edgnio defendido desde a posse desta equipa liderada pela m\u00e9dica Ana Castro.<\/p>\n","protected":false},"excerpt":{"rendered":"<p>O Centro Hospitalar Universit\u00e1rio do Algarve (CHUA) vai abrir 56 camas em extens\u00f5es de enfermaria e cirurgia de ambulat\u00f3rio exteriores<\/p>\n","protected":false},"author":1,"featured_media":2462,"comment_status":"closed","ping_status":"open","sticky":false,"template":"","format":"standard","meta":{"colormag_page_container_layout":"default_layout","colormag_page_sidebar_layout":"default_layout","_monsterinsights_skip_tracking":false,"_monsterinsights_sitenote_active":false,"_monsterinsights_sitenote_note":"","_monsterinsights_sitenote_category":0,"jetpack_post_was_ever_published":false,"_jetpack_newsletter_access":"","_jetpack_dont_email_post_to_subs":false,"_jetpack_newsletter_tier_id":0,"_jetpack_memberships_contains_paywalled_content":false,"_jetpack_memberships_contains_paid_content":false,"footnotes":"","jetpack_publicize_message":"","jetpack_publicize_feature_enabled":true,"jetpack_social_post_already_shared":true,"jetpack_social_options":{"image_generator_settings":{"template":"highway","default_image_id":0,"font":"","enabled":false},"version":2}},"categories":[59],"tags":[36,181,58],"class_list":["post-5509","post","type-post","status-publish","format-standard","has-post-thumbnail","hentry","category-saude","tag-algarve","tag-chua","tag-saude"],"yoast_head":"<!-- This site is optimized with the Yoast SEO plugin v27.5 - https:\/\/yoast.com\/product\/yoast-seo-wordpress\/ -->\n<title>CHUA abre 56 camas e expande capacidade de internamento para tratamento de doentes N\u00e3o-COVID - Algarve 7<\/title>\n<meta name=\"description\" content=\"CHUA abre 56 camas e expande capacidade de internamento para tratamento de doentes N\u00e3o-COVID Sa\u00fade\" \/>\n<meta name=\"robots\" content=\"index, follow, max-snippet:-1, max-image-preview:large, max-video-preview:-1\" \/>\n<link rel=\"canonical\" href=\"https:\/\/algarve7.pt\/index.php\/2021\/01\/chua-abre-56-camas-e-expande-capacidade-de-internamento-para-tratamento-de-doentes-nao-covid\/saude\/09\/21\/\" \/>\n<meta property=\"og:locale\" content=\"pt_PT\" \/>\n<meta property=\"og:type\" content=\"article\" \/>\n<meta property=\"og:title\" content=\"CHUA abre 56 camas e expande capacidade de internamento para tratamento de doentes N\u00e3o-COVID - Algarve 7\" \/>\n<meta property=\"og:description\" content=\"CHUA abre 56 camas e expande capacidade de internamento para tratamento de doentes N\u00e3o-COVID Sa\u00fade\" \/>\n<meta property=\"og:url\" content=\"https:\/\/algarve7.pt\/index.php\/2021\/01\/chua-abre-56-camas-e-expande-capacidade-de-internamento-para-tratamento-de-doentes-nao-covid\/saude\/09\/21\/\" \/>\n<meta property=\"og:site_name\" content=\"Algarve 7\" \/>\n<meta property=\"article:publisher\" content=\"https:\/\/www.facebook.com\/algarve7\" \/>\n<meta property=\"article:author\" content=\"https:\/\/www.facebook.com\/algarve7\" \/>\n<meta property=\"article:published_time\" content=\"2021-01-22T09:21:41+00:00\" \/>\n<meta property=\"article:modified_time\" content=\"2021-01-22T09:21:45+00:00\" \/>\n<meta property=\"og:image\" content=\"https:\/\/algarve7.pt\/wp-content\/uploads\/2020\/10\/chualgarve_logo.jpg\" \/>\n\t<meta property=\"og:image:width\" content=\"1000\" \/>\n\t<meta property=\"og:image:height\" content=\"550\" \/>\n\t<meta property=\"og:image:type\" content=\"image\/jpeg\" \/>\n<meta name=\"author\" content=\"Algarve 7\" \/>\n<meta name=\"twitter:card\" content=\"summary_large_image\" \/>\n<meta name=\"twitter:creator\" content=\"@Algarvesete\" \/>\n<meta name=\"twitter:site\" content=\"@Algarvesete\" \/>\n<meta name=\"twitter:label1\" content=\"Escrito por\" \/>\n\t<meta name=\"twitter:data1\" content=\"Algarve 7\" \/>\n\t<meta name=\"twitter:label2\" content=\"Tempo estimado de leitura\" \/>\n\t<meta name=\"twitter:data2\" content=\"2 minutos\" \/>\n<script type=\"application\/ld+json\" class=\"yoast-schema-graph\">{\"@context\":\"https:\\\/\\\/schema.org\",\"@graph\":[{\"@type\":\"Article\",\"@id\":\"https:\\\/\\\/algarve7.pt\\\/index.php\\\/2021\\\/01\\\/chua-abre-56-camas-e-expande-capacidade-de-internamento-para-tratamento-de-doentes-nao-covid\\\/saude\\\/09\\\/21\\\/#article\",\"isPartOf\":{\"@id\":\"https:\\\/\\\/algarve7.pt\\\/index.php\\\/2021\\\/01\\\/chua-abre-56-camas-e-expande-capacidade-de-internamento-para-tratamento-de-doentes-nao-covid\\\/saude\\\/09\\\/21\\\/\"},\"author\":{\"name\":\"Algarve 7\",\"@id\":\"https:\\\/\\\/algarve7.pt\\\/#\\\/schema\\\/person\\\/23fa70681308e7b319a3204bcea45e0c\"},\"headline\":\"CHUA abre 56 camas e expande capacidade de internamento para tratamento de doentes N\u00e3o-COVID\",\"datePublished\":\"2021-01-22T09:21:41+00:00\",\"dateModified\":\"2021-01-22T09:21:45+00:00\",\"mainEntityOfPage\":{\"@id\":\"https:\\\/\\\/algarve7.pt\\\/index.php\\\/2021\\\/01\\\/chua-abre-56-camas-e-expande-capacidade-de-internamento-para-tratamento-de-doentes-nao-covid\\\/saude\\\/09\\\/21\\\/\"},\"wordCount\":485,\"publisher\":{\"@id\":\"https:\\\/\\\/algarve7.pt\\\/#organization\"},\"image\":{\"@id\":\"https:\\\/\\\/algarve7.pt\\\/index.php\\\/2021\\\/01\\\/chua-abre-56-camas-e-expande-capacidade-de-internamento-para-tratamento-de-doentes-nao-covid\\\/saude\\\/09\\\/21\\\/#primaryimage\"},\"thumbnailUrl\":\"https:\\\/\\\/algarve7.pt\\\/wp-content\\\/uploads\\\/2020\\\/10\\\/chualgarve_logo.jpg\",\"keywords\":[\"Algarve\",\"CHUA\",\"Sa\u00fade\"],\"articleSection\":[\"Sa\u00fade\"],\"inLanguage\":\"pt-PT\"},{\"@type\":\"WebPage\",\"@id\":\"https:\\\/\\\/algarve7.pt\\\/index.php\\\/2021\\\/01\\\/chua-abre-56-camas-e-expande-capacidade-de-internamento-para-tratamento-de-doentes-nao-covid\\\/saude\\\/09\\\/21\\\/\",\"url\":\"https:\\\/\\\/algarve7.pt\\\/index.php\\\/2021\\\/01\\\/chua-abre-56-camas-e-expande-capacidade-de-internamento-para-tratamento-de-doentes-nao-covid\\\/saude\\\/09\\\/21\\\/\",\"name\":\"CHUA abre 56 camas e expande capacidade de internamento para tratamento de doentes N\u00e3o-COVID - Algarve 7\",\"isPartOf\":{\"@id\":\"https:\\\/\\\/algarve7.pt\\\/#website\"},\"primaryImageOfPage\":{\"@id\":\"https:\\\/\\\/algarve7.pt\\\/index.php\\\/2021\\\/01\\\/chua-abre-56-camas-e-expande-capacidade-de-internamento-para-tratamento-de-doentes-nao-covid\\\/saude\\\/09\\\/21\\\/#primaryimage\"},\"image\":{\"@id\":\"https:\\\/\\\/algarve7.pt\\\/index.php\\\/2021\\\/01\\\/chua-abre-56-camas-e-expande-capacidade-de-internamento-para-tratamento-de-doentes-nao-covid\\\/saude\\\/09\\\/21\\\/#primaryimage\"},\"thumbnailUrl\":\"https:\\\/\\\/algarve7.pt\\\/wp-content\\\/uploads\\\/2020\\\/10\\\/chualgarve_logo.jpg\",\"datePublished\":\"2021-01-22T09:21:41+00:00\",\"dateModified\":\"2021-01-22T09:21:45+00:00\",\"description\":\"CHUA abre 56 camas e expande capacidade de internamento para tratamento de doentes N\u00e3o-COVID Sa\u00fade\",\"breadcrumb\":{\"@id\":\"https:\\\/\\\/algarve7.pt\\\/index.php\\\/2021\\\/01\\\/chua-abre-56-camas-e-expande-capacidade-de-internamento-para-tratamento-de-doentes-nao-covid\\\/saude\\\/09\\\/21\\\/#breadcrumb\"},\"inLanguage\":\"pt-PT\",\"potentialAction\":[{\"@type\":\"ReadAction\",\"target\":[\"https:\\\/\\\/algarve7.pt\\\/index.php\\\/2021\\\/01\\\/chua-abre-56-camas-e-expande-capacidade-de-internamento-para-tratamento-de-doentes-nao-covid\\\/saude\\\/09\\\/21\\\/\"]}]},{\"@type\":\"ImageObject\",\"inLanguage\":\"pt-PT\",\"@id\":\"https:\\\/\\\/algarve7.pt\\\/index.php\\\/2021\\\/01\\\/chua-abre-56-camas-e-expande-capacidade-de-internamento-para-tratamento-de-doentes-nao-covid\\\/saude\\\/09\\\/21\\\/#primaryimage\",\"url\":\"https:\\\/\\\/algarve7.pt\\\/wp-content\\\/uploads\\\/2020\\\/10\\\/chualgarve_logo.jpg\",\"contentUrl\":\"https:\\\/\\\/algarve7.pt\\\/wp-content\\\/uploads\\\/2020\\\/10\\\/chualgarve_logo.jpg\",\"width\":1000,\"height\":550},{\"@type\":\"BreadcrumbList\",\"@id\":\"https:\\\/\\\/algarve7.pt\\\/index.php\\\/2021\\\/01\\\/chua-abre-56-camas-e-expande-capacidade-de-internamento-para-tratamento-de-doentes-nao-covid\\\/saude\\\/09\\\/21\\\/#breadcrumb\",\"itemListElement\":[{\"@type\":\"ListItem\",\"position\":1,\"name\":\"In\u00edcio\",\"item\":\"https:\\\/\\\/algarve7.pt\\\/\"},{\"@type\":\"ListItem\",\"position\":2,\"name\":\"CHUA abre 56 camas e expande capacidade de internamento para tratamento de doentes N\u00e3o-COVID\"}]},{\"@type\":\"WebSite\",\"@id\":\"https:\\\/\\\/algarve7.pt\\\/#website\",\"url\":\"https:\\\/\\\/algarve7.pt\\\/\",\"name\":\"Algarve 7\",\"description\":\"Informa\u00e7\u00e3o sobre o Algarve\",\"publisher\":{\"@id\":\"https:\\\/\\\/algarve7.pt\\\/#organization\"},\"potentialAction\":[{\"@type\":\"SearchAction\",\"target\":{\"@type\":\"EntryPoint\",\"urlTemplate\":\"https:\\\/\\\/algarve7.pt\\\/?s={search_term_string}\"},\"query-input\":{\"@type\":\"PropertyValueSpecification\",\"valueRequired\":true,\"valueName\":\"search_term_string\"}}],\"inLanguage\":\"pt-PT\"},{\"@type\":\"Organization\",\"@id\":\"https:\\\/\\\/algarve7.pt\\\/#organization\",\"name\":\"Algarve 7\",\"url\":\"https:\\\/\\\/algarve7.pt\\\/\",\"logo\":{\"@type\":\"ImageObject\",\"inLanguage\":\"pt-PT\",\"@id\":\"https:\\\/\\\/algarve7.pt\\\/#\\\/schema\\\/logo\\\/image\\\/\",\"url\":\"https:\\\/\\\/algarve7.pt\\\/wp-content\\\/uploads\\\/2020\\\/10\\\/Logo-8.jpg\",\"contentUrl\":\"https:\\\/\\\/algarve7.pt\\\/wp-content\\\/uploads\\\/2020\\\/10\\\/Logo-8.jpg\",\"width\":1680,\"height\":1186,\"caption\":\"Algarve 7\"},\"image\":{\"@id\":\"https:\\\/\\\/algarve7.pt\\\/#\\\/schema\\\/logo\\\/image\\\/\"},\"sameAs\":[\"https:\\\/\\\/www.facebook.com\\\/algarve7\",\"https:\\\/\\\/x.com\\\/Algarvesete\",\"https:\\\/\\\/www.instagram.com\\\/jornalalgarve7\\\/\",\"https:\\\/\\\/www.linkedin.com\\\/company\\\/algarve7\",\"https:\\\/\\\/www.pinterest.pt\\\/geral0939\\\/_created\\\/\"]},{\"@type\":\"Person\",\"@id\":\"https:\\\/\\\/algarve7.pt\\\/#\\\/schema\\\/person\\\/23fa70681308e7b319a3204bcea45e0c\",\"name\":\"Algarve 7\",\"sameAs\":[\"https:\\\/\\\/algarve7.pt\",\"https:\\\/\\\/www.facebook.com\\\/algarve7\"],\"url\":\"https:\\\/\\\/algarve7.pt\\\/index.php\\\/author\\\/geralalgarve7-pt\\\/\"}]}<\/script>\n<!-- \/ Yoast SEO plugin. -->","yoast_head_json":{"title":"CHUA abre 56 camas e expande capacidade de internamento para tratamento de doentes N\u00e3o-COVID - Algarve 7","description":"CHUA abre 56 camas e expande capacidade de internamento para tratamento de doentes N\u00e3o-COVID Sa\u00fade","robots":{"index":"index","follow":"follow","max-snippet":"max-snippet:-1","max-image-preview":"max-image-preview:large","max-video-preview":"max-video-preview:-1"},"canonical":"https:\/\/algarve7.pt\/index.php\/2021\/01\/chua-abre-56-camas-e-expande-capacidade-de-internamento-para-tratamento-de-doentes-nao-covid\/saude\/09\/21\/","og_locale":"pt_PT","og_type":"article","og_title":"CHUA abre 56 camas e expande capacidade de internamento para tratamento de doentes N\u00e3o-COVID - Algarve 7","og_description":"CHUA abre 56 camas e expande capacidade de internamento para tratamento de doentes N\u00e3o-COVID Sa\u00fade","og_url":"https:\/\/algarve7.pt\/index.php\/2021\/01\/chua-abre-56-camas-e-expande-capacidade-de-internamento-para-tratamento-de-doentes-nao-covid\/saude\/09\/21\/","og_site_name":"Algarve 7","article_publisher":"https:\/\/www.facebook.com\/algarve7","article_author":"https:\/\/www.facebook.com\/algarve7","article_published_time":"2021-01-22T09:21:41+00:00","article_modified_time":"2021-01-22T09:21:45+00:00","og_image":[{"width":1000,"height":550,"url":"https:\/\/algarve7.pt\/wp-content\/uploads\/2020\/10\/chualgarve_logo.jpg","type":"image\/jpeg"}],"author":"Algarve 7","twitter_card":"summary_large_image","twitter_creator":"@Algarvesete","twitter_site":"@Algarvesete","twitter_misc":{"Escrito por":"Algarve 7","Tempo estimado de leitura":"2 minutos"},"schema":{"@context":"https:\/\/schema.org","@graph":[{"@type":"Article","@id":"https:\/\/algarve7.pt\/index.php\/2021\/01\/chua-abre-56-camas-e-expande-capacidade-de-internamento-para-tratamento-de-doentes-nao-covid\/saude\/09\/21\/#article","isPartOf":{"@id":"https:\/\/algarve7.pt\/index.php\/2021\/01\/chua-abre-56-camas-e-expande-capacidade-de-internamento-para-tratamento-de-doentes-nao-covid\/saude\/09\/21\/"},"author":{"name":"Algarve 7","@id":"https:\/\/algarve7.pt\/#\/schema\/person\/23fa70681308e7b319a3204bcea45e0c"},"headline":"CHUA abre 56 camas e expande capacidade de internamento para tratamento de doentes N\u00e3o-COVID","datePublished":"2021-01-22T09:21:41+00:00","dateModified":"2021-01-22T09:21:45+00:00","mainEntityOfPage":{"@id":"https:\/\/algarve7.pt\/index.php\/2021\/01\/chua-abre-56-camas-e-expande-capacidade-de-internamento-para-tratamento-de-doentes-nao-covid\/saude\/09\/21\/"},"wordCount":485,"publisher":{"@id":"https:\/\/algarve7.pt\/#organization"},"image":{"@id":"https:\/\/algarve7.pt\/index.php\/2021\/01\/chua-abre-56-camas-e-expande-capacidade-de-internamento-para-tratamento-de-doentes-nao-covid\/saude\/09\/21\/#primaryimage"},"thumbnailUrl":"https:\/\/algarve7.pt\/wp-content\/uploads\/2020\/10\/chualgarve_logo.jpg","keywords":["Algarve","CHUA","Sa\u00fade"],"articleSection":["Sa\u00fade"],"inLanguage":"pt-PT"},{"@type":"WebPage","@id":"https:\/\/algarve7.pt\/index.php\/2021\/01\/chua-abre-56-camas-e-expande-capacidade-de-internamento-para-tratamento-de-doentes-nao-covid\/saude\/09\/21\/","url":"https:\/\/algarve7.pt\/index.php\/2021\/01\/chua-abre-56-camas-e-expande-capacidade-de-internamento-para-tratamento-de-doentes-nao-covid\/saude\/09\/21\/","name":"CHUA abre 56 camas e expande capacidade de internamento para tratamento de doentes N\u00e3o-COVID - Algarve 7","isPartOf":{"@id":"https:\/\/algarve7.pt\/#website"},"primaryImageOfPage":{"@id":"https:\/\/algarve7.pt\/index.php\/2021\/01\/chua-abre-56-camas-e-expande-capacidade-de-internamento-para-tratamento-de-doentes-nao-covid\/saude\/09\/21\/#primaryimage"},"image":{"@id":"https:\/\/algarve7.pt\/index.php\/2021\/01\/chua-abre-56-camas-e-expande-capacidade-de-internamento-para-tratamento-de-doentes-nao-covid\/saude\/09\/21\/#primaryimage"},"thumbnailUrl":"https:\/\/algarve7.pt\/wp-content\/uploads\/2020\/10\/chualgarve_logo.jpg","datePublished":"2021-01-22T09:21:41+00:00","dateModified":"2021-01-22T09:21:45+00:00","description":"CHUA abre 56 camas e expande capacidade de internamento para tratamento de doentes N\u00e3o-COVID Sa\u00fade","breadcrumb":{"@id":"https:\/\/algarve7.pt\/index.php\/2021\/01\/chua-abre-56-camas-e-expande-capacidade-de-internamento-para-tratamento-de-doentes-nao-covid\/saude\/09\/21\/#breadcrumb"},"inLanguage":"pt-PT","potentialAction":[{"@type":"ReadAction","target":["https:\/\/algarve7.pt\/index.php\/2021\/01\/chua-abre-56-camas-e-expande-capacidade-de-internamento-para-tratamento-de-doentes-nao-covid\/saude\/09\/21\/"]}]},{"@type":"ImageObject","inLanguage":"pt-PT","@id":"https:\/\/algarve7.pt\/index.php\/2021\/01\/chua-abre-56-camas-e-expande-capacidade-de-internamento-para-tratamento-de-doentes-nao-covid\/saude\/09\/21\/#primaryimage","url":"https:\/\/algarve7.pt\/wp-content\/uploads\/2020\/10\/chualgarve_logo.jpg","contentUrl":"https:\/\/algarve7.pt\/wp-content\/uploads\/2020\/10\/chualgarve_logo.jpg","width":1000,"height":550},{"@type":"BreadcrumbList","@id":"https:\/\/algarve7.pt\/index.php\/2021\/01\/chua-abre-56-camas-e-expande-capacidade-de-internamento-para-tratamento-de-doentes-nao-covid\/saude\/09\/21\/#breadcrumb","itemListElement":[{"@type":"ListItem","position":1,"name":"In\u00edcio","item":"https:\/\/algarve7.pt\/"},{"@type":"ListItem","position":2,"name":"CHUA abre 56 camas e expande capacidade de internamento para tratamento de doentes N\u00e3o-COVID"}]},{"@type":"WebSite","@id":"https:\/\/algarve7.pt\/#website","url":"https:\/\/algarve7.pt\/","name":"Algarve 7","description":"Informa\u00e7\u00e3o sobre o Algarve","publisher":{"@id":"https:\/\/algarve7.pt\/#organization"},"potentialAction":[{"@type":"SearchAction","target":{"@type":"EntryPoint","urlTemplate":"https:\/\/algarve7.pt\/?s={search_term_string}"},"query-input":{"@type":"PropertyValueSpecification","valueRequired":true,"valueName":"search_term_string"}}],"inLanguage":"pt-PT"},{"@type":"Organization","@id":"https:\/\/algarve7.pt\/#organization","name":"Algarve 7","url":"https:\/\/algarve7.pt\/","logo":{"@type":"ImageObject","inLanguage":"pt-PT","@id":"https:\/\/algarve7.pt\/#\/schema\/logo\/image\/","url":"https:\/\/algarve7.pt\/wp-content\/uploads\/2020\/10\/Logo-8.jpg","contentUrl":"https:\/\/algarve7.pt\/wp-content\/uploads\/2020\/10\/Logo-8.jpg","width":1680,"height":1186,"caption":"Algarve 7"},"image":{"@id":"https:\/\/algarve7.pt\/#\/schema\/logo\/image\/"},"sameAs":["https:\/\/www.facebook.com\/algarve7","https:\/\/x.com\/Algarvesete","https:\/\/www.instagram.com\/jornalalgarve7\/","https:\/\/www.linkedin.com\/company\/algarve7","https:\/\/www.pinterest.pt\/geral0939\/_created\/"]},{"@type":"Person","@id":"https:\/\/algarve7.pt\/#\/schema\/person\/23fa70681308e7b319a3204bcea45e0c","name":"Algarve 7","sameAs":["https:\/\/algarve7.pt","https:\/\/www.facebook.com\/algarve7"],"url":"https:\/\/algarve7.pt\/index.php\/author\/geralalgarve7-pt\/"}]}},"jetpack_publicize_connections":[],"jetpack_featured_media_url":"https:\/\/algarve7.pt\/wp-content\/uploads\/2020\/10\/chualgarve_logo.jpg","jetpack_shortlink":"https:\/\/wp.me\/pcezmW-1qR","jetpack_sharing_enabled":true,"_links":{"self":[{"href":"https:\/\/algarve7.pt\/index.php\/wp-json\/wp\/v2\/posts\/5509","targetHints":{"allow":["GET"]}}],"collection":[{"href":"https:\/\/algarve7.pt\/index.php\/wp-json\/wp\/v2\/posts"}],"about":[{"href":"https:\/\/algarve7.pt\/index.php\/wp-json\/wp\/v2\/types\/post"}],"author":[{"embeddable":true,"href":"https:\/\/algarve7.pt\/index.php\/wp-json\/wp\/v2\/users\/1"}],"replies":[{"embeddable":true,"href":"https:\/\/algarve7.pt\/index.php\/wp-json\/wp\/v2\/comments?post=5509"}],"version-history":[{"count":0,"href":"https:\/\/algarve7.pt\/index.php\/wp-json\/wp\/v2\/posts\/5509\/revisions"}],"wp:featuredmedia":[{"embeddable":true,"href":"https:\/\/algarve7.pt\/index.php\/wp-json\/wp\/v2\/media\/2462"}],"wp:attachment":[{"href":"https:\/\/algarve7.pt\/index.php\/wp-json\/wp\/v2\/media?parent=5509"}],"wp:term":[{"taxonomy":"category","embeddable":true,"href":"https:\/\/algarve7.pt\/index.php\/wp-json\/wp\/v2\/categories?post=5509"},{"taxonomy":"post_tag","embeddable":true,"href":"https:\/\/algarve7.pt\/index.php\/wp-json\/wp\/v2\/tags?post=5509"}],"curies":[{"name":"wp","href":"https:\/\/api.w.org\/{rel}","templated":true}]}}