{"id":55087,"date":"2025-10-18T11:40:00","date_gmt":"2025-10-18T10:40:00","guid":{"rendered":"https:\/\/algarve7.pt\/?p=55087"},"modified":"2025-10-17T14:20:04","modified_gmt":"2025-10-17T13:20:04","slug":"loule-assinala-o-dia-internacional-para-a-reducao-das-catastrofes-na-secundaria-de-loule","status":"publish","type":"post","link":"https:\/\/algarve7.pt\/index.php\/2025\/10\/loule-assinala-o-dia-internacional-para-a-reducao-das-catastrofes-na-secundaria-de-loule\/ambiente\/11\/40\/","title":{"rendered":"Loul\u00e9 assinala o dia internacional para a redu\u00e7\u00e3o das cat\u00e1strofes na secund\u00e1ria de Loul\u00e9"},"content":{"rendered":"\n<p>A C\u00e2mara Municipal de Loul\u00e9, atrav\u00e9s do Servi\u00e7o Municipal de Prote\u00e7\u00e3o Civil, e em parceria com a Escola Secund\u00e1ria de Loul\u00e9, assinalou, no passado 13 de outubro, o Dia Internacional para a Redu\u00e7\u00e3o das Cat\u00e1strofes Naturais com iniciativas realizadas neste estabelecimento de ensino.<\/p>\n\n\n\n<p>No recinto da escola, esteve patente uma exposi\u00e7\u00e3o de meios e agentes de Prote\u00e7\u00e3o Civil. Foi igualmente projetado o document\u00e1rio \u201cA Grande Onda\u201d, que mergulha na hist\u00f3ria, na ci\u00eancia e nas emo\u00e7\u00f5es em torno de um dos fen\u00f3menos naturais mais poderosos do Planeta &#8211; o sismo seguido de tsunami e que refere a vulnerabilidade da costa algravia e do concelho de Loul\u00e9.<\/p>\n\n\n\n<p>A iniciativa reuniu v\u00e1rias entidades ligadas ao sistema de prote\u00e7\u00e3o e socorro, entre elas a Cruz Vermelha Portuguesa, o Instituto de Emerg\u00eancia M\u00e9dica, a Guarda Nacional Republicana na sua v\u00e1rias val\u00eancias, nomeadamente a Unidade de Controlo Costeiro, a Unidade Emerg\u00eancia Prote\u00e7\u00e3o e Socorro e o programa a Escola Segura, o Comando Regional de Emerg\u00eancia e Prote\u00e7\u00e3o Civil, os Bombeiros Municipais de Loul\u00e9, a Associa\u00e7\u00e3o Produtores Florestais da Serra do Caldeir\u00e3o e o Servi\u00e7o Municipal de Prote\u00e7\u00e3o Civil.<\/p>\n\n\n\n<p>Os alunos do Curso T\u00e9cnico de Prote\u00e7\u00e3o Civil da Escola, dos 10.\u00ba, 11.\u00ba e 12.\u00ba anos, tiveram um papel ativo na organiza\u00e7\u00e3o e dinamiza\u00e7\u00e3o da atividade, pois&nbsp;foram respons\u00e1veis pela apresenta\u00e7\u00e3o dos agentes de prote\u00e7\u00e3o civil \u00e0s restantes turmas, bem como por demonstra\u00e7\u00f5es pr\u00e1ticas sobre as funcionalidades da Unidade M\u00f3vel e do equipamento utilizado pelos Sapadores Florestais e pela Equipa Municipal de Interven\u00e7\u00e3o Florestal.<\/p>\n\n\n\n<p>Institu\u00eddo pelas Na\u00e7\u00f5es Unidas em 1989, o Dia Internacional para a Redu\u00e7\u00e3o das Cat\u00e1strofes Naturais tem como objetivo alertar governos, organiza\u00e7\u00f5es e cidad\u00e3os para a import\u00e2ncia da preven\u00e7\u00e3o e mitiga\u00e7\u00e3o dos riscos, promovendo comunidades mais resilientes e preparadas para responder a situa\u00e7\u00f5es de emerg\u00eancia.<\/p>\n\n\n\n<p>Com esta a\u00e7\u00e3o, a C\u00e2mara Municipal de Loul\u00e9 pretende refor\u00e7ar a sensibiliza\u00e7\u00e3o e o envolvimento da comunidade escolar na promo\u00e7\u00e3o de uma cultura de seguran\u00e7a e preven\u00e7\u00e3o, fomentando momentos de aprendizagem e partilha em prol do bem comum.<\/p>\n","protected":false},"excerpt":{"rendered":"<p>A C\u00e2mara Municipal de Loul\u00e9, atrav\u00e9s do Servi\u00e7o Municipal de Prote\u00e7\u00e3o Civil, e em parceria com a Escola Secund\u00e1ria de<\/p>\n","protected":false},"author":1,"featured_media":55088,"comment_status":"closed","ping_status":"closed","sticky":false,"template":"","format":"standard","meta":{"colormag_page_container_layout":"default_layout","colormag_page_sidebar_layout":"default_layout","_monsterinsights_skip_tracking":false,"_monsterinsights_sitenote_active":false,"_monsterinsights_sitenote_note":"","_monsterinsights_sitenote_category":0,"jetpack_post_was_ever_published":false,"_jetpack_newsletter_access":"","_jetpack_dont_email_post_to_subs":false,"_jetpack_newsletter_tier_id":0,"_jetpack_memberships_contains_paywalled_content":false,"_jetpack_memberships_contains_paid_content":false,"footnotes":"","jetpack_publicize_message":"","jetpack_publicize_feature_enabled":true,"jetpack_social_post_already_shared":false,"jetpack_social_options":{"image_generator_settings":{"template":"highway","default_image_id":0,"font":"","enabled":false},"version":2}},"categories":[5],"tags":[36,32,62,31],"class_list":["post-55087","post","type-post","status-publish","format-standard","has-post-thumbnail","hentry","category-ambiente","tag-algarve","tag-ambiente","tag-atualidade","tag-loule"],"yoast_head":"<!-- This site is optimized with the Yoast SEO plugin v27.5 - https:\/\/yoast.com\/product\/yoast-seo-wordpress\/ -->\n<title>Loul\u00e9 assinala o dia internacional para a redu\u00e7\u00e3o das cat\u00e1strofes na secund\u00e1ria de Loul\u00e9 - Algarve 7<\/title>\n<meta name=\"description\" content=\"Loul\u00e9 assinala o dia internacional para a redu\u00e7\u00e3o das cat\u00e1strofes na secund\u00e1ria de Loul\u00e9 Ambiente\" \/>\n<meta name=\"robots\" content=\"index, follow, max-snippet:-1, max-image-preview:large, max-video-preview:-1\" \/>\n<link rel=\"canonical\" href=\"https:\/\/algarve7.pt\/index.php\/2025\/10\/loule-assinala-o-dia-internacional-para-a-reducao-das-catastrofes-na-secundaria-de-loule\/ambiente\/11\/40\/\" \/>\n<meta property=\"og:locale\" content=\"pt_PT\" \/>\n<meta property=\"og:type\" content=\"article\" \/>\n<meta property=\"og:title\" content=\"Loul\u00e9 assinala o dia internacional para a redu\u00e7\u00e3o das cat\u00e1strofes na secund\u00e1ria de Loul\u00e9 - Algarve 7\" \/>\n<meta property=\"og:description\" content=\"Loul\u00e9 assinala o dia internacional para a redu\u00e7\u00e3o das cat\u00e1strofes na secund\u00e1ria de Loul\u00e9 Ambiente\" \/>\n<meta property=\"og:url\" content=\"https:\/\/algarve7.pt\/index.php\/2025\/10\/loule-assinala-o-dia-internacional-para-a-reducao-das-catastrofes-na-secundaria-de-loule\/ambiente\/11\/40\/\" \/>\n<meta property=\"og:site_name\" content=\"Algarve 7\" \/>\n<meta property=\"article:publisher\" content=\"https:\/\/www.facebook.com\/algarve7\" \/>\n<meta property=\"article:author\" content=\"https:\/\/www.facebook.com\/algarve7\" \/>\n<meta property=\"article:published_time\" content=\"2025-10-18T10:40:00+00:00\" \/>\n<meta property=\"og:image\" content=\"https:\/\/algarve7.pt\/wp-content\/uploads\/2025\/10\/Reducao-Catastrofes-3.jpg\" \/>\n\t<meta property=\"og:image:width\" content=\"800\" \/>\n\t<meta property=\"og:image:height\" content=\"500\" \/>\n\t<meta property=\"og:image:type\" content=\"image\/jpeg\" \/>\n<meta name=\"author\" content=\"Algarve 7\" \/>\n<meta name=\"twitter:card\" content=\"summary_large_image\" \/>\n<meta name=\"twitter:creator\" content=\"@Algarvesete\" \/>\n<meta name=\"twitter:site\" content=\"@Algarvesete\" \/>\n<meta name=\"twitter:label1\" content=\"Escrito por\" \/>\n\t<meta name=\"twitter:data1\" content=\"Algarve 7\" \/>\n\t<meta name=\"twitter:label2\" content=\"Tempo estimado de leitura\" \/>\n\t<meta name=\"twitter:data2\" content=\"3 minutos\" \/>\n<script type=\"application\/ld+json\" class=\"yoast-schema-graph\">{\"@context\":\"https:\\\/\\\/schema.org\",\"@graph\":[{\"@type\":\"Article\",\"@id\":\"https:\\\/\\\/algarve7.pt\\\/index.php\\\/2025\\\/10\\\/loule-assinala-o-dia-internacional-para-a-reducao-das-catastrofes-na-secundaria-de-loule\\\/ambiente\\\/11\\\/40\\\/#article\",\"isPartOf\":{\"@id\":\"https:\\\/\\\/algarve7.pt\\\/index.php\\\/2025\\\/10\\\/loule-assinala-o-dia-internacional-para-a-reducao-das-catastrofes-na-secundaria-de-loule\\\/ambiente\\\/11\\\/40\\\/\"},\"author\":{\"name\":\"Algarve 7\",\"@id\":\"https:\\\/\\\/algarve7.pt\\\/#\\\/schema\\\/person\\\/23fa70681308e7b319a3204bcea45e0c\"},\"headline\":\"Loul\u00e9 assinala o dia internacional para a redu\u00e7\u00e3o das cat\u00e1strofes na secund\u00e1ria de Loul\u00e9\",\"datePublished\":\"2025-10-18T10:40:00+00:00\",\"mainEntityOfPage\":{\"@id\":\"https:\\\/\\\/algarve7.pt\\\/index.php\\\/2025\\\/10\\\/loule-assinala-o-dia-internacional-para-a-reducao-das-catastrofes-na-secundaria-de-loule\\\/ambiente\\\/11\\\/40\\\/\"},\"wordCount\":398,\"publisher\":{\"@id\":\"https:\\\/\\\/algarve7.pt\\\/#organization\"},\"image\":{\"@id\":\"https:\\\/\\\/algarve7.pt\\\/index.php\\\/2025\\\/10\\\/loule-assinala-o-dia-internacional-para-a-reducao-das-catastrofes-na-secundaria-de-loule\\\/ambiente\\\/11\\\/40\\\/#primaryimage\"},\"thumbnailUrl\":\"https:\\\/\\\/algarve7.pt\\\/wp-content\\\/uploads\\\/2025\\\/10\\\/Reducao-Catastrofes-3.jpg\",\"keywords\":[\"Algarve\",\"Ambiente\",\"Atualidade\",\"Loul\u00e9\"],\"articleSection\":[\"Ambiente\"],\"inLanguage\":\"pt-PT\"},{\"@type\":\"WebPage\",\"@id\":\"https:\\\/\\\/algarve7.pt\\\/index.php\\\/2025\\\/10\\\/loule-assinala-o-dia-internacional-para-a-reducao-das-catastrofes-na-secundaria-de-loule\\\/ambiente\\\/11\\\/40\\\/\",\"url\":\"https:\\\/\\\/algarve7.pt\\\/index.php\\\/2025\\\/10\\\/loule-assinala-o-dia-internacional-para-a-reducao-das-catastrofes-na-secundaria-de-loule\\\/ambiente\\\/11\\\/40\\\/\",\"name\":\"Loul\u00e9 assinala o dia internacional para a redu\u00e7\u00e3o das cat\u00e1strofes na secund\u00e1ria de Loul\u00e9 - Algarve 7\",\"isPartOf\":{\"@id\":\"https:\\\/\\\/algarve7.pt\\\/#website\"},\"primaryImageOfPage\":{\"@id\":\"https:\\\/\\\/algarve7.pt\\\/index.php\\\/2025\\\/10\\\/loule-assinala-o-dia-internacional-para-a-reducao-das-catastrofes-na-secundaria-de-loule\\\/ambiente\\\/11\\\/40\\\/#primaryimage\"},\"image\":{\"@id\":\"https:\\\/\\\/algarve7.pt\\\/index.php\\\/2025\\\/10\\\/loule-assinala-o-dia-internacional-para-a-reducao-das-catastrofes-na-secundaria-de-loule\\\/ambiente\\\/11\\\/40\\\/#primaryimage\"},\"thumbnailUrl\":\"https:\\\/\\\/algarve7.pt\\\/wp-content\\\/uploads\\\/2025\\\/10\\\/Reducao-Catastrofes-3.jpg\",\"datePublished\":\"2025-10-18T10:40:00+00:00\",\"description\":\"Loul\u00e9 assinala o dia internacional para a redu\u00e7\u00e3o das cat\u00e1strofes na secund\u00e1ria de Loul\u00e9 Ambiente\",\"breadcrumb\":{\"@id\":\"https:\\\/\\\/algarve7.pt\\\/index.php\\\/2025\\\/10\\\/loule-assinala-o-dia-internacional-para-a-reducao-das-catastrofes-na-secundaria-de-loule\\\/ambiente\\\/11\\\/40\\\/#breadcrumb\"},\"inLanguage\":\"pt-PT\",\"potentialAction\":[{\"@type\":\"ReadAction\",\"target\":[\"https:\\\/\\\/algarve7.pt\\\/index.php\\\/2025\\\/10\\\/loule-assinala-o-dia-internacional-para-a-reducao-das-catastrofes-na-secundaria-de-loule\\\/ambiente\\\/11\\\/40\\\/\"]}]},{\"@type\":\"ImageObject\",\"inLanguage\":\"pt-PT\",\"@id\":\"https:\\\/\\\/algarve7.pt\\\/index.php\\\/2025\\\/10\\\/loule-assinala-o-dia-internacional-para-a-reducao-das-catastrofes-na-secundaria-de-loule\\\/ambiente\\\/11\\\/40\\\/#primaryimage\",\"url\":\"https:\\\/\\\/algarve7.pt\\\/wp-content\\\/uploads\\\/2025\\\/10\\\/Reducao-Catastrofes-3.jpg\",\"contentUrl\":\"https:\\\/\\\/algarve7.pt\\\/wp-content\\\/uploads\\\/2025\\\/10\\\/Reducao-Catastrofes-3.jpg\",\"width\":800,\"height\":500},{\"@type\":\"BreadcrumbList\",\"@id\":\"https:\\\/\\\/algarve7.pt\\\/index.php\\\/2025\\\/10\\\/loule-assinala-o-dia-internacional-para-a-reducao-das-catastrofes-na-secundaria-de-loule\\\/ambiente\\\/11\\\/40\\\/#breadcrumb\",\"itemListElement\":[{\"@type\":\"ListItem\",\"position\":1,\"name\":\"In\u00edcio\",\"item\":\"https:\\\/\\\/algarve7.pt\\\/\"},{\"@type\":\"ListItem\",\"position\":2,\"name\":\"Loul\u00e9 assinala o dia internacional para a redu\u00e7\u00e3o das cat\u00e1strofes na secund\u00e1ria de Loul\u00e9\"}]},{\"@type\":\"WebSite\",\"@id\":\"https:\\\/\\\/algarve7.pt\\\/#website\",\"url\":\"https:\\\/\\\/algarve7.pt\\\/\",\"name\":\"Algarve 7\",\"description\":\"Informa\u00e7\u00e3o sobre o Algarve\",\"publisher\":{\"@id\":\"https:\\\/\\\/algarve7.pt\\\/#organization\"},\"potentialAction\":[{\"@type\":\"SearchAction\",\"target\":{\"@type\":\"EntryPoint\",\"urlTemplate\":\"https:\\\/\\\/algarve7.pt\\\/?s={search_term_string}\"},\"query-input\":{\"@type\":\"PropertyValueSpecification\",\"valueRequired\":true,\"valueName\":\"search_term_string\"}}],\"inLanguage\":\"pt-PT\"},{\"@type\":\"Organization\",\"@id\":\"https:\\\/\\\/algarve7.pt\\\/#organization\",\"name\":\"Algarve 7\",\"url\":\"https:\\\/\\\/algarve7.pt\\\/\",\"logo\":{\"@type\":\"ImageObject\",\"inLanguage\":\"pt-PT\",\"@id\":\"https:\\\/\\\/algarve7.pt\\\/#\\\/schema\\\/logo\\\/image\\\/\",\"url\":\"https:\\\/\\\/algarve7.pt\\\/wp-content\\\/uploads\\\/2020\\\/10\\\/Logo-8.jpg\",\"contentUrl\":\"https:\\\/\\\/algarve7.pt\\\/wp-content\\\/uploads\\\/2020\\\/10\\\/Logo-8.jpg\",\"width\":1680,\"height\":1186,\"caption\":\"Algarve 7\"},\"image\":{\"@id\":\"https:\\\/\\\/algarve7.pt\\\/#\\\/schema\\\/logo\\\/image\\\/\"},\"sameAs\":[\"https:\\\/\\\/www.facebook.com\\\/algarve7\",\"https:\\\/\\\/x.com\\\/Algarvesete\",\"https:\\\/\\\/www.instagram.com\\\/jornalalgarve7\\\/\",\"https:\\\/\\\/www.linkedin.com\\\/company\\\/algarve7\",\"https:\\\/\\\/www.pinterest.pt\\\/geral0939\\\/_created\\\/\"]},{\"@type\":\"Person\",\"@id\":\"https:\\\/\\\/algarve7.pt\\\/#\\\/schema\\\/person\\\/23fa70681308e7b319a3204bcea45e0c\",\"name\":\"Algarve 7\",\"sameAs\":[\"https:\\\/\\\/algarve7.pt\",\"https:\\\/\\\/www.facebook.com\\\/algarve7\"],\"url\":\"https:\\\/\\\/algarve7.pt\\\/index.php\\\/author\\\/geralalgarve7-pt\\\/\"}]}<\/script>\n<!-- \/ Yoast SEO plugin. -->","yoast_head_json":{"title":"Loul\u00e9 assinala o dia internacional para a redu\u00e7\u00e3o das cat\u00e1strofes na secund\u00e1ria de Loul\u00e9 - Algarve 7","description":"Loul\u00e9 assinala o dia internacional para a redu\u00e7\u00e3o das cat\u00e1strofes na secund\u00e1ria de Loul\u00e9 Ambiente","robots":{"index":"index","follow":"follow","max-snippet":"max-snippet:-1","max-image-preview":"max-image-preview:large","max-video-preview":"max-video-preview:-1"},"canonical":"https:\/\/algarve7.pt\/index.php\/2025\/10\/loule-assinala-o-dia-internacional-para-a-reducao-das-catastrofes-na-secundaria-de-loule\/ambiente\/11\/40\/","og_locale":"pt_PT","og_type":"article","og_title":"Loul\u00e9 assinala o dia internacional para a redu\u00e7\u00e3o das cat\u00e1strofes na secund\u00e1ria de Loul\u00e9 - Algarve 7","og_description":"Loul\u00e9 assinala o dia internacional para a redu\u00e7\u00e3o das cat\u00e1strofes na secund\u00e1ria de Loul\u00e9 Ambiente","og_url":"https:\/\/algarve7.pt\/index.php\/2025\/10\/loule-assinala-o-dia-internacional-para-a-reducao-das-catastrofes-na-secundaria-de-loule\/ambiente\/11\/40\/","og_site_name":"Algarve 7","article_publisher":"https:\/\/www.facebook.com\/algarve7","article_author":"https:\/\/www.facebook.com\/algarve7","article_published_time":"2025-10-18T10:40:00+00:00","og_image":[{"width":800,"height":500,"url":"https:\/\/algarve7.pt\/wp-content\/uploads\/2025\/10\/Reducao-Catastrofes-3.jpg","type":"image\/jpeg"}],"author":"Algarve 7","twitter_card":"summary_large_image","twitter_creator":"@Algarvesete","twitter_site":"@Algarvesete","twitter_misc":{"Escrito por":"Algarve 7","Tempo estimado de leitura":"3 minutos"},"schema":{"@context":"https:\/\/schema.org","@graph":[{"@type":"Article","@id":"https:\/\/algarve7.pt\/index.php\/2025\/10\/loule-assinala-o-dia-internacional-para-a-reducao-das-catastrofes-na-secundaria-de-loule\/ambiente\/11\/40\/#article","isPartOf":{"@id":"https:\/\/algarve7.pt\/index.php\/2025\/10\/loule-assinala-o-dia-internacional-para-a-reducao-das-catastrofes-na-secundaria-de-loule\/ambiente\/11\/40\/"},"author":{"name":"Algarve 7","@id":"https:\/\/algarve7.pt\/#\/schema\/person\/23fa70681308e7b319a3204bcea45e0c"},"headline":"Loul\u00e9 assinala o dia internacional para a redu\u00e7\u00e3o das cat\u00e1strofes na secund\u00e1ria de Loul\u00e9","datePublished":"2025-10-18T10:40:00+00:00","mainEntityOfPage":{"@id":"https:\/\/algarve7.pt\/index.php\/2025\/10\/loule-assinala-o-dia-internacional-para-a-reducao-das-catastrofes-na-secundaria-de-loule\/ambiente\/11\/40\/"},"wordCount":398,"publisher":{"@id":"https:\/\/algarve7.pt\/#organization"},"image":{"@id":"https:\/\/algarve7.pt\/index.php\/2025\/10\/loule-assinala-o-dia-internacional-para-a-reducao-das-catastrofes-na-secundaria-de-loule\/ambiente\/11\/40\/#primaryimage"},"thumbnailUrl":"https:\/\/algarve7.pt\/wp-content\/uploads\/2025\/10\/Reducao-Catastrofes-3.jpg","keywords":["Algarve","Ambiente","Atualidade","Loul\u00e9"],"articleSection":["Ambiente"],"inLanguage":"pt-PT"},{"@type":"WebPage","@id":"https:\/\/algarve7.pt\/index.php\/2025\/10\/loule-assinala-o-dia-internacional-para-a-reducao-das-catastrofes-na-secundaria-de-loule\/ambiente\/11\/40\/","url":"https:\/\/algarve7.pt\/index.php\/2025\/10\/loule-assinala-o-dia-internacional-para-a-reducao-das-catastrofes-na-secundaria-de-loule\/ambiente\/11\/40\/","name":"Loul\u00e9 assinala o dia internacional para a redu\u00e7\u00e3o das cat\u00e1strofes na secund\u00e1ria de Loul\u00e9 - Algarve 7","isPartOf":{"@id":"https:\/\/algarve7.pt\/#website"},"primaryImageOfPage":{"@id":"https:\/\/algarve7.pt\/index.php\/2025\/10\/loule-assinala-o-dia-internacional-para-a-reducao-das-catastrofes-na-secundaria-de-loule\/ambiente\/11\/40\/#primaryimage"},"image":{"@id":"https:\/\/algarve7.pt\/index.php\/2025\/10\/loule-assinala-o-dia-internacional-para-a-reducao-das-catastrofes-na-secundaria-de-loule\/ambiente\/11\/40\/#primaryimage"},"thumbnailUrl":"https:\/\/algarve7.pt\/wp-content\/uploads\/2025\/10\/Reducao-Catastrofes-3.jpg","datePublished":"2025-10-18T10:40:00+00:00","description":"Loul\u00e9 assinala o dia internacional para a redu\u00e7\u00e3o das cat\u00e1strofes na secund\u00e1ria de Loul\u00e9 Ambiente","breadcrumb":{"@id":"https:\/\/algarve7.pt\/index.php\/2025\/10\/loule-assinala-o-dia-internacional-para-a-reducao-das-catastrofes-na-secundaria-de-loule\/ambiente\/11\/40\/#breadcrumb"},"inLanguage":"pt-PT","potentialAction":[{"@type":"ReadAction","target":["https:\/\/algarve7.pt\/index.php\/2025\/10\/loule-assinala-o-dia-internacional-para-a-reducao-das-catastrofes-na-secundaria-de-loule\/ambiente\/11\/40\/"]}]},{"@type":"ImageObject","inLanguage":"pt-PT","@id":"https:\/\/algarve7.pt\/index.php\/2025\/10\/loule-assinala-o-dia-internacional-para-a-reducao-das-catastrofes-na-secundaria-de-loule\/ambiente\/11\/40\/#primaryimage","url":"https:\/\/algarve7.pt\/wp-content\/uploads\/2025\/10\/Reducao-Catastrofes-3.jpg","contentUrl":"https:\/\/algarve7.pt\/wp-content\/uploads\/2025\/10\/Reducao-Catastrofes-3.jpg","width":800,"height":500},{"@type":"BreadcrumbList","@id":"https:\/\/algarve7.pt\/index.php\/2025\/10\/loule-assinala-o-dia-internacional-para-a-reducao-das-catastrofes-na-secundaria-de-loule\/ambiente\/11\/40\/#breadcrumb","itemListElement":[{"@type":"ListItem","position":1,"name":"In\u00edcio","item":"https:\/\/algarve7.pt\/"},{"@type":"ListItem","position":2,"name":"Loul\u00e9 assinala o dia internacional para a redu\u00e7\u00e3o das cat\u00e1strofes na secund\u00e1ria de Loul\u00e9"}]},{"@type":"WebSite","@id":"https:\/\/algarve7.pt\/#website","url":"https:\/\/algarve7.pt\/","name":"Algarve 7","description":"Informa\u00e7\u00e3o sobre o Algarve","publisher":{"@id":"https:\/\/algarve7.pt\/#organization"},"potentialAction":[{"@type":"SearchAction","target":{"@type":"EntryPoint","urlTemplate":"https:\/\/algarve7.pt\/?s={search_term_string}"},"query-input":{"@type":"PropertyValueSpecification","valueRequired":true,"valueName":"search_term_string"}}],"inLanguage":"pt-PT"},{"@type":"Organization","@id":"https:\/\/algarve7.pt\/#organization","name":"Algarve 7","url":"https:\/\/algarve7.pt\/","logo":{"@type":"ImageObject","inLanguage":"pt-PT","@id":"https:\/\/algarve7.pt\/#\/schema\/logo\/image\/","url":"https:\/\/algarve7.pt\/wp-content\/uploads\/2020\/10\/Logo-8.jpg","contentUrl":"https:\/\/algarve7.pt\/wp-content\/uploads\/2020\/10\/Logo-8.jpg","width":1680,"height":1186,"caption":"Algarve 7"},"image":{"@id":"https:\/\/algarve7.pt\/#\/schema\/logo\/image\/"},"sameAs":["https:\/\/www.facebook.com\/algarve7","https:\/\/x.com\/Algarvesete","https:\/\/www.instagram.com\/jornalalgarve7\/","https:\/\/www.linkedin.com\/company\/algarve7","https:\/\/www.pinterest.pt\/geral0939\/_created\/"]},{"@type":"Person","@id":"https:\/\/algarve7.pt\/#\/schema\/person\/23fa70681308e7b319a3204bcea45e0c","name":"Algarve 7","sameAs":["https:\/\/algarve7.pt","https:\/\/www.facebook.com\/algarve7"],"url":"https:\/\/algarve7.pt\/index.php\/author\/geralalgarve7-pt\/"}]}},"jetpack_publicize_connections":[],"jetpack_featured_media_url":"https:\/\/algarve7.pt\/wp-content\/uploads\/2025\/10\/Reducao-Catastrofes-3.jpg","jetpack_shortlink":"https:\/\/wp.me\/pcezmW-ekv","jetpack_sharing_enabled":true,"_links":{"self":[{"href":"https:\/\/algarve7.pt\/index.php\/wp-json\/wp\/v2\/posts\/55087","targetHints":{"allow":["GET"]}}],"collection":[{"href":"https:\/\/algarve7.pt\/index.php\/wp-json\/wp\/v2\/posts"}],"about":[{"href":"https:\/\/algarve7.pt\/index.php\/wp-json\/wp\/v2\/types\/post"}],"author":[{"embeddable":true,"href":"https:\/\/algarve7.pt\/index.php\/wp-json\/wp\/v2\/users\/1"}],"replies":[{"embeddable":true,"href":"https:\/\/algarve7.pt\/index.php\/wp-json\/wp\/v2\/comments?post=55087"}],"version-history":[{"count":0,"href":"https:\/\/algarve7.pt\/index.php\/wp-json\/wp\/v2\/posts\/55087\/revisions"}],"wp:featuredmedia":[{"embeddable":true,"href":"https:\/\/algarve7.pt\/index.php\/wp-json\/wp\/v2\/media\/55088"}],"wp:attachment":[{"href":"https:\/\/algarve7.pt\/index.php\/wp-json\/wp\/v2\/media?parent=55087"}],"wp:term":[{"taxonomy":"category","embeddable":true,"href":"https:\/\/algarve7.pt\/index.php\/wp-json\/wp\/v2\/categories?post=55087"},{"taxonomy":"post_tag","embeddable":true,"href":"https:\/\/algarve7.pt\/index.php\/wp-json\/wp\/v2\/tags?post=55087"}],"curies":[{"name":"wp","href":"https:\/\/api.w.org\/{rel}","templated":true}]}}