{"id":54928,"date":"2025-10-13T12:03:29","date_gmt":"2025-10-13T11:03:29","guid":{"rendered":"https:\/\/algarve7.pt\/?p=54928"},"modified":"2025-10-13T12:03:32","modified_gmt":"2025-10-13T11:03:32","slug":"eco-exploradores-da-praia-seiva-2025-a-16-de-outubro-no-instituto-de-socorros-a-naufragos-estacao-salva-vidas-em-ferragudo","status":"publish","type":"post","link":"https:\/\/algarve7.pt\/index.php\/2025\/10\/eco-exploradores-da-praia-seiva-2025-a-16-de-outubro-no-instituto-de-socorros-a-naufragos-estacao-salva-vidas-em-ferragudo\/ambiente\/12\/03\/","title":{"rendered":"Eco Exploradores da Praia SEIVA 2025 a 16 de outubro no Instituto de Socorros a N\u00e1ufragos \u2013 Esta\u00e7\u00e3o Salva-Vidas em Ferragudo"},"content":{"rendered":"\n<p>No dia 16 de outubro de 2025, no \u00e2mbito da&nbsp;<strong>Semana de Educa\u00e7\u00e3o e Iniciativas de Voluntariado Ambiental (SEIVA)<\/strong>&nbsp;e inserida na rede de parceiros do projeto \u201c<strong>Voluntariado Ambiental para a \u00c1gua<\/strong>\u201d, realiza-se em Ferragudo, no concelho de Lagoa, a atividade:&nbsp;<strong>Eco Exploradores da Praia \u2013 SEIVA 2025<\/strong>. Esta iniciativa alia a&nbsp;<strong>a\u00e7\u00e3o de sensibiliza\u00e7\u00e3o de limpeza costeira<\/strong>&nbsp;\u00e0 dinamiza\u00e7\u00e3o de um&nbsp;<strong>Laborat\u00f3rio de Praia<\/strong>, refor\u00e7ando a import\u00e2ncia da preserva\u00e7\u00e3o dos ecossistemas naturais e da sensibiliza\u00e7\u00e3o para a problem\u00e1tica do lixo presente na Natureza.<\/p>\n\n\n\n<p>Dando continuidade ao tema do ano passado \u2013 \u201c<em>Unidos pela \u00e1gua, movidos pelo clima<\/em>\u201d \u2013 esta edi\u00e7\u00e3o destaca a import\u00e2ncia de&nbsp;<strong>preservar e restaurar os ecossistemas aqu\u00e1ticos<\/strong>, fundamentais para garantir a disponibilidade de \u00e1gua no futuro, sublinhando o papel de cada cidad\u00e3o, desde os mais novos aos mais velhos, na prote\u00e7\u00e3o dos recursos h\u00eddricos e da biodiversidade.<\/p>\n\n\n\n<p><br>Inspirada no esp\u00edrito do&nbsp;<strong>Dia Internacional da Limpeza Costeira<\/strong>, convidam-se cidad\u00e3os, associa\u00e7\u00f5es, escolas, empresas e entidades p\u00fablicas e privadas a unirem esfor\u00e7os para a r<strong>ecolha de res\u00edduos na zona estuarina de Ferragudo<\/strong>, refor\u00e7ando o compromisso coletivo com a defesa da \u00e1gua, da biodiversidade e dos ecossistemas costeiros e ribeirinhos.<\/p>\n\n\n\n<p><br>Em simult\u00e2neo, as crian\u00e7as da Escola B\u00e1sica de Ferragudo (EB1) poder\u00e3o participar no&nbsp;<strong>Laborat\u00f3rio de Praia<\/strong>, no Instituto de Socorros a N\u00e1ufragos \u2013 Esta\u00e7\u00e3o Salva-Vidas de Ferragudo, um espa\u00e7o l\u00fadico e educativo onde ser\u00e3o explorados, de forma interativa, temas como a&nbsp;<strong>vida marinha, a import\u00e2ncia da \u00e1gua, a redu\u00e7\u00e3o do lixo e a economia circular<\/strong>, despertando a curiosidade cient\u00edfica e o respeito pela natureza atrav\u00e9s de pequenas experi\u00eancias, jogos e observa\u00e7\u00e3o direta do ambiente costeiro.<\/p>\n\n\n\n<p><br>A atividade decorrer\u00e1 na manh\u00e3 do dia&nbsp;<strong>16 de outubro de 2025<\/strong>, entre as&nbsp;<strong>09h00 e as 13h00<\/strong>, reunindo volunt\u00e1rios de todas as idades numa a\u00e7\u00e3o pr\u00e1tica de cuidado ambiental. Para al\u00e9m da recolha de lixo, ser\u00e1 tamb\u00e9m um momento de&nbsp;<strong>partilha e sensibiliza\u00e7\u00e3o<\/strong>, com a presen\u00e7a de t\u00e9cnicos do munic\u00edpio de Lagoa e a Ag\u00eancia Portuguesa do Ambiente que ir\u00e3o abordar a import\u00e2ncia da&nbsp;<strong>preserva\u00e7\u00e3o e restaura\u00e7\u00e3o dos ecossistemas aqu\u00e1ticos e terrestres<\/strong>, criando uma verdadeira ponte entre&nbsp;<strong>aprendizagem, ci\u00eancia e a\u00e7\u00e3o ambiental<\/strong>.<\/p>\n\n\n\n<p><br>Esta a\u00e7\u00e3o integra a&nbsp;<strong>programa\u00e7\u00e3o da SEIVA 2025<\/strong>, refor\u00e7ando a import\u00e2ncia do&nbsp;<strong>voluntariado ambiental<\/strong>&nbsp;como motor de mudan\u00e7a, exemplo de cidadania ativa e ferramenta essencial para garantir um futuro mais sustent\u00e1vel e com&nbsp;<strong>\u00e1gua para todos<\/strong>.<\/p>\n","protected":false},"excerpt":{"rendered":"<p>No dia 16 de outubro de 2025, no \u00e2mbito da&nbsp;Semana de Educa\u00e7\u00e3o e Iniciativas de Voluntariado Ambiental (SEIVA)&nbsp;e inserida na<\/p>\n","protected":false},"author":1,"featured_media":54929,"comment_status":"closed","ping_status":"closed","sticky":false,"template":"","format":"standard","meta":{"colormag_page_container_layout":"default_layout","colormag_page_sidebar_layout":"default_layout","_monsterinsights_skip_tracking":false,"_monsterinsights_sitenote_active":false,"_monsterinsights_sitenote_note":"","_monsterinsights_sitenote_category":0,"jetpack_post_was_ever_published":false,"_jetpack_newsletter_access":"","_jetpack_dont_email_post_to_subs":false,"_jetpack_newsletter_tier_id":0,"_jetpack_memberships_contains_paywalled_content":false,"_jetpack_memberships_contains_paid_content":false,"footnotes":"","jetpack_publicize_message":"","jetpack_publicize_feature_enabled":true,"jetpack_social_post_already_shared":false,"jetpack_social_options":{"image_generator_settings":{"template":"highway","default_image_id":0,"font":"","enabled":false},"version":2}},"categories":[5],"tags":[36,32,48],"class_list":["post-54928","post","type-post","status-publish","format-standard","has-post-thumbnail","hentry","category-ambiente","tag-algarve","tag-ambiente","tag-lagoa"],"yoast_head":"<!-- This site is optimized with the Yoast SEO plugin v27.5 - https:\/\/yoast.com\/product\/yoast-seo-wordpress\/ -->\n<title>Eco Exploradores da Praia SEIVA 2025 a 16 de outubro no Instituto de Socorros a N\u00e1ufragos \u2013 Esta\u00e7\u00e3o Salva-Vidas em Ferragudo - Algarve 7<\/title>\n<meta name=\"description\" content=\"Eco Exploradores da Praia SEIVA 2025 a 16 de outubro no Instituto de Socorros a N\u00e1ufragos \u2013 Esta\u00e7\u00e3o Salva-Vidas em Ferragudo Ambiente\" \/>\n<meta name=\"robots\" content=\"index, follow, max-snippet:-1, max-image-preview:large, max-video-preview:-1\" \/>\n<link rel=\"canonical\" href=\"https:\/\/algarve7.pt\/index.php\/2025\/10\/eco-exploradores-da-praia-seiva-2025-a-16-de-outubro-no-instituto-de-socorros-a-naufragos-estacao-salva-vidas-em-ferragudo\/ambiente\/12\/03\/\" \/>\n<meta property=\"og:locale\" content=\"pt_PT\" \/>\n<meta property=\"og:type\" content=\"article\" \/>\n<meta property=\"og:title\" content=\"Eco Exploradores da Praia SEIVA 2025 a 16 de outubro no Instituto de Socorros a N\u00e1ufragos \u2013 Esta\u00e7\u00e3o Salva-Vidas em Ferragudo - Algarve 7\" \/>\n<meta property=\"og:description\" content=\"Eco Exploradores da Praia SEIVA 2025 a 16 de outubro no Instituto de Socorros a N\u00e1ufragos \u2013 Esta\u00e7\u00e3o Salva-Vidas em Ferragudo Ambiente\" \/>\n<meta property=\"og:url\" content=\"https:\/\/algarve7.pt\/index.php\/2025\/10\/eco-exploradores-da-praia-seiva-2025-a-16-de-outubro-no-instituto-de-socorros-a-naufragos-estacao-salva-vidas-em-ferragudo\/ambiente\/12\/03\/\" \/>\n<meta property=\"og:site_name\" content=\"Algarve 7\" \/>\n<meta property=\"article:publisher\" content=\"https:\/\/www.facebook.com\/algarve7\" \/>\n<meta property=\"article:author\" content=\"https:\/\/www.facebook.com\/algarve7\" \/>\n<meta property=\"article:published_time\" content=\"2025-10-13T11:03:29+00:00\" \/>\n<meta property=\"article:modified_time\" content=\"2025-10-13T11:03:32+00:00\" \/>\n<meta property=\"og:image\" content=\"https:\/\/algarve7.pt\/wp-content\/uploads\/2025\/10\/Captura-de-ecra-2025-10-13-as-11.59.41.png\" \/>\n\t<meta property=\"og:image:width\" content=\"800\" \/>\n\t<meta property=\"og:image:height\" content=\"500\" \/>\n\t<meta property=\"og:image:type\" content=\"image\/png\" \/>\n<meta name=\"author\" content=\"Algarve 7\" \/>\n<meta name=\"twitter:card\" content=\"summary_large_image\" \/>\n<meta name=\"twitter:creator\" content=\"@Algarvesete\" \/>\n<meta name=\"twitter:site\" content=\"@Algarvesete\" \/>\n<meta name=\"twitter:label1\" content=\"Escrito por\" \/>\n\t<meta name=\"twitter:data1\" content=\"Algarve 7\" \/>\n\t<meta name=\"twitter:label2\" content=\"Tempo estimado de leitura\" \/>\n\t<meta name=\"twitter:data2\" content=\"3 minutos\" \/>\n<script type=\"application\/ld+json\" class=\"yoast-schema-graph\">{\"@context\":\"https:\\\/\\\/schema.org\",\"@graph\":[{\"@type\":\"Article\",\"@id\":\"https:\\\/\\\/algarve7.pt\\\/index.php\\\/2025\\\/10\\\/eco-exploradores-da-praia-seiva-2025-a-16-de-outubro-no-instituto-de-socorros-a-naufragos-estacao-salva-vidas-em-ferragudo\\\/ambiente\\\/12\\\/03\\\/#article\",\"isPartOf\":{\"@id\":\"https:\\\/\\\/algarve7.pt\\\/index.php\\\/2025\\\/10\\\/eco-exploradores-da-praia-seiva-2025-a-16-de-outubro-no-instituto-de-socorros-a-naufragos-estacao-salva-vidas-em-ferragudo\\\/ambiente\\\/12\\\/03\\\/\"},\"author\":{\"name\":\"Algarve 7\",\"@id\":\"https:\\\/\\\/algarve7.pt\\\/#\\\/schema\\\/person\\\/23fa70681308e7b319a3204bcea45e0c\"},\"headline\":\"Eco Exploradores da Praia SEIVA 2025 a 16 de outubro no Instituto de Socorros a N\u00e1ufragos \u2013 Esta\u00e7\u00e3o Salva-Vidas em Ferragudo\",\"datePublished\":\"2025-10-13T11:03:29+00:00\",\"dateModified\":\"2025-10-13T11:03:32+00:00\",\"mainEntityOfPage\":{\"@id\":\"https:\\\/\\\/algarve7.pt\\\/index.php\\\/2025\\\/10\\\/eco-exploradores-da-praia-seiva-2025-a-16-de-outubro-no-instituto-de-socorros-a-naufragos-estacao-salva-vidas-em-ferragudo\\\/ambiente\\\/12\\\/03\\\/\"},\"wordCount\":474,\"publisher\":{\"@id\":\"https:\\\/\\\/algarve7.pt\\\/#organization\"},\"image\":{\"@id\":\"https:\\\/\\\/algarve7.pt\\\/index.php\\\/2025\\\/10\\\/eco-exploradores-da-praia-seiva-2025-a-16-de-outubro-no-instituto-de-socorros-a-naufragos-estacao-salva-vidas-em-ferragudo\\\/ambiente\\\/12\\\/03\\\/#primaryimage\"},\"thumbnailUrl\":\"https:\\\/\\\/algarve7.pt\\\/wp-content\\\/uploads\\\/2025\\\/10\\\/Captura-de-ecra-2025-10-13-as-11.59.41.png\",\"keywords\":[\"Algarve\",\"Ambiente\",\"Lagoa\"],\"articleSection\":[\"Ambiente\"],\"inLanguage\":\"pt-PT\"},{\"@type\":\"WebPage\",\"@id\":\"https:\\\/\\\/algarve7.pt\\\/index.php\\\/2025\\\/10\\\/eco-exploradores-da-praia-seiva-2025-a-16-de-outubro-no-instituto-de-socorros-a-naufragos-estacao-salva-vidas-em-ferragudo\\\/ambiente\\\/12\\\/03\\\/\",\"url\":\"https:\\\/\\\/algarve7.pt\\\/index.php\\\/2025\\\/10\\\/eco-exploradores-da-praia-seiva-2025-a-16-de-outubro-no-instituto-de-socorros-a-naufragos-estacao-salva-vidas-em-ferragudo\\\/ambiente\\\/12\\\/03\\\/\",\"name\":\"Eco Exploradores da Praia SEIVA 2025 a 16 de outubro no Instituto de Socorros a N\u00e1ufragos \u2013 Esta\u00e7\u00e3o Salva-Vidas em Ferragudo - Algarve 7\",\"isPartOf\":{\"@id\":\"https:\\\/\\\/algarve7.pt\\\/#website\"},\"primaryImageOfPage\":{\"@id\":\"https:\\\/\\\/algarve7.pt\\\/index.php\\\/2025\\\/10\\\/eco-exploradores-da-praia-seiva-2025-a-16-de-outubro-no-instituto-de-socorros-a-naufragos-estacao-salva-vidas-em-ferragudo\\\/ambiente\\\/12\\\/03\\\/#primaryimage\"},\"image\":{\"@id\":\"https:\\\/\\\/algarve7.pt\\\/index.php\\\/2025\\\/10\\\/eco-exploradores-da-praia-seiva-2025-a-16-de-outubro-no-instituto-de-socorros-a-naufragos-estacao-salva-vidas-em-ferragudo\\\/ambiente\\\/12\\\/03\\\/#primaryimage\"},\"thumbnailUrl\":\"https:\\\/\\\/algarve7.pt\\\/wp-content\\\/uploads\\\/2025\\\/10\\\/Captura-de-ecra-2025-10-13-as-11.59.41.png\",\"datePublished\":\"2025-10-13T11:03:29+00:00\",\"dateModified\":\"2025-10-13T11:03:32+00:00\",\"description\":\"Eco Exploradores da Praia SEIVA 2025 a 16 de outubro no Instituto de Socorros a N\u00e1ufragos \u2013 Esta\u00e7\u00e3o Salva-Vidas em Ferragudo Ambiente\",\"breadcrumb\":{\"@id\":\"https:\\\/\\\/algarve7.pt\\\/index.php\\\/2025\\\/10\\\/eco-exploradores-da-praia-seiva-2025-a-16-de-outubro-no-instituto-de-socorros-a-naufragos-estacao-salva-vidas-em-ferragudo\\\/ambiente\\\/12\\\/03\\\/#breadcrumb\"},\"inLanguage\":\"pt-PT\",\"potentialAction\":[{\"@type\":\"ReadAction\",\"target\":[\"https:\\\/\\\/algarve7.pt\\\/index.php\\\/2025\\\/10\\\/eco-exploradores-da-praia-seiva-2025-a-16-de-outubro-no-instituto-de-socorros-a-naufragos-estacao-salva-vidas-em-ferragudo\\\/ambiente\\\/12\\\/03\\\/\"]}]},{\"@type\":\"ImageObject\",\"inLanguage\":\"pt-PT\",\"@id\":\"https:\\\/\\\/algarve7.pt\\\/index.php\\\/2025\\\/10\\\/eco-exploradores-da-praia-seiva-2025-a-16-de-outubro-no-instituto-de-socorros-a-naufragos-estacao-salva-vidas-em-ferragudo\\\/ambiente\\\/12\\\/03\\\/#primaryimage\",\"url\":\"https:\\\/\\\/algarve7.pt\\\/wp-content\\\/uploads\\\/2025\\\/10\\\/Captura-de-ecra-2025-10-13-as-11.59.41.png\",\"contentUrl\":\"https:\\\/\\\/algarve7.pt\\\/wp-content\\\/uploads\\\/2025\\\/10\\\/Captura-de-ecra-2025-10-13-as-11.59.41.png\",\"width\":800,\"height\":500},{\"@type\":\"BreadcrumbList\",\"@id\":\"https:\\\/\\\/algarve7.pt\\\/index.php\\\/2025\\\/10\\\/eco-exploradores-da-praia-seiva-2025-a-16-de-outubro-no-instituto-de-socorros-a-naufragos-estacao-salva-vidas-em-ferragudo\\\/ambiente\\\/12\\\/03\\\/#breadcrumb\",\"itemListElement\":[{\"@type\":\"ListItem\",\"position\":1,\"name\":\"In\u00edcio\",\"item\":\"https:\\\/\\\/algarve7.pt\\\/\"},{\"@type\":\"ListItem\",\"position\":2,\"name\":\"Eco Exploradores da Praia SEIVA 2025 a 16 de outubro no Instituto de Socorros a N\u00e1ufragos \u2013 Esta\u00e7\u00e3o Salva-Vidas em Ferragudo\"}]},{\"@type\":\"WebSite\",\"@id\":\"https:\\\/\\\/algarve7.pt\\\/#website\",\"url\":\"https:\\\/\\\/algarve7.pt\\\/\",\"name\":\"Algarve 7\",\"description\":\"Informa\u00e7\u00e3o sobre o Algarve\",\"publisher\":{\"@id\":\"https:\\\/\\\/algarve7.pt\\\/#organization\"},\"potentialAction\":[{\"@type\":\"SearchAction\",\"target\":{\"@type\":\"EntryPoint\",\"urlTemplate\":\"https:\\\/\\\/algarve7.pt\\\/?s={search_term_string}\"},\"query-input\":{\"@type\":\"PropertyValueSpecification\",\"valueRequired\":true,\"valueName\":\"search_term_string\"}}],\"inLanguage\":\"pt-PT\"},{\"@type\":\"Organization\",\"@id\":\"https:\\\/\\\/algarve7.pt\\\/#organization\",\"name\":\"Algarve 7\",\"url\":\"https:\\\/\\\/algarve7.pt\\\/\",\"logo\":{\"@type\":\"ImageObject\",\"inLanguage\":\"pt-PT\",\"@id\":\"https:\\\/\\\/algarve7.pt\\\/#\\\/schema\\\/logo\\\/image\\\/\",\"url\":\"https:\\\/\\\/algarve7.pt\\\/wp-content\\\/uploads\\\/2020\\\/10\\\/Logo-8.jpg\",\"contentUrl\":\"https:\\\/\\\/algarve7.pt\\\/wp-content\\\/uploads\\\/2020\\\/10\\\/Logo-8.jpg\",\"width\":1680,\"height\":1186,\"caption\":\"Algarve 7\"},\"image\":{\"@id\":\"https:\\\/\\\/algarve7.pt\\\/#\\\/schema\\\/logo\\\/image\\\/\"},\"sameAs\":[\"https:\\\/\\\/www.facebook.com\\\/algarve7\",\"https:\\\/\\\/x.com\\\/Algarvesete\",\"https:\\\/\\\/www.instagram.com\\\/jornalalgarve7\\\/\",\"https:\\\/\\\/www.linkedin.com\\\/company\\\/algarve7\",\"https:\\\/\\\/www.pinterest.pt\\\/geral0939\\\/_created\\\/\"]},{\"@type\":\"Person\",\"@id\":\"https:\\\/\\\/algarve7.pt\\\/#\\\/schema\\\/person\\\/23fa70681308e7b319a3204bcea45e0c\",\"name\":\"Algarve 7\",\"sameAs\":[\"https:\\\/\\\/algarve7.pt\",\"https:\\\/\\\/www.facebook.com\\\/algarve7\"],\"url\":\"https:\\\/\\\/algarve7.pt\\\/index.php\\\/author\\\/geralalgarve7-pt\\\/\"}]}<\/script>\n<!-- \/ Yoast SEO plugin. -->","yoast_head_json":{"title":"Eco Exploradores da Praia SEIVA 2025 a 16 de outubro no Instituto de Socorros a N\u00e1ufragos \u2013 Esta\u00e7\u00e3o Salva-Vidas em Ferragudo - Algarve 7","description":"Eco Exploradores da Praia SEIVA 2025 a 16 de outubro no Instituto de Socorros a N\u00e1ufragos \u2013 Esta\u00e7\u00e3o Salva-Vidas em Ferragudo Ambiente","robots":{"index":"index","follow":"follow","max-snippet":"max-snippet:-1","max-image-preview":"max-image-preview:large","max-video-preview":"max-video-preview:-1"},"canonical":"https:\/\/algarve7.pt\/index.php\/2025\/10\/eco-exploradores-da-praia-seiva-2025-a-16-de-outubro-no-instituto-de-socorros-a-naufragos-estacao-salva-vidas-em-ferragudo\/ambiente\/12\/03\/","og_locale":"pt_PT","og_type":"article","og_title":"Eco Exploradores da Praia SEIVA 2025 a 16 de outubro no Instituto de Socorros a N\u00e1ufragos \u2013 Esta\u00e7\u00e3o Salva-Vidas em Ferragudo - Algarve 7","og_description":"Eco Exploradores da Praia SEIVA 2025 a 16 de outubro no Instituto de Socorros a N\u00e1ufragos \u2013 Esta\u00e7\u00e3o Salva-Vidas em Ferragudo Ambiente","og_url":"https:\/\/algarve7.pt\/index.php\/2025\/10\/eco-exploradores-da-praia-seiva-2025-a-16-de-outubro-no-instituto-de-socorros-a-naufragos-estacao-salva-vidas-em-ferragudo\/ambiente\/12\/03\/","og_site_name":"Algarve 7","article_publisher":"https:\/\/www.facebook.com\/algarve7","article_author":"https:\/\/www.facebook.com\/algarve7","article_published_time":"2025-10-13T11:03:29+00:00","article_modified_time":"2025-10-13T11:03:32+00:00","og_image":[{"width":800,"height":500,"url":"https:\/\/algarve7.pt\/wp-content\/uploads\/2025\/10\/Captura-de-ecra-2025-10-13-as-11.59.41.png","type":"image\/png"}],"author":"Algarve 7","twitter_card":"summary_large_image","twitter_creator":"@Algarvesete","twitter_site":"@Algarvesete","twitter_misc":{"Escrito por":"Algarve 7","Tempo estimado de leitura":"3 minutos"},"schema":{"@context":"https:\/\/schema.org","@graph":[{"@type":"Article","@id":"https:\/\/algarve7.pt\/index.php\/2025\/10\/eco-exploradores-da-praia-seiva-2025-a-16-de-outubro-no-instituto-de-socorros-a-naufragos-estacao-salva-vidas-em-ferragudo\/ambiente\/12\/03\/#article","isPartOf":{"@id":"https:\/\/algarve7.pt\/index.php\/2025\/10\/eco-exploradores-da-praia-seiva-2025-a-16-de-outubro-no-instituto-de-socorros-a-naufragos-estacao-salva-vidas-em-ferragudo\/ambiente\/12\/03\/"},"author":{"name":"Algarve 7","@id":"https:\/\/algarve7.pt\/#\/schema\/person\/23fa70681308e7b319a3204bcea45e0c"},"headline":"Eco Exploradores da Praia SEIVA 2025 a 16 de outubro no Instituto de Socorros a N\u00e1ufragos \u2013 Esta\u00e7\u00e3o Salva-Vidas em Ferragudo","datePublished":"2025-10-13T11:03:29+00:00","dateModified":"2025-10-13T11:03:32+00:00","mainEntityOfPage":{"@id":"https:\/\/algarve7.pt\/index.php\/2025\/10\/eco-exploradores-da-praia-seiva-2025-a-16-de-outubro-no-instituto-de-socorros-a-naufragos-estacao-salva-vidas-em-ferragudo\/ambiente\/12\/03\/"},"wordCount":474,"publisher":{"@id":"https:\/\/algarve7.pt\/#organization"},"image":{"@id":"https:\/\/algarve7.pt\/index.php\/2025\/10\/eco-exploradores-da-praia-seiva-2025-a-16-de-outubro-no-instituto-de-socorros-a-naufragos-estacao-salva-vidas-em-ferragudo\/ambiente\/12\/03\/#primaryimage"},"thumbnailUrl":"https:\/\/algarve7.pt\/wp-content\/uploads\/2025\/10\/Captura-de-ecra-2025-10-13-as-11.59.41.png","keywords":["Algarve","Ambiente","Lagoa"],"articleSection":["Ambiente"],"inLanguage":"pt-PT"},{"@type":"WebPage","@id":"https:\/\/algarve7.pt\/index.php\/2025\/10\/eco-exploradores-da-praia-seiva-2025-a-16-de-outubro-no-instituto-de-socorros-a-naufragos-estacao-salva-vidas-em-ferragudo\/ambiente\/12\/03\/","url":"https:\/\/algarve7.pt\/index.php\/2025\/10\/eco-exploradores-da-praia-seiva-2025-a-16-de-outubro-no-instituto-de-socorros-a-naufragos-estacao-salva-vidas-em-ferragudo\/ambiente\/12\/03\/","name":"Eco Exploradores da Praia SEIVA 2025 a 16 de outubro no Instituto de Socorros a N\u00e1ufragos \u2013 Esta\u00e7\u00e3o Salva-Vidas em Ferragudo - Algarve 7","isPartOf":{"@id":"https:\/\/algarve7.pt\/#website"},"primaryImageOfPage":{"@id":"https:\/\/algarve7.pt\/index.php\/2025\/10\/eco-exploradores-da-praia-seiva-2025-a-16-de-outubro-no-instituto-de-socorros-a-naufragos-estacao-salva-vidas-em-ferragudo\/ambiente\/12\/03\/#primaryimage"},"image":{"@id":"https:\/\/algarve7.pt\/index.php\/2025\/10\/eco-exploradores-da-praia-seiva-2025-a-16-de-outubro-no-instituto-de-socorros-a-naufragos-estacao-salva-vidas-em-ferragudo\/ambiente\/12\/03\/#primaryimage"},"thumbnailUrl":"https:\/\/algarve7.pt\/wp-content\/uploads\/2025\/10\/Captura-de-ecra-2025-10-13-as-11.59.41.png","datePublished":"2025-10-13T11:03:29+00:00","dateModified":"2025-10-13T11:03:32+00:00","description":"Eco Exploradores da Praia SEIVA 2025 a 16 de outubro no Instituto de Socorros a N\u00e1ufragos \u2013 Esta\u00e7\u00e3o Salva-Vidas em Ferragudo Ambiente","breadcrumb":{"@id":"https:\/\/algarve7.pt\/index.php\/2025\/10\/eco-exploradores-da-praia-seiva-2025-a-16-de-outubro-no-instituto-de-socorros-a-naufragos-estacao-salva-vidas-em-ferragudo\/ambiente\/12\/03\/#breadcrumb"},"inLanguage":"pt-PT","potentialAction":[{"@type":"ReadAction","target":["https:\/\/algarve7.pt\/index.php\/2025\/10\/eco-exploradores-da-praia-seiva-2025-a-16-de-outubro-no-instituto-de-socorros-a-naufragos-estacao-salva-vidas-em-ferragudo\/ambiente\/12\/03\/"]}]},{"@type":"ImageObject","inLanguage":"pt-PT","@id":"https:\/\/algarve7.pt\/index.php\/2025\/10\/eco-exploradores-da-praia-seiva-2025-a-16-de-outubro-no-instituto-de-socorros-a-naufragos-estacao-salva-vidas-em-ferragudo\/ambiente\/12\/03\/#primaryimage","url":"https:\/\/algarve7.pt\/wp-content\/uploads\/2025\/10\/Captura-de-ecra-2025-10-13-as-11.59.41.png","contentUrl":"https:\/\/algarve7.pt\/wp-content\/uploads\/2025\/10\/Captura-de-ecra-2025-10-13-as-11.59.41.png","width":800,"height":500},{"@type":"BreadcrumbList","@id":"https:\/\/algarve7.pt\/index.php\/2025\/10\/eco-exploradores-da-praia-seiva-2025-a-16-de-outubro-no-instituto-de-socorros-a-naufragos-estacao-salva-vidas-em-ferragudo\/ambiente\/12\/03\/#breadcrumb","itemListElement":[{"@type":"ListItem","position":1,"name":"In\u00edcio","item":"https:\/\/algarve7.pt\/"},{"@type":"ListItem","position":2,"name":"Eco Exploradores da Praia SEIVA 2025 a 16 de outubro no Instituto de Socorros a N\u00e1ufragos \u2013 Esta\u00e7\u00e3o Salva-Vidas em Ferragudo"}]},{"@type":"WebSite","@id":"https:\/\/algarve7.pt\/#website","url":"https:\/\/algarve7.pt\/","name":"Algarve 7","description":"Informa\u00e7\u00e3o sobre o Algarve","publisher":{"@id":"https:\/\/algarve7.pt\/#organization"},"potentialAction":[{"@type":"SearchAction","target":{"@type":"EntryPoint","urlTemplate":"https:\/\/algarve7.pt\/?s={search_term_string}"},"query-input":{"@type":"PropertyValueSpecification","valueRequired":true,"valueName":"search_term_string"}}],"inLanguage":"pt-PT"},{"@type":"Organization","@id":"https:\/\/algarve7.pt\/#organization","name":"Algarve 7","url":"https:\/\/algarve7.pt\/","logo":{"@type":"ImageObject","inLanguage":"pt-PT","@id":"https:\/\/algarve7.pt\/#\/schema\/logo\/image\/","url":"https:\/\/algarve7.pt\/wp-content\/uploads\/2020\/10\/Logo-8.jpg","contentUrl":"https:\/\/algarve7.pt\/wp-content\/uploads\/2020\/10\/Logo-8.jpg","width":1680,"height":1186,"caption":"Algarve 7"},"image":{"@id":"https:\/\/algarve7.pt\/#\/schema\/logo\/image\/"},"sameAs":["https:\/\/www.facebook.com\/algarve7","https:\/\/x.com\/Algarvesete","https:\/\/www.instagram.com\/jornalalgarve7\/","https:\/\/www.linkedin.com\/company\/algarve7","https:\/\/www.pinterest.pt\/geral0939\/_created\/"]},{"@type":"Person","@id":"https:\/\/algarve7.pt\/#\/schema\/person\/23fa70681308e7b319a3204bcea45e0c","name":"Algarve 7","sameAs":["https:\/\/algarve7.pt","https:\/\/www.facebook.com\/algarve7"],"url":"https:\/\/algarve7.pt\/index.php\/author\/geralalgarve7-pt\/"}]}},"jetpack_publicize_connections":[],"jetpack_featured_media_url":"https:\/\/algarve7.pt\/wp-content\/uploads\/2025\/10\/Captura-de-ecra-2025-10-13-as-11.59.41.png","jetpack_shortlink":"https:\/\/wp.me\/pcezmW-ehW","jetpack_sharing_enabled":true,"_links":{"self":[{"href":"https:\/\/algarve7.pt\/index.php\/wp-json\/wp\/v2\/posts\/54928","targetHints":{"allow":["GET"]}}],"collection":[{"href":"https:\/\/algarve7.pt\/index.php\/wp-json\/wp\/v2\/posts"}],"about":[{"href":"https:\/\/algarve7.pt\/index.php\/wp-json\/wp\/v2\/types\/post"}],"author":[{"embeddable":true,"href":"https:\/\/algarve7.pt\/index.php\/wp-json\/wp\/v2\/users\/1"}],"replies":[{"embeddable":true,"href":"https:\/\/algarve7.pt\/index.php\/wp-json\/wp\/v2\/comments?post=54928"}],"version-history":[{"count":0,"href":"https:\/\/algarve7.pt\/index.php\/wp-json\/wp\/v2\/posts\/54928\/revisions"}],"wp:featuredmedia":[{"embeddable":true,"href":"https:\/\/algarve7.pt\/index.php\/wp-json\/wp\/v2\/media\/54929"}],"wp:attachment":[{"href":"https:\/\/algarve7.pt\/index.php\/wp-json\/wp\/v2\/media?parent=54928"}],"wp:term":[{"taxonomy":"category","embeddable":true,"href":"https:\/\/algarve7.pt\/index.php\/wp-json\/wp\/v2\/categories?post=54928"},{"taxonomy":"post_tag","embeddable":true,"href":"https:\/\/algarve7.pt\/index.php\/wp-json\/wp\/v2\/tags?post=54928"}],"curies":[{"name":"wp","href":"https:\/\/api.w.org\/{rel}","templated":true}]}}