{"id":5487,"date":"2021-01-21T11:28:01","date_gmt":"2021-01-21T11:28:01","guid":{"rendered":"https:\/\/algarve7.pt\/?p=5487"},"modified":"2021-01-21T11:28:05","modified_gmt":"2021-01-21T11:28:05","slug":"municipio-e-bombeiros-de-alcoutim-celebram-protocolos-de-cooperacao","status":"publish","type":"post","link":"https:\/\/algarve7.pt\/index.php\/2021\/01\/municipio-e-bombeiros-de-alcoutim-celebram-protocolos-de-cooperacao\/atualidade\/11\/28\/","title":{"rendered":"Munic\u00edpio e Bombeiros de Alcoutim celebram protocolos de coopera\u00e7\u00e3o"},"content":{"rendered":"\n<p>A C\u00e2mara Municipal de Alcoutim aprovou recentemente, em reuni\u00e3o do executivo, a celebra\u00e7\u00e3o de dois protocolos de colabora\u00e7\u00e3o com a Associa\u00e7\u00e3o Humanit\u00e1ria dos Bombeiros Volunt\u00e1rios de Alcoutim (AHBVA) nos termos dos quais se compromete a transferir para a institui\u00e7\u00e3o uma verba global no valor de 305.800 euros.<\/p>\n\n\n\n<p>Um dos acordos de coopera\u00e7\u00e3o garante a manuten\u00e7\u00e3o de diversos servi\u00e7os prestados pelos bombeiros, nomeadamente no combate a inc\u00eandios, na prote\u00e7\u00e3o civil, no socorrismo e transporte de doentes, bem como no socorro a n\u00e1ufragos e apoio a outras atividades fluviais.<\/p>\n\n\n\n<p>O segundo protocolo tem como objetivo estabelecer as atividades que a AHBVA se compromete a desenvolver com vista a proporcionar o acesso a medicina geri\u00e1trica, fisioterapia, educa\u00e7\u00e3o, enfermagem, terapia da fala, terapia ocupacional, nutri\u00e7\u00e3o, psiquiatria e apoio psicossocial \u00e0 popula\u00e7\u00e3o do concelho de Alcoutim com a finalidade de promover a integra\u00e7\u00e3o social, a sa\u00fade, preven\u00e7\u00e3o da doen\u00e7a, da defici\u00eancia, da incapacidade assim como habilitar ou reabilitar indiv\u00edduos com disfun\u00e7\u00f5es de natureza f\u00edsica, mental e social, por forma a ajudar a atingir a m\u00e1xima funcionalidade e qualidade de vida.<\/p>\n\n\n\n<p>Os protocolos agora aprovados &#8220;constituem uma forma relevante de apoiar a Associa\u00e7\u00e3o Humanit\u00e1ria dos Bombeiros Volunt\u00e1rios, estreitando rela\u00e7\u00f5es de coopera\u00e7\u00e3o, ao mesmo tempo que desempenham um papel crucial no garante da qualidade e variedade dos servi\u00e7os prestados pela institui\u00e7\u00e3o e a necessidade de salvaguarda dos interesses da popula\u00e7\u00e3o&#8221;, refere Osvaldo Gon\u00e7alves, presidente da autarquia.<\/p>\n","protected":false},"excerpt":{"rendered":"<p>A C\u00e2mara Municipal de Alcoutim aprovou recentemente, em reuni\u00e3o do executivo, a celebra\u00e7\u00e3o de dois protocolos de colabora\u00e7\u00e3o com a<\/p>\n","protected":false},"author":1,"featured_media":5488,"comment_status":"closed","ping_status":"open","sticky":false,"template":"","format":"standard","meta":{"colormag_page_container_layout":"default_layout","colormag_page_sidebar_layout":"default_layout","_monsterinsights_skip_tracking":false,"_monsterinsights_sitenote_active":false,"_monsterinsights_sitenote_note":"","_monsterinsights_sitenote_category":0,"jetpack_post_was_ever_published":false,"_jetpack_newsletter_access":"","_jetpack_dont_email_post_to_subs":false,"_jetpack_newsletter_tier_id":0,"_jetpack_memberships_contains_paywalled_content":false,"_jetpack_memberships_contains_paid_content":false,"footnotes":"","jetpack_publicize_message":"","jetpack_publicize_feature_enabled":true,"jetpack_social_post_already_shared":true,"jetpack_social_options":{"image_generator_settings":{"template":"highway","default_image_id":0,"font":"","enabled":false},"version":2}},"categories":[11],"tags":[79,36,62,104],"class_list":["post-5487","post","type-post","status-publish","format-standard","has-post-thumbnail","hentry","category-atualidade","tag-alcoutim","tag-algarve","tag-atualidade","tag-bombeiros"],"yoast_head":"<!-- This site is optimized with the Yoast SEO plugin v27.4 - https:\/\/yoast.com\/product\/yoast-seo-wordpress\/ -->\n<title>Munic\u00edpio e Bombeiros de Alcoutim celebram protocolos de coopera\u00e7\u00e3o - Algarve 7<\/title>\n<meta name=\"description\" content=\"Munic\u00edpio e Bombeiros de Alcoutim celebram protocolos de coopera\u00e7\u00e3o Atualidade\" \/>\n<meta name=\"robots\" content=\"index, follow, max-snippet:-1, max-image-preview:large, max-video-preview:-1\" \/>\n<link rel=\"canonical\" href=\"https:\/\/algarve7.pt\/index.php\/2021\/01\/municipio-e-bombeiros-de-alcoutim-celebram-protocolos-de-cooperacao\/atualidade\/11\/28\/\" \/>\n<meta property=\"og:locale\" content=\"pt_PT\" \/>\n<meta property=\"og:type\" content=\"article\" \/>\n<meta property=\"og:title\" content=\"Munic\u00edpio e Bombeiros de Alcoutim celebram protocolos de coopera\u00e7\u00e3o - Algarve 7\" \/>\n<meta property=\"og:description\" content=\"Munic\u00edpio e Bombeiros de Alcoutim celebram protocolos de coopera\u00e7\u00e3o Atualidade\" \/>\n<meta property=\"og:url\" content=\"https:\/\/algarve7.pt\/index.php\/2021\/01\/municipio-e-bombeiros-de-alcoutim-celebram-protocolos-de-cooperacao\/atualidade\/11\/28\/\" \/>\n<meta property=\"og:site_name\" content=\"Algarve 7\" \/>\n<meta property=\"article:publisher\" content=\"https:\/\/www.facebook.com\/algarve7\" \/>\n<meta property=\"article:author\" content=\"https:\/\/www.facebook.com\/algarve7\" \/>\n<meta property=\"article:published_time\" content=\"2021-01-21T11:28:01+00:00\" \/>\n<meta property=\"article:modified_time\" content=\"2021-01-21T11:28:05+00:00\" \/>\n<meta property=\"og:image\" content=\"https:\/\/algarve7.pt\/wp-content\/uploads\/2021\/01\/Edificio-BVA-10.jpg\" \/>\n\t<meta property=\"og:image:width\" content=\"1600\" \/>\n\t<meta property=\"og:image:height\" content=\"1200\" \/>\n\t<meta property=\"og:image:type\" content=\"image\/jpeg\" \/>\n<meta name=\"author\" content=\"Algarve 7\" \/>\n<meta name=\"twitter:card\" content=\"summary_large_image\" \/>\n<meta name=\"twitter:creator\" content=\"@Algarvesete\" \/>\n<meta name=\"twitter:site\" content=\"@Algarvesete\" \/>\n<meta name=\"twitter:label1\" content=\"Escrito por\" \/>\n\t<meta name=\"twitter:data1\" content=\"Algarve 7\" \/>\n\t<meta name=\"twitter:label2\" content=\"Tempo estimado de leitura\" \/>\n\t<meta name=\"twitter:data2\" content=\"2 minutos\" \/>\n<script type=\"application\/ld+json\" class=\"yoast-schema-graph\">{\"@context\":\"https:\\\/\\\/schema.org\",\"@graph\":[{\"@type\":\"Article\",\"@id\":\"https:\\\/\\\/algarve7.pt\\\/index.php\\\/2021\\\/01\\\/municipio-e-bombeiros-de-alcoutim-celebram-protocolos-de-cooperacao\\\/atualidade\\\/11\\\/28\\\/#article\",\"isPartOf\":{\"@id\":\"https:\\\/\\\/algarve7.pt\\\/index.php\\\/2021\\\/01\\\/municipio-e-bombeiros-de-alcoutim-celebram-protocolos-de-cooperacao\\\/atualidade\\\/11\\\/28\\\/\"},\"author\":{\"name\":\"Algarve 7\",\"@id\":\"https:\\\/\\\/algarve7.pt\\\/#\\\/schema\\\/person\\\/23fa70681308e7b319a3204bcea45e0c\"},\"headline\":\"Munic\u00edpio e Bombeiros de Alcoutim celebram protocolos de coopera\u00e7\u00e3o\",\"datePublished\":\"2021-01-21T11:28:01+00:00\",\"dateModified\":\"2021-01-21T11:28:05+00:00\",\"mainEntityOfPage\":{\"@id\":\"https:\\\/\\\/algarve7.pt\\\/index.php\\\/2021\\\/01\\\/municipio-e-bombeiros-de-alcoutim-celebram-protocolos-de-cooperacao\\\/atualidade\\\/11\\\/28\\\/\"},\"wordCount\":274,\"publisher\":{\"@id\":\"https:\\\/\\\/algarve7.pt\\\/#organization\"},\"image\":{\"@id\":\"https:\\\/\\\/algarve7.pt\\\/index.php\\\/2021\\\/01\\\/municipio-e-bombeiros-de-alcoutim-celebram-protocolos-de-cooperacao\\\/atualidade\\\/11\\\/28\\\/#primaryimage\"},\"thumbnailUrl\":\"https:\\\/\\\/algarve7.pt\\\/wp-content\\\/uploads\\\/2021\\\/01\\\/Edificio-BVA-10.jpg\",\"keywords\":[\"Alcoutim\",\"Algarve\",\"Atualidade\",\"Bombeiros\"],\"articleSection\":[\"Atualidade\"],\"inLanguage\":\"pt-PT\"},{\"@type\":\"WebPage\",\"@id\":\"https:\\\/\\\/algarve7.pt\\\/index.php\\\/2021\\\/01\\\/municipio-e-bombeiros-de-alcoutim-celebram-protocolos-de-cooperacao\\\/atualidade\\\/11\\\/28\\\/\",\"url\":\"https:\\\/\\\/algarve7.pt\\\/index.php\\\/2021\\\/01\\\/municipio-e-bombeiros-de-alcoutim-celebram-protocolos-de-cooperacao\\\/atualidade\\\/11\\\/28\\\/\",\"name\":\"Munic\u00edpio e Bombeiros de Alcoutim celebram protocolos de coopera\u00e7\u00e3o - Algarve 7\",\"isPartOf\":{\"@id\":\"https:\\\/\\\/algarve7.pt\\\/#website\"},\"primaryImageOfPage\":{\"@id\":\"https:\\\/\\\/algarve7.pt\\\/index.php\\\/2021\\\/01\\\/municipio-e-bombeiros-de-alcoutim-celebram-protocolos-de-cooperacao\\\/atualidade\\\/11\\\/28\\\/#primaryimage\"},\"image\":{\"@id\":\"https:\\\/\\\/algarve7.pt\\\/index.php\\\/2021\\\/01\\\/municipio-e-bombeiros-de-alcoutim-celebram-protocolos-de-cooperacao\\\/atualidade\\\/11\\\/28\\\/#primaryimage\"},\"thumbnailUrl\":\"https:\\\/\\\/algarve7.pt\\\/wp-content\\\/uploads\\\/2021\\\/01\\\/Edificio-BVA-10.jpg\",\"datePublished\":\"2021-01-21T11:28:01+00:00\",\"dateModified\":\"2021-01-21T11:28:05+00:00\",\"description\":\"Munic\u00edpio e Bombeiros de Alcoutim celebram protocolos de coopera\u00e7\u00e3o Atualidade\",\"breadcrumb\":{\"@id\":\"https:\\\/\\\/algarve7.pt\\\/index.php\\\/2021\\\/01\\\/municipio-e-bombeiros-de-alcoutim-celebram-protocolos-de-cooperacao\\\/atualidade\\\/11\\\/28\\\/#breadcrumb\"},\"inLanguage\":\"pt-PT\",\"potentialAction\":[{\"@type\":\"ReadAction\",\"target\":[\"https:\\\/\\\/algarve7.pt\\\/index.php\\\/2021\\\/01\\\/municipio-e-bombeiros-de-alcoutim-celebram-protocolos-de-cooperacao\\\/atualidade\\\/11\\\/28\\\/\"]}]},{\"@type\":\"ImageObject\",\"inLanguage\":\"pt-PT\",\"@id\":\"https:\\\/\\\/algarve7.pt\\\/index.php\\\/2021\\\/01\\\/municipio-e-bombeiros-de-alcoutim-celebram-protocolos-de-cooperacao\\\/atualidade\\\/11\\\/28\\\/#primaryimage\",\"url\":\"https:\\\/\\\/algarve7.pt\\\/wp-content\\\/uploads\\\/2021\\\/01\\\/Edificio-BVA-10.jpg\",\"contentUrl\":\"https:\\\/\\\/algarve7.pt\\\/wp-content\\\/uploads\\\/2021\\\/01\\\/Edificio-BVA-10.jpg\",\"width\":1600,\"height\":1200},{\"@type\":\"BreadcrumbList\",\"@id\":\"https:\\\/\\\/algarve7.pt\\\/index.php\\\/2021\\\/01\\\/municipio-e-bombeiros-de-alcoutim-celebram-protocolos-de-cooperacao\\\/atualidade\\\/11\\\/28\\\/#breadcrumb\",\"itemListElement\":[{\"@type\":\"ListItem\",\"position\":1,\"name\":\"In\u00edcio\",\"item\":\"https:\\\/\\\/algarve7.pt\\\/\"},{\"@type\":\"ListItem\",\"position\":2,\"name\":\"Munic\u00edpio e Bombeiros de Alcoutim celebram protocolos de coopera\u00e7\u00e3o\"}]},{\"@type\":\"WebSite\",\"@id\":\"https:\\\/\\\/algarve7.pt\\\/#website\",\"url\":\"https:\\\/\\\/algarve7.pt\\\/\",\"name\":\"Algarve 7\",\"description\":\"Informa\u00e7\u00e3o sobre o Algarve\",\"publisher\":{\"@id\":\"https:\\\/\\\/algarve7.pt\\\/#organization\"},\"potentialAction\":[{\"@type\":\"SearchAction\",\"target\":{\"@type\":\"EntryPoint\",\"urlTemplate\":\"https:\\\/\\\/algarve7.pt\\\/?s={search_term_string}\"},\"query-input\":{\"@type\":\"PropertyValueSpecification\",\"valueRequired\":true,\"valueName\":\"search_term_string\"}}],\"inLanguage\":\"pt-PT\"},{\"@type\":\"Organization\",\"@id\":\"https:\\\/\\\/algarve7.pt\\\/#organization\",\"name\":\"Algarve 7\",\"url\":\"https:\\\/\\\/algarve7.pt\\\/\",\"logo\":{\"@type\":\"ImageObject\",\"inLanguage\":\"pt-PT\",\"@id\":\"https:\\\/\\\/algarve7.pt\\\/#\\\/schema\\\/logo\\\/image\\\/\",\"url\":\"https:\\\/\\\/algarve7.pt\\\/wp-content\\\/uploads\\\/2020\\\/10\\\/Logo-8.jpg\",\"contentUrl\":\"https:\\\/\\\/algarve7.pt\\\/wp-content\\\/uploads\\\/2020\\\/10\\\/Logo-8.jpg\",\"width\":1680,\"height\":1186,\"caption\":\"Algarve 7\"},\"image\":{\"@id\":\"https:\\\/\\\/algarve7.pt\\\/#\\\/schema\\\/logo\\\/image\\\/\"},\"sameAs\":[\"https:\\\/\\\/www.facebook.com\\\/algarve7\",\"https:\\\/\\\/x.com\\\/Algarvesete\",\"https:\\\/\\\/www.instagram.com\\\/jornalalgarve7\\\/\",\"https:\\\/\\\/www.linkedin.com\\\/company\\\/algarve7\",\"https:\\\/\\\/www.pinterest.pt\\\/geral0939\\\/_created\\\/\"]},{\"@type\":\"Person\",\"@id\":\"https:\\\/\\\/algarve7.pt\\\/#\\\/schema\\\/person\\\/23fa70681308e7b319a3204bcea45e0c\",\"name\":\"Algarve 7\",\"sameAs\":[\"https:\\\/\\\/algarve7.pt\",\"https:\\\/\\\/www.facebook.com\\\/algarve7\"],\"url\":\"https:\\\/\\\/algarve7.pt\\\/index.php\\\/author\\\/geralalgarve7-pt\\\/\"}]}<\/script>\n<!-- \/ Yoast SEO plugin. -->","yoast_head_json":{"title":"Munic\u00edpio e Bombeiros de Alcoutim celebram protocolos de coopera\u00e7\u00e3o - Algarve 7","description":"Munic\u00edpio e Bombeiros de Alcoutim celebram protocolos de coopera\u00e7\u00e3o Atualidade","robots":{"index":"index","follow":"follow","max-snippet":"max-snippet:-1","max-image-preview":"max-image-preview:large","max-video-preview":"max-video-preview:-1"},"canonical":"https:\/\/algarve7.pt\/index.php\/2021\/01\/municipio-e-bombeiros-de-alcoutim-celebram-protocolos-de-cooperacao\/atualidade\/11\/28\/","og_locale":"pt_PT","og_type":"article","og_title":"Munic\u00edpio e Bombeiros de Alcoutim celebram protocolos de coopera\u00e7\u00e3o - Algarve 7","og_description":"Munic\u00edpio e Bombeiros de Alcoutim celebram protocolos de coopera\u00e7\u00e3o Atualidade","og_url":"https:\/\/algarve7.pt\/index.php\/2021\/01\/municipio-e-bombeiros-de-alcoutim-celebram-protocolos-de-cooperacao\/atualidade\/11\/28\/","og_site_name":"Algarve 7","article_publisher":"https:\/\/www.facebook.com\/algarve7","article_author":"https:\/\/www.facebook.com\/algarve7","article_published_time":"2021-01-21T11:28:01+00:00","article_modified_time":"2021-01-21T11:28:05+00:00","og_image":[{"width":1600,"height":1200,"url":"https:\/\/algarve7.pt\/wp-content\/uploads\/2021\/01\/Edificio-BVA-10.jpg","type":"image\/jpeg"}],"author":"Algarve 7","twitter_card":"summary_large_image","twitter_creator":"@Algarvesete","twitter_site":"@Algarvesete","twitter_misc":{"Escrito por":"Algarve 7","Tempo estimado de leitura":"2 minutos"},"schema":{"@context":"https:\/\/schema.org","@graph":[{"@type":"Article","@id":"https:\/\/algarve7.pt\/index.php\/2021\/01\/municipio-e-bombeiros-de-alcoutim-celebram-protocolos-de-cooperacao\/atualidade\/11\/28\/#article","isPartOf":{"@id":"https:\/\/algarve7.pt\/index.php\/2021\/01\/municipio-e-bombeiros-de-alcoutim-celebram-protocolos-de-cooperacao\/atualidade\/11\/28\/"},"author":{"name":"Algarve 7","@id":"https:\/\/algarve7.pt\/#\/schema\/person\/23fa70681308e7b319a3204bcea45e0c"},"headline":"Munic\u00edpio e Bombeiros de Alcoutim celebram protocolos de coopera\u00e7\u00e3o","datePublished":"2021-01-21T11:28:01+00:00","dateModified":"2021-01-21T11:28:05+00:00","mainEntityOfPage":{"@id":"https:\/\/algarve7.pt\/index.php\/2021\/01\/municipio-e-bombeiros-de-alcoutim-celebram-protocolos-de-cooperacao\/atualidade\/11\/28\/"},"wordCount":274,"publisher":{"@id":"https:\/\/algarve7.pt\/#organization"},"image":{"@id":"https:\/\/algarve7.pt\/index.php\/2021\/01\/municipio-e-bombeiros-de-alcoutim-celebram-protocolos-de-cooperacao\/atualidade\/11\/28\/#primaryimage"},"thumbnailUrl":"https:\/\/algarve7.pt\/wp-content\/uploads\/2021\/01\/Edificio-BVA-10.jpg","keywords":["Alcoutim","Algarve","Atualidade","Bombeiros"],"articleSection":["Atualidade"],"inLanguage":"pt-PT"},{"@type":"WebPage","@id":"https:\/\/algarve7.pt\/index.php\/2021\/01\/municipio-e-bombeiros-de-alcoutim-celebram-protocolos-de-cooperacao\/atualidade\/11\/28\/","url":"https:\/\/algarve7.pt\/index.php\/2021\/01\/municipio-e-bombeiros-de-alcoutim-celebram-protocolos-de-cooperacao\/atualidade\/11\/28\/","name":"Munic\u00edpio e Bombeiros de Alcoutim celebram protocolos de coopera\u00e7\u00e3o - Algarve 7","isPartOf":{"@id":"https:\/\/algarve7.pt\/#website"},"primaryImageOfPage":{"@id":"https:\/\/algarve7.pt\/index.php\/2021\/01\/municipio-e-bombeiros-de-alcoutim-celebram-protocolos-de-cooperacao\/atualidade\/11\/28\/#primaryimage"},"image":{"@id":"https:\/\/algarve7.pt\/index.php\/2021\/01\/municipio-e-bombeiros-de-alcoutim-celebram-protocolos-de-cooperacao\/atualidade\/11\/28\/#primaryimage"},"thumbnailUrl":"https:\/\/algarve7.pt\/wp-content\/uploads\/2021\/01\/Edificio-BVA-10.jpg","datePublished":"2021-01-21T11:28:01+00:00","dateModified":"2021-01-21T11:28:05+00:00","description":"Munic\u00edpio e Bombeiros de Alcoutim celebram protocolos de coopera\u00e7\u00e3o Atualidade","breadcrumb":{"@id":"https:\/\/algarve7.pt\/index.php\/2021\/01\/municipio-e-bombeiros-de-alcoutim-celebram-protocolos-de-cooperacao\/atualidade\/11\/28\/#breadcrumb"},"inLanguage":"pt-PT","potentialAction":[{"@type":"ReadAction","target":["https:\/\/algarve7.pt\/index.php\/2021\/01\/municipio-e-bombeiros-de-alcoutim-celebram-protocolos-de-cooperacao\/atualidade\/11\/28\/"]}]},{"@type":"ImageObject","inLanguage":"pt-PT","@id":"https:\/\/algarve7.pt\/index.php\/2021\/01\/municipio-e-bombeiros-de-alcoutim-celebram-protocolos-de-cooperacao\/atualidade\/11\/28\/#primaryimage","url":"https:\/\/algarve7.pt\/wp-content\/uploads\/2021\/01\/Edificio-BVA-10.jpg","contentUrl":"https:\/\/algarve7.pt\/wp-content\/uploads\/2021\/01\/Edificio-BVA-10.jpg","width":1600,"height":1200},{"@type":"BreadcrumbList","@id":"https:\/\/algarve7.pt\/index.php\/2021\/01\/municipio-e-bombeiros-de-alcoutim-celebram-protocolos-de-cooperacao\/atualidade\/11\/28\/#breadcrumb","itemListElement":[{"@type":"ListItem","position":1,"name":"In\u00edcio","item":"https:\/\/algarve7.pt\/"},{"@type":"ListItem","position":2,"name":"Munic\u00edpio e Bombeiros de Alcoutim celebram protocolos de coopera\u00e7\u00e3o"}]},{"@type":"WebSite","@id":"https:\/\/algarve7.pt\/#website","url":"https:\/\/algarve7.pt\/","name":"Algarve 7","description":"Informa\u00e7\u00e3o sobre o Algarve","publisher":{"@id":"https:\/\/algarve7.pt\/#organization"},"potentialAction":[{"@type":"SearchAction","target":{"@type":"EntryPoint","urlTemplate":"https:\/\/algarve7.pt\/?s={search_term_string}"},"query-input":{"@type":"PropertyValueSpecification","valueRequired":true,"valueName":"search_term_string"}}],"inLanguage":"pt-PT"},{"@type":"Organization","@id":"https:\/\/algarve7.pt\/#organization","name":"Algarve 7","url":"https:\/\/algarve7.pt\/","logo":{"@type":"ImageObject","inLanguage":"pt-PT","@id":"https:\/\/algarve7.pt\/#\/schema\/logo\/image\/","url":"https:\/\/algarve7.pt\/wp-content\/uploads\/2020\/10\/Logo-8.jpg","contentUrl":"https:\/\/algarve7.pt\/wp-content\/uploads\/2020\/10\/Logo-8.jpg","width":1680,"height":1186,"caption":"Algarve 7"},"image":{"@id":"https:\/\/algarve7.pt\/#\/schema\/logo\/image\/"},"sameAs":["https:\/\/www.facebook.com\/algarve7","https:\/\/x.com\/Algarvesete","https:\/\/www.instagram.com\/jornalalgarve7\/","https:\/\/www.linkedin.com\/company\/algarve7","https:\/\/www.pinterest.pt\/geral0939\/_created\/"]},{"@type":"Person","@id":"https:\/\/algarve7.pt\/#\/schema\/person\/23fa70681308e7b319a3204bcea45e0c","name":"Algarve 7","sameAs":["https:\/\/algarve7.pt","https:\/\/www.facebook.com\/algarve7"],"url":"https:\/\/algarve7.pt\/index.php\/author\/geralalgarve7-pt\/"}]}},"jetpack_publicize_connections":[],"jetpack_featured_media_url":"https:\/\/algarve7.pt\/wp-content\/uploads\/2021\/01\/Edificio-BVA-10.jpg","jetpack_shortlink":"https:\/\/wp.me\/pcezmW-1qv","jetpack_sharing_enabled":true,"_links":{"self":[{"href":"https:\/\/algarve7.pt\/index.php\/wp-json\/wp\/v2\/posts\/5487","targetHints":{"allow":["GET"]}}],"collection":[{"href":"https:\/\/algarve7.pt\/index.php\/wp-json\/wp\/v2\/posts"}],"about":[{"href":"https:\/\/algarve7.pt\/index.php\/wp-json\/wp\/v2\/types\/post"}],"author":[{"embeddable":true,"href":"https:\/\/algarve7.pt\/index.php\/wp-json\/wp\/v2\/users\/1"}],"replies":[{"embeddable":true,"href":"https:\/\/algarve7.pt\/index.php\/wp-json\/wp\/v2\/comments?post=5487"}],"version-history":[{"count":0,"href":"https:\/\/algarve7.pt\/index.php\/wp-json\/wp\/v2\/posts\/5487\/revisions"}],"wp:featuredmedia":[{"embeddable":true,"href":"https:\/\/algarve7.pt\/index.php\/wp-json\/wp\/v2\/media\/5488"}],"wp:attachment":[{"href":"https:\/\/algarve7.pt\/index.php\/wp-json\/wp\/v2\/media?parent=5487"}],"wp:term":[{"taxonomy":"category","embeddable":true,"href":"https:\/\/algarve7.pt\/index.php\/wp-json\/wp\/v2\/categories?post=5487"},{"taxonomy":"post_tag","embeddable":true,"href":"https:\/\/algarve7.pt\/index.php\/wp-json\/wp\/v2\/tags?post=5487"}],"curies":[{"name":"wp","href":"https:\/\/api.w.org\/{rel}","templated":true}]}}