{"id":5479,"date":"2021-01-20T15:33:20","date_gmt":"2021-01-20T15:33:20","guid":{"rendered":"https:\/\/algarve7.pt\/?p=5479"},"modified":"2021-01-20T15:33:25","modified_gmt":"2021-01-20T15:33:25","slug":"detido-por-ofensa-a-integridade-fisica-em-tunes","status":"publish","type":"post","link":"https:\/\/algarve7.pt\/index.php\/2021\/01\/detido-por-ofensa-a-integridade-fisica-em-tunes\/atualidade\/15\/33\/","title":{"rendered":"Detido por ofensa \u00e0 integridade f\u00edsica em Tunes"},"content":{"rendered":"\n<p>O Comando Territorial de Faro, atrav\u00e9s do Posto Territorial de Silves, ontem, dia 19 de janeiro, deteve um homem de 40 anos por ofensas \u00e0 integridade f\u00edsica na localidade de Tunes, no concelho de Silves.<\/p>\n\n\n\n<p>No seguimento de uma den\u00fancia de agress\u00f5es na via p\u00fablica, os militares da Guarda deslocaram-se de imediato para o local, verificando que a v\u00edtima, um homem de 27 anos, tinha sido alvo de agress\u00f5es f\u00edsicas por uma mulher e um homem de 30 e 40 anos,&nbsp;respetivamente, e por&nbsp;dois jovens de 14 anos que, com recurso a uma foice e a tr\u00eas barrotes de madeira, provocaram ferimentos e hemorragias na cabe\u00e7a da v\u00edtima. Na sequ\u00eancia das dilig\u00eancias policiais, foi poss\u00edvel identificar e intercetar todos os suspeitos, tendo sido&nbsp;detido o principal agressor e apreendidos os objetos utilizados durante as agress\u00f5es.<\/p>\n\n\n\n<p>A v\u00edtima foi transportada para o Hospital de Portim\u00e3o, para tratamento m\u00e9dico.<\/p>\n\n\n\n<p>O detido est\u00e1 a ser presente hoje, dia 20 de janeiro, ao Tribunal Judicial de Silves, para aplica\u00e7\u00e3o das medidas de coa\u00e7\u00e3o.<\/p>\n","protected":false},"excerpt":{"rendered":"<p>O Comando Territorial de Faro, atrav\u00e9s do Posto Territorial de Silves, ontem, dia 19 de janeiro, deteve um homem de<\/p>\n","protected":false},"author":1,"featured_media":5428,"comment_status":"closed","ping_status":"open","sticky":false,"template":"","format":"standard","meta":{"colormag_page_container_layout":"default_layout","colormag_page_sidebar_layout":"default_layout","_monsterinsights_skip_tracking":false,"_monsterinsights_sitenote_active":false,"_monsterinsights_sitenote_note":"","_monsterinsights_sitenote_category":0,"jetpack_post_was_ever_published":false,"_jetpack_newsletter_access":"","_jetpack_dont_email_post_to_subs":false,"_jetpack_newsletter_tier_id":0,"_jetpack_memberships_contains_paywalled_content":false,"_jetpack_memberships_contains_paid_content":false,"footnotes":"","jetpack_publicize_message":"","jetpack_publicize_feature_enabled":true,"jetpack_social_post_already_shared":true,"jetpack_social_options":{"image_generator_settings":{"template":"highway","default_image_id":0,"font":"","enabled":false},"version":2}},"categories":[11],"tags":[36,62,140],"class_list":["post-5479","post","type-post","status-publish","format-standard","has-post-thumbnail","hentry","category-atualidade","tag-algarve","tag-atualidade","tag-gnr"],"yoast_head":"<!-- This site is optimized with the Yoast SEO plugin v27.5 - https:\/\/yoast.com\/product\/yoast-seo-wordpress\/ -->\n<title>Detido por ofensa \u00e0 integridade f\u00edsica em Tunes - Algarve 7<\/title>\n<meta name=\"description\" content=\"Detido por ofensa \u00e0 integridade f\u00edsica em Tunes Atualidade\" \/>\n<meta name=\"robots\" content=\"index, follow, max-snippet:-1, max-image-preview:large, max-video-preview:-1\" \/>\n<link rel=\"canonical\" href=\"https:\/\/algarve7.pt\/index.php\/2021\/01\/detido-por-ofensa-a-integridade-fisica-em-tunes\/atualidade\/15\/33\/\" \/>\n<meta property=\"og:locale\" content=\"pt_PT\" \/>\n<meta property=\"og:type\" content=\"article\" \/>\n<meta property=\"og:title\" content=\"Detido por ofensa \u00e0 integridade f\u00edsica em Tunes - Algarve 7\" \/>\n<meta property=\"og:description\" content=\"Detido por ofensa \u00e0 integridade f\u00edsica em Tunes Atualidade\" \/>\n<meta property=\"og:url\" content=\"https:\/\/algarve7.pt\/index.php\/2021\/01\/detido-por-ofensa-a-integridade-fisica-em-tunes\/atualidade\/15\/33\/\" \/>\n<meta property=\"og:site_name\" content=\"Algarve 7\" \/>\n<meta property=\"article:publisher\" content=\"https:\/\/www.facebook.com\/algarve7\" \/>\n<meta property=\"article:author\" content=\"https:\/\/www.facebook.com\/algarve7\" \/>\n<meta property=\"article:published_time\" content=\"2021-01-20T15:33:20+00:00\" \/>\n<meta property=\"article:modified_time\" content=\"2021-01-20T15:33:25+00:00\" \/>\n<meta property=\"og:image\" content=\"https:\/\/algarve7.pt\/wp-content\/uploads\/2021\/01\/unnamed.jpg\" \/>\n\t<meta property=\"og:image:width\" content=\"512\" \/>\n\t<meta property=\"og:image:height\" content=\"352\" \/>\n\t<meta property=\"og:image:type\" content=\"image\/jpeg\" \/>\n<meta name=\"author\" content=\"Algarve 7\" \/>\n<meta name=\"twitter:card\" content=\"summary_large_image\" \/>\n<meta name=\"twitter:creator\" content=\"@Algarvesete\" \/>\n<meta name=\"twitter:site\" content=\"@Algarvesete\" \/>\n<meta name=\"twitter:label1\" content=\"Escrito por\" \/>\n\t<meta name=\"twitter:data1\" content=\"Algarve 7\" \/>\n\t<meta name=\"twitter:label2\" content=\"Tempo estimado de leitura\" \/>\n\t<meta name=\"twitter:data2\" content=\"1 minuto\" \/>\n<script type=\"application\/ld+json\" class=\"yoast-schema-graph\">{\"@context\":\"https:\\\/\\\/schema.org\",\"@graph\":[{\"@type\":\"Article\",\"@id\":\"https:\\\/\\\/algarve7.pt\\\/index.php\\\/2021\\\/01\\\/detido-por-ofensa-a-integridade-fisica-em-tunes\\\/atualidade\\\/15\\\/33\\\/#article\",\"isPartOf\":{\"@id\":\"https:\\\/\\\/algarve7.pt\\\/index.php\\\/2021\\\/01\\\/detido-por-ofensa-a-integridade-fisica-em-tunes\\\/atualidade\\\/15\\\/33\\\/\"},\"author\":{\"name\":\"Algarve 7\",\"@id\":\"https:\\\/\\\/algarve7.pt\\\/#\\\/schema\\\/person\\\/23fa70681308e7b319a3204bcea45e0c\"},\"headline\":\"Detido por ofensa \u00e0 integridade f\u00edsica em Tunes\",\"datePublished\":\"2021-01-20T15:33:20+00:00\",\"dateModified\":\"2021-01-20T15:33:25+00:00\",\"mainEntityOfPage\":{\"@id\":\"https:\\\/\\\/algarve7.pt\\\/index.php\\\/2021\\\/01\\\/detido-por-ofensa-a-integridade-fisica-em-tunes\\\/atualidade\\\/15\\\/33\\\/\"},\"wordCount\":193,\"publisher\":{\"@id\":\"https:\\\/\\\/algarve7.pt\\\/#organization\"},\"image\":{\"@id\":\"https:\\\/\\\/algarve7.pt\\\/index.php\\\/2021\\\/01\\\/detido-por-ofensa-a-integridade-fisica-em-tunes\\\/atualidade\\\/15\\\/33\\\/#primaryimage\"},\"thumbnailUrl\":\"https:\\\/\\\/algarve7.pt\\\/wp-content\\\/uploads\\\/2021\\\/01\\\/unnamed.jpg\",\"keywords\":[\"Algarve\",\"Atualidade\",\"GNR\"],\"articleSection\":[\"Atualidade\"],\"inLanguage\":\"pt-PT\"},{\"@type\":\"WebPage\",\"@id\":\"https:\\\/\\\/algarve7.pt\\\/index.php\\\/2021\\\/01\\\/detido-por-ofensa-a-integridade-fisica-em-tunes\\\/atualidade\\\/15\\\/33\\\/\",\"url\":\"https:\\\/\\\/algarve7.pt\\\/index.php\\\/2021\\\/01\\\/detido-por-ofensa-a-integridade-fisica-em-tunes\\\/atualidade\\\/15\\\/33\\\/\",\"name\":\"Detido por ofensa \u00e0 integridade f\u00edsica em Tunes - Algarve 7\",\"isPartOf\":{\"@id\":\"https:\\\/\\\/algarve7.pt\\\/#website\"},\"primaryImageOfPage\":{\"@id\":\"https:\\\/\\\/algarve7.pt\\\/index.php\\\/2021\\\/01\\\/detido-por-ofensa-a-integridade-fisica-em-tunes\\\/atualidade\\\/15\\\/33\\\/#primaryimage\"},\"image\":{\"@id\":\"https:\\\/\\\/algarve7.pt\\\/index.php\\\/2021\\\/01\\\/detido-por-ofensa-a-integridade-fisica-em-tunes\\\/atualidade\\\/15\\\/33\\\/#primaryimage\"},\"thumbnailUrl\":\"https:\\\/\\\/algarve7.pt\\\/wp-content\\\/uploads\\\/2021\\\/01\\\/unnamed.jpg\",\"datePublished\":\"2021-01-20T15:33:20+00:00\",\"dateModified\":\"2021-01-20T15:33:25+00:00\",\"description\":\"Detido por ofensa \u00e0 integridade f\u00edsica em Tunes Atualidade\",\"breadcrumb\":{\"@id\":\"https:\\\/\\\/algarve7.pt\\\/index.php\\\/2021\\\/01\\\/detido-por-ofensa-a-integridade-fisica-em-tunes\\\/atualidade\\\/15\\\/33\\\/#breadcrumb\"},\"inLanguage\":\"pt-PT\",\"potentialAction\":[{\"@type\":\"ReadAction\",\"target\":[\"https:\\\/\\\/algarve7.pt\\\/index.php\\\/2021\\\/01\\\/detido-por-ofensa-a-integridade-fisica-em-tunes\\\/atualidade\\\/15\\\/33\\\/\"]}]},{\"@type\":\"ImageObject\",\"inLanguage\":\"pt-PT\",\"@id\":\"https:\\\/\\\/algarve7.pt\\\/index.php\\\/2021\\\/01\\\/detido-por-ofensa-a-integridade-fisica-em-tunes\\\/atualidade\\\/15\\\/33\\\/#primaryimage\",\"url\":\"https:\\\/\\\/algarve7.pt\\\/wp-content\\\/uploads\\\/2021\\\/01\\\/unnamed.jpg\",\"contentUrl\":\"https:\\\/\\\/algarve7.pt\\\/wp-content\\\/uploads\\\/2021\\\/01\\\/unnamed.jpg\",\"width\":512,\"height\":352},{\"@type\":\"BreadcrumbList\",\"@id\":\"https:\\\/\\\/algarve7.pt\\\/index.php\\\/2021\\\/01\\\/detido-por-ofensa-a-integridade-fisica-em-tunes\\\/atualidade\\\/15\\\/33\\\/#breadcrumb\",\"itemListElement\":[{\"@type\":\"ListItem\",\"position\":1,\"name\":\"In\u00edcio\",\"item\":\"https:\\\/\\\/algarve7.pt\\\/\"},{\"@type\":\"ListItem\",\"position\":2,\"name\":\"Detido por ofensa \u00e0 integridade f\u00edsica em Tunes\"}]},{\"@type\":\"WebSite\",\"@id\":\"https:\\\/\\\/algarve7.pt\\\/#website\",\"url\":\"https:\\\/\\\/algarve7.pt\\\/\",\"name\":\"Algarve 7\",\"description\":\"Informa\u00e7\u00e3o sobre o Algarve\",\"publisher\":{\"@id\":\"https:\\\/\\\/algarve7.pt\\\/#organization\"},\"potentialAction\":[{\"@type\":\"SearchAction\",\"target\":{\"@type\":\"EntryPoint\",\"urlTemplate\":\"https:\\\/\\\/algarve7.pt\\\/?s={search_term_string}\"},\"query-input\":{\"@type\":\"PropertyValueSpecification\",\"valueRequired\":true,\"valueName\":\"search_term_string\"}}],\"inLanguage\":\"pt-PT\"},{\"@type\":\"Organization\",\"@id\":\"https:\\\/\\\/algarve7.pt\\\/#organization\",\"name\":\"Algarve 7\",\"url\":\"https:\\\/\\\/algarve7.pt\\\/\",\"logo\":{\"@type\":\"ImageObject\",\"inLanguage\":\"pt-PT\",\"@id\":\"https:\\\/\\\/algarve7.pt\\\/#\\\/schema\\\/logo\\\/image\\\/\",\"url\":\"https:\\\/\\\/algarve7.pt\\\/wp-content\\\/uploads\\\/2020\\\/10\\\/Logo-8.jpg\",\"contentUrl\":\"https:\\\/\\\/algarve7.pt\\\/wp-content\\\/uploads\\\/2020\\\/10\\\/Logo-8.jpg\",\"width\":1680,\"height\":1186,\"caption\":\"Algarve 7\"},\"image\":{\"@id\":\"https:\\\/\\\/algarve7.pt\\\/#\\\/schema\\\/logo\\\/image\\\/\"},\"sameAs\":[\"https:\\\/\\\/www.facebook.com\\\/algarve7\",\"https:\\\/\\\/x.com\\\/Algarvesete\",\"https:\\\/\\\/www.instagram.com\\\/jornalalgarve7\\\/\",\"https:\\\/\\\/www.linkedin.com\\\/company\\\/algarve7\",\"https:\\\/\\\/www.pinterest.pt\\\/geral0939\\\/_created\\\/\"]},{\"@type\":\"Person\",\"@id\":\"https:\\\/\\\/algarve7.pt\\\/#\\\/schema\\\/person\\\/23fa70681308e7b319a3204bcea45e0c\",\"name\":\"Algarve 7\",\"sameAs\":[\"https:\\\/\\\/algarve7.pt\",\"https:\\\/\\\/www.facebook.com\\\/algarve7\"],\"url\":\"https:\\\/\\\/algarve7.pt\\\/index.php\\\/author\\\/geralalgarve7-pt\\\/\"}]}<\/script>\n<!-- \/ Yoast SEO plugin. -->","yoast_head_json":{"title":"Detido por ofensa \u00e0 integridade f\u00edsica em Tunes - Algarve 7","description":"Detido por ofensa \u00e0 integridade f\u00edsica em Tunes Atualidade","robots":{"index":"index","follow":"follow","max-snippet":"max-snippet:-1","max-image-preview":"max-image-preview:large","max-video-preview":"max-video-preview:-1"},"canonical":"https:\/\/algarve7.pt\/index.php\/2021\/01\/detido-por-ofensa-a-integridade-fisica-em-tunes\/atualidade\/15\/33\/","og_locale":"pt_PT","og_type":"article","og_title":"Detido por ofensa \u00e0 integridade f\u00edsica em Tunes - Algarve 7","og_description":"Detido por ofensa \u00e0 integridade f\u00edsica em Tunes Atualidade","og_url":"https:\/\/algarve7.pt\/index.php\/2021\/01\/detido-por-ofensa-a-integridade-fisica-em-tunes\/atualidade\/15\/33\/","og_site_name":"Algarve 7","article_publisher":"https:\/\/www.facebook.com\/algarve7","article_author":"https:\/\/www.facebook.com\/algarve7","article_published_time":"2021-01-20T15:33:20+00:00","article_modified_time":"2021-01-20T15:33:25+00:00","og_image":[{"width":512,"height":352,"url":"https:\/\/algarve7.pt\/wp-content\/uploads\/2021\/01\/unnamed.jpg","type":"image\/jpeg"}],"author":"Algarve 7","twitter_card":"summary_large_image","twitter_creator":"@Algarvesete","twitter_site":"@Algarvesete","twitter_misc":{"Escrito por":"Algarve 7","Tempo estimado de leitura":"1 minuto"},"schema":{"@context":"https:\/\/schema.org","@graph":[{"@type":"Article","@id":"https:\/\/algarve7.pt\/index.php\/2021\/01\/detido-por-ofensa-a-integridade-fisica-em-tunes\/atualidade\/15\/33\/#article","isPartOf":{"@id":"https:\/\/algarve7.pt\/index.php\/2021\/01\/detido-por-ofensa-a-integridade-fisica-em-tunes\/atualidade\/15\/33\/"},"author":{"name":"Algarve 7","@id":"https:\/\/algarve7.pt\/#\/schema\/person\/23fa70681308e7b319a3204bcea45e0c"},"headline":"Detido por ofensa \u00e0 integridade f\u00edsica em Tunes","datePublished":"2021-01-20T15:33:20+00:00","dateModified":"2021-01-20T15:33:25+00:00","mainEntityOfPage":{"@id":"https:\/\/algarve7.pt\/index.php\/2021\/01\/detido-por-ofensa-a-integridade-fisica-em-tunes\/atualidade\/15\/33\/"},"wordCount":193,"publisher":{"@id":"https:\/\/algarve7.pt\/#organization"},"image":{"@id":"https:\/\/algarve7.pt\/index.php\/2021\/01\/detido-por-ofensa-a-integridade-fisica-em-tunes\/atualidade\/15\/33\/#primaryimage"},"thumbnailUrl":"https:\/\/algarve7.pt\/wp-content\/uploads\/2021\/01\/unnamed.jpg","keywords":["Algarve","Atualidade","GNR"],"articleSection":["Atualidade"],"inLanguage":"pt-PT"},{"@type":"WebPage","@id":"https:\/\/algarve7.pt\/index.php\/2021\/01\/detido-por-ofensa-a-integridade-fisica-em-tunes\/atualidade\/15\/33\/","url":"https:\/\/algarve7.pt\/index.php\/2021\/01\/detido-por-ofensa-a-integridade-fisica-em-tunes\/atualidade\/15\/33\/","name":"Detido por ofensa \u00e0 integridade f\u00edsica em Tunes - Algarve 7","isPartOf":{"@id":"https:\/\/algarve7.pt\/#website"},"primaryImageOfPage":{"@id":"https:\/\/algarve7.pt\/index.php\/2021\/01\/detido-por-ofensa-a-integridade-fisica-em-tunes\/atualidade\/15\/33\/#primaryimage"},"image":{"@id":"https:\/\/algarve7.pt\/index.php\/2021\/01\/detido-por-ofensa-a-integridade-fisica-em-tunes\/atualidade\/15\/33\/#primaryimage"},"thumbnailUrl":"https:\/\/algarve7.pt\/wp-content\/uploads\/2021\/01\/unnamed.jpg","datePublished":"2021-01-20T15:33:20+00:00","dateModified":"2021-01-20T15:33:25+00:00","description":"Detido por ofensa \u00e0 integridade f\u00edsica em Tunes Atualidade","breadcrumb":{"@id":"https:\/\/algarve7.pt\/index.php\/2021\/01\/detido-por-ofensa-a-integridade-fisica-em-tunes\/atualidade\/15\/33\/#breadcrumb"},"inLanguage":"pt-PT","potentialAction":[{"@type":"ReadAction","target":["https:\/\/algarve7.pt\/index.php\/2021\/01\/detido-por-ofensa-a-integridade-fisica-em-tunes\/atualidade\/15\/33\/"]}]},{"@type":"ImageObject","inLanguage":"pt-PT","@id":"https:\/\/algarve7.pt\/index.php\/2021\/01\/detido-por-ofensa-a-integridade-fisica-em-tunes\/atualidade\/15\/33\/#primaryimage","url":"https:\/\/algarve7.pt\/wp-content\/uploads\/2021\/01\/unnamed.jpg","contentUrl":"https:\/\/algarve7.pt\/wp-content\/uploads\/2021\/01\/unnamed.jpg","width":512,"height":352},{"@type":"BreadcrumbList","@id":"https:\/\/algarve7.pt\/index.php\/2021\/01\/detido-por-ofensa-a-integridade-fisica-em-tunes\/atualidade\/15\/33\/#breadcrumb","itemListElement":[{"@type":"ListItem","position":1,"name":"In\u00edcio","item":"https:\/\/algarve7.pt\/"},{"@type":"ListItem","position":2,"name":"Detido por ofensa \u00e0 integridade f\u00edsica em Tunes"}]},{"@type":"WebSite","@id":"https:\/\/algarve7.pt\/#website","url":"https:\/\/algarve7.pt\/","name":"Algarve 7","description":"Informa\u00e7\u00e3o sobre o Algarve","publisher":{"@id":"https:\/\/algarve7.pt\/#organization"},"potentialAction":[{"@type":"SearchAction","target":{"@type":"EntryPoint","urlTemplate":"https:\/\/algarve7.pt\/?s={search_term_string}"},"query-input":{"@type":"PropertyValueSpecification","valueRequired":true,"valueName":"search_term_string"}}],"inLanguage":"pt-PT"},{"@type":"Organization","@id":"https:\/\/algarve7.pt\/#organization","name":"Algarve 7","url":"https:\/\/algarve7.pt\/","logo":{"@type":"ImageObject","inLanguage":"pt-PT","@id":"https:\/\/algarve7.pt\/#\/schema\/logo\/image\/","url":"https:\/\/algarve7.pt\/wp-content\/uploads\/2020\/10\/Logo-8.jpg","contentUrl":"https:\/\/algarve7.pt\/wp-content\/uploads\/2020\/10\/Logo-8.jpg","width":1680,"height":1186,"caption":"Algarve 7"},"image":{"@id":"https:\/\/algarve7.pt\/#\/schema\/logo\/image\/"},"sameAs":["https:\/\/www.facebook.com\/algarve7","https:\/\/x.com\/Algarvesete","https:\/\/www.instagram.com\/jornalalgarve7\/","https:\/\/www.linkedin.com\/company\/algarve7","https:\/\/www.pinterest.pt\/geral0939\/_created\/"]},{"@type":"Person","@id":"https:\/\/algarve7.pt\/#\/schema\/person\/23fa70681308e7b319a3204bcea45e0c","name":"Algarve 7","sameAs":["https:\/\/algarve7.pt","https:\/\/www.facebook.com\/algarve7"],"url":"https:\/\/algarve7.pt\/index.php\/author\/geralalgarve7-pt\/"}]}},"jetpack_publicize_connections":[],"jetpack_featured_media_url":"https:\/\/algarve7.pt\/wp-content\/uploads\/2021\/01\/unnamed.jpg","jetpack_shortlink":"https:\/\/wp.me\/pcezmW-1qn","jetpack_sharing_enabled":true,"_links":{"self":[{"href":"https:\/\/algarve7.pt\/index.php\/wp-json\/wp\/v2\/posts\/5479","targetHints":{"allow":["GET"]}}],"collection":[{"href":"https:\/\/algarve7.pt\/index.php\/wp-json\/wp\/v2\/posts"}],"about":[{"href":"https:\/\/algarve7.pt\/index.php\/wp-json\/wp\/v2\/types\/post"}],"author":[{"embeddable":true,"href":"https:\/\/algarve7.pt\/index.php\/wp-json\/wp\/v2\/users\/1"}],"replies":[{"embeddable":true,"href":"https:\/\/algarve7.pt\/index.php\/wp-json\/wp\/v2\/comments?post=5479"}],"version-history":[{"count":0,"href":"https:\/\/algarve7.pt\/index.php\/wp-json\/wp\/v2\/posts\/5479\/revisions"}],"wp:featuredmedia":[{"embeddable":true,"href":"https:\/\/algarve7.pt\/index.php\/wp-json\/wp\/v2\/media\/5428"}],"wp:attachment":[{"href":"https:\/\/algarve7.pt\/index.php\/wp-json\/wp\/v2\/media?parent=5479"}],"wp:term":[{"taxonomy":"category","embeddable":true,"href":"https:\/\/algarve7.pt\/index.php\/wp-json\/wp\/v2\/categories?post=5479"},{"taxonomy":"post_tag","embeddable":true,"href":"https:\/\/algarve7.pt\/index.php\/wp-json\/wp\/v2\/tags?post=5479"}],"curies":[{"name":"wp","href":"https:\/\/api.w.org\/{rel}","templated":true}]}}