{"id":5474,"date":"2021-01-20T10:51:19","date_gmt":"2021-01-20T10:51:19","guid":{"rendered":"https:\/\/algarve7.pt\/?p=5474"},"modified":"2021-01-20T10:51:23","modified_gmt":"2021-01-20T10:51:23","slug":"o-governo-alargou-as-valencias-atribuidas-as-estruturas-de-apoio-de-retaguarda","status":"publish","type":"post","link":"https:\/\/algarve7.pt\/index.php\/2021\/01\/o-governo-alargou-as-valencias-atribuidas-as-estruturas-de-apoio-de-retaguarda\/saude\/10\/51\/","title":{"rendered":"O Governo alargou as val\u00eancias atribu\u00eddas \u00e0s Estruturas de Apoio de Retaguarda"},"content":{"rendered":"\n<p>O Governo alargou as val\u00eancias atribu\u00eddas \u00e0s Estruturas de Apoio de Retaguarda (EAR), refor\u00e7ando a capacidade de resposta no combate \u00e0 pandemia Covid-19.<\/p>\n\n\n\n<p>Esta rede nacional de estruturas de apoio de retaguarda (EAR), supletiva \u00e0 rede j\u00e1 constitu\u00edda pelos munic\u00edpios, conta j\u00e1 com 20 EAR operacionais.<\/p>\n\n\n\n<p>As 20 EAR j\u00e1 operacionais t\u00eam uma capacidade m\u00e1xima instalada para 2.069 utentes.&nbsp;<\/p>\n\n\n\n<p>Destas 20 Estruturas operacionais, 11 t\u00eam atualmente utentes instalados, num total de 144 utentes.<\/p>\n\n\n\n<p><br>As 20 EAR j\u00e1 operacionais s\u00e3o as seguintes:<\/p>\n\n\n\n<p>&#8211; 1 EAR no distrito de Aveiro: Vila Maior \u2013 Santa Maria da Feira;<\/p>\n\n\n\n<p>&#8211; 1 EAR no distrito de Beja: Centro de Acolhimento das FFAA \u2013 Base A\u00e9rea n.\u00ba 11;<\/p>\n\n\n\n<p>&#8211; 1 EAR no distrito de Braga: Hotel Jo\u00e3o Paulo II;<\/p>\n\n\n\n<p>&#8211; 1 EAR no distrito de Bragan\u00e7a: Pousada de Juventude de Bragan\u00e7a;<\/p>\n\n\n\n<p>&#8211; 1 EAR no distrito de Castelo Branco: Pousada da Juventude de Castelo Branco;<\/p>\n\n\n\n<p>&#8211; 1 EAR no distrito de \u00c9vora: Resid\u00eancia Universit\u00e1ria;<\/p>\n\n\n\n<p>&#8211; <strong>1 EAR no distrito de Faro: Unidade Hoteleira em Alvor<\/strong>;<\/p>\n\n\n\n<p>&#8211; 1 EAR no distrito da Guarda: Centro Apost\u00f3lico da Guarda;<\/p>\n\n\n\n<p>&#8211; 1 EAR no distrito de Leiria: Semin\u00e1rio Diocesano de Leiria;<\/p>\n\n\n\n<p>&#8211; 1 EAR no distrito de Portalegre: Centro de Neg\u00f3cios Transfronteiri\u00e7os \u2013 Elvas;<\/p>\n\n\n\n<p>&#8211; 4 EAR no distrito do Porto: Antigo Hospital de Pa\u00e7os de Ferreira; Mosteiro de Sta. Escol\u00e1stica &#8211; Santo Tirso; Pousada da Juventude \u2013 Porto; Semin\u00e1rio do Bom Pastor \u2013 Valongo;<\/p>\n\n\n\n<p>&#8211; 1 EAR no distrito de Santar\u00e9m: Centro Francisco e Jacinta Marto \u2013 F\u00e1tima;<\/p>\n\n\n\n<p>&#8211; 1 EAR no distrito de Set\u00fabal: Base Naval do Alfeite (que funciona como EAR para a \u00c1rea Metropolitana de Lisboa, servindo tamb\u00e9m o distrito de Lisboa) &#8211; Almada;<\/p>\n\n\n\n<p>&#8211; 1 EAR no distrito de Viana do Castelo: Centro Cultural de Viana do Castelo;<\/p>\n\n\n\n<p>&#8211; 1 EAR no distrito de Vila Real: Pousada da Juventude \u2013 Alij\u00f3;<\/p>\n\n\n\n<p>&#8211; 2 EAR no distrito de Viseu: Pavilh\u00e3o do Fontelo \u2013 Viseu; Pousada da Juventude \u2013 S\u00e3o Pedro do Sul.<\/p>\n\n\n\n<p>Para al\u00e9m destas 20 Estruturas operacionais, existem outras 8 Estruturas em fase de instala\u00e7\u00e3o, completando assim a rede nos 18 distritos de Portugal continental.<br><br>No total, a rede contar\u00e1 com uma capacidade m\u00e1xima que ultrapassa as 2.300 camas.<\/p>\n\n\n\n<p>Atrav\u00e9s do\u00a0<a href=\"https:\/\/dre.pt\/web\/guest\/home\/-\/dre\/154667621\/details\/maximized?serie=II&amp;parte_filter=31&amp;dreId=154667619\" target=\"_blank\" rel=\"noreferrer noopener\">despacho<\/a>\u00a0publicado hoje em Di\u00e1rio da Rep\u00fablica, assinado pelo Ministro da Administra\u00e7\u00e3o Interna, pela Ministra do Trabalho, Solidariedade e Seguran\u00e7a Social e pela Ministra da Sa\u00fade, as EAR passam a poder ser utilizadas tamb\u00e9m, excecionalmente, por pessoas internadas em unidades hospitalares devido a condi\u00e7\u00f5es cl\u00ednicas n\u00e3o relacionadas com o SARS-CoV-2, com alta cl\u00ednica, mas sem necessidade de internamento em unidade hospitalar ou em outra unidade de sa\u00fade.<\/p>\n\n\n\n<p>Esta altera\u00e7\u00e3o refor\u00e7a o j\u00e1 definido no Despacho n.\u00ba 10942-A\/2020, de 6 de novembro de 2020, que determinou a cria\u00e7\u00e3o de uma rede nacional de Estruturas de Apoio de Retaguarda (EAR). At\u00e9 agora, as EAR estavam destinadas, exclusivamente, ao acolhimento de pessoas infetadas com SARS-CoV-2 e utentes de estruturas residenciais para pessoas idosas (ERPI), infetados com SARS-CoV-2, que care\u00e7am de apoio espec\u00edfico, sem necessidade de internamento hospitalar.<\/p>\n\n\n\n<p>O novo despacho determina ainda que a Autoridade Nacional de Emerg\u00eancia e Prote\u00e7\u00e3o Civil (ANEPC) suporta, sempre que necess\u00e1rio, as despesas relativas a alimenta\u00e7\u00e3o, eletricidade, aquecimento, g\u00e1s, \u00e1gua, telecomunica\u00e7\u00f5es, lavandaria, limpeza e higieniza\u00e7\u00e3o das instala\u00e7\u00f5es das EAR.<\/p>\n\n\n\n<p>Nesse \u00e2mbito, a ANEPC pode agora, de acordo com as necessidades definidas pela respetiva coordena\u00e7\u00e3o t\u00e9cnica, celebrar protocolos de colabora\u00e7\u00e3o com as entidades detentoras das infraestruturas onde sejam instaladas as EAR, os quais podem prever o fornecimento, por parte de entidades terceiras, desses servi\u00e7os.<\/p>\n","protected":false},"excerpt":{"rendered":"<p>O Governo alargou as val\u00eancias atribu\u00eddas \u00e0s Estruturas de Apoio de Retaguarda (EAR), refor\u00e7ando a capacidade de resposta no combate<\/p>\n","protected":false},"author":1,"featured_media":3483,"comment_status":"closed","ping_status":"open","sticky":false,"template":"","format":"standard","meta":{"colormag_page_container_layout":"default_layout","colormag_page_sidebar_layout":"default_layout","_monsterinsights_skip_tracking":false,"_monsterinsights_sitenote_active":false,"_monsterinsights_sitenote_note":"","_monsterinsights_sitenote_category":0,"jetpack_post_was_ever_published":false,"_jetpack_newsletter_access":"","_jetpack_dont_email_post_to_subs":false,"_jetpack_newsletter_tier_id":0,"_jetpack_memberships_contains_paywalled_content":false,"_jetpack_memberships_contains_paid_content":false,"footnotes":"","jetpack_publicize_message":"","jetpack_publicize_feature_enabled":true,"jetpack_social_post_already_shared":true,"jetpack_social_options":{"image_generator_settings":{"template":"highway","default_image_id":0,"font":"","enabled":false},"version":2}},"categories":[59],"tags":[98,58],"class_list":["post-5474","post","type-post","status-publish","format-standard","has-post-thumbnail","hentry","category-saude","tag-nacional","tag-saude"],"yoast_head":"<!-- This site is optimized with the Yoast SEO plugin v27.5 - https:\/\/yoast.com\/product\/yoast-seo-wordpress\/ -->\n<title>O Governo alargou as val\u00eancias atribu\u00eddas \u00e0s Estruturas de Apoio de Retaguarda - Algarve 7<\/title>\n<meta name=\"description\" content=\"O Governo alargou as val\u00eancias atribu\u00eddas \u00e0s Estruturas de Apoio de Retaguarda Sa\u00fade\" \/>\n<meta name=\"robots\" content=\"index, follow, max-snippet:-1, max-image-preview:large, max-video-preview:-1\" \/>\n<link rel=\"canonical\" href=\"https:\/\/algarve7.pt\/index.php\/2021\/01\/o-governo-alargou-as-valencias-atribuidas-as-estruturas-de-apoio-de-retaguarda\/saude\/10\/51\/\" \/>\n<meta property=\"og:locale\" content=\"pt_PT\" \/>\n<meta property=\"og:type\" content=\"article\" \/>\n<meta property=\"og:title\" content=\"O Governo alargou as val\u00eancias atribu\u00eddas \u00e0s Estruturas de Apoio de Retaguarda - Algarve 7\" \/>\n<meta property=\"og:description\" content=\"O Governo alargou as val\u00eancias atribu\u00eddas \u00e0s Estruturas de Apoio de Retaguarda Sa\u00fade\" \/>\n<meta property=\"og:url\" content=\"https:\/\/algarve7.pt\/index.php\/2021\/01\/o-governo-alargou-as-valencias-atribuidas-as-estruturas-de-apoio-de-retaguarda\/saude\/10\/51\/\" \/>\n<meta property=\"og:site_name\" content=\"Algarve 7\" \/>\n<meta property=\"article:publisher\" content=\"https:\/\/www.facebook.com\/algarve7\" \/>\n<meta property=\"article:author\" content=\"https:\/\/www.facebook.com\/algarve7\" \/>\n<meta property=\"article:published_time\" content=\"2021-01-20T10:51:19+00:00\" \/>\n<meta property=\"article:modified_time\" content=\"2021-01-20T10:51:23+00:00\" \/>\n<meta property=\"og:image\" content=\"https:\/\/algarve7.pt\/wp-content\/uploads\/2020\/11\/safe_image.php_.jpeg\" \/>\n\t<meta property=\"og:image:width\" content=\"1000\" \/>\n\t<meta property=\"og:image:height\" content=\"521\" \/>\n\t<meta property=\"og:image:type\" content=\"image\/jpeg\" \/>\n<meta name=\"author\" content=\"Algarve 7\" \/>\n<meta name=\"twitter:card\" content=\"summary_large_image\" \/>\n<meta name=\"twitter:creator\" content=\"@Algarvesete\" \/>\n<meta name=\"twitter:site\" content=\"@Algarvesete\" \/>\n<meta name=\"twitter:label1\" content=\"Escrito por\" \/>\n\t<meta name=\"twitter:data1\" content=\"Algarve 7\" \/>\n\t<meta name=\"twitter:label2\" content=\"Tempo estimado de leitura\" \/>\n\t<meta name=\"twitter:data2\" content=\"3 minutos\" \/>\n<script type=\"application\/ld+json\" class=\"yoast-schema-graph\">{\"@context\":\"https:\\\/\\\/schema.org\",\"@graph\":[{\"@type\":\"Article\",\"@id\":\"https:\\\/\\\/algarve7.pt\\\/index.php\\\/2021\\\/01\\\/o-governo-alargou-as-valencias-atribuidas-as-estruturas-de-apoio-de-retaguarda\\\/saude\\\/10\\\/51\\\/#article\",\"isPartOf\":{\"@id\":\"https:\\\/\\\/algarve7.pt\\\/index.php\\\/2021\\\/01\\\/o-governo-alargou-as-valencias-atribuidas-as-estruturas-de-apoio-de-retaguarda\\\/saude\\\/10\\\/51\\\/\"},\"author\":{\"name\":\"Algarve 7\",\"@id\":\"https:\\\/\\\/algarve7.pt\\\/#\\\/schema\\\/person\\\/23fa70681308e7b319a3204bcea45e0c\"},\"headline\":\"O Governo alargou as val\u00eancias atribu\u00eddas \u00e0s Estruturas de Apoio de Retaguarda\",\"datePublished\":\"2021-01-20T10:51:19+00:00\",\"dateModified\":\"2021-01-20T10:51:23+00:00\",\"mainEntityOfPage\":{\"@id\":\"https:\\\/\\\/algarve7.pt\\\/index.php\\\/2021\\\/01\\\/o-governo-alargou-as-valencias-atribuidas-as-estruturas-de-apoio-de-retaguarda\\\/saude\\\/10\\\/51\\\/\"},\"wordCount\":615,\"publisher\":{\"@id\":\"https:\\\/\\\/algarve7.pt\\\/#organization\"},\"image\":{\"@id\":\"https:\\\/\\\/algarve7.pt\\\/index.php\\\/2021\\\/01\\\/o-governo-alargou-as-valencias-atribuidas-as-estruturas-de-apoio-de-retaguarda\\\/saude\\\/10\\\/51\\\/#primaryimage\"},\"thumbnailUrl\":\"https:\\\/\\\/algarve7.pt\\\/wp-content\\\/uploads\\\/2020\\\/11\\\/safe_image.php_.jpeg\",\"keywords\":[\"Nacional\",\"Sa\u00fade\"],\"articleSection\":[\"Sa\u00fade\"],\"inLanguage\":\"pt-PT\"},{\"@type\":\"WebPage\",\"@id\":\"https:\\\/\\\/algarve7.pt\\\/index.php\\\/2021\\\/01\\\/o-governo-alargou-as-valencias-atribuidas-as-estruturas-de-apoio-de-retaguarda\\\/saude\\\/10\\\/51\\\/\",\"url\":\"https:\\\/\\\/algarve7.pt\\\/index.php\\\/2021\\\/01\\\/o-governo-alargou-as-valencias-atribuidas-as-estruturas-de-apoio-de-retaguarda\\\/saude\\\/10\\\/51\\\/\",\"name\":\"O Governo alargou as val\u00eancias atribu\u00eddas \u00e0s Estruturas de Apoio de Retaguarda - Algarve 7\",\"isPartOf\":{\"@id\":\"https:\\\/\\\/algarve7.pt\\\/#website\"},\"primaryImageOfPage\":{\"@id\":\"https:\\\/\\\/algarve7.pt\\\/index.php\\\/2021\\\/01\\\/o-governo-alargou-as-valencias-atribuidas-as-estruturas-de-apoio-de-retaguarda\\\/saude\\\/10\\\/51\\\/#primaryimage\"},\"image\":{\"@id\":\"https:\\\/\\\/algarve7.pt\\\/index.php\\\/2021\\\/01\\\/o-governo-alargou-as-valencias-atribuidas-as-estruturas-de-apoio-de-retaguarda\\\/saude\\\/10\\\/51\\\/#primaryimage\"},\"thumbnailUrl\":\"https:\\\/\\\/algarve7.pt\\\/wp-content\\\/uploads\\\/2020\\\/11\\\/safe_image.php_.jpeg\",\"datePublished\":\"2021-01-20T10:51:19+00:00\",\"dateModified\":\"2021-01-20T10:51:23+00:00\",\"description\":\"O Governo alargou as val\u00eancias atribu\u00eddas \u00e0s Estruturas de Apoio de Retaguarda Sa\u00fade\",\"breadcrumb\":{\"@id\":\"https:\\\/\\\/algarve7.pt\\\/index.php\\\/2021\\\/01\\\/o-governo-alargou-as-valencias-atribuidas-as-estruturas-de-apoio-de-retaguarda\\\/saude\\\/10\\\/51\\\/#breadcrumb\"},\"inLanguage\":\"pt-PT\",\"potentialAction\":[{\"@type\":\"ReadAction\",\"target\":[\"https:\\\/\\\/algarve7.pt\\\/index.php\\\/2021\\\/01\\\/o-governo-alargou-as-valencias-atribuidas-as-estruturas-de-apoio-de-retaguarda\\\/saude\\\/10\\\/51\\\/\"]}]},{\"@type\":\"ImageObject\",\"inLanguage\":\"pt-PT\",\"@id\":\"https:\\\/\\\/algarve7.pt\\\/index.php\\\/2021\\\/01\\\/o-governo-alargou-as-valencias-atribuidas-as-estruturas-de-apoio-de-retaguarda\\\/saude\\\/10\\\/51\\\/#primaryimage\",\"url\":\"https:\\\/\\\/algarve7.pt\\\/wp-content\\\/uploads\\\/2020\\\/11\\\/safe_image.php_.jpeg\",\"contentUrl\":\"https:\\\/\\\/algarve7.pt\\\/wp-content\\\/uploads\\\/2020\\\/11\\\/safe_image.php_.jpeg\",\"width\":1000,\"height\":521},{\"@type\":\"BreadcrumbList\",\"@id\":\"https:\\\/\\\/algarve7.pt\\\/index.php\\\/2021\\\/01\\\/o-governo-alargou-as-valencias-atribuidas-as-estruturas-de-apoio-de-retaguarda\\\/saude\\\/10\\\/51\\\/#breadcrumb\",\"itemListElement\":[{\"@type\":\"ListItem\",\"position\":1,\"name\":\"In\u00edcio\",\"item\":\"https:\\\/\\\/algarve7.pt\\\/\"},{\"@type\":\"ListItem\",\"position\":2,\"name\":\"O Governo alargou as val\u00eancias atribu\u00eddas \u00e0s Estruturas de Apoio de Retaguarda\"}]},{\"@type\":\"WebSite\",\"@id\":\"https:\\\/\\\/algarve7.pt\\\/#website\",\"url\":\"https:\\\/\\\/algarve7.pt\\\/\",\"name\":\"Algarve 7\",\"description\":\"Informa\u00e7\u00e3o sobre o Algarve\",\"publisher\":{\"@id\":\"https:\\\/\\\/algarve7.pt\\\/#organization\"},\"potentialAction\":[{\"@type\":\"SearchAction\",\"target\":{\"@type\":\"EntryPoint\",\"urlTemplate\":\"https:\\\/\\\/algarve7.pt\\\/?s={search_term_string}\"},\"query-input\":{\"@type\":\"PropertyValueSpecification\",\"valueRequired\":true,\"valueName\":\"search_term_string\"}}],\"inLanguage\":\"pt-PT\"},{\"@type\":\"Organization\",\"@id\":\"https:\\\/\\\/algarve7.pt\\\/#organization\",\"name\":\"Algarve 7\",\"url\":\"https:\\\/\\\/algarve7.pt\\\/\",\"logo\":{\"@type\":\"ImageObject\",\"inLanguage\":\"pt-PT\",\"@id\":\"https:\\\/\\\/algarve7.pt\\\/#\\\/schema\\\/logo\\\/image\\\/\",\"url\":\"https:\\\/\\\/algarve7.pt\\\/wp-content\\\/uploads\\\/2020\\\/10\\\/Logo-8.jpg\",\"contentUrl\":\"https:\\\/\\\/algarve7.pt\\\/wp-content\\\/uploads\\\/2020\\\/10\\\/Logo-8.jpg\",\"width\":1680,\"height\":1186,\"caption\":\"Algarve 7\"},\"image\":{\"@id\":\"https:\\\/\\\/algarve7.pt\\\/#\\\/schema\\\/logo\\\/image\\\/\"},\"sameAs\":[\"https:\\\/\\\/www.facebook.com\\\/algarve7\",\"https:\\\/\\\/x.com\\\/Algarvesete\",\"https:\\\/\\\/www.instagram.com\\\/jornalalgarve7\\\/\",\"https:\\\/\\\/www.linkedin.com\\\/company\\\/algarve7\",\"https:\\\/\\\/www.pinterest.pt\\\/geral0939\\\/_created\\\/\"]},{\"@type\":\"Person\",\"@id\":\"https:\\\/\\\/algarve7.pt\\\/#\\\/schema\\\/person\\\/23fa70681308e7b319a3204bcea45e0c\",\"name\":\"Algarve 7\",\"sameAs\":[\"https:\\\/\\\/algarve7.pt\",\"https:\\\/\\\/www.facebook.com\\\/algarve7\"],\"url\":\"https:\\\/\\\/algarve7.pt\\\/index.php\\\/author\\\/geralalgarve7-pt\\\/\"}]}<\/script>\n<!-- \/ Yoast SEO plugin. -->","yoast_head_json":{"title":"O Governo alargou as val\u00eancias atribu\u00eddas \u00e0s Estruturas de Apoio de Retaguarda - Algarve 7","description":"O Governo alargou as val\u00eancias atribu\u00eddas \u00e0s Estruturas de Apoio de Retaguarda Sa\u00fade","robots":{"index":"index","follow":"follow","max-snippet":"max-snippet:-1","max-image-preview":"max-image-preview:large","max-video-preview":"max-video-preview:-1"},"canonical":"https:\/\/algarve7.pt\/index.php\/2021\/01\/o-governo-alargou-as-valencias-atribuidas-as-estruturas-de-apoio-de-retaguarda\/saude\/10\/51\/","og_locale":"pt_PT","og_type":"article","og_title":"O Governo alargou as val\u00eancias atribu\u00eddas \u00e0s Estruturas de Apoio de Retaguarda - Algarve 7","og_description":"O Governo alargou as val\u00eancias atribu\u00eddas \u00e0s Estruturas de Apoio de Retaguarda Sa\u00fade","og_url":"https:\/\/algarve7.pt\/index.php\/2021\/01\/o-governo-alargou-as-valencias-atribuidas-as-estruturas-de-apoio-de-retaguarda\/saude\/10\/51\/","og_site_name":"Algarve 7","article_publisher":"https:\/\/www.facebook.com\/algarve7","article_author":"https:\/\/www.facebook.com\/algarve7","article_published_time":"2021-01-20T10:51:19+00:00","article_modified_time":"2021-01-20T10:51:23+00:00","og_image":[{"width":1000,"height":521,"url":"https:\/\/algarve7.pt\/wp-content\/uploads\/2020\/11\/safe_image.php_.jpeg","type":"image\/jpeg"}],"author":"Algarve 7","twitter_card":"summary_large_image","twitter_creator":"@Algarvesete","twitter_site":"@Algarvesete","twitter_misc":{"Escrito por":"Algarve 7","Tempo estimado de leitura":"3 minutos"},"schema":{"@context":"https:\/\/schema.org","@graph":[{"@type":"Article","@id":"https:\/\/algarve7.pt\/index.php\/2021\/01\/o-governo-alargou-as-valencias-atribuidas-as-estruturas-de-apoio-de-retaguarda\/saude\/10\/51\/#article","isPartOf":{"@id":"https:\/\/algarve7.pt\/index.php\/2021\/01\/o-governo-alargou-as-valencias-atribuidas-as-estruturas-de-apoio-de-retaguarda\/saude\/10\/51\/"},"author":{"name":"Algarve 7","@id":"https:\/\/algarve7.pt\/#\/schema\/person\/23fa70681308e7b319a3204bcea45e0c"},"headline":"O Governo alargou as val\u00eancias atribu\u00eddas \u00e0s Estruturas de Apoio de Retaguarda","datePublished":"2021-01-20T10:51:19+00:00","dateModified":"2021-01-20T10:51:23+00:00","mainEntityOfPage":{"@id":"https:\/\/algarve7.pt\/index.php\/2021\/01\/o-governo-alargou-as-valencias-atribuidas-as-estruturas-de-apoio-de-retaguarda\/saude\/10\/51\/"},"wordCount":615,"publisher":{"@id":"https:\/\/algarve7.pt\/#organization"},"image":{"@id":"https:\/\/algarve7.pt\/index.php\/2021\/01\/o-governo-alargou-as-valencias-atribuidas-as-estruturas-de-apoio-de-retaguarda\/saude\/10\/51\/#primaryimage"},"thumbnailUrl":"https:\/\/algarve7.pt\/wp-content\/uploads\/2020\/11\/safe_image.php_.jpeg","keywords":["Nacional","Sa\u00fade"],"articleSection":["Sa\u00fade"],"inLanguage":"pt-PT"},{"@type":"WebPage","@id":"https:\/\/algarve7.pt\/index.php\/2021\/01\/o-governo-alargou-as-valencias-atribuidas-as-estruturas-de-apoio-de-retaguarda\/saude\/10\/51\/","url":"https:\/\/algarve7.pt\/index.php\/2021\/01\/o-governo-alargou-as-valencias-atribuidas-as-estruturas-de-apoio-de-retaguarda\/saude\/10\/51\/","name":"O Governo alargou as val\u00eancias atribu\u00eddas \u00e0s Estruturas de Apoio de Retaguarda - Algarve 7","isPartOf":{"@id":"https:\/\/algarve7.pt\/#website"},"primaryImageOfPage":{"@id":"https:\/\/algarve7.pt\/index.php\/2021\/01\/o-governo-alargou-as-valencias-atribuidas-as-estruturas-de-apoio-de-retaguarda\/saude\/10\/51\/#primaryimage"},"image":{"@id":"https:\/\/algarve7.pt\/index.php\/2021\/01\/o-governo-alargou-as-valencias-atribuidas-as-estruturas-de-apoio-de-retaguarda\/saude\/10\/51\/#primaryimage"},"thumbnailUrl":"https:\/\/algarve7.pt\/wp-content\/uploads\/2020\/11\/safe_image.php_.jpeg","datePublished":"2021-01-20T10:51:19+00:00","dateModified":"2021-01-20T10:51:23+00:00","description":"O Governo alargou as val\u00eancias atribu\u00eddas \u00e0s Estruturas de Apoio de Retaguarda Sa\u00fade","breadcrumb":{"@id":"https:\/\/algarve7.pt\/index.php\/2021\/01\/o-governo-alargou-as-valencias-atribuidas-as-estruturas-de-apoio-de-retaguarda\/saude\/10\/51\/#breadcrumb"},"inLanguage":"pt-PT","potentialAction":[{"@type":"ReadAction","target":["https:\/\/algarve7.pt\/index.php\/2021\/01\/o-governo-alargou-as-valencias-atribuidas-as-estruturas-de-apoio-de-retaguarda\/saude\/10\/51\/"]}]},{"@type":"ImageObject","inLanguage":"pt-PT","@id":"https:\/\/algarve7.pt\/index.php\/2021\/01\/o-governo-alargou-as-valencias-atribuidas-as-estruturas-de-apoio-de-retaguarda\/saude\/10\/51\/#primaryimage","url":"https:\/\/algarve7.pt\/wp-content\/uploads\/2020\/11\/safe_image.php_.jpeg","contentUrl":"https:\/\/algarve7.pt\/wp-content\/uploads\/2020\/11\/safe_image.php_.jpeg","width":1000,"height":521},{"@type":"BreadcrumbList","@id":"https:\/\/algarve7.pt\/index.php\/2021\/01\/o-governo-alargou-as-valencias-atribuidas-as-estruturas-de-apoio-de-retaguarda\/saude\/10\/51\/#breadcrumb","itemListElement":[{"@type":"ListItem","position":1,"name":"In\u00edcio","item":"https:\/\/algarve7.pt\/"},{"@type":"ListItem","position":2,"name":"O Governo alargou as val\u00eancias atribu\u00eddas \u00e0s Estruturas de Apoio de Retaguarda"}]},{"@type":"WebSite","@id":"https:\/\/algarve7.pt\/#website","url":"https:\/\/algarve7.pt\/","name":"Algarve 7","description":"Informa\u00e7\u00e3o sobre o Algarve","publisher":{"@id":"https:\/\/algarve7.pt\/#organization"},"potentialAction":[{"@type":"SearchAction","target":{"@type":"EntryPoint","urlTemplate":"https:\/\/algarve7.pt\/?s={search_term_string}"},"query-input":{"@type":"PropertyValueSpecification","valueRequired":true,"valueName":"search_term_string"}}],"inLanguage":"pt-PT"},{"@type":"Organization","@id":"https:\/\/algarve7.pt\/#organization","name":"Algarve 7","url":"https:\/\/algarve7.pt\/","logo":{"@type":"ImageObject","inLanguage":"pt-PT","@id":"https:\/\/algarve7.pt\/#\/schema\/logo\/image\/","url":"https:\/\/algarve7.pt\/wp-content\/uploads\/2020\/10\/Logo-8.jpg","contentUrl":"https:\/\/algarve7.pt\/wp-content\/uploads\/2020\/10\/Logo-8.jpg","width":1680,"height":1186,"caption":"Algarve 7"},"image":{"@id":"https:\/\/algarve7.pt\/#\/schema\/logo\/image\/"},"sameAs":["https:\/\/www.facebook.com\/algarve7","https:\/\/x.com\/Algarvesete","https:\/\/www.instagram.com\/jornalalgarve7\/","https:\/\/www.linkedin.com\/company\/algarve7","https:\/\/www.pinterest.pt\/geral0939\/_created\/"]},{"@type":"Person","@id":"https:\/\/algarve7.pt\/#\/schema\/person\/23fa70681308e7b319a3204bcea45e0c","name":"Algarve 7","sameAs":["https:\/\/algarve7.pt","https:\/\/www.facebook.com\/algarve7"],"url":"https:\/\/algarve7.pt\/index.php\/author\/geralalgarve7-pt\/"}]}},"jetpack_publicize_connections":[],"jetpack_featured_media_url":"https:\/\/algarve7.pt\/wp-content\/uploads\/2020\/11\/safe_image.php_.jpeg","jetpack_shortlink":"https:\/\/wp.me\/pcezmW-1qi","jetpack_sharing_enabled":true,"_links":{"self":[{"href":"https:\/\/algarve7.pt\/index.php\/wp-json\/wp\/v2\/posts\/5474","targetHints":{"allow":["GET"]}}],"collection":[{"href":"https:\/\/algarve7.pt\/index.php\/wp-json\/wp\/v2\/posts"}],"about":[{"href":"https:\/\/algarve7.pt\/index.php\/wp-json\/wp\/v2\/types\/post"}],"author":[{"embeddable":true,"href":"https:\/\/algarve7.pt\/index.php\/wp-json\/wp\/v2\/users\/1"}],"replies":[{"embeddable":true,"href":"https:\/\/algarve7.pt\/index.php\/wp-json\/wp\/v2\/comments?post=5474"}],"version-history":[{"count":0,"href":"https:\/\/algarve7.pt\/index.php\/wp-json\/wp\/v2\/posts\/5474\/revisions"}],"wp:featuredmedia":[{"embeddable":true,"href":"https:\/\/algarve7.pt\/index.php\/wp-json\/wp\/v2\/media\/3483"}],"wp:attachment":[{"href":"https:\/\/algarve7.pt\/index.php\/wp-json\/wp\/v2\/media?parent=5474"}],"wp:term":[{"taxonomy":"category","embeddable":true,"href":"https:\/\/algarve7.pt\/index.php\/wp-json\/wp\/v2\/categories?post=5474"},{"taxonomy":"post_tag","embeddable":true,"href":"https:\/\/algarve7.pt\/index.php\/wp-json\/wp\/v2\/tags?post=5474"}],"curies":[{"name":"wp","href":"https:\/\/api.w.org\/{rel}","templated":true}]}}