{"id":5463,"date":"2021-01-19T16:05:19","date_gmt":"2021-01-19T16:05:19","guid":{"rendered":"https:\/\/algarve7.pt\/?p=5463"},"modified":"2021-01-19T16:05:24","modified_gmt":"2021-01-19T16:05:24","slug":"municipio-de-faro-abre-candidaturas-para-apoio-ao-associativismo","status":"publish","type":"post","link":"https:\/\/algarve7.pt\/index.php\/2021\/01\/municipio-de-faro-abre-candidaturas-para-apoio-ao-associativismo\/economia\/16\/05\/","title":{"rendered":"Munic\u00edpio de Faro abre candidaturas para apoio ao associativismo"},"content":{"rendered":"\n<p>Per\u00edodo de candidaturas decorre at\u00e9 \u00faltimo dia \u00fatil do m\u00eas de fevereiro\u00a0<\/p>\n\n\n\n<p>O Munic\u00edpio de Faro informa que est\u00e3o abertas as candidaturas para apoio ao associativismo do concelho at\u00e9 ao pr\u00f3ximo dia 26 de fevereiro.&nbsp;<\/p>\n\n\n\n<p>Com a abertura das candidaturas para associa\u00e7\u00f5es (das \u00e1reas social, cultural, desportiva, de juventude e de defesa da causa animal), o Munic\u00edpio de Faro prossegue o seu trabalho com vista \u00e0 melhoria das condi\u00e7\u00f5es de vida das popula\u00e7\u00f5es, nomeadamente atrav\u00e9s do apoio \u00e0 a\u00e7\u00e3o desenvolvida pelo movimento associativo, que se debate nesta altura com grandes dificuldades devido \u00e0 impossibilidade de realiza\u00e7\u00e3o de parte das atividades que garantem a sua sustentabilidade financeira devido \u00e0s restri\u00e7\u00f5es impostas pela pandemia.&nbsp;&nbsp;<\/p>\n\n\n\n<p>Podem candidatar-se, nas respetivas \u00e1reas, todas as associa\u00e7\u00f5es sem fins lucrativos que se encontrem nas condi\u00e7\u00f5es previstas no artigo 3.\u00ba do Regulamento de Apoio ao Associativismo do Concelho de Faro. As candidaturas devem ser instru\u00eddas em formul\u00e1rios pr\u00f3prios (tamb\u00e9m dispon\u00edveis, tal como o regulamento, no s\u00edtio online do Munic\u00edpio de Faro) e acompanhadas dos documentos requeridos, consoantes as medidas de que se pretenda beneficiar.<\/p>\n\n\n\n<p>No \u00e2mbito do apoio ao associativismo cultural, est\u00e3o abertas candidaturas para as seguintes medidas: apoio \u00e0 atividade regular; apoio \u00e0 moderniza\u00e7\u00e3o e beneficia\u00e7\u00e3o de instala\u00e7\u00f5es; apoio ao arrendamento de instala\u00e7\u00f5es e apoio \u00e0 moderniza\u00e7\u00e3o e autonomia associativa. De fora das candidaturas abertas face ao regulamento de apoio ao associativismo do concelho ficam os apoios \u00e0 concretiza\u00e7\u00e3o de projetos culturais, por se verificar que a medida de apoio \u00e0 atividade regular tem dado resposta a um conjunto de iniciativas que as associa\u00e7\u00f5es organizam ao longo do ano.<\/p>\n\n\n\n<p>J\u00e1 no \u00e2mbito do apoio ao associatismo desportivo, est\u00e3o abertas candidaturas para apoio \u00e0 atividade regular; apoio \u00e0 moderniza\u00e7\u00e3o e autonomia administrativa; apoio \u00e0s classifica\u00e7\u00f5es de m\u00e9rito; apoio \u00e0 moderniza\u00e7\u00e3o, funcionamento e beneficia\u00e7\u00e3o de instala\u00e7\u00f5es; apoio ao arrendamento de instala\u00e7\u00f5es; apoio \u00e0 ced\u00eancia de instala\u00e7\u00f5es e apoio \u00e0s boas pr\u00e1ticas de gest\u00e3o de entidades desportivas. Tamb\u00e9m sem candidaturas abertas fica o apoio \u00e0 organiza\u00e7\u00e3o de eventos desportivos, por se verificar que, por for\u00e7a das restri\u00e7\u00f5es impostas pela pandemia, n\u00e3o se realizar\u00e3o grande parte dos eventos desportivos que permitam dar cumprimento a esta medida.<\/p>\n","protected":false},"excerpt":{"rendered":"<p>Per\u00edodo de candidaturas decorre at\u00e9 \u00faltimo dia \u00fatil do m\u00eas de fevereiro\u00a0 O Munic\u00edpio de Faro informa que est\u00e3o abertas<\/p>\n","protected":false},"author":1,"featured_media":2612,"comment_status":"closed","ping_status":"open","sticky":false,"template":"","format":"standard","meta":{"colormag_page_container_layout":"default_layout","colormag_page_sidebar_layout":"default_layout","_monsterinsights_skip_tracking":false,"_monsterinsights_sitenote_active":false,"_monsterinsights_sitenote_note":"","_monsterinsights_sitenote_category":0,"jetpack_post_was_ever_published":false,"_jetpack_newsletter_access":"","_jetpack_dont_email_post_to_subs":false,"_jetpack_newsletter_tier_id":0,"_jetpack_memberships_contains_paywalled_content":false,"_jetpack_memberships_contains_paid_content":false,"footnotes":"","jetpack_publicize_message":"","jetpack_publicize_feature_enabled":true,"jetpack_social_post_already_shared":true,"jetpack_social_options":{"image_generator_settings":{"template":"highway","default_image_id":0,"font":"","enabled":false},"version":2}},"categories":[151],"tags":[36,153,57],"class_list":["post-5463","post","type-post","status-publish","format-standard","has-post-thumbnail","hentry","category-economia","tag-algarve","tag-economia","tag-faro"],"yoast_head":"<!-- This site is optimized with the Yoast SEO plugin v27.5 - https:\/\/yoast.com\/product\/yoast-seo-wordpress\/ -->\n<title>Munic\u00edpio de Faro abre candidaturas para apoio ao associativismo - Algarve 7<\/title>\n<meta name=\"description\" content=\"Munic\u00edpio de Faro abre candidaturas para apoio ao associativismo Economia\" \/>\n<meta name=\"robots\" content=\"index, follow, max-snippet:-1, max-image-preview:large, max-video-preview:-1\" \/>\n<link rel=\"canonical\" href=\"https:\/\/algarve7.pt\/index.php\/2021\/01\/municipio-de-faro-abre-candidaturas-para-apoio-ao-associativismo\/economia\/16\/05\/\" \/>\n<meta property=\"og:locale\" content=\"pt_PT\" \/>\n<meta property=\"og:type\" content=\"article\" \/>\n<meta property=\"og:title\" content=\"Munic\u00edpio de Faro abre candidaturas para apoio ao associativismo - Algarve 7\" \/>\n<meta property=\"og:description\" content=\"Munic\u00edpio de Faro abre candidaturas para apoio ao associativismo Economia\" \/>\n<meta property=\"og:url\" content=\"https:\/\/algarve7.pt\/index.php\/2021\/01\/municipio-de-faro-abre-candidaturas-para-apoio-ao-associativismo\/economia\/16\/05\/\" \/>\n<meta property=\"og:site_name\" content=\"Algarve 7\" \/>\n<meta property=\"article:publisher\" content=\"https:\/\/www.facebook.com\/algarve7\" \/>\n<meta property=\"article:author\" content=\"https:\/\/www.facebook.com\/algarve7\" \/>\n<meta property=\"article:published_time\" content=\"2021-01-19T16:05:19+00:00\" \/>\n<meta property=\"article:modified_time\" content=\"2021-01-19T16:05:24+00:00\" \/>\n<meta property=\"og:image\" content=\"https:\/\/algarve7.pt\/wp-content\/uploads\/2020\/10\/imgLoader.ashx_-1.jpeg\" \/>\n\t<meta property=\"og:image:width\" content=\"1280\" \/>\n\t<meta property=\"og:image:height\" content=\"937\" \/>\n\t<meta property=\"og:image:type\" content=\"image\/jpeg\" \/>\n<meta name=\"author\" content=\"Algarve 7\" \/>\n<meta name=\"twitter:card\" content=\"summary_large_image\" \/>\n<meta name=\"twitter:creator\" content=\"@Algarvesete\" \/>\n<meta name=\"twitter:site\" content=\"@Algarvesete\" \/>\n<meta name=\"twitter:label1\" content=\"Escrito por\" \/>\n\t<meta name=\"twitter:data1\" content=\"Algarve 7\" \/>\n\t<meta name=\"twitter:label2\" content=\"Tempo estimado de leitura\" \/>\n\t<meta name=\"twitter:data2\" content=\"2 minutos\" \/>\n<script type=\"application\/ld+json\" class=\"yoast-schema-graph\">{\"@context\":\"https:\\\/\\\/schema.org\",\"@graph\":[{\"@type\":\"Article\",\"@id\":\"https:\\\/\\\/algarve7.pt\\\/index.php\\\/2021\\\/01\\\/municipio-de-faro-abre-candidaturas-para-apoio-ao-associativismo\\\/economia\\\/16\\\/05\\\/#article\",\"isPartOf\":{\"@id\":\"https:\\\/\\\/algarve7.pt\\\/index.php\\\/2021\\\/01\\\/municipio-de-faro-abre-candidaturas-para-apoio-ao-associativismo\\\/economia\\\/16\\\/05\\\/\"},\"author\":{\"name\":\"Algarve 7\",\"@id\":\"https:\\\/\\\/algarve7.pt\\\/#\\\/schema\\\/person\\\/23fa70681308e7b319a3204bcea45e0c\"},\"headline\":\"Munic\u00edpio de Faro abre candidaturas para apoio ao associativismo\",\"datePublished\":\"2021-01-19T16:05:19+00:00\",\"dateModified\":\"2021-01-19T16:05:24+00:00\",\"mainEntityOfPage\":{\"@id\":\"https:\\\/\\\/algarve7.pt\\\/index.php\\\/2021\\\/01\\\/municipio-de-faro-abre-candidaturas-para-apoio-ao-associativismo\\\/economia\\\/16\\\/05\\\/\"},\"wordCount\":401,\"publisher\":{\"@id\":\"https:\\\/\\\/algarve7.pt\\\/#organization\"},\"image\":{\"@id\":\"https:\\\/\\\/algarve7.pt\\\/index.php\\\/2021\\\/01\\\/municipio-de-faro-abre-candidaturas-para-apoio-ao-associativismo\\\/economia\\\/16\\\/05\\\/#primaryimage\"},\"thumbnailUrl\":\"https:\\\/\\\/algarve7.pt\\\/wp-content\\\/uploads\\\/2020\\\/10\\\/imgLoader.ashx_-1.jpeg\",\"keywords\":[\"Algarve\",\"Economia\",\"Faro\"],\"articleSection\":[\"Economia\"],\"inLanguage\":\"pt-PT\"},{\"@type\":\"WebPage\",\"@id\":\"https:\\\/\\\/algarve7.pt\\\/index.php\\\/2021\\\/01\\\/municipio-de-faro-abre-candidaturas-para-apoio-ao-associativismo\\\/economia\\\/16\\\/05\\\/\",\"url\":\"https:\\\/\\\/algarve7.pt\\\/index.php\\\/2021\\\/01\\\/municipio-de-faro-abre-candidaturas-para-apoio-ao-associativismo\\\/economia\\\/16\\\/05\\\/\",\"name\":\"Munic\u00edpio de Faro abre candidaturas para apoio ao associativismo - Algarve 7\",\"isPartOf\":{\"@id\":\"https:\\\/\\\/algarve7.pt\\\/#website\"},\"primaryImageOfPage\":{\"@id\":\"https:\\\/\\\/algarve7.pt\\\/index.php\\\/2021\\\/01\\\/municipio-de-faro-abre-candidaturas-para-apoio-ao-associativismo\\\/economia\\\/16\\\/05\\\/#primaryimage\"},\"image\":{\"@id\":\"https:\\\/\\\/algarve7.pt\\\/index.php\\\/2021\\\/01\\\/municipio-de-faro-abre-candidaturas-para-apoio-ao-associativismo\\\/economia\\\/16\\\/05\\\/#primaryimage\"},\"thumbnailUrl\":\"https:\\\/\\\/algarve7.pt\\\/wp-content\\\/uploads\\\/2020\\\/10\\\/imgLoader.ashx_-1.jpeg\",\"datePublished\":\"2021-01-19T16:05:19+00:00\",\"dateModified\":\"2021-01-19T16:05:24+00:00\",\"description\":\"Munic\u00edpio de Faro abre candidaturas para apoio ao associativismo Economia\",\"breadcrumb\":{\"@id\":\"https:\\\/\\\/algarve7.pt\\\/index.php\\\/2021\\\/01\\\/municipio-de-faro-abre-candidaturas-para-apoio-ao-associativismo\\\/economia\\\/16\\\/05\\\/#breadcrumb\"},\"inLanguage\":\"pt-PT\",\"potentialAction\":[{\"@type\":\"ReadAction\",\"target\":[\"https:\\\/\\\/algarve7.pt\\\/index.php\\\/2021\\\/01\\\/municipio-de-faro-abre-candidaturas-para-apoio-ao-associativismo\\\/economia\\\/16\\\/05\\\/\"]}]},{\"@type\":\"ImageObject\",\"inLanguage\":\"pt-PT\",\"@id\":\"https:\\\/\\\/algarve7.pt\\\/index.php\\\/2021\\\/01\\\/municipio-de-faro-abre-candidaturas-para-apoio-ao-associativismo\\\/economia\\\/16\\\/05\\\/#primaryimage\",\"url\":\"https:\\\/\\\/algarve7.pt\\\/wp-content\\\/uploads\\\/2020\\\/10\\\/imgLoader.ashx_-1.jpeg\",\"contentUrl\":\"https:\\\/\\\/algarve7.pt\\\/wp-content\\\/uploads\\\/2020\\\/10\\\/imgLoader.ashx_-1.jpeg\",\"width\":1280,\"height\":937},{\"@type\":\"BreadcrumbList\",\"@id\":\"https:\\\/\\\/algarve7.pt\\\/index.php\\\/2021\\\/01\\\/municipio-de-faro-abre-candidaturas-para-apoio-ao-associativismo\\\/economia\\\/16\\\/05\\\/#breadcrumb\",\"itemListElement\":[{\"@type\":\"ListItem\",\"position\":1,\"name\":\"In\u00edcio\",\"item\":\"https:\\\/\\\/algarve7.pt\\\/\"},{\"@type\":\"ListItem\",\"position\":2,\"name\":\"Munic\u00edpio de Faro abre candidaturas para apoio ao associativismo\"}]},{\"@type\":\"WebSite\",\"@id\":\"https:\\\/\\\/algarve7.pt\\\/#website\",\"url\":\"https:\\\/\\\/algarve7.pt\\\/\",\"name\":\"Algarve 7\",\"description\":\"Informa\u00e7\u00e3o sobre o Algarve\",\"publisher\":{\"@id\":\"https:\\\/\\\/algarve7.pt\\\/#organization\"},\"potentialAction\":[{\"@type\":\"SearchAction\",\"target\":{\"@type\":\"EntryPoint\",\"urlTemplate\":\"https:\\\/\\\/algarve7.pt\\\/?s={search_term_string}\"},\"query-input\":{\"@type\":\"PropertyValueSpecification\",\"valueRequired\":true,\"valueName\":\"search_term_string\"}}],\"inLanguage\":\"pt-PT\"},{\"@type\":\"Organization\",\"@id\":\"https:\\\/\\\/algarve7.pt\\\/#organization\",\"name\":\"Algarve 7\",\"url\":\"https:\\\/\\\/algarve7.pt\\\/\",\"logo\":{\"@type\":\"ImageObject\",\"inLanguage\":\"pt-PT\",\"@id\":\"https:\\\/\\\/algarve7.pt\\\/#\\\/schema\\\/logo\\\/image\\\/\",\"url\":\"https:\\\/\\\/algarve7.pt\\\/wp-content\\\/uploads\\\/2020\\\/10\\\/Logo-8.jpg\",\"contentUrl\":\"https:\\\/\\\/algarve7.pt\\\/wp-content\\\/uploads\\\/2020\\\/10\\\/Logo-8.jpg\",\"width\":1680,\"height\":1186,\"caption\":\"Algarve 7\"},\"image\":{\"@id\":\"https:\\\/\\\/algarve7.pt\\\/#\\\/schema\\\/logo\\\/image\\\/\"},\"sameAs\":[\"https:\\\/\\\/www.facebook.com\\\/algarve7\",\"https:\\\/\\\/x.com\\\/Algarvesete\",\"https:\\\/\\\/www.instagram.com\\\/jornalalgarve7\\\/\",\"https:\\\/\\\/www.linkedin.com\\\/company\\\/algarve7\",\"https:\\\/\\\/www.pinterest.pt\\\/geral0939\\\/_created\\\/\"]},{\"@type\":\"Person\",\"@id\":\"https:\\\/\\\/algarve7.pt\\\/#\\\/schema\\\/person\\\/23fa70681308e7b319a3204bcea45e0c\",\"name\":\"Algarve 7\",\"sameAs\":[\"https:\\\/\\\/algarve7.pt\",\"https:\\\/\\\/www.facebook.com\\\/algarve7\"],\"url\":\"https:\\\/\\\/algarve7.pt\\\/index.php\\\/author\\\/geralalgarve7-pt\\\/\"}]}<\/script>\n<!-- \/ Yoast SEO plugin. -->","yoast_head_json":{"title":"Munic\u00edpio de Faro abre candidaturas para apoio ao associativismo - Algarve 7","description":"Munic\u00edpio de Faro abre candidaturas para apoio ao associativismo Economia","robots":{"index":"index","follow":"follow","max-snippet":"max-snippet:-1","max-image-preview":"max-image-preview:large","max-video-preview":"max-video-preview:-1"},"canonical":"https:\/\/algarve7.pt\/index.php\/2021\/01\/municipio-de-faro-abre-candidaturas-para-apoio-ao-associativismo\/economia\/16\/05\/","og_locale":"pt_PT","og_type":"article","og_title":"Munic\u00edpio de Faro abre candidaturas para apoio ao associativismo - Algarve 7","og_description":"Munic\u00edpio de Faro abre candidaturas para apoio ao associativismo Economia","og_url":"https:\/\/algarve7.pt\/index.php\/2021\/01\/municipio-de-faro-abre-candidaturas-para-apoio-ao-associativismo\/economia\/16\/05\/","og_site_name":"Algarve 7","article_publisher":"https:\/\/www.facebook.com\/algarve7","article_author":"https:\/\/www.facebook.com\/algarve7","article_published_time":"2021-01-19T16:05:19+00:00","article_modified_time":"2021-01-19T16:05:24+00:00","og_image":[{"width":1280,"height":937,"url":"https:\/\/algarve7.pt\/wp-content\/uploads\/2020\/10\/imgLoader.ashx_-1.jpeg","type":"image\/jpeg"}],"author":"Algarve 7","twitter_card":"summary_large_image","twitter_creator":"@Algarvesete","twitter_site":"@Algarvesete","twitter_misc":{"Escrito por":"Algarve 7","Tempo estimado de leitura":"2 minutos"},"schema":{"@context":"https:\/\/schema.org","@graph":[{"@type":"Article","@id":"https:\/\/algarve7.pt\/index.php\/2021\/01\/municipio-de-faro-abre-candidaturas-para-apoio-ao-associativismo\/economia\/16\/05\/#article","isPartOf":{"@id":"https:\/\/algarve7.pt\/index.php\/2021\/01\/municipio-de-faro-abre-candidaturas-para-apoio-ao-associativismo\/economia\/16\/05\/"},"author":{"name":"Algarve 7","@id":"https:\/\/algarve7.pt\/#\/schema\/person\/23fa70681308e7b319a3204bcea45e0c"},"headline":"Munic\u00edpio de Faro abre candidaturas para apoio ao associativismo","datePublished":"2021-01-19T16:05:19+00:00","dateModified":"2021-01-19T16:05:24+00:00","mainEntityOfPage":{"@id":"https:\/\/algarve7.pt\/index.php\/2021\/01\/municipio-de-faro-abre-candidaturas-para-apoio-ao-associativismo\/economia\/16\/05\/"},"wordCount":401,"publisher":{"@id":"https:\/\/algarve7.pt\/#organization"},"image":{"@id":"https:\/\/algarve7.pt\/index.php\/2021\/01\/municipio-de-faro-abre-candidaturas-para-apoio-ao-associativismo\/economia\/16\/05\/#primaryimage"},"thumbnailUrl":"https:\/\/algarve7.pt\/wp-content\/uploads\/2020\/10\/imgLoader.ashx_-1.jpeg","keywords":["Algarve","Economia","Faro"],"articleSection":["Economia"],"inLanguage":"pt-PT"},{"@type":"WebPage","@id":"https:\/\/algarve7.pt\/index.php\/2021\/01\/municipio-de-faro-abre-candidaturas-para-apoio-ao-associativismo\/economia\/16\/05\/","url":"https:\/\/algarve7.pt\/index.php\/2021\/01\/municipio-de-faro-abre-candidaturas-para-apoio-ao-associativismo\/economia\/16\/05\/","name":"Munic\u00edpio de Faro abre candidaturas para apoio ao associativismo - Algarve 7","isPartOf":{"@id":"https:\/\/algarve7.pt\/#website"},"primaryImageOfPage":{"@id":"https:\/\/algarve7.pt\/index.php\/2021\/01\/municipio-de-faro-abre-candidaturas-para-apoio-ao-associativismo\/economia\/16\/05\/#primaryimage"},"image":{"@id":"https:\/\/algarve7.pt\/index.php\/2021\/01\/municipio-de-faro-abre-candidaturas-para-apoio-ao-associativismo\/economia\/16\/05\/#primaryimage"},"thumbnailUrl":"https:\/\/algarve7.pt\/wp-content\/uploads\/2020\/10\/imgLoader.ashx_-1.jpeg","datePublished":"2021-01-19T16:05:19+00:00","dateModified":"2021-01-19T16:05:24+00:00","description":"Munic\u00edpio de Faro abre candidaturas para apoio ao associativismo Economia","breadcrumb":{"@id":"https:\/\/algarve7.pt\/index.php\/2021\/01\/municipio-de-faro-abre-candidaturas-para-apoio-ao-associativismo\/economia\/16\/05\/#breadcrumb"},"inLanguage":"pt-PT","potentialAction":[{"@type":"ReadAction","target":["https:\/\/algarve7.pt\/index.php\/2021\/01\/municipio-de-faro-abre-candidaturas-para-apoio-ao-associativismo\/economia\/16\/05\/"]}]},{"@type":"ImageObject","inLanguage":"pt-PT","@id":"https:\/\/algarve7.pt\/index.php\/2021\/01\/municipio-de-faro-abre-candidaturas-para-apoio-ao-associativismo\/economia\/16\/05\/#primaryimage","url":"https:\/\/algarve7.pt\/wp-content\/uploads\/2020\/10\/imgLoader.ashx_-1.jpeg","contentUrl":"https:\/\/algarve7.pt\/wp-content\/uploads\/2020\/10\/imgLoader.ashx_-1.jpeg","width":1280,"height":937},{"@type":"BreadcrumbList","@id":"https:\/\/algarve7.pt\/index.php\/2021\/01\/municipio-de-faro-abre-candidaturas-para-apoio-ao-associativismo\/economia\/16\/05\/#breadcrumb","itemListElement":[{"@type":"ListItem","position":1,"name":"In\u00edcio","item":"https:\/\/algarve7.pt\/"},{"@type":"ListItem","position":2,"name":"Munic\u00edpio de Faro abre candidaturas para apoio ao associativismo"}]},{"@type":"WebSite","@id":"https:\/\/algarve7.pt\/#website","url":"https:\/\/algarve7.pt\/","name":"Algarve 7","description":"Informa\u00e7\u00e3o sobre o Algarve","publisher":{"@id":"https:\/\/algarve7.pt\/#organization"},"potentialAction":[{"@type":"SearchAction","target":{"@type":"EntryPoint","urlTemplate":"https:\/\/algarve7.pt\/?s={search_term_string}"},"query-input":{"@type":"PropertyValueSpecification","valueRequired":true,"valueName":"search_term_string"}}],"inLanguage":"pt-PT"},{"@type":"Organization","@id":"https:\/\/algarve7.pt\/#organization","name":"Algarve 7","url":"https:\/\/algarve7.pt\/","logo":{"@type":"ImageObject","inLanguage":"pt-PT","@id":"https:\/\/algarve7.pt\/#\/schema\/logo\/image\/","url":"https:\/\/algarve7.pt\/wp-content\/uploads\/2020\/10\/Logo-8.jpg","contentUrl":"https:\/\/algarve7.pt\/wp-content\/uploads\/2020\/10\/Logo-8.jpg","width":1680,"height":1186,"caption":"Algarve 7"},"image":{"@id":"https:\/\/algarve7.pt\/#\/schema\/logo\/image\/"},"sameAs":["https:\/\/www.facebook.com\/algarve7","https:\/\/x.com\/Algarvesete","https:\/\/www.instagram.com\/jornalalgarve7\/","https:\/\/www.linkedin.com\/company\/algarve7","https:\/\/www.pinterest.pt\/geral0939\/_created\/"]},{"@type":"Person","@id":"https:\/\/algarve7.pt\/#\/schema\/person\/23fa70681308e7b319a3204bcea45e0c","name":"Algarve 7","sameAs":["https:\/\/algarve7.pt","https:\/\/www.facebook.com\/algarve7"],"url":"https:\/\/algarve7.pt\/index.php\/author\/geralalgarve7-pt\/"}]}},"jetpack_publicize_connections":[],"jetpack_featured_media_url":"https:\/\/algarve7.pt\/wp-content\/uploads\/2020\/10\/imgLoader.ashx_-1.jpeg","jetpack_shortlink":"https:\/\/wp.me\/pcezmW-1q7","jetpack_sharing_enabled":true,"_links":{"self":[{"href":"https:\/\/algarve7.pt\/index.php\/wp-json\/wp\/v2\/posts\/5463","targetHints":{"allow":["GET"]}}],"collection":[{"href":"https:\/\/algarve7.pt\/index.php\/wp-json\/wp\/v2\/posts"}],"about":[{"href":"https:\/\/algarve7.pt\/index.php\/wp-json\/wp\/v2\/types\/post"}],"author":[{"embeddable":true,"href":"https:\/\/algarve7.pt\/index.php\/wp-json\/wp\/v2\/users\/1"}],"replies":[{"embeddable":true,"href":"https:\/\/algarve7.pt\/index.php\/wp-json\/wp\/v2\/comments?post=5463"}],"version-history":[{"count":0,"href":"https:\/\/algarve7.pt\/index.php\/wp-json\/wp\/v2\/posts\/5463\/revisions"}],"wp:featuredmedia":[{"embeddable":true,"href":"https:\/\/algarve7.pt\/index.php\/wp-json\/wp\/v2\/media\/2612"}],"wp:attachment":[{"href":"https:\/\/algarve7.pt\/index.php\/wp-json\/wp\/v2\/media?parent=5463"}],"wp:term":[{"taxonomy":"category","embeddable":true,"href":"https:\/\/algarve7.pt\/index.php\/wp-json\/wp\/v2\/categories?post=5463"},{"taxonomy":"post_tag","embeddable":true,"href":"https:\/\/algarve7.pt\/index.php\/wp-json\/wp\/v2\/tags?post=5463"}],"curies":[{"name":"wp","href":"https:\/\/api.w.org\/{rel}","templated":true}]}}