{"id":5460,"date":"2021-01-19T15:45:47","date_gmt":"2021-01-19T15:45:47","guid":{"rendered":"https:\/\/algarve7.pt\/?p=5460"},"modified":"2021-01-19T15:45:51","modified_gmt":"2021-01-19T15:45:51","slug":"vila-do-bispo-comemora-feriado-municipal-dia-22-de-janeiro","status":"publish","type":"post","link":"https:\/\/algarve7.pt\/index.php\/2021\/01\/vila-do-bispo-comemora-feriado-municipal-dia-22-de-janeiro\/atualidade\/15\/45\/","title":{"rendered":"Vila do Bispo Comemora Feriado Municipal \u2013 dia 22 de Janeiro"},"content":{"rendered":"\n<p>As comemora\u00e7\u00f5es do Feriado Municipal de Vila do Bispo v\u00e3o realizar-se de 20 a 23 de janeiro. Adaptadas ao contexto em que vivemos atualmente e seguindo as orienta\u00e7\u00f5es da Dire\u00e7\u00e3o-Geral da Sa\u00fade estas celebra\u00e7\u00f5es ser\u00e3o diferentes dos \u00faltimos anos, apostando em eventos com transmiss\u00f5es online nas redes sociais Facebook e Youtube do munic\u00edpio.&nbsp;<\/p>\n\n\n\n<p>&nbsp;Neste \u00e2mbito, o Munic\u00edpio de Vila do Bispo convida a popula\u00e7\u00e3o acompanhar as comemora\u00e7\u00f5es alusivas ao Feriado Municipal e do seu Padroeiro, S\u00e3o Vicente, que contempla iniciativas de carater religioso e cultural.<\/p>\n\n\n\n<p>Das v\u00e1rias iniciativas agendadas, destaque para o document\u00e1rio previsto para o dia 22 de janeiro, intitulado &#8220;Do Cabo Sagrado ao Cabo de S\u00e3o Vicente&#8221; que ser\u00e1 transmito em direto, pelas 21h00, no Facebook e Youtube do munic\u00edpio. Ao longo de cerca de 30 minutos ser\u00e1 abordada toda a hist\u00f3ria das manifesta\u00e7\u00f5es de religiosidade do Homem no territ\u00f3rio que comp\u00f5e o atual concelho de Vila do Bispo. A narrativa inicia-se na Pr\u00e9-Hist\u00f3ria, percorre os testemunhos dos antigos Gregos e Romanos, analisa o culto de S\u00e3o Vicente at\u00e9 aos nossos dias, evocando todos os que aqui v\u00eam para contemplar as express\u00f5es da Natureza ao longo das fal\u00e9sias de Sagres, dando continuidade \u00e0s experi\u00eancias aqui vividas desde tempos imemoriais.&nbsp;<\/p>\n\n\n\n<p>Enquadrado com imagens e tendo por cen\u00e1rios o Menir do Padr\u00e3o, o Promont\u00f3rio de Sagres, o Forte do Beliche, o Cabo de S\u00e3o Vicente e a Igreja Matriz de Vila do Bispo, este projeto, da responsabilidade da C\u00e2mara Municipal, procura chamar a aten\u00e7\u00e3o para a import\u00e2ncia do Passado e das suas heran\u00e7as que chegaram at\u00e9 aos nossos dias, que continuam a definir o nosso modo de viver em Vila do Bispo.&nbsp;<\/p>\n\n\n\n<p>Da programa\u00e7\u00e3o faz ainda parte, a celebra\u00e7\u00e3o da Eucaristia no dia 22 de janeiro, pelas 15h30, na Igreja Matriz de Vila do Bispo, que ser\u00e1 transmitida em direto no Facebook e no Youtube do Munic\u00edpio.&nbsp;<\/p>\n\n\n\n<p>Refer\u00eancia ainda para os tr\u00eas Webinares com os temas \u201cPlantas amea\u00e7adas de extin\u00e7\u00e3o &#8211; A Lista Vermelha da Flora Vascular de Portugal\u201d, \u201cVila do Bispo: Um territ\u00f3rio sagrado\u201d e \u201cOrigins#1\u201d que ir\u00e3o decorrer os dias 20, 22 e 23, respetivamente. Estas iniciativas ir\u00e3o decorrer na plataforma&nbsp;<\/p>\n\n\n\n<p>Zoom, e os interessados em participar dever\u00e3o inscrever-se atrav\u00e9s do link:\u00a0<a href=\"https:\/\/tinyurl.com\/inscricaowebinar-cmvb\" target=\"_blank\" rel=\"noreferrer noopener\">https:\/\/tinyurl.com\/inscricaowebinar-cmvb<\/a><\/p>\n\n\n\n<p>&nbsp;Programa\u00e7\u00e3o<\/p>\n\n\n\n<p><strong>20 de janeiro&nbsp;<\/strong><\/p>\n\n\n\n<p>21h00 &#8211; Webinar \u201cPlantas Amea\u00e7adas de Extin\u00e7\u00e3o &#8211; Lista Vermelha da Flora Vascular de Portugal Continental\u201d *<\/p>\n\n\n\n<p>Interveniente: Andr\u00e9 Carapeto (Bi\u00f3logo &#8211; Sociedade Portuguesa de Bot\u00e2nica)&nbsp;<\/p>\n\n\n\n<p>Dura\u00e7\u00e3o: 1h15&nbsp;&nbsp;&nbsp;&nbsp;&nbsp;&nbsp;&nbsp;&nbsp;&nbsp;&nbsp;&nbsp;&nbsp;&nbsp;&nbsp;&nbsp;&nbsp;&nbsp;&nbsp;&nbsp;&nbsp;&nbsp;&nbsp;&nbsp;&nbsp;&nbsp;&nbsp;&nbsp;&nbsp;&nbsp;&nbsp;&nbsp;&nbsp;&nbsp;&nbsp;&nbsp;&nbsp;&nbsp;&nbsp;&nbsp;&nbsp;&nbsp;&nbsp;&nbsp;&nbsp;&nbsp;&nbsp;&nbsp;&nbsp;&nbsp;&nbsp;&nbsp;&nbsp;&nbsp;&nbsp;&nbsp;&nbsp;&nbsp;&nbsp;&nbsp;&nbsp;&nbsp;&nbsp;&nbsp;&nbsp;&nbsp;&nbsp;&nbsp;&nbsp;&nbsp;&nbsp;&nbsp;&nbsp;&nbsp;&nbsp;&nbsp;&nbsp;&nbsp;&nbsp;&nbsp;<\/p>\n\n\n\n<p><strong>22 de janeiro | Feriado Municipal&nbsp;<\/strong><\/p>\n\n\n\n<p><strong>&nbsp;&nbsp;9h00<\/strong>&nbsp;&#8211;&nbsp;<strong>Hastear da Bandeira &#8211; Hino Nacional (flautista Maja Raciborska)<\/strong>&nbsp;&nbsp;&nbsp;&nbsp;&nbsp;&nbsp;&nbsp;&nbsp;&nbsp;&nbsp;&nbsp;&nbsp;&nbsp;&nbsp;&nbsp;&nbsp;&nbsp;&nbsp;&nbsp;&nbsp;&nbsp;&nbsp;&nbsp;&nbsp;&nbsp;&nbsp;&nbsp;<\/p>\n\n\n\n<p>&gt; Largo do Munic\u00edpio &#8211; (sem p\u00fablico)&nbsp;&nbsp;<\/p>\n\n\n\n<p><strong>15h30<\/strong>&nbsp;&#8211;&nbsp;<strong>Celebra\u00e7\u00e3o da Eucaristia&gt; Igreja Matriz de Vila do Bispo<\/strong>&nbsp;&nbsp;&nbsp;&nbsp;&nbsp;&nbsp;&nbsp;&nbsp;&nbsp;&nbsp;&nbsp;&nbsp;&nbsp;&nbsp;&nbsp;&nbsp;&nbsp;&nbsp;&nbsp;&nbsp;&nbsp;&nbsp;&nbsp;&nbsp;&nbsp;&nbsp;&nbsp;&nbsp;&nbsp;&nbsp;&nbsp;&nbsp;&nbsp;&nbsp;&nbsp;&nbsp;&nbsp;&nbsp;&nbsp;&nbsp;&nbsp;<\/p>\n\n\n\n<p><strong>&nbsp;(reserva de lugares obrigat\u00f3ria &#8211; Par\u00f3quia de Vila do Bispo)&nbsp;&nbsp;&nbsp;&nbsp;&nbsp;&nbsp;&nbsp;&nbsp;&nbsp;&nbsp;&nbsp;&nbsp;&nbsp;&nbsp;&nbsp;&nbsp;&nbsp;&nbsp;&nbsp;&nbsp;&nbsp;&nbsp;&nbsp;&nbsp;&nbsp;&nbsp;&nbsp;&nbsp;&nbsp;&nbsp;&nbsp;&nbsp;&nbsp;&nbsp;&nbsp;&nbsp;&nbsp;&nbsp;&nbsp;&nbsp;&nbsp;&nbsp;&nbsp;&nbsp;&nbsp;&nbsp;&nbsp;&nbsp;&nbsp;&nbsp;&nbsp;&nbsp;&nbsp;&nbsp;&nbsp;&nbsp;&nbsp;&nbsp;&nbsp;&nbsp;&nbsp;&nbsp;&nbsp;&nbsp;&nbsp;&nbsp;&nbsp;&nbsp;&nbsp;&nbsp;&nbsp;&nbsp;&nbsp;&nbsp;&nbsp;&nbsp;&nbsp;&nbsp;&nbsp;&nbsp;&nbsp;&nbsp;&nbsp;&nbsp;&nbsp;&nbsp;&nbsp;&nbsp;&nbsp;&nbsp;&nbsp;&nbsp;&nbsp;&nbsp;&nbsp;&nbsp;&nbsp;&nbsp;&nbsp;&nbsp;&nbsp;&nbsp;&nbsp;&nbsp;<\/strong><\/p>\n\n\n\n<p>Transmiss\u00e3o em Direto pelo Facebook e Youtube do Munic\u00edpio<\/p>\n\n\n\n<p><strong>21h00&nbsp;<\/strong>&#8211;&nbsp;<strong>Document\u00e1rio \u201cDo Cabo Sagrado ao Cabo de S. Vicente\u201d<\/strong>&nbsp;&nbsp;&nbsp;&nbsp;&nbsp;&nbsp;&nbsp;&nbsp;&nbsp;&nbsp;&nbsp;&nbsp;&nbsp;&nbsp;&nbsp;&nbsp;&nbsp;&nbsp;&nbsp;&nbsp;&nbsp;&nbsp;&nbsp;&nbsp;&nbsp;&nbsp;&nbsp;&nbsp;&nbsp;&nbsp;&nbsp;&nbsp;&nbsp;&nbsp;&nbsp;&nbsp;&nbsp;&nbsp;&nbsp;&nbsp;&nbsp;&nbsp;&nbsp;&nbsp;&nbsp;&nbsp;&nbsp;<\/p>\n\n\n\n<p>Transmiss\u00e3o pelo Facebook e Youtube do Munic\u00edpio<\/p>\n\n\n\n<p><strong>21h30 &#8211; Webinar &#8211; \u201cVila do Bispo: um Territ\u00f3rio Sagrado.\u201d *&nbsp;&nbsp;&nbsp;&nbsp;&nbsp;&nbsp;&nbsp;&nbsp;&nbsp;&nbsp;&nbsp;&nbsp;&nbsp;&nbsp;&nbsp;&nbsp;&nbsp;&nbsp;&nbsp;&nbsp;&nbsp;&nbsp;&nbsp;&nbsp;&nbsp;&nbsp;&nbsp;&nbsp;&nbsp;&nbsp;&nbsp;&nbsp;&nbsp;&nbsp;&nbsp;&nbsp;&nbsp;&nbsp;&nbsp;&nbsp;&nbsp;&nbsp;&nbsp;<\/strong><\/p>\n\n\n\n<p>Intervenientes: Padre Jos\u00e9 Chula (P\u00e1roco de Vila do Bispo) | Artur de Jesus (Historiador &#8211; C.M.V.B.) Ricardo Soares (Arque\u00f3logo &#8211; C.M.V.B.) | Moderador: T\u00e2nia Lucas (Gestora Cultural &#8211; C.M.V.B.)<\/p>\n\n\n\n<p>Dura\u00e7\u00e3o: 45 minutos&nbsp;&nbsp;&nbsp;&nbsp;&nbsp;&nbsp;&nbsp;&nbsp;&nbsp;&nbsp;&nbsp;&nbsp;&nbsp;&nbsp;&nbsp;&nbsp;&nbsp;&nbsp;&nbsp;&nbsp;&nbsp;&nbsp;&nbsp;&nbsp;&nbsp;&nbsp;&nbsp;&nbsp;&nbsp;&nbsp;&nbsp;&nbsp;&nbsp;&nbsp;&nbsp;&nbsp;&nbsp;&nbsp;&nbsp;&nbsp;&nbsp;&nbsp;&nbsp;&nbsp;&nbsp;&nbsp;&nbsp;&nbsp;&nbsp;&nbsp;&nbsp;&nbsp;&nbsp;&nbsp;&nbsp;&nbsp;&nbsp;&nbsp;&nbsp;&nbsp;&nbsp;&nbsp;&nbsp;&nbsp;&nbsp;&nbsp;&nbsp;&nbsp;&nbsp;&nbsp;&nbsp;&nbsp;&nbsp;&nbsp;&nbsp;&nbsp;&nbsp;&nbsp;&nbsp;&nbsp;&nbsp;&nbsp;&nbsp;&nbsp;&nbsp;&nbsp;&nbsp;&nbsp;&nbsp;&nbsp;<\/p>\n\n\n\n<p><strong>23 de janeiro&nbsp;<\/strong><\/p>\n\n\n\n<p><strong>21h00 &#8211; Webinar \u201cOrigins#1\u201d Sandy Kilpatrick *&nbsp;&nbsp;&nbsp;&nbsp;&nbsp;&nbsp;&nbsp;&nbsp;&nbsp;&nbsp;&nbsp;&nbsp;&nbsp;&nbsp;&nbsp;&nbsp;&nbsp;&nbsp;&nbsp;&nbsp;&nbsp;&nbsp;&nbsp;&nbsp;&nbsp;&nbsp;&nbsp;&nbsp;&nbsp;&nbsp;&nbsp;&nbsp;&nbsp;&nbsp;&nbsp;&nbsp;&nbsp;&nbsp;&nbsp;&nbsp;&nbsp;&nbsp;&nbsp;&nbsp;&nbsp;&nbsp;&nbsp;&nbsp;&nbsp;&nbsp;&nbsp;&nbsp;&nbsp;&nbsp;&nbsp;&nbsp;&nbsp;&nbsp;&nbsp;&nbsp;&nbsp;&nbsp;&nbsp;&nbsp;&nbsp;&nbsp;&nbsp;&nbsp;&nbsp;&nbsp;&nbsp;&nbsp;&nbsp;&nbsp;&nbsp;&nbsp;&nbsp;&nbsp;&nbsp;&nbsp;&nbsp;&nbsp;&nbsp;&nbsp;&nbsp;&nbsp;&nbsp;&nbsp;&nbsp;&nbsp;&nbsp;&nbsp;&nbsp;<\/strong><\/p>\n\n\n\n<p>Intervenientes: Sandy Kilpatrick (M\u00fasico e compositor)&nbsp;<\/p>\n\n\n\n<p>T\u00e2nia Lucas (Gestora Cultural &#8211; C.M.V.B.)&nbsp;&nbsp;<\/p>\n\n\n\n<p>Dura\u00e7\u00e3o: 45 minutos&nbsp;&nbsp;&nbsp;&nbsp;&nbsp;&nbsp;&nbsp;&nbsp;&nbsp;&nbsp;&nbsp;&nbsp;&nbsp;&nbsp;&nbsp;&nbsp;&nbsp;&nbsp;&nbsp;&nbsp;&nbsp;&nbsp;&nbsp;&nbsp;&nbsp;&nbsp;&nbsp;&nbsp;&nbsp;&nbsp;&nbsp;&nbsp;&nbsp;&nbsp;&nbsp;&nbsp;&nbsp;&nbsp;&nbsp;&nbsp;&nbsp;&nbsp;&nbsp;&nbsp;&nbsp;&nbsp;&nbsp;&nbsp;&nbsp;&nbsp;&nbsp;&nbsp;&nbsp;&nbsp;&nbsp;&nbsp;&nbsp;&nbsp;&nbsp;&nbsp;&nbsp;&nbsp;&nbsp;&nbsp;&nbsp;&nbsp;&nbsp;&nbsp;&nbsp;&nbsp;&nbsp;&nbsp;&nbsp;&nbsp;&nbsp;&nbsp;&nbsp;&nbsp;&nbsp;&nbsp;&nbsp;&nbsp;&nbsp;&nbsp;&nbsp;&nbsp;&nbsp;&nbsp;&nbsp;&nbsp;&nbsp;&nbsp;&nbsp;&nbsp;&nbsp;&nbsp;&nbsp;&nbsp;&nbsp;&nbsp;&nbsp;&nbsp;&nbsp;&nbsp;&nbsp;&nbsp;&nbsp;&nbsp;&nbsp;&nbsp;&nbsp;&nbsp;&nbsp;&nbsp;&nbsp;&nbsp;&nbsp;&nbsp;&nbsp;&nbsp;&nbsp;&nbsp;&nbsp;&nbsp;&nbsp;&nbsp;&nbsp;&nbsp;&nbsp;&nbsp;&nbsp;&nbsp;&nbsp;&nbsp;&nbsp;&nbsp;&nbsp;&nbsp;&nbsp;&nbsp;&nbsp;&nbsp;&nbsp;&nbsp;&nbsp;&nbsp;&nbsp;&nbsp;&nbsp;&nbsp;&nbsp;&nbsp;&nbsp;&nbsp;&nbsp;&nbsp;&nbsp;&nbsp;&nbsp;&nbsp;&nbsp;&nbsp;&nbsp;&nbsp;&nbsp;&nbsp;&nbsp;&nbsp;&nbsp;&nbsp;&nbsp;&nbsp;&nbsp;&nbsp;&nbsp;&nbsp;&nbsp;&nbsp;&nbsp;&nbsp;&nbsp;&nbsp;&nbsp;&nbsp;&nbsp;&nbsp;&nbsp;<\/p>\n\n\n\n<p><strong>* Plataforma Zoom (inscri\u00e7\u00e3o obrigat\u00f3ria pelo site e\/ou facebook do munic\u00edpio)<\/strong><\/p>\n\n\n\n<p>+ informa\u00e7\u00f5es: Centro Cultural de Vila do Bispo | telefone: 282 630 600\u2005|<a href=\"http:\/\/www.cm-viladobispo.pt\"> www.cm-viladobispo.pt<\/a><\/p>\n\n\n\n<div class=\"wp-block-image\"><figure class=\"aligncenter size-large is-resized\"><img loading=\"lazy\" decoding=\"async\" src=\"https:\/\/algarve7.pt\/wp-content\/uploads\/2021\/01\/cartaz_feriado_municipal_2021_vdef-724x1024.jpg\" alt=\"\" class=\"wp-image-5461\" width=\"492\" height=\"696\"\/><\/figure><\/div>\n","protected":false},"excerpt":{"rendered":"<p>As comemora\u00e7\u00f5es do Feriado Municipal de Vila do Bispo v\u00e3o realizar-se de 20 a 23 de janeiro. Adaptadas ao contexto<\/p>\n","protected":false},"author":1,"featured_media":5461,"comment_status":"closed","ping_status":"open","sticky":false,"template":"","format":"standard","meta":{"colormag_page_container_layout":"default_layout","colormag_page_sidebar_layout":"default_layout","_monsterinsights_skip_tracking":false,"_monsterinsights_sitenote_active":false,"_monsterinsights_sitenote_note":"","_monsterinsights_sitenote_category":0,"jetpack_post_was_ever_published":false,"_jetpack_newsletter_access":"","_jetpack_dont_email_post_to_subs":false,"_jetpack_newsletter_tier_id":0,"_jetpack_memberships_contains_paywalled_content":false,"_jetpack_memberships_contains_paid_content":false,"footnotes":"","jetpack_publicize_message":"","jetpack_publicize_feature_enabled":true,"jetpack_social_post_already_shared":true,"jetpack_social_options":{"image_generator_settings":{"template":"highway","default_image_id":0,"font":"","enabled":false},"version":2}},"categories":[11],"tags":[36,62,287,84],"class_list":["post-5460","post","type-post","status-publish","format-standard","has-post-thumbnail","hentry","category-atualidade","tag-algarve","tag-atualidade","tag-feriado","tag-vila-do-bispo"],"yoast_head":"<!-- This site is optimized with the Yoast SEO plugin v27.5 - https:\/\/yoast.com\/product\/yoast-seo-wordpress\/ -->\n<title>Vila do Bispo Comemora Feriado Municipal \u2013 dia 22 de Janeiro - Algarve 7<\/title>\n<meta name=\"description\" content=\"Vila do Bispo Comemora Feriado Municipal \u2013 dia 22 de Janeiro Atualidade\" \/>\n<meta name=\"robots\" content=\"index, follow, max-snippet:-1, max-image-preview:large, max-video-preview:-1\" \/>\n<link rel=\"canonical\" href=\"https:\/\/algarve7.pt\/index.php\/2021\/01\/vila-do-bispo-comemora-feriado-municipal-dia-22-de-janeiro\/atualidade\/15\/45\/\" \/>\n<meta property=\"og:locale\" content=\"pt_PT\" \/>\n<meta property=\"og:type\" content=\"article\" \/>\n<meta property=\"og:title\" content=\"Vila do Bispo Comemora Feriado Municipal \u2013 dia 22 de Janeiro - Algarve 7\" \/>\n<meta property=\"og:description\" content=\"Vila do Bispo Comemora Feriado Municipal \u2013 dia 22 de Janeiro Atualidade\" \/>\n<meta property=\"og:url\" content=\"https:\/\/algarve7.pt\/index.php\/2021\/01\/vila-do-bispo-comemora-feriado-municipal-dia-22-de-janeiro\/atualidade\/15\/45\/\" \/>\n<meta property=\"og:site_name\" content=\"Algarve 7\" \/>\n<meta property=\"article:publisher\" content=\"https:\/\/www.facebook.com\/algarve7\" \/>\n<meta property=\"article:author\" content=\"https:\/\/www.facebook.com\/algarve7\" \/>\n<meta property=\"article:published_time\" content=\"2021-01-19T15:45:47+00:00\" \/>\n<meta property=\"article:modified_time\" content=\"2021-01-19T15:45:51+00:00\" \/>\n<meta property=\"og:image\" content=\"https:\/\/algarve7.pt\/wp-content\/uploads\/2021\/01\/cartaz_feriado_municipal_2021_vdef-e1611071121814.jpg\" \/>\n\t<meta property=\"og:image:width\" content=\"1348\" \/>\n\t<meta property=\"og:image:height\" content=\"835\" \/>\n\t<meta property=\"og:image:type\" content=\"image\/jpeg\" \/>\n<meta name=\"author\" content=\"Algarve 7\" \/>\n<meta name=\"twitter:card\" content=\"summary_large_image\" \/>\n<meta name=\"twitter:creator\" content=\"@Algarvesete\" \/>\n<meta name=\"twitter:site\" content=\"@Algarvesete\" \/>\n<meta name=\"twitter:label1\" content=\"Escrito por\" \/>\n\t<meta name=\"twitter:data1\" content=\"Algarve 7\" \/>\n\t<meta name=\"twitter:label2\" content=\"Tempo estimado de leitura\" \/>\n\t<meta name=\"twitter:data2\" content=\"3 minutos\" \/>\n<script type=\"application\/ld+json\" class=\"yoast-schema-graph\">{\"@context\":\"https:\\\/\\\/schema.org\",\"@graph\":[{\"@type\":\"Article\",\"@id\":\"https:\\\/\\\/algarve7.pt\\\/index.php\\\/2021\\\/01\\\/vila-do-bispo-comemora-feriado-municipal-dia-22-de-janeiro\\\/atualidade\\\/15\\\/45\\\/#article\",\"isPartOf\":{\"@id\":\"https:\\\/\\\/algarve7.pt\\\/index.php\\\/2021\\\/01\\\/vila-do-bispo-comemora-feriado-municipal-dia-22-de-janeiro\\\/atualidade\\\/15\\\/45\\\/\"},\"author\":{\"name\":\"Algarve 7\",\"@id\":\"https:\\\/\\\/algarve7.pt\\\/#\\\/schema\\\/person\\\/23fa70681308e7b319a3204bcea45e0c\"},\"headline\":\"Vila do Bispo Comemora Feriado Municipal \u2013 dia 22 de Janeiro\",\"datePublished\":\"2021-01-19T15:45:47+00:00\",\"dateModified\":\"2021-01-19T15:45:51+00:00\",\"mainEntityOfPage\":{\"@id\":\"https:\\\/\\\/algarve7.pt\\\/index.php\\\/2021\\\/01\\\/vila-do-bispo-comemora-feriado-municipal-dia-22-de-janeiro\\\/atualidade\\\/15\\\/45\\\/\"},\"wordCount\":1377,\"publisher\":{\"@id\":\"https:\\\/\\\/algarve7.pt\\\/#organization\"},\"image\":{\"@id\":\"https:\\\/\\\/algarve7.pt\\\/index.php\\\/2021\\\/01\\\/vila-do-bispo-comemora-feriado-municipal-dia-22-de-janeiro\\\/atualidade\\\/15\\\/45\\\/#primaryimage\"},\"thumbnailUrl\":\"https:\\\/\\\/algarve7.pt\\\/wp-content\\\/uploads\\\/2021\\\/01\\\/cartaz_feriado_municipal_2021_vdef-e1611071121814.jpg\",\"keywords\":[\"Algarve\",\"Atualidade\",\"Feriado\",\"Vila do Bispo\"],\"articleSection\":[\"Atualidade\"],\"inLanguage\":\"pt-PT\"},{\"@type\":\"WebPage\",\"@id\":\"https:\\\/\\\/algarve7.pt\\\/index.php\\\/2021\\\/01\\\/vila-do-bispo-comemora-feriado-municipal-dia-22-de-janeiro\\\/atualidade\\\/15\\\/45\\\/\",\"url\":\"https:\\\/\\\/algarve7.pt\\\/index.php\\\/2021\\\/01\\\/vila-do-bispo-comemora-feriado-municipal-dia-22-de-janeiro\\\/atualidade\\\/15\\\/45\\\/\",\"name\":\"Vila do Bispo Comemora Feriado Municipal \u2013 dia 22 de Janeiro - Algarve 7\",\"isPartOf\":{\"@id\":\"https:\\\/\\\/algarve7.pt\\\/#website\"},\"primaryImageOfPage\":{\"@id\":\"https:\\\/\\\/algarve7.pt\\\/index.php\\\/2021\\\/01\\\/vila-do-bispo-comemora-feriado-municipal-dia-22-de-janeiro\\\/atualidade\\\/15\\\/45\\\/#primaryimage\"},\"image\":{\"@id\":\"https:\\\/\\\/algarve7.pt\\\/index.php\\\/2021\\\/01\\\/vila-do-bispo-comemora-feriado-municipal-dia-22-de-janeiro\\\/atualidade\\\/15\\\/45\\\/#primaryimage\"},\"thumbnailUrl\":\"https:\\\/\\\/algarve7.pt\\\/wp-content\\\/uploads\\\/2021\\\/01\\\/cartaz_feriado_municipal_2021_vdef-e1611071121814.jpg\",\"datePublished\":\"2021-01-19T15:45:47+00:00\",\"dateModified\":\"2021-01-19T15:45:51+00:00\",\"description\":\"Vila do Bispo Comemora Feriado Municipal \u2013 dia 22 de Janeiro Atualidade\",\"breadcrumb\":{\"@id\":\"https:\\\/\\\/algarve7.pt\\\/index.php\\\/2021\\\/01\\\/vila-do-bispo-comemora-feriado-municipal-dia-22-de-janeiro\\\/atualidade\\\/15\\\/45\\\/#breadcrumb\"},\"inLanguage\":\"pt-PT\",\"potentialAction\":[{\"@type\":\"ReadAction\",\"target\":[\"https:\\\/\\\/algarve7.pt\\\/index.php\\\/2021\\\/01\\\/vila-do-bispo-comemora-feriado-municipal-dia-22-de-janeiro\\\/atualidade\\\/15\\\/45\\\/\"]}]},{\"@type\":\"ImageObject\",\"inLanguage\":\"pt-PT\",\"@id\":\"https:\\\/\\\/algarve7.pt\\\/index.php\\\/2021\\\/01\\\/vila-do-bispo-comemora-feriado-municipal-dia-22-de-janeiro\\\/atualidade\\\/15\\\/45\\\/#primaryimage\",\"url\":\"https:\\\/\\\/algarve7.pt\\\/wp-content\\\/uploads\\\/2021\\\/01\\\/cartaz_feriado_municipal_2021_vdef-e1611071121814.jpg\",\"contentUrl\":\"https:\\\/\\\/algarve7.pt\\\/wp-content\\\/uploads\\\/2021\\\/01\\\/cartaz_feriado_municipal_2021_vdef-e1611071121814.jpg\",\"width\":1348,\"height\":835},{\"@type\":\"BreadcrumbList\",\"@id\":\"https:\\\/\\\/algarve7.pt\\\/index.php\\\/2021\\\/01\\\/vila-do-bispo-comemora-feriado-municipal-dia-22-de-janeiro\\\/atualidade\\\/15\\\/45\\\/#breadcrumb\",\"itemListElement\":[{\"@type\":\"ListItem\",\"position\":1,\"name\":\"In\u00edcio\",\"item\":\"https:\\\/\\\/algarve7.pt\\\/\"},{\"@type\":\"ListItem\",\"position\":2,\"name\":\"Vila do Bispo Comemora Feriado Municipal \u2013 dia 22 de Janeiro\"}]},{\"@type\":\"WebSite\",\"@id\":\"https:\\\/\\\/algarve7.pt\\\/#website\",\"url\":\"https:\\\/\\\/algarve7.pt\\\/\",\"name\":\"Algarve 7\",\"description\":\"Informa\u00e7\u00e3o sobre o Algarve\",\"publisher\":{\"@id\":\"https:\\\/\\\/algarve7.pt\\\/#organization\"},\"potentialAction\":[{\"@type\":\"SearchAction\",\"target\":{\"@type\":\"EntryPoint\",\"urlTemplate\":\"https:\\\/\\\/algarve7.pt\\\/?s={search_term_string}\"},\"query-input\":{\"@type\":\"PropertyValueSpecification\",\"valueRequired\":true,\"valueName\":\"search_term_string\"}}],\"inLanguage\":\"pt-PT\"},{\"@type\":\"Organization\",\"@id\":\"https:\\\/\\\/algarve7.pt\\\/#organization\",\"name\":\"Algarve 7\",\"url\":\"https:\\\/\\\/algarve7.pt\\\/\",\"logo\":{\"@type\":\"ImageObject\",\"inLanguage\":\"pt-PT\",\"@id\":\"https:\\\/\\\/algarve7.pt\\\/#\\\/schema\\\/logo\\\/image\\\/\",\"url\":\"https:\\\/\\\/algarve7.pt\\\/wp-content\\\/uploads\\\/2020\\\/10\\\/Logo-8.jpg\",\"contentUrl\":\"https:\\\/\\\/algarve7.pt\\\/wp-content\\\/uploads\\\/2020\\\/10\\\/Logo-8.jpg\",\"width\":1680,\"height\":1186,\"caption\":\"Algarve 7\"},\"image\":{\"@id\":\"https:\\\/\\\/algarve7.pt\\\/#\\\/schema\\\/logo\\\/image\\\/\"},\"sameAs\":[\"https:\\\/\\\/www.facebook.com\\\/algarve7\",\"https:\\\/\\\/x.com\\\/Algarvesete\",\"https:\\\/\\\/www.instagram.com\\\/jornalalgarve7\\\/\",\"https:\\\/\\\/www.linkedin.com\\\/company\\\/algarve7\",\"https:\\\/\\\/www.pinterest.pt\\\/geral0939\\\/_created\\\/\"]},{\"@type\":\"Person\",\"@id\":\"https:\\\/\\\/algarve7.pt\\\/#\\\/schema\\\/person\\\/23fa70681308e7b319a3204bcea45e0c\",\"name\":\"Algarve 7\",\"sameAs\":[\"https:\\\/\\\/algarve7.pt\",\"https:\\\/\\\/www.facebook.com\\\/algarve7\"],\"url\":\"https:\\\/\\\/algarve7.pt\\\/index.php\\\/author\\\/geralalgarve7-pt\\\/\"}]}<\/script>\n<!-- \/ Yoast SEO plugin. -->","yoast_head_json":{"title":"Vila do Bispo Comemora Feriado Municipal \u2013 dia 22 de Janeiro - Algarve 7","description":"Vila do Bispo Comemora Feriado Municipal \u2013 dia 22 de Janeiro Atualidade","robots":{"index":"index","follow":"follow","max-snippet":"max-snippet:-1","max-image-preview":"max-image-preview:large","max-video-preview":"max-video-preview:-1"},"canonical":"https:\/\/algarve7.pt\/index.php\/2021\/01\/vila-do-bispo-comemora-feriado-municipal-dia-22-de-janeiro\/atualidade\/15\/45\/","og_locale":"pt_PT","og_type":"article","og_title":"Vila do Bispo Comemora Feriado Municipal \u2013 dia 22 de Janeiro - Algarve 7","og_description":"Vila do Bispo Comemora Feriado Municipal \u2013 dia 22 de Janeiro Atualidade","og_url":"https:\/\/algarve7.pt\/index.php\/2021\/01\/vila-do-bispo-comemora-feriado-municipal-dia-22-de-janeiro\/atualidade\/15\/45\/","og_site_name":"Algarve 7","article_publisher":"https:\/\/www.facebook.com\/algarve7","article_author":"https:\/\/www.facebook.com\/algarve7","article_published_time":"2021-01-19T15:45:47+00:00","article_modified_time":"2021-01-19T15:45:51+00:00","og_image":[{"width":1348,"height":835,"url":"https:\/\/algarve7.pt\/wp-content\/uploads\/2021\/01\/cartaz_feriado_municipal_2021_vdef-e1611071121814.jpg","type":"image\/jpeg"}],"author":"Algarve 7","twitter_card":"summary_large_image","twitter_creator":"@Algarvesete","twitter_site":"@Algarvesete","twitter_misc":{"Escrito por":"Algarve 7","Tempo estimado de leitura":"3 minutos"},"schema":{"@context":"https:\/\/schema.org","@graph":[{"@type":"Article","@id":"https:\/\/algarve7.pt\/index.php\/2021\/01\/vila-do-bispo-comemora-feriado-municipal-dia-22-de-janeiro\/atualidade\/15\/45\/#article","isPartOf":{"@id":"https:\/\/algarve7.pt\/index.php\/2021\/01\/vila-do-bispo-comemora-feriado-municipal-dia-22-de-janeiro\/atualidade\/15\/45\/"},"author":{"name":"Algarve 7","@id":"https:\/\/algarve7.pt\/#\/schema\/person\/23fa70681308e7b319a3204bcea45e0c"},"headline":"Vila do Bispo Comemora Feriado Municipal \u2013 dia 22 de Janeiro","datePublished":"2021-01-19T15:45:47+00:00","dateModified":"2021-01-19T15:45:51+00:00","mainEntityOfPage":{"@id":"https:\/\/algarve7.pt\/index.php\/2021\/01\/vila-do-bispo-comemora-feriado-municipal-dia-22-de-janeiro\/atualidade\/15\/45\/"},"wordCount":1377,"publisher":{"@id":"https:\/\/algarve7.pt\/#organization"},"image":{"@id":"https:\/\/algarve7.pt\/index.php\/2021\/01\/vila-do-bispo-comemora-feriado-municipal-dia-22-de-janeiro\/atualidade\/15\/45\/#primaryimage"},"thumbnailUrl":"https:\/\/algarve7.pt\/wp-content\/uploads\/2021\/01\/cartaz_feriado_municipal_2021_vdef-e1611071121814.jpg","keywords":["Algarve","Atualidade","Feriado","Vila do Bispo"],"articleSection":["Atualidade"],"inLanguage":"pt-PT"},{"@type":"WebPage","@id":"https:\/\/algarve7.pt\/index.php\/2021\/01\/vila-do-bispo-comemora-feriado-municipal-dia-22-de-janeiro\/atualidade\/15\/45\/","url":"https:\/\/algarve7.pt\/index.php\/2021\/01\/vila-do-bispo-comemora-feriado-municipal-dia-22-de-janeiro\/atualidade\/15\/45\/","name":"Vila do Bispo Comemora Feriado Municipal \u2013 dia 22 de Janeiro - Algarve 7","isPartOf":{"@id":"https:\/\/algarve7.pt\/#website"},"primaryImageOfPage":{"@id":"https:\/\/algarve7.pt\/index.php\/2021\/01\/vila-do-bispo-comemora-feriado-municipal-dia-22-de-janeiro\/atualidade\/15\/45\/#primaryimage"},"image":{"@id":"https:\/\/algarve7.pt\/index.php\/2021\/01\/vila-do-bispo-comemora-feriado-municipal-dia-22-de-janeiro\/atualidade\/15\/45\/#primaryimage"},"thumbnailUrl":"https:\/\/algarve7.pt\/wp-content\/uploads\/2021\/01\/cartaz_feriado_municipal_2021_vdef-e1611071121814.jpg","datePublished":"2021-01-19T15:45:47+00:00","dateModified":"2021-01-19T15:45:51+00:00","description":"Vila do Bispo Comemora Feriado Municipal \u2013 dia 22 de Janeiro Atualidade","breadcrumb":{"@id":"https:\/\/algarve7.pt\/index.php\/2021\/01\/vila-do-bispo-comemora-feriado-municipal-dia-22-de-janeiro\/atualidade\/15\/45\/#breadcrumb"},"inLanguage":"pt-PT","potentialAction":[{"@type":"ReadAction","target":["https:\/\/algarve7.pt\/index.php\/2021\/01\/vila-do-bispo-comemora-feriado-municipal-dia-22-de-janeiro\/atualidade\/15\/45\/"]}]},{"@type":"ImageObject","inLanguage":"pt-PT","@id":"https:\/\/algarve7.pt\/index.php\/2021\/01\/vila-do-bispo-comemora-feriado-municipal-dia-22-de-janeiro\/atualidade\/15\/45\/#primaryimage","url":"https:\/\/algarve7.pt\/wp-content\/uploads\/2021\/01\/cartaz_feriado_municipal_2021_vdef-e1611071121814.jpg","contentUrl":"https:\/\/algarve7.pt\/wp-content\/uploads\/2021\/01\/cartaz_feriado_municipal_2021_vdef-e1611071121814.jpg","width":1348,"height":835},{"@type":"BreadcrumbList","@id":"https:\/\/algarve7.pt\/index.php\/2021\/01\/vila-do-bispo-comemora-feriado-municipal-dia-22-de-janeiro\/atualidade\/15\/45\/#breadcrumb","itemListElement":[{"@type":"ListItem","position":1,"name":"In\u00edcio","item":"https:\/\/algarve7.pt\/"},{"@type":"ListItem","position":2,"name":"Vila do Bispo Comemora Feriado Municipal \u2013 dia 22 de Janeiro"}]},{"@type":"WebSite","@id":"https:\/\/algarve7.pt\/#website","url":"https:\/\/algarve7.pt\/","name":"Algarve 7","description":"Informa\u00e7\u00e3o sobre o Algarve","publisher":{"@id":"https:\/\/algarve7.pt\/#organization"},"potentialAction":[{"@type":"SearchAction","target":{"@type":"EntryPoint","urlTemplate":"https:\/\/algarve7.pt\/?s={search_term_string}"},"query-input":{"@type":"PropertyValueSpecification","valueRequired":true,"valueName":"search_term_string"}}],"inLanguage":"pt-PT"},{"@type":"Organization","@id":"https:\/\/algarve7.pt\/#organization","name":"Algarve 7","url":"https:\/\/algarve7.pt\/","logo":{"@type":"ImageObject","inLanguage":"pt-PT","@id":"https:\/\/algarve7.pt\/#\/schema\/logo\/image\/","url":"https:\/\/algarve7.pt\/wp-content\/uploads\/2020\/10\/Logo-8.jpg","contentUrl":"https:\/\/algarve7.pt\/wp-content\/uploads\/2020\/10\/Logo-8.jpg","width":1680,"height":1186,"caption":"Algarve 7"},"image":{"@id":"https:\/\/algarve7.pt\/#\/schema\/logo\/image\/"},"sameAs":["https:\/\/www.facebook.com\/algarve7","https:\/\/x.com\/Algarvesete","https:\/\/www.instagram.com\/jornalalgarve7\/","https:\/\/www.linkedin.com\/company\/algarve7","https:\/\/www.pinterest.pt\/geral0939\/_created\/"]},{"@type":"Person","@id":"https:\/\/algarve7.pt\/#\/schema\/person\/23fa70681308e7b319a3204bcea45e0c","name":"Algarve 7","sameAs":["https:\/\/algarve7.pt","https:\/\/www.facebook.com\/algarve7"],"url":"https:\/\/algarve7.pt\/index.php\/author\/geralalgarve7-pt\/"}]}},"jetpack_publicize_connections":[],"jetpack_featured_media_url":"https:\/\/algarve7.pt\/wp-content\/uploads\/2021\/01\/cartaz_feriado_municipal_2021_vdef-e1611071121814.jpg","jetpack_shortlink":"https:\/\/wp.me\/pcezmW-1q4","jetpack_sharing_enabled":true,"_links":{"self":[{"href":"https:\/\/algarve7.pt\/index.php\/wp-json\/wp\/v2\/posts\/5460","targetHints":{"allow":["GET"]}}],"collection":[{"href":"https:\/\/algarve7.pt\/index.php\/wp-json\/wp\/v2\/posts"}],"about":[{"href":"https:\/\/algarve7.pt\/index.php\/wp-json\/wp\/v2\/types\/post"}],"author":[{"embeddable":true,"href":"https:\/\/algarve7.pt\/index.php\/wp-json\/wp\/v2\/users\/1"}],"replies":[{"embeddable":true,"href":"https:\/\/algarve7.pt\/index.php\/wp-json\/wp\/v2\/comments?post=5460"}],"version-history":[{"count":0,"href":"https:\/\/algarve7.pt\/index.php\/wp-json\/wp\/v2\/posts\/5460\/revisions"}],"wp:featuredmedia":[{"embeddable":true,"href":"https:\/\/algarve7.pt\/index.php\/wp-json\/wp\/v2\/media\/5461"}],"wp:attachment":[{"href":"https:\/\/algarve7.pt\/index.php\/wp-json\/wp\/v2\/media?parent=5460"}],"wp:term":[{"taxonomy":"category","embeddable":true,"href":"https:\/\/algarve7.pt\/index.php\/wp-json\/wp\/v2\/categories?post=5460"},{"taxonomy":"post_tag","embeddable":true,"href":"https:\/\/algarve7.pt\/index.php\/wp-json\/wp\/v2\/tags?post=5460"}],"curies":[{"name":"wp","href":"https:\/\/api.w.org\/{rel}","templated":true}]}}