{"id":54592,"date":"2025-10-02T07:55:00","date_gmt":"2025-10-02T06:55:00","guid":{"rendered":"https:\/\/algarve7.pt\/?p=54592"},"modified":"2025-10-01T18:57:23","modified_gmt":"2025-10-01T17:57:23","slug":"in-loco-abre-concurso-de-apoio-para-pequenos-investimentos-agricolas","status":"publish","type":"post","link":"https:\/\/algarve7.pt\/index.php\/2025\/10\/in-loco-abre-concurso-de-apoio-para-pequenos-investimentos-agricolas\/economia\/07\/55\/","title":{"rendered":"In Loco abre concurso de apoio para pequenos investimentos agr\u00edcolas"},"content":{"rendered":"\n<p>Na tarde do passado dia 23 de setembro teve lugar a primeira reuni\u00e3o do \u00d3rg\u00e3o de Gest\u00e3o do GAL Algarve Central onde foi aprovado o primeiro aviso da medida D.1.1.1.1 \u00abPequenos investimentos na explora\u00e7\u00e3o agr\u00edcola\u00bb, marcando o arranque da implementa\u00e7\u00e3o desta EDL.<\/p>\n\n\n\n<p>A interven\u00e7\u00e3o D.1.1.1.1 \u00abPequenos investimentos na explora\u00e7\u00e3o agr\u00edcola\u00bb, visa fomentar o investimento nas explora\u00e7\u00f5es agr\u00edcolas, permitindo a melhoria da sua capacidade produtiva, da viabilidade econ\u00f3mica e da sua efici\u00eancia, promovendo a ado\u00e7\u00e3o de pr\u00e1ticas sustent\u00e1veis e tecnologias adequadas \u00e0 escala local.<\/p>\n\n\n\n<p>O aviso aberto ontem, dia 30, encerra \u00e0s 17h do dia 19 de dezembro.<\/p>\n\n\n\n<p>O investimento nas explora\u00e7\u00f5es deve ser superior ou igual a 2 000 \u20ac e inferior ou igual a 50 000 \u20ac.<\/p>\n\n\n\n<p>Os apoios variam entre 50% a 75% do investimento eleg\u00edvel, sob a forma de subven\u00e7\u00e3o n\u00e3o reembols\u00e1vel.<\/p>\n\n\n\n<p>Os investimentos devem estar localizados no territ\u00f3rio do Algarve Central, que abrange as seguintes freguesias: concelho de Albufeira (freguesias de Ferreiras, Guia e Paderne); concelho de Faro (freguesias de Santa B\u00e1rbara de Nexe, Uni\u00e3o das freguesias de Concei\u00e7\u00e3o e Estoi e Uni\u00e3o de Freguesias de Faro (S\u00e9 e S\u00e3o Pedro)); concelho de Loul\u00e9 (freguesias de Almancil, Alte, Ameixial, Boliqueime, Salir, S\u00e3o Clemente, S\u00e3o Sebasti\u00e3o e Uni\u00e3o das freguesias de Queren\u00e7a, T\u00f4r e Benafim); concelho de Olh\u00e3o (freguesias de Pech\u00e3o e Uni\u00e3o das freguesias de Moncarapacho e Fuseta); concelho de S\u00e3o Br\u00e1s de Alportel (freguesia de S\u00e3o Br\u00e1s de Alportel); concelho de Silves (freguesias de S\u00e3o Bartolomeu de Messines e S\u00e3o Marcos da Serra); concelho de Tavira (freguesias de Cachopo, Santa Catarina da Fonte do Bispo e Uni\u00e3o das freguesias de Luz de Tavira e Santo Est\u00eav\u00e3o).<\/p>\n\n\n\n<p>Na parte da manh\u00e3 do mesmo dia, no Sal\u00e3o Nobre da C\u00e2mara Municipal de S\u00e3o Br\u00e1s de Alportel, tiveram lugar duas sess\u00f5es distintas, num encontro que contou com a participa\u00e7\u00e3o de parceiros locais e representantes institucionais dos Grupos de A\u00e7\u00e3o Local do territ\u00f3rio:<\/p>\n","protected":false},"excerpt":{"rendered":"<p>Na tarde do passado dia 23 de setembro teve lugar a primeira reuni\u00e3o do \u00d3rg\u00e3o de Gest\u00e3o do GAL Algarve<\/p>\n","protected":false},"author":1,"featured_media":54593,"comment_status":"closed","ping_status":"closed","sticky":false,"template":"","format":"standard","meta":{"colormag_page_container_layout":"default_layout","colormag_page_sidebar_layout":"default_layout","_monsterinsights_skip_tracking":false,"_monsterinsights_sitenote_active":false,"_monsterinsights_sitenote_note":"","_monsterinsights_sitenote_category":0,"jetpack_post_was_ever_published":false,"_jetpack_newsletter_access":"","_jetpack_dont_email_post_to_subs":false,"_jetpack_newsletter_tier_id":0,"_jetpack_memberships_contains_paywalled_content":false,"_jetpack_memberships_contains_paid_content":false,"footnotes":"","jetpack_publicize_message":"","jetpack_publicize_feature_enabled":true,"jetpack_social_post_already_shared":false,"jetpack_social_options":{"image_generator_settings":{"template":"highway","default_image_id":0,"font":"","enabled":false},"version":2}},"categories":[151],"tags":[36,153,152],"class_list":["post-54592","post","type-post","status-publish","format-standard","has-post-thumbnail","hentry","category-economia","tag-algarve","tag-economia","tag-in-loco"],"yoast_head":"<!-- This site is optimized with the Yoast SEO plugin v27.5 - https:\/\/yoast.com\/product\/yoast-seo-wordpress\/ -->\n<title>In Loco abre concurso de apoio para pequenos investimentos agr\u00edcolas - Algarve 7<\/title>\n<meta name=\"description\" content=\"In Loco abre concurso de apoio para pequenos investimentos agr\u00edcolas Economia\" \/>\n<meta name=\"robots\" content=\"index, follow, max-snippet:-1, max-image-preview:large, max-video-preview:-1\" \/>\n<link rel=\"canonical\" href=\"https:\/\/algarve7.pt\/index.php\/2025\/10\/in-loco-abre-concurso-de-apoio-para-pequenos-investimentos-agricolas\/economia\/07\/55\/\" \/>\n<meta property=\"og:locale\" content=\"pt_PT\" \/>\n<meta property=\"og:type\" content=\"article\" \/>\n<meta property=\"og:title\" content=\"In Loco abre concurso de apoio para pequenos investimentos agr\u00edcolas - Algarve 7\" \/>\n<meta property=\"og:description\" content=\"In Loco abre concurso de apoio para pequenos investimentos agr\u00edcolas Economia\" \/>\n<meta property=\"og:url\" content=\"https:\/\/algarve7.pt\/index.php\/2025\/10\/in-loco-abre-concurso-de-apoio-para-pequenos-investimentos-agricolas\/economia\/07\/55\/\" \/>\n<meta property=\"og:site_name\" content=\"Algarve 7\" \/>\n<meta property=\"article:publisher\" content=\"https:\/\/www.facebook.com\/algarve7\" \/>\n<meta property=\"article:author\" content=\"https:\/\/www.facebook.com\/algarve7\" \/>\n<meta property=\"article:published_time\" content=\"2025-10-02T06:55:00+00:00\" \/>\n<meta property=\"og:image\" content=\"https:\/\/algarve7.pt\/wp-content\/uploads\/2025\/10\/20250923_124826.jpg\" \/>\n\t<meta property=\"og:image:width\" content=\"800\" \/>\n\t<meta property=\"og:image:height\" content=\"500\" \/>\n\t<meta property=\"og:image:type\" content=\"image\/jpeg\" \/>\n<meta name=\"author\" content=\"Algarve 7\" \/>\n<meta name=\"twitter:card\" content=\"summary_large_image\" \/>\n<meta name=\"twitter:creator\" content=\"@Algarvesete\" \/>\n<meta name=\"twitter:site\" content=\"@Algarvesete\" \/>\n<meta name=\"twitter:label1\" content=\"Escrito por\" \/>\n\t<meta name=\"twitter:data1\" content=\"Algarve 7\" \/>\n\t<meta name=\"twitter:label2\" content=\"Tempo estimado de leitura\" \/>\n\t<meta name=\"twitter:data2\" content=\"2 minutos\" \/>\n<script type=\"application\/ld+json\" class=\"yoast-schema-graph\">{\"@context\":\"https:\\\/\\\/schema.org\",\"@graph\":[{\"@type\":\"Article\",\"@id\":\"https:\\\/\\\/algarve7.pt\\\/index.php\\\/2025\\\/10\\\/in-loco-abre-concurso-de-apoio-para-pequenos-investimentos-agricolas\\\/economia\\\/07\\\/55\\\/#article\",\"isPartOf\":{\"@id\":\"https:\\\/\\\/algarve7.pt\\\/index.php\\\/2025\\\/10\\\/in-loco-abre-concurso-de-apoio-para-pequenos-investimentos-agricolas\\\/economia\\\/07\\\/55\\\/\"},\"author\":{\"name\":\"Algarve 7\",\"@id\":\"https:\\\/\\\/algarve7.pt\\\/#\\\/schema\\\/person\\\/23fa70681308e7b319a3204bcea45e0c\"},\"headline\":\"In Loco abre concurso de apoio para pequenos investimentos agr\u00edcolas\",\"datePublished\":\"2025-10-02T06:55:00+00:00\",\"mainEntityOfPage\":{\"@id\":\"https:\\\/\\\/algarve7.pt\\\/index.php\\\/2025\\\/10\\\/in-loco-abre-concurso-de-apoio-para-pequenos-investimentos-agricolas\\\/economia\\\/07\\\/55\\\/\"},\"wordCount\":366,\"publisher\":{\"@id\":\"https:\\\/\\\/algarve7.pt\\\/#organization\"},\"image\":{\"@id\":\"https:\\\/\\\/algarve7.pt\\\/index.php\\\/2025\\\/10\\\/in-loco-abre-concurso-de-apoio-para-pequenos-investimentos-agricolas\\\/economia\\\/07\\\/55\\\/#primaryimage\"},\"thumbnailUrl\":\"https:\\\/\\\/algarve7.pt\\\/wp-content\\\/uploads\\\/2025\\\/10\\\/20250923_124826.jpg\",\"keywords\":[\"Algarve\",\"Economia\",\"In Loco\"],\"articleSection\":[\"Economia\"],\"inLanguage\":\"pt-PT\"},{\"@type\":\"WebPage\",\"@id\":\"https:\\\/\\\/algarve7.pt\\\/index.php\\\/2025\\\/10\\\/in-loco-abre-concurso-de-apoio-para-pequenos-investimentos-agricolas\\\/economia\\\/07\\\/55\\\/\",\"url\":\"https:\\\/\\\/algarve7.pt\\\/index.php\\\/2025\\\/10\\\/in-loco-abre-concurso-de-apoio-para-pequenos-investimentos-agricolas\\\/economia\\\/07\\\/55\\\/\",\"name\":\"In Loco abre concurso de apoio para pequenos investimentos agr\u00edcolas - Algarve 7\",\"isPartOf\":{\"@id\":\"https:\\\/\\\/algarve7.pt\\\/#website\"},\"primaryImageOfPage\":{\"@id\":\"https:\\\/\\\/algarve7.pt\\\/index.php\\\/2025\\\/10\\\/in-loco-abre-concurso-de-apoio-para-pequenos-investimentos-agricolas\\\/economia\\\/07\\\/55\\\/#primaryimage\"},\"image\":{\"@id\":\"https:\\\/\\\/algarve7.pt\\\/index.php\\\/2025\\\/10\\\/in-loco-abre-concurso-de-apoio-para-pequenos-investimentos-agricolas\\\/economia\\\/07\\\/55\\\/#primaryimage\"},\"thumbnailUrl\":\"https:\\\/\\\/algarve7.pt\\\/wp-content\\\/uploads\\\/2025\\\/10\\\/20250923_124826.jpg\",\"datePublished\":\"2025-10-02T06:55:00+00:00\",\"description\":\"In Loco abre concurso de apoio para pequenos investimentos agr\u00edcolas Economia\",\"breadcrumb\":{\"@id\":\"https:\\\/\\\/algarve7.pt\\\/index.php\\\/2025\\\/10\\\/in-loco-abre-concurso-de-apoio-para-pequenos-investimentos-agricolas\\\/economia\\\/07\\\/55\\\/#breadcrumb\"},\"inLanguage\":\"pt-PT\",\"potentialAction\":[{\"@type\":\"ReadAction\",\"target\":[\"https:\\\/\\\/algarve7.pt\\\/index.php\\\/2025\\\/10\\\/in-loco-abre-concurso-de-apoio-para-pequenos-investimentos-agricolas\\\/economia\\\/07\\\/55\\\/\"]}]},{\"@type\":\"ImageObject\",\"inLanguage\":\"pt-PT\",\"@id\":\"https:\\\/\\\/algarve7.pt\\\/index.php\\\/2025\\\/10\\\/in-loco-abre-concurso-de-apoio-para-pequenos-investimentos-agricolas\\\/economia\\\/07\\\/55\\\/#primaryimage\",\"url\":\"https:\\\/\\\/algarve7.pt\\\/wp-content\\\/uploads\\\/2025\\\/10\\\/20250923_124826.jpg\",\"contentUrl\":\"https:\\\/\\\/algarve7.pt\\\/wp-content\\\/uploads\\\/2025\\\/10\\\/20250923_124826.jpg\",\"width\":800,\"height\":500},{\"@type\":\"BreadcrumbList\",\"@id\":\"https:\\\/\\\/algarve7.pt\\\/index.php\\\/2025\\\/10\\\/in-loco-abre-concurso-de-apoio-para-pequenos-investimentos-agricolas\\\/economia\\\/07\\\/55\\\/#breadcrumb\",\"itemListElement\":[{\"@type\":\"ListItem\",\"position\":1,\"name\":\"In\u00edcio\",\"item\":\"https:\\\/\\\/algarve7.pt\\\/\"},{\"@type\":\"ListItem\",\"position\":2,\"name\":\"In Loco abre concurso de apoio para pequenos investimentos agr\u00edcolas\"}]},{\"@type\":\"WebSite\",\"@id\":\"https:\\\/\\\/algarve7.pt\\\/#website\",\"url\":\"https:\\\/\\\/algarve7.pt\\\/\",\"name\":\"Algarve 7\",\"description\":\"Informa\u00e7\u00e3o sobre o Algarve\",\"publisher\":{\"@id\":\"https:\\\/\\\/algarve7.pt\\\/#organization\"},\"potentialAction\":[{\"@type\":\"SearchAction\",\"target\":{\"@type\":\"EntryPoint\",\"urlTemplate\":\"https:\\\/\\\/algarve7.pt\\\/?s={search_term_string}\"},\"query-input\":{\"@type\":\"PropertyValueSpecification\",\"valueRequired\":true,\"valueName\":\"search_term_string\"}}],\"inLanguage\":\"pt-PT\"},{\"@type\":\"Organization\",\"@id\":\"https:\\\/\\\/algarve7.pt\\\/#organization\",\"name\":\"Algarve 7\",\"url\":\"https:\\\/\\\/algarve7.pt\\\/\",\"logo\":{\"@type\":\"ImageObject\",\"inLanguage\":\"pt-PT\",\"@id\":\"https:\\\/\\\/algarve7.pt\\\/#\\\/schema\\\/logo\\\/image\\\/\",\"url\":\"https:\\\/\\\/algarve7.pt\\\/wp-content\\\/uploads\\\/2020\\\/10\\\/Logo-8.jpg\",\"contentUrl\":\"https:\\\/\\\/algarve7.pt\\\/wp-content\\\/uploads\\\/2020\\\/10\\\/Logo-8.jpg\",\"width\":1680,\"height\":1186,\"caption\":\"Algarve 7\"},\"image\":{\"@id\":\"https:\\\/\\\/algarve7.pt\\\/#\\\/schema\\\/logo\\\/image\\\/\"},\"sameAs\":[\"https:\\\/\\\/www.facebook.com\\\/algarve7\",\"https:\\\/\\\/x.com\\\/Algarvesete\",\"https:\\\/\\\/www.instagram.com\\\/jornalalgarve7\\\/\",\"https:\\\/\\\/www.linkedin.com\\\/company\\\/algarve7\",\"https:\\\/\\\/www.pinterest.pt\\\/geral0939\\\/_created\\\/\"]},{\"@type\":\"Person\",\"@id\":\"https:\\\/\\\/algarve7.pt\\\/#\\\/schema\\\/person\\\/23fa70681308e7b319a3204bcea45e0c\",\"name\":\"Algarve 7\",\"sameAs\":[\"https:\\\/\\\/algarve7.pt\",\"https:\\\/\\\/www.facebook.com\\\/algarve7\"],\"url\":\"https:\\\/\\\/algarve7.pt\\\/index.php\\\/author\\\/geralalgarve7-pt\\\/\"}]}<\/script>\n<!-- \/ Yoast SEO plugin. -->","yoast_head_json":{"title":"In Loco abre concurso de apoio para pequenos investimentos agr\u00edcolas - Algarve 7","description":"In Loco abre concurso de apoio para pequenos investimentos agr\u00edcolas Economia","robots":{"index":"index","follow":"follow","max-snippet":"max-snippet:-1","max-image-preview":"max-image-preview:large","max-video-preview":"max-video-preview:-1"},"canonical":"https:\/\/algarve7.pt\/index.php\/2025\/10\/in-loco-abre-concurso-de-apoio-para-pequenos-investimentos-agricolas\/economia\/07\/55\/","og_locale":"pt_PT","og_type":"article","og_title":"In Loco abre concurso de apoio para pequenos investimentos agr\u00edcolas - Algarve 7","og_description":"In Loco abre concurso de apoio para pequenos investimentos agr\u00edcolas Economia","og_url":"https:\/\/algarve7.pt\/index.php\/2025\/10\/in-loco-abre-concurso-de-apoio-para-pequenos-investimentos-agricolas\/economia\/07\/55\/","og_site_name":"Algarve 7","article_publisher":"https:\/\/www.facebook.com\/algarve7","article_author":"https:\/\/www.facebook.com\/algarve7","article_published_time":"2025-10-02T06:55:00+00:00","og_image":[{"width":800,"height":500,"url":"https:\/\/algarve7.pt\/wp-content\/uploads\/2025\/10\/20250923_124826.jpg","type":"image\/jpeg"}],"author":"Algarve 7","twitter_card":"summary_large_image","twitter_creator":"@Algarvesete","twitter_site":"@Algarvesete","twitter_misc":{"Escrito por":"Algarve 7","Tempo estimado de leitura":"2 minutos"},"schema":{"@context":"https:\/\/schema.org","@graph":[{"@type":"Article","@id":"https:\/\/algarve7.pt\/index.php\/2025\/10\/in-loco-abre-concurso-de-apoio-para-pequenos-investimentos-agricolas\/economia\/07\/55\/#article","isPartOf":{"@id":"https:\/\/algarve7.pt\/index.php\/2025\/10\/in-loco-abre-concurso-de-apoio-para-pequenos-investimentos-agricolas\/economia\/07\/55\/"},"author":{"name":"Algarve 7","@id":"https:\/\/algarve7.pt\/#\/schema\/person\/23fa70681308e7b319a3204bcea45e0c"},"headline":"In Loco abre concurso de apoio para pequenos investimentos agr\u00edcolas","datePublished":"2025-10-02T06:55:00+00:00","mainEntityOfPage":{"@id":"https:\/\/algarve7.pt\/index.php\/2025\/10\/in-loco-abre-concurso-de-apoio-para-pequenos-investimentos-agricolas\/economia\/07\/55\/"},"wordCount":366,"publisher":{"@id":"https:\/\/algarve7.pt\/#organization"},"image":{"@id":"https:\/\/algarve7.pt\/index.php\/2025\/10\/in-loco-abre-concurso-de-apoio-para-pequenos-investimentos-agricolas\/economia\/07\/55\/#primaryimage"},"thumbnailUrl":"https:\/\/algarve7.pt\/wp-content\/uploads\/2025\/10\/20250923_124826.jpg","keywords":["Algarve","Economia","In Loco"],"articleSection":["Economia"],"inLanguage":"pt-PT"},{"@type":"WebPage","@id":"https:\/\/algarve7.pt\/index.php\/2025\/10\/in-loco-abre-concurso-de-apoio-para-pequenos-investimentos-agricolas\/economia\/07\/55\/","url":"https:\/\/algarve7.pt\/index.php\/2025\/10\/in-loco-abre-concurso-de-apoio-para-pequenos-investimentos-agricolas\/economia\/07\/55\/","name":"In Loco abre concurso de apoio para pequenos investimentos agr\u00edcolas - Algarve 7","isPartOf":{"@id":"https:\/\/algarve7.pt\/#website"},"primaryImageOfPage":{"@id":"https:\/\/algarve7.pt\/index.php\/2025\/10\/in-loco-abre-concurso-de-apoio-para-pequenos-investimentos-agricolas\/economia\/07\/55\/#primaryimage"},"image":{"@id":"https:\/\/algarve7.pt\/index.php\/2025\/10\/in-loco-abre-concurso-de-apoio-para-pequenos-investimentos-agricolas\/economia\/07\/55\/#primaryimage"},"thumbnailUrl":"https:\/\/algarve7.pt\/wp-content\/uploads\/2025\/10\/20250923_124826.jpg","datePublished":"2025-10-02T06:55:00+00:00","description":"In Loco abre concurso de apoio para pequenos investimentos agr\u00edcolas Economia","breadcrumb":{"@id":"https:\/\/algarve7.pt\/index.php\/2025\/10\/in-loco-abre-concurso-de-apoio-para-pequenos-investimentos-agricolas\/economia\/07\/55\/#breadcrumb"},"inLanguage":"pt-PT","potentialAction":[{"@type":"ReadAction","target":["https:\/\/algarve7.pt\/index.php\/2025\/10\/in-loco-abre-concurso-de-apoio-para-pequenos-investimentos-agricolas\/economia\/07\/55\/"]}]},{"@type":"ImageObject","inLanguage":"pt-PT","@id":"https:\/\/algarve7.pt\/index.php\/2025\/10\/in-loco-abre-concurso-de-apoio-para-pequenos-investimentos-agricolas\/economia\/07\/55\/#primaryimage","url":"https:\/\/algarve7.pt\/wp-content\/uploads\/2025\/10\/20250923_124826.jpg","contentUrl":"https:\/\/algarve7.pt\/wp-content\/uploads\/2025\/10\/20250923_124826.jpg","width":800,"height":500},{"@type":"BreadcrumbList","@id":"https:\/\/algarve7.pt\/index.php\/2025\/10\/in-loco-abre-concurso-de-apoio-para-pequenos-investimentos-agricolas\/economia\/07\/55\/#breadcrumb","itemListElement":[{"@type":"ListItem","position":1,"name":"In\u00edcio","item":"https:\/\/algarve7.pt\/"},{"@type":"ListItem","position":2,"name":"In Loco abre concurso de apoio para pequenos investimentos agr\u00edcolas"}]},{"@type":"WebSite","@id":"https:\/\/algarve7.pt\/#website","url":"https:\/\/algarve7.pt\/","name":"Algarve 7","description":"Informa\u00e7\u00e3o sobre o Algarve","publisher":{"@id":"https:\/\/algarve7.pt\/#organization"},"potentialAction":[{"@type":"SearchAction","target":{"@type":"EntryPoint","urlTemplate":"https:\/\/algarve7.pt\/?s={search_term_string}"},"query-input":{"@type":"PropertyValueSpecification","valueRequired":true,"valueName":"search_term_string"}}],"inLanguage":"pt-PT"},{"@type":"Organization","@id":"https:\/\/algarve7.pt\/#organization","name":"Algarve 7","url":"https:\/\/algarve7.pt\/","logo":{"@type":"ImageObject","inLanguage":"pt-PT","@id":"https:\/\/algarve7.pt\/#\/schema\/logo\/image\/","url":"https:\/\/algarve7.pt\/wp-content\/uploads\/2020\/10\/Logo-8.jpg","contentUrl":"https:\/\/algarve7.pt\/wp-content\/uploads\/2020\/10\/Logo-8.jpg","width":1680,"height":1186,"caption":"Algarve 7"},"image":{"@id":"https:\/\/algarve7.pt\/#\/schema\/logo\/image\/"},"sameAs":["https:\/\/www.facebook.com\/algarve7","https:\/\/x.com\/Algarvesete","https:\/\/www.instagram.com\/jornalalgarve7\/","https:\/\/www.linkedin.com\/company\/algarve7","https:\/\/www.pinterest.pt\/geral0939\/_created\/"]},{"@type":"Person","@id":"https:\/\/algarve7.pt\/#\/schema\/person\/23fa70681308e7b319a3204bcea45e0c","name":"Algarve 7","sameAs":["https:\/\/algarve7.pt","https:\/\/www.facebook.com\/algarve7"],"url":"https:\/\/algarve7.pt\/index.php\/author\/geralalgarve7-pt\/"}]}},"jetpack_publicize_connections":[],"jetpack_featured_media_url":"https:\/\/algarve7.pt\/wp-content\/uploads\/2025\/10\/20250923_124826.jpg","jetpack_shortlink":"https:\/\/wp.me\/pcezmW-ecw","jetpack_sharing_enabled":true,"_links":{"self":[{"href":"https:\/\/algarve7.pt\/index.php\/wp-json\/wp\/v2\/posts\/54592","targetHints":{"allow":["GET"]}}],"collection":[{"href":"https:\/\/algarve7.pt\/index.php\/wp-json\/wp\/v2\/posts"}],"about":[{"href":"https:\/\/algarve7.pt\/index.php\/wp-json\/wp\/v2\/types\/post"}],"author":[{"embeddable":true,"href":"https:\/\/algarve7.pt\/index.php\/wp-json\/wp\/v2\/users\/1"}],"replies":[{"embeddable":true,"href":"https:\/\/algarve7.pt\/index.php\/wp-json\/wp\/v2\/comments?post=54592"}],"version-history":[{"count":0,"href":"https:\/\/algarve7.pt\/index.php\/wp-json\/wp\/v2\/posts\/54592\/revisions"}],"wp:featuredmedia":[{"embeddable":true,"href":"https:\/\/algarve7.pt\/index.php\/wp-json\/wp\/v2\/media\/54593"}],"wp:attachment":[{"href":"https:\/\/algarve7.pt\/index.php\/wp-json\/wp\/v2\/media?parent=54592"}],"wp:term":[{"taxonomy":"category","embeddable":true,"href":"https:\/\/algarve7.pt\/index.php\/wp-json\/wp\/v2\/categories?post=54592"},{"taxonomy":"post_tag","embeddable":true,"href":"https:\/\/algarve7.pt\/index.php\/wp-json\/wp\/v2\/tags?post=54592"}],"curies":[{"name":"wp","href":"https:\/\/api.w.org\/{rel}","templated":true}]}}