{"id":5457,"date":"2021-01-19T15:34:51","date_gmt":"2021-01-19T15:34:51","guid":{"rendered":"https:\/\/algarve7.pt\/?p=5457"},"modified":"2021-01-19T15:34:55","modified_gmt":"2021-01-19T15:34:55","slug":"uniao-das-freguesias-de-faro-leva-compras-essenciais-ao-domicilio","status":"publish","type":"post","link":"https:\/\/algarve7.pt\/index.php\/2021\/01\/uniao-das-freguesias-de-faro-leva-compras-essenciais-ao-domicilio\/atualidade\/15\/34\/","title":{"rendered":"Uni\u00e3o das freguesias de Faro leva compras essenciais ao domicilio"},"content":{"rendered":"\n<p>Face ao novo confinamento a que o pa\u00eds est\u00e1 sujeito devido ao aumento significativo dos casos COVID-19, que afeta de forma mais severa a popula\u00e7\u00e3o mais idosa e fragilizada em termos de sa\u00fade, a Uni\u00e3o das Freguesias de Faro relan\u00e7a o seu programa de apoio \u201cN\u00e3o saia de casa!\u201d, que esteve em funcionamento aquando do 1\u00ba confinamento em mar\u00e7o e abril do ano passado.<\/p>\n\n\n\n<p>Este programa visa a entrega ao domic\u00edlio de compras essenciais de supermercado e farm\u00e1cia, por parte de uma equipa da Uni\u00e3o das Freguesias de Faro, a todas as pessoas com mais de 70 anos de idade ou com doen\u00e7a cr\u00f3nica desde que em situa\u00e7\u00f5es de isolamento social ou aus\u00eancia de rede de suporte familiar e residentes na freguesia.<\/p>\n\n\n\n<p>Assim, todos os interessados, dever\u00e3o telefonar para a Uni\u00e3o das Freguesias de Faro atrav\u00e9s dos n\u00fameros 289889765 ou 289889760, de segunda a sexta, entre as 9h00 e as 12h30.&nbsp;<\/p>\n\n\n\n<p>A Uni\u00e3o das Freguesias de Faro aproveita para refor\u00e7ar o apelo para a necessidade de todos n\u00f3s cumprirmos escrupulosamente as regras de confinamento decretadas, permanecendo em casa, assim como, cumprir as normas de distanciamento social e etiqueta respirat\u00f3ria.<\/p>\n\n\n\n<p>S\u00f3 com civismo, responsabilidade e com a colabora\u00e7\u00e3o e apoio de todos, poderemos superar com sucesso esta adversidade.<\/p>\n","protected":false},"excerpt":{"rendered":"<p>Face ao novo confinamento a que o pa\u00eds est\u00e1 sujeito devido ao aumento significativo dos casos COVID-19, que afeta de<\/p>\n","protected":false},"author":1,"featured_media":5458,"comment_status":"closed","ping_status":"open","sticky":false,"template":"","format":"standard","meta":{"colormag_page_container_layout":"default_layout","colormag_page_sidebar_layout":"default_layout","_monsterinsights_skip_tracking":false,"_monsterinsights_sitenote_active":false,"_monsterinsights_sitenote_note":"","_monsterinsights_sitenote_category":0,"jetpack_post_was_ever_published":false,"_jetpack_newsletter_access":"","_jetpack_dont_email_post_to_subs":false,"_jetpack_newsletter_tier_id":0,"_jetpack_memberships_contains_paywalled_content":false,"_jetpack_memberships_contains_paid_content":false,"footnotes":"","jetpack_publicize_message":"","jetpack_publicize_feature_enabled":true,"jetpack_social_post_already_shared":true,"jetpack_social_options":{"image_generator_settings":{"template":"highway","default_image_id":0,"font":"","enabled":false},"version":2}},"categories":[11],"tags":[36,62,57],"class_list":["post-5457","post","type-post","status-publish","format-standard","has-post-thumbnail","hentry","category-atualidade","tag-algarve","tag-atualidade","tag-faro"],"yoast_head":"<!-- This site is optimized with the Yoast SEO plugin v27.5 - https:\/\/yoast.com\/product\/yoast-seo-wordpress\/ -->\n<title>Uni\u00e3o das freguesias de Faro leva compras essenciais ao domicilio - Algarve 7<\/title>\n<meta name=\"description\" content=\"Uni\u00e3o das freguesias de Faro leva compras essenciais ao domicilio Atualidade\" \/>\n<meta name=\"robots\" content=\"index, follow, max-snippet:-1, max-image-preview:large, max-video-preview:-1\" \/>\n<link rel=\"canonical\" href=\"https:\/\/algarve7.pt\/index.php\/2021\/01\/uniao-das-freguesias-de-faro-leva-compras-essenciais-ao-domicilio\/atualidade\/15\/34\/\" \/>\n<meta property=\"og:locale\" content=\"pt_PT\" \/>\n<meta property=\"og:type\" content=\"article\" \/>\n<meta property=\"og:title\" content=\"Uni\u00e3o das freguesias de Faro leva compras essenciais ao domicilio - Algarve 7\" \/>\n<meta property=\"og:description\" content=\"Uni\u00e3o das freguesias de Faro leva compras essenciais ao domicilio Atualidade\" \/>\n<meta property=\"og:url\" content=\"https:\/\/algarve7.pt\/index.php\/2021\/01\/uniao-das-freguesias-de-faro-leva-compras-essenciais-ao-domicilio\/atualidade\/15\/34\/\" \/>\n<meta property=\"og:site_name\" content=\"Algarve 7\" \/>\n<meta property=\"article:publisher\" content=\"https:\/\/www.facebook.com\/algarve7\" \/>\n<meta property=\"article:author\" content=\"https:\/\/www.facebook.com\/algarve7\" \/>\n<meta property=\"article:published_time\" content=\"2021-01-19T15:34:51+00:00\" \/>\n<meta property=\"article:modified_time\" content=\"2021-01-19T15:34:55+00:00\" \/>\n<meta property=\"og:image\" content=\"https:\/\/algarve7.pt\/wp-content\/uploads\/2021\/01\/Naosaiacasa.jpg\" \/>\n\t<meta property=\"og:image:width\" content=\"1316\" \/>\n\t<meta property=\"og:image:height\" content=\"1861\" \/>\n\t<meta property=\"og:image:type\" content=\"image\/jpeg\" \/>\n<meta name=\"author\" content=\"Algarve 7\" \/>\n<meta name=\"twitter:card\" content=\"summary_large_image\" \/>\n<meta name=\"twitter:creator\" content=\"@Algarvesete\" \/>\n<meta name=\"twitter:site\" content=\"@Algarvesete\" \/>\n<meta name=\"twitter:label1\" content=\"Escrito por\" \/>\n\t<meta name=\"twitter:data1\" content=\"Algarve 7\" \/>\n\t<meta name=\"twitter:label2\" content=\"Tempo estimado de leitura\" \/>\n\t<meta name=\"twitter:data2\" content=\"1 minuto\" \/>\n<script type=\"application\/ld+json\" class=\"yoast-schema-graph\">{\"@context\":\"https:\\\/\\\/schema.org\",\"@graph\":[{\"@type\":\"Article\",\"@id\":\"https:\\\/\\\/algarve7.pt\\\/index.php\\\/2021\\\/01\\\/uniao-das-freguesias-de-faro-leva-compras-essenciais-ao-domicilio\\\/atualidade\\\/15\\\/34\\\/#article\",\"isPartOf\":{\"@id\":\"https:\\\/\\\/algarve7.pt\\\/index.php\\\/2021\\\/01\\\/uniao-das-freguesias-de-faro-leva-compras-essenciais-ao-domicilio\\\/atualidade\\\/15\\\/34\\\/\"},\"author\":{\"name\":\"Algarve 7\",\"@id\":\"https:\\\/\\\/algarve7.pt\\\/#\\\/schema\\\/person\\\/23fa70681308e7b319a3204bcea45e0c\"},\"headline\":\"Uni\u00e3o das freguesias de Faro leva compras essenciais ao domicilio\",\"datePublished\":\"2021-01-19T15:34:51+00:00\",\"dateModified\":\"2021-01-19T15:34:55+00:00\",\"mainEntityOfPage\":{\"@id\":\"https:\\\/\\\/algarve7.pt\\\/index.php\\\/2021\\\/01\\\/uniao-das-freguesias-de-faro-leva-compras-essenciais-ao-domicilio\\\/atualidade\\\/15\\\/34\\\/\"},\"wordCount\":238,\"publisher\":{\"@id\":\"https:\\\/\\\/algarve7.pt\\\/#organization\"},\"image\":{\"@id\":\"https:\\\/\\\/algarve7.pt\\\/index.php\\\/2021\\\/01\\\/uniao-das-freguesias-de-faro-leva-compras-essenciais-ao-domicilio\\\/atualidade\\\/15\\\/34\\\/#primaryimage\"},\"thumbnailUrl\":\"https:\\\/\\\/algarve7.pt\\\/wp-content\\\/uploads\\\/2021\\\/01\\\/Naosaiacasa.jpg\",\"keywords\":[\"Algarve\",\"Atualidade\",\"Faro\"],\"articleSection\":[\"Atualidade\"],\"inLanguage\":\"pt-PT\"},{\"@type\":\"WebPage\",\"@id\":\"https:\\\/\\\/algarve7.pt\\\/index.php\\\/2021\\\/01\\\/uniao-das-freguesias-de-faro-leva-compras-essenciais-ao-domicilio\\\/atualidade\\\/15\\\/34\\\/\",\"url\":\"https:\\\/\\\/algarve7.pt\\\/index.php\\\/2021\\\/01\\\/uniao-das-freguesias-de-faro-leva-compras-essenciais-ao-domicilio\\\/atualidade\\\/15\\\/34\\\/\",\"name\":\"Uni\u00e3o das freguesias de Faro leva compras essenciais ao domicilio - Algarve 7\",\"isPartOf\":{\"@id\":\"https:\\\/\\\/algarve7.pt\\\/#website\"},\"primaryImageOfPage\":{\"@id\":\"https:\\\/\\\/algarve7.pt\\\/index.php\\\/2021\\\/01\\\/uniao-das-freguesias-de-faro-leva-compras-essenciais-ao-domicilio\\\/atualidade\\\/15\\\/34\\\/#primaryimage\"},\"image\":{\"@id\":\"https:\\\/\\\/algarve7.pt\\\/index.php\\\/2021\\\/01\\\/uniao-das-freguesias-de-faro-leva-compras-essenciais-ao-domicilio\\\/atualidade\\\/15\\\/34\\\/#primaryimage\"},\"thumbnailUrl\":\"https:\\\/\\\/algarve7.pt\\\/wp-content\\\/uploads\\\/2021\\\/01\\\/Naosaiacasa.jpg\",\"datePublished\":\"2021-01-19T15:34:51+00:00\",\"dateModified\":\"2021-01-19T15:34:55+00:00\",\"description\":\"Uni\u00e3o das freguesias de Faro leva compras essenciais ao domicilio Atualidade\",\"breadcrumb\":{\"@id\":\"https:\\\/\\\/algarve7.pt\\\/index.php\\\/2021\\\/01\\\/uniao-das-freguesias-de-faro-leva-compras-essenciais-ao-domicilio\\\/atualidade\\\/15\\\/34\\\/#breadcrumb\"},\"inLanguage\":\"pt-PT\",\"potentialAction\":[{\"@type\":\"ReadAction\",\"target\":[\"https:\\\/\\\/algarve7.pt\\\/index.php\\\/2021\\\/01\\\/uniao-das-freguesias-de-faro-leva-compras-essenciais-ao-domicilio\\\/atualidade\\\/15\\\/34\\\/\"]}]},{\"@type\":\"ImageObject\",\"inLanguage\":\"pt-PT\",\"@id\":\"https:\\\/\\\/algarve7.pt\\\/index.php\\\/2021\\\/01\\\/uniao-das-freguesias-de-faro-leva-compras-essenciais-ao-domicilio\\\/atualidade\\\/15\\\/34\\\/#primaryimage\",\"url\":\"https:\\\/\\\/algarve7.pt\\\/wp-content\\\/uploads\\\/2021\\\/01\\\/Naosaiacasa.jpg\",\"contentUrl\":\"https:\\\/\\\/algarve7.pt\\\/wp-content\\\/uploads\\\/2021\\\/01\\\/Naosaiacasa.jpg\",\"width\":1316,\"height\":1861},{\"@type\":\"BreadcrumbList\",\"@id\":\"https:\\\/\\\/algarve7.pt\\\/index.php\\\/2021\\\/01\\\/uniao-das-freguesias-de-faro-leva-compras-essenciais-ao-domicilio\\\/atualidade\\\/15\\\/34\\\/#breadcrumb\",\"itemListElement\":[{\"@type\":\"ListItem\",\"position\":1,\"name\":\"In\u00edcio\",\"item\":\"https:\\\/\\\/algarve7.pt\\\/\"},{\"@type\":\"ListItem\",\"position\":2,\"name\":\"Uni\u00e3o das freguesias de Faro leva compras essenciais ao domicilio\"}]},{\"@type\":\"WebSite\",\"@id\":\"https:\\\/\\\/algarve7.pt\\\/#website\",\"url\":\"https:\\\/\\\/algarve7.pt\\\/\",\"name\":\"Algarve 7\",\"description\":\"Informa\u00e7\u00e3o sobre o Algarve\",\"publisher\":{\"@id\":\"https:\\\/\\\/algarve7.pt\\\/#organization\"},\"potentialAction\":[{\"@type\":\"SearchAction\",\"target\":{\"@type\":\"EntryPoint\",\"urlTemplate\":\"https:\\\/\\\/algarve7.pt\\\/?s={search_term_string}\"},\"query-input\":{\"@type\":\"PropertyValueSpecification\",\"valueRequired\":true,\"valueName\":\"search_term_string\"}}],\"inLanguage\":\"pt-PT\"},{\"@type\":\"Organization\",\"@id\":\"https:\\\/\\\/algarve7.pt\\\/#organization\",\"name\":\"Algarve 7\",\"url\":\"https:\\\/\\\/algarve7.pt\\\/\",\"logo\":{\"@type\":\"ImageObject\",\"inLanguage\":\"pt-PT\",\"@id\":\"https:\\\/\\\/algarve7.pt\\\/#\\\/schema\\\/logo\\\/image\\\/\",\"url\":\"https:\\\/\\\/algarve7.pt\\\/wp-content\\\/uploads\\\/2020\\\/10\\\/Logo-8.jpg\",\"contentUrl\":\"https:\\\/\\\/algarve7.pt\\\/wp-content\\\/uploads\\\/2020\\\/10\\\/Logo-8.jpg\",\"width\":1680,\"height\":1186,\"caption\":\"Algarve 7\"},\"image\":{\"@id\":\"https:\\\/\\\/algarve7.pt\\\/#\\\/schema\\\/logo\\\/image\\\/\"},\"sameAs\":[\"https:\\\/\\\/www.facebook.com\\\/algarve7\",\"https:\\\/\\\/x.com\\\/Algarvesete\",\"https:\\\/\\\/www.instagram.com\\\/jornalalgarve7\\\/\",\"https:\\\/\\\/www.linkedin.com\\\/company\\\/algarve7\",\"https:\\\/\\\/www.pinterest.pt\\\/geral0939\\\/_created\\\/\"]},{\"@type\":\"Person\",\"@id\":\"https:\\\/\\\/algarve7.pt\\\/#\\\/schema\\\/person\\\/23fa70681308e7b319a3204bcea45e0c\",\"name\":\"Algarve 7\",\"sameAs\":[\"https:\\\/\\\/algarve7.pt\",\"https:\\\/\\\/www.facebook.com\\\/algarve7\"],\"url\":\"https:\\\/\\\/algarve7.pt\\\/index.php\\\/author\\\/geralalgarve7-pt\\\/\"}]}<\/script>\n<!-- \/ Yoast SEO plugin. -->","yoast_head_json":{"title":"Uni\u00e3o das freguesias de Faro leva compras essenciais ao domicilio - Algarve 7","description":"Uni\u00e3o das freguesias de Faro leva compras essenciais ao domicilio Atualidade","robots":{"index":"index","follow":"follow","max-snippet":"max-snippet:-1","max-image-preview":"max-image-preview:large","max-video-preview":"max-video-preview:-1"},"canonical":"https:\/\/algarve7.pt\/index.php\/2021\/01\/uniao-das-freguesias-de-faro-leva-compras-essenciais-ao-domicilio\/atualidade\/15\/34\/","og_locale":"pt_PT","og_type":"article","og_title":"Uni\u00e3o das freguesias de Faro leva compras essenciais ao domicilio - Algarve 7","og_description":"Uni\u00e3o das freguesias de Faro leva compras essenciais ao domicilio Atualidade","og_url":"https:\/\/algarve7.pt\/index.php\/2021\/01\/uniao-das-freguesias-de-faro-leva-compras-essenciais-ao-domicilio\/atualidade\/15\/34\/","og_site_name":"Algarve 7","article_publisher":"https:\/\/www.facebook.com\/algarve7","article_author":"https:\/\/www.facebook.com\/algarve7","article_published_time":"2021-01-19T15:34:51+00:00","article_modified_time":"2021-01-19T15:34:55+00:00","og_image":[{"width":1316,"height":1861,"url":"https:\/\/algarve7.pt\/wp-content\/uploads\/2021\/01\/Naosaiacasa.jpg","type":"image\/jpeg"}],"author":"Algarve 7","twitter_card":"summary_large_image","twitter_creator":"@Algarvesete","twitter_site":"@Algarvesete","twitter_misc":{"Escrito por":"Algarve 7","Tempo estimado de leitura":"1 minuto"},"schema":{"@context":"https:\/\/schema.org","@graph":[{"@type":"Article","@id":"https:\/\/algarve7.pt\/index.php\/2021\/01\/uniao-das-freguesias-de-faro-leva-compras-essenciais-ao-domicilio\/atualidade\/15\/34\/#article","isPartOf":{"@id":"https:\/\/algarve7.pt\/index.php\/2021\/01\/uniao-das-freguesias-de-faro-leva-compras-essenciais-ao-domicilio\/atualidade\/15\/34\/"},"author":{"name":"Algarve 7","@id":"https:\/\/algarve7.pt\/#\/schema\/person\/23fa70681308e7b319a3204bcea45e0c"},"headline":"Uni\u00e3o das freguesias de Faro leva compras essenciais ao domicilio","datePublished":"2021-01-19T15:34:51+00:00","dateModified":"2021-01-19T15:34:55+00:00","mainEntityOfPage":{"@id":"https:\/\/algarve7.pt\/index.php\/2021\/01\/uniao-das-freguesias-de-faro-leva-compras-essenciais-ao-domicilio\/atualidade\/15\/34\/"},"wordCount":238,"publisher":{"@id":"https:\/\/algarve7.pt\/#organization"},"image":{"@id":"https:\/\/algarve7.pt\/index.php\/2021\/01\/uniao-das-freguesias-de-faro-leva-compras-essenciais-ao-domicilio\/atualidade\/15\/34\/#primaryimage"},"thumbnailUrl":"https:\/\/algarve7.pt\/wp-content\/uploads\/2021\/01\/Naosaiacasa.jpg","keywords":["Algarve","Atualidade","Faro"],"articleSection":["Atualidade"],"inLanguage":"pt-PT"},{"@type":"WebPage","@id":"https:\/\/algarve7.pt\/index.php\/2021\/01\/uniao-das-freguesias-de-faro-leva-compras-essenciais-ao-domicilio\/atualidade\/15\/34\/","url":"https:\/\/algarve7.pt\/index.php\/2021\/01\/uniao-das-freguesias-de-faro-leva-compras-essenciais-ao-domicilio\/atualidade\/15\/34\/","name":"Uni\u00e3o das freguesias de Faro leva compras essenciais ao domicilio - Algarve 7","isPartOf":{"@id":"https:\/\/algarve7.pt\/#website"},"primaryImageOfPage":{"@id":"https:\/\/algarve7.pt\/index.php\/2021\/01\/uniao-das-freguesias-de-faro-leva-compras-essenciais-ao-domicilio\/atualidade\/15\/34\/#primaryimage"},"image":{"@id":"https:\/\/algarve7.pt\/index.php\/2021\/01\/uniao-das-freguesias-de-faro-leva-compras-essenciais-ao-domicilio\/atualidade\/15\/34\/#primaryimage"},"thumbnailUrl":"https:\/\/algarve7.pt\/wp-content\/uploads\/2021\/01\/Naosaiacasa.jpg","datePublished":"2021-01-19T15:34:51+00:00","dateModified":"2021-01-19T15:34:55+00:00","description":"Uni\u00e3o das freguesias de Faro leva compras essenciais ao domicilio Atualidade","breadcrumb":{"@id":"https:\/\/algarve7.pt\/index.php\/2021\/01\/uniao-das-freguesias-de-faro-leva-compras-essenciais-ao-domicilio\/atualidade\/15\/34\/#breadcrumb"},"inLanguage":"pt-PT","potentialAction":[{"@type":"ReadAction","target":["https:\/\/algarve7.pt\/index.php\/2021\/01\/uniao-das-freguesias-de-faro-leva-compras-essenciais-ao-domicilio\/atualidade\/15\/34\/"]}]},{"@type":"ImageObject","inLanguage":"pt-PT","@id":"https:\/\/algarve7.pt\/index.php\/2021\/01\/uniao-das-freguesias-de-faro-leva-compras-essenciais-ao-domicilio\/atualidade\/15\/34\/#primaryimage","url":"https:\/\/algarve7.pt\/wp-content\/uploads\/2021\/01\/Naosaiacasa.jpg","contentUrl":"https:\/\/algarve7.pt\/wp-content\/uploads\/2021\/01\/Naosaiacasa.jpg","width":1316,"height":1861},{"@type":"BreadcrumbList","@id":"https:\/\/algarve7.pt\/index.php\/2021\/01\/uniao-das-freguesias-de-faro-leva-compras-essenciais-ao-domicilio\/atualidade\/15\/34\/#breadcrumb","itemListElement":[{"@type":"ListItem","position":1,"name":"In\u00edcio","item":"https:\/\/algarve7.pt\/"},{"@type":"ListItem","position":2,"name":"Uni\u00e3o das freguesias de Faro leva compras essenciais ao domicilio"}]},{"@type":"WebSite","@id":"https:\/\/algarve7.pt\/#website","url":"https:\/\/algarve7.pt\/","name":"Algarve 7","description":"Informa\u00e7\u00e3o sobre o Algarve","publisher":{"@id":"https:\/\/algarve7.pt\/#organization"},"potentialAction":[{"@type":"SearchAction","target":{"@type":"EntryPoint","urlTemplate":"https:\/\/algarve7.pt\/?s={search_term_string}"},"query-input":{"@type":"PropertyValueSpecification","valueRequired":true,"valueName":"search_term_string"}}],"inLanguage":"pt-PT"},{"@type":"Organization","@id":"https:\/\/algarve7.pt\/#organization","name":"Algarve 7","url":"https:\/\/algarve7.pt\/","logo":{"@type":"ImageObject","inLanguage":"pt-PT","@id":"https:\/\/algarve7.pt\/#\/schema\/logo\/image\/","url":"https:\/\/algarve7.pt\/wp-content\/uploads\/2020\/10\/Logo-8.jpg","contentUrl":"https:\/\/algarve7.pt\/wp-content\/uploads\/2020\/10\/Logo-8.jpg","width":1680,"height":1186,"caption":"Algarve 7"},"image":{"@id":"https:\/\/algarve7.pt\/#\/schema\/logo\/image\/"},"sameAs":["https:\/\/www.facebook.com\/algarve7","https:\/\/x.com\/Algarvesete","https:\/\/www.instagram.com\/jornalalgarve7\/","https:\/\/www.linkedin.com\/company\/algarve7","https:\/\/www.pinterest.pt\/geral0939\/_created\/"]},{"@type":"Person","@id":"https:\/\/algarve7.pt\/#\/schema\/person\/23fa70681308e7b319a3204bcea45e0c","name":"Algarve 7","sameAs":["https:\/\/algarve7.pt","https:\/\/www.facebook.com\/algarve7"],"url":"https:\/\/algarve7.pt\/index.php\/author\/geralalgarve7-pt\/"}]}},"jetpack_publicize_connections":[],"jetpack_featured_media_url":"https:\/\/algarve7.pt\/wp-content\/uploads\/2021\/01\/Naosaiacasa.jpg","jetpack_shortlink":"https:\/\/wp.me\/pcezmW-1q1","jetpack_sharing_enabled":true,"_links":{"self":[{"href":"https:\/\/algarve7.pt\/index.php\/wp-json\/wp\/v2\/posts\/5457","targetHints":{"allow":["GET"]}}],"collection":[{"href":"https:\/\/algarve7.pt\/index.php\/wp-json\/wp\/v2\/posts"}],"about":[{"href":"https:\/\/algarve7.pt\/index.php\/wp-json\/wp\/v2\/types\/post"}],"author":[{"embeddable":true,"href":"https:\/\/algarve7.pt\/index.php\/wp-json\/wp\/v2\/users\/1"}],"replies":[{"embeddable":true,"href":"https:\/\/algarve7.pt\/index.php\/wp-json\/wp\/v2\/comments?post=5457"}],"version-history":[{"count":0,"href":"https:\/\/algarve7.pt\/index.php\/wp-json\/wp\/v2\/posts\/5457\/revisions"}],"wp:featuredmedia":[{"embeddable":true,"href":"https:\/\/algarve7.pt\/index.php\/wp-json\/wp\/v2\/media\/5458"}],"wp:attachment":[{"href":"https:\/\/algarve7.pt\/index.php\/wp-json\/wp\/v2\/media?parent=5457"}],"wp:term":[{"taxonomy":"category","embeddable":true,"href":"https:\/\/algarve7.pt\/index.php\/wp-json\/wp\/v2\/categories?post=5457"},{"taxonomy":"post_tag","embeddable":true,"href":"https:\/\/algarve7.pt\/index.php\/wp-json\/wp\/v2\/tags?post=5457"}],"curies":[{"name":"wp","href":"https:\/\/api.w.org\/{rel}","templated":true}]}}