{"id":54566,"date":"2025-10-02T07:35:00","date_gmt":"2025-10-02T06:35:00","guid":{"rendered":"https:\/\/algarve7.pt\/?p=54566"},"modified":"2025-09-30T18:47:41","modified_gmt":"2025-09-30T17:47:41","slug":"algarve-classic-festival-programa-definido-e-os-bilhetes-ja-estao-disponiveis","status":"publish","type":"post","link":"https:\/\/algarve7.pt\/index.php\/2025\/10\/algarve-classic-festival-programa-definido-e-os-bilhetes-ja-estao-disponiveis\/desporto\/07\/35\/","title":{"rendered":"Algarve Classic Festival &#8211; Programa definido e os bilhetes j\u00e1 est\u00e3o dispon\u00edveis"},"content":{"rendered":"\n<p><strong>O Algarve Classic Festival regressa ao Aut\u00f3dromo Internacional do Algarve para um fim\u2011de\u2011semana repleto de pura paix\u00e3o autom\u00f3vel. Este evento, que decorre de 24 a 26 de outubro, e cujos bilhetes j\u00e1 est\u00e3o dispon\u00edveis, \u00e9 um dos mais aguardados do calend\u00e1rio desportivo nacional para os entusiastas do automobilismo hist\u00f3rico, prometendo tr\u00eas dias de a\u00e7\u00e3o intensa, com doze corridas que celebrar\u00e3o o legado de m\u00e1quinas e competi\u00e7\u00f5es lend\u00e1rias.<\/strong><\/p>\n\n\n\n<p>O programa, que conjuga demonstra\u00e7\u00f5es, treinos, qualifica\u00e7\u00f5es e corridas, oferece uma viagem no tempo atrav\u00e9s de v\u00e1rias d\u00e9cadas da competi\u00e7\u00e3o autom\u00f3vel, com todas as disciplinas da velocidade \u2014 Turismo, GT, monolugares e prot\u00f3tipos \u2014 devidamente representadas.<\/p>\n\n\n\n<p>A corrida cabe\u00e7a de cartaz ser\u00e1 a \u201c300 km Algarve Sportscars\u201d, uma estreia absoluta em Portugal. Com uma dura\u00e7\u00e3o de cento e vinte minutos ou trezentos quil\u00f3metros, esta prova inclui paragens obrigat\u00f3rias para reabastecimento e troca de pilotos, aceitando Prot\u00f3tipos constru\u00eddos entre 1963 e 1972, bem como GTs fabricados entre 1966 e 1980. Disputada no final da tarde de s\u00e1bado, a corrida terminar\u00e1 com os carros de far\u00f3is acesos, numa evoca\u00e7\u00e3o das grandes provas de endurance.<\/p>\n\n\n\n<p>O programa do revitalizado festival de cl\u00e1ssicos de Portim\u00e3o inclui ainda algumas das mais entusiasmantes s\u00e9ries de cl\u00e1ssicos da atualidade, como o Iberian Historic Endurance, a competi\u00e7\u00e3o de refer\u00eancia para carros de Turismo e GT at\u00e9 1976, que neste evento ter\u00e1 duas grelhas e contar\u00e1 com quatro corridas; a Carrera 80, a competi\u00e7\u00e3o ib\u00e9rica destinada a GTs e Turismos at\u00e9 1993; o Group 1 Portugal, dedicada a cl\u00e1ssicos com especifica\u00e7\u00f5es de Grupo 1 Pr\u00e9\u20111981; a Single Seater Series, a \u00fanica competi\u00e7\u00e3o de monolugares em Portugal; e a prestigiada GT &amp; Sports Car Cup, uma competi\u00e7\u00e3o de matriz brit\u00e2nica reservada a carros de GT Pr\u00e9-1966 e Prot\u00f3tipos Pr\u00e9\u20111963 que outrora participaram no Campeonato do Mundo de Endurance.<\/p>\n\n\n\n<p>Para al\u00e9m da competi\u00e7\u00e3o pura, o evento \u00e9 uma celebra\u00e7\u00e3o da cultura autom\u00f3vel. A \u201cClassic Car Parade\u201d, destinada aos clubes de cl\u00e1ssicos, no s\u00e1bado, e os desfiles de motos cl\u00e1ssicas, no domingo, proporcionar\u00e3o momentos \u00fanicos para apreciar de perto estas joias sobre rodas, num ambiente descontra\u00eddo e familiar. A estes ainda se junta uma demonstra\u00e7\u00e3o de F\u00f3rmula V na sexta-feira.<\/p>\n\n\n\n<p>Num fim\u2011de\u2011semana em que os espectadores ser\u00e3o proporcionados de uma fant\u00e1stica viagem no tempo, cheia de nostalgia e com uma sonoridade muito pr\u00f3pria, os bilhetes j\u00e1 est\u00e3o dispon\u00edveis na MEO Blueticket e na bilheteira do circuito, com v\u00e1rias modalidades: o bilhete \u201cBancada Principal\u201d d\u00e1 acesso apenas \u00e0 bancada indicada; o bilhete \u201cPaddock\u201d permite o acesso ao Paddock e \u00e0 Bancada Principal; e a modalidade \u201cTorre VIP\u201d permite a circula\u00e7\u00e3o entre a Torre VIP, o Paddock e a Bancada Principal. A entrada \u00e9 gratuita para crian\u00e7as e jovens dos tr\u00eas aos dezasseis anos de idade, e os bilhetes poder\u00e3o ser adquiridos atrav\u00e9s do link:&nbsp;<a href=\"https:\/\/raceready.us17.list-manage.com\/track\/click?u=5f0761acce85815bfadd86e7e&amp;id=0dd8266562&amp;e=e565d4aefa\" target=\"_blank\" rel=\"noreferrer noopener\">https:\/\/aia.bymeoblueticket.pt\/Evento?IdEvento=15467<\/a><\/p>\n","protected":false},"excerpt":{"rendered":"<p>O Algarve Classic Festival regressa ao Aut\u00f3dromo Internacional do Algarve para um fim\u2011de\u2011semana repleto de pura paix\u00e3o autom\u00f3vel. Este evento,<\/p>\n","protected":false},"author":1,"featured_media":54567,"comment_status":"closed","ping_status":"closed","sticky":false,"template":"","format":"standard","meta":{"colormag_page_container_layout":"default_layout","colormag_page_sidebar_layout":"default_layout","_monsterinsights_skip_tracking":false,"_monsterinsights_sitenote_active":false,"_monsterinsights_sitenote_note":"","_monsterinsights_sitenote_category":0,"jetpack_post_was_ever_published":false,"_jetpack_newsletter_access":"","_jetpack_dont_email_post_to_subs":false,"_jetpack_newsletter_tier_id":0,"_jetpack_memberships_contains_paywalled_content":false,"_jetpack_memberships_contains_paid_content":false,"footnotes":"","jetpack_publicize_message":"","jetpack_publicize_feature_enabled":true,"jetpack_social_post_already_shared":false,"jetpack_social_options":{"image_generator_settings":{"template":"highway","default_image_id":0,"font":"","enabled":false},"version":2}},"categories":[15],"tags":[36,239,40],"class_list":["post-54566","post","type-post","status-publish","format-standard","has-post-thumbnail","hentry","category-desporto","tag-algarve","tag-autodromo-internacional-do-algarve","tag-desporto"],"yoast_head":"<!-- This site is optimized with the Yoast SEO plugin v27.5 - https:\/\/yoast.com\/product\/yoast-seo-wordpress\/ -->\n<title>Algarve Classic Festival - Programa definido e os bilhetes j\u00e1 est\u00e3o dispon\u00edveis - Algarve 7<\/title>\n<meta name=\"description\" content=\"Algarve Classic Festival - Programa definido e os bilhetes j\u00e1 est\u00e3o dispon\u00edveis Desporto\" \/>\n<meta name=\"robots\" content=\"index, follow, max-snippet:-1, max-image-preview:large, max-video-preview:-1\" \/>\n<link rel=\"canonical\" href=\"https:\/\/algarve7.pt\/index.php\/2025\/10\/algarve-classic-festival-programa-definido-e-os-bilhetes-ja-estao-disponiveis\/desporto\/07\/35\/\" \/>\n<meta property=\"og:locale\" content=\"pt_PT\" \/>\n<meta property=\"og:type\" content=\"article\" \/>\n<meta property=\"og:title\" content=\"Algarve Classic Festival - Programa definido e os bilhetes j\u00e1 est\u00e3o dispon\u00edveis - Algarve 7\" \/>\n<meta property=\"og:description\" content=\"Algarve Classic Festival - Programa definido e os bilhetes j\u00e1 est\u00e3o dispon\u00edveis Desporto\" \/>\n<meta property=\"og:url\" content=\"https:\/\/algarve7.pt\/index.php\/2025\/10\/algarve-classic-festival-programa-definido-e-os-bilhetes-ja-estao-disponiveis\/desporto\/07\/35\/\" \/>\n<meta property=\"og:site_name\" content=\"Algarve 7\" \/>\n<meta property=\"article:publisher\" content=\"https:\/\/www.facebook.com\/algarve7\" \/>\n<meta property=\"article:author\" content=\"https:\/\/www.facebook.com\/algarve7\" \/>\n<meta property=\"article:published_time\" content=\"2025-10-02T06:35:00+00:00\" \/>\n<meta property=\"og:image\" content=\"https:\/\/algarve7.pt\/wp-content\/uploads\/2025\/09\/Captura-de-ecra-2025-09-30-as-18.44.37.png\" \/>\n\t<meta property=\"og:image:width\" content=\"800\" \/>\n\t<meta property=\"og:image:height\" content=\"500\" \/>\n\t<meta property=\"og:image:type\" content=\"image\/png\" \/>\n<meta name=\"author\" content=\"Algarve 7\" \/>\n<meta name=\"twitter:card\" content=\"summary_large_image\" \/>\n<meta name=\"twitter:creator\" content=\"@Algarvesete\" \/>\n<meta name=\"twitter:site\" content=\"@Algarvesete\" \/>\n<meta name=\"twitter:label1\" content=\"Escrito por\" \/>\n\t<meta name=\"twitter:data1\" content=\"Algarve 7\" \/>\n\t<meta name=\"twitter:label2\" content=\"Tempo estimado de leitura\" \/>\n\t<meta name=\"twitter:data2\" content=\"3 minutos\" \/>\n<script type=\"application\/ld+json\" class=\"yoast-schema-graph\">{\"@context\":\"https:\\\/\\\/schema.org\",\"@graph\":[{\"@type\":\"Article\",\"@id\":\"https:\\\/\\\/algarve7.pt\\\/index.php\\\/2025\\\/10\\\/algarve-classic-festival-programa-definido-e-os-bilhetes-ja-estao-disponiveis\\\/desporto\\\/07\\\/35\\\/#article\",\"isPartOf\":{\"@id\":\"https:\\\/\\\/algarve7.pt\\\/index.php\\\/2025\\\/10\\\/algarve-classic-festival-programa-definido-e-os-bilhetes-ja-estao-disponiveis\\\/desporto\\\/07\\\/35\\\/\"},\"author\":{\"name\":\"Algarve 7\",\"@id\":\"https:\\\/\\\/algarve7.pt\\\/#\\\/schema\\\/person\\\/23fa70681308e7b319a3204bcea45e0c\"},\"headline\":\"Algarve Classic Festival &#8211; Programa definido e os bilhetes j\u00e1 est\u00e3o dispon\u00edveis\",\"datePublished\":\"2025-10-02T06:35:00+00:00\",\"mainEntityOfPage\":{\"@id\":\"https:\\\/\\\/algarve7.pt\\\/index.php\\\/2025\\\/10\\\/algarve-classic-festival-programa-definido-e-os-bilhetes-ja-estao-disponiveis\\\/desporto\\\/07\\\/35\\\/\"},\"wordCount\":531,\"publisher\":{\"@id\":\"https:\\\/\\\/algarve7.pt\\\/#organization\"},\"image\":{\"@id\":\"https:\\\/\\\/algarve7.pt\\\/index.php\\\/2025\\\/10\\\/algarve-classic-festival-programa-definido-e-os-bilhetes-ja-estao-disponiveis\\\/desporto\\\/07\\\/35\\\/#primaryimage\"},\"thumbnailUrl\":\"https:\\\/\\\/algarve7.pt\\\/wp-content\\\/uploads\\\/2025\\\/09\\\/Captura-de-ecra-2025-09-30-as-18.44.37.png\",\"keywords\":[\"Algarve\",\"Aut\u00f3dromo Internacional do Algarve\",\"Desporto\"],\"articleSection\":[\"Desporto\"],\"inLanguage\":\"pt-PT\"},{\"@type\":\"WebPage\",\"@id\":\"https:\\\/\\\/algarve7.pt\\\/index.php\\\/2025\\\/10\\\/algarve-classic-festival-programa-definido-e-os-bilhetes-ja-estao-disponiveis\\\/desporto\\\/07\\\/35\\\/\",\"url\":\"https:\\\/\\\/algarve7.pt\\\/index.php\\\/2025\\\/10\\\/algarve-classic-festival-programa-definido-e-os-bilhetes-ja-estao-disponiveis\\\/desporto\\\/07\\\/35\\\/\",\"name\":\"Algarve Classic Festival - Programa definido e os bilhetes j\u00e1 est\u00e3o dispon\u00edveis - Algarve 7\",\"isPartOf\":{\"@id\":\"https:\\\/\\\/algarve7.pt\\\/#website\"},\"primaryImageOfPage\":{\"@id\":\"https:\\\/\\\/algarve7.pt\\\/index.php\\\/2025\\\/10\\\/algarve-classic-festival-programa-definido-e-os-bilhetes-ja-estao-disponiveis\\\/desporto\\\/07\\\/35\\\/#primaryimage\"},\"image\":{\"@id\":\"https:\\\/\\\/algarve7.pt\\\/index.php\\\/2025\\\/10\\\/algarve-classic-festival-programa-definido-e-os-bilhetes-ja-estao-disponiveis\\\/desporto\\\/07\\\/35\\\/#primaryimage\"},\"thumbnailUrl\":\"https:\\\/\\\/algarve7.pt\\\/wp-content\\\/uploads\\\/2025\\\/09\\\/Captura-de-ecra-2025-09-30-as-18.44.37.png\",\"datePublished\":\"2025-10-02T06:35:00+00:00\",\"description\":\"Algarve Classic Festival - Programa definido e os bilhetes j\u00e1 est\u00e3o dispon\u00edveis Desporto\",\"breadcrumb\":{\"@id\":\"https:\\\/\\\/algarve7.pt\\\/index.php\\\/2025\\\/10\\\/algarve-classic-festival-programa-definido-e-os-bilhetes-ja-estao-disponiveis\\\/desporto\\\/07\\\/35\\\/#breadcrumb\"},\"inLanguage\":\"pt-PT\",\"potentialAction\":[{\"@type\":\"ReadAction\",\"target\":[\"https:\\\/\\\/algarve7.pt\\\/index.php\\\/2025\\\/10\\\/algarve-classic-festival-programa-definido-e-os-bilhetes-ja-estao-disponiveis\\\/desporto\\\/07\\\/35\\\/\"]}]},{\"@type\":\"ImageObject\",\"inLanguage\":\"pt-PT\",\"@id\":\"https:\\\/\\\/algarve7.pt\\\/index.php\\\/2025\\\/10\\\/algarve-classic-festival-programa-definido-e-os-bilhetes-ja-estao-disponiveis\\\/desporto\\\/07\\\/35\\\/#primaryimage\",\"url\":\"https:\\\/\\\/algarve7.pt\\\/wp-content\\\/uploads\\\/2025\\\/09\\\/Captura-de-ecra-2025-09-30-as-18.44.37.png\",\"contentUrl\":\"https:\\\/\\\/algarve7.pt\\\/wp-content\\\/uploads\\\/2025\\\/09\\\/Captura-de-ecra-2025-09-30-as-18.44.37.png\",\"width\":800,\"height\":500},{\"@type\":\"BreadcrumbList\",\"@id\":\"https:\\\/\\\/algarve7.pt\\\/index.php\\\/2025\\\/10\\\/algarve-classic-festival-programa-definido-e-os-bilhetes-ja-estao-disponiveis\\\/desporto\\\/07\\\/35\\\/#breadcrumb\",\"itemListElement\":[{\"@type\":\"ListItem\",\"position\":1,\"name\":\"In\u00edcio\",\"item\":\"https:\\\/\\\/algarve7.pt\\\/\"},{\"@type\":\"ListItem\",\"position\":2,\"name\":\"Algarve Classic Festival &#8211; Programa definido e os bilhetes j\u00e1 est\u00e3o dispon\u00edveis\"}]},{\"@type\":\"WebSite\",\"@id\":\"https:\\\/\\\/algarve7.pt\\\/#website\",\"url\":\"https:\\\/\\\/algarve7.pt\\\/\",\"name\":\"Algarve 7\",\"description\":\"Informa\u00e7\u00e3o sobre o Algarve\",\"publisher\":{\"@id\":\"https:\\\/\\\/algarve7.pt\\\/#organization\"},\"potentialAction\":[{\"@type\":\"SearchAction\",\"target\":{\"@type\":\"EntryPoint\",\"urlTemplate\":\"https:\\\/\\\/algarve7.pt\\\/?s={search_term_string}\"},\"query-input\":{\"@type\":\"PropertyValueSpecification\",\"valueRequired\":true,\"valueName\":\"search_term_string\"}}],\"inLanguage\":\"pt-PT\"},{\"@type\":\"Organization\",\"@id\":\"https:\\\/\\\/algarve7.pt\\\/#organization\",\"name\":\"Algarve 7\",\"url\":\"https:\\\/\\\/algarve7.pt\\\/\",\"logo\":{\"@type\":\"ImageObject\",\"inLanguage\":\"pt-PT\",\"@id\":\"https:\\\/\\\/algarve7.pt\\\/#\\\/schema\\\/logo\\\/image\\\/\",\"url\":\"https:\\\/\\\/algarve7.pt\\\/wp-content\\\/uploads\\\/2020\\\/10\\\/Logo-8.jpg\",\"contentUrl\":\"https:\\\/\\\/algarve7.pt\\\/wp-content\\\/uploads\\\/2020\\\/10\\\/Logo-8.jpg\",\"width\":1680,\"height\":1186,\"caption\":\"Algarve 7\"},\"image\":{\"@id\":\"https:\\\/\\\/algarve7.pt\\\/#\\\/schema\\\/logo\\\/image\\\/\"},\"sameAs\":[\"https:\\\/\\\/www.facebook.com\\\/algarve7\",\"https:\\\/\\\/x.com\\\/Algarvesete\",\"https:\\\/\\\/www.instagram.com\\\/jornalalgarve7\\\/\",\"https:\\\/\\\/www.linkedin.com\\\/company\\\/algarve7\",\"https:\\\/\\\/www.pinterest.pt\\\/geral0939\\\/_created\\\/\"]},{\"@type\":\"Person\",\"@id\":\"https:\\\/\\\/algarve7.pt\\\/#\\\/schema\\\/person\\\/23fa70681308e7b319a3204bcea45e0c\",\"name\":\"Algarve 7\",\"sameAs\":[\"https:\\\/\\\/algarve7.pt\",\"https:\\\/\\\/www.facebook.com\\\/algarve7\"],\"url\":\"https:\\\/\\\/algarve7.pt\\\/index.php\\\/author\\\/geralalgarve7-pt\\\/\"}]}<\/script>\n<!-- \/ Yoast SEO plugin. -->","yoast_head_json":{"title":"Algarve Classic Festival - Programa definido e os bilhetes j\u00e1 est\u00e3o dispon\u00edveis - Algarve 7","description":"Algarve Classic Festival - Programa definido e os bilhetes j\u00e1 est\u00e3o dispon\u00edveis Desporto","robots":{"index":"index","follow":"follow","max-snippet":"max-snippet:-1","max-image-preview":"max-image-preview:large","max-video-preview":"max-video-preview:-1"},"canonical":"https:\/\/algarve7.pt\/index.php\/2025\/10\/algarve-classic-festival-programa-definido-e-os-bilhetes-ja-estao-disponiveis\/desporto\/07\/35\/","og_locale":"pt_PT","og_type":"article","og_title":"Algarve Classic Festival - Programa definido e os bilhetes j\u00e1 est\u00e3o dispon\u00edveis - Algarve 7","og_description":"Algarve Classic Festival - Programa definido e os bilhetes j\u00e1 est\u00e3o dispon\u00edveis Desporto","og_url":"https:\/\/algarve7.pt\/index.php\/2025\/10\/algarve-classic-festival-programa-definido-e-os-bilhetes-ja-estao-disponiveis\/desporto\/07\/35\/","og_site_name":"Algarve 7","article_publisher":"https:\/\/www.facebook.com\/algarve7","article_author":"https:\/\/www.facebook.com\/algarve7","article_published_time":"2025-10-02T06:35:00+00:00","og_image":[{"width":800,"height":500,"url":"https:\/\/algarve7.pt\/wp-content\/uploads\/2025\/09\/Captura-de-ecra-2025-09-30-as-18.44.37.png","type":"image\/png"}],"author":"Algarve 7","twitter_card":"summary_large_image","twitter_creator":"@Algarvesete","twitter_site":"@Algarvesete","twitter_misc":{"Escrito por":"Algarve 7","Tempo estimado de leitura":"3 minutos"},"schema":{"@context":"https:\/\/schema.org","@graph":[{"@type":"Article","@id":"https:\/\/algarve7.pt\/index.php\/2025\/10\/algarve-classic-festival-programa-definido-e-os-bilhetes-ja-estao-disponiveis\/desporto\/07\/35\/#article","isPartOf":{"@id":"https:\/\/algarve7.pt\/index.php\/2025\/10\/algarve-classic-festival-programa-definido-e-os-bilhetes-ja-estao-disponiveis\/desporto\/07\/35\/"},"author":{"name":"Algarve 7","@id":"https:\/\/algarve7.pt\/#\/schema\/person\/23fa70681308e7b319a3204bcea45e0c"},"headline":"Algarve Classic Festival &#8211; Programa definido e os bilhetes j\u00e1 est\u00e3o dispon\u00edveis","datePublished":"2025-10-02T06:35:00+00:00","mainEntityOfPage":{"@id":"https:\/\/algarve7.pt\/index.php\/2025\/10\/algarve-classic-festival-programa-definido-e-os-bilhetes-ja-estao-disponiveis\/desporto\/07\/35\/"},"wordCount":531,"publisher":{"@id":"https:\/\/algarve7.pt\/#organization"},"image":{"@id":"https:\/\/algarve7.pt\/index.php\/2025\/10\/algarve-classic-festival-programa-definido-e-os-bilhetes-ja-estao-disponiveis\/desporto\/07\/35\/#primaryimage"},"thumbnailUrl":"https:\/\/algarve7.pt\/wp-content\/uploads\/2025\/09\/Captura-de-ecra-2025-09-30-as-18.44.37.png","keywords":["Algarve","Aut\u00f3dromo Internacional do Algarve","Desporto"],"articleSection":["Desporto"],"inLanguage":"pt-PT"},{"@type":"WebPage","@id":"https:\/\/algarve7.pt\/index.php\/2025\/10\/algarve-classic-festival-programa-definido-e-os-bilhetes-ja-estao-disponiveis\/desporto\/07\/35\/","url":"https:\/\/algarve7.pt\/index.php\/2025\/10\/algarve-classic-festival-programa-definido-e-os-bilhetes-ja-estao-disponiveis\/desporto\/07\/35\/","name":"Algarve Classic Festival - Programa definido e os bilhetes j\u00e1 est\u00e3o dispon\u00edveis - Algarve 7","isPartOf":{"@id":"https:\/\/algarve7.pt\/#website"},"primaryImageOfPage":{"@id":"https:\/\/algarve7.pt\/index.php\/2025\/10\/algarve-classic-festival-programa-definido-e-os-bilhetes-ja-estao-disponiveis\/desporto\/07\/35\/#primaryimage"},"image":{"@id":"https:\/\/algarve7.pt\/index.php\/2025\/10\/algarve-classic-festival-programa-definido-e-os-bilhetes-ja-estao-disponiveis\/desporto\/07\/35\/#primaryimage"},"thumbnailUrl":"https:\/\/algarve7.pt\/wp-content\/uploads\/2025\/09\/Captura-de-ecra-2025-09-30-as-18.44.37.png","datePublished":"2025-10-02T06:35:00+00:00","description":"Algarve Classic Festival - Programa definido e os bilhetes j\u00e1 est\u00e3o dispon\u00edveis Desporto","breadcrumb":{"@id":"https:\/\/algarve7.pt\/index.php\/2025\/10\/algarve-classic-festival-programa-definido-e-os-bilhetes-ja-estao-disponiveis\/desporto\/07\/35\/#breadcrumb"},"inLanguage":"pt-PT","potentialAction":[{"@type":"ReadAction","target":["https:\/\/algarve7.pt\/index.php\/2025\/10\/algarve-classic-festival-programa-definido-e-os-bilhetes-ja-estao-disponiveis\/desporto\/07\/35\/"]}]},{"@type":"ImageObject","inLanguage":"pt-PT","@id":"https:\/\/algarve7.pt\/index.php\/2025\/10\/algarve-classic-festival-programa-definido-e-os-bilhetes-ja-estao-disponiveis\/desporto\/07\/35\/#primaryimage","url":"https:\/\/algarve7.pt\/wp-content\/uploads\/2025\/09\/Captura-de-ecra-2025-09-30-as-18.44.37.png","contentUrl":"https:\/\/algarve7.pt\/wp-content\/uploads\/2025\/09\/Captura-de-ecra-2025-09-30-as-18.44.37.png","width":800,"height":500},{"@type":"BreadcrumbList","@id":"https:\/\/algarve7.pt\/index.php\/2025\/10\/algarve-classic-festival-programa-definido-e-os-bilhetes-ja-estao-disponiveis\/desporto\/07\/35\/#breadcrumb","itemListElement":[{"@type":"ListItem","position":1,"name":"In\u00edcio","item":"https:\/\/algarve7.pt\/"},{"@type":"ListItem","position":2,"name":"Algarve Classic Festival &#8211; Programa definido e os bilhetes j\u00e1 est\u00e3o dispon\u00edveis"}]},{"@type":"WebSite","@id":"https:\/\/algarve7.pt\/#website","url":"https:\/\/algarve7.pt\/","name":"Algarve 7","description":"Informa\u00e7\u00e3o sobre o Algarve","publisher":{"@id":"https:\/\/algarve7.pt\/#organization"},"potentialAction":[{"@type":"SearchAction","target":{"@type":"EntryPoint","urlTemplate":"https:\/\/algarve7.pt\/?s={search_term_string}"},"query-input":{"@type":"PropertyValueSpecification","valueRequired":true,"valueName":"search_term_string"}}],"inLanguage":"pt-PT"},{"@type":"Organization","@id":"https:\/\/algarve7.pt\/#organization","name":"Algarve 7","url":"https:\/\/algarve7.pt\/","logo":{"@type":"ImageObject","inLanguage":"pt-PT","@id":"https:\/\/algarve7.pt\/#\/schema\/logo\/image\/","url":"https:\/\/algarve7.pt\/wp-content\/uploads\/2020\/10\/Logo-8.jpg","contentUrl":"https:\/\/algarve7.pt\/wp-content\/uploads\/2020\/10\/Logo-8.jpg","width":1680,"height":1186,"caption":"Algarve 7"},"image":{"@id":"https:\/\/algarve7.pt\/#\/schema\/logo\/image\/"},"sameAs":["https:\/\/www.facebook.com\/algarve7","https:\/\/x.com\/Algarvesete","https:\/\/www.instagram.com\/jornalalgarve7\/","https:\/\/www.linkedin.com\/company\/algarve7","https:\/\/www.pinterest.pt\/geral0939\/_created\/"]},{"@type":"Person","@id":"https:\/\/algarve7.pt\/#\/schema\/person\/23fa70681308e7b319a3204bcea45e0c","name":"Algarve 7","sameAs":["https:\/\/algarve7.pt","https:\/\/www.facebook.com\/algarve7"],"url":"https:\/\/algarve7.pt\/index.php\/author\/geralalgarve7-pt\/"}]}},"jetpack_publicize_connections":[],"jetpack_featured_media_url":"https:\/\/algarve7.pt\/wp-content\/uploads\/2025\/09\/Captura-de-ecra-2025-09-30-as-18.44.37.png","jetpack_shortlink":"https:\/\/wp.me\/pcezmW-ec6","jetpack_sharing_enabled":true,"_links":{"self":[{"href":"https:\/\/algarve7.pt\/index.php\/wp-json\/wp\/v2\/posts\/54566","targetHints":{"allow":["GET"]}}],"collection":[{"href":"https:\/\/algarve7.pt\/index.php\/wp-json\/wp\/v2\/posts"}],"about":[{"href":"https:\/\/algarve7.pt\/index.php\/wp-json\/wp\/v2\/types\/post"}],"author":[{"embeddable":true,"href":"https:\/\/algarve7.pt\/index.php\/wp-json\/wp\/v2\/users\/1"}],"replies":[{"embeddable":true,"href":"https:\/\/algarve7.pt\/index.php\/wp-json\/wp\/v2\/comments?post=54566"}],"version-history":[{"count":0,"href":"https:\/\/algarve7.pt\/index.php\/wp-json\/wp\/v2\/posts\/54566\/revisions"}],"wp:featuredmedia":[{"embeddable":true,"href":"https:\/\/algarve7.pt\/index.php\/wp-json\/wp\/v2\/media\/54567"}],"wp:attachment":[{"href":"https:\/\/algarve7.pt\/index.php\/wp-json\/wp\/v2\/media?parent=54566"}],"wp:term":[{"taxonomy":"category","embeddable":true,"href":"https:\/\/algarve7.pt\/index.php\/wp-json\/wp\/v2\/categories?post=54566"},{"taxonomy":"post_tag","embeddable":true,"href":"https:\/\/algarve7.pt\/index.php\/wp-json\/wp\/v2\/tags?post=54566"}],"curies":[{"name":"wp","href":"https:\/\/api.w.org\/{rel}","templated":true}]}}