{"id":54564,"date":"2025-10-01T09:38:00","date_gmt":"2025-10-01T08:38:00","guid":{"rendered":"https:\/\/algarve7.pt\/?p=54564"},"modified":"2025-09-30T18:42:17","modified_gmt":"2025-09-30T17:42:17","slug":"procura-nacional-impulsiona-crescimento-do-turismo-no-algarve-em-agosto","status":"publish","type":"post","link":"https:\/\/algarve7.pt\/index.php\/2025\/10\/procura-nacional-impulsiona-crescimento-do-turismo-no-algarve-em-agosto\/turismo\/09\/38\/","title":{"rendered":"Procura nacional impulsiona crescimento do turismo no Algarve em agosto"},"content":{"rendered":"\n<p>O Algarve voltou a destacar-se como o principal destino tur\u00edstico do pa\u00eds em agosto de 2025, concentrando 30,3% do total das dormidas registadas em Portugal, de acordo com os dados r\u00e1pidos divulgados pelo\u00a0Instituto Nacional de Estat\u00edstica\u00a0(INE).<\/p>\n\n\n\n<p>Durante o m\u00eas de agosto, os estabelecimentos de alojamento tur\u00edstico da regi\u00e3o receberam cerca de 764 mil h\u00f3spedes, que geraram 3,23 milh\u00f5es de dormidas, o que representa um crescimento hom\u00f3logo de 0,5%.<\/p>\n\n\n\n<p>O desempenho foi impulsionado pelo mercado interno, cujas dormidas aumentaram 3,4% face a agosto do ano anterior, refor\u00e7ando o peso dos turistas residentes na din\u00e2mica regional. J\u00e1 as dormidas de n\u00e3o residentes registaram uma ligeira quebra de 1,1%, em linha com o comportamento nacional.<\/p>\n\n\n\n<p>Tamb\u00e9m no n\u00famero de h\u00f3spedes se destacou o contributo dos turistas nacionais, com um acr\u00e9scimo de 3,9% entre os residentes, enquanto os n\u00e3o residentes registaram uma subida de 0,9%, demonstrando a boa capacidade de atra\u00e7\u00e3o da regi\u00e3o junto de ambos os segmentos.<\/p>\n\n\n\n<p>Nos proveitos, o Algarve manteve a sua lideran\u00e7a a n\u00edvel nacional, concentrando 36,3% do total do pa\u00eds. Em agosto, os estabelecimentos da regi\u00e3o atingiram cerca de 367 milh\u00f5es de euros de proveitos totais, o que corresponde a um crescimento hom\u00f3logo de 6,2%, confirmando a robustez econ\u00f3mica do destino durante o pico da \u00e9poca alta.<\/p>\n\n\n\n<p>Com uma estada m\u00e9dia de 4,23 noites \u2013 uma das mais elevadas do pa\u00eds \u2013 e uma taxa de ocupa\u00e7\u00e3o-quarto de 80,3%, o Algarve reafirma o seu papel enquanto principal motor do turismo nacional, demonstrando capacidade para manter n\u00edveis de procura e rentabilidade elevados no auge do ver\u00e3o.<\/p>\n\n\n\n<p><strong>\u201cOs resultados de agosto confirmam a import\u00e2ncia do mercado interno e a confian\u00e7a dos portugueses no Algarve. Num m\u00eas tradicionalmente marcado por forte concorr\u00eancia, \u00e9 significativo que a regi\u00e3o mantenha a capacidade de atra\u00e7\u00e3o e de gera\u00e7\u00e3o de receita, com sinais claros de consolida\u00e7\u00e3o da procura nacional\u201d<\/strong>, sublinha o Presidente do Turismo do Algarve, Andr\u00e9 Gomes.<\/p>\n\n\n\n<p>Os dados de agosto consolidam a posi\u00e7\u00e3o do Algarve como principal destino tur\u00edstico do pa\u00eds e confirmam o contributo determinante da regi\u00e3o para o desempenho global do turismo em Portugal.<\/p>\n","protected":false},"excerpt":{"rendered":"<p>O Algarve voltou a destacar-se como o principal destino tur\u00edstico do pa\u00eds em agosto de 2025, concentrando 30,3% do total<\/p>\n","protected":false},"author":1,"featured_media":43520,"comment_status":"closed","ping_status":"closed","sticky":false,"template":"","format":"standard","meta":{"colormag_page_container_layout":"default_layout","colormag_page_sidebar_layout":"default_layout","_monsterinsights_skip_tracking":false,"_monsterinsights_sitenote_active":false,"_monsterinsights_sitenote_note":"","_monsterinsights_sitenote_category":0,"jetpack_post_was_ever_published":false,"_jetpack_newsletter_access":"","_jetpack_dont_email_post_to_subs":false,"_jetpack_newsletter_tier_id":0,"_jetpack_memberships_contains_paywalled_content":false,"_jetpack_memberships_contains_paid_content":false,"footnotes":"","jetpack_publicize_message":"","jetpack_publicize_feature_enabled":true,"jetpack_social_post_already_shared":false,"jetpack_social_options":{"image_generator_settings":{"template":"highway","default_image_id":0,"font":"","enabled":false},"version":2}},"categories":[17],"tags":[36,45],"class_list":["post-54564","post","type-post","status-publish","format-standard","has-post-thumbnail","hentry","category-turismo","tag-algarve","tag-turismo"],"yoast_head":"<!-- This site is optimized with the Yoast SEO plugin v27.5 - https:\/\/yoast.com\/product\/yoast-seo-wordpress\/ -->\n<title>Procura nacional impulsiona crescimento do turismo no Algarve em agosto - Algarve 7<\/title>\n<meta name=\"description\" content=\"Procura nacional impulsiona crescimento do turismo no Algarve em agosto Turismo\" \/>\n<meta name=\"robots\" content=\"index, follow, max-snippet:-1, max-image-preview:large, max-video-preview:-1\" \/>\n<link rel=\"canonical\" href=\"https:\/\/algarve7.pt\/index.php\/2025\/10\/procura-nacional-impulsiona-crescimento-do-turismo-no-algarve-em-agosto\/turismo\/09\/38\/\" \/>\n<meta property=\"og:locale\" content=\"pt_PT\" \/>\n<meta property=\"og:type\" content=\"article\" \/>\n<meta property=\"og:title\" content=\"Procura nacional impulsiona crescimento do turismo no Algarve em agosto - Algarve 7\" \/>\n<meta property=\"og:description\" content=\"Procura nacional impulsiona crescimento do turismo no Algarve em agosto Turismo\" \/>\n<meta property=\"og:url\" content=\"https:\/\/algarve7.pt\/index.php\/2025\/10\/procura-nacional-impulsiona-crescimento-do-turismo-no-algarve-em-agosto\/turismo\/09\/38\/\" \/>\n<meta property=\"og:site_name\" content=\"Algarve 7\" \/>\n<meta property=\"article:publisher\" content=\"https:\/\/www.facebook.com\/algarve7\" \/>\n<meta property=\"article:author\" content=\"https:\/\/www.facebook.com\/algarve7\" \/>\n<meta property=\"article:published_time\" content=\"2025-10-01T08:38:00+00:00\" \/>\n<meta property=\"og:image\" content=\"https:\/\/algarve7.pt\/wp-content\/uploads\/2024\/10\/\u00a9-Associacao-Turismo-do-Algarve-ATA-3.jpg\" \/>\n\t<meta property=\"og:image:width\" content=\"800\" \/>\n\t<meta property=\"og:image:height\" content=\"470\" \/>\n\t<meta property=\"og:image:type\" content=\"image\/jpeg\" \/>\n<meta name=\"author\" content=\"Algarve 7\" \/>\n<meta name=\"twitter:card\" content=\"summary_large_image\" \/>\n<meta name=\"twitter:creator\" content=\"@Algarvesete\" \/>\n<meta name=\"twitter:site\" content=\"@Algarvesete\" \/>\n<meta name=\"twitter:label1\" content=\"Escrito por\" \/>\n\t<meta name=\"twitter:data1\" content=\"Algarve 7\" \/>\n\t<meta name=\"twitter:label2\" content=\"Tempo estimado de leitura\" \/>\n\t<meta name=\"twitter:data2\" content=\"3 minutos\" \/>\n<script type=\"application\/ld+json\" class=\"yoast-schema-graph\">{\"@context\":\"https:\\\/\\\/schema.org\",\"@graph\":[{\"@type\":\"Article\",\"@id\":\"https:\\\/\\\/algarve7.pt\\\/index.php\\\/2025\\\/10\\\/procura-nacional-impulsiona-crescimento-do-turismo-no-algarve-em-agosto\\\/turismo\\\/09\\\/38\\\/#article\",\"isPartOf\":{\"@id\":\"https:\\\/\\\/algarve7.pt\\\/index.php\\\/2025\\\/10\\\/procura-nacional-impulsiona-crescimento-do-turismo-no-algarve-em-agosto\\\/turismo\\\/09\\\/38\\\/\"},\"author\":{\"name\":\"Algarve 7\",\"@id\":\"https:\\\/\\\/algarve7.pt\\\/#\\\/schema\\\/person\\\/23fa70681308e7b319a3204bcea45e0c\"},\"headline\":\"Procura nacional impulsiona crescimento do turismo no Algarve em agosto\",\"datePublished\":\"2025-10-01T08:38:00+00:00\",\"mainEntityOfPage\":{\"@id\":\"https:\\\/\\\/algarve7.pt\\\/index.php\\\/2025\\\/10\\\/procura-nacional-impulsiona-crescimento-do-turismo-no-algarve-em-agosto\\\/turismo\\\/09\\\/38\\\/\"},\"wordCount\":381,\"publisher\":{\"@id\":\"https:\\\/\\\/algarve7.pt\\\/#organization\"},\"image\":{\"@id\":\"https:\\\/\\\/algarve7.pt\\\/index.php\\\/2025\\\/10\\\/procura-nacional-impulsiona-crescimento-do-turismo-no-algarve-em-agosto\\\/turismo\\\/09\\\/38\\\/#primaryimage\"},\"thumbnailUrl\":\"https:\\\/\\\/algarve7.pt\\\/wp-content\\\/uploads\\\/2024\\\/10\\\/\u00a9-Associacao-Turismo-do-Algarve-ATA-3.jpg\",\"keywords\":[\"Algarve\",\"Turismo\"],\"articleSection\":[\"Turismo\"],\"inLanguage\":\"pt-PT\"},{\"@type\":\"WebPage\",\"@id\":\"https:\\\/\\\/algarve7.pt\\\/index.php\\\/2025\\\/10\\\/procura-nacional-impulsiona-crescimento-do-turismo-no-algarve-em-agosto\\\/turismo\\\/09\\\/38\\\/\",\"url\":\"https:\\\/\\\/algarve7.pt\\\/index.php\\\/2025\\\/10\\\/procura-nacional-impulsiona-crescimento-do-turismo-no-algarve-em-agosto\\\/turismo\\\/09\\\/38\\\/\",\"name\":\"Procura nacional impulsiona crescimento do turismo no Algarve em agosto - Algarve 7\",\"isPartOf\":{\"@id\":\"https:\\\/\\\/algarve7.pt\\\/#website\"},\"primaryImageOfPage\":{\"@id\":\"https:\\\/\\\/algarve7.pt\\\/index.php\\\/2025\\\/10\\\/procura-nacional-impulsiona-crescimento-do-turismo-no-algarve-em-agosto\\\/turismo\\\/09\\\/38\\\/#primaryimage\"},\"image\":{\"@id\":\"https:\\\/\\\/algarve7.pt\\\/index.php\\\/2025\\\/10\\\/procura-nacional-impulsiona-crescimento-do-turismo-no-algarve-em-agosto\\\/turismo\\\/09\\\/38\\\/#primaryimage\"},\"thumbnailUrl\":\"https:\\\/\\\/algarve7.pt\\\/wp-content\\\/uploads\\\/2024\\\/10\\\/\u00a9-Associacao-Turismo-do-Algarve-ATA-3.jpg\",\"datePublished\":\"2025-10-01T08:38:00+00:00\",\"description\":\"Procura nacional impulsiona crescimento do turismo no Algarve em agosto Turismo\",\"breadcrumb\":{\"@id\":\"https:\\\/\\\/algarve7.pt\\\/index.php\\\/2025\\\/10\\\/procura-nacional-impulsiona-crescimento-do-turismo-no-algarve-em-agosto\\\/turismo\\\/09\\\/38\\\/#breadcrumb\"},\"inLanguage\":\"pt-PT\",\"potentialAction\":[{\"@type\":\"ReadAction\",\"target\":[\"https:\\\/\\\/algarve7.pt\\\/index.php\\\/2025\\\/10\\\/procura-nacional-impulsiona-crescimento-do-turismo-no-algarve-em-agosto\\\/turismo\\\/09\\\/38\\\/\"]}]},{\"@type\":\"ImageObject\",\"inLanguage\":\"pt-PT\",\"@id\":\"https:\\\/\\\/algarve7.pt\\\/index.php\\\/2025\\\/10\\\/procura-nacional-impulsiona-crescimento-do-turismo-no-algarve-em-agosto\\\/turismo\\\/09\\\/38\\\/#primaryimage\",\"url\":\"https:\\\/\\\/algarve7.pt\\\/wp-content\\\/uploads\\\/2024\\\/10\\\/\u00a9-Associacao-Turismo-do-Algarve-ATA-3.jpg\",\"contentUrl\":\"https:\\\/\\\/algarve7.pt\\\/wp-content\\\/uploads\\\/2024\\\/10\\\/\u00a9-Associacao-Turismo-do-Algarve-ATA-3.jpg\",\"width\":800,\"height\":470},{\"@type\":\"BreadcrumbList\",\"@id\":\"https:\\\/\\\/algarve7.pt\\\/index.php\\\/2025\\\/10\\\/procura-nacional-impulsiona-crescimento-do-turismo-no-algarve-em-agosto\\\/turismo\\\/09\\\/38\\\/#breadcrumb\",\"itemListElement\":[{\"@type\":\"ListItem\",\"position\":1,\"name\":\"In\u00edcio\",\"item\":\"https:\\\/\\\/algarve7.pt\\\/\"},{\"@type\":\"ListItem\",\"position\":2,\"name\":\"Procura nacional impulsiona crescimento do turismo no Algarve em agosto\"}]},{\"@type\":\"WebSite\",\"@id\":\"https:\\\/\\\/algarve7.pt\\\/#website\",\"url\":\"https:\\\/\\\/algarve7.pt\\\/\",\"name\":\"Algarve 7\",\"description\":\"Informa\u00e7\u00e3o sobre o Algarve\",\"publisher\":{\"@id\":\"https:\\\/\\\/algarve7.pt\\\/#organization\"},\"potentialAction\":[{\"@type\":\"SearchAction\",\"target\":{\"@type\":\"EntryPoint\",\"urlTemplate\":\"https:\\\/\\\/algarve7.pt\\\/?s={search_term_string}\"},\"query-input\":{\"@type\":\"PropertyValueSpecification\",\"valueRequired\":true,\"valueName\":\"search_term_string\"}}],\"inLanguage\":\"pt-PT\"},{\"@type\":\"Organization\",\"@id\":\"https:\\\/\\\/algarve7.pt\\\/#organization\",\"name\":\"Algarve 7\",\"url\":\"https:\\\/\\\/algarve7.pt\\\/\",\"logo\":{\"@type\":\"ImageObject\",\"inLanguage\":\"pt-PT\",\"@id\":\"https:\\\/\\\/algarve7.pt\\\/#\\\/schema\\\/logo\\\/image\\\/\",\"url\":\"https:\\\/\\\/algarve7.pt\\\/wp-content\\\/uploads\\\/2020\\\/10\\\/Logo-8.jpg\",\"contentUrl\":\"https:\\\/\\\/algarve7.pt\\\/wp-content\\\/uploads\\\/2020\\\/10\\\/Logo-8.jpg\",\"width\":1680,\"height\":1186,\"caption\":\"Algarve 7\"},\"image\":{\"@id\":\"https:\\\/\\\/algarve7.pt\\\/#\\\/schema\\\/logo\\\/image\\\/\"},\"sameAs\":[\"https:\\\/\\\/www.facebook.com\\\/algarve7\",\"https:\\\/\\\/x.com\\\/Algarvesete\",\"https:\\\/\\\/www.instagram.com\\\/jornalalgarve7\\\/\",\"https:\\\/\\\/www.linkedin.com\\\/company\\\/algarve7\",\"https:\\\/\\\/www.pinterest.pt\\\/geral0939\\\/_created\\\/\"]},{\"@type\":\"Person\",\"@id\":\"https:\\\/\\\/algarve7.pt\\\/#\\\/schema\\\/person\\\/23fa70681308e7b319a3204bcea45e0c\",\"name\":\"Algarve 7\",\"sameAs\":[\"https:\\\/\\\/algarve7.pt\",\"https:\\\/\\\/www.facebook.com\\\/algarve7\"],\"url\":\"https:\\\/\\\/algarve7.pt\\\/index.php\\\/author\\\/geralalgarve7-pt\\\/\"}]}<\/script>\n<!-- \/ Yoast SEO plugin. -->","yoast_head_json":{"title":"Procura nacional impulsiona crescimento do turismo no Algarve em agosto - Algarve 7","description":"Procura nacional impulsiona crescimento do turismo no Algarve em agosto Turismo","robots":{"index":"index","follow":"follow","max-snippet":"max-snippet:-1","max-image-preview":"max-image-preview:large","max-video-preview":"max-video-preview:-1"},"canonical":"https:\/\/algarve7.pt\/index.php\/2025\/10\/procura-nacional-impulsiona-crescimento-do-turismo-no-algarve-em-agosto\/turismo\/09\/38\/","og_locale":"pt_PT","og_type":"article","og_title":"Procura nacional impulsiona crescimento do turismo no Algarve em agosto - Algarve 7","og_description":"Procura nacional impulsiona crescimento do turismo no Algarve em agosto Turismo","og_url":"https:\/\/algarve7.pt\/index.php\/2025\/10\/procura-nacional-impulsiona-crescimento-do-turismo-no-algarve-em-agosto\/turismo\/09\/38\/","og_site_name":"Algarve 7","article_publisher":"https:\/\/www.facebook.com\/algarve7","article_author":"https:\/\/www.facebook.com\/algarve7","article_published_time":"2025-10-01T08:38:00+00:00","og_image":[{"width":800,"height":470,"url":"https:\/\/algarve7.pt\/wp-content\/uploads\/2024\/10\/\u00a9-Associacao-Turismo-do-Algarve-ATA-3.jpg","type":"image\/jpeg"}],"author":"Algarve 7","twitter_card":"summary_large_image","twitter_creator":"@Algarvesete","twitter_site":"@Algarvesete","twitter_misc":{"Escrito por":"Algarve 7","Tempo estimado de leitura":"3 minutos"},"schema":{"@context":"https:\/\/schema.org","@graph":[{"@type":"Article","@id":"https:\/\/algarve7.pt\/index.php\/2025\/10\/procura-nacional-impulsiona-crescimento-do-turismo-no-algarve-em-agosto\/turismo\/09\/38\/#article","isPartOf":{"@id":"https:\/\/algarve7.pt\/index.php\/2025\/10\/procura-nacional-impulsiona-crescimento-do-turismo-no-algarve-em-agosto\/turismo\/09\/38\/"},"author":{"name":"Algarve 7","@id":"https:\/\/algarve7.pt\/#\/schema\/person\/23fa70681308e7b319a3204bcea45e0c"},"headline":"Procura nacional impulsiona crescimento do turismo no Algarve em agosto","datePublished":"2025-10-01T08:38:00+00:00","mainEntityOfPage":{"@id":"https:\/\/algarve7.pt\/index.php\/2025\/10\/procura-nacional-impulsiona-crescimento-do-turismo-no-algarve-em-agosto\/turismo\/09\/38\/"},"wordCount":381,"publisher":{"@id":"https:\/\/algarve7.pt\/#organization"},"image":{"@id":"https:\/\/algarve7.pt\/index.php\/2025\/10\/procura-nacional-impulsiona-crescimento-do-turismo-no-algarve-em-agosto\/turismo\/09\/38\/#primaryimage"},"thumbnailUrl":"https:\/\/algarve7.pt\/wp-content\/uploads\/2024\/10\/\u00a9-Associacao-Turismo-do-Algarve-ATA-3.jpg","keywords":["Algarve","Turismo"],"articleSection":["Turismo"],"inLanguage":"pt-PT"},{"@type":"WebPage","@id":"https:\/\/algarve7.pt\/index.php\/2025\/10\/procura-nacional-impulsiona-crescimento-do-turismo-no-algarve-em-agosto\/turismo\/09\/38\/","url":"https:\/\/algarve7.pt\/index.php\/2025\/10\/procura-nacional-impulsiona-crescimento-do-turismo-no-algarve-em-agosto\/turismo\/09\/38\/","name":"Procura nacional impulsiona crescimento do turismo no Algarve em agosto - Algarve 7","isPartOf":{"@id":"https:\/\/algarve7.pt\/#website"},"primaryImageOfPage":{"@id":"https:\/\/algarve7.pt\/index.php\/2025\/10\/procura-nacional-impulsiona-crescimento-do-turismo-no-algarve-em-agosto\/turismo\/09\/38\/#primaryimage"},"image":{"@id":"https:\/\/algarve7.pt\/index.php\/2025\/10\/procura-nacional-impulsiona-crescimento-do-turismo-no-algarve-em-agosto\/turismo\/09\/38\/#primaryimage"},"thumbnailUrl":"https:\/\/algarve7.pt\/wp-content\/uploads\/2024\/10\/\u00a9-Associacao-Turismo-do-Algarve-ATA-3.jpg","datePublished":"2025-10-01T08:38:00+00:00","description":"Procura nacional impulsiona crescimento do turismo no Algarve em agosto Turismo","breadcrumb":{"@id":"https:\/\/algarve7.pt\/index.php\/2025\/10\/procura-nacional-impulsiona-crescimento-do-turismo-no-algarve-em-agosto\/turismo\/09\/38\/#breadcrumb"},"inLanguage":"pt-PT","potentialAction":[{"@type":"ReadAction","target":["https:\/\/algarve7.pt\/index.php\/2025\/10\/procura-nacional-impulsiona-crescimento-do-turismo-no-algarve-em-agosto\/turismo\/09\/38\/"]}]},{"@type":"ImageObject","inLanguage":"pt-PT","@id":"https:\/\/algarve7.pt\/index.php\/2025\/10\/procura-nacional-impulsiona-crescimento-do-turismo-no-algarve-em-agosto\/turismo\/09\/38\/#primaryimage","url":"https:\/\/algarve7.pt\/wp-content\/uploads\/2024\/10\/\u00a9-Associacao-Turismo-do-Algarve-ATA-3.jpg","contentUrl":"https:\/\/algarve7.pt\/wp-content\/uploads\/2024\/10\/\u00a9-Associacao-Turismo-do-Algarve-ATA-3.jpg","width":800,"height":470},{"@type":"BreadcrumbList","@id":"https:\/\/algarve7.pt\/index.php\/2025\/10\/procura-nacional-impulsiona-crescimento-do-turismo-no-algarve-em-agosto\/turismo\/09\/38\/#breadcrumb","itemListElement":[{"@type":"ListItem","position":1,"name":"In\u00edcio","item":"https:\/\/algarve7.pt\/"},{"@type":"ListItem","position":2,"name":"Procura nacional impulsiona crescimento do turismo no Algarve em agosto"}]},{"@type":"WebSite","@id":"https:\/\/algarve7.pt\/#website","url":"https:\/\/algarve7.pt\/","name":"Algarve 7","description":"Informa\u00e7\u00e3o sobre o Algarve","publisher":{"@id":"https:\/\/algarve7.pt\/#organization"},"potentialAction":[{"@type":"SearchAction","target":{"@type":"EntryPoint","urlTemplate":"https:\/\/algarve7.pt\/?s={search_term_string}"},"query-input":{"@type":"PropertyValueSpecification","valueRequired":true,"valueName":"search_term_string"}}],"inLanguage":"pt-PT"},{"@type":"Organization","@id":"https:\/\/algarve7.pt\/#organization","name":"Algarve 7","url":"https:\/\/algarve7.pt\/","logo":{"@type":"ImageObject","inLanguage":"pt-PT","@id":"https:\/\/algarve7.pt\/#\/schema\/logo\/image\/","url":"https:\/\/algarve7.pt\/wp-content\/uploads\/2020\/10\/Logo-8.jpg","contentUrl":"https:\/\/algarve7.pt\/wp-content\/uploads\/2020\/10\/Logo-8.jpg","width":1680,"height":1186,"caption":"Algarve 7"},"image":{"@id":"https:\/\/algarve7.pt\/#\/schema\/logo\/image\/"},"sameAs":["https:\/\/www.facebook.com\/algarve7","https:\/\/x.com\/Algarvesete","https:\/\/www.instagram.com\/jornalalgarve7\/","https:\/\/www.linkedin.com\/company\/algarve7","https:\/\/www.pinterest.pt\/geral0939\/_created\/"]},{"@type":"Person","@id":"https:\/\/algarve7.pt\/#\/schema\/person\/23fa70681308e7b319a3204bcea45e0c","name":"Algarve 7","sameAs":["https:\/\/algarve7.pt","https:\/\/www.facebook.com\/algarve7"],"url":"https:\/\/algarve7.pt\/index.php\/author\/geralalgarve7-pt\/"}]}},"jetpack_publicize_connections":[],"jetpack_featured_media_url":"https:\/\/algarve7.pt\/wp-content\/uploads\/2024\/10\/\u00a9-Associacao-Turismo-do-Algarve-ATA-3.jpg","jetpack_shortlink":"https:\/\/wp.me\/pcezmW-ec4","jetpack_sharing_enabled":true,"_links":{"self":[{"href":"https:\/\/algarve7.pt\/index.php\/wp-json\/wp\/v2\/posts\/54564","targetHints":{"allow":["GET"]}}],"collection":[{"href":"https:\/\/algarve7.pt\/index.php\/wp-json\/wp\/v2\/posts"}],"about":[{"href":"https:\/\/algarve7.pt\/index.php\/wp-json\/wp\/v2\/types\/post"}],"author":[{"embeddable":true,"href":"https:\/\/algarve7.pt\/index.php\/wp-json\/wp\/v2\/users\/1"}],"replies":[{"embeddable":true,"href":"https:\/\/algarve7.pt\/index.php\/wp-json\/wp\/v2\/comments?post=54564"}],"version-history":[{"count":0,"href":"https:\/\/algarve7.pt\/index.php\/wp-json\/wp\/v2\/posts\/54564\/revisions"}],"wp:featuredmedia":[{"embeddable":true,"href":"https:\/\/algarve7.pt\/index.php\/wp-json\/wp\/v2\/media\/43520"}],"wp:attachment":[{"href":"https:\/\/algarve7.pt\/index.php\/wp-json\/wp\/v2\/media?parent=54564"}],"wp:term":[{"taxonomy":"category","embeddable":true,"href":"https:\/\/algarve7.pt\/index.php\/wp-json\/wp\/v2\/categories?post=54564"},{"taxonomy":"post_tag","embeddable":true,"href":"https:\/\/algarve7.pt\/index.php\/wp-json\/wp\/v2\/tags?post=54564"}],"curies":[{"name":"wp","href":"https:\/\/api.w.org\/{rel}","templated":true}]}}