{"id":54543,"date":"2025-10-02T07:00:00","date_gmt":"2025-10-02T06:00:00","guid":{"rendered":"https:\/\/algarve7.pt\/?p=54543"},"modified":"2025-09-30T18:02:29","modified_gmt":"2025-09-30T17:02:29","slug":"scma-promove-em-albufeira-iii-encontro-de-responsabilidade-social-garantir-o-futuro","status":"publish","type":"post","link":"https:\/\/algarve7.pt\/index.php\/2025\/10\/scma-promove-em-albufeira-iii-encontro-de-responsabilidade-social-garantir-o-futuro\/atualidade\/07\/00\/","title":{"rendered":"SCMA promove em Albufeira III Encontro de Responsabilidade Social: \u201cGarantir o Futuro\u201d\u00a0"},"content":{"rendered":"\n<p>A\u00a0Santa Casa da Miseric\u00f3rdia de Albufeira\u00a0promove, no pr\u00f3ximo dia\u00a016 de outubro, o\u00a0III Encontro de Responsabilidade Social, sob o mote\u00a0\u201cGarantir o Futuro\u201d. O evento decorre no\u00a0Hotel Grande Real Santa Eul\u00e1lia, em Albufeira, e tem\u00a0participa\u00e7\u00e3o gratuita, mas sujeita a inscri\u00e7\u00e3o pr\u00e9via\u00a0em:\u00a0<a href=\"http:\/\/www.misericordiaalbufeira.com\/iii-encontro-de-responsabilidade-social\" target=\"_blank\" rel=\"noreferrer noopener\">www.misericordiaalbufeira.com\/iii-encontro-de-responsabilidade-social<\/a>.<\/p>\n\n\n\n<p><strong>Um espa\u00e7o estrat\u00e9gico de coopera\u00e7\u00e3o<\/strong><\/p>\n\n\n\n<p>Este Encontro assume-se como um momento estrat\u00e9gico de converg\u00eancia entre os setores&nbsp;social, p\u00fablico e empresarial, com o objetivo de debater e construir respostas conjuntas para os principais desafios sociais da atualidade. Estar\u00e3o em destaque a&nbsp;prote\u00e7\u00e3o das popula\u00e7\u00f5es mais vulner\u00e1veis, a&nbsp;valoriza\u00e7\u00e3o da economia social&nbsp;e a&nbsp;promo\u00e7\u00e3o de solu\u00e7\u00f5es inovadoras e sustent\u00e1veis.<\/p>\n\n\n\n<p><strong>Sess\u00e3o de Abertura<\/strong><\/p>\n\n\n\n<p>A manh\u00e3 arranca com uma&nbsp;<strong>sess\u00e3o de abertura de elevado valor institucional<\/strong>, com interven\u00e7\u00f5es de&nbsp;<strong>Patr\u00edcia Seromenho<\/strong>, Provedora da Santa Casa da Miseric\u00f3rdia de Albufeira,&nbsp;<strong>Jos\u00e9 Apolin\u00e1rio<\/strong>, Presidente da CCDR Algarve, e&nbsp;<strong>Jos\u00e9 Carlos Rolo<\/strong>, Presidente da C\u00e2mara Municipal de Albufeira. Est\u00e1 ainda prevista a presen\u00e7a da&nbsp;<strong>Ministra do Trabalho, Solidariedade e Seguran\u00e7a Social, Maria do Ros\u00e1rio Palma Ramalho<\/strong>&nbsp;(a confirmar).<\/p>\n\n\n\n<p><strong>Debates centrais: empresas e sustentabilidade<\/strong><\/p>\n\n\n\n<p>O programa integra duas&nbsp;<strong>mesas-redondas<\/strong>&nbsp;que ir\u00e3o fomentar o debate e a partilha de perspetivas:&nbsp;<\/p>\n\n\n\n<ul class=\"wp-block-list\">\n<li>\u201cQue tipo de empresas precisamos para o futuro\u201d\u00a0\u2013 focada no papel das empresas num contexto de transforma\u00e7\u00e3o social, econ\u00f3mica e ambiental, evidenciando a necessidade de modelos mais respons\u00e1veis, inclusivos e sustent\u00e1veis;<\/li>\n\n\n\n<li>\u201cContributos para o Desenvolvimento Sustent\u00e1vel\u201d\u00a0\u2013 espa\u00e7o de di\u00e1logo sobre estrat\u00e9gias colaborativas entre setores, refor\u00e7ando a coes\u00e3o territorial, a inova\u00e7\u00e3o respons\u00e1vel e o alinhamento com os Objetivos de Desenvolvimento Sustent\u00e1vel (ODS).<\/li>\n<\/ul>\n\n\n\n<p><strong>Tarde dedicada \u00e0 pr\u00e1tica e \u00e0 inspira\u00e7\u00e3o<\/strong><\/p>\n\n\n\n<p>Durante a tarde, o Encontro prossegue com uma&nbsp;sess\u00e3o plen\u00e1ria, dedicada \u00e0 responsabilidade social como eixo estruturante da sustentabilidade, incluindo tamb\u00e9m a import\u00e2ncia dos&nbsp;instrumentos de pol\u00edtica fiscal&nbsp;como incentivo ao envolvimento empresarial em causas sociais.<\/p>\n\n\n\n<p>Segue-se a apresenta\u00e7\u00e3o de&nbsp;boas pr\u00e1ticas de responsabilidade social, com projetos inovadores em \u00e1reas como&nbsp;hotelaria, turismo inclusivo, cultura, reabilita\u00e7\u00e3o habitacional, voluntariado corporativo e sustentabilidade ambiental. Estes exemplos demonstram como a coopera\u00e7\u00e3o entre empresas, institui\u00e7\u00f5es sociais e comunidades gera impacto real na vida das pessoas e no desenvolvimento local.<\/p>\n\n\n\n<p>Antes do encerramento formal da sess\u00e3o, haver\u00e1 uma interven\u00e7\u00e3o dedicada ao tema \u201cA Economia Social enquanto motor de desenvolvimento sustent\u00e1vel e integrador de redes de coopera\u00e7\u00e3o\u201d, a cargo do Provedor de Lisboa, Jos\u00e9 Carlos Dias.<\/p>\n\n\n\n<p><strong>Encerramento com compromisso partilhado<\/strong><\/p>\n\n\n\n<p>A&nbsp;sess\u00e3o de encerramento&nbsp;far\u00e1 a s\u00edntese dos contributos partilhados, projetando linhas de a\u00e7\u00e3o conjuntas para enfrentar os desafios futuros. Intervir\u00e3o representantes da Santa Casa da Miseric\u00f3rdia de Albufeira, da Uni\u00e3o das Miseric\u00f3rdias Portuguesas, do Governo (a confirmar) e do Munic\u00edpio de Albufeira, sublinhando o compromisso partilhado entre&nbsp;Estado, setor social e tecido empresarial.<\/p>\n\n\n\n<p>\u201cEste Encontro \u00e9 mais do que um debate. \u00c9 uma plataforma de uni\u00e3o e corresponsabilidade, onde todos \u2013 institui\u00e7\u00f5es, autarquias, Estado e empresas \u2013 se juntam para garantir o futuro das pr\u00f3ximas gera\u00e7\u00f5es\u201d, afirma&nbsp;Patr\u00edcia Seromenho, Provedora da Santa Casa da Miseric\u00f3rdia de Albufeira.<\/p>\n","protected":false},"excerpt":{"rendered":"<p>A\u00a0Santa Casa da Miseric\u00f3rdia de Albufeira\u00a0promove, no pr\u00f3ximo dia\u00a016 de outubro, o\u00a0III Encontro de Responsabilidade Social, sob o mote\u00a0\u201cGarantir o<\/p>\n","protected":false},"author":1,"featured_media":54544,"comment_status":"closed","ping_status":"closed","sticky":false,"template":"","format":"standard","meta":{"colormag_page_container_layout":"default_layout","colormag_page_sidebar_layout":"default_layout","_monsterinsights_skip_tracking":false,"_monsterinsights_sitenote_active":false,"_monsterinsights_sitenote_note":"","_monsterinsights_sitenote_category":0,"jetpack_post_was_ever_published":false,"_jetpack_newsletter_access":"","_jetpack_dont_email_post_to_subs":false,"_jetpack_newsletter_tier_id":0,"_jetpack_memberships_contains_paywalled_content":false,"_jetpack_memberships_contains_paid_content":false,"footnotes":"","jetpack_publicize_message":"","jetpack_publicize_feature_enabled":true,"jetpack_social_post_already_shared":false,"jetpack_social_options":{"image_generator_settings":{"template":"highway","default_image_id":0,"font":"","enabled":false},"version":2}},"categories":[11],"tags":[155,36,62],"class_list":["post-54543","post","type-post","status-publish","format-standard","has-post-thumbnail","hentry","category-atualidade","tag-albufeira","tag-algarve","tag-atualidade"],"yoast_head":"<!-- This site is optimized with the Yoast SEO plugin v27.5 - https:\/\/yoast.com\/product\/yoast-seo-wordpress\/ -->\n<title>SCMA promove em Albufeira III Encontro de Responsabilidade Social: \u201cGarantir o Futuro\u201d\u00a0 - Algarve 7<\/title>\n<meta name=\"description\" content=\"SCMA promove em Albufeira III Encontro de Responsabilidade Social: \u201cGarantir o Futuro\u201d\u00a0 Atualidade\" \/>\n<meta name=\"robots\" content=\"index, follow, max-snippet:-1, max-image-preview:large, max-video-preview:-1\" \/>\n<link rel=\"canonical\" href=\"https:\/\/algarve7.pt\/index.php\/2025\/10\/scma-promove-em-albufeira-iii-encontro-de-responsabilidade-social-garantir-o-futuro\/atualidade\/07\/00\/\" \/>\n<meta property=\"og:locale\" content=\"pt_PT\" \/>\n<meta property=\"og:type\" content=\"article\" \/>\n<meta property=\"og:title\" content=\"SCMA promove em Albufeira III Encontro de Responsabilidade Social: \u201cGarantir o Futuro\u201d\u00a0 - Algarve 7\" \/>\n<meta property=\"og:description\" content=\"SCMA promove em Albufeira III Encontro de Responsabilidade Social: \u201cGarantir o Futuro\u201d\u00a0 Atualidade\" \/>\n<meta property=\"og:url\" content=\"https:\/\/algarve7.pt\/index.php\/2025\/10\/scma-promove-em-albufeira-iii-encontro-de-responsabilidade-social-garantir-o-futuro\/atualidade\/07\/00\/\" \/>\n<meta property=\"og:site_name\" content=\"Algarve 7\" \/>\n<meta property=\"article:publisher\" content=\"https:\/\/www.facebook.com\/algarve7\" \/>\n<meta property=\"article:author\" content=\"https:\/\/www.facebook.com\/algarve7\" \/>\n<meta property=\"article:published_time\" content=\"2025-10-02T06:00:00+00:00\" \/>\n<meta property=\"og:image\" content=\"https:\/\/algarve7.pt\/wp-content\/uploads\/2025\/09\/Captura-de-ecra-2025-09-30-as-17.58.11.png\" \/>\n\t<meta property=\"og:image:width\" content=\"800\" \/>\n\t<meta property=\"og:image:height\" content=\"500\" \/>\n\t<meta property=\"og:image:type\" content=\"image\/png\" \/>\n<meta name=\"author\" content=\"Algarve 7\" \/>\n<meta name=\"twitter:card\" content=\"summary_large_image\" \/>\n<meta name=\"twitter:creator\" content=\"@Algarvesete\" \/>\n<meta name=\"twitter:site\" content=\"@Algarvesete\" \/>\n<meta name=\"twitter:label1\" content=\"Escrito por\" \/>\n\t<meta name=\"twitter:data1\" content=\"Algarve 7\" \/>\n\t<meta name=\"twitter:label2\" content=\"Tempo estimado de leitura\" \/>\n\t<meta name=\"twitter:data2\" content=\"3 minutos\" \/>\n<script type=\"application\/ld+json\" class=\"yoast-schema-graph\">{\"@context\":\"https:\\\/\\\/schema.org\",\"@graph\":[{\"@type\":\"Article\",\"@id\":\"https:\\\/\\\/algarve7.pt\\\/index.php\\\/2025\\\/10\\\/scma-promove-em-albufeira-iii-encontro-de-responsabilidade-social-garantir-o-futuro\\\/atualidade\\\/07\\\/00\\\/#article\",\"isPartOf\":{\"@id\":\"https:\\\/\\\/algarve7.pt\\\/index.php\\\/2025\\\/10\\\/scma-promove-em-albufeira-iii-encontro-de-responsabilidade-social-garantir-o-futuro\\\/atualidade\\\/07\\\/00\\\/\"},\"author\":{\"name\":\"Algarve 7\",\"@id\":\"https:\\\/\\\/algarve7.pt\\\/#\\\/schema\\\/person\\\/23fa70681308e7b319a3204bcea45e0c\"},\"headline\":\"SCMA promove em Albufeira III Encontro de Responsabilidade Social: \u201cGarantir o Futuro\u201d\u00a0\",\"datePublished\":\"2025-10-02T06:00:00+00:00\",\"mainEntityOfPage\":{\"@id\":\"https:\\\/\\\/algarve7.pt\\\/index.php\\\/2025\\\/10\\\/scma-promove-em-albufeira-iii-encontro-de-responsabilidade-social-garantir-o-futuro\\\/atualidade\\\/07\\\/00\\\/\"},\"wordCount\":585,\"publisher\":{\"@id\":\"https:\\\/\\\/algarve7.pt\\\/#organization\"},\"image\":{\"@id\":\"https:\\\/\\\/algarve7.pt\\\/index.php\\\/2025\\\/10\\\/scma-promove-em-albufeira-iii-encontro-de-responsabilidade-social-garantir-o-futuro\\\/atualidade\\\/07\\\/00\\\/#primaryimage\"},\"thumbnailUrl\":\"https:\\\/\\\/algarve7.pt\\\/wp-content\\\/uploads\\\/2025\\\/09\\\/Captura-de-ecra-2025-09-30-as-17.58.11.png\",\"keywords\":[\"Albufeira\",\"Algarve\",\"Atualidade\"],\"articleSection\":[\"Atualidade\"],\"inLanguage\":\"pt-PT\"},{\"@type\":\"WebPage\",\"@id\":\"https:\\\/\\\/algarve7.pt\\\/index.php\\\/2025\\\/10\\\/scma-promove-em-albufeira-iii-encontro-de-responsabilidade-social-garantir-o-futuro\\\/atualidade\\\/07\\\/00\\\/\",\"url\":\"https:\\\/\\\/algarve7.pt\\\/index.php\\\/2025\\\/10\\\/scma-promove-em-albufeira-iii-encontro-de-responsabilidade-social-garantir-o-futuro\\\/atualidade\\\/07\\\/00\\\/\",\"name\":\"SCMA promove em Albufeira III Encontro de Responsabilidade Social: \u201cGarantir o Futuro\u201d\u00a0 - Algarve 7\",\"isPartOf\":{\"@id\":\"https:\\\/\\\/algarve7.pt\\\/#website\"},\"primaryImageOfPage\":{\"@id\":\"https:\\\/\\\/algarve7.pt\\\/index.php\\\/2025\\\/10\\\/scma-promove-em-albufeira-iii-encontro-de-responsabilidade-social-garantir-o-futuro\\\/atualidade\\\/07\\\/00\\\/#primaryimage\"},\"image\":{\"@id\":\"https:\\\/\\\/algarve7.pt\\\/index.php\\\/2025\\\/10\\\/scma-promove-em-albufeira-iii-encontro-de-responsabilidade-social-garantir-o-futuro\\\/atualidade\\\/07\\\/00\\\/#primaryimage\"},\"thumbnailUrl\":\"https:\\\/\\\/algarve7.pt\\\/wp-content\\\/uploads\\\/2025\\\/09\\\/Captura-de-ecra-2025-09-30-as-17.58.11.png\",\"datePublished\":\"2025-10-02T06:00:00+00:00\",\"description\":\"SCMA promove em Albufeira III Encontro de Responsabilidade Social: \u201cGarantir o Futuro\u201d\u00a0 Atualidade\",\"breadcrumb\":{\"@id\":\"https:\\\/\\\/algarve7.pt\\\/index.php\\\/2025\\\/10\\\/scma-promove-em-albufeira-iii-encontro-de-responsabilidade-social-garantir-o-futuro\\\/atualidade\\\/07\\\/00\\\/#breadcrumb\"},\"inLanguage\":\"pt-PT\",\"potentialAction\":[{\"@type\":\"ReadAction\",\"target\":[\"https:\\\/\\\/algarve7.pt\\\/index.php\\\/2025\\\/10\\\/scma-promove-em-albufeira-iii-encontro-de-responsabilidade-social-garantir-o-futuro\\\/atualidade\\\/07\\\/00\\\/\"]}]},{\"@type\":\"ImageObject\",\"inLanguage\":\"pt-PT\",\"@id\":\"https:\\\/\\\/algarve7.pt\\\/index.php\\\/2025\\\/10\\\/scma-promove-em-albufeira-iii-encontro-de-responsabilidade-social-garantir-o-futuro\\\/atualidade\\\/07\\\/00\\\/#primaryimage\",\"url\":\"https:\\\/\\\/algarve7.pt\\\/wp-content\\\/uploads\\\/2025\\\/09\\\/Captura-de-ecra-2025-09-30-as-17.58.11.png\",\"contentUrl\":\"https:\\\/\\\/algarve7.pt\\\/wp-content\\\/uploads\\\/2025\\\/09\\\/Captura-de-ecra-2025-09-30-as-17.58.11.png\",\"width\":800,\"height\":500},{\"@type\":\"BreadcrumbList\",\"@id\":\"https:\\\/\\\/algarve7.pt\\\/index.php\\\/2025\\\/10\\\/scma-promove-em-albufeira-iii-encontro-de-responsabilidade-social-garantir-o-futuro\\\/atualidade\\\/07\\\/00\\\/#breadcrumb\",\"itemListElement\":[{\"@type\":\"ListItem\",\"position\":1,\"name\":\"In\u00edcio\",\"item\":\"https:\\\/\\\/algarve7.pt\\\/\"},{\"@type\":\"ListItem\",\"position\":2,\"name\":\"SCMA promove em Albufeira III Encontro de Responsabilidade Social: \u201cGarantir o Futuro\u201d\u00a0\"}]},{\"@type\":\"WebSite\",\"@id\":\"https:\\\/\\\/algarve7.pt\\\/#website\",\"url\":\"https:\\\/\\\/algarve7.pt\\\/\",\"name\":\"Algarve 7\",\"description\":\"Informa\u00e7\u00e3o sobre o Algarve\",\"publisher\":{\"@id\":\"https:\\\/\\\/algarve7.pt\\\/#organization\"},\"potentialAction\":[{\"@type\":\"SearchAction\",\"target\":{\"@type\":\"EntryPoint\",\"urlTemplate\":\"https:\\\/\\\/algarve7.pt\\\/?s={search_term_string}\"},\"query-input\":{\"@type\":\"PropertyValueSpecification\",\"valueRequired\":true,\"valueName\":\"search_term_string\"}}],\"inLanguage\":\"pt-PT\"},{\"@type\":\"Organization\",\"@id\":\"https:\\\/\\\/algarve7.pt\\\/#organization\",\"name\":\"Algarve 7\",\"url\":\"https:\\\/\\\/algarve7.pt\\\/\",\"logo\":{\"@type\":\"ImageObject\",\"inLanguage\":\"pt-PT\",\"@id\":\"https:\\\/\\\/algarve7.pt\\\/#\\\/schema\\\/logo\\\/image\\\/\",\"url\":\"https:\\\/\\\/algarve7.pt\\\/wp-content\\\/uploads\\\/2020\\\/10\\\/Logo-8.jpg\",\"contentUrl\":\"https:\\\/\\\/algarve7.pt\\\/wp-content\\\/uploads\\\/2020\\\/10\\\/Logo-8.jpg\",\"width\":1680,\"height\":1186,\"caption\":\"Algarve 7\"},\"image\":{\"@id\":\"https:\\\/\\\/algarve7.pt\\\/#\\\/schema\\\/logo\\\/image\\\/\"},\"sameAs\":[\"https:\\\/\\\/www.facebook.com\\\/algarve7\",\"https:\\\/\\\/x.com\\\/Algarvesete\",\"https:\\\/\\\/www.instagram.com\\\/jornalalgarve7\\\/\",\"https:\\\/\\\/www.linkedin.com\\\/company\\\/algarve7\",\"https:\\\/\\\/www.pinterest.pt\\\/geral0939\\\/_created\\\/\"]},{\"@type\":\"Person\",\"@id\":\"https:\\\/\\\/algarve7.pt\\\/#\\\/schema\\\/person\\\/23fa70681308e7b319a3204bcea45e0c\",\"name\":\"Algarve 7\",\"sameAs\":[\"https:\\\/\\\/algarve7.pt\",\"https:\\\/\\\/www.facebook.com\\\/algarve7\"],\"url\":\"https:\\\/\\\/algarve7.pt\\\/index.php\\\/author\\\/geralalgarve7-pt\\\/\"}]}<\/script>\n<!-- \/ Yoast SEO plugin. -->","yoast_head_json":{"title":"SCMA promove em Albufeira III Encontro de Responsabilidade Social: \u201cGarantir o Futuro\u201d\u00a0 - Algarve 7","description":"SCMA promove em Albufeira III Encontro de Responsabilidade Social: \u201cGarantir o Futuro\u201d\u00a0 Atualidade","robots":{"index":"index","follow":"follow","max-snippet":"max-snippet:-1","max-image-preview":"max-image-preview:large","max-video-preview":"max-video-preview:-1"},"canonical":"https:\/\/algarve7.pt\/index.php\/2025\/10\/scma-promove-em-albufeira-iii-encontro-de-responsabilidade-social-garantir-o-futuro\/atualidade\/07\/00\/","og_locale":"pt_PT","og_type":"article","og_title":"SCMA promove em Albufeira III Encontro de Responsabilidade Social: \u201cGarantir o Futuro\u201d\u00a0 - Algarve 7","og_description":"SCMA promove em Albufeira III Encontro de Responsabilidade Social: \u201cGarantir o Futuro\u201d\u00a0 Atualidade","og_url":"https:\/\/algarve7.pt\/index.php\/2025\/10\/scma-promove-em-albufeira-iii-encontro-de-responsabilidade-social-garantir-o-futuro\/atualidade\/07\/00\/","og_site_name":"Algarve 7","article_publisher":"https:\/\/www.facebook.com\/algarve7","article_author":"https:\/\/www.facebook.com\/algarve7","article_published_time":"2025-10-02T06:00:00+00:00","og_image":[{"width":800,"height":500,"url":"https:\/\/algarve7.pt\/wp-content\/uploads\/2025\/09\/Captura-de-ecra-2025-09-30-as-17.58.11.png","type":"image\/png"}],"author":"Algarve 7","twitter_card":"summary_large_image","twitter_creator":"@Algarvesete","twitter_site":"@Algarvesete","twitter_misc":{"Escrito por":"Algarve 7","Tempo estimado de leitura":"3 minutos"},"schema":{"@context":"https:\/\/schema.org","@graph":[{"@type":"Article","@id":"https:\/\/algarve7.pt\/index.php\/2025\/10\/scma-promove-em-albufeira-iii-encontro-de-responsabilidade-social-garantir-o-futuro\/atualidade\/07\/00\/#article","isPartOf":{"@id":"https:\/\/algarve7.pt\/index.php\/2025\/10\/scma-promove-em-albufeira-iii-encontro-de-responsabilidade-social-garantir-o-futuro\/atualidade\/07\/00\/"},"author":{"name":"Algarve 7","@id":"https:\/\/algarve7.pt\/#\/schema\/person\/23fa70681308e7b319a3204bcea45e0c"},"headline":"SCMA promove em Albufeira III Encontro de Responsabilidade Social: \u201cGarantir o Futuro\u201d\u00a0","datePublished":"2025-10-02T06:00:00+00:00","mainEntityOfPage":{"@id":"https:\/\/algarve7.pt\/index.php\/2025\/10\/scma-promove-em-albufeira-iii-encontro-de-responsabilidade-social-garantir-o-futuro\/atualidade\/07\/00\/"},"wordCount":585,"publisher":{"@id":"https:\/\/algarve7.pt\/#organization"},"image":{"@id":"https:\/\/algarve7.pt\/index.php\/2025\/10\/scma-promove-em-albufeira-iii-encontro-de-responsabilidade-social-garantir-o-futuro\/atualidade\/07\/00\/#primaryimage"},"thumbnailUrl":"https:\/\/algarve7.pt\/wp-content\/uploads\/2025\/09\/Captura-de-ecra-2025-09-30-as-17.58.11.png","keywords":["Albufeira","Algarve","Atualidade"],"articleSection":["Atualidade"],"inLanguage":"pt-PT"},{"@type":"WebPage","@id":"https:\/\/algarve7.pt\/index.php\/2025\/10\/scma-promove-em-albufeira-iii-encontro-de-responsabilidade-social-garantir-o-futuro\/atualidade\/07\/00\/","url":"https:\/\/algarve7.pt\/index.php\/2025\/10\/scma-promove-em-albufeira-iii-encontro-de-responsabilidade-social-garantir-o-futuro\/atualidade\/07\/00\/","name":"SCMA promove em Albufeira III Encontro de Responsabilidade Social: \u201cGarantir o Futuro\u201d\u00a0 - Algarve 7","isPartOf":{"@id":"https:\/\/algarve7.pt\/#website"},"primaryImageOfPage":{"@id":"https:\/\/algarve7.pt\/index.php\/2025\/10\/scma-promove-em-albufeira-iii-encontro-de-responsabilidade-social-garantir-o-futuro\/atualidade\/07\/00\/#primaryimage"},"image":{"@id":"https:\/\/algarve7.pt\/index.php\/2025\/10\/scma-promove-em-albufeira-iii-encontro-de-responsabilidade-social-garantir-o-futuro\/atualidade\/07\/00\/#primaryimage"},"thumbnailUrl":"https:\/\/algarve7.pt\/wp-content\/uploads\/2025\/09\/Captura-de-ecra-2025-09-30-as-17.58.11.png","datePublished":"2025-10-02T06:00:00+00:00","description":"SCMA promove em Albufeira III Encontro de Responsabilidade Social: \u201cGarantir o Futuro\u201d\u00a0 Atualidade","breadcrumb":{"@id":"https:\/\/algarve7.pt\/index.php\/2025\/10\/scma-promove-em-albufeira-iii-encontro-de-responsabilidade-social-garantir-o-futuro\/atualidade\/07\/00\/#breadcrumb"},"inLanguage":"pt-PT","potentialAction":[{"@type":"ReadAction","target":["https:\/\/algarve7.pt\/index.php\/2025\/10\/scma-promove-em-albufeira-iii-encontro-de-responsabilidade-social-garantir-o-futuro\/atualidade\/07\/00\/"]}]},{"@type":"ImageObject","inLanguage":"pt-PT","@id":"https:\/\/algarve7.pt\/index.php\/2025\/10\/scma-promove-em-albufeira-iii-encontro-de-responsabilidade-social-garantir-o-futuro\/atualidade\/07\/00\/#primaryimage","url":"https:\/\/algarve7.pt\/wp-content\/uploads\/2025\/09\/Captura-de-ecra-2025-09-30-as-17.58.11.png","contentUrl":"https:\/\/algarve7.pt\/wp-content\/uploads\/2025\/09\/Captura-de-ecra-2025-09-30-as-17.58.11.png","width":800,"height":500},{"@type":"BreadcrumbList","@id":"https:\/\/algarve7.pt\/index.php\/2025\/10\/scma-promove-em-albufeira-iii-encontro-de-responsabilidade-social-garantir-o-futuro\/atualidade\/07\/00\/#breadcrumb","itemListElement":[{"@type":"ListItem","position":1,"name":"In\u00edcio","item":"https:\/\/algarve7.pt\/"},{"@type":"ListItem","position":2,"name":"SCMA promove em Albufeira III Encontro de Responsabilidade Social: \u201cGarantir o Futuro\u201d\u00a0"}]},{"@type":"WebSite","@id":"https:\/\/algarve7.pt\/#website","url":"https:\/\/algarve7.pt\/","name":"Algarve 7","description":"Informa\u00e7\u00e3o sobre o Algarve","publisher":{"@id":"https:\/\/algarve7.pt\/#organization"},"potentialAction":[{"@type":"SearchAction","target":{"@type":"EntryPoint","urlTemplate":"https:\/\/algarve7.pt\/?s={search_term_string}"},"query-input":{"@type":"PropertyValueSpecification","valueRequired":true,"valueName":"search_term_string"}}],"inLanguage":"pt-PT"},{"@type":"Organization","@id":"https:\/\/algarve7.pt\/#organization","name":"Algarve 7","url":"https:\/\/algarve7.pt\/","logo":{"@type":"ImageObject","inLanguage":"pt-PT","@id":"https:\/\/algarve7.pt\/#\/schema\/logo\/image\/","url":"https:\/\/algarve7.pt\/wp-content\/uploads\/2020\/10\/Logo-8.jpg","contentUrl":"https:\/\/algarve7.pt\/wp-content\/uploads\/2020\/10\/Logo-8.jpg","width":1680,"height":1186,"caption":"Algarve 7"},"image":{"@id":"https:\/\/algarve7.pt\/#\/schema\/logo\/image\/"},"sameAs":["https:\/\/www.facebook.com\/algarve7","https:\/\/x.com\/Algarvesete","https:\/\/www.instagram.com\/jornalalgarve7\/","https:\/\/www.linkedin.com\/company\/algarve7","https:\/\/www.pinterest.pt\/geral0939\/_created\/"]},{"@type":"Person","@id":"https:\/\/algarve7.pt\/#\/schema\/person\/23fa70681308e7b319a3204bcea45e0c","name":"Algarve 7","sameAs":["https:\/\/algarve7.pt","https:\/\/www.facebook.com\/algarve7"],"url":"https:\/\/algarve7.pt\/index.php\/author\/geralalgarve7-pt\/"}]}},"jetpack_publicize_connections":[],"jetpack_featured_media_url":"https:\/\/algarve7.pt\/wp-content\/uploads\/2025\/09\/Captura-de-ecra-2025-09-30-as-17.58.11.png","jetpack_shortlink":"https:\/\/wp.me\/pcezmW-ebJ","jetpack_sharing_enabled":true,"_links":{"self":[{"href":"https:\/\/algarve7.pt\/index.php\/wp-json\/wp\/v2\/posts\/54543","targetHints":{"allow":["GET"]}}],"collection":[{"href":"https:\/\/algarve7.pt\/index.php\/wp-json\/wp\/v2\/posts"}],"about":[{"href":"https:\/\/algarve7.pt\/index.php\/wp-json\/wp\/v2\/types\/post"}],"author":[{"embeddable":true,"href":"https:\/\/algarve7.pt\/index.php\/wp-json\/wp\/v2\/users\/1"}],"replies":[{"embeddable":true,"href":"https:\/\/algarve7.pt\/index.php\/wp-json\/wp\/v2\/comments?post=54543"}],"version-history":[{"count":0,"href":"https:\/\/algarve7.pt\/index.php\/wp-json\/wp\/v2\/posts\/54543\/revisions"}],"wp:featuredmedia":[{"embeddable":true,"href":"https:\/\/algarve7.pt\/index.php\/wp-json\/wp\/v2\/media\/54544"}],"wp:attachment":[{"href":"https:\/\/algarve7.pt\/index.php\/wp-json\/wp\/v2\/media?parent=54543"}],"wp:term":[{"taxonomy":"category","embeddable":true,"href":"https:\/\/algarve7.pt\/index.php\/wp-json\/wp\/v2\/categories?post=54543"},{"taxonomy":"post_tag","embeddable":true,"href":"https:\/\/algarve7.pt\/index.php\/wp-json\/wp\/v2\/tags?post=54543"}],"curies":[{"name":"wp","href":"https:\/\/api.w.org\/{rel}","templated":true}]}}