{"id":54540,"date":"2025-10-01T07:55:00","date_gmt":"2025-10-01T06:55:00","guid":{"rendered":"https:\/\/algarve7.pt\/?p=54540"},"modified":"2025-09-30T17:54:48","modified_gmt":"2025-09-30T16:54:48","slug":"projeto-arade-azul-retira-cerca-de-1900-kg-de-residuos-da-zona-ribeirinha-de-alvor","status":"publish","type":"post","link":"https:\/\/algarve7.pt\/index.php\/2025\/10\/projeto-arade-azul-retira-cerca-de-1900-kg-de-residuos-da-zona-ribeirinha-de-alvor\/ambiente\/07\/55\/","title":{"rendered":"Projeto \u201cArade Azul\u201d retira cerca de 1900 kg de res\u00edduos da zona ribeirinha de Alvor"},"content":{"rendered":"\n<p>No passado dia 27 de setembro, 40 volunt\u00e1rios juntaram-se \u00e0 Associa\u00e7\u00e3o Teia D\u2019Impulsos para uma a\u00e7\u00e3o de limpeza na zona ribeirinha de Alvor, no \u00e2mbito do projeto \u201cArade Azul.\u201d Esta iniciativa resultou na recolha estimada de 1 900 kg de res\u00edduos, um valor in\u00e9dito nas a\u00e7\u00f5es realizadas pela associa\u00e7\u00e3o.<\/p>\n\n\n\n<p>Entre os res\u00edduos identificados destacam-se diversos tipos de pl\u00e1sticos e artefactos de pesca, nomeadamente redes, cofres e boias. Para al\u00e9m de lixo comum, foram ainda recolhidos objetos de grandes dimens\u00f5es, como uma mota degradada, pneus e uma quantidade significativa de cordas.&nbsp;<\/p>\n\n\n\n<p>A quantidade de res\u00edduos recolhida \u00e9 um sinal da dimens\u00e3o do problema que continua a afetar as zonas ribeirinhas. Os n\u00edveis de acumula\u00e7\u00e3o de lixo s\u00e3o elevados, o que refor\u00e7a a necessidade de envolver cada vez mais a comunidade em pr\u00e1ticas conscientes e respons\u00e1veis. \u00c9 fundamental continuar a sensibilizar para o impacto dos comportamentos individuais no ambiente e para a import\u00e2ncia de preservar os ecossistemas locais.<\/p>\n\n\n\n<p>Esta a\u00e7\u00e3o teve lugar num dia de dupla celebra\u00e7\u00e3o, sendo realizada na semana do Dia Internacional de Limpeza Costeira, cuja celebra\u00e7\u00e3o \u00e9 promovida pela Funda\u00e7\u00e3o Oceano Azul, e sendo simultaneamente parte integrante do programa do Munic\u00edpio de Portim\u00e3o para o Dia Mundial do Turismo.<\/p>\n\n\n\n<p>O projeto Arade Azul tem como miss\u00e3o principal a sensibiliza\u00e7\u00e3o ambiental e a mobiliza\u00e7\u00e3o da popula\u00e7\u00e3o para a problem\u00e1tica do lixo marinho, e continuar\u00e1 a desenvolver iniciativas semelhantes. A pr\u00f3xima j\u00e1 tem data marcada para 16 de Novembro e a Teia D\u00b4Impulsos abre o convite a toda a comunidade para participarem.<\/p>\n\n\n\n<p>Esta a\u00e7\u00e3o contou com o apoio do Munic\u00edpio de Portim\u00e3o, da Associa\u00e7\u00e3o de Turismo de Portim\u00e3o, da EMARP e da Ageas.<\/p>\n","protected":false},"excerpt":{"rendered":"<p>No passado dia 27 de setembro, 40 volunt\u00e1rios juntaram-se \u00e0 Associa\u00e7\u00e3o Teia D\u2019Impulsos para uma a\u00e7\u00e3o de limpeza na zona<\/p>\n","protected":false},"author":1,"featured_media":54541,"comment_status":"closed","ping_status":"closed","sticky":false,"template":"","format":"standard","meta":{"colormag_page_container_layout":"default_layout","colormag_page_sidebar_layout":"default_layout","_monsterinsights_skip_tracking":false,"_monsterinsights_sitenote_active":false,"_monsterinsights_sitenote_note":"","_monsterinsights_sitenote_category":0,"jetpack_post_was_ever_published":false,"_jetpack_newsletter_access":"","_jetpack_dont_email_post_to_subs":false,"_jetpack_newsletter_tier_id":0,"_jetpack_memberships_contains_paywalled_content":false,"_jetpack_memberships_contains_paid_content":false,"footnotes":"","jetpack_publicize_message":"","jetpack_publicize_feature_enabled":true,"jetpack_social_post_already_shared":false,"jetpack_social_options":{"image_generator_settings":{"template":"highway","default_image_id":0,"font":"","enabled":false},"version":2}},"categories":[5],"tags":[36,32,72],"class_list":["post-54540","post","type-post","status-publish","format-standard","has-post-thumbnail","hentry","category-ambiente","tag-algarve","tag-ambiente","tag-portimao"],"yoast_head":"<!-- This site is optimized with the Yoast SEO plugin v27.5 - https:\/\/yoast.com\/product\/yoast-seo-wordpress\/ -->\n<title>Projeto \u201cArade Azul\u201d retira cerca de 1900 kg de res\u00edduos da zona ribeirinha de Alvor - Algarve 7<\/title>\n<meta name=\"description\" content=\"Projeto \u201cArade Azul\u201d retira cerca de 1900 kg de res\u00edduos da zona ribeirinha de Alvor Ambiente\" \/>\n<meta name=\"robots\" content=\"index, follow, max-snippet:-1, max-image-preview:large, max-video-preview:-1\" \/>\n<link rel=\"canonical\" href=\"https:\/\/algarve7.pt\/index.php\/2025\/10\/projeto-arade-azul-retira-cerca-de-1900-kg-de-residuos-da-zona-ribeirinha-de-alvor\/ambiente\/07\/55\/\" \/>\n<meta property=\"og:locale\" content=\"pt_PT\" \/>\n<meta property=\"og:type\" content=\"article\" \/>\n<meta property=\"og:title\" content=\"Projeto \u201cArade Azul\u201d retira cerca de 1900 kg de res\u00edduos da zona ribeirinha de Alvor - Algarve 7\" \/>\n<meta property=\"og:description\" content=\"Projeto \u201cArade Azul\u201d retira cerca de 1900 kg de res\u00edduos da zona ribeirinha de Alvor Ambiente\" \/>\n<meta property=\"og:url\" content=\"https:\/\/algarve7.pt\/index.php\/2025\/10\/projeto-arade-azul-retira-cerca-de-1900-kg-de-residuos-da-zona-ribeirinha-de-alvor\/ambiente\/07\/55\/\" \/>\n<meta property=\"og:site_name\" content=\"Algarve 7\" \/>\n<meta property=\"article:publisher\" content=\"https:\/\/www.facebook.com\/algarve7\" \/>\n<meta property=\"article:author\" content=\"https:\/\/www.facebook.com\/algarve7\" \/>\n<meta property=\"article:published_time\" content=\"2025-10-01T06:55:00+00:00\" \/>\n<meta property=\"og:image\" content=\"https:\/\/algarve7.pt\/wp-content\/uploads\/2025\/09\/Captura-de-ecra-2025-09-30-as-17.48.42.png\" \/>\n\t<meta property=\"og:image:width\" content=\"800\" \/>\n\t<meta property=\"og:image:height\" content=\"500\" \/>\n\t<meta property=\"og:image:type\" content=\"image\/png\" \/>\n<meta name=\"author\" content=\"Algarve 7\" \/>\n<meta name=\"twitter:card\" content=\"summary_large_image\" \/>\n<meta name=\"twitter:creator\" content=\"@Algarvesete\" \/>\n<meta name=\"twitter:site\" content=\"@Algarvesete\" \/>\n<meta name=\"twitter:label1\" content=\"Escrito por\" \/>\n\t<meta name=\"twitter:data1\" content=\"Algarve 7\" \/>\n\t<meta name=\"twitter:label2\" content=\"Tempo estimado de leitura\" \/>\n\t<meta name=\"twitter:data2\" content=\"2 minutos\" \/>\n<script type=\"application\/ld+json\" class=\"yoast-schema-graph\">{\"@context\":\"https:\\\/\\\/schema.org\",\"@graph\":[{\"@type\":\"Article\",\"@id\":\"https:\\\/\\\/algarve7.pt\\\/index.php\\\/2025\\\/10\\\/projeto-arade-azul-retira-cerca-de-1900-kg-de-residuos-da-zona-ribeirinha-de-alvor\\\/ambiente\\\/07\\\/55\\\/#article\",\"isPartOf\":{\"@id\":\"https:\\\/\\\/algarve7.pt\\\/index.php\\\/2025\\\/10\\\/projeto-arade-azul-retira-cerca-de-1900-kg-de-residuos-da-zona-ribeirinha-de-alvor\\\/ambiente\\\/07\\\/55\\\/\"},\"author\":{\"name\":\"Algarve 7\",\"@id\":\"https:\\\/\\\/algarve7.pt\\\/#\\\/schema\\\/person\\\/23fa70681308e7b319a3204bcea45e0c\"},\"headline\":\"Projeto \u201cArade Azul\u201d retira cerca de 1900 kg de res\u00edduos da zona ribeirinha de Alvor\",\"datePublished\":\"2025-10-01T06:55:00+00:00\",\"mainEntityOfPage\":{\"@id\":\"https:\\\/\\\/algarve7.pt\\\/index.php\\\/2025\\\/10\\\/projeto-arade-azul-retira-cerca-de-1900-kg-de-residuos-da-zona-ribeirinha-de-alvor\\\/ambiente\\\/07\\\/55\\\/\"},\"wordCount\":318,\"publisher\":{\"@id\":\"https:\\\/\\\/algarve7.pt\\\/#organization\"},\"image\":{\"@id\":\"https:\\\/\\\/algarve7.pt\\\/index.php\\\/2025\\\/10\\\/projeto-arade-azul-retira-cerca-de-1900-kg-de-residuos-da-zona-ribeirinha-de-alvor\\\/ambiente\\\/07\\\/55\\\/#primaryimage\"},\"thumbnailUrl\":\"https:\\\/\\\/algarve7.pt\\\/wp-content\\\/uploads\\\/2025\\\/09\\\/Captura-de-ecra-2025-09-30-as-17.48.42.png\",\"keywords\":[\"Algarve\",\"Ambiente\",\"Portim\u00e3o\"],\"articleSection\":[\"Ambiente\"],\"inLanguage\":\"pt-PT\"},{\"@type\":\"WebPage\",\"@id\":\"https:\\\/\\\/algarve7.pt\\\/index.php\\\/2025\\\/10\\\/projeto-arade-azul-retira-cerca-de-1900-kg-de-residuos-da-zona-ribeirinha-de-alvor\\\/ambiente\\\/07\\\/55\\\/\",\"url\":\"https:\\\/\\\/algarve7.pt\\\/index.php\\\/2025\\\/10\\\/projeto-arade-azul-retira-cerca-de-1900-kg-de-residuos-da-zona-ribeirinha-de-alvor\\\/ambiente\\\/07\\\/55\\\/\",\"name\":\"Projeto \u201cArade Azul\u201d retira cerca de 1900 kg de res\u00edduos da zona ribeirinha de Alvor - Algarve 7\",\"isPartOf\":{\"@id\":\"https:\\\/\\\/algarve7.pt\\\/#website\"},\"primaryImageOfPage\":{\"@id\":\"https:\\\/\\\/algarve7.pt\\\/index.php\\\/2025\\\/10\\\/projeto-arade-azul-retira-cerca-de-1900-kg-de-residuos-da-zona-ribeirinha-de-alvor\\\/ambiente\\\/07\\\/55\\\/#primaryimage\"},\"image\":{\"@id\":\"https:\\\/\\\/algarve7.pt\\\/index.php\\\/2025\\\/10\\\/projeto-arade-azul-retira-cerca-de-1900-kg-de-residuos-da-zona-ribeirinha-de-alvor\\\/ambiente\\\/07\\\/55\\\/#primaryimage\"},\"thumbnailUrl\":\"https:\\\/\\\/algarve7.pt\\\/wp-content\\\/uploads\\\/2025\\\/09\\\/Captura-de-ecra-2025-09-30-as-17.48.42.png\",\"datePublished\":\"2025-10-01T06:55:00+00:00\",\"description\":\"Projeto \u201cArade Azul\u201d retira cerca de 1900 kg de res\u00edduos da zona ribeirinha de Alvor Ambiente\",\"breadcrumb\":{\"@id\":\"https:\\\/\\\/algarve7.pt\\\/index.php\\\/2025\\\/10\\\/projeto-arade-azul-retira-cerca-de-1900-kg-de-residuos-da-zona-ribeirinha-de-alvor\\\/ambiente\\\/07\\\/55\\\/#breadcrumb\"},\"inLanguage\":\"pt-PT\",\"potentialAction\":[{\"@type\":\"ReadAction\",\"target\":[\"https:\\\/\\\/algarve7.pt\\\/index.php\\\/2025\\\/10\\\/projeto-arade-azul-retira-cerca-de-1900-kg-de-residuos-da-zona-ribeirinha-de-alvor\\\/ambiente\\\/07\\\/55\\\/\"]}]},{\"@type\":\"ImageObject\",\"inLanguage\":\"pt-PT\",\"@id\":\"https:\\\/\\\/algarve7.pt\\\/index.php\\\/2025\\\/10\\\/projeto-arade-azul-retira-cerca-de-1900-kg-de-residuos-da-zona-ribeirinha-de-alvor\\\/ambiente\\\/07\\\/55\\\/#primaryimage\",\"url\":\"https:\\\/\\\/algarve7.pt\\\/wp-content\\\/uploads\\\/2025\\\/09\\\/Captura-de-ecra-2025-09-30-as-17.48.42.png\",\"contentUrl\":\"https:\\\/\\\/algarve7.pt\\\/wp-content\\\/uploads\\\/2025\\\/09\\\/Captura-de-ecra-2025-09-30-as-17.48.42.png\",\"width\":800,\"height\":500},{\"@type\":\"BreadcrumbList\",\"@id\":\"https:\\\/\\\/algarve7.pt\\\/index.php\\\/2025\\\/10\\\/projeto-arade-azul-retira-cerca-de-1900-kg-de-residuos-da-zona-ribeirinha-de-alvor\\\/ambiente\\\/07\\\/55\\\/#breadcrumb\",\"itemListElement\":[{\"@type\":\"ListItem\",\"position\":1,\"name\":\"In\u00edcio\",\"item\":\"https:\\\/\\\/algarve7.pt\\\/\"},{\"@type\":\"ListItem\",\"position\":2,\"name\":\"Projeto \u201cArade Azul\u201d retira cerca de 1900 kg de res\u00edduos da zona ribeirinha de Alvor\"}]},{\"@type\":\"WebSite\",\"@id\":\"https:\\\/\\\/algarve7.pt\\\/#website\",\"url\":\"https:\\\/\\\/algarve7.pt\\\/\",\"name\":\"Algarve 7\",\"description\":\"Informa\u00e7\u00e3o sobre o Algarve\",\"publisher\":{\"@id\":\"https:\\\/\\\/algarve7.pt\\\/#organization\"},\"potentialAction\":[{\"@type\":\"SearchAction\",\"target\":{\"@type\":\"EntryPoint\",\"urlTemplate\":\"https:\\\/\\\/algarve7.pt\\\/?s={search_term_string}\"},\"query-input\":{\"@type\":\"PropertyValueSpecification\",\"valueRequired\":true,\"valueName\":\"search_term_string\"}}],\"inLanguage\":\"pt-PT\"},{\"@type\":\"Organization\",\"@id\":\"https:\\\/\\\/algarve7.pt\\\/#organization\",\"name\":\"Algarve 7\",\"url\":\"https:\\\/\\\/algarve7.pt\\\/\",\"logo\":{\"@type\":\"ImageObject\",\"inLanguage\":\"pt-PT\",\"@id\":\"https:\\\/\\\/algarve7.pt\\\/#\\\/schema\\\/logo\\\/image\\\/\",\"url\":\"https:\\\/\\\/algarve7.pt\\\/wp-content\\\/uploads\\\/2020\\\/10\\\/Logo-8.jpg\",\"contentUrl\":\"https:\\\/\\\/algarve7.pt\\\/wp-content\\\/uploads\\\/2020\\\/10\\\/Logo-8.jpg\",\"width\":1680,\"height\":1186,\"caption\":\"Algarve 7\"},\"image\":{\"@id\":\"https:\\\/\\\/algarve7.pt\\\/#\\\/schema\\\/logo\\\/image\\\/\"},\"sameAs\":[\"https:\\\/\\\/www.facebook.com\\\/algarve7\",\"https:\\\/\\\/x.com\\\/Algarvesete\",\"https:\\\/\\\/www.instagram.com\\\/jornalalgarve7\\\/\",\"https:\\\/\\\/www.linkedin.com\\\/company\\\/algarve7\",\"https:\\\/\\\/www.pinterest.pt\\\/geral0939\\\/_created\\\/\"]},{\"@type\":\"Person\",\"@id\":\"https:\\\/\\\/algarve7.pt\\\/#\\\/schema\\\/person\\\/23fa70681308e7b319a3204bcea45e0c\",\"name\":\"Algarve 7\",\"sameAs\":[\"https:\\\/\\\/algarve7.pt\",\"https:\\\/\\\/www.facebook.com\\\/algarve7\"],\"url\":\"https:\\\/\\\/algarve7.pt\\\/index.php\\\/author\\\/geralalgarve7-pt\\\/\"}]}<\/script>\n<!-- \/ Yoast SEO plugin. -->","yoast_head_json":{"title":"Projeto \u201cArade Azul\u201d retira cerca de 1900 kg de res\u00edduos da zona ribeirinha de Alvor - Algarve 7","description":"Projeto \u201cArade Azul\u201d retira cerca de 1900 kg de res\u00edduos da zona ribeirinha de Alvor Ambiente","robots":{"index":"index","follow":"follow","max-snippet":"max-snippet:-1","max-image-preview":"max-image-preview:large","max-video-preview":"max-video-preview:-1"},"canonical":"https:\/\/algarve7.pt\/index.php\/2025\/10\/projeto-arade-azul-retira-cerca-de-1900-kg-de-residuos-da-zona-ribeirinha-de-alvor\/ambiente\/07\/55\/","og_locale":"pt_PT","og_type":"article","og_title":"Projeto \u201cArade Azul\u201d retira cerca de 1900 kg de res\u00edduos da zona ribeirinha de Alvor - Algarve 7","og_description":"Projeto \u201cArade Azul\u201d retira cerca de 1900 kg de res\u00edduos da zona ribeirinha de Alvor Ambiente","og_url":"https:\/\/algarve7.pt\/index.php\/2025\/10\/projeto-arade-azul-retira-cerca-de-1900-kg-de-residuos-da-zona-ribeirinha-de-alvor\/ambiente\/07\/55\/","og_site_name":"Algarve 7","article_publisher":"https:\/\/www.facebook.com\/algarve7","article_author":"https:\/\/www.facebook.com\/algarve7","article_published_time":"2025-10-01T06:55:00+00:00","og_image":[{"width":800,"height":500,"url":"https:\/\/algarve7.pt\/wp-content\/uploads\/2025\/09\/Captura-de-ecra-2025-09-30-as-17.48.42.png","type":"image\/png"}],"author":"Algarve 7","twitter_card":"summary_large_image","twitter_creator":"@Algarvesete","twitter_site":"@Algarvesete","twitter_misc":{"Escrito por":"Algarve 7","Tempo estimado de leitura":"2 minutos"},"schema":{"@context":"https:\/\/schema.org","@graph":[{"@type":"Article","@id":"https:\/\/algarve7.pt\/index.php\/2025\/10\/projeto-arade-azul-retira-cerca-de-1900-kg-de-residuos-da-zona-ribeirinha-de-alvor\/ambiente\/07\/55\/#article","isPartOf":{"@id":"https:\/\/algarve7.pt\/index.php\/2025\/10\/projeto-arade-azul-retira-cerca-de-1900-kg-de-residuos-da-zona-ribeirinha-de-alvor\/ambiente\/07\/55\/"},"author":{"name":"Algarve 7","@id":"https:\/\/algarve7.pt\/#\/schema\/person\/23fa70681308e7b319a3204bcea45e0c"},"headline":"Projeto \u201cArade Azul\u201d retira cerca de 1900 kg de res\u00edduos da zona ribeirinha de Alvor","datePublished":"2025-10-01T06:55:00+00:00","mainEntityOfPage":{"@id":"https:\/\/algarve7.pt\/index.php\/2025\/10\/projeto-arade-azul-retira-cerca-de-1900-kg-de-residuos-da-zona-ribeirinha-de-alvor\/ambiente\/07\/55\/"},"wordCount":318,"publisher":{"@id":"https:\/\/algarve7.pt\/#organization"},"image":{"@id":"https:\/\/algarve7.pt\/index.php\/2025\/10\/projeto-arade-azul-retira-cerca-de-1900-kg-de-residuos-da-zona-ribeirinha-de-alvor\/ambiente\/07\/55\/#primaryimage"},"thumbnailUrl":"https:\/\/algarve7.pt\/wp-content\/uploads\/2025\/09\/Captura-de-ecra-2025-09-30-as-17.48.42.png","keywords":["Algarve","Ambiente","Portim\u00e3o"],"articleSection":["Ambiente"],"inLanguage":"pt-PT"},{"@type":"WebPage","@id":"https:\/\/algarve7.pt\/index.php\/2025\/10\/projeto-arade-azul-retira-cerca-de-1900-kg-de-residuos-da-zona-ribeirinha-de-alvor\/ambiente\/07\/55\/","url":"https:\/\/algarve7.pt\/index.php\/2025\/10\/projeto-arade-azul-retira-cerca-de-1900-kg-de-residuos-da-zona-ribeirinha-de-alvor\/ambiente\/07\/55\/","name":"Projeto \u201cArade Azul\u201d retira cerca de 1900 kg de res\u00edduos da zona ribeirinha de Alvor - Algarve 7","isPartOf":{"@id":"https:\/\/algarve7.pt\/#website"},"primaryImageOfPage":{"@id":"https:\/\/algarve7.pt\/index.php\/2025\/10\/projeto-arade-azul-retira-cerca-de-1900-kg-de-residuos-da-zona-ribeirinha-de-alvor\/ambiente\/07\/55\/#primaryimage"},"image":{"@id":"https:\/\/algarve7.pt\/index.php\/2025\/10\/projeto-arade-azul-retira-cerca-de-1900-kg-de-residuos-da-zona-ribeirinha-de-alvor\/ambiente\/07\/55\/#primaryimage"},"thumbnailUrl":"https:\/\/algarve7.pt\/wp-content\/uploads\/2025\/09\/Captura-de-ecra-2025-09-30-as-17.48.42.png","datePublished":"2025-10-01T06:55:00+00:00","description":"Projeto \u201cArade Azul\u201d retira cerca de 1900 kg de res\u00edduos da zona ribeirinha de Alvor Ambiente","breadcrumb":{"@id":"https:\/\/algarve7.pt\/index.php\/2025\/10\/projeto-arade-azul-retira-cerca-de-1900-kg-de-residuos-da-zona-ribeirinha-de-alvor\/ambiente\/07\/55\/#breadcrumb"},"inLanguage":"pt-PT","potentialAction":[{"@type":"ReadAction","target":["https:\/\/algarve7.pt\/index.php\/2025\/10\/projeto-arade-azul-retira-cerca-de-1900-kg-de-residuos-da-zona-ribeirinha-de-alvor\/ambiente\/07\/55\/"]}]},{"@type":"ImageObject","inLanguage":"pt-PT","@id":"https:\/\/algarve7.pt\/index.php\/2025\/10\/projeto-arade-azul-retira-cerca-de-1900-kg-de-residuos-da-zona-ribeirinha-de-alvor\/ambiente\/07\/55\/#primaryimage","url":"https:\/\/algarve7.pt\/wp-content\/uploads\/2025\/09\/Captura-de-ecra-2025-09-30-as-17.48.42.png","contentUrl":"https:\/\/algarve7.pt\/wp-content\/uploads\/2025\/09\/Captura-de-ecra-2025-09-30-as-17.48.42.png","width":800,"height":500},{"@type":"BreadcrumbList","@id":"https:\/\/algarve7.pt\/index.php\/2025\/10\/projeto-arade-azul-retira-cerca-de-1900-kg-de-residuos-da-zona-ribeirinha-de-alvor\/ambiente\/07\/55\/#breadcrumb","itemListElement":[{"@type":"ListItem","position":1,"name":"In\u00edcio","item":"https:\/\/algarve7.pt\/"},{"@type":"ListItem","position":2,"name":"Projeto \u201cArade Azul\u201d retira cerca de 1900 kg de res\u00edduos da zona ribeirinha de Alvor"}]},{"@type":"WebSite","@id":"https:\/\/algarve7.pt\/#website","url":"https:\/\/algarve7.pt\/","name":"Algarve 7","description":"Informa\u00e7\u00e3o sobre o Algarve","publisher":{"@id":"https:\/\/algarve7.pt\/#organization"},"potentialAction":[{"@type":"SearchAction","target":{"@type":"EntryPoint","urlTemplate":"https:\/\/algarve7.pt\/?s={search_term_string}"},"query-input":{"@type":"PropertyValueSpecification","valueRequired":true,"valueName":"search_term_string"}}],"inLanguage":"pt-PT"},{"@type":"Organization","@id":"https:\/\/algarve7.pt\/#organization","name":"Algarve 7","url":"https:\/\/algarve7.pt\/","logo":{"@type":"ImageObject","inLanguage":"pt-PT","@id":"https:\/\/algarve7.pt\/#\/schema\/logo\/image\/","url":"https:\/\/algarve7.pt\/wp-content\/uploads\/2020\/10\/Logo-8.jpg","contentUrl":"https:\/\/algarve7.pt\/wp-content\/uploads\/2020\/10\/Logo-8.jpg","width":1680,"height":1186,"caption":"Algarve 7"},"image":{"@id":"https:\/\/algarve7.pt\/#\/schema\/logo\/image\/"},"sameAs":["https:\/\/www.facebook.com\/algarve7","https:\/\/x.com\/Algarvesete","https:\/\/www.instagram.com\/jornalalgarve7\/","https:\/\/www.linkedin.com\/company\/algarve7","https:\/\/www.pinterest.pt\/geral0939\/_created\/"]},{"@type":"Person","@id":"https:\/\/algarve7.pt\/#\/schema\/person\/23fa70681308e7b319a3204bcea45e0c","name":"Algarve 7","sameAs":["https:\/\/algarve7.pt","https:\/\/www.facebook.com\/algarve7"],"url":"https:\/\/algarve7.pt\/index.php\/author\/geralalgarve7-pt\/"}]}},"jetpack_publicize_connections":[],"jetpack_featured_media_url":"https:\/\/algarve7.pt\/wp-content\/uploads\/2025\/09\/Captura-de-ecra-2025-09-30-as-17.48.42.png","jetpack_shortlink":"https:\/\/wp.me\/pcezmW-ebG","jetpack_sharing_enabled":true,"_links":{"self":[{"href":"https:\/\/algarve7.pt\/index.php\/wp-json\/wp\/v2\/posts\/54540","targetHints":{"allow":["GET"]}}],"collection":[{"href":"https:\/\/algarve7.pt\/index.php\/wp-json\/wp\/v2\/posts"}],"about":[{"href":"https:\/\/algarve7.pt\/index.php\/wp-json\/wp\/v2\/types\/post"}],"author":[{"embeddable":true,"href":"https:\/\/algarve7.pt\/index.php\/wp-json\/wp\/v2\/users\/1"}],"replies":[{"embeddable":true,"href":"https:\/\/algarve7.pt\/index.php\/wp-json\/wp\/v2\/comments?post=54540"}],"version-history":[{"count":0,"href":"https:\/\/algarve7.pt\/index.php\/wp-json\/wp\/v2\/posts\/54540\/revisions"}],"wp:featuredmedia":[{"embeddable":true,"href":"https:\/\/algarve7.pt\/index.php\/wp-json\/wp\/v2\/media\/54541"}],"wp:attachment":[{"href":"https:\/\/algarve7.pt\/index.php\/wp-json\/wp\/v2\/media?parent=54540"}],"wp:term":[{"taxonomy":"category","embeddable":true,"href":"https:\/\/algarve7.pt\/index.php\/wp-json\/wp\/v2\/categories?post=54540"},{"taxonomy":"post_tag","embeddable":true,"href":"https:\/\/algarve7.pt\/index.php\/wp-json\/wp\/v2\/tags?post=54540"}],"curies":[{"name":"wp","href":"https:\/\/api.w.org\/{rel}","templated":true}]}}