{"id":54354,"date":"2025-09-26T07:47:00","date_gmt":"2025-09-26T06:47:00","guid":{"rendered":"https:\/\/algarve7.pt\/?p=54354"},"modified":"2025-09-24T17:51:56","modified_gmt":"2025-09-24T16:51:56","slug":"programa-prato-sustentavel-do-municipio-de-albufeira-permite-reducao-de-162-toneladas-de-co2","status":"publish","type":"post","link":"https:\/\/algarve7.pt\/index.php\/2025\/09\/programa-prato-sustentavel-do-municipio-de-albufeira-permite-reducao-de-162-toneladas-de-co2\/ambiente\/07\/47\/","title":{"rendered":"Programa \u201cprato sustent\u00e1vel\u201d do munic\u00edpio de Albufeira permite redu\u00e7\u00e3o de 162 toneladas de CO2"},"content":{"rendered":"\n<p>Volvidos tr\u00eas anos sobre a implementa\u00e7\u00e3o do programa \u201cPrato Sustent\u00e1vel\u201d nos estabelecimentos do ensino pr\u00e9-escolar e escolas do 1.\u00ba ciclo de Albufeira (setembro de 2022 a junho de 2025), o Munic\u00edpio conseguiu reduzir a pegada ambiental nas refei\u00e7\u00f5es escolares de forma bastante significativa, gra\u00e7as \u00e0 introdu\u00e7\u00e3o de uma dieta rica em vegetais, sendo que no referido per\u00edodo foram servidos cerca de 190 mil pratos sustent\u00e1veis nas 21 escolas do concelho que aderiram \u00e0 iniciativa.<\/p>\n\n\n\n<p>O presidente da C\u00e2mara Municipal de Albufeira, Jos\u00e9 Carlos Rolo, refere que \u201cos portugueses consomem quatro vezes mais carne do que \u00e9 recomendado, pelo que \u00e9 extremamente importante este esfor\u00e7o da autarquia destinado \u00e0 altera\u00e7\u00e3o dos h\u00e1bitos alimentares das fam\u00edlias, come\u00e7ando precisamente pelos mais pequeninos, pelas crian\u00e7as que frequentam os nossos estabelecimentos de ensino\u201d. O autarca sublinha que o programa foi complementado com a realiza\u00e7\u00e3o de a\u00e7\u00f5es pr\u00e1ticas de capacita\u00e7\u00e3o das cozinheiras (os) respons\u00e1veis pela confe\u00e7\u00e3o dos pratos vegetais e&nbsp;<em>workshops<\/em>&nbsp;para pais e encarregados de educa\u00e7\u00e3o; os quais foram muito bem aceites.<\/p>\n\n\n\n<p>O programa \u201cPrato Sustent\u00e1vel\u201d foi dinamizado pela ProVeg Portugal, organiza\u00e7\u00e3o sem fins lucrativos, \u201cque procura consciencializar a popula\u00e7\u00e3o para a import\u00e2ncia de uma alimenta\u00e7\u00e3o rica em vegetais, considerando que um sistema alimentar mais justo, sustent\u00e1vel e saud\u00e1vel \u00e9 parte de uma solu\u00e7\u00e3o integrada e multidimensional\u201d.<\/p>\n\n\n\n<p>Assim, durante um dia por semana, no primeiro ano, e depois uma vez por m\u00eas, foi confecionada uma refei\u00e7\u00e3o de base vegetal para todos os alunos, com as leguminosas como principal fonte proteica, o que permitiu aumentar a diversidade alimentar das refei\u00e7\u00f5es escolares e a redu\u00e7\u00e3o do impacto ambiental associado a alimentos de origem animal. No \u00e2mbito do programa, a ProVeg Portugal realizou um estudo que permite concluir que a pegada de carbono dos pratos cuja fonte proteica \u00e9 vegetal, nomeadamente as leguminosas e derivados foi, em m\u00e9dia, 2 vezes inferior \u00e0 pegada de refei\u00e7\u00f5es confecionadas com prote\u00edna animal; a pegada h\u00eddrica 2 vez inferior e o uso do solo 3.7 vezes inferior; o que resultou numa poupan\u00e7a de 162 toneladas de carbono, 22 milh\u00f5es de litros de \u00e1gua e 261 mil metros quadrados de solo.<\/p>\n\n\n\n<p>\u201cO impacto positivo \u00e9 significativo e evidencia o papel das escolhas alimentares na mitiga\u00e7\u00e3o das altera\u00e7\u00f5es clim\u00e1ticas\u201d, referem os respons\u00e1veis pelo estudo, realizado de acordo com metodologia cient\u00edfica que permitiu calcular as emiss\u00f5es de di\u00f3xido de carbono equivalente (CO2eq), o consumo de \u00e1gua (litros) e o uso do solo (metros quadrados por ano), associados \u00e0 produ\u00e7\u00e3o dos diferentes alimentos que comp\u00f5em os v\u00e1rios pratos. Foram criados pratos sustent\u00e1veis inspirados na gastronomia portuguesa, sendo que para cada prato comparou-se a pegada respetiva dos de base vegetal com a pegada de pratos equivalentes confecionados com prote\u00ednas de origem animal (carne ou peixe). Comparando, por exemplo, uma bolonhesa de lentilhas e uma bolonhesa de carne temos o seguinte resultado &#8211; as tentilhas, em espec\u00edfico, t\u00eam ~0,09 kg de CO2eq por por\u00e7\u00e3o, enquanto a carne de vaca, em espec\u00edfico, tem ~2.89 kg de CO2eq por por\u00e7\u00e3o.<\/p>\n","protected":false},"excerpt":{"rendered":"<p>Volvidos tr\u00eas anos sobre a implementa\u00e7\u00e3o do programa \u201cPrato Sustent\u00e1vel\u201d nos estabelecimentos do ensino pr\u00e9-escolar e escolas do 1.\u00ba ciclo<\/p>\n","protected":false},"author":1,"featured_media":54355,"comment_status":"closed","ping_status":"closed","sticky":false,"template":"","format":"standard","meta":{"colormag_page_container_layout":"default_layout","colormag_page_sidebar_layout":"default_layout","_monsterinsights_skip_tracking":false,"_monsterinsights_sitenote_active":false,"_monsterinsights_sitenote_note":"","_monsterinsights_sitenote_category":0,"jetpack_post_was_ever_published":false,"_jetpack_newsletter_access":"","_jetpack_dont_email_post_to_subs":false,"_jetpack_newsletter_tier_id":0,"_jetpack_memberships_contains_paywalled_content":false,"_jetpack_memberships_contains_paid_content":false,"footnotes":"","jetpack_publicize_message":"","jetpack_publicize_feature_enabled":true,"jetpack_social_post_already_shared":false,"jetpack_social_options":{"image_generator_settings":{"template":"highway","default_image_id":0,"font":"","enabled":false},"version":2}},"categories":[5],"tags":[155,36,32],"class_list":["post-54354","post","type-post","status-publish","format-standard","has-post-thumbnail","hentry","category-ambiente","tag-albufeira","tag-algarve","tag-ambiente"],"yoast_head":"<!-- This site is optimized with the Yoast SEO plugin v27.5 - https:\/\/yoast.com\/product\/yoast-seo-wordpress\/ -->\n<title>Programa \u201cprato sustent\u00e1vel\u201d do munic\u00edpio de Albufeira permite redu\u00e7\u00e3o de 162 toneladas de CO2 - Algarve 7<\/title>\n<meta name=\"description\" content=\"Programa \u201cprato sustent\u00e1vel\u201d do munic\u00edpio de Albufeira permite redu\u00e7\u00e3o de 162 toneladas de CO2 Ambiente\" \/>\n<meta name=\"robots\" content=\"index, follow, max-snippet:-1, max-image-preview:large, max-video-preview:-1\" \/>\n<link rel=\"canonical\" href=\"https:\/\/algarve7.pt\/index.php\/2025\/09\/programa-prato-sustentavel-do-municipio-de-albufeira-permite-reducao-de-162-toneladas-de-co2\/ambiente\/07\/47\/\" \/>\n<meta property=\"og:locale\" content=\"pt_PT\" \/>\n<meta property=\"og:type\" content=\"article\" \/>\n<meta property=\"og:title\" content=\"Programa \u201cprato sustent\u00e1vel\u201d do munic\u00edpio de Albufeira permite redu\u00e7\u00e3o de 162 toneladas de CO2 - Algarve 7\" \/>\n<meta property=\"og:description\" content=\"Programa \u201cprato sustent\u00e1vel\u201d do munic\u00edpio de Albufeira permite redu\u00e7\u00e3o de 162 toneladas de CO2 Ambiente\" \/>\n<meta property=\"og:url\" content=\"https:\/\/algarve7.pt\/index.php\/2025\/09\/programa-prato-sustentavel-do-municipio-de-albufeira-permite-reducao-de-162-toneladas-de-co2\/ambiente\/07\/47\/\" \/>\n<meta property=\"og:site_name\" content=\"Algarve 7\" \/>\n<meta property=\"article:publisher\" content=\"https:\/\/www.facebook.com\/algarve7\" \/>\n<meta property=\"article:author\" content=\"https:\/\/www.facebook.com\/algarve7\" \/>\n<meta property=\"article:published_time\" content=\"2025-09-26T06:47:00+00:00\" \/>\n<meta property=\"og:image\" content=\"https:\/\/algarve7.pt\/wp-content\/uploads\/2025\/09\/1.1.jpg\" \/>\n\t<meta property=\"og:image:width\" content=\"800\" \/>\n\t<meta property=\"og:image:height\" content=\"500\" \/>\n\t<meta property=\"og:image:type\" content=\"image\/jpeg\" \/>\n<meta name=\"author\" content=\"Algarve 7\" \/>\n<meta name=\"twitter:card\" content=\"summary_large_image\" \/>\n<meta name=\"twitter:creator\" content=\"@Algarvesete\" \/>\n<meta name=\"twitter:site\" content=\"@Algarvesete\" \/>\n<meta name=\"twitter:label1\" content=\"Escrito por\" \/>\n\t<meta name=\"twitter:data1\" content=\"Algarve 7\" \/>\n\t<meta name=\"twitter:label2\" content=\"Tempo estimado de leitura\" \/>\n\t<meta name=\"twitter:data2\" content=\"3 minutos\" \/>\n<script type=\"application\/ld+json\" class=\"yoast-schema-graph\">{\"@context\":\"https:\\\/\\\/schema.org\",\"@graph\":[{\"@type\":\"Article\",\"@id\":\"https:\\\/\\\/algarve7.pt\\\/index.php\\\/2025\\\/09\\\/programa-prato-sustentavel-do-municipio-de-albufeira-permite-reducao-de-162-toneladas-de-co2\\\/ambiente\\\/07\\\/47\\\/#article\",\"isPartOf\":{\"@id\":\"https:\\\/\\\/algarve7.pt\\\/index.php\\\/2025\\\/09\\\/programa-prato-sustentavel-do-municipio-de-albufeira-permite-reducao-de-162-toneladas-de-co2\\\/ambiente\\\/07\\\/47\\\/\"},\"author\":{\"name\":\"Algarve 7\",\"@id\":\"https:\\\/\\\/algarve7.pt\\\/#\\\/schema\\\/person\\\/23fa70681308e7b319a3204bcea45e0c\"},\"headline\":\"Programa \u201cprato sustent\u00e1vel\u201d do munic\u00edpio de Albufeira permite redu\u00e7\u00e3o de 162 toneladas de CO2\",\"datePublished\":\"2025-09-26T06:47:00+00:00\",\"mainEntityOfPage\":{\"@id\":\"https:\\\/\\\/algarve7.pt\\\/index.php\\\/2025\\\/09\\\/programa-prato-sustentavel-do-municipio-de-albufeira-permite-reducao-de-162-toneladas-de-co2\\\/ambiente\\\/07\\\/47\\\/\"},\"wordCount\":547,\"publisher\":{\"@id\":\"https:\\\/\\\/algarve7.pt\\\/#organization\"},\"image\":{\"@id\":\"https:\\\/\\\/algarve7.pt\\\/index.php\\\/2025\\\/09\\\/programa-prato-sustentavel-do-municipio-de-albufeira-permite-reducao-de-162-toneladas-de-co2\\\/ambiente\\\/07\\\/47\\\/#primaryimage\"},\"thumbnailUrl\":\"https:\\\/\\\/algarve7.pt\\\/wp-content\\\/uploads\\\/2025\\\/09\\\/1.1.jpg\",\"keywords\":[\"Albufeira\",\"Algarve\",\"Ambiente\"],\"articleSection\":[\"Ambiente\"],\"inLanguage\":\"pt-PT\"},{\"@type\":\"WebPage\",\"@id\":\"https:\\\/\\\/algarve7.pt\\\/index.php\\\/2025\\\/09\\\/programa-prato-sustentavel-do-municipio-de-albufeira-permite-reducao-de-162-toneladas-de-co2\\\/ambiente\\\/07\\\/47\\\/\",\"url\":\"https:\\\/\\\/algarve7.pt\\\/index.php\\\/2025\\\/09\\\/programa-prato-sustentavel-do-municipio-de-albufeira-permite-reducao-de-162-toneladas-de-co2\\\/ambiente\\\/07\\\/47\\\/\",\"name\":\"Programa \u201cprato sustent\u00e1vel\u201d do munic\u00edpio de Albufeira permite redu\u00e7\u00e3o de 162 toneladas de CO2 - Algarve 7\",\"isPartOf\":{\"@id\":\"https:\\\/\\\/algarve7.pt\\\/#website\"},\"primaryImageOfPage\":{\"@id\":\"https:\\\/\\\/algarve7.pt\\\/index.php\\\/2025\\\/09\\\/programa-prato-sustentavel-do-municipio-de-albufeira-permite-reducao-de-162-toneladas-de-co2\\\/ambiente\\\/07\\\/47\\\/#primaryimage\"},\"image\":{\"@id\":\"https:\\\/\\\/algarve7.pt\\\/index.php\\\/2025\\\/09\\\/programa-prato-sustentavel-do-municipio-de-albufeira-permite-reducao-de-162-toneladas-de-co2\\\/ambiente\\\/07\\\/47\\\/#primaryimage\"},\"thumbnailUrl\":\"https:\\\/\\\/algarve7.pt\\\/wp-content\\\/uploads\\\/2025\\\/09\\\/1.1.jpg\",\"datePublished\":\"2025-09-26T06:47:00+00:00\",\"description\":\"Programa \u201cprato sustent\u00e1vel\u201d do munic\u00edpio de Albufeira permite redu\u00e7\u00e3o de 162 toneladas de CO2 Ambiente\",\"breadcrumb\":{\"@id\":\"https:\\\/\\\/algarve7.pt\\\/index.php\\\/2025\\\/09\\\/programa-prato-sustentavel-do-municipio-de-albufeira-permite-reducao-de-162-toneladas-de-co2\\\/ambiente\\\/07\\\/47\\\/#breadcrumb\"},\"inLanguage\":\"pt-PT\",\"potentialAction\":[{\"@type\":\"ReadAction\",\"target\":[\"https:\\\/\\\/algarve7.pt\\\/index.php\\\/2025\\\/09\\\/programa-prato-sustentavel-do-municipio-de-albufeira-permite-reducao-de-162-toneladas-de-co2\\\/ambiente\\\/07\\\/47\\\/\"]}]},{\"@type\":\"ImageObject\",\"inLanguage\":\"pt-PT\",\"@id\":\"https:\\\/\\\/algarve7.pt\\\/index.php\\\/2025\\\/09\\\/programa-prato-sustentavel-do-municipio-de-albufeira-permite-reducao-de-162-toneladas-de-co2\\\/ambiente\\\/07\\\/47\\\/#primaryimage\",\"url\":\"https:\\\/\\\/algarve7.pt\\\/wp-content\\\/uploads\\\/2025\\\/09\\\/1.1.jpg\",\"contentUrl\":\"https:\\\/\\\/algarve7.pt\\\/wp-content\\\/uploads\\\/2025\\\/09\\\/1.1.jpg\",\"width\":800,\"height\":500},{\"@type\":\"BreadcrumbList\",\"@id\":\"https:\\\/\\\/algarve7.pt\\\/index.php\\\/2025\\\/09\\\/programa-prato-sustentavel-do-municipio-de-albufeira-permite-reducao-de-162-toneladas-de-co2\\\/ambiente\\\/07\\\/47\\\/#breadcrumb\",\"itemListElement\":[{\"@type\":\"ListItem\",\"position\":1,\"name\":\"In\u00edcio\",\"item\":\"https:\\\/\\\/algarve7.pt\\\/\"},{\"@type\":\"ListItem\",\"position\":2,\"name\":\"Programa \u201cprato sustent\u00e1vel\u201d do munic\u00edpio de Albufeira permite redu\u00e7\u00e3o de 162 toneladas de CO2\"}]},{\"@type\":\"WebSite\",\"@id\":\"https:\\\/\\\/algarve7.pt\\\/#website\",\"url\":\"https:\\\/\\\/algarve7.pt\\\/\",\"name\":\"Algarve 7\",\"description\":\"Informa\u00e7\u00e3o sobre o Algarve\",\"publisher\":{\"@id\":\"https:\\\/\\\/algarve7.pt\\\/#organization\"},\"potentialAction\":[{\"@type\":\"SearchAction\",\"target\":{\"@type\":\"EntryPoint\",\"urlTemplate\":\"https:\\\/\\\/algarve7.pt\\\/?s={search_term_string}\"},\"query-input\":{\"@type\":\"PropertyValueSpecification\",\"valueRequired\":true,\"valueName\":\"search_term_string\"}}],\"inLanguage\":\"pt-PT\"},{\"@type\":\"Organization\",\"@id\":\"https:\\\/\\\/algarve7.pt\\\/#organization\",\"name\":\"Algarve 7\",\"url\":\"https:\\\/\\\/algarve7.pt\\\/\",\"logo\":{\"@type\":\"ImageObject\",\"inLanguage\":\"pt-PT\",\"@id\":\"https:\\\/\\\/algarve7.pt\\\/#\\\/schema\\\/logo\\\/image\\\/\",\"url\":\"https:\\\/\\\/algarve7.pt\\\/wp-content\\\/uploads\\\/2020\\\/10\\\/Logo-8.jpg\",\"contentUrl\":\"https:\\\/\\\/algarve7.pt\\\/wp-content\\\/uploads\\\/2020\\\/10\\\/Logo-8.jpg\",\"width\":1680,\"height\":1186,\"caption\":\"Algarve 7\"},\"image\":{\"@id\":\"https:\\\/\\\/algarve7.pt\\\/#\\\/schema\\\/logo\\\/image\\\/\"},\"sameAs\":[\"https:\\\/\\\/www.facebook.com\\\/algarve7\",\"https:\\\/\\\/x.com\\\/Algarvesete\",\"https:\\\/\\\/www.instagram.com\\\/jornalalgarve7\\\/\",\"https:\\\/\\\/www.linkedin.com\\\/company\\\/algarve7\",\"https:\\\/\\\/www.pinterest.pt\\\/geral0939\\\/_created\\\/\"]},{\"@type\":\"Person\",\"@id\":\"https:\\\/\\\/algarve7.pt\\\/#\\\/schema\\\/person\\\/23fa70681308e7b319a3204bcea45e0c\",\"name\":\"Algarve 7\",\"sameAs\":[\"https:\\\/\\\/algarve7.pt\",\"https:\\\/\\\/www.facebook.com\\\/algarve7\"],\"url\":\"https:\\\/\\\/algarve7.pt\\\/index.php\\\/author\\\/geralalgarve7-pt\\\/\"}]}<\/script>\n<!-- \/ Yoast SEO plugin. -->","yoast_head_json":{"title":"Programa \u201cprato sustent\u00e1vel\u201d do munic\u00edpio de Albufeira permite redu\u00e7\u00e3o de 162 toneladas de CO2 - Algarve 7","description":"Programa \u201cprato sustent\u00e1vel\u201d do munic\u00edpio de Albufeira permite redu\u00e7\u00e3o de 162 toneladas de CO2 Ambiente","robots":{"index":"index","follow":"follow","max-snippet":"max-snippet:-1","max-image-preview":"max-image-preview:large","max-video-preview":"max-video-preview:-1"},"canonical":"https:\/\/algarve7.pt\/index.php\/2025\/09\/programa-prato-sustentavel-do-municipio-de-albufeira-permite-reducao-de-162-toneladas-de-co2\/ambiente\/07\/47\/","og_locale":"pt_PT","og_type":"article","og_title":"Programa \u201cprato sustent\u00e1vel\u201d do munic\u00edpio de Albufeira permite redu\u00e7\u00e3o de 162 toneladas de CO2 - Algarve 7","og_description":"Programa \u201cprato sustent\u00e1vel\u201d do munic\u00edpio de Albufeira permite redu\u00e7\u00e3o de 162 toneladas de CO2 Ambiente","og_url":"https:\/\/algarve7.pt\/index.php\/2025\/09\/programa-prato-sustentavel-do-municipio-de-albufeira-permite-reducao-de-162-toneladas-de-co2\/ambiente\/07\/47\/","og_site_name":"Algarve 7","article_publisher":"https:\/\/www.facebook.com\/algarve7","article_author":"https:\/\/www.facebook.com\/algarve7","article_published_time":"2025-09-26T06:47:00+00:00","og_image":[{"width":800,"height":500,"url":"https:\/\/algarve7.pt\/wp-content\/uploads\/2025\/09\/1.1.jpg","type":"image\/jpeg"}],"author":"Algarve 7","twitter_card":"summary_large_image","twitter_creator":"@Algarvesete","twitter_site":"@Algarvesete","twitter_misc":{"Escrito por":"Algarve 7","Tempo estimado de leitura":"3 minutos"},"schema":{"@context":"https:\/\/schema.org","@graph":[{"@type":"Article","@id":"https:\/\/algarve7.pt\/index.php\/2025\/09\/programa-prato-sustentavel-do-municipio-de-albufeira-permite-reducao-de-162-toneladas-de-co2\/ambiente\/07\/47\/#article","isPartOf":{"@id":"https:\/\/algarve7.pt\/index.php\/2025\/09\/programa-prato-sustentavel-do-municipio-de-albufeira-permite-reducao-de-162-toneladas-de-co2\/ambiente\/07\/47\/"},"author":{"name":"Algarve 7","@id":"https:\/\/algarve7.pt\/#\/schema\/person\/23fa70681308e7b319a3204bcea45e0c"},"headline":"Programa \u201cprato sustent\u00e1vel\u201d do munic\u00edpio de Albufeira permite redu\u00e7\u00e3o de 162 toneladas de CO2","datePublished":"2025-09-26T06:47:00+00:00","mainEntityOfPage":{"@id":"https:\/\/algarve7.pt\/index.php\/2025\/09\/programa-prato-sustentavel-do-municipio-de-albufeira-permite-reducao-de-162-toneladas-de-co2\/ambiente\/07\/47\/"},"wordCount":547,"publisher":{"@id":"https:\/\/algarve7.pt\/#organization"},"image":{"@id":"https:\/\/algarve7.pt\/index.php\/2025\/09\/programa-prato-sustentavel-do-municipio-de-albufeira-permite-reducao-de-162-toneladas-de-co2\/ambiente\/07\/47\/#primaryimage"},"thumbnailUrl":"https:\/\/algarve7.pt\/wp-content\/uploads\/2025\/09\/1.1.jpg","keywords":["Albufeira","Algarve","Ambiente"],"articleSection":["Ambiente"],"inLanguage":"pt-PT"},{"@type":"WebPage","@id":"https:\/\/algarve7.pt\/index.php\/2025\/09\/programa-prato-sustentavel-do-municipio-de-albufeira-permite-reducao-de-162-toneladas-de-co2\/ambiente\/07\/47\/","url":"https:\/\/algarve7.pt\/index.php\/2025\/09\/programa-prato-sustentavel-do-municipio-de-albufeira-permite-reducao-de-162-toneladas-de-co2\/ambiente\/07\/47\/","name":"Programa \u201cprato sustent\u00e1vel\u201d do munic\u00edpio de Albufeira permite redu\u00e7\u00e3o de 162 toneladas de CO2 - Algarve 7","isPartOf":{"@id":"https:\/\/algarve7.pt\/#website"},"primaryImageOfPage":{"@id":"https:\/\/algarve7.pt\/index.php\/2025\/09\/programa-prato-sustentavel-do-municipio-de-albufeira-permite-reducao-de-162-toneladas-de-co2\/ambiente\/07\/47\/#primaryimage"},"image":{"@id":"https:\/\/algarve7.pt\/index.php\/2025\/09\/programa-prato-sustentavel-do-municipio-de-albufeira-permite-reducao-de-162-toneladas-de-co2\/ambiente\/07\/47\/#primaryimage"},"thumbnailUrl":"https:\/\/algarve7.pt\/wp-content\/uploads\/2025\/09\/1.1.jpg","datePublished":"2025-09-26T06:47:00+00:00","description":"Programa \u201cprato sustent\u00e1vel\u201d do munic\u00edpio de Albufeira permite redu\u00e7\u00e3o de 162 toneladas de CO2 Ambiente","breadcrumb":{"@id":"https:\/\/algarve7.pt\/index.php\/2025\/09\/programa-prato-sustentavel-do-municipio-de-albufeira-permite-reducao-de-162-toneladas-de-co2\/ambiente\/07\/47\/#breadcrumb"},"inLanguage":"pt-PT","potentialAction":[{"@type":"ReadAction","target":["https:\/\/algarve7.pt\/index.php\/2025\/09\/programa-prato-sustentavel-do-municipio-de-albufeira-permite-reducao-de-162-toneladas-de-co2\/ambiente\/07\/47\/"]}]},{"@type":"ImageObject","inLanguage":"pt-PT","@id":"https:\/\/algarve7.pt\/index.php\/2025\/09\/programa-prato-sustentavel-do-municipio-de-albufeira-permite-reducao-de-162-toneladas-de-co2\/ambiente\/07\/47\/#primaryimage","url":"https:\/\/algarve7.pt\/wp-content\/uploads\/2025\/09\/1.1.jpg","contentUrl":"https:\/\/algarve7.pt\/wp-content\/uploads\/2025\/09\/1.1.jpg","width":800,"height":500},{"@type":"BreadcrumbList","@id":"https:\/\/algarve7.pt\/index.php\/2025\/09\/programa-prato-sustentavel-do-municipio-de-albufeira-permite-reducao-de-162-toneladas-de-co2\/ambiente\/07\/47\/#breadcrumb","itemListElement":[{"@type":"ListItem","position":1,"name":"In\u00edcio","item":"https:\/\/algarve7.pt\/"},{"@type":"ListItem","position":2,"name":"Programa \u201cprato sustent\u00e1vel\u201d do munic\u00edpio de Albufeira permite redu\u00e7\u00e3o de 162 toneladas de CO2"}]},{"@type":"WebSite","@id":"https:\/\/algarve7.pt\/#website","url":"https:\/\/algarve7.pt\/","name":"Algarve 7","description":"Informa\u00e7\u00e3o sobre o Algarve","publisher":{"@id":"https:\/\/algarve7.pt\/#organization"},"potentialAction":[{"@type":"SearchAction","target":{"@type":"EntryPoint","urlTemplate":"https:\/\/algarve7.pt\/?s={search_term_string}"},"query-input":{"@type":"PropertyValueSpecification","valueRequired":true,"valueName":"search_term_string"}}],"inLanguage":"pt-PT"},{"@type":"Organization","@id":"https:\/\/algarve7.pt\/#organization","name":"Algarve 7","url":"https:\/\/algarve7.pt\/","logo":{"@type":"ImageObject","inLanguage":"pt-PT","@id":"https:\/\/algarve7.pt\/#\/schema\/logo\/image\/","url":"https:\/\/algarve7.pt\/wp-content\/uploads\/2020\/10\/Logo-8.jpg","contentUrl":"https:\/\/algarve7.pt\/wp-content\/uploads\/2020\/10\/Logo-8.jpg","width":1680,"height":1186,"caption":"Algarve 7"},"image":{"@id":"https:\/\/algarve7.pt\/#\/schema\/logo\/image\/"},"sameAs":["https:\/\/www.facebook.com\/algarve7","https:\/\/x.com\/Algarvesete","https:\/\/www.instagram.com\/jornalalgarve7\/","https:\/\/www.linkedin.com\/company\/algarve7","https:\/\/www.pinterest.pt\/geral0939\/_created\/"]},{"@type":"Person","@id":"https:\/\/algarve7.pt\/#\/schema\/person\/23fa70681308e7b319a3204bcea45e0c","name":"Algarve 7","sameAs":["https:\/\/algarve7.pt","https:\/\/www.facebook.com\/algarve7"],"url":"https:\/\/algarve7.pt\/index.php\/author\/geralalgarve7-pt\/"}]}},"jetpack_publicize_connections":[],"jetpack_featured_media_url":"https:\/\/algarve7.pt\/wp-content\/uploads\/2025\/09\/1.1.jpg","jetpack_shortlink":"https:\/\/wp.me\/pcezmW-e8G","jetpack_sharing_enabled":true,"_links":{"self":[{"href":"https:\/\/algarve7.pt\/index.php\/wp-json\/wp\/v2\/posts\/54354","targetHints":{"allow":["GET"]}}],"collection":[{"href":"https:\/\/algarve7.pt\/index.php\/wp-json\/wp\/v2\/posts"}],"about":[{"href":"https:\/\/algarve7.pt\/index.php\/wp-json\/wp\/v2\/types\/post"}],"author":[{"embeddable":true,"href":"https:\/\/algarve7.pt\/index.php\/wp-json\/wp\/v2\/users\/1"}],"replies":[{"embeddable":true,"href":"https:\/\/algarve7.pt\/index.php\/wp-json\/wp\/v2\/comments?post=54354"}],"version-history":[{"count":0,"href":"https:\/\/algarve7.pt\/index.php\/wp-json\/wp\/v2\/posts\/54354\/revisions"}],"wp:featuredmedia":[{"embeddable":true,"href":"https:\/\/algarve7.pt\/index.php\/wp-json\/wp\/v2\/media\/54355"}],"wp:attachment":[{"href":"https:\/\/algarve7.pt\/index.php\/wp-json\/wp\/v2\/media?parent=54354"}],"wp:term":[{"taxonomy":"category","embeddable":true,"href":"https:\/\/algarve7.pt\/index.php\/wp-json\/wp\/v2\/categories?post=54354"},{"taxonomy":"post_tag","embeddable":true,"href":"https:\/\/algarve7.pt\/index.php\/wp-json\/wp\/v2\/tags?post=54354"}],"curies":[{"name":"wp","href":"https:\/\/api.w.org\/{rel}","templated":true}]}}