{"id":54144,"date":"2025-09-16T19:05:28","date_gmt":"2025-09-16T18:05:28","guid":{"rendered":"https:\/\/algarve7.pt\/?p=54144"},"modified":"2025-09-16T19:05:33","modified_gmt":"2025-09-16T18:05:33","slug":"supertacas-do-algarve-futsal-jogam-se-em-almancil","status":"publish","type":"post","link":"https:\/\/algarve7.pt\/index.php\/2025\/09\/supertacas-do-algarve-futsal-jogam-se-em-almancil\/desporto\/19\/05\/","title":{"rendered":"Superta\u00e7as do Algarve Futsal jogam-se em Almancil"},"content":{"rendered":"\n<p>As Superta\u00e7as do Algarve Futsal da \u00e9poca 25\/26 realizam-se j\u00e1 este m\u00eas de setembro, dias 27 e 28, no Pavilh\u00e3o Multiusos 25 de Abril, em Almancil.<\/p>\n\n\n\n<p>Nos dois dias, nos quais ser\u00e3o encontrados os primeiros seis campe\u00f5es algarvios de futsal da temporada, os encontros iniciam \u00e0s 14.30 horas, prosseguem \u00e0s 17 e a \u00faltima partida realiza-se \u00e0s 19.30 horas. Os jogos de entrada livre.<\/p>\n\n\n\n<figure class=\"wp-block-image aligncenter size-large is-resized\"><img loading=\"lazy\" decoding=\"async\" width=\"367\" height=\"520\" src=\"https:\/\/algarve7.pt\/wp-content\/uploads\/2025\/09\/cartaz-367x520.jpg\" alt=\"\" class=\"wp-image-54145\" style=\"width:565px;height:auto\" srcset=\"https:\/\/algarve7.pt\/wp-content\/uploads\/2025\/09\/cartaz-367x520.jpg 367w, https:\/\/algarve7.pt\/wp-content\/uploads\/2025\/09\/cartaz-212x300.jpg 212w, https:\/\/algarve7.pt\/wp-content\/uploads\/2025\/09\/cartaz-768x1087.jpg 768w, https:\/\/algarve7.pt\/wp-content\/uploads\/2025\/09\/cartaz-1086x1536.jpg 1086w, https:\/\/algarve7.pt\/wp-content\/uploads\/2025\/09\/cartaz-1447x2048.jpg 1447w, https:\/\/algarve7.pt\/wp-content\/uploads\/2025\/09\/cartaz.jpg 1800w\" sizes=\"auto, (max-width: 367px) 100vw, 367px\" \/><\/figure>\n","protected":false},"excerpt":{"rendered":"<p>As Superta\u00e7as do Algarve Futsal da \u00e9poca 25\/26 realizam-se j\u00e1 este m\u00eas de setembro, dias 27 e 28, no Pavilh\u00e3o<\/p>\n","protected":false},"author":1,"featured_media":54146,"comment_status":"closed","ping_status":"closed","sticky":false,"template":"","format":"standard","meta":{"colormag_page_container_layout":"default_layout","colormag_page_sidebar_layout":"default_layout","_monsterinsights_skip_tracking":false,"_monsterinsights_sitenote_active":false,"_monsterinsights_sitenote_note":"","_monsterinsights_sitenote_category":0,"jetpack_post_was_ever_published":false,"_jetpack_newsletter_access":"","_jetpack_dont_email_post_to_subs":false,"_jetpack_newsletter_tier_id":0,"_jetpack_memberships_contains_paywalled_content":false,"_jetpack_memberships_contains_paid_content":false,"footnotes":"","jetpack_publicize_message":"","jetpack_publicize_feature_enabled":true,"jetpack_social_post_already_shared":true,"jetpack_social_options":{"image_generator_settings":{"template":"highway","default_image_id":0,"font":"","enabled":false},"version":2}},"categories":[15],"tags":[36,86,543,40,542],"class_list":["post-54144","post","type-post","status-publish","format-standard","has-post-thumbnail","hentry","category-desporto","tag-algarve","tag-almancil","tag-associacao-de-futebol-do-algarve","tag-desporto","tag-futsal"],"yoast_head":"<!-- This site is optimized with the Yoast SEO plugin v27.5 - https:\/\/yoast.com\/product\/yoast-seo-wordpress\/ -->\n<title>Superta\u00e7as do Algarve Futsal jogam-se em Almancil - Algarve 7<\/title>\n<meta name=\"description\" content=\"Superta\u00e7as do Algarve Futsal jogam-se em Almancil Desporto\" \/>\n<meta name=\"robots\" content=\"index, follow, max-snippet:-1, max-image-preview:large, max-video-preview:-1\" \/>\n<link rel=\"canonical\" href=\"https:\/\/algarve7.pt\/index.php\/2025\/09\/supertacas-do-algarve-futsal-jogam-se-em-almancil\/desporto\/19\/05\/\" \/>\n<meta property=\"og:locale\" content=\"pt_PT\" \/>\n<meta property=\"og:type\" content=\"article\" \/>\n<meta property=\"og:title\" content=\"Superta\u00e7as do Algarve Futsal jogam-se em Almancil - Algarve 7\" \/>\n<meta property=\"og:description\" content=\"Superta\u00e7as do Algarve Futsal jogam-se em Almancil Desporto\" \/>\n<meta property=\"og:url\" content=\"https:\/\/algarve7.pt\/index.php\/2025\/09\/supertacas-do-algarve-futsal-jogam-se-em-almancil\/desporto\/19\/05\/\" \/>\n<meta property=\"og:site_name\" content=\"Algarve 7\" \/>\n<meta property=\"article:publisher\" content=\"https:\/\/www.facebook.com\/algarve7\" \/>\n<meta property=\"article:author\" content=\"https:\/\/www.facebook.com\/algarve7\" \/>\n<meta property=\"article:published_time\" content=\"2025-09-16T18:05:28+00:00\" \/>\n<meta property=\"article:modified_time\" content=\"2025-09-16T18:05:33+00:00\" \/>\n<meta property=\"og:image\" content=\"https:\/\/algarve7.pt\/wp-content\/uploads\/2025\/09\/Captura-de-ecra-2025-09-16-as-19.00.45.png\" \/>\n\t<meta property=\"og:image:width\" content=\"800\" \/>\n\t<meta property=\"og:image:height\" content=\"500\" \/>\n\t<meta property=\"og:image:type\" content=\"image\/png\" \/>\n<meta name=\"author\" content=\"Algarve 7\" \/>\n<meta name=\"twitter:card\" content=\"summary_large_image\" \/>\n<meta name=\"twitter:creator\" content=\"@Algarvesete\" \/>\n<meta name=\"twitter:site\" content=\"@Algarvesete\" \/>\n<meta name=\"twitter:label1\" content=\"Escrito por\" \/>\n\t<meta name=\"twitter:data1\" content=\"Algarve 7\" \/>\n\t<meta name=\"twitter:label2\" content=\"Tempo estimado de leitura\" \/>\n\t<meta name=\"twitter:data2\" content=\"1 minuto\" \/>\n<script type=\"application\/ld+json\" class=\"yoast-schema-graph\">{\"@context\":\"https:\\\/\\\/schema.org\",\"@graph\":[{\"@type\":\"Article\",\"@id\":\"https:\\\/\\\/algarve7.pt\\\/index.php\\\/2025\\\/09\\\/supertacas-do-algarve-futsal-jogam-se-em-almancil\\\/desporto\\\/19\\\/05\\\/#article\",\"isPartOf\":{\"@id\":\"https:\\\/\\\/algarve7.pt\\\/index.php\\\/2025\\\/09\\\/supertacas-do-algarve-futsal-jogam-se-em-almancil\\\/desporto\\\/19\\\/05\\\/\"},\"author\":{\"name\":\"Algarve 7\",\"@id\":\"https:\\\/\\\/algarve7.pt\\\/#\\\/schema\\\/person\\\/23fa70681308e7b319a3204bcea45e0c\"},\"headline\":\"Superta\u00e7as do Algarve Futsal jogam-se em Almancil\",\"datePublished\":\"2025-09-16T18:05:28+00:00\",\"dateModified\":\"2025-09-16T18:05:33+00:00\",\"mainEntityOfPage\":{\"@id\":\"https:\\\/\\\/algarve7.pt\\\/index.php\\\/2025\\\/09\\\/supertacas-do-algarve-futsal-jogam-se-em-almancil\\\/desporto\\\/19\\\/05\\\/\"},\"wordCount\":70,\"publisher\":{\"@id\":\"https:\\\/\\\/algarve7.pt\\\/#organization\"},\"image\":{\"@id\":\"https:\\\/\\\/algarve7.pt\\\/index.php\\\/2025\\\/09\\\/supertacas-do-algarve-futsal-jogam-se-em-almancil\\\/desporto\\\/19\\\/05\\\/#primaryimage\"},\"thumbnailUrl\":\"https:\\\/\\\/algarve7.pt\\\/wp-content\\\/uploads\\\/2025\\\/09\\\/Captura-de-ecra-2025-09-16-as-19.00.45.png\",\"keywords\":[\"Algarve\",\"Almancil\",\"Associa\u00e7\u00e3o de futebol do Algarve\",\"Desporto\",\"Futsal\"],\"articleSection\":[\"Desporto\"],\"inLanguage\":\"pt-PT\"},{\"@type\":\"WebPage\",\"@id\":\"https:\\\/\\\/algarve7.pt\\\/index.php\\\/2025\\\/09\\\/supertacas-do-algarve-futsal-jogam-se-em-almancil\\\/desporto\\\/19\\\/05\\\/\",\"url\":\"https:\\\/\\\/algarve7.pt\\\/index.php\\\/2025\\\/09\\\/supertacas-do-algarve-futsal-jogam-se-em-almancil\\\/desporto\\\/19\\\/05\\\/\",\"name\":\"Superta\u00e7as do Algarve Futsal jogam-se em Almancil - Algarve 7\",\"isPartOf\":{\"@id\":\"https:\\\/\\\/algarve7.pt\\\/#website\"},\"primaryImageOfPage\":{\"@id\":\"https:\\\/\\\/algarve7.pt\\\/index.php\\\/2025\\\/09\\\/supertacas-do-algarve-futsal-jogam-se-em-almancil\\\/desporto\\\/19\\\/05\\\/#primaryimage\"},\"image\":{\"@id\":\"https:\\\/\\\/algarve7.pt\\\/index.php\\\/2025\\\/09\\\/supertacas-do-algarve-futsal-jogam-se-em-almancil\\\/desporto\\\/19\\\/05\\\/#primaryimage\"},\"thumbnailUrl\":\"https:\\\/\\\/algarve7.pt\\\/wp-content\\\/uploads\\\/2025\\\/09\\\/Captura-de-ecra-2025-09-16-as-19.00.45.png\",\"datePublished\":\"2025-09-16T18:05:28+00:00\",\"dateModified\":\"2025-09-16T18:05:33+00:00\",\"description\":\"Superta\u00e7as do Algarve Futsal jogam-se em Almancil Desporto\",\"breadcrumb\":{\"@id\":\"https:\\\/\\\/algarve7.pt\\\/index.php\\\/2025\\\/09\\\/supertacas-do-algarve-futsal-jogam-se-em-almancil\\\/desporto\\\/19\\\/05\\\/#breadcrumb\"},\"inLanguage\":\"pt-PT\",\"potentialAction\":[{\"@type\":\"ReadAction\",\"target\":[\"https:\\\/\\\/algarve7.pt\\\/index.php\\\/2025\\\/09\\\/supertacas-do-algarve-futsal-jogam-se-em-almancil\\\/desporto\\\/19\\\/05\\\/\"]}]},{\"@type\":\"ImageObject\",\"inLanguage\":\"pt-PT\",\"@id\":\"https:\\\/\\\/algarve7.pt\\\/index.php\\\/2025\\\/09\\\/supertacas-do-algarve-futsal-jogam-se-em-almancil\\\/desporto\\\/19\\\/05\\\/#primaryimage\",\"url\":\"https:\\\/\\\/algarve7.pt\\\/wp-content\\\/uploads\\\/2025\\\/09\\\/Captura-de-ecra-2025-09-16-as-19.00.45.png\",\"contentUrl\":\"https:\\\/\\\/algarve7.pt\\\/wp-content\\\/uploads\\\/2025\\\/09\\\/Captura-de-ecra-2025-09-16-as-19.00.45.png\",\"width\":800,\"height\":500},{\"@type\":\"BreadcrumbList\",\"@id\":\"https:\\\/\\\/algarve7.pt\\\/index.php\\\/2025\\\/09\\\/supertacas-do-algarve-futsal-jogam-se-em-almancil\\\/desporto\\\/19\\\/05\\\/#breadcrumb\",\"itemListElement\":[{\"@type\":\"ListItem\",\"position\":1,\"name\":\"In\u00edcio\",\"item\":\"https:\\\/\\\/algarve7.pt\\\/\"},{\"@type\":\"ListItem\",\"position\":2,\"name\":\"Superta\u00e7as do Algarve Futsal jogam-se em Almancil\"}]},{\"@type\":\"WebSite\",\"@id\":\"https:\\\/\\\/algarve7.pt\\\/#website\",\"url\":\"https:\\\/\\\/algarve7.pt\\\/\",\"name\":\"Algarve 7\",\"description\":\"Informa\u00e7\u00e3o sobre o Algarve\",\"publisher\":{\"@id\":\"https:\\\/\\\/algarve7.pt\\\/#organization\"},\"potentialAction\":[{\"@type\":\"SearchAction\",\"target\":{\"@type\":\"EntryPoint\",\"urlTemplate\":\"https:\\\/\\\/algarve7.pt\\\/?s={search_term_string}\"},\"query-input\":{\"@type\":\"PropertyValueSpecification\",\"valueRequired\":true,\"valueName\":\"search_term_string\"}}],\"inLanguage\":\"pt-PT\"},{\"@type\":\"Organization\",\"@id\":\"https:\\\/\\\/algarve7.pt\\\/#organization\",\"name\":\"Algarve 7\",\"url\":\"https:\\\/\\\/algarve7.pt\\\/\",\"logo\":{\"@type\":\"ImageObject\",\"inLanguage\":\"pt-PT\",\"@id\":\"https:\\\/\\\/algarve7.pt\\\/#\\\/schema\\\/logo\\\/image\\\/\",\"url\":\"https:\\\/\\\/algarve7.pt\\\/wp-content\\\/uploads\\\/2020\\\/10\\\/Logo-8.jpg\",\"contentUrl\":\"https:\\\/\\\/algarve7.pt\\\/wp-content\\\/uploads\\\/2020\\\/10\\\/Logo-8.jpg\",\"width\":1680,\"height\":1186,\"caption\":\"Algarve 7\"},\"image\":{\"@id\":\"https:\\\/\\\/algarve7.pt\\\/#\\\/schema\\\/logo\\\/image\\\/\"},\"sameAs\":[\"https:\\\/\\\/www.facebook.com\\\/algarve7\",\"https:\\\/\\\/x.com\\\/Algarvesete\",\"https:\\\/\\\/www.instagram.com\\\/jornalalgarve7\\\/\",\"https:\\\/\\\/www.linkedin.com\\\/company\\\/algarve7\",\"https:\\\/\\\/www.pinterest.pt\\\/geral0939\\\/_created\\\/\"]},{\"@type\":\"Person\",\"@id\":\"https:\\\/\\\/algarve7.pt\\\/#\\\/schema\\\/person\\\/23fa70681308e7b319a3204bcea45e0c\",\"name\":\"Algarve 7\",\"sameAs\":[\"https:\\\/\\\/algarve7.pt\",\"https:\\\/\\\/www.facebook.com\\\/algarve7\"],\"url\":\"https:\\\/\\\/algarve7.pt\\\/index.php\\\/author\\\/geralalgarve7-pt\\\/\"}]}<\/script>\n<!-- \/ Yoast SEO plugin. -->","yoast_head_json":{"title":"Superta\u00e7as do Algarve Futsal jogam-se em Almancil - Algarve 7","description":"Superta\u00e7as do Algarve Futsal jogam-se em Almancil Desporto","robots":{"index":"index","follow":"follow","max-snippet":"max-snippet:-1","max-image-preview":"max-image-preview:large","max-video-preview":"max-video-preview:-1"},"canonical":"https:\/\/algarve7.pt\/index.php\/2025\/09\/supertacas-do-algarve-futsal-jogam-se-em-almancil\/desporto\/19\/05\/","og_locale":"pt_PT","og_type":"article","og_title":"Superta\u00e7as do Algarve Futsal jogam-se em Almancil - Algarve 7","og_description":"Superta\u00e7as do Algarve Futsal jogam-se em Almancil Desporto","og_url":"https:\/\/algarve7.pt\/index.php\/2025\/09\/supertacas-do-algarve-futsal-jogam-se-em-almancil\/desporto\/19\/05\/","og_site_name":"Algarve 7","article_publisher":"https:\/\/www.facebook.com\/algarve7","article_author":"https:\/\/www.facebook.com\/algarve7","article_published_time":"2025-09-16T18:05:28+00:00","article_modified_time":"2025-09-16T18:05:33+00:00","og_image":[{"width":800,"height":500,"url":"https:\/\/algarve7.pt\/wp-content\/uploads\/2025\/09\/Captura-de-ecra-2025-09-16-as-19.00.45.png","type":"image\/png"}],"author":"Algarve 7","twitter_card":"summary_large_image","twitter_creator":"@Algarvesete","twitter_site":"@Algarvesete","twitter_misc":{"Escrito por":"Algarve 7","Tempo estimado de leitura":"1 minuto"},"schema":{"@context":"https:\/\/schema.org","@graph":[{"@type":"Article","@id":"https:\/\/algarve7.pt\/index.php\/2025\/09\/supertacas-do-algarve-futsal-jogam-se-em-almancil\/desporto\/19\/05\/#article","isPartOf":{"@id":"https:\/\/algarve7.pt\/index.php\/2025\/09\/supertacas-do-algarve-futsal-jogam-se-em-almancil\/desporto\/19\/05\/"},"author":{"name":"Algarve 7","@id":"https:\/\/algarve7.pt\/#\/schema\/person\/23fa70681308e7b319a3204bcea45e0c"},"headline":"Superta\u00e7as do Algarve Futsal jogam-se em Almancil","datePublished":"2025-09-16T18:05:28+00:00","dateModified":"2025-09-16T18:05:33+00:00","mainEntityOfPage":{"@id":"https:\/\/algarve7.pt\/index.php\/2025\/09\/supertacas-do-algarve-futsal-jogam-se-em-almancil\/desporto\/19\/05\/"},"wordCount":70,"publisher":{"@id":"https:\/\/algarve7.pt\/#organization"},"image":{"@id":"https:\/\/algarve7.pt\/index.php\/2025\/09\/supertacas-do-algarve-futsal-jogam-se-em-almancil\/desporto\/19\/05\/#primaryimage"},"thumbnailUrl":"https:\/\/algarve7.pt\/wp-content\/uploads\/2025\/09\/Captura-de-ecra-2025-09-16-as-19.00.45.png","keywords":["Algarve","Almancil","Associa\u00e7\u00e3o de futebol do Algarve","Desporto","Futsal"],"articleSection":["Desporto"],"inLanguage":"pt-PT"},{"@type":"WebPage","@id":"https:\/\/algarve7.pt\/index.php\/2025\/09\/supertacas-do-algarve-futsal-jogam-se-em-almancil\/desporto\/19\/05\/","url":"https:\/\/algarve7.pt\/index.php\/2025\/09\/supertacas-do-algarve-futsal-jogam-se-em-almancil\/desporto\/19\/05\/","name":"Superta\u00e7as do Algarve Futsal jogam-se em Almancil - Algarve 7","isPartOf":{"@id":"https:\/\/algarve7.pt\/#website"},"primaryImageOfPage":{"@id":"https:\/\/algarve7.pt\/index.php\/2025\/09\/supertacas-do-algarve-futsal-jogam-se-em-almancil\/desporto\/19\/05\/#primaryimage"},"image":{"@id":"https:\/\/algarve7.pt\/index.php\/2025\/09\/supertacas-do-algarve-futsal-jogam-se-em-almancil\/desporto\/19\/05\/#primaryimage"},"thumbnailUrl":"https:\/\/algarve7.pt\/wp-content\/uploads\/2025\/09\/Captura-de-ecra-2025-09-16-as-19.00.45.png","datePublished":"2025-09-16T18:05:28+00:00","dateModified":"2025-09-16T18:05:33+00:00","description":"Superta\u00e7as do Algarve Futsal jogam-se em Almancil Desporto","breadcrumb":{"@id":"https:\/\/algarve7.pt\/index.php\/2025\/09\/supertacas-do-algarve-futsal-jogam-se-em-almancil\/desporto\/19\/05\/#breadcrumb"},"inLanguage":"pt-PT","potentialAction":[{"@type":"ReadAction","target":["https:\/\/algarve7.pt\/index.php\/2025\/09\/supertacas-do-algarve-futsal-jogam-se-em-almancil\/desporto\/19\/05\/"]}]},{"@type":"ImageObject","inLanguage":"pt-PT","@id":"https:\/\/algarve7.pt\/index.php\/2025\/09\/supertacas-do-algarve-futsal-jogam-se-em-almancil\/desporto\/19\/05\/#primaryimage","url":"https:\/\/algarve7.pt\/wp-content\/uploads\/2025\/09\/Captura-de-ecra-2025-09-16-as-19.00.45.png","contentUrl":"https:\/\/algarve7.pt\/wp-content\/uploads\/2025\/09\/Captura-de-ecra-2025-09-16-as-19.00.45.png","width":800,"height":500},{"@type":"BreadcrumbList","@id":"https:\/\/algarve7.pt\/index.php\/2025\/09\/supertacas-do-algarve-futsal-jogam-se-em-almancil\/desporto\/19\/05\/#breadcrumb","itemListElement":[{"@type":"ListItem","position":1,"name":"In\u00edcio","item":"https:\/\/algarve7.pt\/"},{"@type":"ListItem","position":2,"name":"Superta\u00e7as do Algarve Futsal jogam-se em Almancil"}]},{"@type":"WebSite","@id":"https:\/\/algarve7.pt\/#website","url":"https:\/\/algarve7.pt\/","name":"Algarve 7","description":"Informa\u00e7\u00e3o sobre o Algarve","publisher":{"@id":"https:\/\/algarve7.pt\/#organization"},"potentialAction":[{"@type":"SearchAction","target":{"@type":"EntryPoint","urlTemplate":"https:\/\/algarve7.pt\/?s={search_term_string}"},"query-input":{"@type":"PropertyValueSpecification","valueRequired":true,"valueName":"search_term_string"}}],"inLanguage":"pt-PT"},{"@type":"Organization","@id":"https:\/\/algarve7.pt\/#organization","name":"Algarve 7","url":"https:\/\/algarve7.pt\/","logo":{"@type":"ImageObject","inLanguage":"pt-PT","@id":"https:\/\/algarve7.pt\/#\/schema\/logo\/image\/","url":"https:\/\/algarve7.pt\/wp-content\/uploads\/2020\/10\/Logo-8.jpg","contentUrl":"https:\/\/algarve7.pt\/wp-content\/uploads\/2020\/10\/Logo-8.jpg","width":1680,"height":1186,"caption":"Algarve 7"},"image":{"@id":"https:\/\/algarve7.pt\/#\/schema\/logo\/image\/"},"sameAs":["https:\/\/www.facebook.com\/algarve7","https:\/\/x.com\/Algarvesete","https:\/\/www.instagram.com\/jornalalgarve7\/","https:\/\/www.linkedin.com\/company\/algarve7","https:\/\/www.pinterest.pt\/geral0939\/_created\/"]},{"@type":"Person","@id":"https:\/\/algarve7.pt\/#\/schema\/person\/23fa70681308e7b319a3204bcea45e0c","name":"Algarve 7","sameAs":["https:\/\/algarve7.pt","https:\/\/www.facebook.com\/algarve7"],"url":"https:\/\/algarve7.pt\/index.php\/author\/geralalgarve7-pt\/"}]}},"jetpack_publicize_connections":[],"jetpack_featured_media_url":"https:\/\/algarve7.pt\/wp-content\/uploads\/2025\/09\/Captura-de-ecra-2025-09-16-as-19.00.45.png","jetpack_shortlink":"https:\/\/wp.me\/pcezmW-e5i","jetpack_sharing_enabled":true,"_links":{"self":[{"href":"https:\/\/algarve7.pt\/index.php\/wp-json\/wp\/v2\/posts\/54144","targetHints":{"allow":["GET"]}}],"collection":[{"href":"https:\/\/algarve7.pt\/index.php\/wp-json\/wp\/v2\/posts"}],"about":[{"href":"https:\/\/algarve7.pt\/index.php\/wp-json\/wp\/v2\/types\/post"}],"author":[{"embeddable":true,"href":"https:\/\/algarve7.pt\/index.php\/wp-json\/wp\/v2\/users\/1"}],"replies":[{"embeddable":true,"href":"https:\/\/algarve7.pt\/index.php\/wp-json\/wp\/v2\/comments?post=54144"}],"version-history":[{"count":0,"href":"https:\/\/algarve7.pt\/index.php\/wp-json\/wp\/v2\/posts\/54144\/revisions"}],"wp:featuredmedia":[{"embeddable":true,"href":"https:\/\/algarve7.pt\/index.php\/wp-json\/wp\/v2\/media\/54146"}],"wp:attachment":[{"href":"https:\/\/algarve7.pt\/index.php\/wp-json\/wp\/v2\/media?parent=54144"}],"wp:term":[{"taxonomy":"category","embeddable":true,"href":"https:\/\/algarve7.pt\/index.php\/wp-json\/wp\/v2\/categories?post=54144"},{"taxonomy":"post_tag","embeddable":true,"href":"https:\/\/algarve7.pt\/index.php\/wp-json\/wp\/v2\/tags?post=54144"}],"curies":[{"name":"wp","href":"https:\/\/api.w.org\/{rel}","templated":true}]}}