{"id":54042,"date":"2025-09-13T12:30:00","date_gmt":"2025-09-13T11:30:00","guid":{"rendered":"https:\/\/algarve7.pt\/?p=54042"},"modified":"2025-09-12T21:09:57","modified_gmt":"2025-09-12T20:09:57","slug":"grupo-de-teatro-do-polo-de-educacao-ao-longo-da-vida-de-pera-apresenta-a-peca-de-teatro-a-fuga","status":"publish","type":"post","link":"https:\/\/algarve7.pt\/index.php\/2025\/09\/grupo-de-teatro-do-polo-de-educacao-ao-longo-da-vida-de-pera-apresenta-a-peca-de-teatro-a-fuga\/cultura\/12\/30\/","title":{"rendered":"Grupo de teatro do polo de educa\u00e7\u00e3o ao longo da vida de P\u00eara apresenta a pe\u00e7a de teatro &#8220;a fuga&#8221;"},"content":{"rendered":"\n<p>No pr\u00f3ximo dia 18 de setembro, pelas 21h30, o grupo de teatro do Polo de Educa\u00e7\u00e3o ao Longo da Vida de P\u00eara apresenta a pe\u00e7a de teatro original &#8220;A FUGA&#8221; no Centro Pastoral de P\u00eara, encerrando mais um ciclo de teatro s\u00e9nior do concelho de Silves, iniciativa promovida pelo Munic\u00edpio de Silves, com entrada livre.<\/p>\n\n\n\n<p>A atividade desenvolvida pelos diferentes grupos de teatro s\u00e9nior dos Polos de Educa\u00e7\u00e3o ao Longo da Vida do concelho de Silves tem como objetivo possibilitar uma forma de ocupa\u00e7\u00e3o criativa dos utentes, sendo um meio de combater o isolamento, a depress\u00e3o e a promo\u00e7\u00e3o da intera\u00e7\u00e3o f\u00edsica e mental dos utentes destes Polos, tornando o processo de socializa\u00e7\u00e3o dos seniores mais din\u00e2mico e integrado na comunidade.<\/p>\n","protected":false},"excerpt":{"rendered":"<p>No pr\u00f3ximo dia 18 de setembro, pelas 21h30, o grupo de teatro do Polo de Educa\u00e7\u00e3o ao Longo da Vida<\/p>\n","protected":false},"author":1,"featured_media":54043,"comment_status":"closed","ping_status":"closed","sticky":false,"template":"","format":"standard","meta":{"colormag_page_container_layout":"default_layout","colormag_page_sidebar_layout":"default_layout","_monsterinsights_skip_tracking":false,"_monsterinsights_sitenote_active":false,"_monsterinsights_sitenote_note":"","_monsterinsights_sitenote_category":0,"jetpack_post_was_ever_published":false,"_jetpack_newsletter_access":"","_jetpack_dont_email_post_to_subs":false,"_jetpack_newsletter_tier_id":0,"_jetpack_memberships_contains_paywalled_content":false,"_jetpack_memberships_contains_paid_content":false,"footnotes":"","jetpack_publicize_message":"","jetpack_publicize_feature_enabled":true,"jetpack_social_post_already_shared":true,"jetpack_social_options":{"image_generator_settings":{"template":"highway","default_image_id":0,"font":"","enabled":false},"version":2}},"categories":[14],"tags":[36,35,42],"class_list":["post-54042","post","type-post","status-publish","format-standard","has-post-thumbnail","hentry","category-cultura","tag-algarve","tag-cultura","tag-silves"],"yoast_head":"<!-- This site is optimized with the Yoast SEO plugin v27.4 - https:\/\/yoast.com\/product\/yoast-seo-wordpress\/ -->\n<title>Grupo de teatro do polo de educa\u00e7\u00e3o ao longo da vida de P\u00eara apresenta a pe\u00e7a de teatro &quot;a fuga&quot; - Algarve 7<\/title>\n<meta name=\"description\" content=\"Grupo de teatro do polo de educa\u00e7\u00e3o ao longo da vida de P\u00eara apresenta a pe\u00e7a de teatro &quot;a fuga&quot; Cultura\" \/>\n<meta name=\"robots\" content=\"index, follow, max-snippet:-1, max-image-preview:large, max-video-preview:-1\" \/>\n<link rel=\"canonical\" href=\"https:\/\/algarve7.pt\/index.php\/2025\/09\/grupo-de-teatro-do-polo-de-educacao-ao-longo-da-vida-de-pera-apresenta-a-peca-de-teatro-a-fuga\/cultura\/12\/30\/\" \/>\n<meta property=\"og:locale\" content=\"pt_PT\" \/>\n<meta property=\"og:type\" content=\"article\" \/>\n<meta property=\"og:title\" content=\"Grupo de teatro do polo de educa\u00e7\u00e3o ao longo da vida de P\u00eara apresenta a pe\u00e7a de teatro &quot;a fuga&quot; - Algarve 7\" \/>\n<meta property=\"og:description\" content=\"Grupo de teatro do polo de educa\u00e7\u00e3o ao longo da vida de P\u00eara apresenta a pe\u00e7a de teatro &quot;a fuga&quot; Cultura\" \/>\n<meta property=\"og:url\" content=\"https:\/\/algarve7.pt\/index.php\/2025\/09\/grupo-de-teatro-do-polo-de-educacao-ao-longo-da-vida-de-pera-apresenta-a-peca-de-teatro-a-fuga\/cultura\/12\/30\/\" \/>\n<meta property=\"og:site_name\" content=\"Algarve 7\" \/>\n<meta property=\"article:publisher\" content=\"https:\/\/www.facebook.com\/algarve7\" \/>\n<meta property=\"article:author\" content=\"https:\/\/www.facebook.com\/algarve7\" \/>\n<meta property=\"article:published_time\" content=\"2025-09-13T11:30:00+00:00\" \/>\n<meta property=\"og:image\" content=\"https:\/\/algarve7.pt\/wp-content\/uploads\/2025\/09\/Led-Wall_Peca-Teatro_04_PERA-2025.jpg\" \/>\n\t<meta property=\"og:image:width\" content=\"800\" \/>\n\t<meta property=\"og:image:height\" content=\"500\" \/>\n\t<meta property=\"og:image:type\" content=\"image\/jpeg\" \/>\n<meta name=\"author\" content=\"Algarve 7\" \/>\n<meta name=\"twitter:card\" content=\"summary_large_image\" \/>\n<meta name=\"twitter:creator\" content=\"@Algarvesete\" \/>\n<meta name=\"twitter:site\" content=\"@Algarvesete\" \/>\n<meta name=\"twitter:label1\" content=\"Escrito por\" \/>\n\t<meta name=\"twitter:data1\" content=\"Algarve 7\" \/>\n\t<meta name=\"twitter:label2\" content=\"Tempo estimado de leitura\" \/>\n\t<meta name=\"twitter:data2\" content=\"1 minuto\" \/>\n<script type=\"application\/ld+json\" class=\"yoast-schema-graph\">{\"@context\":\"https:\\\/\\\/schema.org\",\"@graph\":[{\"@type\":\"Article\",\"@id\":\"https:\\\/\\\/algarve7.pt\\\/index.php\\\/2025\\\/09\\\/grupo-de-teatro-do-polo-de-educacao-ao-longo-da-vida-de-pera-apresenta-a-peca-de-teatro-a-fuga\\\/cultura\\\/12\\\/30\\\/#article\",\"isPartOf\":{\"@id\":\"https:\\\/\\\/algarve7.pt\\\/index.php\\\/2025\\\/09\\\/grupo-de-teatro-do-polo-de-educacao-ao-longo-da-vida-de-pera-apresenta-a-peca-de-teatro-a-fuga\\\/cultura\\\/12\\\/30\\\/\"},\"author\":{\"name\":\"Algarve 7\",\"@id\":\"https:\\\/\\\/algarve7.pt\\\/#\\\/schema\\\/person\\\/23fa70681308e7b319a3204bcea45e0c\"},\"headline\":\"Grupo de teatro do polo de educa\u00e7\u00e3o ao longo da vida de P\u00eara apresenta a pe\u00e7a de teatro &#8220;a fuga&#8221;\",\"datePublished\":\"2025-09-13T11:30:00+00:00\",\"mainEntityOfPage\":{\"@id\":\"https:\\\/\\\/algarve7.pt\\\/index.php\\\/2025\\\/09\\\/grupo-de-teatro-do-polo-de-educacao-ao-longo-da-vida-de-pera-apresenta-a-peca-de-teatro-a-fuga\\\/cultura\\\/12\\\/30\\\/\"},\"wordCount\":159,\"publisher\":{\"@id\":\"https:\\\/\\\/algarve7.pt\\\/#organization\"},\"image\":{\"@id\":\"https:\\\/\\\/algarve7.pt\\\/index.php\\\/2025\\\/09\\\/grupo-de-teatro-do-polo-de-educacao-ao-longo-da-vida-de-pera-apresenta-a-peca-de-teatro-a-fuga\\\/cultura\\\/12\\\/30\\\/#primaryimage\"},\"thumbnailUrl\":\"https:\\\/\\\/algarve7.pt\\\/wp-content\\\/uploads\\\/2025\\\/09\\\/Led-Wall_Peca-Teatro_04_PERA-2025.jpg\",\"keywords\":[\"Algarve\",\"Cultura\",\"Silves\"],\"articleSection\":[\"Cultura\"],\"inLanguage\":\"pt-PT\"},{\"@type\":\"WebPage\",\"@id\":\"https:\\\/\\\/algarve7.pt\\\/index.php\\\/2025\\\/09\\\/grupo-de-teatro-do-polo-de-educacao-ao-longo-da-vida-de-pera-apresenta-a-peca-de-teatro-a-fuga\\\/cultura\\\/12\\\/30\\\/\",\"url\":\"https:\\\/\\\/algarve7.pt\\\/index.php\\\/2025\\\/09\\\/grupo-de-teatro-do-polo-de-educacao-ao-longo-da-vida-de-pera-apresenta-a-peca-de-teatro-a-fuga\\\/cultura\\\/12\\\/30\\\/\",\"name\":\"Grupo de teatro do polo de educa\u00e7\u00e3o ao longo da vida de P\u00eara apresenta a pe\u00e7a de teatro \\\"a fuga\\\" - Algarve 7\",\"isPartOf\":{\"@id\":\"https:\\\/\\\/algarve7.pt\\\/#website\"},\"primaryImageOfPage\":{\"@id\":\"https:\\\/\\\/algarve7.pt\\\/index.php\\\/2025\\\/09\\\/grupo-de-teatro-do-polo-de-educacao-ao-longo-da-vida-de-pera-apresenta-a-peca-de-teatro-a-fuga\\\/cultura\\\/12\\\/30\\\/#primaryimage\"},\"image\":{\"@id\":\"https:\\\/\\\/algarve7.pt\\\/index.php\\\/2025\\\/09\\\/grupo-de-teatro-do-polo-de-educacao-ao-longo-da-vida-de-pera-apresenta-a-peca-de-teatro-a-fuga\\\/cultura\\\/12\\\/30\\\/#primaryimage\"},\"thumbnailUrl\":\"https:\\\/\\\/algarve7.pt\\\/wp-content\\\/uploads\\\/2025\\\/09\\\/Led-Wall_Peca-Teatro_04_PERA-2025.jpg\",\"datePublished\":\"2025-09-13T11:30:00+00:00\",\"description\":\"Grupo de teatro do polo de educa\u00e7\u00e3o ao longo da vida de P\u00eara apresenta a pe\u00e7a de teatro \\\"a fuga\\\" Cultura\",\"breadcrumb\":{\"@id\":\"https:\\\/\\\/algarve7.pt\\\/index.php\\\/2025\\\/09\\\/grupo-de-teatro-do-polo-de-educacao-ao-longo-da-vida-de-pera-apresenta-a-peca-de-teatro-a-fuga\\\/cultura\\\/12\\\/30\\\/#breadcrumb\"},\"inLanguage\":\"pt-PT\",\"potentialAction\":[{\"@type\":\"ReadAction\",\"target\":[\"https:\\\/\\\/algarve7.pt\\\/index.php\\\/2025\\\/09\\\/grupo-de-teatro-do-polo-de-educacao-ao-longo-da-vida-de-pera-apresenta-a-peca-de-teatro-a-fuga\\\/cultura\\\/12\\\/30\\\/\"]}]},{\"@type\":\"ImageObject\",\"inLanguage\":\"pt-PT\",\"@id\":\"https:\\\/\\\/algarve7.pt\\\/index.php\\\/2025\\\/09\\\/grupo-de-teatro-do-polo-de-educacao-ao-longo-da-vida-de-pera-apresenta-a-peca-de-teatro-a-fuga\\\/cultura\\\/12\\\/30\\\/#primaryimage\",\"url\":\"https:\\\/\\\/algarve7.pt\\\/wp-content\\\/uploads\\\/2025\\\/09\\\/Led-Wall_Peca-Teatro_04_PERA-2025.jpg\",\"contentUrl\":\"https:\\\/\\\/algarve7.pt\\\/wp-content\\\/uploads\\\/2025\\\/09\\\/Led-Wall_Peca-Teatro_04_PERA-2025.jpg\",\"width\":800,\"height\":500},{\"@type\":\"BreadcrumbList\",\"@id\":\"https:\\\/\\\/algarve7.pt\\\/index.php\\\/2025\\\/09\\\/grupo-de-teatro-do-polo-de-educacao-ao-longo-da-vida-de-pera-apresenta-a-peca-de-teatro-a-fuga\\\/cultura\\\/12\\\/30\\\/#breadcrumb\",\"itemListElement\":[{\"@type\":\"ListItem\",\"position\":1,\"name\":\"In\u00edcio\",\"item\":\"https:\\\/\\\/algarve7.pt\\\/\"},{\"@type\":\"ListItem\",\"position\":2,\"name\":\"Grupo de teatro do polo de educa\u00e7\u00e3o ao longo da vida de P\u00eara apresenta a pe\u00e7a de teatro &#8220;a fuga&#8221;\"}]},{\"@type\":\"WebSite\",\"@id\":\"https:\\\/\\\/algarve7.pt\\\/#website\",\"url\":\"https:\\\/\\\/algarve7.pt\\\/\",\"name\":\"Algarve 7\",\"description\":\"Informa\u00e7\u00e3o sobre o Algarve\",\"publisher\":{\"@id\":\"https:\\\/\\\/algarve7.pt\\\/#organization\"},\"potentialAction\":[{\"@type\":\"SearchAction\",\"target\":{\"@type\":\"EntryPoint\",\"urlTemplate\":\"https:\\\/\\\/algarve7.pt\\\/?s={search_term_string}\"},\"query-input\":{\"@type\":\"PropertyValueSpecification\",\"valueRequired\":true,\"valueName\":\"search_term_string\"}}],\"inLanguage\":\"pt-PT\"},{\"@type\":\"Organization\",\"@id\":\"https:\\\/\\\/algarve7.pt\\\/#organization\",\"name\":\"Algarve 7\",\"url\":\"https:\\\/\\\/algarve7.pt\\\/\",\"logo\":{\"@type\":\"ImageObject\",\"inLanguage\":\"pt-PT\",\"@id\":\"https:\\\/\\\/algarve7.pt\\\/#\\\/schema\\\/logo\\\/image\\\/\",\"url\":\"https:\\\/\\\/algarve7.pt\\\/wp-content\\\/uploads\\\/2020\\\/10\\\/Logo-8.jpg\",\"contentUrl\":\"https:\\\/\\\/algarve7.pt\\\/wp-content\\\/uploads\\\/2020\\\/10\\\/Logo-8.jpg\",\"width\":1680,\"height\":1186,\"caption\":\"Algarve 7\"},\"image\":{\"@id\":\"https:\\\/\\\/algarve7.pt\\\/#\\\/schema\\\/logo\\\/image\\\/\"},\"sameAs\":[\"https:\\\/\\\/www.facebook.com\\\/algarve7\",\"https:\\\/\\\/x.com\\\/Algarvesete\",\"https:\\\/\\\/www.instagram.com\\\/jornalalgarve7\\\/\",\"https:\\\/\\\/www.linkedin.com\\\/company\\\/algarve7\",\"https:\\\/\\\/www.pinterest.pt\\\/geral0939\\\/_created\\\/\"]},{\"@type\":\"Person\",\"@id\":\"https:\\\/\\\/algarve7.pt\\\/#\\\/schema\\\/person\\\/23fa70681308e7b319a3204bcea45e0c\",\"name\":\"Algarve 7\",\"sameAs\":[\"https:\\\/\\\/algarve7.pt\",\"https:\\\/\\\/www.facebook.com\\\/algarve7\"],\"url\":\"https:\\\/\\\/algarve7.pt\\\/index.php\\\/author\\\/geralalgarve7-pt\\\/\"}]}<\/script>\n<!-- \/ Yoast SEO plugin. -->","yoast_head_json":{"title":"Grupo de teatro do polo de educa\u00e7\u00e3o ao longo da vida de P\u00eara apresenta a pe\u00e7a de teatro \"a fuga\" - Algarve 7","description":"Grupo de teatro do polo de educa\u00e7\u00e3o ao longo da vida de P\u00eara apresenta a pe\u00e7a de teatro \"a fuga\" Cultura","robots":{"index":"index","follow":"follow","max-snippet":"max-snippet:-1","max-image-preview":"max-image-preview:large","max-video-preview":"max-video-preview:-1"},"canonical":"https:\/\/algarve7.pt\/index.php\/2025\/09\/grupo-de-teatro-do-polo-de-educacao-ao-longo-da-vida-de-pera-apresenta-a-peca-de-teatro-a-fuga\/cultura\/12\/30\/","og_locale":"pt_PT","og_type":"article","og_title":"Grupo de teatro do polo de educa\u00e7\u00e3o ao longo da vida de P\u00eara apresenta a pe\u00e7a de teatro \"a fuga\" - Algarve 7","og_description":"Grupo de teatro do polo de educa\u00e7\u00e3o ao longo da vida de P\u00eara apresenta a pe\u00e7a de teatro \"a fuga\" Cultura","og_url":"https:\/\/algarve7.pt\/index.php\/2025\/09\/grupo-de-teatro-do-polo-de-educacao-ao-longo-da-vida-de-pera-apresenta-a-peca-de-teatro-a-fuga\/cultura\/12\/30\/","og_site_name":"Algarve 7","article_publisher":"https:\/\/www.facebook.com\/algarve7","article_author":"https:\/\/www.facebook.com\/algarve7","article_published_time":"2025-09-13T11:30:00+00:00","og_image":[{"width":800,"height":500,"url":"https:\/\/algarve7.pt\/wp-content\/uploads\/2025\/09\/Led-Wall_Peca-Teatro_04_PERA-2025.jpg","type":"image\/jpeg"}],"author":"Algarve 7","twitter_card":"summary_large_image","twitter_creator":"@Algarvesete","twitter_site":"@Algarvesete","twitter_misc":{"Escrito por":"Algarve 7","Tempo estimado de leitura":"1 minuto"},"schema":{"@context":"https:\/\/schema.org","@graph":[{"@type":"Article","@id":"https:\/\/algarve7.pt\/index.php\/2025\/09\/grupo-de-teatro-do-polo-de-educacao-ao-longo-da-vida-de-pera-apresenta-a-peca-de-teatro-a-fuga\/cultura\/12\/30\/#article","isPartOf":{"@id":"https:\/\/algarve7.pt\/index.php\/2025\/09\/grupo-de-teatro-do-polo-de-educacao-ao-longo-da-vida-de-pera-apresenta-a-peca-de-teatro-a-fuga\/cultura\/12\/30\/"},"author":{"name":"Algarve 7","@id":"https:\/\/algarve7.pt\/#\/schema\/person\/23fa70681308e7b319a3204bcea45e0c"},"headline":"Grupo de teatro do polo de educa\u00e7\u00e3o ao longo da vida de P\u00eara apresenta a pe\u00e7a de teatro &#8220;a fuga&#8221;","datePublished":"2025-09-13T11:30:00+00:00","mainEntityOfPage":{"@id":"https:\/\/algarve7.pt\/index.php\/2025\/09\/grupo-de-teatro-do-polo-de-educacao-ao-longo-da-vida-de-pera-apresenta-a-peca-de-teatro-a-fuga\/cultura\/12\/30\/"},"wordCount":159,"publisher":{"@id":"https:\/\/algarve7.pt\/#organization"},"image":{"@id":"https:\/\/algarve7.pt\/index.php\/2025\/09\/grupo-de-teatro-do-polo-de-educacao-ao-longo-da-vida-de-pera-apresenta-a-peca-de-teatro-a-fuga\/cultura\/12\/30\/#primaryimage"},"thumbnailUrl":"https:\/\/algarve7.pt\/wp-content\/uploads\/2025\/09\/Led-Wall_Peca-Teatro_04_PERA-2025.jpg","keywords":["Algarve","Cultura","Silves"],"articleSection":["Cultura"],"inLanguage":"pt-PT"},{"@type":"WebPage","@id":"https:\/\/algarve7.pt\/index.php\/2025\/09\/grupo-de-teatro-do-polo-de-educacao-ao-longo-da-vida-de-pera-apresenta-a-peca-de-teatro-a-fuga\/cultura\/12\/30\/","url":"https:\/\/algarve7.pt\/index.php\/2025\/09\/grupo-de-teatro-do-polo-de-educacao-ao-longo-da-vida-de-pera-apresenta-a-peca-de-teatro-a-fuga\/cultura\/12\/30\/","name":"Grupo de teatro do polo de educa\u00e7\u00e3o ao longo da vida de P\u00eara apresenta a pe\u00e7a de teatro \"a fuga\" - Algarve 7","isPartOf":{"@id":"https:\/\/algarve7.pt\/#website"},"primaryImageOfPage":{"@id":"https:\/\/algarve7.pt\/index.php\/2025\/09\/grupo-de-teatro-do-polo-de-educacao-ao-longo-da-vida-de-pera-apresenta-a-peca-de-teatro-a-fuga\/cultura\/12\/30\/#primaryimage"},"image":{"@id":"https:\/\/algarve7.pt\/index.php\/2025\/09\/grupo-de-teatro-do-polo-de-educacao-ao-longo-da-vida-de-pera-apresenta-a-peca-de-teatro-a-fuga\/cultura\/12\/30\/#primaryimage"},"thumbnailUrl":"https:\/\/algarve7.pt\/wp-content\/uploads\/2025\/09\/Led-Wall_Peca-Teatro_04_PERA-2025.jpg","datePublished":"2025-09-13T11:30:00+00:00","description":"Grupo de teatro do polo de educa\u00e7\u00e3o ao longo da vida de P\u00eara apresenta a pe\u00e7a de teatro \"a fuga\" Cultura","breadcrumb":{"@id":"https:\/\/algarve7.pt\/index.php\/2025\/09\/grupo-de-teatro-do-polo-de-educacao-ao-longo-da-vida-de-pera-apresenta-a-peca-de-teatro-a-fuga\/cultura\/12\/30\/#breadcrumb"},"inLanguage":"pt-PT","potentialAction":[{"@type":"ReadAction","target":["https:\/\/algarve7.pt\/index.php\/2025\/09\/grupo-de-teatro-do-polo-de-educacao-ao-longo-da-vida-de-pera-apresenta-a-peca-de-teatro-a-fuga\/cultura\/12\/30\/"]}]},{"@type":"ImageObject","inLanguage":"pt-PT","@id":"https:\/\/algarve7.pt\/index.php\/2025\/09\/grupo-de-teatro-do-polo-de-educacao-ao-longo-da-vida-de-pera-apresenta-a-peca-de-teatro-a-fuga\/cultura\/12\/30\/#primaryimage","url":"https:\/\/algarve7.pt\/wp-content\/uploads\/2025\/09\/Led-Wall_Peca-Teatro_04_PERA-2025.jpg","contentUrl":"https:\/\/algarve7.pt\/wp-content\/uploads\/2025\/09\/Led-Wall_Peca-Teatro_04_PERA-2025.jpg","width":800,"height":500},{"@type":"BreadcrumbList","@id":"https:\/\/algarve7.pt\/index.php\/2025\/09\/grupo-de-teatro-do-polo-de-educacao-ao-longo-da-vida-de-pera-apresenta-a-peca-de-teatro-a-fuga\/cultura\/12\/30\/#breadcrumb","itemListElement":[{"@type":"ListItem","position":1,"name":"In\u00edcio","item":"https:\/\/algarve7.pt\/"},{"@type":"ListItem","position":2,"name":"Grupo de teatro do polo de educa\u00e7\u00e3o ao longo da vida de P\u00eara apresenta a pe\u00e7a de teatro &#8220;a fuga&#8221;"}]},{"@type":"WebSite","@id":"https:\/\/algarve7.pt\/#website","url":"https:\/\/algarve7.pt\/","name":"Algarve 7","description":"Informa\u00e7\u00e3o sobre o Algarve","publisher":{"@id":"https:\/\/algarve7.pt\/#organization"},"potentialAction":[{"@type":"SearchAction","target":{"@type":"EntryPoint","urlTemplate":"https:\/\/algarve7.pt\/?s={search_term_string}"},"query-input":{"@type":"PropertyValueSpecification","valueRequired":true,"valueName":"search_term_string"}}],"inLanguage":"pt-PT"},{"@type":"Organization","@id":"https:\/\/algarve7.pt\/#organization","name":"Algarve 7","url":"https:\/\/algarve7.pt\/","logo":{"@type":"ImageObject","inLanguage":"pt-PT","@id":"https:\/\/algarve7.pt\/#\/schema\/logo\/image\/","url":"https:\/\/algarve7.pt\/wp-content\/uploads\/2020\/10\/Logo-8.jpg","contentUrl":"https:\/\/algarve7.pt\/wp-content\/uploads\/2020\/10\/Logo-8.jpg","width":1680,"height":1186,"caption":"Algarve 7"},"image":{"@id":"https:\/\/algarve7.pt\/#\/schema\/logo\/image\/"},"sameAs":["https:\/\/www.facebook.com\/algarve7","https:\/\/x.com\/Algarvesete","https:\/\/www.instagram.com\/jornalalgarve7\/","https:\/\/www.linkedin.com\/company\/algarve7","https:\/\/www.pinterest.pt\/geral0939\/_created\/"]},{"@type":"Person","@id":"https:\/\/algarve7.pt\/#\/schema\/person\/23fa70681308e7b319a3204bcea45e0c","name":"Algarve 7","sameAs":["https:\/\/algarve7.pt","https:\/\/www.facebook.com\/algarve7"],"url":"https:\/\/algarve7.pt\/index.php\/author\/geralalgarve7-pt\/"}]}},"jetpack_publicize_connections":[],"jetpack_featured_media_url":"https:\/\/algarve7.pt\/wp-content\/uploads\/2025\/09\/Led-Wall_Peca-Teatro_04_PERA-2025.jpg","jetpack_shortlink":"https:\/\/wp.me\/pcezmW-e3E","jetpack_sharing_enabled":true,"_links":{"self":[{"href":"https:\/\/algarve7.pt\/index.php\/wp-json\/wp\/v2\/posts\/54042","targetHints":{"allow":["GET"]}}],"collection":[{"href":"https:\/\/algarve7.pt\/index.php\/wp-json\/wp\/v2\/posts"}],"about":[{"href":"https:\/\/algarve7.pt\/index.php\/wp-json\/wp\/v2\/types\/post"}],"author":[{"embeddable":true,"href":"https:\/\/algarve7.pt\/index.php\/wp-json\/wp\/v2\/users\/1"}],"replies":[{"embeddable":true,"href":"https:\/\/algarve7.pt\/index.php\/wp-json\/wp\/v2\/comments?post=54042"}],"version-history":[{"count":0,"href":"https:\/\/algarve7.pt\/index.php\/wp-json\/wp\/v2\/posts\/54042\/revisions"}],"wp:featuredmedia":[{"embeddable":true,"href":"https:\/\/algarve7.pt\/index.php\/wp-json\/wp\/v2\/media\/54043"}],"wp:attachment":[{"href":"https:\/\/algarve7.pt\/index.php\/wp-json\/wp\/v2\/media?parent=54042"}],"wp:term":[{"taxonomy":"category","embeddable":true,"href":"https:\/\/algarve7.pt\/index.php\/wp-json\/wp\/v2\/categories?post=54042"},{"taxonomy":"post_tag","embeddable":true,"href":"https:\/\/algarve7.pt\/index.php\/wp-json\/wp\/v2\/tags?post=54042"}],"curies":[{"name":"wp","href":"https:\/\/api.w.org\/{rel}","templated":true}]}}