{"id":54033,"date":"2025-09-12T19:49:05","date_gmt":"2025-09-12T18:49:05","guid":{"rendered":"https:\/\/algarve7.pt\/?p=54033"},"modified":"2025-09-12T19:49:09","modified_gmt":"2025-09-12T18:49:09","slug":"tavira-segura-implementacao-de-sistema-de-videovigilancia-reforca-seguranca","status":"publish","type":"post","link":"https:\/\/algarve7.pt\/index.php\/2025\/09\/tavira-segura-implementacao-de-sistema-de-videovigilancia-reforca-seguranca\/atualidade\/19\/49\/","title":{"rendered":"Tavira + Segura: Implementa\u00e7\u00e3o de sistema de videovigil\u00e2ncia refor\u00e7a seguran\u00e7a\u00a0"},"content":{"rendered":"\n<p>O Munic\u00edpio de Tavira celebrou com a Pol\u00edcia de Seguran\u00e7a P\u00fablica (PSP), no dia 11 de setembro, no Sal\u00e3o Nobre dos Pa\u00e7os do Concelho, o protocolo de coopera\u00e7\u00e3o para implementa\u00e7\u00e3o de um sistema de videovigil\u00e2ncia na cidade.<\/p>\n\n\n\n<p>Com esta medida a autarquia visa proporcionar melhores condi\u00e7\u00f5es de bem-estar e seguran\u00e7a aos seus mun\u00edcipes e todos os que visitam Tavira. O apoio proporcionado por ferramentas tecnologias como meio de preven\u00e7\u00e3o criminal tem apresentado resultados muito satisfat\u00f3rios, quer na diminui\u00e7\u00e3o da criminalidade, quer na efici\u00eancia e efic\u00e1cia da atua\u00e7\u00e3o policial.<\/p>\n\n\n\n<p>A instala\u00e7\u00e3o de um sistema de videovigil\u00e2ncia na cidade, em especial na zona hist\u00f3rica, resulta de uma real necessidade, considerando as peculiaridades dos locais a monitorizar, porquanto se trata de um meio auxiliar manifestamente adequado para a prote\u00e7\u00e3o da seguran\u00e7a de pessoas, animais e bens, para a preven\u00e7\u00e3o da pr\u00e1tica de factos qualificados pela lei como crime e ainda o aumento significativo do sentimento subjetivo de seguran\u00e7a da popula\u00e7\u00e3o residente e visitante.<\/p>\n\n\n\n<p>Saliente-se que este o sistema n\u00e3o pretende substituir a componente humana da atividade policial, mas antes constituir-se como uma ferramenta complementar, preventiva e reativa, com comprovado efeito dissuasor da pr\u00e1tica de determinados il\u00edcitos criminais, possibilitando n\u00e3o s\u00f3 uma c\u00e9lere e adequada resposta policial a cada situa\u00e7\u00e3o em concreto, como, em alguns casos, permitir a identifica\u00e7\u00e3o de suspeitos e as suas responsabilidades criminais concretas, o que \u201cper si\u201d \u00e9, tamb\u00e9m, uma forma de preven\u00e7\u00e3o criminal.<\/p>\n\n\n\n<p>N\u00e3o obstante, importa referir que a PSP tem como fun\u00e7\u00e3o&nbsp;defender a legalidade democr\u00e1tica, garantir a seguran\u00e7a interna e os direitos dos cidad\u00e3os, sendo que a preven\u00e7\u00e3o da criminalidade s\u00f3 pode fazer-se com observ\u00e2ncia das regras gerais sobre pol\u00edcia e com o respeito pelos direitos, pelas liberdades e garantias dos cidad\u00e3os, conforme decorre da Constitui\u00e7\u00e3o da Rep\u00fablica Portuguesa.<\/p>\n\n\n\n<p>A conjuga\u00e7\u00e3o de esfor\u00e7os entre a autarquia e a PSP constitui uma mais-valia para a manuten\u00e7\u00e3o da seguran\u00e7a p\u00fablica, a prote\u00e7\u00e3o de pessoas, animais e bens, a preven\u00e7\u00e3o de condutas criminosas, assim como o refor\u00e7o do sentimento de seguran\u00e7a por parte da popula\u00e7\u00e3o.<\/p>\n\n\n\n<p>Assim, o Munic\u00edpio de Tavira e a Pol\u00edcia de Seguran\u00e7a P\u00fablica manifestam a sua inteira disponibilidade para cooperar no sentido de materializar e assegurar o funcionamento do sistema de videovigil\u00e2ncia eficaz em prol dos cidad\u00e3os e de uma \u201cTavira + Segura\u201d.&nbsp;<\/p>\n","protected":false},"excerpt":{"rendered":"<p>O Munic\u00edpio de Tavira celebrou com a Pol\u00edcia de Seguran\u00e7a P\u00fablica (PSP), no dia 11 de setembro, no Sal\u00e3o Nobre<\/p>\n","protected":false},"author":1,"featured_media":54034,"comment_status":"closed","ping_status":"closed","sticky":false,"template":"","format":"standard","meta":{"colormag_page_container_layout":"default_layout","colormag_page_sidebar_layout":"default_layout","_monsterinsights_skip_tracking":false,"_monsterinsights_sitenote_active":false,"_monsterinsights_sitenote_note":"","_monsterinsights_sitenote_category":0,"jetpack_post_was_ever_published":false,"_jetpack_newsletter_access":"","_jetpack_dont_email_post_to_subs":false,"_jetpack_newsletter_tier_id":0,"_jetpack_memberships_contains_paywalled_content":false,"_jetpack_memberships_contains_paid_content":false,"footnotes":"","jetpack_publicize_message":"","jetpack_publicize_feature_enabled":true,"jetpack_social_post_already_shared":true,"jetpack_social_options":{"image_generator_settings":{"template":"highway","default_image_id":0,"font":"","enabled":false},"version":2}},"categories":[11],"tags":[36,62,185,54],"class_list":["post-54033","post","type-post","status-publish","format-standard","has-post-thumbnail","hentry","category-atualidade","tag-algarve","tag-atualidade","tag-psp","tag-tavira"],"yoast_head":"<!-- This site is optimized with the Yoast SEO plugin v27.4 - https:\/\/yoast.com\/product\/yoast-seo-wordpress\/ -->\n<title>Tavira + Segura: Implementa\u00e7\u00e3o de sistema de videovigil\u00e2ncia refor\u00e7a seguran\u00e7a\u00a0 - Algarve 7<\/title>\n<meta name=\"description\" content=\"Tavira + Segura: Implementa\u00e7\u00e3o de sistema de videovigil\u00e2ncia refor\u00e7a seguran\u00e7a\u00a0 Atualidade\" \/>\n<meta name=\"robots\" content=\"index, follow, max-snippet:-1, max-image-preview:large, max-video-preview:-1\" \/>\n<link rel=\"canonical\" href=\"https:\/\/algarve7.pt\/index.php\/2025\/09\/tavira-segura-implementacao-de-sistema-de-videovigilancia-reforca-seguranca\/atualidade\/19\/49\/\" \/>\n<meta property=\"og:locale\" content=\"pt_PT\" \/>\n<meta property=\"og:type\" content=\"article\" \/>\n<meta property=\"og:title\" content=\"Tavira + Segura: Implementa\u00e7\u00e3o de sistema de videovigil\u00e2ncia refor\u00e7a seguran\u00e7a\u00a0 - Algarve 7\" \/>\n<meta property=\"og:description\" content=\"Tavira + Segura: Implementa\u00e7\u00e3o de sistema de videovigil\u00e2ncia refor\u00e7a seguran\u00e7a\u00a0 Atualidade\" \/>\n<meta property=\"og:url\" content=\"https:\/\/algarve7.pt\/index.php\/2025\/09\/tavira-segura-implementacao-de-sistema-de-videovigilancia-reforca-seguranca\/atualidade\/19\/49\/\" \/>\n<meta property=\"og:site_name\" content=\"Algarve 7\" \/>\n<meta property=\"article:publisher\" content=\"https:\/\/www.facebook.com\/algarve7\" \/>\n<meta property=\"article:author\" content=\"https:\/\/www.facebook.com\/algarve7\" \/>\n<meta property=\"article:published_time\" content=\"2025-09-12T18:49:05+00:00\" \/>\n<meta property=\"article:modified_time\" content=\"2025-09-12T18:49:09+00:00\" \/>\n<meta property=\"og:image\" content=\"https:\/\/algarve7.pt\/wp-content\/uploads\/2025\/09\/Festa-Juventude_2025.jpg\" \/>\n\t<meta property=\"og:image:width\" content=\"800\" \/>\n\t<meta property=\"og:image:height\" content=\"500\" \/>\n\t<meta property=\"og:image:type\" content=\"image\/jpeg\" \/>\n<meta name=\"author\" content=\"Algarve 7\" \/>\n<meta name=\"twitter:card\" content=\"summary_large_image\" \/>\n<meta name=\"twitter:creator\" content=\"@Algarvesete\" \/>\n<meta name=\"twitter:site\" content=\"@Algarvesete\" \/>\n<meta name=\"twitter:label1\" content=\"Escrito por\" \/>\n\t<meta name=\"twitter:data1\" content=\"Algarve 7\" \/>\n\t<meta name=\"twitter:label2\" content=\"Tempo estimado de leitura\" \/>\n\t<meta name=\"twitter:data2\" content=\"3 minutos\" \/>\n<script type=\"application\/ld+json\" class=\"yoast-schema-graph\">{\"@context\":\"https:\\\/\\\/schema.org\",\"@graph\":[{\"@type\":\"Article\",\"@id\":\"https:\\\/\\\/algarve7.pt\\\/index.php\\\/2025\\\/09\\\/tavira-segura-implementacao-de-sistema-de-videovigilancia-reforca-seguranca\\\/atualidade\\\/19\\\/49\\\/#article\",\"isPartOf\":{\"@id\":\"https:\\\/\\\/algarve7.pt\\\/index.php\\\/2025\\\/09\\\/tavira-segura-implementacao-de-sistema-de-videovigilancia-reforca-seguranca\\\/atualidade\\\/19\\\/49\\\/\"},\"author\":{\"name\":\"Algarve 7\",\"@id\":\"https:\\\/\\\/algarve7.pt\\\/#\\\/schema\\\/person\\\/23fa70681308e7b319a3204bcea45e0c\"},\"headline\":\"Tavira + Segura: Implementa\u00e7\u00e3o de sistema de videovigil\u00e2ncia refor\u00e7a seguran\u00e7a\u00a0\",\"datePublished\":\"2025-09-12T18:49:05+00:00\",\"dateModified\":\"2025-09-12T18:49:09+00:00\",\"mainEntityOfPage\":{\"@id\":\"https:\\\/\\\/algarve7.pt\\\/index.php\\\/2025\\\/09\\\/tavira-segura-implementacao-de-sistema-de-videovigilancia-reforca-seguranca\\\/atualidade\\\/19\\\/49\\\/\"},\"wordCount\":451,\"publisher\":{\"@id\":\"https:\\\/\\\/algarve7.pt\\\/#organization\"},\"image\":{\"@id\":\"https:\\\/\\\/algarve7.pt\\\/index.php\\\/2025\\\/09\\\/tavira-segura-implementacao-de-sistema-de-videovigilancia-reforca-seguranca\\\/atualidade\\\/19\\\/49\\\/#primaryimage\"},\"thumbnailUrl\":\"https:\\\/\\\/algarve7.pt\\\/wp-content\\\/uploads\\\/2025\\\/09\\\/Festa-Juventude_2025.jpg\",\"keywords\":[\"Algarve\",\"Atualidade\",\"PSP\",\"Tavira\"],\"articleSection\":[\"Atualidade\"],\"inLanguage\":\"pt-PT\"},{\"@type\":\"WebPage\",\"@id\":\"https:\\\/\\\/algarve7.pt\\\/index.php\\\/2025\\\/09\\\/tavira-segura-implementacao-de-sistema-de-videovigilancia-reforca-seguranca\\\/atualidade\\\/19\\\/49\\\/\",\"url\":\"https:\\\/\\\/algarve7.pt\\\/index.php\\\/2025\\\/09\\\/tavira-segura-implementacao-de-sistema-de-videovigilancia-reforca-seguranca\\\/atualidade\\\/19\\\/49\\\/\",\"name\":\"Tavira + Segura: Implementa\u00e7\u00e3o de sistema de videovigil\u00e2ncia refor\u00e7a seguran\u00e7a\u00a0 - Algarve 7\",\"isPartOf\":{\"@id\":\"https:\\\/\\\/algarve7.pt\\\/#website\"},\"primaryImageOfPage\":{\"@id\":\"https:\\\/\\\/algarve7.pt\\\/index.php\\\/2025\\\/09\\\/tavira-segura-implementacao-de-sistema-de-videovigilancia-reforca-seguranca\\\/atualidade\\\/19\\\/49\\\/#primaryimage\"},\"image\":{\"@id\":\"https:\\\/\\\/algarve7.pt\\\/index.php\\\/2025\\\/09\\\/tavira-segura-implementacao-de-sistema-de-videovigilancia-reforca-seguranca\\\/atualidade\\\/19\\\/49\\\/#primaryimage\"},\"thumbnailUrl\":\"https:\\\/\\\/algarve7.pt\\\/wp-content\\\/uploads\\\/2025\\\/09\\\/Festa-Juventude_2025.jpg\",\"datePublished\":\"2025-09-12T18:49:05+00:00\",\"dateModified\":\"2025-09-12T18:49:09+00:00\",\"description\":\"Tavira + Segura: Implementa\u00e7\u00e3o de sistema de videovigil\u00e2ncia refor\u00e7a seguran\u00e7a\u00a0 Atualidade\",\"breadcrumb\":{\"@id\":\"https:\\\/\\\/algarve7.pt\\\/index.php\\\/2025\\\/09\\\/tavira-segura-implementacao-de-sistema-de-videovigilancia-reforca-seguranca\\\/atualidade\\\/19\\\/49\\\/#breadcrumb\"},\"inLanguage\":\"pt-PT\",\"potentialAction\":[{\"@type\":\"ReadAction\",\"target\":[\"https:\\\/\\\/algarve7.pt\\\/index.php\\\/2025\\\/09\\\/tavira-segura-implementacao-de-sistema-de-videovigilancia-reforca-seguranca\\\/atualidade\\\/19\\\/49\\\/\"]}]},{\"@type\":\"ImageObject\",\"inLanguage\":\"pt-PT\",\"@id\":\"https:\\\/\\\/algarve7.pt\\\/index.php\\\/2025\\\/09\\\/tavira-segura-implementacao-de-sistema-de-videovigilancia-reforca-seguranca\\\/atualidade\\\/19\\\/49\\\/#primaryimage\",\"url\":\"https:\\\/\\\/algarve7.pt\\\/wp-content\\\/uploads\\\/2025\\\/09\\\/Festa-Juventude_2025.jpg\",\"contentUrl\":\"https:\\\/\\\/algarve7.pt\\\/wp-content\\\/uploads\\\/2025\\\/09\\\/Festa-Juventude_2025.jpg\",\"width\":800,\"height\":500},{\"@type\":\"BreadcrumbList\",\"@id\":\"https:\\\/\\\/algarve7.pt\\\/index.php\\\/2025\\\/09\\\/tavira-segura-implementacao-de-sistema-de-videovigilancia-reforca-seguranca\\\/atualidade\\\/19\\\/49\\\/#breadcrumb\",\"itemListElement\":[{\"@type\":\"ListItem\",\"position\":1,\"name\":\"In\u00edcio\",\"item\":\"https:\\\/\\\/algarve7.pt\\\/\"},{\"@type\":\"ListItem\",\"position\":2,\"name\":\"Tavira + Segura: Implementa\u00e7\u00e3o de sistema de videovigil\u00e2ncia refor\u00e7a seguran\u00e7a\u00a0\"}]},{\"@type\":\"WebSite\",\"@id\":\"https:\\\/\\\/algarve7.pt\\\/#website\",\"url\":\"https:\\\/\\\/algarve7.pt\\\/\",\"name\":\"Algarve 7\",\"description\":\"Informa\u00e7\u00e3o sobre o Algarve\",\"publisher\":{\"@id\":\"https:\\\/\\\/algarve7.pt\\\/#organization\"},\"potentialAction\":[{\"@type\":\"SearchAction\",\"target\":{\"@type\":\"EntryPoint\",\"urlTemplate\":\"https:\\\/\\\/algarve7.pt\\\/?s={search_term_string}\"},\"query-input\":{\"@type\":\"PropertyValueSpecification\",\"valueRequired\":true,\"valueName\":\"search_term_string\"}}],\"inLanguage\":\"pt-PT\"},{\"@type\":\"Organization\",\"@id\":\"https:\\\/\\\/algarve7.pt\\\/#organization\",\"name\":\"Algarve 7\",\"url\":\"https:\\\/\\\/algarve7.pt\\\/\",\"logo\":{\"@type\":\"ImageObject\",\"inLanguage\":\"pt-PT\",\"@id\":\"https:\\\/\\\/algarve7.pt\\\/#\\\/schema\\\/logo\\\/image\\\/\",\"url\":\"https:\\\/\\\/algarve7.pt\\\/wp-content\\\/uploads\\\/2020\\\/10\\\/Logo-8.jpg\",\"contentUrl\":\"https:\\\/\\\/algarve7.pt\\\/wp-content\\\/uploads\\\/2020\\\/10\\\/Logo-8.jpg\",\"width\":1680,\"height\":1186,\"caption\":\"Algarve 7\"},\"image\":{\"@id\":\"https:\\\/\\\/algarve7.pt\\\/#\\\/schema\\\/logo\\\/image\\\/\"},\"sameAs\":[\"https:\\\/\\\/www.facebook.com\\\/algarve7\",\"https:\\\/\\\/x.com\\\/Algarvesete\",\"https:\\\/\\\/www.instagram.com\\\/jornalalgarve7\\\/\",\"https:\\\/\\\/www.linkedin.com\\\/company\\\/algarve7\",\"https:\\\/\\\/www.pinterest.pt\\\/geral0939\\\/_created\\\/\"]},{\"@type\":\"Person\",\"@id\":\"https:\\\/\\\/algarve7.pt\\\/#\\\/schema\\\/person\\\/23fa70681308e7b319a3204bcea45e0c\",\"name\":\"Algarve 7\",\"sameAs\":[\"https:\\\/\\\/algarve7.pt\",\"https:\\\/\\\/www.facebook.com\\\/algarve7\"],\"url\":\"https:\\\/\\\/algarve7.pt\\\/index.php\\\/author\\\/geralalgarve7-pt\\\/\"}]}<\/script>\n<!-- \/ Yoast SEO plugin. -->","yoast_head_json":{"title":"Tavira + Segura: Implementa\u00e7\u00e3o de sistema de videovigil\u00e2ncia refor\u00e7a seguran\u00e7a\u00a0 - Algarve 7","description":"Tavira + Segura: Implementa\u00e7\u00e3o de sistema de videovigil\u00e2ncia refor\u00e7a seguran\u00e7a\u00a0 Atualidade","robots":{"index":"index","follow":"follow","max-snippet":"max-snippet:-1","max-image-preview":"max-image-preview:large","max-video-preview":"max-video-preview:-1"},"canonical":"https:\/\/algarve7.pt\/index.php\/2025\/09\/tavira-segura-implementacao-de-sistema-de-videovigilancia-reforca-seguranca\/atualidade\/19\/49\/","og_locale":"pt_PT","og_type":"article","og_title":"Tavira + Segura: Implementa\u00e7\u00e3o de sistema de videovigil\u00e2ncia refor\u00e7a seguran\u00e7a\u00a0 - Algarve 7","og_description":"Tavira + Segura: Implementa\u00e7\u00e3o de sistema de videovigil\u00e2ncia refor\u00e7a seguran\u00e7a\u00a0 Atualidade","og_url":"https:\/\/algarve7.pt\/index.php\/2025\/09\/tavira-segura-implementacao-de-sistema-de-videovigilancia-reforca-seguranca\/atualidade\/19\/49\/","og_site_name":"Algarve 7","article_publisher":"https:\/\/www.facebook.com\/algarve7","article_author":"https:\/\/www.facebook.com\/algarve7","article_published_time":"2025-09-12T18:49:05+00:00","article_modified_time":"2025-09-12T18:49:09+00:00","og_image":[{"width":800,"height":500,"url":"https:\/\/algarve7.pt\/wp-content\/uploads\/2025\/09\/Festa-Juventude_2025.jpg","type":"image\/jpeg"}],"author":"Algarve 7","twitter_card":"summary_large_image","twitter_creator":"@Algarvesete","twitter_site":"@Algarvesete","twitter_misc":{"Escrito por":"Algarve 7","Tempo estimado de leitura":"3 minutos"},"schema":{"@context":"https:\/\/schema.org","@graph":[{"@type":"Article","@id":"https:\/\/algarve7.pt\/index.php\/2025\/09\/tavira-segura-implementacao-de-sistema-de-videovigilancia-reforca-seguranca\/atualidade\/19\/49\/#article","isPartOf":{"@id":"https:\/\/algarve7.pt\/index.php\/2025\/09\/tavira-segura-implementacao-de-sistema-de-videovigilancia-reforca-seguranca\/atualidade\/19\/49\/"},"author":{"name":"Algarve 7","@id":"https:\/\/algarve7.pt\/#\/schema\/person\/23fa70681308e7b319a3204bcea45e0c"},"headline":"Tavira + Segura: Implementa\u00e7\u00e3o de sistema de videovigil\u00e2ncia refor\u00e7a seguran\u00e7a\u00a0","datePublished":"2025-09-12T18:49:05+00:00","dateModified":"2025-09-12T18:49:09+00:00","mainEntityOfPage":{"@id":"https:\/\/algarve7.pt\/index.php\/2025\/09\/tavira-segura-implementacao-de-sistema-de-videovigilancia-reforca-seguranca\/atualidade\/19\/49\/"},"wordCount":451,"publisher":{"@id":"https:\/\/algarve7.pt\/#organization"},"image":{"@id":"https:\/\/algarve7.pt\/index.php\/2025\/09\/tavira-segura-implementacao-de-sistema-de-videovigilancia-reforca-seguranca\/atualidade\/19\/49\/#primaryimage"},"thumbnailUrl":"https:\/\/algarve7.pt\/wp-content\/uploads\/2025\/09\/Festa-Juventude_2025.jpg","keywords":["Algarve","Atualidade","PSP","Tavira"],"articleSection":["Atualidade"],"inLanguage":"pt-PT"},{"@type":"WebPage","@id":"https:\/\/algarve7.pt\/index.php\/2025\/09\/tavira-segura-implementacao-de-sistema-de-videovigilancia-reforca-seguranca\/atualidade\/19\/49\/","url":"https:\/\/algarve7.pt\/index.php\/2025\/09\/tavira-segura-implementacao-de-sistema-de-videovigilancia-reforca-seguranca\/atualidade\/19\/49\/","name":"Tavira + Segura: Implementa\u00e7\u00e3o de sistema de videovigil\u00e2ncia refor\u00e7a seguran\u00e7a\u00a0 - Algarve 7","isPartOf":{"@id":"https:\/\/algarve7.pt\/#website"},"primaryImageOfPage":{"@id":"https:\/\/algarve7.pt\/index.php\/2025\/09\/tavira-segura-implementacao-de-sistema-de-videovigilancia-reforca-seguranca\/atualidade\/19\/49\/#primaryimage"},"image":{"@id":"https:\/\/algarve7.pt\/index.php\/2025\/09\/tavira-segura-implementacao-de-sistema-de-videovigilancia-reforca-seguranca\/atualidade\/19\/49\/#primaryimage"},"thumbnailUrl":"https:\/\/algarve7.pt\/wp-content\/uploads\/2025\/09\/Festa-Juventude_2025.jpg","datePublished":"2025-09-12T18:49:05+00:00","dateModified":"2025-09-12T18:49:09+00:00","description":"Tavira + Segura: Implementa\u00e7\u00e3o de sistema de videovigil\u00e2ncia refor\u00e7a seguran\u00e7a\u00a0 Atualidade","breadcrumb":{"@id":"https:\/\/algarve7.pt\/index.php\/2025\/09\/tavira-segura-implementacao-de-sistema-de-videovigilancia-reforca-seguranca\/atualidade\/19\/49\/#breadcrumb"},"inLanguage":"pt-PT","potentialAction":[{"@type":"ReadAction","target":["https:\/\/algarve7.pt\/index.php\/2025\/09\/tavira-segura-implementacao-de-sistema-de-videovigilancia-reforca-seguranca\/atualidade\/19\/49\/"]}]},{"@type":"ImageObject","inLanguage":"pt-PT","@id":"https:\/\/algarve7.pt\/index.php\/2025\/09\/tavira-segura-implementacao-de-sistema-de-videovigilancia-reforca-seguranca\/atualidade\/19\/49\/#primaryimage","url":"https:\/\/algarve7.pt\/wp-content\/uploads\/2025\/09\/Festa-Juventude_2025.jpg","contentUrl":"https:\/\/algarve7.pt\/wp-content\/uploads\/2025\/09\/Festa-Juventude_2025.jpg","width":800,"height":500},{"@type":"BreadcrumbList","@id":"https:\/\/algarve7.pt\/index.php\/2025\/09\/tavira-segura-implementacao-de-sistema-de-videovigilancia-reforca-seguranca\/atualidade\/19\/49\/#breadcrumb","itemListElement":[{"@type":"ListItem","position":1,"name":"In\u00edcio","item":"https:\/\/algarve7.pt\/"},{"@type":"ListItem","position":2,"name":"Tavira + Segura: Implementa\u00e7\u00e3o de sistema de videovigil\u00e2ncia refor\u00e7a seguran\u00e7a\u00a0"}]},{"@type":"WebSite","@id":"https:\/\/algarve7.pt\/#website","url":"https:\/\/algarve7.pt\/","name":"Algarve 7","description":"Informa\u00e7\u00e3o sobre o Algarve","publisher":{"@id":"https:\/\/algarve7.pt\/#organization"},"potentialAction":[{"@type":"SearchAction","target":{"@type":"EntryPoint","urlTemplate":"https:\/\/algarve7.pt\/?s={search_term_string}"},"query-input":{"@type":"PropertyValueSpecification","valueRequired":true,"valueName":"search_term_string"}}],"inLanguage":"pt-PT"},{"@type":"Organization","@id":"https:\/\/algarve7.pt\/#organization","name":"Algarve 7","url":"https:\/\/algarve7.pt\/","logo":{"@type":"ImageObject","inLanguage":"pt-PT","@id":"https:\/\/algarve7.pt\/#\/schema\/logo\/image\/","url":"https:\/\/algarve7.pt\/wp-content\/uploads\/2020\/10\/Logo-8.jpg","contentUrl":"https:\/\/algarve7.pt\/wp-content\/uploads\/2020\/10\/Logo-8.jpg","width":1680,"height":1186,"caption":"Algarve 7"},"image":{"@id":"https:\/\/algarve7.pt\/#\/schema\/logo\/image\/"},"sameAs":["https:\/\/www.facebook.com\/algarve7","https:\/\/x.com\/Algarvesete","https:\/\/www.instagram.com\/jornalalgarve7\/","https:\/\/www.linkedin.com\/company\/algarve7","https:\/\/www.pinterest.pt\/geral0939\/_created\/"]},{"@type":"Person","@id":"https:\/\/algarve7.pt\/#\/schema\/person\/23fa70681308e7b319a3204bcea45e0c","name":"Algarve 7","sameAs":["https:\/\/algarve7.pt","https:\/\/www.facebook.com\/algarve7"],"url":"https:\/\/algarve7.pt\/index.php\/author\/geralalgarve7-pt\/"}]}},"jetpack_publicize_connections":[],"jetpack_featured_media_url":"https:\/\/algarve7.pt\/wp-content\/uploads\/2025\/09\/Festa-Juventude_2025.jpg","jetpack_shortlink":"https:\/\/wp.me\/pcezmW-e3v","jetpack_sharing_enabled":true,"_links":{"self":[{"href":"https:\/\/algarve7.pt\/index.php\/wp-json\/wp\/v2\/posts\/54033","targetHints":{"allow":["GET"]}}],"collection":[{"href":"https:\/\/algarve7.pt\/index.php\/wp-json\/wp\/v2\/posts"}],"about":[{"href":"https:\/\/algarve7.pt\/index.php\/wp-json\/wp\/v2\/types\/post"}],"author":[{"embeddable":true,"href":"https:\/\/algarve7.pt\/index.php\/wp-json\/wp\/v2\/users\/1"}],"replies":[{"embeddable":true,"href":"https:\/\/algarve7.pt\/index.php\/wp-json\/wp\/v2\/comments?post=54033"}],"version-history":[{"count":0,"href":"https:\/\/algarve7.pt\/index.php\/wp-json\/wp\/v2\/posts\/54033\/revisions"}],"wp:featuredmedia":[{"embeddable":true,"href":"https:\/\/algarve7.pt\/index.php\/wp-json\/wp\/v2\/media\/54034"}],"wp:attachment":[{"href":"https:\/\/algarve7.pt\/index.php\/wp-json\/wp\/v2\/media?parent=54033"}],"wp:term":[{"taxonomy":"category","embeddable":true,"href":"https:\/\/algarve7.pt\/index.php\/wp-json\/wp\/v2\/categories?post=54033"},{"taxonomy":"post_tag","embeddable":true,"href":"https:\/\/algarve7.pt\/index.php\/wp-json\/wp\/v2\/tags?post=54033"}],"curies":[{"name":"wp","href":"https:\/\/api.w.org\/{rel}","templated":true}]}}