{"id":54029,"date":"2025-09-13T12:00:00","date_gmt":"2025-09-13T11:00:00","guid":{"rendered":"https:\/\/algarve7.pt\/?p=54029"},"modified":"2025-09-12T19:45:28","modified_gmt":"2025-09-12T18:45:28","slug":"projetos-de-comunidades-digitais-e-inovacao-apresentados-em-lagos","status":"publish","type":"post","link":"https:\/\/algarve7.pt\/index.php\/2025\/09\/projetos-de-comunidades-digitais-e-inovacao-apresentados-em-lagos\/atualidade\/12\/00\/","title":{"rendered":"Projetos de comunidades digitais e inova\u00e7\u00e3o apresentados em Lagos"},"content":{"rendered":"\n<p><strong>Atrav\u00e9s do seu projeto municipal F\u00e1brica do Empreendedor, o munic\u00edpio recebeu, no passado dia 8 de setembro, as sess\u00f5es de lan\u00e7amento da Rede de Comunidades Algarve Digital Innovators (ADI) e de apresenta\u00e7\u00e3o da Algarve Tech Hub Summit, no \u00e2mbito do programa Algarve Empreende 2026.<\/strong><\/p>\n\n\n\n<p>A tarde come\u00e7ou com uma sess\u00e3o de trabalho que reuniu l\u00edderes comunit\u00e1rios da regi\u00e3o, promovendo a partilha de ideias e o&nbsp;<em>networking<\/em>, passando pela sess\u00e3o de abertura por Hugo Pereira (presidente da C\u00e2mara Municipal de Lagos), Aquiles Marreiros (CCDR Algarve) e Hugo Barros (Universidade do Algarve).<\/p>\n\n\n\n<p>A apresenta\u00e7\u00e3o do Algarve Tech Hub Summit e da Rede de Comunidades ADI ficou a cargo de J\u00e9ssica Costa (Algarve STP), Rita Gon\u00e7alves (ANJE) e Ant\u00f3nio Guerreiro (Algarve Evolution), que destacaram os objetivos estrat\u00e9gicos da rede, nomeadamente: promover a coopera\u00e7\u00e3o entre comunidades e estimular processos colaborativos de inova\u00e7\u00e3o; apoiar a cria\u00e7\u00e3o e crescimento de&nbsp;<em>startups<\/em>, atra\u00e7\u00e3o de talento e qualifica\u00e7\u00e3o de PME; refor\u00e7ar a liga\u00e7\u00e3o entre academia, empresas e entidades regionais; e expandir parcerias e oportunidades de investimento no Algarve. A sess\u00e3o de encerramento ficou a cargo de Sandra Oliveira (vereadora da CM Lagos).<\/p>\n\n\n\n<p>A cria\u00e7\u00e3o da rede nasceu de uma parceria entre a Universidade do Algarve (CRIA), AMAL, Algarve STP, Algarve Evolution, NERA e ANJE e entidades-chave do ecossistema regional de inova\u00e7\u00e3o. Integrada no programa&nbsp;<strong>Algarve Empreende 2026<\/strong>, desenvolve iniciativas estruturantes como o&nbsp;<strong>Plano de Desenvolvimento da Comunidade ADI 2030 com as comunidades de n\u00f3madas digitais e trabalhadores remotos<\/strong>, a&nbsp;<strong>Rede ATH Mentors &amp; Investors<\/strong>, o&nbsp;<strong>Portal do Empreendedorismo<\/strong>, os programas de&nbsp;<strong>acelera\u00e7\u00e3o de empresas e concursos de ideias<\/strong>, o&nbsp;<strong>Roadshow Intermunicipal \u201cAutarquias Empreende\u201d<\/strong>, a participa\u00e7\u00e3o em&nbsp;<strong>eventos internacionais<\/strong>&nbsp;e o programa&nbsp;<strong>Diversificar Algarve<\/strong>, que valoriza fileiras estrat\u00e9gicas regionais.<\/p>\n\n\n\n<p>O ADI avan\u00e7a agora para uma nova fase com a prepara\u00e7\u00e3o do&nbsp;<em>roadshow<\/em>&nbsp;intermunicipal, de setembro a novembro de 2025, representando um marco no refor\u00e7o do ecossistema de inova\u00e7\u00e3o digital, projetando o Algarve no panorama nacional e internacional do empreendedorismo tecnol\u00f3gico.<\/p>\n","protected":false},"excerpt":{"rendered":"<p>Atrav\u00e9s do seu projeto municipal F\u00e1brica do Empreendedor, o munic\u00edpio recebeu, no passado dia 8 de setembro, as sess\u00f5es de<\/p>\n","protected":false},"author":1,"featured_media":54031,"comment_status":"closed","ping_status":"closed","sticky":false,"template":"","format":"standard","meta":{"colormag_page_container_layout":"default_layout","colormag_page_sidebar_layout":"default_layout","_monsterinsights_skip_tracking":false,"_monsterinsights_sitenote_active":false,"_monsterinsights_sitenote_note":"","_monsterinsights_sitenote_category":0,"jetpack_post_was_ever_published":false,"_jetpack_newsletter_access":"","_jetpack_dont_email_post_to_subs":false,"_jetpack_newsletter_tier_id":0,"_jetpack_memberships_contains_paywalled_content":false,"_jetpack_memberships_contains_paid_content":false,"footnotes":"","jetpack_publicize_message":"","jetpack_publicize_feature_enabled":true,"jetpack_social_post_already_shared":true,"jetpack_social_options":{"image_generator_settings":{"template":"highway","default_image_id":0,"font":"","enabled":false},"version":2}},"categories":[11],"tags":[36,62,68],"class_list":["post-54029","post","type-post","status-publish","format-standard","has-post-thumbnail","hentry","category-atualidade","tag-algarve","tag-atualidade","tag-lagos"],"yoast_head":"<!-- This site is optimized with the Yoast SEO plugin v27.5 - https:\/\/yoast.com\/product\/yoast-seo-wordpress\/ -->\n<title>Projetos de comunidades digitais e inova\u00e7\u00e3o apresentados em Lagos - Algarve 7<\/title>\n<meta name=\"description\" content=\"Projetos de comunidades digitais e inova\u00e7\u00e3o apresentados em Lagos Atualidade\" \/>\n<meta name=\"robots\" content=\"index, follow, max-snippet:-1, max-image-preview:large, max-video-preview:-1\" \/>\n<link rel=\"canonical\" href=\"https:\/\/algarve7.pt\/index.php\/2025\/09\/projetos-de-comunidades-digitais-e-inovacao-apresentados-em-lagos\/atualidade\/12\/00\/\" \/>\n<meta property=\"og:locale\" content=\"pt_PT\" \/>\n<meta property=\"og:type\" content=\"article\" \/>\n<meta property=\"og:title\" content=\"Projetos de comunidades digitais e inova\u00e7\u00e3o apresentados em Lagos - Algarve 7\" \/>\n<meta property=\"og:description\" content=\"Projetos de comunidades digitais e inova\u00e7\u00e3o apresentados em Lagos Atualidade\" \/>\n<meta property=\"og:url\" content=\"https:\/\/algarve7.pt\/index.php\/2025\/09\/projetos-de-comunidades-digitais-e-inovacao-apresentados-em-lagos\/atualidade\/12\/00\/\" \/>\n<meta property=\"og:site_name\" content=\"Algarve 7\" \/>\n<meta property=\"article:publisher\" content=\"https:\/\/www.facebook.com\/algarve7\" \/>\n<meta property=\"article:author\" content=\"https:\/\/www.facebook.com\/algarve7\" \/>\n<meta property=\"article:published_time\" content=\"2025-09-13T11:00:00+00:00\" \/>\n<meta property=\"og:image\" content=\"https:\/\/algarve7.pt\/wp-content\/uploads\/2025\/09\/2-Sessao-Algarve-Digital-Innovators-e-Apre-sentacao-ATHS.jpeg\" \/>\n\t<meta property=\"og:image:width\" content=\"800\" \/>\n\t<meta property=\"og:image:height\" content=\"500\" \/>\n\t<meta property=\"og:image:type\" content=\"image\/jpeg\" \/>\n<meta name=\"author\" content=\"Algarve 7\" \/>\n<meta name=\"twitter:card\" content=\"summary_large_image\" \/>\n<meta name=\"twitter:creator\" content=\"@Algarvesete\" \/>\n<meta name=\"twitter:site\" content=\"@Algarvesete\" \/>\n<meta name=\"twitter:label1\" content=\"Escrito por\" \/>\n\t<meta name=\"twitter:data1\" content=\"Algarve 7\" \/>\n\t<meta name=\"twitter:label2\" content=\"Tempo estimado de leitura\" \/>\n\t<meta name=\"twitter:data2\" content=\"2 minutos\" \/>\n<script type=\"application\/ld+json\" class=\"yoast-schema-graph\">{\"@context\":\"https:\\\/\\\/schema.org\",\"@graph\":[{\"@type\":\"Article\",\"@id\":\"https:\\\/\\\/algarve7.pt\\\/index.php\\\/2025\\\/09\\\/projetos-de-comunidades-digitais-e-inovacao-apresentados-em-lagos\\\/atualidade\\\/12\\\/00\\\/#article\",\"isPartOf\":{\"@id\":\"https:\\\/\\\/algarve7.pt\\\/index.php\\\/2025\\\/09\\\/projetos-de-comunidades-digitais-e-inovacao-apresentados-em-lagos\\\/atualidade\\\/12\\\/00\\\/\"},\"author\":{\"name\":\"Algarve 7\",\"@id\":\"https:\\\/\\\/algarve7.pt\\\/#\\\/schema\\\/person\\\/23fa70681308e7b319a3204bcea45e0c\"},\"headline\":\"Projetos de comunidades digitais e inova\u00e7\u00e3o apresentados em Lagos\",\"datePublished\":\"2025-09-13T11:00:00+00:00\",\"mainEntityOfPage\":{\"@id\":\"https:\\\/\\\/algarve7.pt\\\/index.php\\\/2025\\\/09\\\/projetos-de-comunidades-digitais-e-inovacao-apresentados-em-lagos\\\/atualidade\\\/12\\\/00\\\/\"},\"wordCount\":376,\"publisher\":{\"@id\":\"https:\\\/\\\/algarve7.pt\\\/#organization\"},\"image\":{\"@id\":\"https:\\\/\\\/algarve7.pt\\\/index.php\\\/2025\\\/09\\\/projetos-de-comunidades-digitais-e-inovacao-apresentados-em-lagos\\\/atualidade\\\/12\\\/00\\\/#primaryimage\"},\"thumbnailUrl\":\"https:\\\/\\\/algarve7.pt\\\/wp-content\\\/uploads\\\/2025\\\/09\\\/2-Sessao-Algarve-Digital-Innovators-e-Apre-sentacao-ATHS.jpeg\",\"keywords\":[\"Algarve\",\"Atualidade\",\"Lagos\"],\"articleSection\":[\"Atualidade\"],\"inLanguage\":\"pt-PT\"},{\"@type\":\"WebPage\",\"@id\":\"https:\\\/\\\/algarve7.pt\\\/index.php\\\/2025\\\/09\\\/projetos-de-comunidades-digitais-e-inovacao-apresentados-em-lagos\\\/atualidade\\\/12\\\/00\\\/\",\"url\":\"https:\\\/\\\/algarve7.pt\\\/index.php\\\/2025\\\/09\\\/projetos-de-comunidades-digitais-e-inovacao-apresentados-em-lagos\\\/atualidade\\\/12\\\/00\\\/\",\"name\":\"Projetos de comunidades digitais e inova\u00e7\u00e3o apresentados em Lagos - Algarve 7\",\"isPartOf\":{\"@id\":\"https:\\\/\\\/algarve7.pt\\\/#website\"},\"primaryImageOfPage\":{\"@id\":\"https:\\\/\\\/algarve7.pt\\\/index.php\\\/2025\\\/09\\\/projetos-de-comunidades-digitais-e-inovacao-apresentados-em-lagos\\\/atualidade\\\/12\\\/00\\\/#primaryimage\"},\"image\":{\"@id\":\"https:\\\/\\\/algarve7.pt\\\/index.php\\\/2025\\\/09\\\/projetos-de-comunidades-digitais-e-inovacao-apresentados-em-lagos\\\/atualidade\\\/12\\\/00\\\/#primaryimage\"},\"thumbnailUrl\":\"https:\\\/\\\/algarve7.pt\\\/wp-content\\\/uploads\\\/2025\\\/09\\\/2-Sessao-Algarve-Digital-Innovators-e-Apre-sentacao-ATHS.jpeg\",\"datePublished\":\"2025-09-13T11:00:00+00:00\",\"description\":\"Projetos de comunidades digitais e inova\u00e7\u00e3o apresentados em Lagos Atualidade\",\"breadcrumb\":{\"@id\":\"https:\\\/\\\/algarve7.pt\\\/index.php\\\/2025\\\/09\\\/projetos-de-comunidades-digitais-e-inovacao-apresentados-em-lagos\\\/atualidade\\\/12\\\/00\\\/#breadcrumb\"},\"inLanguage\":\"pt-PT\",\"potentialAction\":[{\"@type\":\"ReadAction\",\"target\":[\"https:\\\/\\\/algarve7.pt\\\/index.php\\\/2025\\\/09\\\/projetos-de-comunidades-digitais-e-inovacao-apresentados-em-lagos\\\/atualidade\\\/12\\\/00\\\/\"]}]},{\"@type\":\"ImageObject\",\"inLanguage\":\"pt-PT\",\"@id\":\"https:\\\/\\\/algarve7.pt\\\/index.php\\\/2025\\\/09\\\/projetos-de-comunidades-digitais-e-inovacao-apresentados-em-lagos\\\/atualidade\\\/12\\\/00\\\/#primaryimage\",\"url\":\"https:\\\/\\\/algarve7.pt\\\/wp-content\\\/uploads\\\/2025\\\/09\\\/2-Sessao-Algarve-Digital-Innovators-e-Apre-sentacao-ATHS.jpeg\",\"contentUrl\":\"https:\\\/\\\/algarve7.pt\\\/wp-content\\\/uploads\\\/2025\\\/09\\\/2-Sessao-Algarve-Digital-Innovators-e-Apre-sentacao-ATHS.jpeg\",\"width\":800,\"height\":500},{\"@type\":\"BreadcrumbList\",\"@id\":\"https:\\\/\\\/algarve7.pt\\\/index.php\\\/2025\\\/09\\\/projetos-de-comunidades-digitais-e-inovacao-apresentados-em-lagos\\\/atualidade\\\/12\\\/00\\\/#breadcrumb\",\"itemListElement\":[{\"@type\":\"ListItem\",\"position\":1,\"name\":\"In\u00edcio\",\"item\":\"https:\\\/\\\/algarve7.pt\\\/\"},{\"@type\":\"ListItem\",\"position\":2,\"name\":\"Projetos de comunidades digitais e inova\u00e7\u00e3o apresentados em Lagos\"}]},{\"@type\":\"WebSite\",\"@id\":\"https:\\\/\\\/algarve7.pt\\\/#website\",\"url\":\"https:\\\/\\\/algarve7.pt\\\/\",\"name\":\"Algarve 7\",\"description\":\"Informa\u00e7\u00e3o sobre o Algarve\",\"publisher\":{\"@id\":\"https:\\\/\\\/algarve7.pt\\\/#organization\"},\"potentialAction\":[{\"@type\":\"SearchAction\",\"target\":{\"@type\":\"EntryPoint\",\"urlTemplate\":\"https:\\\/\\\/algarve7.pt\\\/?s={search_term_string}\"},\"query-input\":{\"@type\":\"PropertyValueSpecification\",\"valueRequired\":true,\"valueName\":\"search_term_string\"}}],\"inLanguage\":\"pt-PT\"},{\"@type\":\"Organization\",\"@id\":\"https:\\\/\\\/algarve7.pt\\\/#organization\",\"name\":\"Algarve 7\",\"url\":\"https:\\\/\\\/algarve7.pt\\\/\",\"logo\":{\"@type\":\"ImageObject\",\"inLanguage\":\"pt-PT\",\"@id\":\"https:\\\/\\\/algarve7.pt\\\/#\\\/schema\\\/logo\\\/image\\\/\",\"url\":\"https:\\\/\\\/algarve7.pt\\\/wp-content\\\/uploads\\\/2020\\\/10\\\/Logo-8.jpg\",\"contentUrl\":\"https:\\\/\\\/algarve7.pt\\\/wp-content\\\/uploads\\\/2020\\\/10\\\/Logo-8.jpg\",\"width\":1680,\"height\":1186,\"caption\":\"Algarve 7\"},\"image\":{\"@id\":\"https:\\\/\\\/algarve7.pt\\\/#\\\/schema\\\/logo\\\/image\\\/\"},\"sameAs\":[\"https:\\\/\\\/www.facebook.com\\\/algarve7\",\"https:\\\/\\\/x.com\\\/Algarvesete\",\"https:\\\/\\\/www.instagram.com\\\/jornalalgarve7\\\/\",\"https:\\\/\\\/www.linkedin.com\\\/company\\\/algarve7\",\"https:\\\/\\\/www.pinterest.pt\\\/geral0939\\\/_created\\\/\"]},{\"@type\":\"Person\",\"@id\":\"https:\\\/\\\/algarve7.pt\\\/#\\\/schema\\\/person\\\/23fa70681308e7b319a3204bcea45e0c\",\"name\":\"Algarve 7\",\"sameAs\":[\"https:\\\/\\\/algarve7.pt\",\"https:\\\/\\\/www.facebook.com\\\/algarve7\"],\"url\":\"https:\\\/\\\/algarve7.pt\\\/index.php\\\/author\\\/geralalgarve7-pt\\\/\"}]}<\/script>\n<!-- \/ Yoast SEO plugin. -->","yoast_head_json":{"title":"Projetos de comunidades digitais e inova\u00e7\u00e3o apresentados em Lagos - Algarve 7","description":"Projetos de comunidades digitais e inova\u00e7\u00e3o apresentados em Lagos Atualidade","robots":{"index":"index","follow":"follow","max-snippet":"max-snippet:-1","max-image-preview":"max-image-preview:large","max-video-preview":"max-video-preview:-1"},"canonical":"https:\/\/algarve7.pt\/index.php\/2025\/09\/projetos-de-comunidades-digitais-e-inovacao-apresentados-em-lagos\/atualidade\/12\/00\/","og_locale":"pt_PT","og_type":"article","og_title":"Projetos de comunidades digitais e inova\u00e7\u00e3o apresentados em Lagos - Algarve 7","og_description":"Projetos de comunidades digitais e inova\u00e7\u00e3o apresentados em Lagos Atualidade","og_url":"https:\/\/algarve7.pt\/index.php\/2025\/09\/projetos-de-comunidades-digitais-e-inovacao-apresentados-em-lagos\/atualidade\/12\/00\/","og_site_name":"Algarve 7","article_publisher":"https:\/\/www.facebook.com\/algarve7","article_author":"https:\/\/www.facebook.com\/algarve7","article_published_time":"2025-09-13T11:00:00+00:00","og_image":[{"width":800,"height":500,"url":"https:\/\/algarve7.pt\/wp-content\/uploads\/2025\/09\/2-Sessao-Algarve-Digital-Innovators-e-Apre-sentacao-ATHS.jpeg","type":"image\/jpeg"}],"author":"Algarve 7","twitter_card":"summary_large_image","twitter_creator":"@Algarvesete","twitter_site":"@Algarvesete","twitter_misc":{"Escrito por":"Algarve 7","Tempo estimado de leitura":"2 minutos"},"schema":{"@context":"https:\/\/schema.org","@graph":[{"@type":"Article","@id":"https:\/\/algarve7.pt\/index.php\/2025\/09\/projetos-de-comunidades-digitais-e-inovacao-apresentados-em-lagos\/atualidade\/12\/00\/#article","isPartOf":{"@id":"https:\/\/algarve7.pt\/index.php\/2025\/09\/projetos-de-comunidades-digitais-e-inovacao-apresentados-em-lagos\/atualidade\/12\/00\/"},"author":{"name":"Algarve 7","@id":"https:\/\/algarve7.pt\/#\/schema\/person\/23fa70681308e7b319a3204bcea45e0c"},"headline":"Projetos de comunidades digitais e inova\u00e7\u00e3o apresentados em Lagos","datePublished":"2025-09-13T11:00:00+00:00","mainEntityOfPage":{"@id":"https:\/\/algarve7.pt\/index.php\/2025\/09\/projetos-de-comunidades-digitais-e-inovacao-apresentados-em-lagos\/atualidade\/12\/00\/"},"wordCount":376,"publisher":{"@id":"https:\/\/algarve7.pt\/#organization"},"image":{"@id":"https:\/\/algarve7.pt\/index.php\/2025\/09\/projetos-de-comunidades-digitais-e-inovacao-apresentados-em-lagos\/atualidade\/12\/00\/#primaryimage"},"thumbnailUrl":"https:\/\/algarve7.pt\/wp-content\/uploads\/2025\/09\/2-Sessao-Algarve-Digital-Innovators-e-Apre-sentacao-ATHS.jpeg","keywords":["Algarve","Atualidade","Lagos"],"articleSection":["Atualidade"],"inLanguage":"pt-PT"},{"@type":"WebPage","@id":"https:\/\/algarve7.pt\/index.php\/2025\/09\/projetos-de-comunidades-digitais-e-inovacao-apresentados-em-lagos\/atualidade\/12\/00\/","url":"https:\/\/algarve7.pt\/index.php\/2025\/09\/projetos-de-comunidades-digitais-e-inovacao-apresentados-em-lagos\/atualidade\/12\/00\/","name":"Projetos de comunidades digitais e inova\u00e7\u00e3o apresentados em Lagos - Algarve 7","isPartOf":{"@id":"https:\/\/algarve7.pt\/#website"},"primaryImageOfPage":{"@id":"https:\/\/algarve7.pt\/index.php\/2025\/09\/projetos-de-comunidades-digitais-e-inovacao-apresentados-em-lagos\/atualidade\/12\/00\/#primaryimage"},"image":{"@id":"https:\/\/algarve7.pt\/index.php\/2025\/09\/projetos-de-comunidades-digitais-e-inovacao-apresentados-em-lagos\/atualidade\/12\/00\/#primaryimage"},"thumbnailUrl":"https:\/\/algarve7.pt\/wp-content\/uploads\/2025\/09\/2-Sessao-Algarve-Digital-Innovators-e-Apre-sentacao-ATHS.jpeg","datePublished":"2025-09-13T11:00:00+00:00","description":"Projetos de comunidades digitais e inova\u00e7\u00e3o apresentados em Lagos Atualidade","breadcrumb":{"@id":"https:\/\/algarve7.pt\/index.php\/2025\/09\/projetos-de-comunidades-digitais-e-inovacao-apresentados-em-lagos\/atualidade\/12\/00\/#breadcrumb"},"inLanguage":"pt-PT","potentialAction":[{"@type":"ReadAction","target":["https:\/\/algarve7.pt\/index.php\/2025\/09\/projetos-de-comunidades-digitais-e-inovacao-apresentados-em-lagos\/atualidade\/12\/00\/"]}]},{"@type":"ImageObject","inLanguage":"pt-PT","@id":"https:\/\/algarve7.pt\/index.php\/2025\/09\/projetos-de-comunidades-digitais-e-inovacao-apresentados-em-lagos\/atualidade\/12\/00\/#primaryimage","url":"https:\/\/algarve7.pt\/wp-content\/uploads\/2025\/09\/2-Sessao-Algarve-Digital-Innovators-e-Apre-sentacao-ATHS.jpeg","contentUrl":"https:\/\/algarve7.pt\/wp-content\/uploads\/2025\/09\/2-Sessao-Algarve-Digital-Innovators-e-Apre-sentacao-ATHS.jpeg","width":800,"height":500},{"@type":"BreadcrumbList","@id":"https:\/\/algarve7.pt\/index.php\/2025\/09\/projetos-de-comunidades-digitais-e-inovacao-apresentados-em-lagos\/atualidade\/12\/00\/#breadcrumb","itemListElement":[{"@type":"ListItem","position":1,"name":"In\u00edcio","item":"https:\/\/algarve7.pt\/"},{"@type":"ListItem","position":2,"name":"Projetos de comunidades digitais e inova\u00e7\u00e3o apresentados em Lagos"}]},{"@type":"WebSite","@id":"https:\/\/algarve7.pt\/#website","url":"https:\/\/algarve7.pt\/","name":"Algarve 7","description":"Informa\u00e7\u00e3o sobre o Algarve","publisher":{"@id":"https:\/\/algarve7.pt\/#organization"},"potentialAction":[{"@type":"SearchAction","target":{"@type":"EntryPoint","urlTemplate":"https:\/\/algarve7.pt\/?s={search_term_string}"},"query-input":{"@type":"PropertyValueSpecification","valueRequired":true,"valueName":"search_term_string"}}],"inLanguage":"pt-PT"},{"@type":"Organization","@id":"https:\/\/algarve7.pt\/#organization","name":"Algarve 7","url":"https:\/\/algarve7.pt\/","logo":{"@type":"ImageObject","inLanguage":"pt-PT","@id":"https:\/\/algarve7.pt\/#\/schema\/logo\/image\/","url":"https:\/\/algarve7.pt\/wp-content\/uploads\/2020\/10\/Logo-8.jpg","contentUrl":"https:\/\/algarve7.pt\/wp-content\/uploads\/2020\/10\/Logo-8.jpg","width":1680,"height":1186,"caption":"Algarve 7"},"image":{"@id":"https:\/\/algarve7.pt\/#\/schema\/logo\/image\/"},"sameAs":["https:\/\/www.facebook.com\/algarve7","https:\/\/x.com\/Algarvesete","https:\/\/www.instagram.com\/jornalalgarve7\/","https:\/\/www.linkedin.com\/company\/algarve7","https:\/\/www.pinterest.pt\/geral0939\/_created\/"]},{"@type":"Person","@id":"https:\/\/algarve7.pt\/#\/schema\/person\/23fa70681308e7b319a3204bcea45e0c","name":"Algarve 7","sameAs":["https:\/\/algarve7.pt","https:\/\/www.facebook.com\/algarve7"],"url":"https:\/\/algarve7.pt\/index.php\/author\/geralalgarve7-pt\/"}]}},"jetpack_publicize_connections":[],"jetpack_featured_media_url":"https:\/\/algarve7.pt\/wp-content\/uploads\/2025\/09\/2-Sessao-Algarve-Digital-Innovators-e-Apre-sentacao-ATHS.jpeg","jetpack_shortlink":"https:\/\/wp.me\/pcezmW-e3r","jetpack_sharing_enabled":true,"_links":{"self":[{"href":"https:\/\/algarve7.pt\/index.php\/wp-json\/wp\/v2\/posts\/54029","targetHints":{"allow":["GET"]}}],"collection":[{"href":"https:\/\/algarve7.pt\/index.php\/wp-json\/wp\/v2\/posts"}],"about":[{"href":"https:\/\/algarve7.pt\/index.php\/wp-json\/wp\/v2\/types\/post"}],"author":[{"embeddable":true,"href":"https:\/\/algarve7.pt\/index.php\/wp-json\/wp\/v2\/users\/1"}],"replies":[{"embeddable":true,"href":"https:\/\/algarve7.pt\/index.php\/wp-json\/wp\/v2\/comments?post=54029"}],"version-history":[{"count":0,"href":"https:\/\/algarve7.pt\/index.php\/wp-json\/wp\/v2\/posts\/54029\/revisions"}],"wp:featuredmedia":[{"embeddable":true,"href":"https:\/\/algarve7.pt\/index.php\/wp-json\/wp\/v2\/media\/54031"}],"wp:attachment":[{"href":"https:\/\/algarve7.pt\/index.php\/wp-json\/wp\/v2\/media?parent=54029"}],"wp:term":[{"taxonomy":"category","embeddable":true,"href":"https:\/\/algarve7.pt\/index.php\/wp-json\/wp\/v2\/categories?post=54029"},{"taxonomy":"post_tag","embeddable":true,"href":"https:\/\/algarve7.pt\/index.php\/wp-json\/wp\/v2\/tags?post=54029"}],"curies":[{"name":"wp","href":"https:\/\/api.w.org\/{rel}","templated":true}]}}