{"id":54026,"date":"2025-09-12T19:13:43","date_gmt":"2025-09-12T18:13:43","guid":{"rendered":"https:\/\/algarve7.pt\/?p=54026"},"modified":"2025-09-12T19:13:46","modified_gmt":"2025-09-12T18:13:46","slug":"municipio-de-olhao-volta-a-apoiar-alunos-e-familias-no-inicio-do-ano-escolar","status":"publish","type":"post","link":"https:\/\/algarve7.pt\/index.php\/2025\/09\/municipio-de-olhao-volta-a-apoiar-alunos-e-familias-no-inicio-do-ano-escolar\/educacao\/19\/13\/","title":{"rendered":"Munic\u00edpio de Olh\u00e3o volta a apoiar alunos e fam\u00edlias no in\u00edcio do ano escolar"},"content":{"rendered":"\n<p><strong>Nesta sexta feira, dia em que muitas crian\u00e7as iniciam as aulas de mais um ano letivo, o vice-presidente do Munic\u00edpio de Olh\u00e3o e os representantes da empresa municipal AmbiOlh\u00e3o ofereceram os materiais escolares e cadernos de atividades a alguns dos cerca de 1900 alunos do 1.\u00ba Ciclo do ensino b\u00e1sico do concelho.<\/strong><\/p>\n\n\n\n<p>Uma das escolas visitadas foi a EB N.\u00ba 1, no Largo da Feira, onde est\u00e3o em curso obras para a constru\u00e7\u00e3o de novos edif\u00edcios escolares. \u201cOlh\u00e3o \u00e9 um exemplo na \u00e1rea da educa\u00e7\u00e3o e queremos continuar a s\u00ea-lo\u201d, afirmou o autarca Ricardo Cal\u00e9, sublinhando o apoio prestado aos alunos e fam\u00edlias nos \u00faltimos anos.<\/p>\n\n\n\n<p>O Munic\u00edpio volta, assim, a garantir a entrega gratuita de material escolar e cadernos de atividades no arranque do ano letivo 2025\/2026, num investimento que ronda os 150 mil euros. O objetivo \u00e9 promover a igualdade de oportunidades e apoiar o sucesso escolar.<\/p>\n\n\n\n<p>Ao todo, quase 1900 crian\u00e7as do 1.\u00ba Ciclo s\u00e3o abrangidas. Para al\u00e9m dos cadernos de atividades, cada aluno recebeu um kit de material adaptado ao seu ano de escolaridade. Os alunos do 1.\u00ba ano tiveram ainda direito a uma mochila, enquanto os dos restantes anos receberam um saco reutiliz\u00e1vel.<\/p>\n\n\n\n<p>A AmbiOlh\u00e3o volta a associar-se \u00e0 iniciativa, oferecendo mochilas e sacos com mensagens de sensibiliza\u00e7\u00e3o ambiental, contribuindo tamb\u00e9m para reduzir os encargos das fam\u00edlias.<\/p>\n\n\n\n<p>O apoio estende-se ainda aos jardins de inf\u00e2ncia e a todas as salas do 1.\u00ba Ciclo, que recebem kits de materiais de desgaste para uso coletivo em atividades educativas.<\/p>\n\n\n\n<p>Com esta medida, o Munic\u00edpio de Olh\u00e3o refor\u00e7a a sua pol\u00edtica educativa de proximidade, centrada na redu\u00e7\u00e3o de desigualdades e na cria\u00e7\u00e3o de melhores condi\u00e7\u00f5es para o percurso escolar das crian\u00e7as do concelho.<strong><\/strong><\/p>\n","protected":false},"excerpt":{"rendered":"<p>Nesta sexta feira, dia em que muitas crian\u00e7as iniciam as aulas de mais um ano letivo, o vice-presidente do Munic\u00edpio<\/p>\n","protected":false},"author":1,"featured_media":54027,"comment_status":"closed","ping_status":"closed","sticky":false,"template":"","format":"standard","meta":{"colormag_page_container_layout":"default_layout","colormag_page_sidebar_layout":"default_layout","_monsterinsights_skip_tracking":false,"_monsterinsights_sitenote_active":false,"_monsterinsights_sitenote_note":"","_monsterinsights_sitenote_category":0,"jetpack_post_was_ever_published":false,"_jetpack_newsletter_access":"","_jetpack_dont_email_post_to_subs":false,"_jetpack_newsletter_tier_id":0,"_jetpack_memberships_contains_paywalled_content":false,"_jetpack_memberships_contains_paid_content":false,"footnotes":"","jetpack_publicize_message":"","jetpack_publicize_feature_enabled":true,"jetpack_social_post_already_shared":true,"jetpack_social_options":{"image_generator_settings":{"template":"highway","default_image_id":0,"font":"","enabled":false},"version":2}},"categories":[93],"tags":[36,74,37],"class_list":["post-54026","post","type-post","status-publish","format-standard","has-post-thumbnail","hentry","category-educacao","tag-algarve","tag-educacao","tag-olhao"],"yoast_head":"<!-- This site is optimized with the Yoast SEO plugin v27.4 - https:\/\/yoast.com\/product\/yoast-seo-wordpress\/ -->\n<title>Munic\u00edpio de Olh\u00e3o volta a apoiar alunos e fam\u00edlias no in\u00edcio do ano escolar - Algarve 7<\/title>\n<meta name=\"description\" content=\"Munic\u00edpio de Olh\u00e3o volta a apoiar alunos e fam\u00edlias no in\u00edcio do ano escolar Educa\u00e7\u00e3o\" \/>\n<meta name=\"robots\" content=\"index, follow, max-snippet:-1, max-image-preview:large, max-video-preview:-1\" \/>\n<link rel=\"canonical\" href=\"https:\/\/algarve7.pt\/index.php\/2025\/09\/municipio-de-olhao-volta-a-apoiar-alunos-e-familias-no-inicio-do-ano-escolar\/educacao\/19\/13\/\" \/>\n<meta property=\"og:locale\" content=\"pt_PT\" \/>\n<meta property=\"og:type\" content=\"article\" \/>\n<meta property=\"og:title\" content=\"Munic\u00edpio de Olh\u00e3o volta a apoiar alunos e fam\u00edlias no in\u00edcio do ano escolar - Algarve 7\" \/>\n<meta property=\"og:description\" content=\"Munic\u00edpio de Olh\u00e3o volta a apoiar alunos e fam\u00edlias no in\u00edcio do ano escolar Educa\u00e7\u00e3o\" \/>\n<meta property=\"og:url\" content=\"https:\/\/algarve7.pt\/index.php\/2025\/09\/municipio-de-olhao-volta-a-apoiar-alunos-e-familias-no-inicio-do-ano-escolar\/educacao\/19\/13\/\" \/>\n<meta property=\"og:site_name\" content=\"Algarve 7\" \/>\n<meta property=\"article:publisher\" content=\"https:\/\/www.facebook.com\/algarve7\" \/>\n<meta property=\"article:author\" content=\"https:\/\/www.facebook.com\/algarve7\" \/>\n<meta property=\"article:published_time\" content=\"2025-09-12T18:13:43+00:00\" \/>\n<meta property=\"article:modified_time\" content=\"2025-09-12T18:13:46+00:00\" \/>\n<meta property=\"og:image\" content=\"https:\/\/algarve7.pt\/wp-content\/uploads\/2025\/09\/2025-09-12-Entrega-Manuais-Escolares-06.jpg\" \/>\n\t<meta property=\"og:image:width\" content=\"800\" \/>\n\t<meta property=\"og:image:height\" content=\"500\" \/>\n\t<meta property=\"og:image:type\" content=\"image\/jpeg\" \/>\n<meta name=\"author\" content=\"Algarve 7\" \/>\n<meta name=\"twitter:card\" content=\"summary_large_image\" \/>\n<meta name=\"twitter:creator\" content=\"@Algarvesete\" \/>\n<meta name=\"twitter:site\" content=\"@Algarvesete\" \/>\n<meta name=\"twitter:label1\" content=\"Escrito por\" \/>\n\t<meta name=\"twitter:data1\" content=\"Algarve 7\" \/>\n\t<meta name=\"twitter:label2\" content=\"Tempo estimado de leitura\" \/>\n\t<meta name=\"twitter:data2\" content=\"2 minutos\" \/>\n<script type=\"application\/ld+json\" class=\"yoast-schema-graph\">{\"@context\":\"https:\\\/\\\/schema.org\",\"@graph\":[{\"@type\":\"Article\",\"@id\":\"https:\\\/\\\/algarve7.pt\\\/index.php\\\/2025\\\/09\\\/municipio-de-olhao-volta-a-apoiar-alunos-e-familias-no-inicio-do-ano-escolar\\\/educacao\\\/19\\\/13\\\/#article\",\"isPartOf\":{\"@id\":\"https:\\\/\\\/algarve7.pt\\\/index.php\\\/2025\\\/09\\\/municipio-de-olhao-volta-a-apoiar-alunos-e-familias-no-inicio-do-ano-escolar\\\/educacao\\\/19\\\/13\\\/\"},\"author\":{\"name\":\"Algarve 7\",\"@id\":\"https:\\\/\\\/algarve7.pt\\\/#\\\/schema\\\/person\\\/23fa70681308e7b319a3204bcea45e0c\"},\"headline\":\"Munic\u00edpio de Olh\u00e3o volta a apoiar alunos e fam\u00edlias no in\u00edcio do ano escolar\",\"datePublished\":\"2025-09-12T18:13:43+00:00\",\"dateModified\":\"2025-09-12T18:13:46+00:00\",\"mainEntityOfPage\":{\"@id\":\"https:\\\/\\\/algarve7.pt\\\/index.php\\\/2025\\\/09\\\/municipio-de-olhao-volta-a-apoiar-alunos-e-familias-no-inicio-do-ano-escolar\\\/educacao\\\/19\\\/13\\\/\"},\"wordCount\":320,\"publisher\":{\"@id\":\"https:\\\/\\\/algarve7.pt\\\/#organization\"},\"image\":{\"@id\":\"https:\\\/\\\/algarve7.pt\\\/index.php\\\/2025\\\/09\\\/municipio-de-olhao-volta-a-apoiar-alunos-e-familias-no-inicio-do-ano-escolar\\\/educacao\\\/19\\\/13\\\/#primaryimage\"},\"thumbnailUrl\":\"https:\\\/\\\/algarve7.pt\\\/wp-content\\\/uploads\\\/2025\\\/09\\\/2025-09-12-Entrega-Manuais-Escolares-06.jpg\",\"keywords\":[\"Algarve\",\"Educa\u00e7\u00e3o\",\"Olh\u00e3o\"],\"articleSection\":[\"Educa\u00e7\u00e3o\"],\"inLanguage\":\"pt-PT\"},{\"@type\":\"WebPage\",\"@id\":\"https:\\\/\\\/algarve7.pt\\\/index.php\\\/2025\\\/09\\\/municipio-de-olhao-volta-a-apoiar-alunos-e-familias-no-inicio-do-ano-escolar\\\/educacao\\\/19\\\/13\\\/\",\"url\":\"https:\\\/\\\/algarve7.pt\\\/index.php\\\/2025\\\/09\\\/municipio-de-olhao-volta-a-apoiar-alunos-e-familias-no-inicio-do-ano-escolar\\\/educacao\\\/19\\\/13\\\/\",\"name\":\"Munic\u00edpio de Olh\u00e3o volta a apoiar alunos e fam\u00edlias no in\u00edcio do ano escolar - Algarve 7\",\"isPartOf\":{\"@id\":\"https:\\\/\\\/algarve7.pt\\\/#website\"},\"primaryImageOfPage\":{\"@id\":\"https:\\\/\\\/algarve7.pt\\\/index.php\\\/2025\\\/09\\\/municipio-de-olhao-volta-a-apoiar-alunos-e-familias-no-inicio-do-ano-escolar\\\/educacao\\\/19\\\/13\\\/#primaryimage\"},\"image\":{\"@id\":\"https:\\\/\\\/algarve7.pt\\\/index.php\\\/2025\\\/09\\\/municipio-de-olhao-volta-a-apoiar-alunos-e-familias-no-inicio-do-ano-escolar\\\/educacao\\\/19\\\/13\\\/#primaryimage\"},\"thumbnailUrl\":\"https:\\\/\\\/algarve7.pt\\\/wp-content\\\/uploads\\\/2025\\\/09\\\/2025-09-12-Entrega-Manuais-Escolares-06.jpg\",\"datePublished\":\"2025-09-12T18:13:43+00:00\",\"dateModified\":\"2025-09-12T18:13:46+00:00\",\"description\":\"Munic\u00edpio de Olh\u00e3o volta a apoiar alunos e fam\u00edlias no in\u00edcio do ano escolar Educa\u00e7\u00e3o\",\"breadcrumb\":{\"@id\":\"https:\\\/\\\/algarve7.pt\\\/index.php\\\/2025\\\/09\\\/municipio-de-olhao-volta-a-apoiar-alunos-e-familias-no-inicio-do-ano-escolar\\\/educacao\\\/19\\\/13\\\/#breadcrumb\"},\"inLanguage\":\"pt-PT\",\"potentialAction\":[{\"@type\":\"ReadAction\",\"target\":[\"https:\\\/\\\/algarve7.pt\\\/index.php\\\/2025\\\/09\\\/municipio-de-olhao-volta-a-apoiar-alunos-e-familias-no-inicio-do-ano-escolar\\\/educacao\\\/19\\\/13\\\/\"]}]},{\"@type\":\"ImageObject\",\"inLanguage\":\"pt-PT\",\"@id\":\"https:\\\/\\\/algarve7.pt\\\/index.php\\\/2025\\\/09\\\/municipio-de-olhao-volta-a-apoiar-alunos-e-familias-no-inicio-do-ano-escolar\\\/educacao\\\/19\\\/13\\\/#primaryimage\",\"url\":\"https:\\\/\\\/algarve7.pt\\\/wp-content\\\/uploads\\\/2025\\\/09\\\/2025-09-12-Entrega-Manuais-Escolares-06.jpg\",\"contentUrl\":\"https:\\\/\\\/algarve7.pt\\\/wp-content\\\/uploads\\\/2025\\\/09\\\/2025-09-12-Entrega-Manuais-Escolares-06.jpg\",\"width\":800,\"height\":500},{\"@type\":\"BreadcrumbList\",\"@id\":\"https:\\\/\\\/algarve7.pt\\\/index.php\\\/2025\\\/09\\\/municipio-de-olhao-volta-a-apoiar-alunos-e-familias-no-inicio-do-ano-escolar\\\/educacao\\\/19\\\/13\\\/#breadcrumb\",\"itemListElement\":[{\"@type\":\"ListItem\",\"position\":1,\"name\":\"In\u00edcio\",\"item\":\"https:\\\/\\\/algarve7.pt\\\/\"},{\"@type\":\"ListItem\",\"position\":2,\"name\":\"Munic\u00edpio de Olh\u00e3o volta a apoiar alunos e fam\u00edlias no in\u00edcio do ano escolar\"}]},{\"@type\":\"WebSite\",\"@id\":\"https:\\\/\\\/algarve7.pt\\\/#website\",\"url\":\"https:\\\/\\\/algarve7.pt\\\/\",\"name\":\"Algarve 7\",\"description\":\"Informa\u00e7\u00e3o sobre o Algarve\",\"publisher\":{\"@id\":\"https:\\\/\\\/algarve7.pt\\\/#organization\"},\"potentialAction\":[{\"@type\":\"SearchAction\",\"target\":{\"@type\":\"EntryPoint\",\"urlTemplate\":\"https:\\\/\\\/algarve7.pt\\\/?s={search_term_string}\"},\"query-input\":{\"@type\":\"PropertyValueSpecification\",\"valueRequired\":true,\"valueName\":\"search_term_string\"}}],\"inLanguage\":\"pt-PT\"},{\"@type\":\"Organization\",\"@id\":\"https:\\\/\\\/algarve7.pt\\\/#organization\",\"name\":\"Algarve 7\",\"url\":\"https:\\\/\\\/algarve7.pt\\\/\",\"logo\":{\"@type\":\"ImageObject\",\"inLanguage\":\"pt-PT\",\"@id\":\"https:\\\/\\\/algarve7.pt\\\/#\\\/schema\\\/logo\\\/image\\\/\",\"url\":\"https:\\\/\\\/algarve7.pt\\\/wp-content\\\/uploads\\\/2020\\\/10\\\/Logo-8.jpg\",\"contentUrl\":\"https:\\\/\\\/algarve7.pt\\\/wp-content\\\/uploads\\\/2020\\\/10\\\/Logo-8.jpg\",\"width\":1680,\"height\":1186,\"caption\":\"Algarve 7\"},\"image\":{\"@id\":\"https:\\\/\\\/algarve7.pt\\\/#\\\/schema\\\/logo\\\/image\\\/\"},\"sameAs\":[\"https:\\\/\\\/www.facebook.com\\\/algarve7\",\"https:\\\/\\\/x.com\\\/Algarvesete\",\"https:\\\/\\\/www.instagram.com\\\/jornalalgarve7\\\/\",\"https:\\\/\\\/www.linkedin.com\\\/company\\\/algarve7\",\"https:\\\/\\\/www.pinterest.pt\\\/geral0939\\\/_created\\\/\"]},{\"@type\":\"Person\",\"@id\":\"https:\\\/\\\/algarve7.pt\\\/#\\\/schema\\\/person\\\/23fa70681308e7b319a3204bcea45e0c\",\"name\":\"Algarve 7\",\"sameAs\":[\"https:\\\/\\\/algarve7.pt\",\"https:\\\/\\\/www.facebook.com\\\/algarve7\"],\"url\":\"https:\\\/\\\/algarve7.pt\\\/index.php\\\/author\\\/geralalgarve7-pt\\\/\"}]}<\/script>\n<!-- \/ Yoast SEO plugin. -->","yoast_head_json":{"title":"Munic\u00edpio de Olh\u00e3o volta a apoiar alunos e fam\u00edlias no in\u00edcio do ano escolar - Algarve 7","description":"Munic\u00edpio de Olh\u00e3o volta a apoiar alunos e fam\u00edlias no in\u00edcio do ano escolar Educa\u00e7\u00e3o","robots":{"index":"index","follow":"follow","max-snippet":"max-snippet:-1","max-image-preview":"max-image-preview:large","max-video-preview":"max-video-preview:-1"},"canonical":"https:\/\/algarve7.pt\/index.php\/2025\/09\/municipio-de-olhao-volta-a-apoiar-alunos-e-familias-no-inicio-do-ano-escolar\/educacao\/19\/13\/","og_locale":"pt_PT","og_type":"article","og_title":"Munic\u00edpio de Olh\u00e3o volta a apoiar alunos e fam\u00edlias no in\u00edcio do ano escolar - Algarve 7","og_description":"Munic\u00edpio de Olh\u00e3o volta a apoiar alunos e fam\u00edlias no in\u00edcio do ano escolar Educa\u00e7\u00e3o","og_url":"https:\/\/algarve7.pt\/index.php\/2025\/09\/municipio-de-olhao-volta-a-apoiar-alunos-e-familias-no-inicio-do-ano-escolar\/educacao\/19\/13\/","og_site_name":"Algarve 7","article_publisher":"https:\/\/www.facebook.com\/algarve7","article_author":"https:\/\/www.facebook.com\/algarve7","article_published_time":"2025-09-12T18:13:43+00:00","article_modified_time":"2025-09-12T18:13:46+00:00","og_image":[{"width":800,"height":500,"url":"https:\/\/algarve7.pt\/wp-content\/uploads\/2025\/09\/2025-09-12-Entrega-Manuais-Escolares-06.jpg","type":"image\/jpeg"}],"author":"Algarve 7","twitter_card":"summary_large_image","twitter_creator":"@Algarvesete","twitter_site":"@Algarvesete","twitter_misc":{"Escrito por":"Algarve 7","Tempo estimado de leitura":"2 minutos"},"schema":{"@context":"https:\/\/schema.org","@graph":[{"@type":"Article","@id":"https:\/\/algarve7.pt\/index.php\/2025\/09\/municipio-de-olhao-volta-a-apoiar-alunos-e-familias-no-inicio-do-ano-escolar\/educacao\/19\/13\/#article","isPartOf":{"@id":"https:\/\/algarve7.pt\/index.php\/2025\/09\/municipio-de-olhao-volta-a-apoiar-alunos-e-familias-no-inicio-do-ano-escolar\/educacao\/19\/13\/"},"author":{"name":"Algarve 7","@id":"https:\/\/algarve7.pt\/#\/schema\/person\/23fa70681308e7b319a3204bcea45e0c"},"headline":"Munic\u00edpio de Olh\u00e3o volta a apoiar alunos e fam\u00edlias no in\u00edcio do ano escolar","datePublished":"2025-09-12T18:13:43+00:00","dateModified":"2025-09-12T18:13:46+00:00","mainEntityOfPage":{"@id":"https:\/\/algarve7.pt\/index.php\/2025\/09\/municipio-de-olhao-volta-a-apoiar-alunos-e-familias-no-inicio-do-ano-escolar\/educacao\/19\/13\/"},"wordCount":320,"publisher":{"@id":"https:\/\/algarve7.pt\/#organization"},"image":{"@id":"https:\/\/algarve7.pt\/index.php\/2025\/09\/municipio-de-olhao-volta-a-apoiar-alunos-e-familias-no-inicio-do-ano-escolar\/educacao\/19\/13\/#primaryimage"},"thumbnailUrl":"https:\/\/algarve7.pt\/wp-content\/uploads\/2025\/09\/2025-09-12-Entrega-Manuais-Escolares-06.jpg","keywords":["Algarve","Educa\u00e7\u00e3o","Olh\u00e3o"],"articleSection":["Educa\u00e7\u00e3o"],"inLanguage":"pt-PT"},{"@type":"WebPage","@id":"https:\/\/algarve7.pt\/index.php\/2025\/09\/municipio-de-olhao-volta-a-apoiar-alunos-e-familias-no-inicio-do-ano-escolar\/educacao\/19\/13\/","url":"https:\/\/algarve7.pt\/index.php\/2025\/09\/municipio-de-olhao-volta-a-apoiar-alunos-e-familias-no-inicio-do-ano-escolar\/educacao\/19\/13\/","name":"Munic\u00edpio de Olh\u00e3o volta a apoiar alunos e fam\u00edlias no in\u00edcio do ano escolar - Algarve 7","isPartOf":{"@id":"https:\/\/algarve7.pt\/#website"},"primaryImageOfPage":{"@id":"https:\/\/algarve7.pt\/index.php\/2025\/09\/municipio-de-olhao-volta-a-apoiar-alunos-e-familias-no-inicio-do-ano-escolar\/educacao\/19\/13\/#primaryimage"},"image":{"@id":"https:\/\/algarve7.pt\/index.php\/2025\/09\/municipio-de-olhao-volta-a-apoiar-alunos-e-familias-no-inicio-do-ano-escolar\/educacao\/19\/13\/#primaryimage"},"thumbnailUrl":"https:\/\/algarve7.pt\/wp-content\/uploads\/2025\/09\/2025-09-12-Entrega-Manuais-Escolares-06.jpg","datePublished":"2025-09-12T18:13:43+00:00","dateModified":"2025-09-12T18:13:46+00:00","description":"Munic\u00edpio de Olh\u00e3o volta a apoiar alunos e fam\u00edlias no in\u00edcio do ano escolar Educa\u00e7\u00e3o","breadcrumb":{"@id":"https:\/\/algarve7.pt\/index.php\/2025\/09\/municipio-de-olhao-volta-a-apoiar-alunos-e-familias-no-inicio-do-ano-escolar\/educacao\/19\/13\/#breadcrumb"},"inLanguage":"pt-PT","potentialAction":[{"@type":"ReadAction","target":["https:\/\/algarve7.pt\/index.php\/2025\/09\/municipio-de-olhao-volta-a-apoiar-alunos-e-familias-no-inicio-do-ano-escolar\/educacao\/19\/13\/"]}]},{"@type":"ImageObject","inLanguage":"pt-PT","@id":"https:\/\/algarve7.pt\/index.php\/2025\/09\/municipio-de-olhao-volta-a-apoiar-alunos-e-familias-no-inicio-do-ano-escolar\/educacao\/19\/13\/#primaryimage","url":"https:\/\/algarve7.pt\/wp-content\/uploads\/2025\/09\/2025-09-12-Entrega-Manuais-Escolares-06.jpg","contentUrl":"https:\/\/algarve7.pt\/wp-content\/uploads\/2025\/09\/2025-09-12-Entrega-Manuais-Escolares-06.jpg","width":800,"height":500},{"@type":"BreadcrumbList","@id":"https:\/\/algarve7.pt\/index.php\/2025\/09\/municipio-de-olhao-volta-a-apoiar-alunos-e-familias-no-inicio-do-ano-escolar\/educacao\/19\/13\/#breadcrumb","itemListElement":[{"@type":"ListItem","position":1,"name":"In\u00edcio","item":"https:\/\/algarve7.pt\/"},{"@type":"ListItem","position":2,"name":"Munic\u00edpio de Olh\u00e3o volta a apoiar alunos e fam\u00edlias no in\u00edcio do ano escolar"}]},{"@type":"WebSite","@id":"https:\/\/algarve7.pt\/#website","url":"https:\/\/algarve7.pt\/","name":"Algarve 7","description":"Informa\u00e7\u00e3o sobre o Algarve","publisher":{"@id":"https:\/\/algarve7.pt\/#organization"},"potentialAction":[{"@type":"SearchAction","target":{"@type":"EntryPoint","urlTemplate":"https:\/\/algarve7.pt\/?s={search_term_string}"},"query-input":{"@type":"PropertyValueSpecification","valueRequired":true,"valueName":"search_term_string"}}],"inLanguage":"pt-PT"},{"@type":"Organization","@id":"https:\/\/algarve7.pt\/#organization","name":"Algarve 7","url":"https:\/\/algarve7.pt\/","logo":{"@type":"ImageObject","inLanguage":"pt-PT","@id":"https:\/\/algarve7.pt\/#\/schema\/logo\/image\/","url":"https:\/\/algarve7.pt\/wp-content\/uploads\/2020\/10\/Logo-8.jpg","contentUrl":"https:\/\/algarve7.pt\/wp-content\/uploads\/2020\/10\/Logo-8.jpg","width":1680,"height":1186,"caption":"Algarve 7"},"image":{"@id":"https:\/\/algarve7.pt\/#\/schema\/logo\/image\/"},"sameAs":["https:\/\/www.facebook.com\/algarve7","https:\/\/x.com\/Algarvesete","https:\/\/www.instagram.com\/jornalalgarve7\/","https:\/\/www.linkedin.com\/company\/algarve7","https:\/\/www.pinterest.pt\/geral0939\/_created\/"]},{"@type":"Person","@id":"https:\/\/algarve7.pt\/#\/schema\/person\/23fa70681308e7b319a3204bcea45e0c","name":"Algarve 7","sameAs":["https:\/\/algarve7.pt","https:\/\/www.facebook.com\/algarve7"],"url":"https:\/\/algarve7.pt\/index.php\/author\/geralalgarve7-pt\/"}]}},"jetpack_publicize_connections":[],"jetpack_featured_media_url":"https:\/\/algarve7.pt\/wp-content\/uploads\/2025\/09\/2025-09-12-Entrega-Manuais-Escolares-06.jpg","jetpack_shortlink":"https:\/\/wp.me\/pcezmW-e3o","jetpack_sharing_enabled":true,"_links":{"self":[{"href":"https:\/\/algarve7.pt\/index.php\/wp-json\/wp\/v2\/posts\/54026","targetHints":{"allow":["GET"]}}],"collection":[{"href":"https:\/\/algarve7.pt\/index.php\/wp-json\/wp\/v2\/posts"}],"about":[{"href":"https:\/\/algarve7.pt\/index.php\/wp-json\/wp\/v2\/types\/post"}],"author":[{"embeddable":true,"href":"https:\/\/algarve7.pt\/index.php\/wp-json\/wp\/v2\/users\/1"}],"replies":[{"embeddable":true,"href":"https:\/\/algarve7.pt\/index.php\/wp-json\/wp\/v2\/comments?post=54026"}],"version-history":[{"count":0,"href":"https:\/\/algarve7.pt\/index.php\/wp-json\/wp\/v2\/posts\/54026\/revisions"}],"wp:featuredmedia":[{"embeddable":true,"href":"https:\/\/algarve7.pt\/index.php\/wp-json\/wp\/v2\/media\/54027"}],"wp:attachment":[{"href":"https:\/\/algarve7.pt\/index.php\/wp-json\/wp\/v2\/media?parent=54026"}],"wp:term":[{"taxonomy":"category","embeddable":true,"href":"https:\/\/algarve7.pt\/index.php\/wp-json\/wp\/v2\/categories?post=54026"},{"taxonomy":"post_tag","embeddable":true,"href":"https:\/\/algarve7.pt\/index.php\/wp-json\/wp\/v2\/tags?post=54026"}],"curies":[{"name":"wp","href":"https:\/\/api.w.org\/{rel}","templated":true}]}}