{"id":53982,"date":"2025-09-12T07:52:00","date_gmt":"2025-09-12T06:52:00","guid":{"rendered":"https:\/\/algarve7.pt\/?p=53982"},"modified":"2025-09-11T08:54:44","modified_gmt":"2025-09-11T07:54:44","slug":"gnr-da-inicio-a-campanha-escola-segura-2025-2026","status":"publish","type":"post","link":"https:\/\/algarve7.pt\/index.php\/2025\/09\/gnr-da-inicio-a-campanha-escola-segura-2025-2026\/nacional\/07\/52\/","title":{"rendered":"GNR d\u00e1 in\u00edcio \u00e0\u00a0Campanha \u201cEscola Segura\u201d 2025\/2026"},"content":{"rendered":"\n<p>A Guarda Nacional Republicana (GNR), para assinalar o regresso \u00e0s aulas,&nbsp;inicia hoje, dia 11 de setembro, um conjunto de a\u00e7\u00f5es&nbsp;de sensibiliza\u00e7\u00e3o dirigidas aos alunos, professores e encarregados de educa\u00e7\u00e3o, abrangendo mais de 4 600 estabelecimentos escolares e mais de 678 000 alunos na sua \u00e1rea de responsabilidade, por todo o territ\u00f3rio continental.<\/p>\n\n\n\n<p>Estas a\u00e7\u00f5es t\u00eam como objetivo sensibilizar&nbsp;para a necessidade de ado\u00e7\u00e3o de comportamentos de autoprote\u00e7\u00e3o, ao n\u00edvel da seguran\u00e7a em geral, de comportamentos inclusivos no seio da comunidade e prevenindo comportamentos desviantes da ordena\u00e7\u00e3o social.<\/p>\n\n\n\n<p>O&nbsp;<strong>Programa Escola Segura (PES)<\/strong>, que celebra este ano&nbsp;<strong>33 anos de exist\u00eancia<\/strong>, constitui uma pe\u00e7a fundamental na garantia da seguran\u00e7a no meio escolar e envolvente, atrav\u00e9s da preven\u00e7\u00e3o de comportamentos de risco e da redu\u00e7\u00e3o de atos geradores de inseguran\u00e7a. Durante esta campanha, a GNR dar\u00e1 a conhecer os militares respons\u00e1veis pelo programa em cada escola, com a distribui\u00e7\u00e3o dos respetivos contactos, refor\u00e7ando a proximidade e consciencializando os diversos intervenientes da comunidade escolar para a import\u00e2ncia da seguran\u00e7a das crian\u00e7as e jovens e para os desafios do regresso \u00e0s aulas.<\/p>\n\n\n\n<p>No \u00e2mbito deste programa, a Guarda registou no \u00faltimo ano letivo os seguintes dados:<\/p>\n\n\n\n<ul class=\"wp-block-list\">\n<li><strong>873 328\u00a0<\/strong>utentes da comunidade escolar abrangidos (alunos, professores, auxiliares de educa\u00e7\u00e3o e encarregados de educa\u00e7\u00e3o);<\/li>\n\n\n\n<li><strong>16 318 a\u00e7\u00f5es de sensibiliza\u00e7\u00e3o<\/strong>\u00a0realizadas;<\/li>\n\n\n\n<li><strong>73<\/strong>\u00a0armas apreendidas em ambiente escolar, destacando-se 53 armas brancas, 6 armas de fogo e 5 de ar comprimido;<\/li>\n\n\n\n<li><strong>2\u00a0354<\/strong>\u00a0crimes registados em ambiente escolar, destacando-se a ofensa \u00e0 integridade f\u00edsica volunt\u00e1ria simples (890), a amea\u00e7a e coa\u00e7\u00e3o (374) e o furto (183);<\/li>\n\n\n\n<li><strong>1\u00a0198<\/strong>\u00a0ocorr\u00eancias de natureza n\u00e3o criminal, incluindo colabora\u00e7\u00f5es com as CPCJ (338), os relat\u00f3rios de servi\u00e7o (234) e as situa\u00e7\u00f5es de abandono escolar (234).<\/li>\n<\/ul>\n\n\n\n<p>As&nbsp;<strong>Sec\u00e7\u00f5es de Preven\u00e7\u00e3o Criminal e Policiamento Comunit\u00e1rio (SPC)<\/strong>, que integram&nbsp;<strong>mais de<\/strong>&nbsp;<strong>400 militares&nbsp;<\/strong><strong>por todo o territ\u00f3rio continental<\/strong>, ir\u00e3o dinamizar a\u00e7\u00f5es de sensibiliza\u00e7\u00e3o exclusivas no \u00e2mbito da seguran\u00e7a na rua, em casa e da seguran\u00e7a rodovi\u00e1ria.<\/p>\n\n\n\n<p>As escolas s\u00e3o espa\u00e7os privilegiados de liberdade, conv\u00edvio e seguran\u00e7a, onde se reproduzem os valores fundamentais de uma sociedade democr\u00e1tica. \u00c9, por isso, essencial mobilizar toda a comunidade escolar para este prop\u00f3sito. Neste contexto, a GNR alerta para os perigos do&nbsp;<strong><em>bullying<\/em><\/strong>&nbsp;e do&nbsp;<strong><em>cyberbullying<\/em><\/strong>, fen\u00f3menos que podem causar grande sofrimento emocional e, em casos mais graves, impactar negativamente a sa\u00fade mental e f\u00edsica das crian\u00e7as e jovens. \u00c9 fundamental que a comunidade escolar esteja atenta aos sinais mais comuns destas pr\u00e1ticas, sabendo reagir e prevenir este tipo de crime. Todos t\u00eam um papel ativo na promo\u00e7\u00e3o de um ambiente escolar seguro, saud\u00e1vel e inclusivo, onde a empatia e o respeito pelo pr\u00f3ximo devem prevalecer.<\/p>\n\n\n\n<p>Com o aumento expect\u00e1vel do fluxo de tr\u00e2nsito no regresso \u00e0s aulas, tamb\u00e9m ser\u00e1 dada especial \u00eanfase \u00e0 seguran\u00e7a no transporte dos alunos, alertando os condutores para a<strong>obrigatoriedade da utiliza\u00e7\u00e3o de cintos de seguran\u00e7a<\/strong>&nbsp;e dos&nbsp;<strong>sistemas de reten\u00e7\u00e3o para crian\u00e7as<\/strong>.<\/p>\n\n\n\n<p>Neste sentido, a GNR partilha um conjunto de&nbsp;<strong>conselhos de seguran\u00e7a<\/strong>, em diversas \u00e1reas, que visam refor\u00e7ar a prote\u00e7\u00e3o da comunidade escolar, nomeadamente:<\/p>\n\n\n\n<ul class=\"wp-block-list\">\n<li><strong>Aos jovens estudantes:<\/strong>\n<ul class=\"wp-block-list\">\n<li>Utiliza sempre o\u00a0<strong>cinto de seguran\u00e7a<\/strong>;<\/li>\n\n\n\n<li>Aguarda pelos teus pais, familiares ou amigos\u00a0<strong>dentro da escola<\/strong>;<\/li>\n\n\n\n<li>Se te deslocares a p\u00e9,\u00a0<strong>anda acompanhado ou em grupo<\/strong>, evitando locais isolados ou com pouca ilumina\u00e7\u00e3o;<\/li>\n\n\n\n<li>Mant\u00e9m-te\u00a0<strong>contact\u00e1vel durante o percurso<\/strong>\u00a0de ida e regresso da escola;<\/li>\n\n\n\n<li><strong>Utiliza as passadeiras<\/strong>\u00a0para atravessar a estrada;<\/li>\n\n\n\n<li>Quando em grupo, faz uso de\u00a0<strong>coletes refletores<\/strong>;<\/li>\n\n\n\n<li>Memoriza no telem\u00f3vel o\u00a0<strong>n\u00famero do Posto da GNR local<\/strong>, guardando-o numa tecla de marca\u00e7\u00e3o r\u00e1pida.<\/li>\n<\/ul>\n<\/li>\n<\/ul>\n\n\n\n<ul class=\"wp-block-list\">\n<li><strong>Em casos de\u00a0<em>bullying\u00a0<\/em>e<em>\u00a0cyberbullying<\/em>:<\/strong>\n<ul class=\"wp-block-list\">\n<li>N\u00e3o sejas c\u00famplice, denuncia! Se presenciares ou souberes de atos de\u00a0<em>bullying<\/em>, informa um adulto;<\/li>\n\n\n\n<li>Educa os que est\u00e3o ao teu redor, promove o respeito e a inclus\u00e3o entre os teus colegas.<\/li>\n\n\n\n<li>No\u00a0<em>cyberbullying<\/em>, deves guardar as provas e manter os registos das mensagens ou dos conte\u00fados ofensivos;<\/li>\n\n\n\n<li>Se fores a v\u00edtima, pede ajuda! Fala sempre com os teus pais, professores ou outro adulto de confian\u00e7a e nunca interajas nem respondas diretamente a quem te est\u00e1 a magoar;<\/li>\n\n\n\n<li>Se vires algu\u00e9m a ser v\u00edtima, n\u00e3o partilhes, d\u00e1 apoio, incentivando-o a pedir ajuda ou denuncia partilhando com um adulto.<\/li>\n<\/ul>\n<\/li>\n<\/ul>\n\n\n\n<ul class=\"wp-block-list\">\n<li><strong>Para os encarregados de educa\u00e7\u00e3o:<\/strong>\n<ul class=\"wp-block-list\">\n<li>Mantenha-se envolvido na rotina escolar e digital das crian\u00e7as, estando particularmente atento ind\u00edcios de\u00a0<em>bullying<\/em>\u00a0ou\u00a0<em>cyberbullying,<\/em>\u00a0quer seja enquanto agressores como tamb\u00e9m de v\u00edtimas;<\/li>\n\n\n\n<li>Em caso de suspeita de situa\u00e7\u00f5es de\u00a0<em>bullying<\/em>\u00a0ou\u00a0<em>cyberbullying<\/em>, amea\u00e7as ou outros comportamentos de risco, informe de imediato a GNR, devendo ser guardadas todas as provas;<\/li>\n<\/ul>\n<\/li>\n<\/ul>\n\n\n\n<ul class=\"wp-block-list\">\n<li><strong>Seguran\u00e7a Online:<\/strong>\n<ul class=\"wp-block-list\">\n<li>Protege as tuas palavras passe e n\u00e3o as partilhes com ningu\u00e9m;<\/li>\n\n\n\n<li>Escolhe cuidadosamente o que compartilhas nas redes sociais, usando discri\u00e7\u00e3o ao publicar imagens, v\u00eddeos e conte\u00fados online;<\/li>\n\n\n\n<li>Cuidado ao aceitar pedidos de amizade, comunicar, participar em conversas de v\u00eddeo ou enviar mensagens a pessoas que n\u00e3o conheces.<\/li>\n<\/ul>\n<\/li>\n<\/ul>\n\n\n\n<ul class=\"wp-block-list\">\n<li><strong>Viol\u00eancia no namoro:<\/strong>\n<ul class=\"wp-block-list\">\n<li>Dever\u00e1s reconhecer sinais de alerta, como o controlo excessivo, ci\u00fames doentios, insultos ou humilha\u00e7\u00f5es, assim como o ato de proibir de conviver com os amigos e colegas;<\/li>\n\n\n\n<li>Se sentires que est\u00e1s em perigo, procura imediatamente algu\u00e9m ou um s\u00edtio mais seguro. Podes tamb\u00e9m ligar para o 112;<\/li>\n\n\n\n<li>Sempre que te aconte\u00e7a algo do g\u00e9nero, fala de imediato com os teus pais, encarregados de educa\u00e7\u00e3o ou com os teus professores;<\/li>\n<\/ul>\n<\/li>\n<\/ul>\n","protected":false},"excerpt":{"rendered":"<p>A Guarda Nacional Republicana (GNR), para assinalar o regresso \u00e0s aulas,&nbsp;inicia hoje, dia 11 de setembro, um conjunto de a\u00e7\u00f5es&nbsp;de<\/p>\n","protected":false},"author":1,"featured_media":53983,"comment_status":"closed","ping_status":"closed","sticky":false,"template":"","format":"standard","meta":{"colormag_page_container_layout":"default_layout","colormag_page_sidebar_layout":"default_layout","_monsterinsights_skip_tracking":false,"_monsterinsights_sitenote_active":false,"_monsterinsights_sitenote_note":"","_monsterinsights_sitenote_category":0,"jetpack_post_was_ever_published":false,"_jetpack_newsletter_access":"","_jetpack_dont_email_post_to_subs":false,"_jetpack_newsletter_tier_id":0,"_jetpack_memberships_contains_paywalled_content":false,"_jetpack_memberships_contains_paid_content":false,"footnotes":"","jetpack_publicize_message":"","jetpack_publicize_feature_enabled":true,"jetpack_social_post_already_shared":true,"jetpack_social_options":{"image_generator_settings":{"template":"highway","default_image_id":0,"font":"","enabled":false},"version":2}},"categories":[189],"tags":[140,98],"class_list":["post-53982","post","type-post","status-publish","format-standard","has-post-thumbnail","hentry","category-nacional","tag-gnr","tag-nacional"],"yoast_head":"<!-- This site is optimized with the Yoast SEO plugin v27.5 - https:\/\/yoast.com\/product\/yoast-seo-wordpress\/ -->\n<title>GNR d\u00e1 in\u00edcio \u00e0\u00a0Campanha \u201cEscola Segura\u201d 2025\/2026 - Algarve 7<\/title>\n<meta name=\"description\" content=\"GNR d\u00e1 in\u00edcio \u00e0\u00a0Campanha \u201cEscola Segura\u201d 2025\/2026 Nacional\" \/>\n<meta name=\"robots\" content=\"index, follow, max-snippet:-1, max-image-preview:large, max-video-preview:-1\" \/>\n<link rel=\"canonical\" href=\"https:\/\/algarve7.pt\/index.php\/2025\/09\/gnr-da-inicio-a-campanha-escola-segura-2025-2026\/nacional\/07\/52\/\" \/>\n<meta property=\"og:locale\" content=\"pt_PT\" \/>\n<meta property=\"og:type\" content=\"article\" \/>\n<meta property=\"og:title\" content=\"GNR d\u00e1 in\u00edcio \u00e0\u00a0Campanha \u201cEscola Segura\u201d 2025\/2026 - Algarve 7\" \/>\n<meta property=\"og:description\" content=\"GNR d\u00e1 in\u00edcio \u00e0\u00a0Campanha \u201cEscola Segura\u201d 2025\/2026 Nacional\" \/>\n<meta property=\"og:url\" content=\"https:\/\/algarve7.pt\/index.php\/2025\/09\/gnr-da-inicio-a-campanha-escola-segura-2025-2026\/nacional\/07\/52\/\" \/>\n<meta property=\"og:site_name\" content=\"Algarve 7\" \/>\n<meta property=\"article:publisher\" content=\"https:\/\/www.facebook.com\/algarve7\" \/>\n<meta property=\"article:author\" content=\"https:\/\/www.facebook.com\/algarve7\" \/>\n<meta property=\"article:published_time\" content=\"2025-09-12T06:52:00+00:00\" \/>\n<meta property=\"og:image\" content=\"https:\/\/algarve7.pt\/wp-content\/uploads\/2025\/09\/Captura-de-ecra-2025-09-11-as-08.48.45.png\" \/>\n\t<meta property=\"og:image:width\" content=\"800\" \/>\n\t<meta property=\"og:image:height\" content=\"500\" \/>\n\t<meta property=\"og:image:type\" content=\"image\/png\" \/>\n<meta name=\"author\" content=\"Algarve 7\" \/>\n<meta name=\"twitter:card\" content=\"summary_large_image\" \/>\n<meta name=\"twitter:creator\" content=\"@Algarvesete\" \/>\n<meta name=\"twitter:site\" content=\"@Algarvesete\" \/>\n<meta name=\"twitter:label1\" content=\"Escrito por\" \/>\n\t<meta name=\"twitter:data1\" content=\"Algarve 7\" \/>\n\t<meta name=\"twitter:label2\" content=\"Tempo estimado de leitura\" \/>\n\t<meta name=\"twitter:data2\" content=\"5 minutos\" \/>\n<script type=\"application\/ld+json\" class=\"yoast-schema-graph\">{\"@context\":\"https:\\\/\\\/schema.org\",\"@graph\":[{\"@type\":\"Article\",\"@id\":\"https:\\\/\\\/algarve7.pt\\\/index.php\\\/2025\\\/09\\\/gnr-da-inicio-a-campanha-escola-segura-2025-2026\\\/nacional\\\/07\\\/52\\\/#article\",\"isPartOf\":{\"@id\":\"https:\\\/\\\/algarve7.pt\\\/index.php\\\/2025\\\/09\\\/gnr-da-inicio-a-campanha-escola-segura-2025-2026\\\/nacional\\\/07\\\/52\\\/\"},\"author\":{\"name\":\"Algarve 7\",\"@id\":\"https:\\\/\\\/algarve7.pt\\\/#\\\/schema\\\/person\\\/23fa70681308e7b319a3204bcea45e0c\"},\"headline\":\"GNR d\u00e1 in\u00edcio \u00e0\u00a0Campanha \u201cEscola Segura\u201d 2025\\\/2026\",\"datePublished\":\"2025-09-12T06:52:00+00:00\",\"mainEntityOfPage\":{\"@id\":\"https:\\\/\\\/algarve7.pt\\\/index.php\\\/2025\\\/09\\\/gnr-da-inicio-a-campanha-escola-segura-2025-2026\\\/nacional\\\/07\\\/52\\\/\"},\"wordCount\":973,\"publisher\":{\"@id\":\"https:\\\/\\\/algarve7.pt\\\/#organization\"},\"image\":{\"@id\":\"https:\\\/\\\/algarve7.pt\\\/index.php\\\/2025\\\/09\\\/gnr-da-inicio-a-campanha-escola-segura-2025-2026\\\/nacional\\\/07\\\/52\\\/#primaryimage\"},\"thumbnailUrl\":\"https:\\\/\\\/algarve7.pt\\\/wp-content\\\/uploads\\\/2025\\\/09\\\/Captura-de-ecra-2025-09-11-as-08.48.45.png\",\"keywords\":[\"GNR\",\"Nacional\"],\"articleSection\":[\"Nacional\"],\"inLanguage\":\"pt-PT\"},{\"@type\":\"WebPage\",\"@id\":\"https:\\\/\\\/algarve7.pt\\\/index.php\\\/2025\\\/09\\\/gnr-da-inicio-a-campanha-escola-segura-2025-2026\\\/nacional\\\/07\\\/52\\\/\",\"url\":\"https:\\\/\\\/algarve7.pt\\\/index.php\\\/2025\\\/09\\\/gnr-da-inicio-a-campanha-escola-segura-2025-2026\\\/nacional\\\/07\\\/52\\\/\",\"name\":\"GNR d\u00e1 in\u00edcio \u00e0\u00a0Campanha \u201cEscola Segura\u201d 2025\\\/2026 - Algarve 7\",\"isPartOf\":{\"@id\":\"https:\\\/\\\/algarve7.pt\\\/#website\"},\"primaryImageOfPage\":{\"@id\":\"https:\\\/\\\/algarve7.pt\\\/index.php\\\/2025\\\/09\\\/gnr-da-inicio-a-campanha-escola-segura-2025-2026\\\/nacional\\\/07\\\/52\\\/#primaryimage\"},\"image\":{\"@id\":\"https:\\\/\\\/algarve7.pt\\\/index.php\\\/2025\\\/09\\\/gnr-da-inicio-a-campanha-escola-segura-2025-2026\\\/nacional\\\/07\\\/52\\\/#primaryimage\"},\"thumbnailUrl\":\"https:\\\/\\\/algarve7.pt\\\/wp-content\\\/uploads\\\/2025\\\/09\\\/Captura-de-ecra-2025-09-11-as-08.48.45.png\",\"datePublished\":\"2025-09-12T06:52:00+00:00\",\"description\":\"GNR d\u00e1 in\u00edcio \u00e0\u00a0Campanha \u201cEscola Segura\u201d 2025\\\/2026 Nacional\",\"breadcrumb\":{\"@id\":\"https:\\\/\\\/algarve7.pt\\\/index.php\\\/2025\\\/09\\\/gnr-da-inicio-a-campanha-escola-segura-2025-2026\\\/nacional\\\/07\\\/52\\\/#breadcrumb\"},\"inLanguage\":\"pt-PT\",\"potentialAction\":[{\"@type\":\"ReadAction\",\"target\":[\"https:\\\/\\\/algarve7.pt\\\/index.php\\\/2025\\\/09\\\/gnr-da-inicio-a-campanha-escola-segura-2025-2026\\\/nacional\\\/07\\\/52\\\/\"]}]},{\"@type\":\"ImageObject\",\"inLanguage\":\"pt-PT\",\"@id\":\"https:\\\/\\\/algarve7.pt\\\/index.php\\\/2025\\\/09\\\/gnr-da-inicio-a-campanha-escola-segura-2025-2026\\\/nacional\\\/07\\\/52\\\/#primaryimage\",\"url\":\"https:\\\/\\\/algarve7.pt\\\/wp-content\\\/uploads\\\/2025\\\/09\\\/Captura-de-ecra-2025-09-11-as-08.48.45.png\",\"contentUrl\":\"https:\\\/\\\/algarve7.pt\\\/wp-content\\\/uploads\\\/2025\\\/09\\\/Captura-de-ecra-2025-09-11-as-08.48.45.png\",\"width\":800,\"height\":500},{\"@type\":\"BreadcrumbList\",\"@id\":\"https:\\\/\\\/algarve7.pt\\\/index.php\\\/2025\\\/09\\\/gnr-da-inicio-a-campanha-escola-segura-2025-2026\\\/nacional\\\/07\\\/52\\\/#breadcrumb\",\"itemListElement\":[{\"@type\":\"ListItem\",\"position\":1,\"name\":\"In\u00edcio\",\"item\":\"https:\\\/\\\/algarve7.pt\\\/\"},{\"@type\":\"ListItem\",\"position\":2,\"name\":\"GNR d\u00e1 in\u00edcio \u00e0\u00a0Campanha \u201cEscola Segura\u201d 2025\\\/2026\"}]},{\"@type\":\"WebSite\",\"@id\":\"https:\\\/\\\/algarve7.pt\\\/#website\",\"url\":\"https:\\\/\\\/algarve7.pt\\\/\",\"name\":\"Algarve 7\",\"description\":\"Informa\u00e7\u00e3o sobre o Algarve\",\"publisher\":{\"@id\":\"https:\\\/\\\/algarve7.pt\\\/#organization\"},\"potentialAction\":[{\"@type\":\"SearchAction\",\"target\":{\"@type\":\"EntryPoint\",\"urlTemplate\":\"https:\\\/\\\/algarve7.pt\\\/?s={search_term_string}\"},\"query-input\":{\"@type\":\"PropertyValueSpecification\",\"valueRequired\":true,\"valueName\":\"search_term_string\"}}],\"inLanguage\":\"pt-PT\"},{\"@type\":\"Organization\",\"@id\":\"https:\\\/\\\/algarve7.pt\\\/#organization\",\"name\":\"Algarve 7\",\"url\":\"https:\\\/\\\/algarve7.pt\\\/\",\"logo\":{\"@type\":\"ImageObject\",\"inLanguage\":\"pt-PT\",\"@id\":\"https:\\\/\\\/algarve7.pt\\\/#\\\/schema\\\/logo\\\/image\\\/\",\"url\":\"https:\\\/\\\/algarve7.pt\\\/wp-content\\\/uploads\\\/2020\\\/10\\\/Logo-8.jpg\",\"contentUrl\":\"https:\\\/\\\/algarve7.pt\\\/wp-content\\\/uploads\\\/2020\\\/10\\\/Logo-8.jpg\",\"width\":1680,\"height\":1186,\"caption\":\"Algarve 7\"},\"image\":{\"@id\":\"https:\\\/\\\/algarve7.pt\\\/#\\\/schema\\\/logo\\\/image\\\/\"},\"sameAs\":[\"https:\\\/\\\/www.facebook.com\\\/algarve7\",\"https:\\\/\\\/x.com\\\/Algarvesete\",\"https:\\\/\\\/www.instagram.com\\\/jornalalgarve7\\\/\",\"https:\\\/\\\/www.linkedin.com\\\/company\\\/algarve7\",\"https:\\\/\\\/www.pinterest.pt\\\/geral0939\\\/_created\\\/\"]},{\"@type\":\"Person\",\"@id\":\"https:\\\/\\\/algarve7.pt\\\/#\\\/schema\\\/person\\\/23fa70681308e7b319a3204bcea45e0c\",\"name\":\"Algarve 7\",\"sameAs\":[\"https:\\\/\\\/algarve7.pt\",\"https:\\\/\\\/www.facebook.com\\\/algarve7\"],\"url\":\"https:\\\/\\\/algarve7.pt\\\/index.php\\\/author\\\/geralalgarve7-pt\\\/\"}]}<\/script>\n<!-- \/ Yoast SEO plugin. -->","yoast_head_json":{"title":"GNR d\u00e1 in\u00edcio \u00e0\u00a0Campanha \u201cEscola Segura\u201d 2025\/2026 - Algarve 7","description":"GNR d\u00e1 in\u00edcio \u00e0\u00a0Campanha \u201cEscola Segura\u201d 2025\/2026 Nacional","robots":{"index":"index","follow":"follow","max-snippet":"max-snippet:-1","max-image-preview":"max-image-preview:large","max-video-preview":"max-video-preview:-1"},"canonical":"https:\/\/algarve7.pt\/index.php\/2025\/09\/gnr-da-inicio-a-campanha-escola-segura-2025-2026\/nacional\/07\/52\/","og_locale":"pt_PT","og_type":"article","og_title":"GNR d\u00e1 in\u00edcio \u00e0\u00a0Campanha \u201cEscola Segura\u201d 2025\/2026 - Algarve 7","og_description":"GNR d\u00e1 in\u00edcio \u00e0\u00a0Campanha \u201cEscola Segura\u201d 2025\/2026 Nacional","og_url":"https:\/\/algarve7.pt\/index.php\/2025\/09\/gnr-da-inicio-a-campanha-escola-segura-2025-2026\/nacional\/07\/52\/","og_site_name":"Algarve 7","article_publisher":"https:\/\/www.facebook.com\/algarve7","article_author":"https:\/\/www.facebook.com\/algarve7","article_published_time":"2025-09-12T06:52:00+00:00","og_image":[{"width":800,"height":500,"url":"https:\/\/algarve7.pt\/wp-content\/uploads\/2025\/09\/Captura-de-ecra-2025-09-11-as-08.48.45.png","type":"image\/png"}],"author":"Algarve 7","twitter_card":"summary_large_image","twitter_creator":"@Algarvesete","twitter_site":"@Algarvesete","twitter_misc":{"Escrito por":"Algarve 7","Tempo estimado de leitura":"5 minutos"},"schema":{"@context":"https:\/\/schema.org","@graph":[{"@type":"Article","@id":"https:\/\/algarve7.pt\/index.php\/2025\/09\/gnr-da-inicio-a-campanha-escola-segura-2025-2026\/nacional\/07\/52\/#article","isPartOf":{"@id":"https:\/\/algarve7.pt\/index.php\/2025\/09\/gnr-da-inicio-a-campanha-escola-segura-2025-2026\/nacional\/07\/52\/"},"author":{"name":"Algarve 7","@id":"https:\/\/algarve7.pt\/#\/schema\/person\/23fa70681308e7b319a3204bcea45e0c"},"headline":"GNR d\u00e1 in\u00edcio \u00e0\u00a0Campanha \u201cEscola Segura\u201d 2025\/2026","datePublished":"2025-09-12T06:52:00+00:00","mainEntityOfPage":{"@id":"https:\/\/algarve7.pt\/index.php\/2025\/09\/gnr-da-inicio-a-campanha-escola-segura-2025-2026\/nacional\/07\/52\/"},"wordCount":973,"publisher":{"@id":"https:\/\/algarve7.pt\/#organization"},"image":{"@id":"https:\/\/algarve7.pt\/index.php\/2025\/09\/gnr-da-inicio-a-campanha-escola-segura-2025-2026\/nacional\/07\/52\/#primaryimage"},"thumbnailUrl":"https:\/\/algarve7.pt\/wp-content\/uploads\/2025\/09\/Captura-de-ecra-2025-09-11-as-08.48.45.png","keywords":["GNR","Nacional"],"articleSection":["Nacional"],"inLanguage":"pt-PT"},{"@type":"WebPage","@id":"https:\/\/algarve7.pt\/index.php\/2025\/09\/gnr-da-inicio-a-campanha-escola-segura-2025-2026\/nacional\/07\/52\/","url":"https:\/\/algarve7.pt\/index.php\/2025\/09\/gnr-da-inicio-a-campanha-escola-segura-2025-2026\/nacional\/07\/52\/","name":"GNR d\u00e1 in\u00edcio \u00e0\u00a0Campanha \u201cEscola Segura\u201d 2025\/2026 - Algarve 7","isPartOf":{"@id":"https:\/\/algarve7.pt\/#website"},"primaryImageOfPage":{"@id":"https:\/\/algarve7.pt\/index.php\/2025\/09\/gnr-da-inicio-a-campanha-escola-segura-2025-2026\/nacional\/07\/52\/#primaryimage"},"image":{"@id":"https:\/\/algarve7.pt\/index.php\/2025\/09\/gnr-da-inicio-a-campanha-escola-segura-2025-2026\/nacional\/07\/52\/#primaryimage"},"thumbnailUrl":"https:\/\/algarve7.pt\/wp-content\/uploads\/2025\/09\/Captura-de-ecra-2025-09-11-as-08.48.45.png","datePublished":"2025-09-12T06:52:00+00:00","description":"GNR d\u00e1 in\u00edcio \u00e0\u00a0Campanha \u201cEscola Segura\u201d 2025\/2026 Nacional","breadcrumb":{"@id":"https:\/\/algarve7.pt\/index.php\/2025\/09\/gnr-da-inicio-a-campanha-escola-segura-2025-2026\/nacional\/07\/52\/#breadcrumb"},"inLanguage":"pt-PT","potentialAction":[{"@type":"ReadAction","target":["https:\/\/algarve7.pt\/index.php\/2025\/09\/gnr-da-inicio-a-campanha-escola-segura-2025-2026\/nacional\/07\/52\/"]}]},{"@type":"ImageObject","inLanguage":"pt-PT","@id":"https:\/\/algarve7.pt\/index.php\/2025\/09\/gnr-da-inicio-a-campanha-escola-segura-2025-2026\/nacional\/07\/52\/#primaryimage","url":"https:\/\/algarve7.pt\/wp-content\/uploads\/2025\/09\/Captura-de-ecra-2025-09-11-as-08.48.45.png","contentUrl":"https:\/\/algarve7.pt\/wp-content\/uploads\/2025\/09\/Captura-de-ecra-2025-09-11-as-08.48.45.png","width":800,"height":500},{"@type":"BreadcrumbList","@id":"https:\/\/algarve7.pt\/index.php\/2025\/09\/gnr-da-inicio-a-campanha-escola-segura-2025-2026\/nacional\/07\/52\/#breadcrumb","itemListElement":[{"@type":"ListItem","position":1,"name":"In\u00edcio","item":"https:\/\/algarve7.pt\/"},{"@type":"ListItem","position":2,"name":"GNR d\u00e1 in\u00edcio \u00e0\u00a0Campanha \u201cEscola Segura\u201d 2025\/2026"}]},{"@type":"WebSite","@id":"https:\/\/algarve7.pt\/#website","url":"https:\/\/algarve7.pt\/","name":"Algarve 7","description":"Informa\u00e7\u00e3o sobre o Algarve","publisher":{"@id":"https:\/\/algarve7.pt\/#organization"},"potentialAction":[{"@type":"SearchAction","target":{"@type":"EntryPoint","urlTemplate":"https:\/\/algarve7.pt\/?s={search_term_string}"},"query-input":{"@type":"PropertyValueSpecification","valueRequired":true,"valueName":"search_term_string"}}],"inLanguage":"pt-PT"},{"@type":"Organization","@id":"https:\/\/algarve7.pt\/#organization","name":"Algarve 7","url":"https:\/\/algarve7.pt\/","logo":{"@type":"ImageObject","inLanguage":"pt-PT","@id":"https:\/\/algarve7.pt\/#\/schema\/logo\/image\/","url":"https:\/\/algarve7.pt\/wp-content\/uploads\/2020\/10\/Logo-8.jpg","contentUrl":"https:\/\/algarve7.pt\/wp-content\/uploads\/2020\/10\/Logo-8.jpg","width":1680,"height":1186,"caption":"Algarve 7"},"image":{"@id":"https:\/\/algarve7.pt\/#\/schema\/logo\/image\/"},"sameAs":["https:\/\/www.facebook.com\/algarve7","https:\/\/x.com\/Algarvesete","https:\/\/www.instagram.com\/jornalalgarve7\/","https:\/\/www.linkedin.com\/company\/algarve7","https:\/\/www.pinterest.pt\/geral0939\/_created\/"]},{"@type":"Person","@id":"https:\/\/algarve7.pt\/#\/schema\/person\/23fa70681308e7b319a3204bcea45e0c","name":"Algarve 7","sameAs":["https:\/\/algarve7.pt","https:\/\/www.facebook.com\/algarve7"],"url":"https:\/\/algarve7.pt\/index.php\/author\/geralalgarve7-pt\/"}]}},"jetpack_publicize_connections":[],"jetpack_featured_media_url":"https:\/\/algarve7.pt\/wp-content\/uploads\/2025\/09\/Captura-de-ecra-2025-09-11-as-08.48.45.png","jetpack_shortlink":"https:\/\/wp.me\/pcezmW-e2G","jetpack_sharing_enabled":true,"_links":{"self":[{"href":"https:\/\/algarve7.pt\/index.php\/wp-json\/wp\/v2\/posts\/53982","targetHints":{"allow":["GET"]}}],"collection":[{"href":"https:\/\/algarve7.pt\/index.php\/wp-json\/wp\/v2\/posts"}],"about":[{"href":"https:\/\/algarve7.pt\/index.php\/wp-json\/wp\/v2\/types\/post"}],"author":[{"embeddable":true,"href":"https:\/\/algarve7.pt\/index.php\/wp-json\/wp\/v2\/users\/1"}],"replies":[{"embeddable":true,"href":"https:\/\/algarve7.pt\/index.php\/wp-json\/wp\/v2\/comments?post=53982"}],"version-history":[{"count":0,"href":"https:\/\/algarve7.pt\/index.php\/wp-json\/wp\/v2\/posts\/53982\/revisions"}],"wp:featuredmedia":[{"embeddable":true,"href":"https:\/\/algarve7.pt\/index.php\/wp-json\/wp\/v2\/media\/53983"}],"wp:attachment":[{"href":"https:\/\/algarve7.pt\/index.php\/wp-json\/wp\/v2\/media?parent=53982"}],"wp:term":[{"taxonomy":"category","embeddable":true,"href":"https:\/\/algarve7.pt\/index.php\/wp-json\/wp\/v2\/categories?post=53982"},{"taxonomy":"post_tag","embeddable":true,"href":"https:\/\/algarve7.pt\/index.php\/wp-json\/wp\/v2\/tags?post=53982"}],"curies":[{"name":"wp","href":"https:\/\/api.w.org\/{rel}","templated":true}]}}