{"id":53897,"date":"2025-09-09T13:45:40","date_gmt":"2025-09-09T12:45:40","guid":{"rendered":"https:\/\/algarve7.pt\/?p=53897"},"modified":"2025-09-09T13:45:47","modified_gmt":"2025-09-09T12:45:47","slug":"cinco-bancadas-ja-esgotadas-a-dois-meses-da-realizacao-da-prova-de-moto-gp","status":"publish","type":"post","link":"https:\/\/algarve7.pt\/index.php\/2025\/09\/cinco-bancadas-ja-esgotadas-a-dois-meses-da-realizacao-da-prova-de-moto-gp\/desporto\/13\/45\/","title":{"rendered":"Cinco bancadas j\u00e1 esgotadas a dois meses da realiza\u00e7\u00e3o da prova\u00a0de Moto GP"},"content":{"rendered":"\n<p>Quando faltam ainda dois meses para a realiza\u00e7\u00e3o do&nbsp;<strong>GP de Portugal MotoGP 2025<\/strong>&nbsp;a venda de bilhetes para aquela que ser\u00e1 a pen\u00faltima prova da temporada levou j\u00e1 a que tr\u00eas bancadas esgotassem as suas vendas.<\/p>\n\n\n\n<p>Actualmente s\u00e3o j\u00e1&nbsp;<strong>cinco<\/strong>&nbsp;os blocos de bancada que t\u00eam a sua capacidade esgotada espelhando o apelo que a prova est\u00e1 a gerar entre os seguidores do competitivo campeonato que em 2024 estiveram presentes em n\u00famero recorde&nbsp;(superior a&nbsp;<strong>170 mil<\/strong>&nbsp;no decorrer do fim-de-semana) no&nbsp;<strong>Aut\u00f3dromo Internacional do Algarve<\/strong>.<\/p>\n\n\n\n<p>Em&nbsp;<strong>2025<\/strong>&nbsp;o circuito junto a&nbsp;<strong>Portim\u00e3o<\/strong>&nbsp;espera novamente uma forte massa humana a acompanhar a prova e de novo com forte apoio a&nbsp;<strong>Miguel Oliveira<\/strong>&nbsp;o \u00fanico luso a competir no campeonato do mundo&nbsp;<strong>MotoGP<\/strong>&nbsp;e j\u00e1 com cinco vit\u00f3rias na categoria e para tal o&nbsp;<strong>Aut\u00f3dromo Internacional do Algarve<\/strong>&nbsp;est\u00e1 a preparar novamente um fim-de-semana repleto de actividades para os que venham at\u00e9 ao Algarve.<\/p>\n\n\n\n<p><strong>Bancadas Esgotadas<br>&#8211; Principal Superior Bloco 2<br>&#8211; Portim\u00e3o 2<br>&#8211; Solverde Bloco 4<br>&#8211; Norte Bloco 2<br>&#8211; Lagos Bloco 2<\/strong><\/p>\n\n\n\n<p>Os bilhetes continuam \u00e0 venda no site oficial do\u00a0<strong>Aut\u00f3dromo Internacional do Algarve<\/strong>\u00a0(<strong><a href=\"http:\/\/www.autodromodoalgarve.com\/\" target=\"_blank\" rel=\"noreferrer noopener\">www.autodromodoalgarve.com<\/a><\/strong>)<\/p>\n","protected":false},"excerpt":{"rendered":"<p>Quando faltam ainda dois meses para a realiza\u00e7\u00e3o do&nbsp;GP de Portugal MotoGP 2025&nbsp;a venda de bilhetes para aquela que ser\u00e1<\/p>\n","protected":false},"author":1,"featured_media":53898,"comment_status":"closed","ping_status":"closed","sticky":false,"template":"","format":"standard","meta":{"colormag_page_container_layout":"default_layout","colormag_page_sidebar_layout":"default_layout","_monsterinsights_skip_tracking":false,"_monsterinsights_sitenote_active":false,"_monsterinsights_sitenote_note":"","_monsterinsights_sitenote_category":0,"jetpack_post_was_ever_published":false,"_jetpack_newsletter_access":"","_jetpack_dont_email_post_to_subs":false,"_jetpack_newsletter_tier_id":0,"_jetpack_memberships_contains_paywalled_content":false,"_jetpack_memberships_contains_paid_content":false,"footnotes":"","jetpack_publicize_message":"","jetpack_publicize_feature_enabled":true,"jetpack_social_post_already_shared":true,"jetpack_social_options":{"image_generator_settings":{"template":"highway","default_image_id":0,"font":"","enabled":false},"version":2}},"categories":[15],"tags":[36,239,40,326,72],"class_list":["post-53897","post","type-post","status-publish","format-standard","has-post-thumbnail","hentry","category-desporto","tag-algarve","tag-autodromo-internacional-do-algarve","tag-desporto","tag-moto-gp","tag-portimao"],"yoast_head":"<!-- This site is optimized with the Yoast SEO plugin v27.5 - https:\/\/yoast.com\/product\/yoast-seo-wordpress\/ -->\n<title>Cinco bancadas j\u00e1 esgotadas a dois meses da realiza\u00e7\u00e3o da prova\u00a0de Moto GP - Algarve 7<\/title>\n<meta name=\"description\" content=\"Cinco bancadas j\u00e1 esgotadas a dois meses da realiza\u00e7\u00e3o da prova\u00a0de Moto GP Desporto\" \/>\n<meta name=\"robots\" content=\"index, follow, max-snippet:-1, max-image-preview:large, max-video-preview:-1\" \/>\n<link rel=\"canonical\" href=\"https:\/\/algarve7.pt\/index.php\/2025\/09\/cinco-bancadas-ja-esgotadas-a-dois-meses-da-realizacao-da-prova-de-moto-gp\/desporto\/13\/45\/\" \/>\n<meta property=\"og:locale\" content=\"pt_PT\" \/>\n<meta property=\"og:type\" content=\"article\" \/>\n<meta property=\"og:title\" content=\"Cinco bancadas j\u00e1 esgotadas a dois meses da realiza\u00e7\u00e3o da prova\u00a0de Moto GP - Algarve 7\" \/>\n<meta property=\"og:description\" content=\"Cinco bancadas j\u00e1 esgotadas a dois meses da realiza\u00e7\u00e3o da prova\u00a0de Moto GP Desporto\" \/>\n<meta property=\"og:url\" content=\"https:\/\/algarve7.pt\/index.php\/2025\/09\/cinco-bancadas-ja-esgotadas-a-dois-meses-da-realizacao-da-prova-de-moto-gp\/desporto\/13\/45\/\" \/>\n<meta property=\"og:site_name\" content=\"Algarve 7\" \/>\n<meta property=\"article:publisher\" content=\"https:\/\/www.facebook.com\/algarve7\" \/>\n<meta property=\"article:author\" content=\"https:\/\/www.facebook.com\/algarve7\" \/>\n<meta property=\"article:published_time\" content=\"2025-09-09T12:45:40+00:00\" \/>\n<meta property=\"article:modified_time\" content=\"2025-09-09T12:45:47+00:00\" \/>\n<meta property=\"og:image\" content=\"https:\/\/algarve7.pt\/wp-content\/uploads\/2025\/09\/2f4b5f73-862e-4ffa-aba8-c714f722e776.jpg\" \/>\n\t<meta property=\"og:image:width\" content=\"800\" \/>\n\t<meta property=\"og:image:height\" content=\"500\" \/>\n\t<meta property=\"og:image:type\" content=\"image\/jpeg\" \/>\n<meta name=\"author\" content=\"Algarve 7\" \/>\n<meta name=\"twitter:card\" content=\"summary_large_image\" \/>\n<meta name=\"twitter:creator\" content=\"@Algarvesete\" \/>\n<meta name=\"twitter:site\" content=\"@Algarvesete\" \/>\n<meta name=\"twitter:label1\" content=\"Escrito por\" \/>\n\t<meta name=\"twitter:data1\" content=\"Algarve 7\" \/>\n\t<meta name=\"twitter:label2\" content=\"Tempo estimado de leitura\" \/>\n\t<meta name=\"twitter:data2\" content=\"2 minutos\" \/>\n<script type=\"application\/ld+json\" class=\"yoast-schema-graph\">{\"@context\":\"https:\\\/\\\/schema.org\",\"@graph\":[{\"@type\":\"Article\",\"@id\":\"https:\\\/\\\/algarve7.pt\\\/index.php\\\/2025\\\/09\\\/cinco-bancadas-ja-esgotadas-a-dois-meses-da-realizacao-da-prova-de-moto-gp\\\/desporto\\\/13\\\/45\\\/#article\",\"isPartOf\":{\"@id\":\"https:\\\/\\\/algarve7.pt\\\/index.php\\\/2025\\\/09\\\/cinco-bancadas-ja-esgotadas-a-dois-meses-da-realizacao-da-prova-de-moto-gp\\\/desporto\\\/13\\\/45\\\/\"},\"author\":{\"name\":\"Algarve 7\",\"@id\":\"https:\\\/\\\/algarve7.pt\\\/#\\\/schema\\\/person\\\/23fa70681308e7b319a3204bcea45e0c\"},\"headline\":\"Cinco bancadas j\u00e1 esgotadas a dois meses da realiza\u00e7\u00e3o da prova\u00a0de Moto GP\",\"datePublished\":\"2025-09-09T12:45:40+00:00\",\"dateModified\":\"2025-09-09T12:45:47+00:00\",\"mainEntityOfPage\":{\"@id\":\"https:\\\/\\\/algarve7.pt\\\/index.php\\\/2025\\\/09\\\/cinco-bancadas-ja-esgotadas-a-dois-meses-da-realizacao-da-prova-de-moto-gp\\\/desporto\\\/13\\\/45\\\/\"},\"wordCount\":226,\"publisher\":{\"@id\":\"https:\\\/\\\/algarve7.pt\\\/#organization\"},\"image\":{\"@id\":\"https:\\\/\\\/algarve7.pt\\\/index.php\\\/2025\\\/09\\\/cinco-bancadas-ja-esgotadas-a-dois-meses-da-realizacao-da-prova-de-moto-gp\\\/desporto\\\/13\\\/45\\\/#primaryimage\"},\"thumbnailUrl\":\"https:\\\/\\\/algarve7.pt\\\/wp-content\\\/uploads\\\/2025\\\/09\\\/2f4b5f73-862e-4ffa-aba8-c714f722e776.jpg\",\"keywords\":[\"Algarve\",\"Aut\u00f3dromo Internacional do Algarve\",\"Desporto\",\"Moto GP\",\"Portim\u00e3o\"],\"articleSection\":[\"Desporto\"],\"inLanguage\":\"pt-PT\"},{\"@type\":\"WebPage\",\"@id\":\"https:\\\/\\\/algarve7.pt\\\/index.php\\\/2025\\\/09\\\/cinco-bancadas-ja-esgotadas-a-dois-meses-da-realizacao-da-prova-de-moto-gp\\\/desporto\\\/13\\\/45\\\/\",\"url\":\"https:\\\/\\\/algarve7.pt\\\/index.php\\\/2025\\\/09\\\/cinco-bancadas-ja-esgotadas-a-dois-meses-da-realizacao-da-prova-de-moto-gp\\\/desporto\\\/13\\\/45\\\/\",\"name\":\"Cinco bancadas j\u00e1 esgotadas a dois meses da realiza\u00e7\u00e3o da prova\u00a0de Moto GP - Algarve 7\",\"isPartOf\":{\"@id\":\"https:\\\/\\\/algarve7.pt\\\/#website\"},\"primaryImageOfPage\":{\"@id\":\"https:\\\/\\\/algarve7.pt\\\/index.php\\\/2025\\\/09\\\/cinco-bancadas-ja-esgotadas-a-dois-meses-da-realizacao-da-prova-de-moto-gp\\\/desporto\\\/13\\\/45\\\/#primaryimage\"},\"image\":{\"@id\":\"https:\\\/\\\/algarve7.pt\\\/index.php\\\/2025\\\/09\\\/cinco-bancadas-ja-esgotadas-a-dois-meses-da-realizacao-da-prova-de-moto-gp\\\/desporto\\\/13\\\/45\\\/#primaryimage\"},\"thumbnailUrl\":\"https:\\\/\\\/algarve7.pt\\\/wp-content\\\/uploads\\\/2025\\\/09\\\/2f4b5f73-862e-4ffa-aba8-c714f722e776.jpg\",\"datePublished\":\"2025-09-09T12:45:40+00:00\",\"dateModified\":\"2025-09-09T12:45:47+00:00\",\"description\":\"Cinco bancadas j\u00e1 esgotadas a dois meses da realiza\u00e7\u00e3o da prova\u00a0de Moto GP Desporto\",\"breadcrumb\":{\"@id\":\"https:\\\/\\\/algarve7.pt\\\/index.php\\\/2025\\\/09\\\/cinco-bancadas-ja-esgotadas-a-dois-meses-da-realizacao-da-prova-de-moto-gp\\\/desporto\\\/13\\\/45\\\/#breadcrumb\"},\"inLanguage\":\"pt-PT\",\"potentialAction\":[{\"@type\":\"ReadAction\",\"target\":[\"https:\\\/\\\/algarve7.pt\\\/index.php\\\/2025\\\/09\\\/cinco-bancadas-ja-esgotadas-a-dois-meses-da-realizacao-da-prova-de-moto-gp\\\/desporto\\\/13\\\/45\\\/\"]}]},{\"@type\":\"ImageObject\",\"inLanguage\":\"pt-PT\",\"@id\":\"https:\\\/\\\/algarve7.pt\\\/index.php\\\/2025\\\/09\\\/cinco-bancadas-ja-esgotadas-a-dois-meses-da-realizacao-da-prova-de-moto-gp\\\/desporto\\\/13\\\/45\\\/#primaryimage\",\"url\":\"https:\\\/\\\/algarve7.pt\\\/wp-content\\\/uploads\\\/2025\\\/09\\\/2f4b5f73-862e-4ffa-aba8-c714f722e776.jpg\",\"contentUrl\":\"https:\\\/\\\/algarve7.pt\\\/wp-content\\\/uploads\\\/2025\\\/09\\\/2f4b5f73-862e-4ffa-aba8-c714f722e776.jpg\",\"width\":800,\"height\":500},{\"@type\":\"BreadcrumbList\",\"@id\":\"https:\\\/\\\/algarve7.pt\\\/index.php\\\/2025\\\/09\\\/cinco-bancadas-ja-esgotadas-a-dois-meses-da-realizacao-da-prova-de-moto-gp\\\/desporto\\\/13\\\/45\\\/#breadcrumb\",\"itemListElement\":[{\"@type\":\"ListItem\",\"position\":1,\"name\":\"In\u00edcio\",\"item\":\"https:\\\/\\\/algarve7.pt\\\/\"},{\"@type\":\"ListItem\",\"position\":2,\"name\":\"Cinco bancadas j\u00e1 esgotadas a dois meses da realiza\u00e7\u00e3o da prova\u00a0de Moto GP\"}]},{\"@type\":\"WebSite\",\"@id\":\"https:\\\/\\\/algarve7.pt\\\/#website\",\"url\":\"https:\\\/\\\/algarve7.pt\\\/\",\"name\":\"Algarve 7\",\"description\":\"Informa\u00e7\u00e3o sobre o Algarve\",\"publisher\":{\"@id\":\"https:\\\/\\\/algarve7.pt\\\/#organization\"},\"potentialAction\":[{\"@type\":\"SearchAction\",\"target\":{\"@type\":\"EntryPoint\",\"urlTemplate\":\"https:\\\/\\\/algarve7.pt\\\/?s={search_term_string}\"},\"query-input\":{\"@type\":\"PropertyValueSpecification\",\"valueRequired\":true,\"valueName\":\"search_term_string\"}}],\"inLanguage\":\"pt-PT\"},{\"@type\":\"Organization\",\"@id\":\"https:\\\/\\\/algarve7.pt\\\/#organization\",\"name\":\"Algarve 7\",\"url\":\"https:\\\/\\\/algarve7.pt\\\/\",\"logo\":{\"@type\":\"ImageObject\",\"inLanguage\":\"pt-PT\",\"@id\":\"https:\\\/\\\/algarve7.pt\\\/#\\\/schema\\\/logo\\\/image\\\/\",\"url\":\"https:\\\/\\\/algarve7.pt\\\/wp-content\\\/uploads\\\/2020\\\/10\\\/Logo-8.jpg\",\"contentUrl\":\"https:\\\/\\\/algarve7.pt\\\/wp-content\\\/uploads\\\/2020\\\/10\\\/Logo-8.jpg\",\"width\":1680,\"height\":1186,\"caption\":\"Algarve 7\"},\"image\":{\"@id\":\"https:\\\/\\\/algarve7.pt\\\/#\\\/schema\\\/logo\\\/image\\\/\"},\"sameAs\":[\"https:\\\/\\\/www.facebook.com\\\/algarve7\",\"https:\\\/\\\/x.com\\\/Algarvesete\",\"https:\\\/\\\/www.instagram.com\\\/jornalalgarve7\\\/\",\"https:\\\/\\\/www.linkedin.com\\\/company\\\/algarve7\",\"https:\\\/\\\/www.pinterest.pt\\\/geral0939\\\/_created\\\/\"]},{\"@type\":\"Person\",\"@id\":\"https:\\\/\\\/algarve7.pt\\\/#\\\/schema\\\/person\\\/23fa70681308e7b319a3204bcea45e0c\",\"name\":\"Algarve 7\",\"sameAs\":[\"https:\\\/\\\/algarve7.pt\",\"https:\\\/\\\/www.facebook.com\\\/algarve7\"],\"url\":\"https:\\\/\\\/algarve7.pt\\\/index.php\\\/author\\\/geralalgarve7-pt\\\/\"}]}<\/script>\n<!-- \/ Yoast SEO plugin. -->","yoast_head_json":{"title":"Cinco bancadas j\u00e1 esgotadas a dois meses da realiza\u00e7\u00e3o da prova\u00a0de Moto GP - Algarve 7","description":"Cinco bancadas j\u00e1 esgotadas a dois meses da realiza\u00e7\u00e3o da prova\u00a0de Moto GP Desporto","robots":{"index":"index","follow":"follow","max-snippet":"max-snippet:-1","max-image-preview":"max-image-preview:large","max-video-preview":"max-video-preview:-1"},"canonical":"https:\/\/algarve7.pt\/index.php\/2025\/09\/cinco-bancadas-ja-esgotadas-a-dois-meses-da-realizacao-da-prova-de-moto-gp\/desporto\/13\/45\/","og_locale":"pt_PT","og_type":"article","og_title":"Cinco bancadas j\u00e1 esgotadas a dois meses da realiza\u00e7\u00e3o da prova\u00a0de Moto GP - Algarve 7","og_description":"Cinco bancadas j\u00e1 esgotadas a dois meses da realiza\u00e7\u00e3o da prova\u00a0de Moto GP Desporto","og_url":"https:\/\/algarve7.pt\/index.php\/2025\/09\/cinco-bancadas-ja-esgotadas-a-dois-meses-da-realizacao-da-prova-de-moto-gp\/desporto\/13\/45\/","og_site_name":"Algarve 7","article_publisher":"https:\/\/www.facebook.com\/algarve7","article_author":"https:\/\/www.facebook.com\/algarve7","article_published_time":"2025-09-09T12:45:40+00:00","article_modified_time":"2025-09-09T12:45:47+00:00","og_image":[{"width":800,"height":500,"url":"https:\/\/algarve7.pt\/wp-content\/uploads\/2025\/09\/2f4b5f73-862e-4ffa-aba8-c714f722e776.jpg","type":"image\/jpeg"}],"author":"Algarve 7","twitter_card":"summary_large_image","twitter_creator":"@Algarvesete","twitter_site":"@Algarvesete","twitter_misc":{"Escrito por":"Algarve 7","Tempo estimado de leitura":"2 minutos"},"schema":{"@context":"https:\/\/schema.org","@graph":[{"@type":"Article","@id":"https:\/\/algarve7.pt\/index.php\/2025\/09\/cinco-bancadas-ja-esgotadas-a-dois-meses-da-realizacao-da-prova-de-moto-gp\/desporto\/13\/45\/#article","isPartOf":{"@id":"https:\/\/algarve7.pt\/index.php\/2025\/09\/cinco-bancadas-ja-esgotadas-a-dois-meses-da-realizacao-da-prova-de-moto-gp\/desporto\/13\/45\/"},"author":{"name":"Algarve 7","@id":"https:\/\/algarve7.pt\/#\/schema\/person\/23fa70681308e7b319a3204bcea45e0c"},"headline":"Cinco bancadas j\u00e1 esgotadas a dois meses da realiza\u00e7\u00e3o da prova\u00a0de Moto GP","datePublished":"2025-09-09T12:45:40+00:00","dateModified":"2025-09-09T12:45:47+00:00","mainEntityOfPage":{"@id":"https:\/\/algarve7.pt\/index.php\/2025\/09\/cinco-bancadas-ja-esgotadas-a-dois-meses-da-realizacao-da-prova-de-moto-gp\/desporto\/13\/45\/"},"wordCount":226,"publisher":{"@id":"https:\/\/algarve7.pt\/#organization"},"image":{"@id":"https:\/\/algarve7.pt\/index.php\/2025\/09\/cinco-bancadas-ja-esgotadas-a-dois-meses-da-realizacao-da-prova-de-moto-gp\/desporto\/13\/45\/#primaryimage"},"thumbnailUrl":"https:\/\/algarve7.pt\/wp-content\/uploads\/2025\/09\/2f4b5f73-862e-4ffa-aba8-c714f722e776.jpg","keywords":["Algarve","Aut\u00f3dromo Internacional do Algarve","Desporto","Moto GP","Portim\u00e3o"],"articleSection":["Desporto"],"inLanguage":"pt-PT"},{"@type":"WebPage","@id":"https:\/\/algarve7.pt\/index.php\/2025\/09\/cinco-bancadas-ja-esgotadas-a-dois-meses-da-realizacao-da-prova-de-moto-gp\/desporto\/13\/45\/","url":"https:\/\/algarve7.pt\/index.php\/2025\/09\/cinco-bancadas-ja-esgotadas-a-dois-meses-da-realizacao-da-prova-de-moto-gp\/desporto\/13\/45\/","name":"Cinco bancadas j\u00e1 esgotadas a dois meses da realiza\u00e7\u00e3o da prova\u00a0de Moto GP - Algarve 7","isPartOf":{"@id":"https:\/\/algarve7.pt\/#website"},"primaryImageOfPage":{"@id":"https:\/\/algarve7.pt\/index.php\/2025\/09\/cinco-bancadas-ja-esgotadas-a-dois-meses-da-realizacao-da-prova-de-moto-gp\/desporto\/13\/45\/#primaryimage"},"image":{"@id":"https:\/\/algarve7.pt\/index.php\/2025\/09\/cinco-bancadas-ja-esgotadas-a-dois-meses-da-realizacao-da-prova-de-moto-gp\/desporto\/13\/45\/#primaryimage"},"thumbnailUrl":"https:\/\/algarve7.pt\/wp-content\/uploads\/2025\/09\/2f4b5f73-862e-4ffa-aba8-c714f722e776.jpg","datePublished":"2025-09-09T12:45:40+00:00","dateModified":"2025-09-09T12:45:47+00:00","description":"Cinco bancadas j\u00e1 esgotadas a dois meses da realiza\u00e7\u00e3o da prova\u00a0de Moto GP Desporto","breadcrumb":{"@id":"https:\/\/algarve7.pt\/index.php\/2025\/09\/cinco-bancadas-ja-esgotadas-a-dois-meses-da-realizacao-da-prova-de-moto-gp\/desporto\/13\/45\/#breadcrumb"},"inLanguage":"pt-PT","potentialAction":[{"@type":"ReadAction","target":["https:\/\/algarve7.pt\/index.php\/2025\/09\/cinco-bancadas-ja-esgotadas-a-dois-meses-da-realizacao-da-prova-de-moto-gp\/desporto\/13\/45\/"]}]},{"@type":"ImageObject","inLanguage":"pt-PT","@id":"https:\/\/algarve7.pt\/index.php\/2025\/09\/cinco-bancadas-ja-esgotadas-a-dois-meses-da-realizacao-da-prova-de-moto-gp\/desporto\/13\/45\/#primaryimage","url":"https:\/\/algarve7.pt\/wp-content\/uploads\/2025\/09\/2f4b5f73-862e-4ffa-aba8-c714f722e776.jpg","contentUrl":"https:\/\/algarve7.pt\/wp-content\/uploads\/2025\/09\/2f4b5f73-862e-4ffa-aba8-c714f722e776.jpg","width":800,"height":500},{"@type":"BreadcrumbList","@id":"https:\/\/algarve7.pt\/index.php\/2025\/09\/cinco-bancadas-ja-esgotadas-a-dois-meses-da-realizacao-da-prova-de-moto-gp\/desporto\/13\/45\/#breadcrumb","itemListElement":[{"@type":"ListItem","position":1,"name":"In\u00edcio","item":"https:\/\/algarve7.pt\/"},{"@type":"ListItem","position":2,"name":"Cinco bancadas j\u00e1 esgotadas a dois meses da realiza\u00e7\u00e3o da prova\u00a0de Moto GP"}]},{"@type":"WebSite","@id":"https:\/\/algarve7.pt\/#website","url":"https:\/\/algarve7.pt\/","name":"Algarve 7","description":"Informa\u00e7\u00e3o sobre o Algarve","publisher":{"@id":"https:\/\/algarve7.pt\/#organization"},"potentialAction":[{"@type":"SearchAction","target":{"@type":"EntryPoint","urlTemplate":"https:\/\/algarve7.pt\/?s={search_term_string}"},"query-input":{"@type":"PropertyValueSpecification","valueRequired":true,"valueName":"search_term_string"}}],"inLanguage":"pt-PT"},{"@type":"Organization","@id":"https:\/\/algarve7.pt\/#organization","name":"Algarve 7","url":"https:\/\/algarve7.pt\/","logo":{"@type":"ImageObject","inLanguage":"pt-PT","@id":"https:\/\/algarve7.pt\/#\/schema\/logo\/image\/","url":"https:\/\/algarve7.pt\/wp-content\/uploads\/2020\/10\/Logo-8.jpg","contentUrl":"https:\/\/algarve7.pt\/wp-content\/uploads\/2020\/10\/Logo-8.jpg","width":1680,"height":1186,"caption":"Algarve 7"},"image":{"@id":"https:\/\/algarve7.pt\/#\/schema\/logo\/image\/"},"sameAs":["https:\/\/www.facebook.com\/algarve7","https:\/\/x.com\/Algarvesete","https:\/\/www.instagram.com\/jornalalgarve7\/","https:\/\/www.linkedin.com\/company\/algarve7","https:\/\/www.pinterest.pt\/geral0939\/_created\/"]},{"@type":"Person","@id":"https:\/\/algarve7.pt\/#\/schema\/person\/23fa70681308e7b319a3204bcea45e0c","name":"Algarve 7","sameAs":["https:\/\/algarve7.pt","https:\/\/www.facebook.com\/algarve7"],"url":"https:\/\/algarve7.pt\/index.php\/author\/geralalgarve7-pt\/"}]}},"jetpack_publicize_connections":[],"jetpack_featured_media_url":"https:\/\/algarve7.pt\/wp-content\/uploads\/2025\/09\/2f4b5f73-862e-4ffa-aba8-c714f722e776.jpg","jetpack_shortlink":"https:\/\/wp.me\/pcezmW-e1j","jetpack_sharing_enabled":true,"_links":{"self":[{"href":"https:\/\/algarve7.pt\/index.php\/wp-json\/wp\/v2\/posts\/53897","targetHints":{"allow":["GET"]}}],"collection":[{"href":"https:\/\/algarve7.pt\/index.php\/wp-json\/wp\/v2\/posts"}],"about":[{"href":"https:\/\/algarve7.pt\/index.php\/wp-json\/wp\/v2\/types\/post"}],"author":[{"embeddable":true,"href":"https:\/\/algarve7.pt\/index.php\/wp-json\/wp\/v2\/users\/1"}],"replies":[{"embeddable":true,"href":"https:\/\/algarve7.pt\/index.php\/wp-json\/wp\/v2\/comments?post=53897"}],"version-history":[{"count":0,"href":"https:\/\/algarve7.pt\/index.php\/wp-json\/wp\/v2\/posts\/53897\/revisions"}],"wp:featuredmedia":[{"embeddable":true,"href":"https:\/\/algarve7.pt\/index.php\/wp-json\/wp\/v2\/media\/53898"}],"wp:attachment":[{"href":"https:\/\/algarve7.pt\/index.php\/wp-json\/wp\/v2\/media?parent=53897"}],"wp:term":[{"taxonomy":"category","embeddable":true,"href":"https:\/\/algarve7.pt\/index.php\/wp-json\/wp\/v2\/categories?post=53897"},{"taxonomy":"post_tag","embeddable":true,"href":"https:\/\/algarve7.pt\/index.php\/wp-json\/wp\/v2\/tags?post=53897"}],"curies":[{"name":"wp","href":"https:\/\/api.w.org\/{rel}","templated":true}]}}