{"id":5389,"date":"2021-01-15T13:03:49","date_gmt":"2021-01-15T13:03:49","guid":{"rendered":"https:\/\/algarve7.pt\/?p=5389"},"modified":"2021-01-15T13:03:53","modified_gmt":"2021-01-15T13:03:53","slug":"alcoutim-vai-ter-ciclovia","status":"publish","type":"post","link":"https:\/\/algarve7.pt\/index.php\/2021\/01\/alcoutim-vai-ter-ciclovia\/ambiente\/13\/03\/","title":{"rendered":"Alcoutim vai ter ciclovia"},"content":{"rendered":"\n<p>O Munic\u00edpio de Alcoutim viu aprovada, no passado dia 29 de dezembro de 2020, uma candidatura do PAMUS (Plano de A\u00e7\u00e3o de Mobilidade Urbana Sustent\u00e1vel) designada por \u201cAcesso em Modos Suaves \u00e0 Zona Oeste de Alcoutim\u201d.<\/p>\n\n\n\n<p>A interven\u00e7\u00e3o desenvolve-se na via de acesso \u00e0 ribeira dos Cadavais e praia fluvial de Alcoutim, com in\u00edcio na Av. Fernando Lopes Dias, em Alcoutim e conta com financiamento FEDER para a implementa\u00e7\u00e3o dos modos suaves (andar a p\u00e9 e de bicicleta).<\/p>\n\n\n\n<p>A candidatura tem enquadramento no Programa Operacional CRESC Algarve 2020, eixo priorit\u00e1rio 3 \u2013 Promover a sustentabilidade e efici\u00eancia dos recursos, objetivo tem\u00e1tico 4 \u2013 Apoiar a transi\u00e7\u00e3o para uma economia de baixo teor de carbono em todos os setores, prioridade de investimento \u2013 4.5 \u2013 A promo\u00e7\u00e3o de estrat\u00e9gias de baixo teor de carbono para todos os tipos de territ\u00f3rios, nomeadamente as zonas urbanas, incluindo a promo\u00e7\u00e3o de mobilidade urbana multimodal sustent\u00e1vel e medidas de adapta\u00e7\u00e3o relevantes para a atenua\u00e7\u00e3o, tipologia de interven\u00e7\u00e3o \u2013 4.6 \u2013 Mobilidade urbana sustent\u00e1vel e encontra-se integrada no PAMUS (Plano de A\u00e7\u00e3o de Mobilidade Urbana Sustent\u00e1vel), na tipologia constru\u00e7\u00e3o de ciclovias ou vias pedonais.<\/p>\n\n\n\n<p>Pretende-se a melhoria das condi\u00e7\u00f5es de promo\u00e7\u00e3o da mobilidade pedonal e cicl\u00e1vel, reduzindo em propor\u00e7\u00e3o a utiliza\u00e7\u00e3o do autom\u00f3vel e contribuindo para a implementa\u00e7\u00e3o de um sistema de mobilidade mais sustent\u00e1vel e eficiente que contribua para a redu\u00e7\u00e3o da emiss\u00e3o de gases com efeito de estufa, o que \u00e9 obtido atrav\u00e9s da cria\u00e7\u00e3o de \u00e1reas de circula\u00e7\u00e3o n\u00e3o autom\u00f3vel. Os pavimentos propostos, numa extens\u00e3o de 180m, diferenciam as zonas de pe\u00f5es, com lajetas em bet\u00e3o na cor terracota, ciclovia, com lajetas em bet\u00e3o na cor amarela e as de acesso autom\u00f3vel, com cubos de granito escuro. Ser\u00e1 ainda criada uma zona para estacionamento das bicicletas, efetuada a integra\u00e7\u00e3o paisag\u00edstica e instalado equipamento urbano.<\/p>\n\n\n\n<p>A opera\u00e7\u00e3o, que se prev\u00ea estar conclu\u00edda at\u00e9 31 de dezembro de 2021, com um investimento total de 113.309,59 euros, tem um investimento eleg\u00edvel de 38.368,56 euros, ao qual foi atribu\u00edda uma comparticipa\u00e7\u00e3o comunit\u00e1ria (FEDER) de 18.371,25 euros.<\/p>\n","protected":false},"excerpt":{"rendered":"<p>O Munic\u00edpio de Alcoutim viu aprovada, no passado dia 29 de dezembro de 2020, uma candidatura do PAMUS (Plano de<\/p>\n","protected":false},"author":1,"featured_media":5390,"comment_status":"closed","ping_status":"open","sticky":false,"template":"","format":"standard","meta":{"colormag_page_container_layout":"default_layout","colormag_page_sidebar_layout":"default_layout","_monsterinsights_skip_tracking":false,"_monsterinsights_sitenote_active":false,"_monsterinsights_sitenote_note":"","_monsterinsights_sitenote_category":0,"jetpack_post_was_ever_published":false,"_jetpack_newsletter_access":"","_jetpack_dont_email_post_to_subs":false,"_jetpack_newsletter_tier_id":0,"_jetpack_memberships_contains_paywalled_content":false,"_jetpack_memberships_contains_paid_content":false,"footnotes":"","jetpack_publicize_message":"","jetpack_publicize_feature_enabled":true,"jetpack_social_post_already_shared":true,"jetpack_social_options":{"image_generator_settings":{"template":"highway","default_image_id":0,"font":"","enabled":false},"version":2}},"categories":[5],"tags":[79,36,32,165],"class_list":["post-5389","post","type-post","status-publish","format-standard","has-post-thumbnail","hentry","category-ambiente","tag-alcoutim","tag-algarve","tag-ambiente","tag-ciclovia"],"yoast_head":"<!-- This site is optimized with the Yoast SEO plugin v27.5 - https:\/\/yoast.com\/product\/yoast-seo-wordpress\/ -->\n<title>Alcoutim vai ter ciclovia - Algarve 7<\/title>\n<meta name=\"description\" content=\"Alcoutim vai ter ciclovia Ambiente\" \/>\n<meta name=\"robots\" content=\"index, follow, max-snippet:-1, max-image-preview:large, max-video-preview:-1\" \/>\n<link rel=\"canonical\" href=\"https:\/\/algarve7.pt\/index.php\/2021\/01\/alcoutim-vai-ter-ciclovia\/ambiente\/13\/03\/\" \/>\n<meta property=\"og:locale\" content=\"pt_PT\" \/>\n<meta property=\"og:type\" content=\"article\" \/>\n<meta property=\"og:title\" content=\"Alcoutim vai ter ciclovia - Algarve 7\" \/>\n<meta property=\"og:description\" content=\"Alcoutim vai ter ciclovia Ambiente\" \/>\n<meta property=\"og:url\" content=\"https:\/\/algarve7.pt\/index.php\/2021\/01\/alcoutim-vai-ter-ciclovia\/ambiente\/13\/03\/\" \/>\n<meta property=\"og:site_name\" content=\"Algarve 7\" \/>\n<meta property=\"article:publisher\" content=\"https:\/\/www.facebook.com\/algarve7\" \/>\n<meta property=\"article:author\" content=\"https:\/\/www.facebook.com\/algarve7\" \/>\n<meta property=\"article:published_time\" content=\"2021-01-15T13:03:49+00:00\" \/>\n<meta property=\"article:modified_time\" content=\"2021-01-15T13:03:53+00:00\" \/>\n<meta property=\"og:image\" content=\"https:\/\/algarve7.pt\/wp-content\/uploads\/2021\/01\/Alcoutim_1.jpg\" \/>\n\t<meta property=\"og:image:width\" content=\"1696\" \/>\n\t<meta property=\"og:image:height\" content=\"914\" \/>\n\t<meta property=\"og:image:type\" content=\"image\/jpeg\" \/>\n<meta name=\"author\" content=\"Algarve 7\" \/>\n<meta name=\"twitter:card\" content=\"summary_large_image\" \/>\n<meta name=\"twitter:creator\" content=\"@Algarvesete\" \/>\n<meta name=\"twitter:site\" content=\"@Algarvesete\" \/>\n<meta name=\"twitter:label1\" content=\"Escrito por\" \/>\n\t<meta name=\"twitter:data1\" content=\"Algarve 7\" \/>\n\t<meta name=\"twitter:label2\" content=\"Tempo estimado de leitura\" \/>\n\t<meta name=\"twitter:data2\" content=\"2 minutos\" \/>\n<script type=\"application\/ld+json\" class=\"yoast-schema-graph\">{\"@context\":\"https:\\\/\\\/schema.org\",\"@graph\":[{\"@type\":\"Article\",\"@id\":\"https:\\\/\\\/algarve7.pt\\\/index.php\\\/2021\\\/01\\\/alcoutim-vai-ter-ciclovia\\\/ambiente\\\/13\\\/03\\\/#article\",\"isPartOf\":{\"@id\":\"https:\\\/\\\/algarve7.pt\\\/index.php\\\/2021\\\/01\\\/alcoutim-vai-ter-ciclovia\\\/ambiente\\\/13\\\/03\\\/\"},\"author\":{\"name\":\"Algarve 7\",\"@id\":\"https:\\\/\\\/algarve7.pt\\\/#\\\/schema\\\/person\\\/23fa70681308e7b319a3204bcea45e0c\"},\"headline\":\"Alcoutim vai ter ciclovia\",\"datePublished\":\"2021-01-15T13:03:49+00:00\",\"dateModified\":\"2021-01-15T13:03:53+00:00\",\"mainEntityOfPage\":{\"@id\":\"https:\\\/\\\/algarve7.pt\\\/index.php\\\/2021\\\/01\\\/alcoutim-vai-ter-ciclovia\\\/ambiente\\\/13\\\/03\\\/\"},\"wordCount\":372,\"publisher\":{\"@id\":\"https:\\\/\\\/algarve7.pt\\\/#organization\"},\"image\":{\"@id\":\"https:\\\/\\\/algarve7.pt\\\/index.php\\\/2021\\\/01\\\/alcoutim-vai-ter-ciclovia\\\/ambiente\\\/13\\\/03\\\/#primaryimage\"},\"thumbnailUrl\":\"https:\\\/\\\/algarve7.pt\\\/wp-content\\\/uploads\\\/2021\\\/01\\\/Alcoutim_1.jpg\",\"keywords\":[\"Alcoutim\",\"Algarve\",\"Ambiente\",\"Ciclovia\"],\"articleSection\":[\"Ambiente\"],\"inLanguage\":\"pt-PT\"},{\"@type\":\"WebPage\",\"@id\":\"https:\\\/\\\/algarve7.pt\\\/index.php\\\/2021\\\/01\\\/alcoutim-vai-ter-ciclovia\\\/ambiente\\\/13\\\/03\\\/\",\"url\":\"https:\\\/\\\/algarve7.pt\\\/index.php\\\/2021\\\/01\\\/alcoutim-vai-ter-ciclovia\\\/ambiente\\\/13\\\/03\\\/\",\"name\":\"Alcoutim vai ter ciclovia - Algarve 7\",\"isPartOf\":{\"@id\":\"https:\\\/\\\/algarve7.pt\\\/#website\"},\"primaryImageOfPage\":{\"@id\":\"https:\\\/\\\/algarve7.pt\\\/index.php\\\/2021\\\/01\\\/alcoutim-vai-ter-ciclovia\\\/ambiente\\\/13\\\/03\\\/#primaryimage\"},\"image\":{\"@id\":\"https:\\\/\\\/algarve7.pt\\\/index.php\\\/2021\\\/01\\\/alcoutim-vai-ter-ciclovia\\\/ambiente\\\/13\\\/03\\\/#primaryimage\"},\"thumbnailUrl\":\"https:\\\/\\\/algarve7.pt\\\/wp-content\\\/uploads\\\/2021\\\/01\\\/Alcoutim_1.jpg\",\"datePublished\":\"2021-01-15T13:03:49+00:00\",\"dateModified\":\"2021-01-15T13:03:53+00:00\",\"description\":\"Alcoutim vai ter ciclovia Ambiente\",\"breadcrumb\":{\"@id\":\"https:\\\/\\\/algarve7.pt\\\/index.php\\\/2021\\\/01\\\/alcoutim-vai-ter-ciclovia\\\/ambiente\\\/13\\\/03\\\/#breadcrumb\"},\"inLanguage\":\"pt-PT\",\"potentialAction\":[{\"@type\":\"ReadAction\",\"target\":[\"https:\\\/\\\/algarve7.pt\\\/index.php\\\/2021\\\/01\\\/alcoutim-vai-ter-ciclovia\\\/ambiente\\\/13\\\/03\\\/\"]}]},{\"@type\":\"ImageObject\",\"inLanguage\":\"pt-PT\",\"@id\":\"https:\\\/\\\/algarve7.pt\\\/index.php\\\/2021\\\/01\\\/alcoutim-vai-ter-ciclovia\\\/ambiente\\\/13\\\/03\\\/#primaryimage\",\"url\":\"https:\\\/\\\/algarve7.pt\\\/wp-content\\\/uploads\\\/2021\\\/01\\\/Alcoutim_1.jpg\",\"contentUrl\":\"https:\\\/\\\/algarve7.pt\\\/wp-content\\\/uploads\\\/2021\\\/01\\\/Alcoutim_1.jpg\",\"width\":1696,\"height\":914},{\"@type\":\"BreadcrumbList\",\"@id\":\"https:\\\/\\\/algarve7.pt\\\/index.php\\\/2021\\\/01\\\/alcoutim-vai-ter-ciclovia\\\/ambiente\\\/13\\\/03\\\/#breadcrumb\",\"itemListElement\":[{\"@type\":\"ListItem\",\"position\":1,\"name\":\"In\u00edcio\",\"item\":\"https:\\\/\\\/algarve7.pt\\\/\"},{\"@type\":\"ListItem\",\"position\":2,\"name\":\"Alcoutim vai ter ciclovia\"}]},{\"@type\":\"WebSite\",\"@id\":\"https:\\\/\\\/algarve7.pt\\\/#website\",\"url\":\"https:\\\/\\\/algarve7.pt\\\/\",\"name\":\"Algarve 7\",\"description\":\"Informa\u00e7\u00e3o sobre o Algarve\",\"publisher\":{\"@id\":\"https:\\\/\\\/algarve7.pt\\\/#organization\"},\"potentialAction\":[{\"@type\":\"SearchAction\",\"target\":{\"@type\":\"EntryPoint\",\"urlTemplate\":\"https:\\\/\\\/algarve7.pt\\\/?s={search_term_string}\"},\"query-input\":{\"@type\":\"PropertyValueSpecification\",\"valueRequired\":true,\"valueName\":\"search_term_string\"}}],\"inLanguage\":\"pt-PT\"},{\"@type\":\"Organization\",\"@id\":\"https:\\\/\\\/algarve7.pt\\\/#organization\",\"name\":\"Algarve 7\",\"url\":\"https:\\\/\\\/algarve7.pt\\\/\",\"logo\":{\"@type\":\"ImageObject\",\"inLanguage\":\"pt-PT\",\"@id\":\"https:\\\/\\\/algarve7.pt\\\/#\\\/schema\\\/logo\\\/image\\\/\",\"url\":\"https:\\\/\\\/algarve7.pt\\\/wp-content\\\/uploads\\\/2020\\\/10\\\/Logo-8.jpg\",\"contentUrl\":\"https:\\\/\\\/algarve7.pt\\\/wp-content\\\/uploads\\\/2020\\\/10\\\/Logo-8.jpg\",\"width\":1680,\"height\":1186,\"caption\":\"Algarve 7\"},\"image\":{\"@id\":\"https:\\\/\\\/algarve7.pt\\\/#\\\/schema\\\/logo\\\/image\\\/\"},\"sameAs\":[\"https:\\\/\\\/www.facebook.com\\\/algarve7\",\"https:\\\/\\\/x.com\\\/Algarvesete\",\"https:\\\/\\\/www.instagram.com\\\/jornalalgarve7\\\/\",\"https:\\\/\\\/www.linkedin.com\\\/company\\\/algarve7\",\"https:\\\/\\\/www.pinterest.pt\\\/geral0939\\\/_created\\\/\"]},{\"@type\":\"Person\",\"@id\":\"https:\\\/\\\/algarve7.pt\\\/#\\\/schema\\\/person\\\/23fa70681308e7b319a3204bcea45e0c\",\"name\":\"Algarve 7\",\"sameAs\":[\"https:\\\/\\\/algarve7.pt\",\"https:\\\/\\\/www.facebook.com\\\/algarve7\"],\"url\":\"https:\\\/\\\/algarve7.pt\\\/index.php\\\/author\\\/geralalgarve7-pt\\\/\"}]}<\/script>\n<!-- \/ Yoast SEO plugin. -->","yoast_head_json":{"title":"Alcoutim vai ter ciclovia - Algarve 7","description":"Alcoutim vai ter ciclovia Ambiente","robots":{"index":"index","follow":"follow","max-snippet":"max-snippet:-1","max-image-preview":"max-image-preview:large","max-video-preview":"max-video-preview:-1"},"canonical":"https:\/\/algarve7.pt\/index.php\/2021\/01\/alcoutim-vai-ter-ciclovia\/ambiente\/13\/03\/","og_locale":"pt_PT","og_type":"article","og_title":"Alcoutim vai ter ciclovia - Algarve 7","og_description":"Alcoutim vai ter ciclovia Ambiente","og_url":"https:\/\/algarve7.pt\/index.php\/2021\/01\/alcoutim-vai-ter-ciclovia\/ambiente\/13\/03\/","og_site_name":"Algarve 7","article_publisher":"https:\/\/www.facebook.com\/algarve7","article_author":"https:\/\/www.facebook.com\/algarve7","article_published_time":"2021-01-15T13:03:49+00:00","article_modified_time":"2021-01-15T13:03:53+00:00","og_image":[{"width":1696,"height":914,"url":"https:\/\/algarve7.pt\/wp-content\/uploads\/2021\/01\/Alcoutim_1.jpg","type":"image\/jpeg"}],"author":"Algarve 7","twitter_card":"summary_large_image","twitter_creator":"@Algarvesete","twitter_site":"@Algarvesete","twitter_misc":{"Escrito por":"Algarve 7","Tempo estimado de leitura":"2 minutos"},"schema":{"@context":"https:\/\/schema.org","@graph":[{"@type":"Article","@id":"https:\/\/algarve7.pt\/index.php\/2021\/01\/alcoutim-vai-ter-ciclovia\/ambiente\/13\/03\/#article","isPartOf":{"@id":"https:\/\/algarve7.pt\/index.php\/2021\/01\/alcoutim-vai-ter-ciclovia\/ambiente\/13\/03\/"},"author":{"name":"Algarve 7","@id":"https:\/\/algarve7.pt\/#\/schema\/person\/23fa70681308e7b319a3204bcea45e0c"},"headline":"Alcoutim vai ter ciclovia","datePublished":"2021-01-15T13:03:49+00:00","dateModified":"2021-01-15T13:03:53+00:00","mainEntityOfPage":{"@id":"https:\/\/algarve7.pt\/index.php\/2021\/01\/alcoutim-vai-ter-ciclovia\/ambiente\/13\/03\/"},"wordCount":372,"publisher":{"@id":"https:\/\/algarve7.pt\/#organization"},"image":{"@id":"https:\/\/algarve7.pt\/index.php\/2021\/01\/alcoutim-vai-ter-ciclovia\/ambiente\/13\/03\/#primaryimage"},"thumbnailUrl":"https:\/\/algarve7.pt\/wp-content\/uploads\/2021\/01\/Alcoutim_1.jpg","keywords":["Alcoutim","Algarve","Ambiente","Ciclovia"],"articleSection":["Ambiente"],"inLanguage":"pt-PT"},{"@type":"WebPage","@id":"https:\/\/algarve7.pt\/index.php\/2021\/01\/alcoutim-vai-ter-ciclovia\/ambiente\/13\/03\/","url":"https:\/\/algarve7.pt\/index.php\/2021\/01\/alcoutim-vai-ter-ciclovia\/ambiente\/13\/03\/","name":"Alcoutim vai ter ciclovia - Algarve 7","isPartOf":{"@id":"https:\/\/algarve7.pt\/#website"},"primaryImageOfPage":{"@id":"https:\/\/algarve7.pt\/index.php\/2021\/01\/alcoutim-vai-ter-ciclovia\/ambiente\/13\/03\/#primaryimage"},"image":{"@id":"https:\/\/algarve7.pt\/index.php\/2021\/01\/alcoutim-vai-ter-ciclovia\/ambiente\/13\/03\/#primaryimage"},"thumbnailUrl":"https:\/\/algarve7.pt\/wp-content\/uploads\/2021\/01\/Alcoutim_1.jpg","datePublished":"2021-01-15T13:03:49+00:00","dateModified":"2021-01-15T13:03:53+00:00","description":"Alcoutim vai ter ciclovia Ambiente","breadcrumb":{"@id":"https:\/\/algarve7.pt\/index.php\/2021\/01\/alcoutim-vai-ter-ciclovia\/ambiente\/13\/03\/#breadcrumb"},"inLanguage":"pt-PT","potentialAction":[{"@type":"ReadAction","target":["https:\/\/algarve7.pt\/index.php\/2021\/01\/alcoutim-vai-ter-ciclovia\/ambiente\/13\/03\/"]}]},{"@type":"ImageObject","inLanguage":"pt-PT","@id":"https:\/\/algarve7.pt\/index.php\/2021\/01\/alcoutim-vai-ter-ciclovia\/ambiente\/13\/03\/#primaryimage","url":"https:\/\/algarve7.pt\/wp-content\/uploads\/2021\/01\/Alcoutim_1.jpg","contentUrl":"https:\/\/algarve7.pt\/wp-content\/uploads\/2021\/01\/Alcoutim_1.jpg","width":1696,"height":914},{"@type":"BreadcrumbList","@id":"https:\/\/algarve7.pt\/index.php\/2021\/01\/alcoutim-vai-ter-ciclovia\/ambiente\/13\/03\/#breadcrumb","itemListElement":[{"@type":"ListItem","position":1,"name":"In\u00edcio","item":"https:\/\/algarve7.pt\/"},{"@type":"ListItem","position":2,"name":"Alcoutim vai ter ciclovia"}]},{"@type":"WebSite","@id":"https:\/\/algarve7.pt\/#website","url":"https:\/\/algarve7.pt\/","name":"Algarve 7","description":"Informa\u00e7\u00e3o sobre o Algarve","publisher":{"@id":"https:\/\/algarve7.pt\/#organization"},"potentialAction":[{"@type":"SearchAction","target":{"@type":"EntryPoint","urlTemplate":"https:\/\/algarve7.pt\/?s={search_term_string}"},"query-input":{"@type":"PropertyValueSpecification","valueRequired":true,"valueName":"search_term_string"}}],"inLanguage":"pt-PT"},{"@type":"Organization","@id":"https:\/\/algarve7.pt\/#organization","name":"Algarve 7","url":"https:\/\/algarve7.pt\/","logo":{"@type":"ImageObject","inLanguage":"pt-PT","@id":"https:\/\/algarve7.pt\/#\/schema\/logo\/image\/","url":"https:\/\/algarve7.pt\/wp-content\/uploads\/2020\/10\/Logo-8.jpg","contentUrl":"https:\/\/algarve7.pt\/wp-content\/uploads\/2020\/10\/Logo-8.jpg","width":1680,"height":1186,"caption":"Algarve 7"},"image":{"@id":"https:\/\/algarve7.pt\/#\/schema\/logo\/image\/"},"sameAs":["https:\/\/www.facebook.com\/algarve7","https:\/\/x.com\/Algarvesete","https:\/\/www.instagram.com\/jornalalgarve7\/","https:\/\/www.linkedin.com\/company\/algarve7","https:\/\/www.pinterest.pt\/geral0939\/_created\/"]},{"@type":"Person","@id":"https:\/\/algarve7.pt\/#\/schema\/person\/23fa70681308e7b319a3204bcea45e0c","name":"Algarve 7","sameAs":["https:\/\/algarve7.pt","https:\/\/www.facebook.com\/algarve7"],"url":"https:\/\/algarve7.pt\/index.php\/author\/geralalgarve7-pt\/"}]}},"jetpack_publicize_connections":[],"jetpack_featured_media_url":"https:\/\/algarve7.pt\/wp-content\/uploads\/2021\/01\/Alcoutim_1.jpg","jetpack_shortlink":"https:\/\/wp.me\/pcezmW-1oV","jetpack_sharing_enabled":true,"_links":{"self":[{"href":"https:\/\/algarve7.pt\/index.php\/wp-json\/wp\/v2\/posts\/5389","targetHints":{"allow":["GET"]}}],"collection":[{"href":"https:\/\/algarve7.pt\/index.php\/wp-json\/wp\/v2\/posts"}],"about":[{"href":"https:\/\/algarve7.pt\/index.php\/wp-json\/wp\/v2\/types\/post"}],"author":[{"embeddable":true,"href":"https:\/\/algarve7.pt\/index.php\/wp-json\/wp\/v2\/users\/1"}],"replies":[{"embeddable":true,"href":"https:\/\/algarve7.pt\/index.php\/wp-json\/wp\/v2\/comments?post=5389"}],"version-history":[{"count":0,"href":"https:\/\/algarve7.pt\/index.php\/wp-json\/wp\/v2\/posts\/5389\/revisions"}],"wp:featuredmedia":[{"embeddable":true,"href":"https:\/\/algarve7.pt\/index.php\/wp-json\/wp\/v2\/media\/5390"}],"wp:attachment":[{"href":"https:\/\/algarve7.pt\/index.php\/wp-json\/wp\/v2\/media?parent=5389"}],"wp:term":[{"taxonomy":"category","embeddable":true,"href":"https:\/\/algarve7.pt\/index.php\/wp-json\/wp\/v2\/categories?post=5389"},{"taxonomy":"post_tag","embeddable":true,"href":"https:\/\/algarve7.pt\/index.php\/wp-json\/wp\/v2\/tags?post=5389"}],"curies":[{"name":"wp","href":"https:\/\/api.w.org\/{rel}","templated":true}]}}