{"id":53884,"date":"2025-09-09T13:30:00","date_gmt":"2025-09-09T12:30:00","guid":{"rendered":"https:\/\/algarve7.pt\/?p=53884"},"modified":"2025-09-09T13:06:50","modified_gmt":"2025-09-09T12:06:50","slug":"festas-do-pescador-voltam-a-reunir-milhares-de-pessoas-em-albufeira","status":"publish","type":"post","link":"https:\/\/algarve7.pt\/index.php\/2025\/09\/festas-do-pescador-voltam-a-reunir-milhares-de-pessoas-em-albufeira\/cultura\/13\/30\/","title":{"rendered":"Festas do pescador voltam a reunir milhares de pessoas em Albufeira"},"content":{"rendered":"\n<p>A Pra\u00e7a dos Pescadores voltou a ser o ponto de encontro de residentes e visitantes para mais uma edi\u00e7\u00e3o das Festas do Pescador. Ao longo de tr\u00eas dias, milhares de pessoas celebraram a liga\u00e7\u00e3o de Albufeira ao mar, num ambiente marcado pela gastronomia, pela m\u00fasica e pelas tradi\u00e7\u00f5es locais.<\/p>\n\n\n\n<p>A abertura oficial do certame decorreu a 5 de setembro, \u00e0s 18h30, e contou com a presen\u00e7a do presidente da C\u00e2mara Municipal de Albufeira, Jos\u00e9 Carlos Rolo. Na sua interven\u00e7\u00e3o, o autarca sublinhou o car\u00e1cter singular do momento, afirmando tratar-se da \u201cfesta mais genu\u00edna do concelho\u201d. O edil destacou ainda que \u201cmanter viva esta celebra\u00e7\u00e3o \u00e9 valorizar a cultura local e o reencontro entre familiares e amigos\u201d.<\/p>\n\n\n\n<p>A m\u00fasica foi um dos pontos altos da 26.\u00aa edi\u00e7\u00e3o das Festas. Na sexta-feira, o Duo 64 abriu o palco, seguido pelos Sangre Ib\u00e9rico, que uniram o fado e o flamenco num espet\u00e1culo intenso e envolvente. No s\u00e1bado, o 27.\u00ba Festival de Folclore de Albufeira trouxe ao palco o Rancho Folcl\u00f3rico de Albufeira, o Rancho Etnogr\u00e1fico de Dan\u00e7as e Cantares Barra Cheia, a Ronda T\u00edpica do Carre\u00e7o e o Rancho Folcl\u00f3rico da Freguesia de Cap\u00f5es, refor\u00e7ando a liga\u00e7\u00e3o \u00e0 etnografia e \u00e0s tradi\u00e7\u00f5es populares. O encerramento, dia 7 de setembro, ficou a cargo de Nuno Balbino e dos N\u00e9manus, que conquistaram o p\u00fablico com um repert\u00f3rio repleto de \u00eaxitos.<\/p>\n\n\n\n<p>A gastronomia foi outro dos grandes destaques do evento. Quinze associa\u00e7\u00f5es concelhias \u2014 o Rancho Folcl\u00f3rico de Albufeira, a Associa\u00e7\u00e3o Cura da Alma, o Moto Clube de Albufeira, a Associa\u00e7\u00e3o de Profissionais de Pesca de Albufeira, o Centro de Apoio ao Sem Abrigo, a Associa\u00e7\u00e3o Albufeira Ativa, a Cooperativa de Consumo e Associa\u00e7\u00e3o de Trabalhadores da C\u00e2mara Municipal, o Imortal Desportivo Clube, a South Cr3w, a Associa\u00e7\u00e3o de Apoio \u00e0 Pessoa Excecional, a Associa\u00e7\u00e3o de Gest\u00e3o do Desporto do Algarve, a Associa\u00e7\u00e3o Humanit\u00e1ria Bombeiros Volunt\u00e1rios de Albufeira, o Clube Desportivo Areias de S\u00e3o Jo\u00e3o, a Associa\u00e7\u00e3o Barmen do Algarve e o Bellavista Desportivo Clube \u2014 assumiram a responsabilidade pelo card\u00e1pio garantindo uma grande variedade de pratos t\u00edpicos e sabores da regi\u00e3o.<\/p>\n\n\n\n<p>Cristiano Cabrita, vereador respons\u00e1vel pelo pelouro do Associativismo, afirma que \u201cestes s\u00e3o momentos de perfeita simbiose, pois permitem \u00e0s associa\u00e7\u00f5es locais angariar fundos que impulsionam os seus projetos e atividades que, consequentemente, beneficiam a comunidade albufeirense\u201d.&nbsp;<\/p>\n\n\n\n<p>Refira-se que desde 1997, as Festas do Pescador afirmam-se, ano ap\u00f3s ano, como um dos maiores s\u00edmbolos da identidade de Albufeira.<\/p>\n","protected":false},"excerpt":{"rendered":"<p>A Pra\u00e7a dos Pescadores voltou a ser o ponto de encontro de residentes e visitantes para mais uma edi\u00e7\u00e3o das<\/p>\n","protected":false},"author":1,"featured_media":53885,"comment_status":"closed","ping_status":"closed","sticky":false,"template":"","format":"standard","meta":{"colormag_page_container_layout":"default_layout","colormag_page_sidebar_layout":"default_layout","_monsterinsights_skip_tracking":false,"_monsterinsights_sitenote_active":false,"_monsterinsights_sitenote_note":"","_monsterinsights_sitenote_category":0,"jetpack_post_was_ever_published":false,"_jetpack_newsletter_access":"","_jetpack_dont_email_post_to_subs":false,"_jetpack_newsletter_tier_id":0,"_jetpack_memberships_contains_paywalled_content":false,"_jetpack_memberships_contains_paid_content":false,"footnotes":"","jetpack_publicize_message":"","jetpack_publicize_feature_enabled":true,"jetpack_social_post_already_shared":true,"jetpack_social_options":{"image_generator_settings":{"template":"highway","default_image_id":0,"font":"","enabled":false},"version":2}},"categories":[14],"tags":[155,36,35],"class_list":["post-53884","post","type-post","status-publish","format-standard","has-post-thumbnail","hentry","category-cultura","tag-albufeira","tag-algarve","tag-cultura"],"yoast_head":"<!-- This site is optimized with the Yoast SEO plugin v27.5 - https:\/\/yoast.com\/product\/yoast-seo-wordpress\/ -->\n<title>Festas do pescador voltam a reunir milhares de pessoas em Albufeira - Algarve 7<\/title>\n<meta name=\"description\" content=\"Festas do pescador voltam a reunir milhares de pessoas em Albufeira Cultura\" \/>\n<meta name=\"robots\" content=\"index, follow, max-snippet:-1, max-image-preview:large, max-video-preview:-1\" \/>\n<link rel=\"canonical\" href=\"https:\/\/algarve7.pt\/index.php\/2025\/09\/festas-do-pescador-voltam-a-reunir-milhares-de-pessoas-em-albufeira\/cultura\/13\/30\/\" \/>\n<meta property=\"og:locale\" content=\"pt_PT\" \/>\n<meta property=\"og:type\" content=\"article\" \/>\n<meta property=\"og:title\" content=\"Festas do pescador voltam a reunir milhares de pessoas em Albufeira - Algarve 7\" \/>\n<meta property=\"og:description\" content=\"Festas do pescador voltam a reunir milhares de pessoas em Albufeira Cultura\" \/>\n<meta property=\"og:url\" content=\"https:\/\/algarve7.pt\/index.php\/2025\/09\/festas-do-pescador-voltam-a-reunir-milhares-de-pessoas-em-albufeira\/cultura\/13\/30\/\" \/>\n<meta property=\"og:site_name\" content=\"Algarve 7\" \/>\n<meta property=\"article:publisher\" content=\"https:\/\/www.facebook.com\/algarve7\" \/>\n<meta property=\"article:author\" content=\"https:\/\/www.facebook.com\/algarve7\" \/>\n<meta property=\"article:published_time\" content=\"2025-09-09T12:30:00+00:00\" \/>\n<meta property=\"og:image\" content=\"https:\/\/algarve7.pt\/wp-content\/uploads\/2025\/09\/4166d6c9-4c4a-419f-bec0-3804733bb52f.jpg\" \/>\n\t<meta property=\"og:image:width\" content=\"800\" \/>\n\t<meta property=\"og:image:height\" content=\"500\" \/>\n\t<meta property=\"og:image:type\" content=\"image\/jpeg\" \/>\n<meta name=\"author\" content=\"Algarve 7\" \/>\n<meta name=\"twitter:card\" content=\"summary_large_image\" \/>\n<meta name=\"twitter:creator\" content=\"@Algarvesete\" \/>\n<meta name=\"twitter:site\" content=\"@Algarvesete\" \/>\n<meta name=\"twitter:label1\" content=\"Escrito por\" \/>\n\t<meta name=\"twitter:data1\" content=\"Algarve 7\" \/>\n\t<meta name=\"twitter:label2\" content=\"Tempo estimado de leitura\" \/>\n\t<meta name=\"twitter:data2\" content=\"3 minutos\" \/>\n<script type=\"application\/ld+json\" class=\"yoast-schema-graph\">{\"@context\":\"https:\\\/\\\/schema.org\",\"@graph\":[{\"@type\":\"Article\",\"@id\":\"https:\\\/\\\/algarve7.pt\\\/index.php\\\/2025\\\/09\\\/festas-do-pescador-voltam-a-reunir-milhares-de-pessoas-em-albufeira\\\/cultura\\\/13\\\/30\\\/#article\",\"isPartOf\":{\"@id\":\"https:\\\/\\\/algarve7.pt\\\/index.php\\\/2025\\\/09\\\/festas-do-pescador-voltam-a-reunir-milhares-de-pessoas-em-albufeira\\\/cultura\\\/13\\\/30\\\/\"},\"author\":{\"name\":\"Algarve 7\",\"@id\":\"https:\\\/\\\/algarve7.pt\\\/#\\\/schema\\\/person\\\/23fa70681308e7b319a3204bcea45e0c\"},\"headline\":\"Festas do pescador voltam a reunir milhares de pessoas em Albufeira\",\"datePublished\":\"2025-09-09T12:30:00+00:00\",\"mainEntityOfPage\":{\"@id\":\"https:\\\/\\\/algarve7.pt\\\/index.php\\\/2025\\\/09\\\/festas-do-pescador-voltam-a-reunir-milhares-de-pessoas-em-albufeira\\\/cultura\\\/13\\\/30\\\/\"},\"wordCount\":459,\"publisher\":{\"@id\":\"https:\\\/\\\/algarve7.pt\\\/#organization\"},\"image\":{\"@id\":\"https:\\\/\\\/algarve7.pt\\\/index.php\\\/2025\\\/09\\\/festas-do-pescador-voltam-a-reunir-milhares-de-pessoas-em-albufeira\\\/cultura\\\/13\\\/30\\\/#primaryimage\"},\"thumbnailUrl\":\"https:\\\/\\\/algarve7.pt\\\/wp-content\\\/uploads\\\/2025\\\/09\\\/4166d6c9-4c4a-419f-bec0-3804733bb52f.jpg\",\"keywords\":[\"Albufeira\",\"Algarve\",\"Cultura\"],\"articleSection\":[\"Cultura\"],\"inLanguage\":\"pt-PT\"},{\"@type\":\"WebPage\",\"@id\":\"https:\\\/\\\/algarve7.pt\\\/index.php\\\/2025\\\/09\\\/festas-do-pescador-voltam-a-reunir-milhares-de-pessoas-em-albufeira\\\/cultura\\\/13\\\/30\\\/\",\"url\":\"https:\\\/\\\/algarve7.pt\\\/index.php\\\/2025\\\/09\\\/festas-do-pescador-voltam-a-reunir-milhares-de-pessoas-em-albufeira\\\/cultura\\\/13\\\/30\\\/\",\"name\":\"Festas do pescador voltam a reunir milhares de pessoas em Albufeira - Algarve 7\",\"isPartOf\":{\"@id\":\"https:\\\/\\\/algarve7.pt\\\/#website\"},\"primaryImageOfPage\":{\"@id\":\"https:\\\/\\\/algarve7.pt\\\/index.php\\\/2025\\\/09\\\/festas-do-pescador-voltam-a-reunir-milhares-de-pessoas-em-albufeira\\\/cultura\\\/13\\\/30\\\/#primaryimage\"},\"image\":{\"@id\":\"https:\\\/\\\/algarve7.pt\\\/index.php\\\/2025\\\/09\\\/festas-do-pescador-voltam-a-reunir-milhares-de-pessoas-em-albufeira\\\/cultura\\\/13\\\/30\\\/#primaryimage\"},\"thumbnailUrl\":\"https:\\\/\\\/algarve7.pt\\\/wp-content\\\/uploads\\\/2025\\\/09\\\/4166d6c9-4c4a-419f-bec0-3804733bb52f.jpg\",\"datePublished\":\"2025-09-09T12:30:00+00:00\",\"description\":\"Festas do pescador voltam a reunir milhares de pessoas em Albufeira Cultura\",\"breadcrumb\":{\"@id\":\"https:\\\/\\\/algarve7.pt\\\/index.php\\\/2025\\\/09\\\/festas-do-pescador-voltam-a-reunir-milhares-de-pessoas-em-albufeira\\\/cultura\\\/13\\\/30\\\/#breadcrumb\"},\"inLanguage\":\"pt-PT\",\"potentialAction\":[{\"@type\":\"ReadAction\",\"target\":[\"https:\\\/\\\/algarve7.pt\\\/index.php\\\/2025\\\/09\\\/festas-do-pescador-voltam-a-reunir-milhares-de-pessoas-em-albufeira\\\/cultura\\\/13\\\/30\\\/\"]}]},{\"@type\":\"ImageObject\",\"inLanguage\":\"pt-PT\",\"@id\":\"https:\\\/\\\/algarve7.pt\\\/index.php\\\/2025\\\/09\\\/festas-do-pescador-voltam-a-reunir-milhares-de-pessoas-em-albufeira\\\/cultura\\\/13\\\/30\\\/#primaryimage\",\"url\":\"https:\\\/\\\/algarve7.pt\\\/wp-content\\\/uploads\\\/2025\\\/09\\\/4166d6c9-4c4a-419f-bec0-3804733bb52f.jpg\",\"contentUrl\":\"https:\\\/\\\/algarve7.pt\\\/wp-content\\\/uploads\\\/2025\\\/09\\\/4166d6c9-4c4a-419f-bec0-3804733bb52f.jpg\",\"width\":800,\"height\":500},{\"@type\":\"BreadcrumbList\",\"@id\":\"https:\\\/\\\/algarve7.pt\\\/index.php\\\/2025\\\/09\\\/festas-do-pescador-voltam-a-reunir-milhares-de-pessoas-em-albufeira\\\/cultura\\\/13\\\/30\\\/#breadcrumb\",\"itemListElement\":[{\"@type\":\"ListItem\",\"position\":1,\"name\":\"In\u00edcio\",\"item\":\"https:\\\/\\\/algarve7.pt\\\/\"},{\"@type\":\"ListItem\",\"position\":2,\"name\":\"Festas do pescador voltam a reunir milhares de pessoas em Albufeira\"}]},{\"@type\":\"WebSite\",\"@id\":\"https:\\\/\\\/algarve7.pt\\\/#website\",\"url\":\"https:\\\/\\\/algarve7.pt\\\/\",\"name\":\"Algarve 7\",\"description\":\"Informa\u00e7\u00e3o sobre o Algarve\",\"publisher\":{\"@id\":\"https:\\\/\\\/algarve7.pt\\\/#organization\"},\"potentialAction\":[{\"@type\":\"SearchAction\",\"target\":{\"@type\":\"EntryPoint\",\"urlTemplate\":\"https:\\\/\\\/algarve7.pt\\\/?s={search_term_string}\"},\"query-input\":{\"@type\":\"PropertyValueSpecification\",\"valueRequired\":true,\"valueName\":\"search_term_string\"}}],\"inLanguage\":\"pt-PT\"},{\"@type\":\"Organization\",\"@id\":\"https:\\\/\\\/algarve7.pt\\\/#organization\",\"name\":\"Algarve 7\",\"url\":\"https:\\\/\\\/algarve7.pt\\\/\",\"logo\":{\"@type\":\"ImageObject\",\"inLanguage\":\"pt-PT\",\"@id\":\"https:\\\/\\\/algarve7.pt\\\/#\\\/schema\\\/logo\\\/image\\\/\",\"url\":\"https:\\\/\\\/algarve7.pt\\\/wp-content\\\/uploads\\\/2020\\\/10\\\/Logo-8.jpg\",\"contentUrl\":\"https:\\\/\\\/algarve7.pt\\\/wp-content\\\/uploads\\\/2020\\\/10\\\/Logo-8.jpg\",\"width\":1680,\"height\":1186,\"caption\":\"Algarve 7\"},\"image\":{\"@id\":\"https:\\\/\\\/algarve7.pt\\\/#\\\/schema\\\/logo\\\/image\\\/\"},\"sameAs\":[\"https:\\\/\\\/www.facebook.com\\\/algarve7\",\"https:\\\/\\\/x.com\\\/Algarvesete\",\"https:\\\/\\\/www.instagram.com\\\/jornalalgarve7\\\/\",\"https:\\\/\\\/www.linkedin.com\\\/company\\\/algarve7\",\"https:\\\/\\\/www.pinterest.pt\\\/geral0939\\\/_created\\\/\"]},{\"@type\":\"Person\",\"@id\":\"https:\\\/\\\/algarve7.pt\\\/#\\\/schema\\\/person\\\/23fa70681308e7b319a3204bcea45e0c\",\"name\":\"Algarve 7\",\"sameAs\":[\"https:\\\/\\\/algarve7.pt\",\"https:\\\/\\\/www.facebook.com\\\/algarve7\"],\"url\":\"https:\\\/\\\/algarve7.pt\\\/index.php\\\/author\\\/geralalgarve7-pt\\\/\"}]}<\/script>\n<!-- \/ Yoast SEO plugin. -->","yoast_head_json":{"title":"Festas do pescador voltam a reunir milhares de pessoas em Albufeira - Algarve 7","description":"Festas do pescador voltam a reunir milhares de pessoas em Albufeira Cultura","robots":{"index":"index","follow":"follow","max-snippet":"max-snippet:-1","max-image-preview":"max-image-preview:large","max-video-preview":"max-video-preview:-1"},"canonical":"https:\/\/algarve7.pt\/index.php\/2025\/09\/festas-do-pescador-voltam-a-reunir-milhares-de-pessoas-em-albufeira\/cultura\/13\/30\/","og_locale":"pt_PT","og_type":"article","og_title":"Festas do pescador voltam a reunir milhares de pessoas em Albufeira - Algarve 7","og_description":"Festas do pescador voltam a reunir milhares de pessoas em Albufeira Cultura","og_url":"https:\/\/algarve7.pt\/index.php\/2025\/09\/festas-do-pescador-voltam-a-reunir-milhares-de-pessoas-em-albufeira\/cultura\/13\/30\/","og_site_name":"Algarve 7","article_publisher":"https:\/\/www.facebook.com\/algarve7","article_author":"https:\/\/www.facebook.com\/algarve7","article_published_time":"2025-09-09T12:30:00+00:00","og_image":[{"width":800,"height":500,"url":"https:\/\/algarve7.pt\/wp-content\/uploads\/2025\/09\/4166d6c9-4c4a-419f-bec0-3804733bb52f.jpg","type":"image\/jpeg"}],"author":"Algarve 7","twitter_card":"summary_large_image","twitter_creator":"@Algarvesete","twitter_site":"@Algarvesete","twitter_misc":{"Escrito por":"Algarve 7","Tempo estimado de leitura":"3 minutos"},"schema":{"@context":"https:\/\/schema.org","@graph":[{"@type":"Article","@id":"https:\/\/algarve7.pt\/index.php\/2025\/09\/festas-do-pescador-voltam-a-reunir-milhares-de-pessoas-em-albufeira\/cultura\/13\/30\/#article","isPartOf":{"@id":"https:\/\/algarve7.pt\/index.php\/2025\/09\/festas-do-pescador-voltam-a-reunir-milhares-de-pessoas-em-albufeira\/cultura\/13\/30\/"},"author":{"name":"Algarve 7","@id":"https:\/\/algarve7.pt\/#\/schema\/person\/23fa70681308e7b319a3204bcea45e0c"},"headline":"Festas do pescador voltam a reunir milhares de pessoas em Albufeira","datePublished":"2025-09-09T12:30:00+00:00","mainEntityOfPage":{"@id":"https:\/\/algarve7.pt\/index.php\/2025\/09\/festas-do-pescador-voltam-a-reunir-milhares-de-pessoas-em-albufeira\/cultura\/13\/30\/"},"wordCount":459,"publisher":{"@id":"https:\/\/algarve7.pt\/#organization"},"image":{"@id":"https:\/\/algarve7.pt\/index.php\/2025\/09\/festas-do-pescador-voltam-a-reunir-milhares-de-pessoas-em-albufeira\/cultura\/13\/30\/#primaryimage"},"thumbnailUrl":"https:\/\/algarve7.pt\/wp-content\/uploads\/2025\/09\/4166d6c9-4c4a-419f-bec0-3804733bb52f.jpg","keywords":["Albufeira","Algarve","Cultura"],"articleSection":["Cultura"],"inLanguage":"pt-PT"},{"@type":"WebPage","@id":"https:\/\/algarve7.pt\/index.php\/2025\/09\/festas-do-pescador-voltam-a-reunir-milhares-de-pessoas-em-albufeira\/cultura\/13\/30\/","url":"https:\/\/algarve7.pt\/index.php\/2025\/09\/festas-do-pescador-voltam-a-reunir-milhares-de-pessoas-em-albufeira\/cultura\/13\/30\/","name":"Festas do pescador voltam a reunir milhares de pessoas em Albufeira - Algarve 7","isPartOf":{"@id":"https:\/\/algarve7.pt\/#website"},"primaryImageOfPage":{"@id":"https:\/\/algarve7.pt\/index.php\/2025\/09\/festas-do-pescador-voltam-a-reunir-milhares-de-pessoas-em-albufeira\/cultura\/13\/30\/#primaryimage"},"image":{"@id":"https:\/\/algarve7.pt\/index.php\/2025\/09\/festas-do-pescador-voltam-a-reunir-milhares-de-pessoas-em-albufeira\/cultura\/13\/30\/#primaryimage"},"thumbnailUrl":"https:\/\/algarve7.pt\/wp-content\/uploads\/2025\/09\/4166d6c9-4c4a-419f-bec0-3804733bb52f.jpg","datePublished":"2025-09-09T12:30:00+00:00","description":"Festas do pescador voltam a reunir milhares de pessoas em Albufeira Cultura","breadcrumb":{"@id":"https:\/\/algarve7.pt\/index.php\/2025\/09\/festas-do-pescador-voltam-a-reunir-milhares-de-pessoas-em-albufeira\/cultura\/13\/30\/#breadcrumb"},"inLanguage":"pt-PT","potentialAction":[{"@type":"ReadAction","target":["https:\/\/algarve7.pt\/index.php\/2025\/09\/festas-do-pescador-voltam-a-reunir-milhares-de-pessoas-em-albufeira\/cultura\/13\/30\/"]}]},{"@type":"ImageObject","inLanguage":"pt-PT","@id":"https:\/\/algarve7.pt\/index.php\/2025\/09\/festas-do-pescador-voltam-a-reunir-milhares-de-pessoas-em-albufeira\/cultura\/13\/30\/#primaryimage","url":"https:\/\/algarve7.pt\/wp-content\/uploads\/2025\/09\/4166d6c9-4c4a-419f-bec0-3804733bb52f.jpg","contentUrl":"https:\/\/algarve7.pt\/wp-content\/uploads\/2025\/09\/4166d6c9-4c4a-419f-bec0-3804733bb52f.jpg","width":800,"height":500},{"@type":"BreadcrumbList","@id":"https:\/\/algarve7.pt\/index.php\/2025\/09\/festas-do-pescador-voltam-a-reunir-milhares-de-pessoas-em-albufeira\/cultura\/13\/30\/#breadcrumb","itemListElement":[{"@type":"ListItem","position":1,"name":"In\u00edcio","item":"https:\/\/algarve7.pt\/"},{"@type":"ListItem","position":2,"name":"Festas do pescador voltam a reunir milhares de pessoas em Albufeira"}]},{"@type":"WebSite","@id":"https:\/\/algarve7.pt\/#website","url":"https:\/\/algarve7.pt\/","name":"Algarve 7","description":"Informa\u00e7\u00e3o sobre o Algarve","publisher":{"@id":"https:\/\/algarve7.pt\/#organization"},"potentialAction":[{"@type":"SearchAction","target":{"@type":"EntryPoint","urlTemplate":"https:\/\/algarve7.pt\/?s={search_term_string}"},"query-input":{"@type":"PropertyValueSpecification","valueRequired":true,"valueName":"search_term_string"}}],"inLanguage":"pt-PT"},{"@type":"Organization","@id":"https:\/\/algarve7.pt\/#organization","name":"Algarve 7","url":"https:\/\/algarve7.pt\/","logo":{"@type":"ImageObject","inLanguage":"pt-PT","@id":"https:\/\/algarve7.pt\/#\/schema\/logo\/image\/","url":"https:\/\/algarve7.pt\/wp-content\/uploads\/2020\/10\/Logo-8.jpg","contentUrl":"https:\/\/algarve7.pt\/wp-content\/uploads\/2020\/10\/Logo-8.jpg","width":1680,"height":1186,"caption":"Algarve 7"},"image":{"@id":"https:\/\/algarve7.pt\/#\/schema\/logo\/image\/"},"sameAs":["https:\/\/www.facebook.com\/algarve7","https:\/\/x.com\/Algarvesete","https:\/\/www.instagram.com\/jornalalgarve7\/","https:\/\/www.linkedin.com\/company\/algarve7","https:\/\/www.pinterest.pt\/geral0939\/_created\/"]},{"@type":"Person","@id":"https:\/\/algarve7.pt\/#\/schema\/person\/23fa70681308e7b319a3204bcea45e0c","name":"Algarve 7","sameAs":["https:\/\/algarve7.pt","https:\/\/www.facebook.com\/algarve7"],"url":"https:\/\/algarve7.pt\/index.php\/author\/geralalgarve7-pt\/"}]}},"jetpack_publicize_connections":[],"jetpack_featured_media_url":"https:\/\/algarve7.pt\/wp-content\/uploads\/2025\/09\/4166d6c9-4c4a-419f-bec0-3804733bb52f.jpg","jetpack_shortlink":"https:\/\/wp.me\/pcezmW-e16","jetpack_sharing_enabled":true,"_links":{"self":[{"href":"https:\/\/algarve7.pt\/index.php\/wp-json\/wp\/v2\/posts\/53884","targetHints":{"allow":["GET"]}}],"collection":[{"href":"https:\/\/algarve7.pt\/index.php\/wp-json\/wp\/v2\/posts"}],"about":[{"href":"https:\/\/algarve7.pt\/index.php\/wp-json\/wp\/v2\/types\/post"}],"author":[{"embeddable":true,"href":"https:\/\/algarve7.pt\/index.php\/wp-json\/wp\/v2\/users\/1"}],"replies":[{"embeddable":true,"href":"https:\/\/algarve7.pt\/index.php\/wp-json\/wp\/v2\/comments?post=53884"}],"version-history":[{"count":0,"href":"https:\/\/algarve7.pt\/index.php\/wp-json\/wp\/v2\/posts\/53884\/revisions"}],"wp:featuredmedia":[{"embeddable":true,"href":"https:\/\/algarve7.pt\/index.php\/wp-json\/wp\/v2\/media\/53885"}],"wp:attachment":[{"href":"https:\/\/algarve7.pt\/index.php\/wp-json\/wp\/v2\/media?parent=53884"}],"wp:term":[{"taxonomy":"category","embeddable":true,"href":"https:\/\/algarve7.pt\/index.php\/wp-json\/wp\/v2\/categories?post=53884"},{"taxonomy":"post_tag","embeddable":true,"href":"https:\/\/algarve7.pt\/index.php\/wp-json\/wp\/v2\/tags?post=53884"}],"curies":[{"name":"wp","href":"https:\/\/api.w.org\/{rel}","templated":true}]}}