{"id":53881,"date":"2025-09-09T13:02:16","date_gmt":"2025-09-09T12:02:16","guid":{"rendered":"https:\/\/algarve7.pt\/?p=53881"},"modified":"2025-09-09T13:02:26","modified_gmt":"2025-09-09T12:02:26","slug":"algarve-recebe-mais-de-mil-especialistas-reunem-se-para-debater-desafios-da-psiquiatria-e-saude-mental-em-portugal","status":"publish","type":"post","link":"https:\/\/algarve7.pt\/index.php\/2025\/09\/algarve-recebe-mais-de-mil-especialistas-reunem-se-para-debater-desafios-da-psiquiatria-e-saude-mental-em-portugal\/saude\/13\/02\/","title":{"rendered":"Algarve recebe mais de mil especialistas re\u00fanem-se para debater desafios da Psiquiatria e Sa\u00fade Mental em Portugal"},"content":{"rendered":"\n<p>A Sociedade Portuguesa de Psiquiatria e Sa\u00fade Mental (SPPSM) vai realizar o XIX Congresso Nacional de Psiquiatria, entre os dias 19 e 22 de novembro, no Pal\u00e1cio de Congressos do Algarve, em Albufeira. Este evento visa partilhar e atualizar conhecimentos cient\u00edficos, debater aspetos da pr\u00e1tica cl\u00ednica, bem como divulgar e contribuir para a discuss\u00e3o da mais recente investiga\u00e7\u00e3o em Psiquiatria e Sa\u00fade Mental.<\/p>\n\n\n\n<p>\u201cO Congresso Nacional de Psiquiatria \u00e9, sem d\u00favida, o maior e mais relevante evento cient\u00edfico da \u00e1rea em Portugal. Este ano, sob o tema \u201cDo corpo ao c\u00e9rebro na Psiquiatria&#8221;, iremos centrar-nos nos avan\u00e7os mais recentes da investiga\u00e7\u00e3o e na sua tradu\u00e7\u00e3o para a pr\u00e1tica cl\u00ednica, promovendo abordagens mais individualizadas, eficazes e alinhadas com as necessidades de cada paciente\u201d, explica Jo\u00e3o Bessa, Presidente da SPPSM. Albino Oliveira Maia, vice-presidente da SPPSM e presidente do Congresso de 2025, acrescenta que \u201cser\u00e3o debatidos temas emergentes como a intera\u00e7\u00e3o entre o c\u00e9rebro e o intestino, os avan\u00e7os em psicofarmacologia e em neuromodula\u00e7\u00e3o, e o papel da imunologia na pr\u00e1tica psiqui\u00e1trica\u201d.<\/p>\n\n\n\n<p>O XIX Congresso Nacional de Psiquiatria contar\u00e1 com mais de 100 palestrantes nacionais e uma dezena de palestrantes internacionais, entre os quais:&nbsp;<\/p>\n\n\n\n<p>Dr. Andre Brunoni, especialista em tratamentos psiqui\u00e1tricos com neuro-estimula\u00e7\u00e3o, da Universidade de S. Paulo;<\/p>\n\n\n\n<p>Dr. Roger S. McIntyre, da Universidade de Toronto, que vai discutir o uso de medicamentos para a diabetes e perda de peso no tratamento de doen\u00e7as psiqui\u00e1tricas;<\/p>\n\n\n\n<p>Dr. John Cryan, pioneiro no estudo do impacto do microbioma intestinal na sa\u00fade do c\u00e9rebro da Universidade de Cork, cujo trabalho \u00e9 discutido na s\u00e9rie da Netflix \u201cHack Your Health: Secrets of the Gut\u201d;<\/p>\n\n\n\n<p>Dr.\u00aa Jenny Yip, psicoterapeuta especialista em Perturba\u00e7\u00e3o Obsessiva Compulsiva, da International OCD Foundation;<\/p>\n\n\n\n<p>Dr.\u00aa Tetyana Rocks, nutricionista, da Universidade de Deakin na Austr\u00e1lia, perita em Psiquiatria Nutricional;<\/p>\n\n\n\n<p>\u00a0Dr. Carmine M. Pariante, especialista em determinantes imunol\u00f3gicos da doen\u00e7a mental, do Instituto de Psiquiatria em Londres.<\/p>\n\n\n\n<p>Para mais informa\u00e7\u00f5es consulte o site:\u00a0<a href=\"http:\/\/www.cnp2025.pt\/\" target=\"_blank\" rel=\"noreferrer noopener\">www.cnp2025.pt\/<\/a>.<\/p>\n","protected":false},"excerpt":{"rendered":"<p>A Sociedade Portuguesa de Psiquiatria e Sa\u00fade Mental (SPPSM) vai realizar o XIX Congresso Nacional de Psiquiatria, entre os dias<\/p>\n","protected":false},"author":1,"featured_media":53882,"comment_status":"closed","ping_status":"closed","sticky":false,"template":"","format":"standard","meta":{"colormag_page_container_layout":"default_layout","colormag_page_sidebar_layout":"default_layout","_monsterinsights_skip_tracking":false,"_monsterinsights_sitenote_active":false,"_monsterinsights_sitenote_note":"","_monsterinsights_sitenote_category":0,"jetpack_post_was_ever_published":false,"_jetpack_newsletter_access":"","_jetpack_dont_email_post_to_subs":false,"_jetpack_newsletter_tier_id":0,"_jetpack_memberships_contains_paywalled_content":false,"_jetpack_memberships_contains_paid_content":false,"footnotes":"","jetpack_publicize_message":"","jetpack_publicize_feature_enabled":true,"jetpack_social_post_already_shared":true,"jetpack_social_options":{"image_generator_settings":{"template":"highway","default_image_id":0,"font":"","enabled":false},"version":2}},"categories":[59],"tags":[36,58],"class_list":["post-53881","post","type-post","status-publish","format-standard","has-post-thumbnail","hentry","category-saude","tag-algarve","tag-saude"],"yoast_head":"<!-- This site is optimized with the Yoast SEO plugin v27.5 - https:\/\/yoast.com\/product\/yoast-seo-wordpress\/ -->\n<title>Algarve recebe mais de mil especialistas re\u00fanem-se para debater desafios da Psiquiatria e Sa\u00fade Mental em Portugal - Algarve 7<\/title>\n<meta name=\"description\" content=\"Algarve recebe mais de mil especialistas re\u00fanem-se para debater desafios da Psiquiatria e Sa\u00fade Mental em Portugal Sa\u00fade\" \/>\n<meta name=\"robots\" content=\"index, follow, max-snippet:-1, max-image-preview:large, max-video-preview:-1\" \/>\n<link rel=\"canonical\" href=\"https:\/\/algarve7.pt\/index.php\/2025\/09\/algarve-recebe-mais-de-mil-especialistas-reunem-se-para-debater-desafios-da-psiquiatria-e-saude-mental-em-portugal\/saude\/13\/02\/\" \/>\n<meta property=\"og:locale\" content=\"pt_PT\" \/>\n<meta property=\"og:type\" content=\"article\" \/>\n<meta property=\"og:title\" content=\"Algarve recebe mais de mil especialistas re\u00fanem-se para debater desafios da Psiquiatria e Sa\u00fade Mental em Portugal - Algarve 7\" \/>\n<meta property=\"og:description\" content=\"Algarve recebe mais de mil especialistas re\u00fanem-se para debater desafios da Psiquiatria e Sa\u00fade Mental em Portugal Sa\u00fade\" \/>\n<meta property=\"og:url\" content=\"https:\/\/algarve7.pt\/index.php\/2025\/09\/algarve-recebe-mais-de-mil-especialistas-reunem-se-para-debater-desafios-da-psiquiatria-e-saude-mental-em-portugal\/saude\/13\/02\/\" \/>\n<meta property=\"og:site_name\" content=\"Algarve 7\" \/>\n<meta property=\"article:publisher\" content=\"https:\/\/www.facebook.com\/algarve7\" \/>\n<meta property=\"article:author\" content=\"https:\/\/www.facebook.com\/algarve7\" \/>\n<meta property=\"article:published_time\" content=\"2025-09-09T12:02:16+00:00\" \/>\n<meta property=\"article:modified_time\" content=\"2025-09-09T12:02:26+00:00\" \/>\n<meta property=\"og:image\" content=\"https:\/\/algarve7.pt\/wp-content\/uploads\/2025\/09\/XIX-Congresso-Nacional-de-Psiquiatria_Imagem-Horizontal.jpg\" \/>\n\t<meta property=\"og:image:width\" content=\"800\" \/>\n\t<meta property=\"og:image:height\" content=\"500\" \/>\n\t<meta property=\"og:image:type\" content=\"image\/jpeg\" \/>\n<meta name=\"author\" content=\"Algarve 7\" \/>\n<meta name=\"twitter:card\" content=\"summary_large_image\" \/>\n<meta name=\"twitter:creator\" content=\"@Algarvesete\" \/>\n<meta name=\"twitter:site\" content=\"@Algarvesete\" \/>\n<meta name=\"twitter:label1\" content=\"Escrito por\" \/>\n\t<meta name=\"twitter:data1\" content=\"Algarve 7\" \/>\n\t<meta name=\"twitter:label2\" content=\"Tempo estimado de leitura\" \/>\n\t<meta name=\"twitter:data2\" content=\"2 minutos\" \/>\n<script type=\"application\/ld+json\" class=\"yoast-schema-graph\">{\"@context\":\"https:\\\/\\\/schema.org\",\"@graph\":[{\"@type\":\"Article\",\"@id\":\"https:\\\/\\\/algarve7.pt\\\/index.php\\\/2025\\\/09\\\/algarve-recebe-mais-de-mil-especialistas-reunem-se-para-debater-desafios-da-psiquiatria-e-saude-mental-em-portugal\\\/saude\\\/13\\\/02\\\/#article\",\"isPartOf\":{\"@id\":\"https:\\\/\\\/algarve7.pt\\\/index.php\\\/2025\\\/09\\\/algarve-recebe-mais-de-mil-especialistas-reunem-se-para-debater-desafios-da-psiquiatria-e-saude-mental-em-portugal\\\/saude\\\/13\\\/02\\\/\"},\"author\":{\"name\":\"Algarve 7\",\"@id\":\"https:\\\/\\\/algarve7.pt\\\/#\\\/schema\\\/person\\\/23fa70681308e7b319a3204bcea45e0c\"},\"headline\":\"Algarve recebe mais de mil especialistas re\u00fanem-se para debater desafios da Psiquiatria e Sa\u00fade Mental em Portugal\",\"datePublished\":\"2025-09-09T12:02:16+00:00\",\"dateModified\":\"2025-09-09T12:02:26+00:00\",\"mainEntityOfPage\":{\"@id\":\"https:\\\/\\\/algarve7.pt\\\/index.php\\\/2025\\\/09\\\/algarve-recebe-mais-de-mil-especialistas-reunem-se-para-debater-desafios-da-psiquiatria-e-saude-mental-em-portugal\\\/saude\\\/13\\\/02\\\/\"},\"wordCount\":370,\"publisher\":{\"@id\":\"https:\\\/\\\/algarve7.pt\\\/#organization\"},\"image\":{\"@id\":\"https:\\\/\\\/algarve7.pt\\\/index.php\\\/2025\\\/09\\\/algarve-recebe-mais-de-mil-especialistas-reunem-se-para-debater-desafios-da-psiquiatria-e-saude-mental-em-portugal\\\/saude\\\/13\\\/02\\\/#primaryimage\"},\"thumbnailUrl\":\"https:\\\/\\\/algarve7.pt\\\/wp-content\\\/uploads\\\/2025\\\/09\\\/XIX-Congresso-Nacional-de-Psiquiatria_Imagem-Horizontal.jpg\",\"keywords\":[\"Algarve\",\"Sa\u00fade\"],\"articleSection\":[\"Sa\u00fade\"],\"inLanguage\":\"pt-PT\"},{\"@type\":\"WebPage\",\"@id\":\"https:\\\/\\\/algarve7.pt\\\/index.php\\\/2025\\\/09\\\/algarve-recebe-mais-de-mil-especialistas-reunem-se-para-debater-desafios-da-psiquiatria-e-saude-mental-em-portugal\\\/saude\\\/13\\\/02\\\/\",\"url\":\"https:\\\/\\\/algarve7.pt\\\/index.php\\\/2025\\\/09\\\/algarve-recebe-mais-de-mil-especialistas-reunem-se-para-debater-desafios-da-psiquiatria-e-saude-mental-em-portugal\\\/saude\\\/13\\\/02\\\/\",\"name\":\"Algarve recebe mais de mil especialistas re\u00fanem-se para debater desafios da Psiquiatria e Sa\u00fade Mental em Portugal - Algarve 7\",\"isPartOf\":{\"@id\":\"https:\\\/\\\/algarve7.pt\\\/#website\"},\"primaryImageOfPage\":{\"@id\":\"https:\\\/\\\/algarve7.pt\\\/index.php\\\/2025\\\/09\\\/algarve-recebe-mais-de-mil-especialistas-reunem-se-para-debater-desafios-da-psiquiatria-e-saude-mental-em-portugal\\\/saude\\\/13\\\/02\\\/#primaryimage\"},\"image\":{\"@id\":\"https:\\\/\\\/algarve7.pt\\\/index.php\\\/2025\\\/09\\\/algarve-recebe-mais-de-mil-especialistas-reunem-se-para-debater-desafios-da-psiquiatria-e-saude-mental-em-portugal\\\/saude\\\/13\\\/02\\\/#primaryimage\"},\"thumbnailUrl\":\"https:\\\/\\\/algarve7.pt\\\/wp-content\\\/uploads\\\/2025\\\/09\\\/XIX-Congresso-Nacional-de-Psiquiatria_Imagem-Horizontal.jpg\",\"datePublished\":\"2025-09-09T12:02:16+00:00\",\"dateModified\":\"2025-09-09T12:02:26+00:00\",\"description\":\"Algarve recebe mais de mil especialistas re\u00fanem-se para debater desafios da Psiquiatria e Sa\u00fade Mental em Portugal Sa\u00fade\",\"breadcrumb\":{\"@id\":\"https:\\\/\\\/algarve7.pt\\\/index.php\\\/2025\\\/09\\\/algarve-recebe-mais-de-mil-especialistas-reunem-se-para-debater-desafios-da-psiquiatria-e-saude-mental-em-portugal\\\/saude\\\/13\\\/02\\\/#breadcrumb\"},\"inLanguage\":\"pt-PT\",\"potentialAction\":[{\"@type\":\"ReadAction\",\"target\":[\"https:\\\/\\\/algarve7.pt\\\/index.php\\\/2025\\\/09\\\/algarve-recebe-mais-de-mil-especialistas-reunem-se-para-debater-desafios-da-psiquiatria-e-saude-mental-em-portugal\\\/saude\\\/13\\\/02\\\/\"]}]},{\"@type\":\"ImageObject\",\"inLanguage\":\"pt-PT\",\"@id\":\"https:\\\/\\\/algarve7.pt\\\/index.php\\\/2025\\\/09\\\/algarve-recebe-mais-de-mil-especialistas-reunem-se-para-debater-desafios-da-psiquiatria-e-saude-mental-em-portugal\\\/saude\\\/13\\\/02\\\/#primaryimage\",\"url\":\"https:\\\/\\\/algarve7.pt\\\/wp-content\\\/uploads\\\/2025\\\/09\\\/XIX-Congresso-Nacional-de-Psiquiatria_Imagem-Horizontal.jpg\",\"contentUrl\":\"https:\\\/\\\/algarve7.pt\\\/wp-content\\\/uploads\\\/2025\\\/09\\\/XIX-Congresso-Nacional-de-Psiquiatria_Imagem-Horizontal.jpg\",\"width\":800,\"height\":500},{\"@type\":\"BreadcrumbList\",\"@id\":\"https:\\\/\\\/algarve7.pt\\\/index.php\\\/2025\\\/09\\\/algarve-recebe-mais-de-mil-especialistas-reunem-se-para-debater-desafios-da-psiquiatria-e-saude-mental-em-portugal\\\/saude\\\/13\\\/02\\\/#breadcrumb\",\"itemListElement\":[{\"@type\":\"ListItem\",\"position\":1,\"name\":\"In\u00edcio\",\"item\":\"https:\\\/\\\/algarve7.pt\\\/\"},{\"@type\":\"ListItem\",\"position\":2,\"name\":\"Algarve recebe mais de mil especialistas re\u00fanem-se para debater desafios da Psiquiatria e Sa\u00fade Mental em Portugal\"}]},{\"@type\":\"WebSite\",\"@id\":\"https:\\\/\\\/algarve7.pt\\\/#website\",\"url\":\"https:\\\/\\\/algarve7.pt\\\/\",\"name\":\"Algarve 7\",\"description\":\"Informa\u00e7\u00e3o sobre o Algarve\",\"publisher\":{\"@id\":\"https:\\\/\\\/algarve7.pt\\\/#organization\"},\"potentialAction\":[{\"@type\":\"SearchAction\",\"target\":{\"@type\":\"EntryPoint\",\"urlTemplate\":\"https:\\\/\\\/algarve7.pt\\\/?s={search_term_string}\"},\"query-input\":{\"@type\":\"PropertyValueSpecification\",\"valueRequired\":true,\"valueName\":\"search_term_string\"}}],\"inLanguage\":\"pt-PT\"},{\"@type\":\"Organization\",\"@id\":\"https:\\\/\\\/algarve7.pt\\\/#organization\",\"name\":\"Algarve 7\",\"url\":\"https:\\\/\\\/algarve7.pt\\\/\",\"logo\":{\"@type\":\"ImageObject\",\"inLanguage\":\"pt-PT\",\"@id\":\"https:\\\/\\\/algarve7.pt\\\/#\\\/schema\\\/logo\\\/image\\\/\",\"url\":\"https:\\\/\\\/algarve7.pt\\\/wp-content\\\/uploads\\\/2020\\\/10\\\/Logo-8.jpg\",\"contentUrl\":\"https:\\\/\\\/algarve7.pt\\\/wp-content\\\/uploads\\\/2020\\\/10\\\/Logo-8.jpg\",\"width\":1680,\"height\":1186,\"caption\":\"Algarve 7\"},\"image\":{\"@id\":\"https:\\\/\\\/algarve7.pt\\\/#\\\/schema\\\/logo\\\/image\\\/\"},\"sameAs\":[\"https:\\\/\\\/www.facebook.com\\\/algarve7\",\"https:\\\/\\\/x.com\\\/Algarvesete\",\"https:\\\/\\\/www.instagram.com\\\/jornalalgarve7\\\/\",\"https:\\\/\\\/www.linkedin.com\\\/company\\\/algarve7\",\"https:\\\/\\\/www.pinterest.pt\\\/geral0939\\\/_created\\\/\"]},{\"@type\":\"Person\",\"@id\":\"https:\\\/\\\/algarve7.pt\\\/#\\\/schema\\\/person\\\/23fa70681308e7b319a3204bcea45e0c\",\"name\":\"Algarve 7\",\"sameAs\":[\"https:\\\/\\\/algarve7.pt\",\"https:\\\/\\\/www.facebook.com\\\/algarve7\"],\"url\":\"https:\\\/\\\/algarve7.pt\\\/index.php\\\/author\\\/geralalgarve7-pt\\\/\"}]}<\/script>\n<!-- \/ Yoast SEO plugin. -->","yoast_head_json":{"title":"Algarve recebe mais de mil especialistas re\u00fanem-se para debater desafios da Psiquiatria e Sa\u00fade Mental em Portugal - Algarve 7","description":"Algarve recebe mais de mil especialistas re\u00fanem-se para debater desafios da Psiquiatria e Sa\u00fade Mental em Portugal Sa\u00fade","robots":{"index":"index","follow":"follow","max-snippet":"max-snippet:-1","max-image-preview":"max-image-preview:large","max-video-preview":"max-video-preview:-1"},"canonical":"https:\/\/algarve7.pt\/index.php\/2025\/09\/algarve-recebe-mais-de-mil-especialistas-reunem-se-para-debater-desafios-da-psiquiatria-e-saude-mental-em-portugal\/saude\/13\/02\/","og_locale":"pt_PT","og_type":"article","og_title":"Algarve recebe mais de mil especialistas re\u00fanem-se para debater desafios da Psiquiatria e Sa\u00fade Mental em Portugal - Algarve 7","og_description":"Algarve recebe mais de mil especialistas re\u00fanem-se para debater desafios da Psiquiatria e Sa\u00fade Mental em Portugal Sa\u00fade","og_url":"https:\/\/algarve7.pt\/index.php\/2025\/09\/algarve-recebe-mais-de-mil-especialistas-reunem-se-para-debater-desafios-da-psiquiatria-e-saude-mental-em-portugal\/saude\/13\/02\/","og_site_name":"Algarve 7","article_publisher":"https:\/\/www.facebook.com\/algarve7","article_author":"https:\/\/www.facebook.com\/algarve7","article_published_time":"2025-09-09T12:02:16+00:00","article_modified_time":"2025-09-09T12:02:26+00:00","og_image":[{"width":800,"height":500,"url":"https:\/\/algarve7.pt\/wp-content\/uploads\/2025\/09\/XIX-Congresso-Nacional-de-Psiquiatria_Imagem-Horizontal.jpg","type":"image\/jpeg"}],"author":"Algarve 7","twitter_card":"summary_large_image","twitter_creator":"@Algarvesete","twitter_site":"@Algarvesete","twitter_misc":{"Escrito por":"Algarve 7","Tempo estimado de leitura":"2 minutos"},"schema":{"@context":"https:\/\/schema.org","@graph":[{"@type":"Article","@id":"https:\/\/algarve7.pt\/index.php\/2025\/09\/algarve-recebe-mais-de-mil-especialistas-reunem-se-para-debater-desafios-da-psiquiatria-e-saude-mental-em-portugal\/saude\/13\/02\/#article","isPartOf":{"@id":"https:\/\/algarve7.pt\/index.php\/2025\/09\/algarve-recebe-mais-de-mil-especialistas-reunem-se-para-debater-desafios-da-psiquiatria-e-saude-mental-em-portugal\/saude\/13\/02\/"},"author":{"name":"Algarve 7","@id":"https:\/\/algarve7.pt\/#\/schema\/person\/23fa70681308e7b319a3204bcea45e0c"},"headline":"Algarve recebe mais de mil especialistas re\u00fanem-se para debater desafios da Psiquiatria e Sa\u00fade Mental em Portugal","datePublished":"2025-09-09T12:02:16+00:00","dateModified":"2025-09-09T12:02:26+00:00","mainEntityOfPage":{"@id":"https:\/\/algarve7.pt\/index.php\/2025\/09\/algarve-recebe-mais-de-mil-especialistas-reunem-se-para-debater-desafios-da-psiquiatria-e-saude-mental-em-portugal\/saude\/13\/02\/"},"wordCount":370,"publisher":{"@id":"https:\/\/algarve7.pt\/#organization"},"image":{"@id":"https:\/\/algarve7.pt\/index.php\/2025\/09\/algarve-recebe-mais-de-mil-especialistas-reunem-se-para-debater-desafios-da-psiquiatria-e-saude-mental-em-portugal\/saude\/13\/02\/#primaryimage"},"thumbnailUrl":"https:\/\/algarve7.pt\/wp-content\/uploads\/2025\/09\/XIX-Congresso-Nacional-de-Psiquiatria_Imagem-Horizontal.jpg","keywords":["Algarve","Sa\u00fade"],"articleSection":["Sa\u00fade"],"inLanguage":"pt-PT"},{"@type":"WebPage","@id":"https:\/\/algarve7.pt\/index.php\/2025\/09\/algarve-recebe-mais-de-mil-especialistas-reunem-se-para-debater-desafios-da-psiquiatria-e-saude-mental-em-portugal\/saude\/13\/02\/","url":"https:\/\/algarve7.pt\/index.php\/2025\/09\/algarve-recebe-mais-de-mil-especialistas-reunem-se-para-debater-desafios-da-psiquiatria-e-saude-mental-em-portugal\/saude\/13\/02\/","name":"Algarve recebe mais de mil especialistas re\u00fanem-se para debater desafios da Psiquiatria e Sa\u00fade Mental em Portugal - Algarve 7","isPartOf":{"@id":"https:\/\/algarve7.pt\/#website"},"primaryImageOfPage":{"@id":"https:\/\/algarve7.pt\/index.php\/2025\/09\/algarve-recebe-mais-de-mil-especialistas-reunem-se-para-debater-desafios-da-psiquiatria-e-saude-mental-em-portugal\/saude\/13\/02\/#primaryimage"},"image":{"@id":"https:\/\/algarve7.pt\/index.php\/2025\/09\/algarve-recebe-mais-de-mil-especialistas-reunem-se-para-debater-desafios-da-psiquiatria-e-saude-mental-em-portugal\/saude\/13\/02\/#primaryimage"},"thumbnailUrl":"https:\/\/algarve7.pt\/wp-content\/uploads\/2025\/09\/XIX-Congresso-Nacional-de-Psiquiatria_Imagem-Horizontal.jpg","datePublished":"2025-09-09T12:02:16+00:00","dateModified":"2025-09-09T12:02:26+00:00","description":"Algarve recebe mais de mil especialistas re\u00fanem-se para debater desafios da Psiquiatria e Sa\u00fade Mental em Portugal Sa\u00fade","breadcrumb":{"@id":"https:\/\/algarve7.pt\/index.php\/2025\/09\/algarve-recebe-mais-de-mil-especialistas-reunem-se-para-debater-desafios-da-psiquiatria-e-saude-mental-em-portugal\/saude\/13\/02\/#breadcrumb"},"inLanguage":"pt-PT","potentialAction":[{"@type":"ReadAction","target":["https:\/\/algarve7.pt\/index.php\/2025\/09\/algarve-recebe-mais-de-mil-especialistas-reunem-se-para-debater-desafios-da-psiquiatria-e-saude-mental-em-portugal\/saude\/13\/02\/"]}]},{"@type":"ImageObject","inLanguage":"pt-PT","@id":"https:\/\/algarve7.pt\/index.php\/2025\/09\/algarve-recebe-mais-de-mil-especialistas-reunem-se-para-debater-desafios-da-psiquiatria-e-saude-mental-em-portugal\/saude\/13\/02\/#primaryimage","url":"https:\/\/algarve7.pt\/wp-content\/uploads\/2025\/09\/XIX-Congresso-Nacional-de-Psiquiatria_Imagem-Horizontal.jpg","contentUrl":"https:\/\/algarve7.pt\/wp-content\/uploads\/2025\/09\/XIX-Congresso-Nacional-de-Psiquiatria_Imagem-Horizontal.jpg","width":800,"height":500},{"@type":"BreadcrumbList","@id":"https:\/\/algarve7.pt\/index.php\/2025\/09\/algarve-recebe-mais-de-mil-especialistas-reunem-se-para-debater-desafios-da-psiquiatria-e-saude-mental-em-portugal\/saude\/13\/02\/#breadcrumb","itemListElement":[{"@type":"ListItem","position":1,"name":"In\u00edcio","item":"https:\/\/algarve7.pt\/"},{"@type":"ListItem","position":2,"name":"Algarve recebe mais de mil especialistas re\u00fanem-se para debater desafios da Psiquiatria e Sa\u00fade Mental em Portugal"}]},{"@type":"WebSite","@id":"https:\/\/algarve7.pt\/#website","url":"https:\/\/algarve7.pt\/","name":"Algarve 7","description":"Informa\u00e7\u00e3o sobre o Algarve","publisher":{"@id":"https:\/\/algarve7.pt\/#organization"},"potentialAction":[{"@type":"SearchAction","target":{"@type":"EntryPoint","urlTemplate":"https:\/\/algarve7.pt\/?s={search_term_string}"},"query-input":{"@type":"PropertyValueSpecification","valueRequired":true,"valueName":"search_term_string"}}],"inLanguage":"pt-PT"},{"@type":"Organization","@id":"https:\/\/algarve7.pt\/#organization","name":"Algarve 7","url":"https:\/\/algarve7.pt\/","logo":{"@type":"ImageObject","inLanguage":"pt-PT","@id":"https:\/\/algarve7.pt\/#\/schema\/logo\/image\/","url":"https:\/\/algarve7.pt\/wp-content\/uploads\/2020\/10\/Logo-8.jpg","contentUrl":"https:\/\/algarve7.pt\/wp-content\/uploads\/2020\/10\/Logo-8.jpg","width":1680,"height":1186,"caption":"Algarve 7"},"image":{"@id":"https:\/\/algarve7.pt\/#\/schema\/logo\/image\/"},"sameAs":["https:\/\/www.facebook.com\/algarve7","https:\/\/x.com\/Algarvesete","https:\/\/www.instagram.com\/jornalalgarve7\/","https:\/\/www.linkedin.com\/company\/algarve7","https:\/\/www.pinterest.pt\/geral0939\/_created\/"]},{"@type":"Person","@id":"https:\/\/algarve7.pt\/#\/schema\/person\/23fa70681308e7b319a3204bcea45e0c","name":"Algarve 7","sameAs":["https:\/\/algarve7.pt","https:\/\/www.facebook.com\/algarve7"],"url":"https:\/\/algarve7.pt\/index.php\/author\/geralalgarve7-pt\/"}]}},"jetpack_publicize_connections":[],"jetpack_featured_media_url":"https:\/\/algarve7.pt\/wp-content\/uploads\/2025\/09\/XIX-Congresso-Nacional-de-Psiquiatria_Imagem-Horizontal.jpg","jetpack_shortlink":"https:\/\/wp.me\/pcezmW-e13","jetpack_sharing_enabled":true,"_links":{"self":[{"href":"https:\/\/algarve7.pt\/index.php\/wp-json\/wp\/v2\/posts\/53881","targetHints":{"allow":["GET"]}}],"collection":[{"href":"https:\/\/algarve7.pt\/index.php\/wp-json\/wp\/v2\/posts"}],"about":[{"href":"https:\/\/algarve7.pt\/index.php\/wp-json\/wp\/v2\/types\/post"}],"author":[{"embeddable":true,"href":"https:\/\/algarve7.pt\/index.php\/wp-json\/wp\/v2\/users\/1"}],"replies":[{"embeddable":true,"href":"https:\/\/algarve7.pt\/index.php\/wp-json\/wp\/v2\/comments?post=53881"}],"version-history":[{"count":0,"href":"https:\/\/algarve7.pt\/index.php\/wp-json\/wp\/v2\/posts\/53881\/revisions"}],"wp:featuredmedia":[{"embeddable":true,"href":"https:\/\/algarve7.pt\/index.php\/wp-json\/wp\/v2\/media\/53882"}],"wp:attachment":[{"href":"https:\/\/algarve7.pt\/index.php\/wp-json\/wp\/v2\/media?parent=53881"}],"wp:term":[{"taxonomy":"category","embeddable":true,"href":"https:\/\/algarve7.pt\/index.php\/wp-json\/wp\/v2\/categories?post=53881"},{"taxonomy":"post_tag","embeddable":true,"href":"https:\/\/algarve7.pt\/index.php\/wp-json\/wp\/v2\/tags?post=53881"}],"curies":[{"name":"wp","href":"https:\/\/api.w.org\/{rel}","templated":true}]}}