{"id":53631,"date":"2025-09-01T08:35:00","date_gmt":"2025-09-01T07:35:00","guid":{"rendered":"https:\/\/algarve7.pt\/?p=53631"},"modified":"2025-08-30T10:18:27","modified_gmt":"2025-08-30T09:18:27","slug":"feira-equestre-do-sul-anima-ferreiras-de-12-a-14-de-setembro","status":"publish","type":"post","link":"https:\/\/algarve7.pt\/index.php\/2025\/09\/feira-equestre-do-sul-anima-ferreiras-de-12-a-14-de-setembro\/atualidade\/08\/35\/","title":{"rendered":"Feira Equestre do Sul anima Ferreiras de 12 a 14 de setembro"},"content":{"rendered":"\n<p>A Junta de Freguesia de Ferreiras anuncia a realiza\u00e7\u00e3o da Feira Equestre do Sul, que ter\u00e1 lugar de 12 a 14 de setembro de 2025, no Mercado do Levante, em Ferreiras, Albufeira. O evento ser\u00e1 dedicado ao mundo equestre, com especial destaque para o Cavalo Lusitano, reunindo criadores, cavaleiros, amantes da equita\u00e7\u00e3o e curiosos em torno de competi\u00e7\u00f5es, demonstra\u00e7\u00f5es, momentos de conv\u00edvio e valoriza\u00e7\u00e3o da cultura equestre.<\/p>\n\n\n\n<p>A Feira Equestre do Sul tem como objetivo proporcionar aos visitantes uma mostra do Cavalo Puro-Sangue Lusitano, pelas m\u00e3os de alguns dos melhores criadores de Portugal e Espanha. Para al\u00e9m da exposi\u00e7\u00e3o, o programa integra momentos de grande destaque: na sexta-feira, dia de inaugura\u00e7\u00e3o, ter\u00e1 lugar uma emocionante Gala Equestre, enquanto no s\u00e1bado o p\u00fablico poder\u00e1 assistir ao Desfile de Coudelarias, acompanhado por uma Noite de Fados ao vivo.<\/p>\n\n\n\n<p>Est\u00e3o ainda previstas provas de Dressage e de Equita\u00e7\u00e3o \u00e0 Portuguesa, com a participa\u00e7\u00e3o de v\u00e1rios cavaleiros. O programa, repleto de atividades, ser\u00e1 comunicado muito em breve.&nbsp;<\/p>\n\n\n\n<p>A Feira Equestre do Sul conta com a colabora\u00e7\u00e3o da C\u00e2mara Municipal de Albufeira, Federa\u00e7\u00e3o Equestre Portuguesa e Associa\u00e7\u00e3o Portuguesa de Criadores de Cavalo Lusitano.<\/p>\n\n\n\n<p>Segundo o presidente da Junta de Freguesia de Ferreiras, Jorge Carmo, \u201ca Feira Equestre do Sul ser\u00e1 um evento diferenciado, pensado para animar a freguesia, o concelho e toda a regi\u00e3o, em torno de uma tem\u00e1tica muito apreciada tanto por residentes como por turistas. Ser\u00e1 um programa de excel\u00eancia, que promete encantar curiosos e apaixonados pelo mundo equestre.\u201d<\/p>\n\n\n\n<p>A entrada \u00e9 livre, assim como o acesso a todos os eventos que ir\u00e3o decorrer durante estes dias dedicados ao cavalo e \u00e0 tradi\u00e7\u00e3o equestre portuguesa.<\/p>\n","protected":false},"excerpt":{"rendered":"<p>A Junta de Freguesia de Ferreiras anuncia a realiza\u00e7\u00e3o da Feira Equestre do Sul, que ter\u00e1 lugar de 12 a<\/p>\n","protected":false},"author":1,"featured_media":53632,"comment_status":"closed","ping_status":"closed","sticky":false,"template":"","format":"standard","meta":{"colormag_page_container_layout":"default_layout","colormag_page_sidebar_layout":"default_layout","_monsterinsights_skip_tracking":false,"_monsterinsights_sitenote_active":false,"_monsterinsights_sitenote_note":"","_monsterinsights_sitenote_category":0,"jetpack_post_was_ever_published":false,"_jetpack_newsletter_access":"","_jetpack_dont_email_post_to_subs":false,"_jetpack_newsletter_tier_id":0,"_jetpack_memberships_contains_paywalled_content":false,"_jetpack_memberships_contains_paid_content":false,"footnotes":"","jetpack_publicize_message":"","jetpack_publicize_feature_enabled":true,"jetpack_social_post_already_shared":false,"jetpack_social_options":{"image_generator_settings":{"template":"highway","default_image_id":0,"font":"","enabled":false},"version":2}},"categories":[11],"tags":[155,36,62,1022],"class_list":["post-53631","post","type-post","status-publish","format-standard","has-post-thumbnail","hentry","category-atualidade","tag-albufeira","tag-algarve","tag-atualidade","tag-ferreiras"],"yoast_head":"<!-- This site is optimized with the Yoast SEO plugin v27.5 - https:\/\/yoast.com\/product\/yoast-seo-wordpress\/ -->\n<title>Feira Equestre do Sul anima Ferreiras de 12 a 14 de setembro - Algarve 7<\/title>\n<meta name=\"description\" content=\"Feira Equestre do Sul anima Ferreiras de 12 a 14 de setembro Atualidade\" \/>\n<meta name=\"robots\" content=\"index, follow, max-snippet:-1, max-image-preview:large, max-video-preview:-1\" \/>\n<link rel=\"canonical\" href=\"https:\/\/algarve7.pt\/index.php\/2025\/09\/feira-equestre-do-sul-anima-ferreiras-de-12-a-14-de-setembro\/atualidade\/08\/35\/\" \/>\n<meta property=\"og:locale\" content=\"pt_PT\" \/>\n<meta property=\"og:type\" content=\"article\" \/>\n<meta property=\"og:title\" content=\"Feira Equestre do Sul anima Ferreiras de 12 a 14 de setembro - Algarve 7\" \/>\n<meta property=\"og:description\" content=\"Feira Equestre do Sul anima Ferreiras de 12 a 14 de setembro Atualidade\" \/>\n<meta property=\"og:url\" content=\"https:\/\/algarve7.pt\/index.php\/2025\/09\/feira-equestre-do-sul-anima-ferreiras-de-12-a-14-de-setembro\/atualidade\/08\/35\/\" \/>\n<meta property=\"og:site_name\" content=\"Algarve 7\" \/>\n<meta property=\"article:publisher\" content=\"https:\/\/www.facebook.com\/algarve7\" \/>\n<meta property=\"article:author\" content=\"https:\/\/www.facebook.com\/algarve7\" \/>\n<meta property=\"article:published_time\" content=\"2025-09-01T07:35:00+00:00\" \/>\n<meta property=\"og:image\" content=\"https:\/\/algarve7.pt\/wp-content\/uploads\/2025\/08\/Captura-de-ecra-2025-08-30-as-10.15.51.png\" \/>\n\t<meta property=\"og:image:width\" content=\"800\" \/>\n\t<meta property=\"og:image:height\" content=\"500\" \/>\n\t<meta property=\"og:image:type\" content=\"image\/png\" \/>\n<meta name=\"author\" content=\"Algarve 7\" \/>\n<meta name=\"twitter:card\" content=\"summary_large_image\" \/>\n<meta name=\"twitter:creator\" content=\"@Algarvesete\" \/>\n<meta name=\"twitter:site\" content=\"@Algarvesete\" \/>\n<meta name=\"twitter:label1\" content=\"Escrito por\" \/>\n\t<meta name=\"twitter:data1\" content=\"Algarve 7\" \/>\n\t<meta name=\"twitter:label2\" content=\"Tempo estimado de leitura\" \/>\n\t<meta name=\"twitter:data2\" content=\"2 minutos\" \/>\n<script type=\"application\/ld+json\" class=\"yoast-schema-graph\">{\"@context\":\"https:\\\/\\\/schema.org\",\"@graph\":[{\"@type\":\"Article\",\"@id\":\"https:\\\/\\\/algarve7.pt\\\/index.php\\\/2025\\\/09\\\/feira-equestre-do-sul-anima-ferreiras-de-12-a-14-de-setembro\\\/atualidade\\\/08\\\/35\\\/#article\",\"isPartOf\":{\"@id\":\"https:\\\/\\\/algarve7.pt\\\/index.php\\\/2025\\\/09\\\/feira-equestre-do-sul-anima-ferreiras-de-12-a-14-de-setembro\\\/atualidade\\\/08\\\/35\\\/\"},\"author\":{\"name\":\"Algarve 7\",\"@id\":\"https:\\\/\\\/algarve7.pt\\\/#\\\/schema\\\/person\\\/23fa70681308e7b319a3204bcea45e0c\"},\"headline\":\"Feira Equestre do Sul anima Ferreiras de 12 a 14 de setembro\",\"datePublished\":\"2025-09-01T07:35:00+00:00\",\"mainEntityOfPage\":{\"@id\":\"https:\\\/\\\/algarve7.pt\\\/index.php\\\/2025\\\/09\\\/feira-equestre-do-sul-anima-ferreiras-de-12-a-14-de-setembro\\\/atualidade\\\/08\\\/35\\\/\"},\"wordCount\":302,\"publisher\":{\"@id\":\"https:\\\/\\\/algarve7.pt\\\/#organization\"},\"image\":{\"@id\":\"https:\\\/\\\/algarve7.pt\\\/index.php\\\/2025\\\/09\\\/feira-equestre-do-sul-anima-ferreiras-de-12-a-14-de-setembro\\\/atualidade\\\/08\\\/35\\\/#primaryimage\"},\"thumbnailUrl\":\"https:\\\/\\\/algarve7.pt\\\/wp-content\\\/uploads\\\/2025\\\/08\\\/Captura-de-ecra-2025-08-30-as-10.15.51.png\",\"keywords\":[\"Albufeira\",\"Algarve\",\"Atualidade\",\"Ferreiras\"],\"articleSection\":[\"Atualidade\"],\"inLanguage\":\"pt-PT\"},{\"@type\":\"WebPage\",\"@id\":\"https:\\\/\\\/algarve7.pt\\\/index.php\\\/2025\\\/09\\\/feira-equestre-do-sul-anima-ferreiras-de-12-a-14-de-setembro\\\/atualidade\\\/08\\\/35\\\/\",\"url\":\"https:\\\/\\\/algarve7.pt\\\/index.php\\\/2025\\\/09\\\/feira-equestre-do-sul-anima-ferreiras-de-12-a-14-de-setembro\\\/atualidade\\\/08\\\/35\\\/\",\"name\":\"Feira Equestre do Sul anima Ferreiras de 12 a 14 de setembro - Algarve 7\",\"isPartOf\":{\"@id\":\"https:\\\/\\\/algarve7.pt\\\/#website\"},\"primaryImageOfPage\":{\"@id\":\"https:\\\/\\\/algarve7.pt\\\/index.php\\\/2025\\\/09\\\/feira-equestre-do-sul-anima-ferreiras-de-12-a-14-de-setembro\\\/atualidade\\\/08\\\/35\\\/#primaryimage\"},\"image\":{\"@id\":\"https:\\\/\\\/algarve7.pt\\\/index.php\\\/2025\\\/09\\\/feira-equestre-do-sul-anima-ferreiras-de-12-a-14-de-setembro\\\/atualidade\\\/08\\\/35\\\/#primaryimage\"},\"thumbnailUrl\":\"https:\\\/\\\/algarve7.pt\\\/wp-content\\\/uploads\\\/2025\\\/08\\\/Captura-de-ecra-2025-08-30-as-10.15.51.png\",\"datePublished\":\"2025-09-01T07:35:00+00:00\",\"description\":\"Feira Equestre do Sul anima Ferreiras de 12 a 14 de setembro Atualidade\",\"breadcrumb\":{\"@id\":\"https:\\\/\\\/algarve7.pt\\\/index.php\\\/2025\\\/09\\\/feira-equestre-do-sul-anima-ferreiras-de-12-a-14-de-setembro\\\/atualidade\\\/08\\\/35\\\/#breadcrumb\"},\"inLanguage\":\"pt-PT\",\"potentialAction\":[{\"@type\":\"ReadAction\",\"target\":[\"https:\\\/\\\/algarve7.pt\\\/index.php\\\/2025\\\/09\\\/feira-equestre-do-sul-anima-ferreiras-de-12-a-14-de-setembro\\\/atualidade\\\/08\\\/35\\\/\"]}]},{\"@type\":\"ImageObject\",\"inLanguage\":\"pt-PT\",\"@id\":\"https:\\\/\\\/algarve7.pt\\\/index.php\\\/2025\\\/09\\\/feira-equestre-do-sul-anima-ferreiras-de-12-a-14-de-setembro\\\/atualidade\\\/08\\\/35\\\/#primaryimage\",\"url\":\"https:\\\/\\\/algarve7.pt\\\/wp-content\\\/uploads\\\/2025\\\/08\\\/Captura-de-ecra-2025-08-30-as-10.15.51.png\",\"contentUrl\":\"https:\\\/\\\/algarve7.pt\\\/wp-content\\\/uploads\\\/2025\\\/08\\\/Captura-de-ecra-2025-08-30-as-10.15.51.png\",\"width\":800,\"height\":500},{\"@type\":\"BreadcrumbList\",\"@id\":\"https:\\\/\\\/algarve7.pt\\\/index.php\\\/2025\\\/09\\\/feira-equestre-do-sul-anima-ferreiras-de-12-a-14-de-setembro\\\/atualidade\\\/08\\\/35\\\/#breadcrumb\",\"itemListElement\":[{\"@type\":\"ListItem\",\"position\":1,\"name\":\"In\u00edcio\",\"item\":\"https:\\\/\\\/algarve7.pt\\\/\"},{\"@type\":\"ListItem\",\"position\":2,\"name\":\"Feira Equestre do Sul anima Ferreiras de 12 a 14 de setembro\"}]},{\"@type\":\"WebSite\",\"@id\":\"https:\\\/\\\/algarve7.pt\\\/#website\",\"url\":\"https:\\\/\\\/algarve7.pt\\\/\",\"name\":\"Algarve 7\",\"description\":\"Informa\u00e7\u00e3o sobre o Algarve\",\"publisher\":{\"@id\":\"https:\\\/\\\/algarve7.pt\\\/#organization\"},\"potentialAction\":[{\"@type\":\"SearchAction\",\"target\":{\"@type\":\"EntryPoint\",\"urlTemplate\":\"https:\\\/\\\/algarve7.pt\\\/?s={search_term_string}\"},\"query-input\":{\"@type\":\"PropertyValueSpecification\",\"valueRequired\":true,\"valueName\":\"search_term_string\"}}],\"inLanguage\":\"pt-PT\"},{\"@type\":\"Organization\",\"@id\":\"https:\\\/\\\/algarve7.pt\\\/#organization\",\"name\":\"Algarve 7\",\"url\":\"https:\\\/\\\/algarve7.pt\\\/\",\"logo\":{\"@type\":\"ImageObject\",\"inLanguage\":\"pt-PT\",\"@id\":\"https:\\\/\\\/algarve7.pt\\\/#\\\/schema\\\/logo\\\/image\\\/\",\"url\":\"https:\\\/\\\/algarve7.pt\\\/wp-content\\\/uploads\\\/2020\\\/10\\\/Logo-8.jpg\",\"contentUrl\":\"https:\\\/\\\/algarve7.pt\\\/wp-content\\\/uploads\\\/2020\\\/10\\\/Logo-8.jpg\",\"width\":1680,\"height\":1186,\"caption\":\"Algarve 7\"},\"image\":{\"@id\":\"https:\\\/\\\/algarve7.pt\\\/#\\\/schema\\\/logo\\\/image\\\/\"},\"sameAs\":[\"https:\\\/\\\/www.facebook.com\\\/algarve7\",\"https:\\\/\\\/x.com\\\/Algarvesete\",\"https:\\\/\\\/www.instagram.com\\\/jornalalgarve7\\\/\",\"https:\\\/\\\/www.linkedin.com\\\/company\\\/algarve7\",\"https:\\\/\\\/www.pinterest.pt\\\/geral0939\\\/_created\\\/\"]},{\"@type\":\"Person\",\"@id\":\"https:\\\/\\\/algarve7.pt\\\/#\\\/schema\\\/person\\\/23fa70681308e7b319a3204bcea45e0c\",\"name\":\"Algarve 7\",\"sameAs\":[\"https:\\\/\\\/algarve7.pt\",\"https:\\\/\\\/www.facebook.com\\\/algarve7\"],\"url\":\"https:\\\/\\\/algarve7.pt\\\/index.php\\\/author\\\/geralalgarve7-pt\\\/\"}]}<\/script>\n<!-- \/ Yoast SEO plugin. -->","yoast_head_json":{"title":"Feira Equestre do Sul anima Ferreiras de 12 a 14 de setembro - Algarve 7","description":"Feira Equestre do Sul anima Ferreiras de 12 a 14 de setembro Atualidade","robots":{"index":"index","follow":"follow","max-snippet":"max-snippet:-1","max-image-preview":"max-image-preview:large","max-video-preview":"max-video-preview:-1"},"canonical":"https:\/\/algarve7.pt\/index.php\/2025\/09\/feira-equestre-do-sul-anima-ferreiras-de-12-a-14-de-setembro\/atualidade\/08\/35\/","og_locale":"pt_PT","og_type":"article","og_title":"Feira Equestre do Sul anima Ferreiras de 12 a 14 de setembro - Algarve 7","og_description":"Feira Equestre do Sul anima Ferreiras de 12 a 14 de setembro Atualidade","og_url":"https:\/\/algarve7.pt\/index.php\/2025\/09\/feira-equestre-do-sul-anima-ferreiras-de-12-a-14-de-setembro\/atualidade\/08\/35\/","og_site_name":"Algarve 7","article_publisher":"https:\/\/www.facebook.com\/algarve7","article_author":"https:\/\/www.facebook.com\/algarve7","article_published_time":"2025-09-01T07:35:00+00:00","og_image":[{"width":800,"height":500,"url":"https:\/\/algarve7.pt\/wp-content\/uploads\/2025\/08\/Captura-de-ecra-2025-08-30-as-10.15.51.png","type":"image\/png"}],"author":"Algarve 7","twitter_card":"summary_large_image","twitter_creator":"@Algarvesete","twitter_site":"@Algarvesete","twitter_misc":{"Escrito por":"Algarve 7","Tempo estimado de leitura":"2 minutos"},"schema":{"@context":"https:\/\/schema.org","@graph":[{"@type":"Article","@id":"https:\/\/algarve7.pt\/index.php\/2025\/09\/feira-equestre-do-sul-anima-ferreiras-de-12-a-14-de-setembro\/atualidade\/08\/35\/#article","isPartOf":{"@id":"https:\/\/algarve7.pt\/index.php\/2025\/09\/feira-equestre-do-sul-anima-ferreiras-de-12-a-14-de-setembro\/atualidade\/08\/35\/"},"author":{"name":"Algarve 7","@id":"https:\/\/algarve7.pt\/#\/schema\/person\/23fa70681308e7b319a3204bcea45e0c"},"headline":"Feira Equestre do Sul anima Ferreiras de 12 a 14 de setembro","datePublished":"2025-09-01T07:35:00+00:00","mainEntityOfPage":{"@id":"https:\/\/algarve7.pt\/index.php\/2025\/09\/feira-equestre-do-sul-anima-ferreiras-de-12-a-14-de-setembro\/atualidade\/08\/35\/"},"wordCount":302,"publisher":{"@id":"https:\/\/algarve7.pt\/#organization"},"image":{"@id":"https:\/\/algarve7.pt\/index.php\/2025\/09\/feira-equestre-do-sul-anima-ferreiras-de-12-a-14-de-setembro\/atualidade\/08\/35\/#primaryimage"},"thumbnailUrl":"https:\/\/algarve7.pt\/wp-content\/uploads\/2025\/08\/Captura-de-ecra-2025-08-30-as-10.15.51.png","keywords":["Albufeira","Algarve","Atualidade","Ferreiras"],"articleSection":["Atualidade"],"inLanguage":"pt-PT"},{"@type":"WebPage","@id":"https:\/\/algarve7.pt\/index.php\/2025\/09\/feira-equestre-do-sul-anima-ferreiras-de-12-a-14-de-setembro\/atualidade\/08\/35\/","url":"https:\/\/algarve7.pt\/index.php\/2025\/09\/feira-equestre-do-sul-anima-ferreiras-de-12-a-14-de-setembro\/atualidade\/08\/35\/","name":"Feira Equestre do Sul anima Ferreiras de 12 a 14 de setembro - Algarve 7","isPartOf":{"@id":"https:\/\/algarve7.pt\/#website"},"primaryImageOfPage":{"@id":"https:\/\/algarve7.pt\/index.php\/2025\/09\/feira-equestre-do-sul-anima-ferreiras-de-12-a-14-de-setembro\/atualidade\/08\/35\/#primaryimage"},"image":{"@id":"https:\/\/algarve7.pt\/index.php\/2025\/09\/feira-equestre-do-sul-anima-ferreiras-de-12-a-14-de-setembro\/atualidade\/08\/35\/#primaryimage"},"thumbnailUrl":"https:\/\/algarve7.pt\/wp-content\/uploads\/2025\/08\/Captura-de-ecra-2025-08-30-as-10.15.51.png","datePublished":"2025-09-01T07:35:00+00:00","description":"Feira Equestre do Sul anima Ferreiras de 12 a 14 de setembro Atualidade","breadcrumb":{"@id":"https:\/\/algarve7.pt\/index.php\/2025\/09\/feira-equestre-do-sul-anima-ferreiras-de-12-a-14-de-setembro\/atualidade\/08\/35\/#breadcrumb"},"inLanguage":"pt-PT","potentialAction":[{"@type":"ReadAction","target":["https:\/\/algarve7.pt\/index.php\/2025\/09\/feira-equestre-do-sul-anima-ferreiras-de-12-a-14-de-setembro\/atualidade\/08\/35\/"]}]},{"@type":"ImageObject","inLanguage":"pt-PT","@id":"https:\/\/algarve7.pt\/index.php\/2025\/09\/feira-equestre-do-sul-anima-ferreiras-de-12-a-14-de-setembro\/atualidade\/08\/35\/#primaryimage","url":"https:\/\/algarve7.pt\/wp-content\/uploads\/2025\/08\/Captura-de-ecra-2025-08-30-as-10.15.51.png","contentUrl":"https:\/\/algarve7.pt\/wp-content\/uploads\/2025\/08\/Captura-de-ecra-2025-08-30-as-10.15.51.png","width":800,"height":500},{"@type":"BreadcrumbList","@id":"https:\/\/algarve7.pt\/index.php\/2025\/09\/feira-equestre-do-sul-anima-ferreiras-de-12-a-14-de-setembro\/atualidade\/08\/35\/#breadcrumb","itemListElement":[{"@type":"ListItem","position":1,"name":"In\u00edcio","item":"https:\/\/algarve7.pt\/"},{"@type":"ListItem","position":2,"name":"Feira Equestre do Sul anima Ferreiras de 12 a 14 de setembro"}]},{"@type":"WebSite","@id":"https:\/\/algarve7.pt\/#website","url":"https:\/\/algarve7.pt\/","name":"Algarve 7","description":"Informa\u00e7\u00e3o sobre o Algarve","publisher":{"@id":"https:\/\/algarve7.pt\/#organization"},"potentialAction":[{"@type":"SearchAction","target":{"@type":"EntryPoint","urlTemplate":"https:\/\/algarve7.pt\/?s={search_term_string}"},"query-input":{"@type":"PropertyValueSpecification","valueRequired":true,"valueName":"search_term_string"}}],"inLanguage":"pt-PT"},{"@type":"Organization","@id":"https:\/\/algarve7.pt\/#organization","name":"Algarve 7","url":"https:\/\/algarve7.pt\/","logo":{"@type":"ImageObject","inLanguage":"pt-PT","@id":"https:\/\/algarve7.pt\/#\/schema\/logo\/image\/","url":"https:\/\/algarve7.pt\/wp-content\/uploads\/2020\/10\/Logo-8.jpg","contentUrl":"https:\/\/algarve7.pt\/wp-content\/uploads\/2020\/10\/Logo-8.jpg","width":1680,"height":1186,"caption":"Algarve 7"},"image":{"@id":"https:\/\/algarve7.pt\/#\/schema\/logo\/image\/"},"sameAs":["https:\/\/www.facebook.com\/algarve7","https:\/\/x.com\/Algarvesete","https:\/\/www.instagram.com\/jornalalgarve7\/","https:\/\/www.linkedin.com\/company\/algarve7","https:\/\/www.pinterest.pt\/geral0939\/_created\/"]},{"@type":"Person","@id":"https:\/\/algarve7.pt\/#\/schema\/person\/23fa70681308e7b319a3204bcea45e0c","name":"Algarve 7","sameAs":["https:\/\/algarve7.pt","https:\/\/www.facebook.com\/algarve7"],"url":"https:\/\/algarve7.pt\/index.php\/author\/geralalgarve7-pt\/"}]}},"jetpack_publicize_connections":[],"jetpack_featured_media_url":"https:\/\/algarve7.pt\/wp-content\/uploads\/2025\/08\/Captura-de-ecra-2025-08-30-as-10.15.51.png","jetpack_shortlink":"https:\/\/wp.me\/pcezmW-dX1","jetpack_sharing_enabled":true,"_links":{"self":[{"href":"https:\/\/algarve7.pt\/index.php\/wp-json\/wp\/v2\/posts\/53631","targetHints":{"allow":["GET"]}}],"collection":[{"href":"https:\/\/algarve7.pt\/index.php\/wp-json\/wp\/v2\/posts"}],"about":[{"href":"https:\/\/algarve7.pt\/index.php\/wp-json\/wp\/v2\/types\/post"}],"author":[{"embeddable":true,"href":"https:\/\/algarve7.pt\/index.php\/wp-json\/wp\/v2\/users\/1"}],"replies":[{"embeddable":true,"href":"https:\/\/algarve7.pt\/index.php\/wp-json\/wp\/v2\/comments?post=53631"}],"version-history":[{"count":0,"href":"https:\/\/algarve7.pt\/index.php\/wp-json\/wp\/v2\/posts\/53631\/revisions"}],"wp:featuredmedia":[{"embeddable":true,"href":"https:\/\/algarve7.pt\/index.php\/wp-json\/wp\/v2\/media\/53632"}],"wp:attachment":[{"href":"https:\/\/algarve7.pt\/index.php\/wp-json\/wp\/v2\/media?parent=53631"}],"wp:term":[{"taxonomy":"category","embeddable":true,"href":"https:\/\/algarve7.pt\/index.php\/wp-json\/wp\/v2\/categories?post=53631"},{"taxonomy":"post_tag","embeddable":true,"href":"https:\/\/algarve7.pt\/index.php\/wp-json\/wp\/v2\/tags?post=53631"}],"curies":[{"name":"wp","href":"https:\/\/api.w.org\/{rel}","templated":true}]}}