{"id":53628,"date":"2025-09-01T08:12:00","date_gmt":"2025-09-01T07:12:00","guid":{"rendered":"https:\/\/algarve7.pt\/?p=53628"},"modified":"2025-08-30T10:14:54","modified_gmt":"2025-08-30T09:14:54","slug":"inscricoes-para-as-piscinas-municipais-de-lagoa-e-mexilhoeira-da-carregacao-epoca-2025-2026","status":"publish","type":"post","link":"https:\/\/algarve7.pt\/index.php\/2025\/09\/inscricoes-para-as-piscinas-municipais-de-lagoa-e-mexilhoeira-da-carregacao-epoca-2025-2026\/desporto\/08\/12\/","title":{"rendered":"Inscri\u00e7\u00f5es para as Piscinas Municipais de Lagoa e Mexilhoeira da Carrega\u00e7\u00e3o &#8211; \u00c9poca 2025\/2026"},"content":{"rendered":"\n<p>O\u00a0Munic\u00edpio de Lagoa\u00a0informa que ter\u00e3o in\u00edcio, no pr\u00f3ximo m\u00eas de setembro, as inscri\u00e7\u00f5es para a \u00e9poca 2025\/2026 das Piscinas Municipais de Lagoa e da Mexilhoeira da Carrega\u00e7\u00e3o.<br><br>Numa aposta cont\u00ednua na moderniza\u00e7\u00e3o dos servi\u00e7os p\u00fablicos e na simplifica\u00e7\u00e3o dos processos de inscri\u00e7\u00e3o, a autarquia introduz este ano uma primeira fase online, garantindo maior comodidade e rapidez para todos os utentes.<br><br>Calend\u00e1rio e Procedimentos de Inscri\u00e7\u00e3o<br><br><strong>1. Beb\u00e9s (9 a 48 meses) e crian\u00e7as (4 a 12 anos)<\/strong><br><br>Per\u00edodo: de\u00a0<strong>1<\/strong>\u00a0a\u00a0<strong>14 de setembro<\/strong>\u00a0de 2025, a partir das 08h00.\u00a0<br>Processo: As inscri\u00e7\u00f5es decorrem online e incluem a marca\u00e7\u00e3o de testes aqu\u00e1ticos obrigat\u00f3rios.<\/p>\n\n\n\n<p><br>Ap\u00f3s o teste, e mediante atribui\u00e7\u00e3o de n\u00edvel por t\u00e9cnico especializado, a inscri\u00e7\u00e3o poder\u00e1 ser conclu\u00edda presencialmente, caso existam vagas para o n\u00edvel correspondente.<br><br><strong>2. Jovens e adultos (mais de 12 anos)<\/strong><\/p>\n\n\n\n<p><br>Abertura:&nbsp;<strong>9 de setembro<\/strong>&nbsp;de 2025, a partir das 08h00.<br>Local: Presencialmente, nas Piscinas Municipais.<br><br>Com a abertura inaugural das Piscinas da Mexilhoeira da Carrega\u00e7\u00e3o, o Munic\u00edpio de Lagoa refor\u00e7a a sua oferta desportiva, proporcionando aulas de nata\u00e7\u00e3o e atividades aqu\u00e1ticas adaptadas a todas as idades, com acompanhamento t\u00e9cnico especializado e condi\u00e7\u00f5es de seguran\u00e7a adequadas, consolidando-se como uma refer\u00eancia na promo\u00e7\u00e3o da atividade f\u00edsica e do bem-estar no concelho.<\/p>\n","protected":false},"excerpt":{"rendered":"<p>O\u00a0Munic\u00edpio de Lagoa\u00a0informa que ter\u00e3o in\u00edcio, no pr\u00f3ximo m\u00eas de setembro, as inscri\u00e7\u00f5es para a \u00e9poca 2025\/2026 das Piscinas Municipais<\/p>\n","protected":false},"author":1,"featured_media":53629,"comment_status":"closed","ping_status":"closed","sticky":false,"template":"","format":"standard","meta":{"colormag_page_container_layout":"default_layout","colormag_page_sidebar_layout":"default_layout","_monsterinsights_skip_tracking":false,"_monsterinsights_sitenote_active":false,"_monsterinsights_sitenote_note":"","_monsterinsights_sitenote_category":0,"jetpack_post_was_ever_published":false,"_jetpack_newsletter_access":"","_jetpack_dont_email_post_to_subs":false,"_jetpack_newsletter_tier_id":0,"_jetpack_memberships_contains_paywalled_content":false,"_jetpack_memberships_contains_paid_content":false,"footnotes":"","jetpack_publicize_message":"","jetpack_publicize_feature_enabled":true,"jetpack_social_post_already_shared":false,"jetpack_social_options":{"image_generator_settings":{"template":"highway","default_image_id":0,"font":"","enabled":false},"version":2}},"categories":[15],"tags":[36,40,48],"class_list":["post-53628","post","type-post","status-publish","format-standard","has-post-thumbnail","hentry","category-desporto","tag-algarve","tag-desporto","tag-lagoa"],"yoast_head":"<!-- This site is optimized with the Yoast SEO plugin v27.5 - https:\/\/yoast.com\/product\/yoast-seo-wordpress\/ -->\n<title>Inscri\u00e7\u00f5es para as Piscinas Municipais de Lagoa e Mexilhoeira da Carrega\u00e7\u00e3o - \u00c9poca 2025\/2026 - Algarve 7<\/title>\n<meta name=\"description\" content=\"Inscri\u00e7\u00f5es para as Piscinas Municipais de Lagoa e Mexilhoeira da Carrega\u00e7\u00e3o - \u00c9poca 2025\/2026 Desporto\" \/>\n<meta name=\"robots\" content=\"index, follow, max-snippet:-1, max-image-preview:large, max-video-preview:-1\" \/>\n<link rel=\"canonical\" href=\"https:\/\/algarve7.pt\/index.php\/2025\/09\/inscricoes-para-as-piscinas-municipais-de-lagoa-e-mexilhoeira-da-carregacao-epoca-2025-2026\/desporto\/08\/12\/\" \/>\n<meta property=\"og:locale\" content=\"pt_PT\" \/>\n<meta property=\"og:type\" content=\"article\" \/>\n<meta property=\"og:title\" content=\"Inscri\u00e7\u00f5es para as Piscinas Municipais de Lagoa e Mexilhoeira da Carrega\u00e7\u00e3o - \u00c9poca 2025\/2026 - Algarve 7\" \/>\n<meta property=\"og:description\" content=\"Inscri\u00e7\u00f5es para as Piscinas Municipais de Lagoa e Mexilhoeira da Carrega\u00e7\u00e3o - \u00c9poca 2025\/2026 Desporto\" \/>\n<meta property=\"og:url\" content=\"https:\/\/algarve7.pt\/index.php\/2025\/09\/inscricoes-para-as-piscinas-municipais-de-lagoa-e-mexilhoeira-da-carregacao-epoca-2025-2026\/desporto\/08\/12\/\" \/>\n<meta property=\"og:site_name\" content=\"Algarve 7\" \/>\n<meta property=\"article:publisher\" content=\"https:\/\/www.facebook.com\/algarve7\" \/>\n<meta property=\"article:author\" content=\"https:\/\/www.facebook.com\/algarve7\" \/>\n<meta property=\"article:published_time\" content=\"2025-09-01T07:12:00+00:00\" \/>\n<meta property=\"og:image\" content=\"https:\/\/algarve7.pt\/wp-content\/uploads\/2025\/08\/Captura-de-ecra-2025-08-30-as-10.11.52.png\" \/>\n\t<meta property=\"og:image:width\" content=\"800\" \/>\n\t<meta property=\"og:image:height\" content=\"500\" \/>\n\t<meta property=\"og:image:type\" content=\"image\/png\" \/>\n<meta name=\"author\" content=\"Algarve 7\" \/>\n<meta name=\"twitter:card\" content=\"summary_large_image\" \/>\n<meta name=\"twitter:creator\" content=\"@Algarvesete\" \/>\n<meta name=\"twitter:site\" content=\"@Algarvesete\" \/>\n<meta name=\"twitter:label1\" content=\"Escrito por\" \/>\n\t<meta name=\"twitter:data1\" content=\"Algarve 7\" \/>\n\t<meta name=\"twitter:label2\" content=\"Tempo estimado de leitura\" \/>\n\t<meta name=\"twitter:data2\" content=\"2 minutos\" \/>\n<script type=\"application\/ld+json\" class=\"yoast-schema-graph\">{\"@context\":\"https:\\\/\\\/schema.org\",\"@graph\":[{\"@type\":\"Article\",\"@id\":\"https:\\\/\\\/algarve7.pt\\\/index.php\\\/2025\\\/09\\\/inscricoes-para-as-piscinas-municipais-de-lagoa-e-mexilhoeira-da-carregacao-epoca-2025-2026\\\/desporto\\\/08\\\/12\\\/#article\",\"isPartOf\":{\"@id\":\"https:\\\/\\\/algarve7.pt\\\/index.php\\\/2025\\\/09\\\/inscricoes-para-as-piscinas-municipais-de-lagoa-e-mexilhoeira-da-carregacao-epoca-2025-2026\\\/desporto\\\/08\\\/12\\\/\"},\"author\":{\"name\":\"Algarve 7\",\"@id\":\"https:\\\/\\\/algarve7.pt\\\/#\\\/schema\\\/person\\\/23fa70681308e7b319a3204bcea45e0c\"},\"headline\":\"Inscri\u00e7\u00f5es para as Piscinas Municipais de Lagoa e Mexilhoeira da Carrega\u00e7\u00e3o &#8211; \u00c9poca 2025\\\/2026\",\"datePublished\":\"2025-09-01T07:12:00+00:00\",\"mainEntityOfPage\":{\"@id\":\"https:\\\/\\\/algarve7.pt\\\/index.php\\\/2025\\\/09\\\/inscricoes-para-as-piscinas-municipais-de-lagoa-e-mexilhoeira-da-carregacao-epoca-2025-2026\\\/desporto\\\/08\\\/12\\\/\"},\"wordCount\":250,\"publisher\":{\"@id\":\"https:\\\/\\\/algarve7.pt\\\/#organization\"},\"image\":{\"@id\":\"https:\\\/\\\/algarve7.pt\\\/index.php\\\/2025\\\/09\\\/inscricoes-para-as-piscinas-municipais-de-lagoa-e-mexilhoeira-da-carregacao-epoca-2025-2026\\\/desporto\\\/08\\\/12\\\/#primaryimage\"},\"thumbnailUrl\":\"https:\\\/\\\/algarve7.pt\\\/wp-content\\\/uploads\\\/2025\\\/08\\\/Captura-de-ecra-2025-08-30-as-10.11.52.png\",\"keywords\":[\"Algarve\",\"Desporto\",\"Lagoa\"],\"articleSection\":[\"Desporto\"],\"inLanguage\":\"pt-PT\"},{\"@type\":\"WebPage\",\"@id\":\"https:\\\/\\\/algarve7.pt\\\/index.php\\\/2025\\\/09\\\/inscricoes-para-as-piscinas-municipais-de-lagoa-e-mexilhoeira-da-carregacao-epoca-2025-2026\\\/desporto\\\/08\\\/12\\\/\",\"url\":\"https:\\\/\\\/algarve7.pt\\\/index.php\\\/2025\\\/09\\\/inscricoes-para-as-piscinas-municipais-de-lagoa-e-mexilhoeira-da-carregacao-epoca-2025-2026\\\/desporto\\\/08\\\/12\\\/\",\"name\":\"Inscri\u00e7\u00f5es para as Piscinas Municipais de Lagoa e Mexilhoeira da Carrega\u00e7\u00e3o - \u00c9poca 2025\\\/2026 - Algarve 7\",\"isPartOf\":{\"@id\":\"https:\\\/\\\/algarve7.pt\\\/#website\"},\"primaryImageOfPage\":{\"@id\":\"https:\\\/\\\/algarve7.pt\\\/index.php\\\/2025\\\/09\\\/inscricoes-para-as-piscinas-municipais-de-lagoa-e-mexilhoeira-da-carregacao-epoca-2025-2026\\\/desporto\\\/08\\\/12\\\/#primaryimage\"},\"image\":{\"@id\":\"https:\\\/\\\/algarve7.pt\\\/index.php\\\/2025\\\/09\\\/inscricoes-para-as-piscinas-municipais-de-lagoa-e-mexilhoeira-da-carregacao-epoca-2025-2026\\\/desporto\\\/08\\\/12\\\/#primaryimage\"},\"thumbnailUrl\":\"https:\\\/\\\/algarve7.pt\\\/wp-content\\\/uploads\\\/2025\\\/08\\\/Captura-de-ecra-2025-08-30-as-10.11.52.png\",\"datePublished\":\"2025-09-01T07:12:00+00:00\",\"description\":\"Inscri\u00e7\u00f5es para as Piscinas Municipais de Lagoa e Mexilhoeira da Carrega\u00e7\u00e3o - \u00c9poca 2025\\\/2026 Desporto\",\"breadcrumb\":{\"@id\":\"https:\\\/\\\/algarve7.pt\\\/index.php\\\/2025\\\/09\\\/inscricoes-para-as-piscinas-municipais-de-lagoa-e-mexilhoeira-da-carregacao-epoca-2025-2026\\\/desporto\\\/08\\\/12\\\/#breadcrumb\"},\"inLanguage\":\"pt-PT\",\"potentialAction\":[{\"@type\":\"ReadAction\",\"target\":[\"https:\\\/\\\/algarve7.pt\\\/index.php\\\/2025\\\/09\\\/inscricoes-para-as-piscinas-municipais-de-lagoa-e-mexilhoeira-da-carregacao-epoca-2025-2026\\\/desporto\\\/08\\\/12\\\/\"]}]},{\"@type\":\"ImageObject\",\"inLanguage\":\"pt-PT\",\"@id\":\"https:\\\/\\\/algarve7.pt\\\/index.php\\\/2025\\\/09\\\/inscricoes-para-as-piscinas-municipais-de-lagoa-e-mexilhoeira-da-carregacao-epoca-2025-2026\\\/desporto\\\/08\\\/12\\\/#primaryimage\",\"url\":\"https:\\\/\\\/algarve7.pt\\\/wp-content\\\/uploads\\\/2025\\\/08\\\/Captura-de-ecra-2025-08-30-as-10.11.52.png\",\"contentUrl\":\"https:\\\/\\\/algarve7.pt\\\/wp-content\\\/uploads\\\/2025\\\/08\\\/Captura-de-ecra-2025-08-30-as-10.11.52.png\",\"width\":800,\"height\":500},{\"@type\":\"BreadcrumbList\",\"@id\":\"https:\\\/\\\/algarve7.pt\\\/index.php\\\/2025\\\/09\\\/inscricoes-para-as-piscinas-municipais-de-lagoa-e-mexilhoeira-da-carregacao-epoca-2025-2026\\\/desporto\\\/08\\\/12\\\/#breadcrumb\",\"itemListElement\":[{\"@type\":\"ListItem\",\"position\":1,\"name\":\"In\u00edcio\",\"item\":\"https:\\\/\\\/algarve7.pt\\\/\"},{\"@type\":\"ListItem\",\"position\":2,\"name\":\"Inscri\u00e7\u00f5es para as Piscinas Municipais de Lagoa e Mexilhoeira da Carrega\u00e7\u00e3o &#8211; \u00c9poca 2025\\\/2026\"}]},{\"@type\":\"WebSite\",\"@id\":\"https:\\\/\\\/algarve7.pt\\\/#website\",\"url\":\"https:\\\/\\\/algarve7.pt\\\/\",\"name\":\"Algarve 7\",\"description\":\"Informa\u00e7\u00e3o sobre o Algarve\",\"publisher\":{\"@id\":\"https:\\\/\\\/algarve7.pt\\\/#organization\"},\"potentialAction\":[{\"@type\":\"SearchAction\",\"target\":{\"@type\":\"EntryPoint\",\"urlTemplate\":\"https:\\\/\\\/algarve7.pt\\\/?s={search_term_string}\"},\"query-input\":{\"@type\":\"PropertyValueSpecification\",\"valueRequired\":true,\"valueName\":\"search_term_string\"}}],\"inLanguage\":\"pt-PT\"},{\"@type\":\"Organization\",\"@id\":\"https:\\\/\\\/algarve7.pt\\\/#organization\",\"name\":\"Algarve 7\",\"url\":\"https:\\\/\\\/algarve7.pt\\\/\",\"logo\":{\"@type\":\"ImageObject\",\"inLanguage\":\"pt-PT\",\"@id\":\"https:\\\/\\\/algarve7.pt\\\/#\\\/schema\\\/logo\\\/image\\\/\",\"url\":\"https:\\\/\\\/algarve7.pt\\\/wp-content\\\/uploads\\\/2020\\\/10\\\/Logo-8.jpg\",\"contentUrl\":\"https:\\\/\\\/algarve7.pt\\\/wp-content\\\/uploads\\\/2020\\\/10\\\/Logo-8.jpg\",\"width\":1680,\"height\":1186,\"caption\":\"Algarve 7\"},\"image\":{\"@id\":\"https:\\\/\\\/algarve7.pt\\\/#\\\/schema\\\/logo\\\/image\\\/\"},\"sameAs\":[\"https:\\\/\\\/www.facebook.com\\\/algarve7\",\"https:\\\/\\\/x.com\\\/Algarvesete\",\"https:\\\/\\\/www.instagram.com\\\/jornalalgarve7\\\/\",\"https:\\\/\\\/www.linkedin.com\\\/company\\\/algarve7\",\"https:\\\/\\\/www.pinterest.pt\\\/geral0939\\\/_created\\\/\"]},{\"@type\":\"Person\",\"@id\":\"https:\\\/\\\/algarve7.pt\\\/#\\\/schema\\\/person\\\/23fa70681308e7b319a3204bcea45e0c\",\"name\":\"Algarve 7\",\"sameAs\":[\"https:\\\/\\\/algarve7.pt\",\"https:\\\/\\\/www.facebook.com\\\/algarve7\"],\"url\":\"https:\\\/\\\/algarve7.pt\\\/index.php\\\/author\\\/geralalgarve7-pt\\\/\"}]}<\/script>\n<!-- \/ Yoast SEO plugin. -->","yoast_head_json":{"title":"Inscri\u00e7\u00f5es para as Piscinas Municipais de Lagoa e Mexilhoeira da Carrega\u00e7\u00e3o - \u00c9poca 2025\/2026 - Algarve 7","description":"Inscri\u00e7\u00f5es para as Piscinas Municipais de Lagoa e Mexilhoeira da Carrega\u00e7\u00e3o - \u00c9poca 2025\/2026 Desporto","robots":{"index":"index","follow":"follow","max-snippet":"max-snippet:-1","max-image-preview":"max-image-preview:large","max-video-preview":"max-video-preview:-1"},"canonical":"https:\/\/algarve7.pt\/index.php\/2025\/09\/inscricoes-para-as-piscinas-municipais-de-lagoa-e-mexilhoeira-da-carregacao-epoca-2025-2026\/desporto\/08\/12\/","og_locale":"pt_PT","og_type":"article","og_title":"Inscri\u00e7\u00f5es para as Piscinas Municipais de Lagoa e Mexilhoeira da Carrega\u00e7\u00e3o - \u00c9poca 2025\/2026 - Algarve 7","og_description":"Inscri\u00e7\u00f5es para as Piscinas Municipais de Lagoa e Mexilhoeira da Carrega\u00e7\u00e3o - \u00c9poca 2025\/2026 Desporto","og_url":"https:\/\/algarve7.pt\/index.php\/2025\/09\/inscricoes-para-as-piscinas-municipais-de-lagoa-e-mexilhoeira-da-carregacao-epoca-2025-2026\/desporto\/08\/12\/","og_site_name":"Algarve 7","article_publisher":"https:\/\/www.facebook.com\/algarve7","article_author":"https:\/\/www.facebook.com\/algarve7","article_published_time":"2025-09-01T07:12:00+00:00","og_image":[{"width":800,"height":500,"url":"https:\/\/algarve7.pt\/wp-content\/uploads\/2025\/08\/Captura-de-ecra-2025-08-30-as-10.11.52.png","type":"image\/png"}],"author":"Algarve 7","twitter_card":"summary_large_image","twitter_creator":"@Algarvesete","twitter_site":"@Algarvesete","twitter_misc":{"Escrito por":"Algarve 7","Tempo estimado de leitura":"2 minutos"},"schema":{"@context":"https:\/\/schema.org","@graph":[{"@type":"Article","@id":"https:\/\/algarve7.pt\/index.php\/2025\/09\/inscricoes-para-as-piscinas-municipais-de-lagoa-e-mexilhoeira-da-carregacao-epoca-2025-2026\/desporto\/08\/12\/#article","isPartOf":{"@id":"https:\/\/algarve7.pt\/index.php\/2025\/09\/inscricoes-para-as-piscinas-municipais-de-lagoa-e-mexilhoeira-da-carregacao-epoca-2025-2026\/desporto\/08\/12\/"},"author":{"name":"Algarve 7","@id":"https:\/\/algarve7.pt\/#\/schema\/person\/23fa70681308e7b319a3204bcea45e0c"},"headline":"Inscri\u00e7\u00f5es para as Piscinas Municipais de Lagoa e Mexilhoeira da Carrega\u00e7\u00e3o &#8211; \u00c9poca 2025\/2026","datePublished":"2025-09-01T07:12:00+00:00","mainEntityOfPage":{"@id":"https:\/\/algarve7.pt\/index.php\/2025\/09\/inscricoes-para-as-piscinas-municipais-de-lagoa-e-mexilhoeira-da-carregacao-epoca-2025-2026\/desporto\/08\/12\/"},"wordCount":250,"publisher":{"@id":"https:\/\/algarve7.pt\/#organization"},"image":{"@id":"https:\/\/algarve7.pt\/index.php\/2025\/09\/inscricoes-para-as-piscinas-municipais-de-lagoa-e-mexilhoeira-da-carregacao-epoca-2025-2026\/desporto\/08\/12\/#primaryimage"},"thumbnailUrl":"https:\/\/algarve7.pt\/wp-content\/uploads\/2025\/08\/Captura-de-ecra-2025-08-30-as-10.11.52.png","keywords":["Algarve","Desporto","Lagoa"],"articleSection":["Desporto"],"inLanguage":"pt-PT"},{"@type":"WebPage","@id":"https:\/\/algarve7.pt\/index.php\/2025\/09\/inscricoes-para-as-piscinas-municipais-de-lagoa-e-mexilhoeira-da-carregacao-epoca-2025-2026\/desporto\/08\/12\/","url":"https:\/\/algarve7.pt\/index.php\/2025\/09\/inscricoes-para-as-piscinas-municipais-de-lagoa-e-mexilhoeira-da-carregacao-epoca-2025-2026\/desporto\/08\/12\/","name":"Inscri\u00e7\u00f5es para as Piscinas Municipais de Lagoa e Mexilhoeira da Carrega\u00e7\u00e3o - \u00c9poca 2025\/2026 - Algarve 7","isPartOf":{"@id":"https:\/\/algarve7.pt\/#website"},"primaryImageOfPage":{"@id":"https:\/\/algarve7.pt\/index.php\/2025\/09\/inscricoes-para-as-piscinas-municipais-de-lagoa-e-mexilhoeira-da-carregacao-epoca-2025-2026\/desporto\/08\/12\/#primaryimage"},"image":{"@id":"https:\/\/algarve7.pt\/index.php\/2025\/09\/inscricoes-para-as-piscinas-municipais-de-lagoa-e-mexilhoeira-da-carregacao-epoca-2025-2026\/desporto\/08\/12\/#primaryimage"},"thumbnailUrl":"https:\/\/algarve7.pt\/wp-content\/uploads\/2025\/08\/Captura-de-ecra-2025-08-30-as-10.11.52.png","datePublished":"2025-09-01T07:12:00+00:00","description":"Inscri\u00e7\u00f5es para as Piscinas Municipais de Lagoa e Mexilhoeira da Carrega\u00e7\u00e3o - \u00c9poca 2025\/2026 Desporto","breadcrumb":{"@id":"https:\/\/algarve7.pt\/index.php\/2025\/09\/inscricoes-para-as-piscinas-municipais-de-lagoa-e-mexilhoeira-da-carregacao-epoca-2025-2026\/desporto\/08\/12\/#breadcrumb"},"inLanguage":"pt-PT","potentialAction":[{"@type":"ReadAction","target":["https:\/\/algarve7.pt\/index.php\/2025\/09\/inscricoes-para-as-piscinas-municipais-de-lagoa-e-mexilhoeira-da-carregacao-epoca-2025-2026\/desporto\/08\/12\/"]}]},{"@type":"ImageObject","inLanguage":"pt-PT","@id":"https:\/\/algarve7.pt\/index.php\/2025\/09\/inscricoes-para-as-piscinas-municipais-de-lagoa-e-mexilhoeira-da-carregacao-epoca-2025-2026\/desporto\/08\/12\/#primaryimage","url":"https:\/\/algarve7.pt\/wp-content\/uploads\/2025\/08\/Captura-de-ecra-2025-08-30-as-10.11.52.png","contentUrl":"https:\/\/algarve7.pt\/wp-content\/uploads\/2025\/08\/Captura-de-ecra-2025-08-30-as-10.11.52.png","width":800,"height":500},{"@type":"BreadcrumbList","@id":"https:\/\/algarve7.pt\/index.php\/2025\/09\/inscricoes-para-as-piscinas-municipais-de-lagoa-e-mexilhoeira-da-carregacao-epoca-2025-2026\/desporto\/08\/12\/#breadcrumb","itemListElement":[{"@type":"ListItem","position":1,"name":"In\u00edcio","item":"https:\/\/algarve7.pt\/"},{"@type":"ListItem","position":2,"name":"Inscri\u00e7\u00f5es para as Piscinas Municipais de Lagoa e Mexilhoeira da Carrega\u00e7\u00e3o &#8211; \u00c9poca 2025\/2026"}]},{"@type":"WebSite","@id":"https:\/\/algarve7.pt\/#website","url":"https:\/\/algarve7.pt\/","name":"Algarve 7","description":"Informa\u00e7\u00e3o sobre o Algarve","publisher":{"@id":"https:\/\/algarve7.pt\/#organization"},"potentialAction":[{"@type":"SearchAction","target":{"@type":"EntryPoint","urlTemplate":"https:\/\/algarve7.pt\/?s={search_term_string}"},"query-input":{"@type":"PropertyValueSpecification","valueRequired":true,"valueName":"search_term_string"}}],"inLanguage":"pt-PT"},{"@type":"Organization","@id":"https:\/\/algarve7.pt\/#organization","name":"Algarve 7","url":"https:\/\/algarve7.pt\/","logo":{"@type":"ImageObject","inLanguage":"pt-PT","@id":"https:\/\/algarve7.pt\/#\/schema\/logo\/image\/","url":"https:\/\/algarve7.pt\/wp-content\/uploads\/2020\/10\/Logo-8.jpg","contentUrl":"https:\/\/algarve7.pt\/wp-content\/uploads\/2020\/10\/Logo-8.jpg","width":1680,"height":1186,"caption":"Algarve 7"},"image":{"@id":"https:\/\/algarve7.pt\/#\/schema\/logo\/image\/"},"sameAs":["https:\/\/www.facebook.com\/algarve7","https:\/\/x.com\/Algarvesete","https:\/\/www.instagram.com\/jornalalgarve7\/","https:\/\/www.linkedin.com\/company\/algarve7","https:\/\/www.pinterest.pt\/geral0939\/_created\/"]},{"@type":"Person","@id":"https:\/\/algarve7.pt\/#\/schema\/person\/23fa70681308e7b319a3204bcea45e0c","name":"Algarve 7","sameAs":["https:\/\/algarve7.pt","https:\/\/www.facebook.com\/algarve7"],"url":"https:\/\/algarve7.pt\/index.php\/author\/geralalgarve7-pt\/"}]}},"jetpack_publicize_connections":[],"jetpack_featured_media_url":"https:\/\/algarve7.pt\/wp-content\/uploads\/2025\/08\/Captura-de-ecra-2025-08-30-as-10.11.52.png","jetpack_shortlink":"https:\/\/wp.me\/pcezmW-dWY","jetpack_sharing_enabled":true,"_links":{"self":[{"href":"https:\/\/algarve7.pt\/index.php\/wp-json\/wp\/v2\/posts\/53628","targetHints":{"allow":["GET"]}}],"collection":[{"href":"https:\/\/algarve7.pt\/index.php\/wp-json\/wp\/v2\/posts"}],"about":[{"href":"https:\/\/algarve7.pt\/index.php\/wp-json\/wp\/v2\/types\/post"}],"author":[{"embeddable":true,"href":"https:\/\/algarve7.pt\/index.php\/wp-json\/wp\/v2\/users\/1"}],"replies":[{"embeddable":true,"href":"https:\/\/algarve7.pt\/index.php\/wp-json\/wp\/v2\/comments?post=53628"}],"version-history":[{"count":0,"href":"https:\/\/algarve7.pt\/index.php\/wp-json\/wp\/v2\/posts\/53628\/revisions"}],"wp:featuredmedia":[{"embeddable":true,"href":"https:\/\/algarve7.pt\/index.php\/wp-json\/wp\/v2\/media\/53629"}],"wp:attachment":[{"href":"https:\/\/algarve7.pt\/index.php\/wp-json\/wp\/v2\/media?parent=53628"}],"wp:term":[{"taxonomy":"category","embeddable":true,"href":"https:\/\/algarve7.pt\/index.php\/wp-json\/wp\/v2\/categories?post=53628"},{"taxonomy":"post_tag","embeddable":true,"href":"https:\/\/algarve7.pt\/index.php\/wp-json\/wp\/v2\/tags?post=53628"}],"curies":[{"name":"wp","href":"https:\/\/api.w.org\/{rel}","templated":true}]}}