{"id":53496,"date":"2025-08-25T18:23:39","date_gmt":"2025-08-25T17:23:39","guid":{"rendered":"https:\/\/algarve7.pt\/?p=53496"},"modified":"2025-08-25T18:23:43","modified_gmt":"2025-08-25T17:23:43","slug":"numero-de-espectadores-bate-recorde-na-25-a-mostra-de-cinema-ao-ar-livre-de-tavira","status":"publish","type":"post","link":"https:\/\/algarve7.pt\/index.php\/2025\/08\/numero-de-espectadores-bate-recorde-na-25-a-mostra-de-cinema-ao-ar-livre-de-tavira\/cultura\/18\/23\/","title":{"rendered":"N\u00famero de espectadores bate recorde na 25.\u00aa Mostra de Cinema ao Ar Livre de Tavira\u00a0"},"content":{"rendered":"\n<p>Os Claustros do Convento do Carmo, em Tavira, receberam mais uma vez a \u00abMostra de Cinema ao Ar Livre\u00bb, com a 25.\u00aa edi\u00e7\u00e3o do evento organizado pelo Cineclube de Tavira a acontecer de 17 a 27 de julho e de 7 a 17 de agosto. Este ano foram apresentadas 22 longas-metragens e seis curtas, mas a programa\u00e7\u00e3o incluiu tamb\u00e9m performances po\u00e9ticas, m\u00fasica ao vivo, conversas sobre cinema e reflex\u00f5es sobre o mundo atual, atraindo aproximadamente 3 mil e 500 pessoas.&nbsp;<br><br>O n\u00famero foi mais elevado do que em anos anteriores e, em julho, a primeira fase da Mostra foi surpreendente em termos de bilhetes vendidos. De facto, todas as noites houve lota\u00e7\u00e3o esgotada ou quase lotada e a programadora Candela Varas encara este aumento de p\u00fablico com entusiasmo, real\u00e7ando o interesse cada vez maior por parte dos jovens.&nbsp;<strong>\u201cA presen\u00e7a crescente de p\u00fablico jovem tem sido uma das surpresas mais gratificantes dos \u00faltimos anos. Os jovens n\u00e3o s\u00f3 t\u00eam marcado presen\u00e7a nas sess\u00f5es, como tamb\u00e9m participam ativamente nas conversas ap\u00f3s os filmes e nas oficinas criativas \u2014 como a deste ano, onde jovens artistas criaram, em conjunto, um v\u00eddeopoema que foi apresentado na Mostra. Atividades como o cinema expandido t\u00eam atra\u00eddo p\u00fablicos diversos, curiosos por experimentar outras formas de ver e pensar o cinema e a cria\u00e7\u00e3o contempor\u00e2nea. As performances com proje\u00e7\u00e3o tamb\u00e9m t\u00eam sido recebidas com muito entusiasmo, abrindo caminhos que queremos continuar a explorar com liberdade e imagina\u00e7\u00e3o\u201d<\/strong>, conta.&nbsp;<br><br>Ao longo da Mostra, em termos de aflu\u00eancia de p\u00fablico, o destaque vai para as sess\u00f5es dos filmes \u00abAll We Imagine as Light\u00bb, que abriu a edi\u00e7\u00e3o deste ano, \u00abC\u00e3o Preto\u00bb, \u00abHoly Cow\u00bb, \u00abUma Hist\u00f3ria Simples\u00bb de David Lynch, \u00abA Hist\u00f3ria de Souleymane\u00bb, \u00abHanami\u00bb, filme rodado na Ilha do Fogo em Cabo Verde, \u00abGrand Tour\u00bb do portugu\u00eas Miguel Gomes, \u00abFlow\u00bb e \u00abA Queda do C\u00e9u\u00bb que encerrou a iniciativa. Outra das noites mais marcantes foi a da apresenta\u00e7\u00e3o, em formato de cinema expandido, de \u00abStorm Over Asia\u00bb, pel\u00edcula que foi musicada ao vivo por Tomas Tello, Raul Jardin e pelo talentoso m\u00fasico polaco \u0141ukasz Sza\u0142ankiewicz (Shaolines del Amor &amp; Zenial).&nbsp;<br><br>Tamb\u00e9m a presen\u00e7a da realizadora do document\u00e1rio \u00abAs Fado Bicha\u00bb, Justine Lemahieu, e das protagonistas do filme, despertou o entusiasmo do p\u00fablico, que no final p\u00f4de participar numa conversa sobre a obra cinematogr\u00e1fica exibida. Nessa mesma noite, quem estava na plateia assistiu ainda \u00e0 performance po\u00e9tica \u00abL\u00edngua Solta\u00bb, concebida e apresentada pela poetisa Flora Lahuerta. Nesta 25.\u00aa edi\u00e7\u00e3o, realce tamb\u00e9m para a noite de encerramento, em que ap\u00f3s a apresenta\u00e7\u00e3o do document\u00e1rio \u00abA Queda do C\u00e9u\u00bb, de Eryk Rocha e Gabriela Carneiro da Cunha, houve uma conversa com o fil\u00f3sofo Andr\u00e9 Barata, que come\u00e7ou pelo tema central do filme, mas que desafiou os presentes a refletir sobre a necessidade de se parar, respirar, ouvir e pensar, numa esp\u00e9cie de desacelera\u00e7\u00e3o do tempo, para respeitar os ritmos da natureza, cada vez mais ignorados por uma sociedade em constante frenesim.&nbsp;<br><br>Este ano, a programa\u00e7\u00e3o incluiu ainda quatro curtas-metragens que fazem parte de \u00abLos Subterr\u00e1neos\u00bb, o primeiro arquivo de cinema amador cubano, criado pelo coletivo Archivistas Salvajes em colabora\u00e7\u00e3o com a EQZE (Elias Querejeta Zine Eskola). Com obras at\u00e9 ent\u00e3o ignoradas, o arquivo j\u00e1 foi exibido em prestigiados festivais e institui\u00e7\u00f5es internacionais, como o Festival de San Sebasti\u00e1n e o Cin\u00e9ma du R\u00e9el. Chegou pela primeira vez a Portugal, na Mostra de Cinema de Tavira, onde o p\u00fablico p\u00f4de estar \u00e0 conversa com Daniel Saucedo, de Archivistas Salvages, e Asier Armental, da Elias Querejeta Zine Eskola.&nbsp;<br><br>Segundo Candela Varas, o balan\u00e7o desta edi\u00e7\u00e3o, em que se comemoraram os 25 anos da Mostra, \u00e9 bastante positivo.&nbsp;<strong>\u201cEm 2026 queremos manter o esp\u00edrito deste ano, continuar a criar espa\u00e7o para obras e propostas que normalmente n\u00e3o t\u00eam onde ser mostradas, pelo menos aqui no Algarve. A estreia dos Archivistas Salvajes em Portugal foi um marco e refor\u00e7a o quanto \u00e9 importante dar visibilidade a trabalhos que, de outra forma, n\u00e3o chegariam at\u00e9 n\u00f3s. Queremos cada vez mais mergulhar mais a fundo nos festivais de cinema, descobrir filmes \u2014 distribu\u00eddos ou n\u00e3o \u2014 que nos permitam dar um passo adiante na Mostra. Com a reabertura do Cineteatro Ant\u00f3nio Pinheiro, teremos a oportunidade de organizar conversas e atividades durante o dia, o que ajudar\u00e1 a aliviar os hor\u00e1rios noturnos das sess\u00f5es no Convento do Carmo. Mas, o mais importante continuar\u00e1 a ser criar esse espa\u00e7o de partilha, como quem se junta \u00e0 volta do fogo ou se encontra numa pra\u00e7a e voltar a olhar e imaginar em conjunto\u201d<\/strong>, diz a programadora.&nbsp;<br><br>Para levar a cabo a 25.\u00aa edi\u00e7\u00e3o, o Cineclube de Tavira contou com o importante apoio da C\u00e2mara Municipal de Tavira. O ICA \u2013 Instituto do Cinema e do Audiovisual, a Europa Cinemas, a CCDR Algarve \u2013 Unidade de Cultura e v\u00e1rias empresas privadas tamb\u00e9m se juntam \u00e0 lista de apoios do evento.<\/p>\n\n\n\n<p><a href=\"https:\/\/cm-aljezur.pt\/pt\/Default.aspx\"><\/a><\/p>\n","protected":false},"excerpt":{"rendered":"<p>Os Claustros do Convento do Carmo, em Tavira, receberam mais uma vez a \u00abMostra de Cinema ao Ar Livre\u00bb, com<\/p>\n","protected":false},"author":1,"featured_media":53497,"comment_status":"closed","ping_status":"closed","sticky":false,"template":"","format":"standard","meta":{"colormag_page_container_layout":"default_layout","colormag_page_sidebar_layout":"default_layout","_monsterinsights_skip_tracking":false,"_monsterinsights_sitenote_active":false,"_monsterinsights_sitenote_note":"","_monsterinsights_sitenote_category":0,"jetpack_post_was_ever_published":false,"_jetpack_newsletter_access":"","_jetpack_dont_email_post_to_subs":false,"_jetpack_newsletter_tier_id":0,"_jetpack_memberships_contains_paywalled_content":false,"_jetpack_memberships_contains_paid_content":false,"footnotes":"","jetpack_publicize_message":"","jetpack_publicize_feature_enabled":true,"jetpack_social_post_already_shared":false,"jetpack_social_options":{"image_generator_settings":{"template":"highway","default_image_id":0,"font":"","enabled":false},"version":2}},"categories":[14],"tags":[36,35,54],"class_list":["post-53496","post","type-post","status-publish","format-standard","has-post-thumbnail","hentry","category-cultura","tag-algarve","tag-cultura","tag-tavira"],"yoast_head":"<!-- This site is optimized with the Yoast SEO plugin v27.4 - https:\/\/yoast.com\/product\/yoast-seo-wordpress\/ -->\n<title>N\u00famero de espectadores bate recorde na 25.\u00aa Mostra de Cinema ao Ar Livre de Tavira\u00a0 - Algarve 7<\/title>\n<meta name=\"description\" content=\"N\u00famero de espectadores bate recorde na 25.\u00aa Mostra de Cinema ao Ar Livre de Tavira\u00a0 Cultura\" \/>\n<meta name=\"robots\" content=\"index, follow, max-snippet:-1, max-image-preview:large, max-video-preview:-1\" \/>\n<link rel=\"canonical\" href=\"https:\/\/algarve7.pt\/index.php\/2025\/08\/numero-de-espectadores-bate-recorde-na-25-a-mostra-de-cinema-ao-ar-livre-de-tavira\/cultura\/18\/23\/\" \/>\n<meta property=\"og:locale\" content=\"pt_PT\" \/>\n<meta property=\"og:type\" content=\"article\" \/>\n<meta property=\"og:title\" content=\"N\u00famero de espectadores bate recorde na 25.\u00aa Mostra de Cinema ao Ar Livre de Tavira\u00a0 - Algarve 7\" \/>\n<meta property=\"og:description\" content=\"N\u00famero de espectadores bate recorde na 25.\u00aa Mostra de Cinema ao Ar Livre de Tavira\u00a0 Cultura\" \/>\n<meta property=\"og:url\" content=\"https:\/\/algarve7.pt\/index.php\/2025\/08\/numero-de-espectadores-bate-recorde-na-25-a-mostra-de-cinema-ao-ar-livre-de-tavira\/cultura\/18\/23\/\" \/>\n<meta property=\"og:site_name\" content=\"Algarve 7\" \/>\n<meta property=\"article:publisher\" content=\"https:\/\/www.facebook.com\/algarve7\" \/>\n<meta property=\"article:author\" content=\"https:\/\/www.facebook.com\/algarve7\" \/>\n<meta property=\"article:published_time\" content=\"2025-08-25T17:23:39+00:00\" \/>\n<meta property=\"article:modified_time\" content=\"2025-08-25T17:23:43+00:00\" \/>\n<meta property=\"og:image\" content=\"https:\/\/algarve7.pt\/wp-content\/uploads\/2025\/08\/mostracinematavira.png\" \/>\n\t<meta property=\"og:image:width\" content=\"800\" \/>\n\t<meta property=\"og:image:height\" content=\"500\" \/>\n\t<meta property=\"og:image:type\" content=\"image\/png\" \/>\n<meta name=\"author\" content=\"Algarve 7\" \/>\n<meta name=\"twitter:card\" content=\"summary_large_image\" \/>\n<meta name=\"twitter:creator\" content=\"@Algarvesete\" \/>\n<meta name=\"twitter:site\" content=\"@Algarvesete\" \/>\n<meta name=\"twitter:label1\" content=\"Escrito por\" \/>\n\t<meta name=\"twitter:data1\" content=\"Algarve 7\" \/>\n\t<meta name=\"twitter:label2\" content=\"Tempo estimado de leitura\" \/>\n\t<meta name=\"twitter:data2\" content=\"5 minutos\" \/>\n<script type=\"application\/ld+json\" class=\"yoast-schema-graph\">{\"@context\":\"https:\\\/\\\/schema.org\",\"@graph\":[{\"@type\":\"Article\",\"@id\":\"https:\\\/\\\/algarve7.pt\\\/index.php\\\/2025\\\/08\\\/numero-de-espectadores-bate-recorde-na-25-a-mostra-de-cinema-ao-ar-livre-de-tavira\\\/cultura\\\/18\\\/23\\\/#article\",\"isPartOf\":{\"@id\":\"https:\\\/\\\/algarve7.pt\\\/index.php\\\/2025\\\/08\\\/numero-de-espectadores-bate-recorde-na-25-a-mostra-de-cinema-ao-ar-livre-de-tavira\\\/cultura\\\/18\\\/23\\\/\"},\"author\":{\"name\":\"Algarve 7\",\"@id\":\"https:\\\/\\\/algarve7.pt\\\/#\\\/schema\\\/person\\\/23fa70681308e7b319a3204bcea45e0c\"},\"headline\":\"N\u00famero de espectadores bate recorde na 25.\u00aa Mostra de Cinema ao Ar Livre de Tavira\u00a0\",\"datePublished\":\"2025-08-25T17:23:39+00:00\",\"dateModified\":\"2025-08-25T17:23:43+00:00\",\"mainEntityOfPage\":{\"@id\":\"https:\\\/\\\/algarve7.pt\\\/index.php\\\/2025\\\/08\\\/numero-de-espectadores-bate-recorde-na-25-a-mostra-de-cinema-ao-ar-livre-de-tavira\\\/cultura\\\/18\\\/23\\\/\"},\"wordCount\":897,\"publisher\":{\"@id\":\"https:\\\/\\\/algarve7.pt\\\/#organization\"},\"image\":{\"@id\":\"https:\\\/\\\/algarve7.pt\\\/index.php\\\/2025\\\/08\\\/numero-de-espectadores-bate-recorde-na-25-a-mostra-de-cinema-ao-ar-livre-de-tavira\\\/cultura\\\/18\\\/23\\\/#primaryimage\"},\"thumbnailUrl\":\"https:\\\/\\\/algarve7.pt\\\/wp-content\\\/uploads\\\/2025\\\/08\\\/mostracinematavira.png\",\"keywords\":[\"Algarve\",\"Cultura\",\"Tavira\"],\"articleSection\":[\"Cultura\"],\"inLanguage\":\"pt-PT\"},{\"@type\":\"WebPage\",\"@id\":\"https:\\\/\\\/algarve7.pt\\\/index.php\\\/2025\\\/08\\\/numero-de-espectadores-bate-recorde-na-25-a-mostra-de-cinema-ao-ar-livre-de-tavira\\\/cultura\\\/18\\\/23\\\/\",\"url\":\"https:\\\/\\\/algarve7.pt\\\/index.php\\\/2025\\\/08\\\/numero-de-espectadores-bate-recorde-na-25-a-mostra-de-cinema-ao-ar-livre-de-tavira\\\/cultura\\\/18\\\/23\\\/\",\"name\":\"N\u00famero de espectadores bate recorde na 25.\u00aa Mostra de Cinema ao Ar Livre de Tavira\u00a0 - Algarve 7\",\"isPartOf\":{\"@id\":\"https:\\\/\\\/algarve7.pt\\\/#website\"},\"primaryImageOfPage\":{\"@id\":\"https:\\\/\\\/algarve7.pt\\\/index.php\\\/2025\\\/08\\\/numero-de-espectadores-bate-recorde-na-25-a-mostra-de-cinema-ao-ar-livre-de-tavira\\\/cultura\\\/18\\\/23\\\/#primaryimage\"},\"image\":{\"@id\":\"https:\\\/\\\/algarve7.pt\\\/index.php\\\/2025\\\/08\\\/numero-de-espectadores-bate-recorde-na-25-a-mostra-de-cinema-ao-ar-livre-de-tavira\\\/cultura\\\/18\\\/23\\\/#primaryimage\"},\"thumbnailUrl\":\"https:\\\/\\\/algarve7.pt\\\/wp-content\\\/uploads\\\/2025\\\/08\\\/mostracinematavira.png\",\"datePublished\":\"2025-08-25T17:23:39+00:00\",\"dateModified\":\"2025-08-25T17:23:43+00:00\",\"description\":\"N\u00famero de espectadores bate recorde na 25.\u00aa Mostra de Cinema ao Ar Livre de Tavira\u00a0 Cultura\",\"breadcrumb\":{\"@id\":\"https:\\\/\\\/algarve7.pt\\\/index.php\\\/2025\\\/08\\\/numero-de-espectadores-bate-recorde-na-25-a-mostra-de-cinema-ao-ar-livre-de-tavira\\\/cultura\\\/18\\\/23\\\/#breadcrumb\"},\"inLanguage\":\"pt-PT\",\"potentialAction\":[{\"@type\":\"ReadAction\",\"target\":[\"https:\\\/\\\/algarve7.pt\\\/index.php\\\/2025\\\/08\\\/numero-de-espectadores-bate-recorde-na-25-a-mostra-de-cinema-ao-ar-livre-de-tavira\\\/cultura\\\/18\\\/23\\\/\"]}]},{\"@type\":\"ImageObject\",\"inLanguage\":\"pt-PT\",\"@id\":\"https:\\\/\\\/algarve7.pt\\\/index.php\\\/2025\\\/08\\\/numero-de-espectadores-bate-recorde-na-25-a-mostra-de-cinema-ao-ar-livre-de-tavira\\\/cultura\\\/18\\\/23\\\/#primaryimage\",\"url\":\"https:\\\/\\\/algarve7.pt\\\/wp-content\\\/uploads\\\/2025\\\/08\\\/mostracinematavira.png\",\"contentUrl\":\"https:\\\/\\\/algarve7.pt\\\/wp-content\\\/uploads\\\/2025\\\/08\\\/mostracinematavira.png\",\"width\":800,\"height\":500},{\"@type\":\"BreadcrumbList\",\"@id\":\"https:\\\/\\\/algarve7.pt\\\/index.php\\\/2025\\\/08\\\/numero-de-espectadores-bate-recorde-na-25-a-mostra-de-cinema-ao-ar-livre-de-tavira\\\/cultura\\\/18\\\/23\\\/#breadcrumb\",\"itemListElement\":[{\"@type\":\"ListItem\",\"position\":1,\"name\":\"In\u00edcio\",\"item\":\"https:\\\/\\\/algarve7.pt\\\/\"},{\"@type\":\"ListItem\",\"position\":2,\"name\":\"N\u00famero de espectadores bate recorde na 25.\u00aa Mostra de Cinema ao Ar Livre de Tavira\u00a0\"}]},{\"@type\":\"WebSite\",\"@id\":\"https:\\\/\\\/algarve7.pt\\\/#website\",\"url\":\"https:\\\/\\\/algarve7.pt\\\/\",\"name\":\"Algarve 7\",\"description\":\"Informa\u00e7\u00e3o sobre o Algarve\",\"publisher\":{\"@id\":\"https:\\\/\\\/algarve7.pt\\\/#organization\"},\"potentialAction\":[{\"@type\":\"SearchAction\",\"target\":{\"@type\":\"EntryPoint\",\"urlTemplate\":\"https:\\\/\\\/algarve7.pt\\\/?s={search_term_string}\"},\"query-input\":{\"@type\":\"PropertyValueSpecification\",\"valueRequired\":true,\"valueName\":\"search_term_string\"}}],\"inLanguage\":\"pt-PT\"},{\"@type\":\"Organization\",\"@id\":\"https:\\\/\\\/algarve7.pt\\\/#organization\",\"name\":\"Algarve 7\",\"url\":\"https:\\\/\\\/algarve7.pt\\\/\",\"logo\":{\"@type\":\"ImageObject\",\"inLanguage\":\"pt-PT\",\"@id\":\"https:\\\/\\\/algarve7.pt\\\/#\\\/schema\\\/logo\\\/image\\\/\",\"url\":\"https:\\\/\\\/algarve7.pt\\\/wp-content\\\/uploads\\\/2020\\\/10\\\/Logo-8.jpg\",\"contentUrl\":\"https:\\\/\\\/algarve7.pt\\\/wp-content\\\/uploads\\\/2020\\\/10\\\/Logo-8.jpg\",\"width\":1680,\"height\":1186,\"caption\":\"Algarve 7\"},\"image\":{\"@id\":\"https:\\\/\\\/algarve7.pt\\\/#\\\/schema\\\/logo\\\/image\\\/\"},\"sameAs\":[\"https:\\\/\\\/www.facebook.com\\\/algarve7\",\"https:\\\/\\\/x.com\\\/Algarvesete\",\"https:\\\/\\\/www.instagram.com\\\/jornalalgarve7\\\/\",\"https:\\\/\\\/www.linkedin.com\\\/company\\\/algarve7\",\"https:\\\/\\\/www.pinterest.pt\\\/geral0939\\\/_created\\\/\"]},{\"@type\":\"Person\",\"@id\":\"https:\\\/\\\/algarve7.pt\\\/#\\\/schema\\\/person\\\/23fa70681308e7b319a3204bcea45e0c\",\"name\":\"Algarve 7\",\"sameAs\":[\"https:\\\/\\\/algarve7.pt\",\"https:\\\/\\\/www.facebook.com\\\/algarve7\"],\"url\":\"https:\\\/\\\/algarve7.pt\\\/index.php\\\/author\\\/geralalgarve7-pt\\\/\"}]}<\/script>\n<!-- \/ Yoast SEO plugin. -->","yoast_head_json":{"title":"N\u00famero de espectadores bate recorde na 25.\u00aa Mostra de Cinema ao Ar Livre de Tavira\u00a0 - Algarve 7","description":"N\u00famero de espectadores bate recorde na 25.\u00aa Mostra de Cinema ao Ar Livre de Tavira\u00a0 Cultura","robots":{"index":"index","follow":"follow","max-snippet":"max-snippet:-1","max-image-preview":"max-image-preview:large","max-video-preview":"max-video-preview:-1"},"canonical":"https:\/\/algarve7.pt\/index.php\/2025\/08\/numero-de-espectadores-bate-recorde-na-25-a-mostra-de-cinema-ao-ar-livre-de-tavira\/cultura\/18\/23\/","og_locale":"pt_PT","og_type":"article","og_title":"N\u00famero de espectadores bate recorde na 25.\u00aa Mostra de Cinema ao Ar Livre de Tavira\u00a0 - Algarve 7","og_description":"N\u00famero de espectadores bate recorde na 25.\u00aa Mostra de Cinema ao Ar Livre de Tavira\u00a0 Cultura","og_url":"https:\/\/algarve7.pt\/index.php\/2025\/08\/numero-de-espectadores-bate-recorde-na-25-a-mostra-de-cinema-ao-ar-livre-de-tavira\/cultura\/18\/23\/","og_site_name":"Algarve 7","article_publisher":"https:\/\/www.facebook.com\/algarve7","article_author":"https:\/\/www.facebook.com\/algarve7","article_published_time":"2025-08-25T17:23:39+00:00","article_modified_time":"2025-08-25T17:23:43+00:00","og_image":[{"width":800,"height":500,"url":"https:\/\/algarve7.pt\/wp-content\/uploads\/2025\/08\/mostracinematavira.png","type":"image\/png"}],"author":"Algarve 7","twitter_card":"summary_large_image","twitter_creator":"@Algarvesete","twitter_site":"@Algarvesete","twitter_misc":{"Escrito por":"Algarve 7","Tempo estimado de leitura":"5 minutos"},"schema":{"@context":"https:\/\/schema.org","@graph":[{"@type":"Article","@id":"https:\/\/algarve7.pt\/index.php\/2025\/08\/numero-de-espectadores-bate-recorde-na-25-a-mostra-de-cinema-ao-ar-livre-de-tavira\/cultura\/18\/23\/#article","isPartOf":{"@id":"https:\/\/algarve7.pt\/index.php\/2025\/08\/numero-de-espectadores-bate-recorde-na-25-a-mostra-de-cinema-ao-ar-livre-de-tavira\/cultura\/18\/23\/"},"author":{"name":"Algarve 7","@id":"https:\/\/algarve7.pt\/#\/schema\/person\/23fa70681308e7b319a3204bcea45e0c"},"headline":"N\u00famero de espectadores bate recorde na 25.\u00aa Mostra de Cinema ao Ar Livre de Tavira\u00a0","datePublished":"2025-08-25T17:23:39+00:00","dateModified":"2025-08-25T17:23:43+00:00","mainEntityOfPage":{"@id":"https:\/\/algarve7.pt\/index.php\/2025\/08\/numero-de-espectadores-bate-recorde-na-25-a-mostra-de-cinema-ao-ar-livre-de-tavira\/cultura\/18\/23\/"},"wordCount":897,"publisher":{"@id":"https:\/\/algarve7.pt\/#organization"},"image":{"@id":"https:\/\/algarve7.pt\/index.php\/2025\/08\/numero-de-espectadores-bate-recorde-na-25-a-mostra-de-cinema-ao-ar-livre-de-tavira\/cultura\/18\/23\/#primaryimage"},"thumbnailUrl":"https:\/\/algarve7.pt\/wp-content\/uploads\/2025\/08\/mostracinematavira.png","keywords":["Algarve","Cultura","Tavira"],"articleSection":["Cultura"],"inLanguage":"pt-PT"},{"@type":"WebPage","@id":"https:\/\/algarve7.pt\/index.php\/2025\/08\/numero-de-espectadores-bate-recorde-na-25-a-mostra-de-cinema-ao-ar-livre-de-tavira\/cultura\/18\/23\/","url":"https:\/\/algarve7.pt\/index.php\/2025\/08\/numero-de-espectadores-bate-recorde-na-25-a-mostra-de-cinema-ao-ar-livre-de-tavira\/cultura\/18\/23\/","name":"N\u00famero de espectadores bate recorde na 25.\u00aa Mostra de Cinema ao Ar Livre de Tavira\u00a0 - Algarve 7","isPartOf":{"@id":"https:\/\/algarve7.pt\/#website"},"primaryImageOfPage":{"@id":"https:\/\/algarve7.pt\/index.php\/2025\/08\/numero-de-espectadores-bate-recorde-na-25-a-mostra-de-cinema-ao-ar-livre-de-tavira\/cultura\/18\/23\/#primaryimage"},"image":{"@id":"https:\/\/algarve7.pt\/index.php\/2025\/08\/numero-de-espectadores-bate-recorde-na-25-a-mostra-de-cinema-ao-ar-livre-de-tavira\/cultura\/18\/23\/#primaryimage"},"thumbnailUrl":"https:\/\/algarve7.pt\/wp-content\/uploads\/2025\/08\/mostracinematavira.png","datePublished":"2025-08-25T17:23:39+00:00","dateModified":"2025-08-25T17:23:43+00:00","description":"N\u00famero de espectadores bate recorde na 25.\u00aa Mostra de Cinema ao Ar Livre de Tavira\u00a0 Cultura","breadcrumb":{"@id":"https:\/\/algarve7.pt\/index.php\/2025\/08\/numero-de-espectadores-bate-recorde-na-25-a-mostra-de-cinema-ao-ar-livre-de-tavira\/cultura\/18\/23\/#breadcrumb"},"inLanguage":"pt-PT","potentialAction":[{"@type":"ReadAction","target":["https:\/\/algarve7.pt\/index.php\/2025\/08\/numero-de-espectadores-bate-recorde-na-25-a-mostra-de-cinema-ao-ar-livre-de-tavira\/cultura\/18\/23\/"]}]},{"@type":"ImageObject","inLanguage":"pt-PT","@id":"https:\/\/algarve7.pt\/index.php\/2025\/08\/numero-de-espectadores-bate-recorde-na-25-a-mostra-de-cinema-ao-ar-livre-de-tavira\/cultura\/18\/23\/#primaryimage","url":"https:\/\/algarve7.pt\/wp-content\/uploads\/2025\/08\/mostracinematavira.png","contentUrl":"https:\/\/algarve7.pt\/wp-content\/uploads\/2025\/08\/mostracinematavira.png","width":800,"height":500},{"@type":"BreadcrumbList","@id":"https:\/\/algarve7.pt\/index.php\/2025\/08\/numero-de-espectadores-bate-recorde-na-25-a-mostra-de-cinema-ao-ar-livre-de-tavira\/cultura\/18\/23\/#breadcrumb","itemListElement":[{"@type":"ListItem","position":1,"name":"In\u00edcio","item":"https:\/\/algarve7.pt\/"},{"@type":"ListItem","position":2,"name":"N\u00famero de espectadores bate recorde na 25.\u00aa Mostra de Cinema ao Ar Livre de Tavira\u00a0"}]},{"@type":"WebSite","@id":"https:\/\/algarve7.pt\/#website","url":"https:\/\/algarve7.pt\/","name":"Algarve 7","description":"Informa\u00e7\u00e3o sobre o Algarve","publisher":{"@id":"https:\/\/algarve7.pt\/#organization"},"potentialAction":[{"@type":"SearchAction","target":{"@type":"EntryPoint","urlTemplate":"https:\/\/algarve7.pt\/?s={search_term_string}"},"query-input":{"@type":"PropertyValueSpecification","valueRequired":true,"valueName":"search_term_string"}}],"inLanguage":"pt-PT"},{"@type":"Organization","@id":"https:\/\/algarve7.pt\/#organization","name":"Algarve 7","url":"https:\/\/algarve7.pt\/","logo":{"@type":"ImageObject","inLanguage":"pt-PT","@id":"https:\/\/algarve7.pt\/#\/schema\/logo\/image\/","url":"https:\/\/algarve7.pt\/wp-content\/uploads\/2020\/10\/Logo-8.jpg","contentUrl":"https:\/\/algarve7.pt\/wp-content\/uploads\/2020\/10\/Logo-8.jpg","width":1680,"height":1186,"caption":"Algarve 7"},"image":{"@id":"https:\/\/algarve7.pt\/#\/schema\/logo\/image\/"},"sameAs":["https:\/\/www.facebook.com\/algarve7","https:\/\/x.com\/Algarvesete","https:\/\/www.instagram.com\/jornalalgarve7\/","https:\/\/www.linkedin.com\/company\/algarve7","https:\/\/www.pinterest.pt\/geral0939\/_created\/"]},{"@type":"Person","@id":"https:\/\/algarve7.pt\/#\/schema\/person\/23fa70681308e7b319a3204bcea45e0c","name":"Algarve 7","sameAs":["https:\/\/algarve7.pt","https:\/\/www.facebook.com\/algarve7"],"url":"https:\/\/algarve7.pt\/index.php\/author\/geralalgarve7-pt\/"}]}},"jetpack_publicize_connections":[],"jetpack_featured_media_url":"https:\/\/algarve7.pt\/wp-content\/uploads\/2025\/08\/mostracinematavira.png","jetpack_shortlink":"https:\/\/wp.me\/pcezmW-dUQ","jetpack_sharing_enabled":true,"_links":{"self":[{"href":"https:\/\/algarve7.pt\/index.php\/wp-json\/wp\/v2\/posts\/53496","targetHints":{"allow":["GET"]}}],"collection":[{"href":"https:\/\/algarve7.pt\/index.php\/wp-json\/wp\/v2\/posts"}],"about":[{"href":"https:\/\/algarve7.pt\/index.php\/wp-json\/wp\/v2\/types\/post"}],"author":[{"embeddable":true,"href":"https:\/\/algarve7.pt\/index.php\/wp-json\/wp\/v2\/users\/1"}],"replies":[{"embeddable":true,"href":"https:\/\/algarve7.pt\/index.php\/wp-json\/wp\/v2\/comments?post=53496"}],"version-history":[{"count":0,"href":"https:\/\/algarve7.pt\/index.php\/wp-json\/wp\/v2\/posts\/53496\/revisions"}],"wp:featuredmedia":[{"embeddable":true,"href":"https:\/\/algarve7.pt\/index.php\/wp-json\/wp\/v2\/media\/53497"}],"wp:attachment":[{"href":"https:\/\/algarve7.pt\/index.php\/wp-json\/wp\/v2\/media?parent=53496"}],"wp:term":[{"taxonomy":"category","embeddable":true,"href":"https:\/\/algarve7.pt\/index.php\/wp-json\/wp\/v2\/categories?post=53496"},{"taxonomy":"post_tag","embeddable":true,"href":"https:\/\/algarve7.pt\/index.php\/wp-json\/wp\/v2\/tags?post=53496"}],"curies":[{"name":"wp","href":"https:\/\/api.w.org\/{rel}","templated":true}]}}