{"id":53470,"date":"2025-08-25T07:31:00","date_gmt":"2025-08-25T06:31:00","guid":{"rendered":"https:\/\/algarve7.pt\/?p=53470"},"modified":"2025-08-24T19:35:07","modified_gmt":"2025-08-24T18:35:07","slug":"festas-da-guia-celebram-tradicao-local-a-30-e-31-de-agosto","status":"publish","type":"post","link":"https:\/\/algarve7.pt\/index.php\/2025\/08\/festas-da-guia-celebram-tradicao-local-a-30-e-31-de-agosto\/cultura\/07\/31\/","title":{"rendered":"Festas da Guia celebram tradi\u00e7\u00e3o local, a 30 e 31 de agosto"},"content":{"rendered":"\n<p>As Festas da Guia, no concelho de Albufeira, regressam nos dias 30 e 31 de agosto, trazendo dois dias repletos de anima\u00e7\u00e3o, m\u00fasica e tradi\u00e7\u00e3o. O Polidesportivo da Guia ser\u00e1 o epicentro destas celebra\u00e7\u00f5es, a partir das 19h00, com entrada livre, num evento que promete atrair residentes e visitantes para momentos de conv\u00edvio e alegria.<\/p>\n\n\n\n<p>O programa inclui concertos, tasquinhas e gastronomia tradicional, garantindo um ambiente festivo para todas as idades. No s\u00e1bado, dia 30 de agosto, sobem ao palco Emanuel &amp; T\u00e2nia e \u00cdris, enquanto no domingo, dia 31, a m\u00fasica ser\u00e1 assegurada por Humberto Silva e Rebeca. As festas terminam com um espet\u00e1culo de fogo de artif\u00edcio.<\/p>\n\n\n\n<p>Al\u00e9m da componente l\u00fadica, as Festas da Guia mant\u00eam viva a vertente religiosa, com as celebra\u00e7\u00f5es em honra de Nossa Senhora da Guia e S. Lu\u00eds. No s\u00e1bado, \u00e0s 20h30, realiza-se a Missa e Prociss\u00e3o a partir da Capela de Nossa Senhora da Guia, enquanto no domingo, \u00e0s 18h00, decorre a Missa e Prociss\u00e3o a partir da Igreja Matriz da Guia.<\/p>\n\n\n\n<p>Organizadas pela Junta de Freguesia da Guia, com o apoio da C\u00e2mara Municipal de Albufeira e das Associa\u00e7\u00f5es locais, estas festividades contam ainda com a colabora\u00e7\u00e3o da Par\u00f3quia da Guia, respons\u00e1vel pelo programa religioso.<\/p>\n\n\n\n<p>Para o presidente da Junta de Freguesia, Dinis Nascimento, \u201cas Festas da Guia s\u00e3o um momento muito especial para a nossa freguesia, porque unem a tradi\u00e7\u00e3o, a cultura e a alegria da nossa gente\u201d. O autarca deixa o convite \u201cpara que todos, residentes e visitantes, venham \u00e0 Guia viver este ambiente \u00fanico, partilhar a nossa gastronomia, ouvir boa m\u00fasica e celebrar em comunidade.\u201d<\/p>\n","protected":false},"excerpt":{"rendered":"<p>As Festas da Guia, no concelho de Albufeira, regressam nos dias 30 e 31 de agosto, trazendo dois dias repletos<\/p>\n","protected":false},"author":1,"featured_media":53471,"comment_status":"closed","ping_status":"closed","sticky":false,"template":"","format":"standard","meta":{"colormag_page_container_layout":"default_layout","colormag_page_sidebar_layout":"default_layout","_monsterinsights_skip_tracking":false,"_monsterinsights_sitenote_active":false,"_monsterinsights_sitenote_note":"","_monsterinsights_sitenote_category":0,"jetpack_post_was_ever_published":false,"_jetpack_newsletter_access":"","_jetpack_dont_email_post_to_subs":false,"_jetpack_newsletter_tier_id":0,"_jetpack_memberships_contains_paywalled_content":false,"_jetpack_memberships_contains_paid_content":false,"footnotes":"","jetpack_publicize_message":"","jetpack_publicize_feature_enabled":true,"jetpack_social_post_already_shared":false,"jetpack_social_options":{"image_generator_settings":{"template":"highway","default_image_id":0,"font":"","enabled":false},"version":2}},"categories":[14],"tags":[155,36,35,957],"class_list":["post-53470","post","type-post","status-publish","format-standard","has-post-thumbnail","hentry","category-cultura","tag-albufeira","tag-algarve","tag-cultura","tag-guia"],"yoast_head":"<!-- This site is optimized with the Yoast SEO plugin v27.5 - https:\/\/yoast.com\/product\/yoast-seo-wordpress\/ -->\n<title>Festas da Guia celebram tradi\u00e7\u00e3o local, a 30 e 31 de agosto - Algarve 7<\/title>\n<meta name=\"description\" content=\"Festas da Guia celebram tradi\u00e7\u00e3o local, a 30 e 31 de agosto Cultura\" \/>\n<meta name=\"robots\" content=\"index, follow, max-snippet:-1, max-image-preview:large, max-video-preview:-1\" \/>\n<link rel=\"canonical\" href=\"https:\/\/algarve7.pt\/index.php\/2025\/08\/festas-da-guia-celebram-tradicao-local-a-30-e-31-de-agosto\/cultura\/07\/31\/\" \/>\n<meta property=\"og:locale\" content=\"pt_PT\" \/>\n<meta property=\"og:type\" content=\"article\" \/>\n<meta property=\"og:title\" content=\"Festas da Guia celebram tradi\u00e7\u00e3o local, a 30 e 31 de agosto - Algarve 7\" \/>\n<meta property=\"og:description\" content=\"Festas da Guia celebram tradi\u00e7\u00e3o local, a 30 e 31 de agosto Cultura\" \/>\n<meta property=\"og:url\" content=\"https:\/\/algarve7.pt\/index.php\/2025\/08\/festas-da-guia-celebram-tradicao-local-a-30-e-31-de-agosto\/cultura\/07\/31\/\" \/>\n<meta property=\"og:site_name\" content=\"Algarve 7\" \/>\n<meta property=\"article:publisher\" content=\"https:\/\/www.facebook.com\/algarve7\" \/>\n<meta property=\"article:author\" content=\"https:\/\/www.facebook.com\/algarve7\" \/>\n<meta property=\"article:published_time\" content=\"2025-08-25T06:31:00+00:00\" \/>\n<meta property=\"og:image\" content=\"https:\/\/algarve7.pt\/wp-content\/uploads\/2025\/08\/Festas-guia-2024-05.jpg\" \/>\n\t<meta property=\"og:image:width\" content=\"800\" \/>\n\t<meta property=\"og:image:height\" content=\"500\" \/>\n\t<meta property=\"og:image:type\" content=\"image\/jpeg\" \/>\n<meta name=\"author\" content=\"Algarve 7\" \/>\n<meta name=\"twitter:card\" content=\"summary_large_image\" \/>\n<meta name=\"twitter:creator\" content=\"@Algarvesete\" \/>\n<meta name=\"twitter:site\" content=\"@Algarvesete\" \/>\n<meta name=\"twitter:label1\" content=\"Escrito por\" \/>\n\t<meta name=\"twitter:data1\" content=\"Algarve 7\" \/>\n\t<meta name=\"twitter:label2\" content=\"Tempo estimado de leitura\" \/>\n\t<meta name=\"twitter:data2\" content=\"2 minutos\" \/>\n<script type=\"application\/ld+json\" class=\"yoast-schema-graph\">{\"@context\":\"https:\\\/\\\/schema.org\",\"@graph\":[{\"@type\":\"Article\",\"@id\":\"https:\\\/\\\/algarve7.pt\\\/index.php\\\/2025\\\/08\\\/festas-da-guia-celebram-tradicao-local-a-30-e-31-de-agosto\\\/cultura\\\/07\\\/31\\\/#article\",\"isPartOf\":{\"@id\":\"https:\\\/\\\/algarve7.pt\\\/index.php\\\/2025\\\/08\\\/festas-da-guia-celebram-tradicao-local-a-30-e-31-de-agosto\\\/cultura\\\/07\\\/31\\\/\"},\"author\":{\"name\":\"Algarve 7\",\"@id\":\"https:\\\/\\\/algarve7.pt\\\/#\\\/schema\\\/person\\\/23fa70681308e7b319a3204bcea45e0c\"},\"headline\":\"Festas da Guia celebram tradi\u00e7\u00e3o local, a 30 e 31 de agosto\",\"datePublished\":\"2025-08-25T06:31:00+00:00\",\"mainEntityOfPage\":{\"@id\":\"https:\\\/\\\/algarve7.pt\\\/index.php\\\/2025\\\/08\\\/festas-da-guia-celebram-tradicao-local-a-30-e-31-de-agosto\\\/cultura\\\/07\\\/31\\\/\"},\"wordCount\":299,\"publisher\":{\"@id\":\"https:\\\/\\\/algarve7.pt\\\/#organization\"},\"image\":{\"@id\":\"https:\\\/\\\/algarve7.pt\\\/index.php\\\/2025\\\/08\\\/festas-da-guia-celebram-tradicao-local-a-30-e-31-de-agosto\\\/cultura\\\/07\\\/31\\\/#primaryimage\"},\"thumbnailUrl\":\"https:\\\/\\\/algarve7.pt\\\/wp-content\\\/uploads\\\/2025\\\/08\\\/Festas-guia-2024-05.jpg\",\"keywords\":[\"Albufeira\",\"Algarve\",\"Cultura\",\"Guia\"],\"articleSection\":[\"Cultura\"],\"inLanguage\":\"pt-PT\"},{\"@type\":\"WebPage\",\"@id\":\"https:\\\/\\\/algarve7.pt\\\/index.php\\\/2025\\\/08\\\/festas-da-guia-celebram-tradicao-local-a-30-e-31-de-agosto\\\/cultura\\\/07\\\/31\\\/\",\"url\":\"https:\\\/\\\/algarve7.pt\\\/index.php\\\/2025\\\/08\\\/festas-da-guia-celebram-tradicao-local-a-30-e-31-de-agosto\\\/cultura\\\/07\\\/31\\\/\",\"name\":\"Festas da Guia celebram tradi\u00e7\u00e3o local, a 30 e 31 de agosto - Algarve 7\",\"isPartOf\":{\"@id\":\"https:\\\/\\\/algarve7.pt\\\/#website\"},\"primaryImageOfPage\":{\"@id\":\"https:\\\/\\\/algarve7.pt\\\/index.php\\\/2025\\\/08\\\/festas-da-guia-celebram-tradicao-local-a-30-e-31-de-agosto\\\/cultura\\\/07\\\/31\\\/#primaryimage\"},\"image\":{\"@id\":\"https:\\\/\\\/algarve7.pt\\\/index.php\\\/2025\\\/08\\\/festas-da-guia-celebram-tradicao-local-a-30-e-31-de-agosto\\\/cultura\\\/07\\\/31\\\/#primaryimage\"},\"thumbnailUrl\":\"https:\\\/\\\/algarve7.pt\\\/wp-content\\\/uploads\\\/2025\\\/08\\\/Festas-guia-2024-05.jpg\",\"datePublished\":\"2025-08-25T06:31:00+00:00\",\"description\":\"Festas da Guia celebram tradi\u00e7\u00e3o local, a 30 e 31 de agosto Cultura\",\"breadcrumb\":{\"@id\":\"https:\\\/\\\/algarve7.pt\\\/index.php\\\/2025\\\/08\\\/festas-da-guia-celebram-tradicao-local-a-30-e-31-de-agosto\\\/cultura\\\/07\\\/31\\\/#breadcrumb\"},\"inLanguage\":\"pt-PT\",\"potentialAction\":[{\"@type\":\"ReadAction\",\"target\":[\"https:\\\/\\\/algarve7.pt\\\/index.php\\\/2025\\\/08\\\/festas-da-guia-celebram-tradicao-local-a-30-e-31-de-agosto\\\/cultura\\\/07\\\/31\\\/\"]}]},{\"@type\":\"ImageObject\",\"inLanguage\":\"pt-PT\",\"@id\":\"https:\\\/\\\/algarve7.pt\\\/index.php\\\/2025\\\/08\\\/festas-da-guia-celebram-tradicao-local-a-30-e-31-de-agosto\\\/cultura\\\/07\\\/31\\\/#primaryimage\",\"url\":\"https:\\\/\\\/algarve7.pt\\\/wp-content\\\/uploads\\\/2025\\\/08\\\/Festas-guia-2024-05.jpg\",\"contentUrl\":\"https:\\\/\\\/algarve7.pt\\\/wp-content\\\/uploads\\\/2025\\\/08\\\/Festas-guia-2024-05.jpg\",\"width\":800,\"height\":500},{\"@type\":\"BreadcrumbList\",\"@id\":\"https:\\\/\\\/algarve7.pt\\\/index.php\\\/2025\\\/08\\\/festas-da-guia-celebram-tradicao-local-a-30-e-31-de-agosto\\\/cultura\\\/07\\\/31\\\/#breadcrumb\",\"itemListElement\":[{\"@type\":\"ListItem\",\"position\":1,\"name\":\"In\u00edcio\",\"item\":\"https:\\\/\\\/algarve7.pt\\\/\"},{\"@type\":\"ListItem\",\"position\":2,\"name\":\"Festas da Guia celebram tradi\u00e7\u00e3o local, a 30 e 31 de agosto\"}]},{\"@type\":\"WebSite\",\"@id\":\"https:\\\/\\\/algarve7.pt\\\/#website\",\"url\":\"https:\\\/\\\/algarve7.pt\\\/\",\"name\":\"Algarve 7\",\"description\":\"Informa\u00e7\u00e3o sobre o Algarve\",\"publisher\":{\"@id\":\"https:\\\/\\\/algarve7.pt\\\/#organization\"},\"potentialAction\":[{\"@type\":\"SearchAction\",\"target\":{\"@type\":\"EntryPoint\",\"urlTemplate\":\"https:\\\/\\\/algarve7.pt\\\/?s={search_term_string}\"},\"query-input\":{\"@type\":\"PropertyValueSpecification\",\"valueRequired\":true,\"valueName\":\"search_term_string\"}}],\"inLanguage\":\"pt-PT\"},{\"@type\":\"Organization\",\"@id\":\"https:\\\/\\\/algarve7.pt\\\/#organization\",\"name\":\"Algarve 7\",\"url\":\"https:\\\/\\\/algarve7.pt\\\/\",\"logo\":{\"@type\":\"ImageObject\",\"inLanguage\":\"pt-PT\",\"@id\":\"https:\\\/\\\/algarve7.pt\\\/#\\\/schema\\\/logo\\\/image\\\/\",\"url\":\"https:\\\/\\\/algarve7.pt\\\/wp-content\\\/uploads\\\/2020\\\/10\\\/Logo-8.jpg\",\"contentUrl\":\"https:\\\/\\\/algarve7.pt\\\/wp-content\\\/uploads\\\/2020\\\/10\\\/Logo-8.jpg\",\"width\":1680,\"height\":1186,\"caption\":\"Algarve 7\"},\"image\":{\"@id\":\"https:\\\/\\\/algarve7.pt\\\/#\\\/schema\\\/logo\\\/image\\\/\"},\"sameAs\":[\"https:\\\/\\\/www.facebook.com\\\/algarve7\",\"https:\\\/\\\/x.com\\\/Algarvesete\",\"https:\\\/\\\/www.instagram.com\\\/jornalalgarve7\\\/\",\"https:\\\/\\\/www.linkedin.com\\\/company\\\/algarve7\",\"https:\\\/\\\/www.pinterest.pt\\\/geral0939\\\/_created\\\/\"]},{\"@type\":\"Person\",\"@id\":\"https:\\\/\\\/algarve7.pt\\\/#\\\/schema\\\/person\\\/23fa70681308e7b319a3204bcea45e0c\",\"name\":\"Algarve 7\",\"sameAs\":[\"https:\\\/\\\/algarve7.pt\",\"https:\\\/\\\/www.facebook.com\\\/algarve7\"],\"url\":\"https:\\\/\\\/algarve7.pt\\\/index.php\\\/author\\\/geralalgarve7-pt\\\/\"}]}<\/script>\n<!-- \/ Yoast SEO plugin. -->","yoast_head_json":{"title":"Festas da Guia celebram tradi\u00e7\u00e3o local, a 30 e 31 de agosto - Algarve 7","description":"Festas da Guia celebram tradi\u00e7\u00e3o local, a 30 e 31 de agosto Cultura","robots":{"index":"index","follow":"follow","max-snippet":"max-snippet:-1","max-image-preview":"max-image-preview:large","max-video-preview":"max-video-preview:-1"},"canonical":"https:\/\/algarve7.pt\/index.php\/2025\/08\/festas-da-guia-celebram-tradicao-local-a-30-e-31-de-agosto\/cultura\/07\/31\/","og_locale":"pt_PT","og_type":"article","og_title":"Festas da Guia celebram tradi\u00e7\u00e3o local, a 30 e 31 de agosto - Algarve 7","og_description":"Festas da Guia celebram tradi\u00e7\u00e3o local, a 30 e 31 de agosto Cultura","og_url":"https:\/\/algarve7.pt\/index.php\/2025\/08\/festas-da-guia-celebram-tradicao-local-a-30-e-31-de-agosto\/cultura\/07\/31\/","og_site_name":"Algarve 7","article_publisher":"https:\/\/www.facebook.com\/algarve7","article_author":"https:\/\/www.facebook.com\/algarve7","article_published_time":"2025-08-25T06:31:00+00:00","og_image":[{"width":800,"height":500,"url":"https:\/\/algarve7.pt\/wp-content\/uploads\/2025\/08\/Festas-guia-2024-05.jpg","type":"image\/jpeg"}],"author":"Algarve 7","twitter_card":"summary_large_image","twitter_creator":"@Algarvesete","twitter_site":"@Algarvesete","twitter_misc":{"Escrito por":"Algarve 7","Tempo estimado de leitura":"2 minutos"},"schema":{"@context":"https:\/\/schema.org","@graph":[{"@type":"Article","@id":"https:\/\/algarve7.pt\/index.php\/2025\/08\/festas-da-guia-celebram-tradicao-local-a-30-e-31-de-agosto\/cultura\/07\/31\/#article","isPartOf":{"@id":"https:\/\/algarve7.pt\/index.php\/2025\/08\/festas-da-guia-celebram-tradicao-local-a-30-e-31-de-agosto\/cultura\/07\/31\/"},"author":{"name":"Algarve 7","@id":"https:\/\/algarve7.pt\/#\/schema\/person\/23fa70681308e7b319a3204bcea45e0c"},"headline":"Festas da Guia celebram tradi\u00e7\u00e3o local, a 30 e 31 de agosto","datePublished":"2025-08-25T06:31:00+00:00","mainEntityOfPage":{"@id":"https:\/\/algarve7.pt\/index.php\/2025\/08\/festas-da-guia-celebram-tradicao-local-a-30-e-31-de-agosto\/cultura\/07\/31\/"},"wordCount":299,"publisher":{"@id":"https:\/\/algarve7.pt\/#organization"},"image":{"@id":"https:\/\/algarve7.pt\/index.php\/2025\/08\/festas-da-guia-celebram-tradicao-local-a-30-e-31-de-agosto\/cultura\/07\/31\/#primaryimage"},"thumbnailUrl":"https:\/\/algarve7.pt\/wp-content\/uploads\/2025\/08\/Festas-guia-2024-05.jpg","keywords":["Albufeira","Algarve","Cultura","Guia"],"articleSection":["Cultura"],"inLanguage":"pt-PT"},{"@type":"WebPage","@id":"https:\/\/algarve7.pt\/index.php\/2025\/08\/festas-da-guia-celebram-tradicao-local-a-30-e-31-de-agosto\/cultura\/07\/31\/","url":"https:\/\/algarve7.pt\/index.php\/2025\/08\/festas-da-guia-celebram-tradicao-local-a-30-e-31-de-agosto\/cultura\/07\/31\/","name":"Festas da Guia celebram tradi\u00e7\u00e3o local, a 30 e 31 de agosto - Algarve 7","isPartOf":{"@id":"https:\/\/algarve7.pt\/#website"},"primaryImageOfPage":{"@id":"https:\/\/algarve7.pt\/index.php\/2025\/08\/festas-da-guia-celebram-tradicao-local-a-30-e-31-de-agosto\/cultura\/07\/31\/#primaryimage"},"image":{"@id":"https:\/\/algarve7.pt\/index.php\/2025\/08\/festas-da-guia-celebram-tradicao-local-a-30-e-31-de-agosto\/cultura\/07\/31\/#primaryimage"},"thumbnailUrl":"https:\/\/algarve7.pt\/wp-content\/uploads\/2025\/08\/Festas-guia-2024-05.jpg","datePublished":"2025-08-25T06:31:00+00:00","description":"Festas da Guia celebram tradi\u00e7\u00e3o local, a 30 e 31 de agosto Cultura","breadcrumb":{"@id":"https:\/\/algarve7.pt\/index.php\/2025\/08\/festas-da-guia-celebram-tradicao-local-a-30-e-31-de-agosto\/cultura\/07\/31\/#breadcrumb"},"inLanguage":"pt-PT","potentialAction":[{"@type":"ReadAction","target":["https:\/\/algarve7.pt\/index.php\/2025\/08\/festas-da-guia-celebram-tradicao-local-a-30-e-31-de-agosto\/cultura\/07\/31\/"]}]},{"@type":"ImageObject","inLanguage":"pt-PT","@id":"https:\/\/algarve7.pt\/index.php\/2025\/08\/festas-da-guia-celebram-tradicao-local-a-30-e-31-de-agosto\/cultura\/07\/31\/#primaryimage","url":"https:\/\/algarve7.pt\/wp-content\/uploads\/2025\/08\/Festas-guia-2024-05.jpg","contentUrl":"https:\/\/algarve7.pt\/wp-content\/uploads\/2025\/08\/Festas-guia-2024-05.jpg","width":800,"height":500},{"@type":"BreadcrumbList","@id":"https:\/\/algarve7.pt\/index.php\/2025\/08\/festas-da-guia-celebram-tradicao-local-a-30-e-31-de-agosto\/cultura\/07\/31\/#breadcrumb","itemListElement":[{"@type":"ListItem","position":1,"name":"In\u00edcio","item":"https:\/\/algarve7.pt\/"},{"@type":"ListItem","position":2,"name":"Festas da Guia celebram tradi\u00e7\u00e3o local, a 30 e 31 de agosto"}]},{"@type":"WebSite","@id":"https:\/\/algarve7.pt\/#website","url":"https:\/\/algarve7.pt\/","name":"Algarve 7","description":"Informa\u00e7\u00e3o sobre o Algarve","publisher":{"@id":"https:\/\/algarve7.pt\/#organization"},"potentialAction":[{"@type":"SearchAction","target":{"@type":"EntryPoint","urlTemplate":"https:\/\/algarve7.pt\/?s={search_term_string}"},"query-input":{"@type":"PropertyValueSpecification","valueRequired":true,"valueName":"search_term_string"}}],"inLanguage":"pt-PT"},{"@type":"Organization","@id":"https:\/\/algarve7.pt\/#organization","name":"Algarve 7","url":"https:\/\/algarve7.pt\/","logo":{"@type":"ImageObject","inLanguage":"pt-PT","@id":"https:\/\/algarve7.pt\/#\/schema\/logo\/image\/","url":"https:\/\/algarve7.pt\/wp-content\/uploads\/2020\/10\/Logo-8.jpg","contentUrl":"https:\/\/algarve7.pt\/wp-content\/uploads\/2020\/10\/Logo-8.jpg","width":1680,"height":1186,"caption":"Algarve 7"},"image":{"@id":"https:\/\/algarve7.pt\/#\/schema\/logo\/image\/"},"sameAs":["https:\/\/www.facebook.com\/algarve7","https:\/\/x.com\/Algarvesete","https:\/\/www.instagram.com\/jornalalgarve7\/","https:\/\/www.linkedin.com\/company\/algarve7","https:\/\/www.pinterest.pt\/geral0939\/_created\/"]},{"@type":"Person","@id":"https:\/\/algarve7.pt\/#\/schema\/person\/23fa70681308e7b319a3204bcea45e0c","name":"Algarve 7","sameAs":["https:\/\/algarve7.pt","https:\/\/www.facebook.com\/algarve7"],"url":"https:\/\/algarve7.pt\/index.php\/author\/geralalgarve7-pt\/"}]}},"jetpack_publicize_connections":[],"jetpack_featured_media_url":"https:\/\/algarve7.pt\/wp-content\/uploads\/2025\/08\/Festas-guia-2024-05.jpg","jetpack_shortlink":"https:\/\/wp.me\/pcezmW-dUq","jetpack_sharing_enabled":true,"_links":{"self":[{"href":"https:\/\/algarve7.pt\/index.php\/wp-json\/wp\/v2\/posts\/53470","targetHints":{"allow":["GET"]}}],"collection":[{"href":"https:\/\/algarve7.pt\/index.php\/wp-json\/wp\/v2\/posts"}],"about":[{"href":"https:\/\/algarve7.pt\/index.php\/wp-json\/wp\/v2\/types\/post"}],"author":[{"embeddable":true,"href":"https:\/\/algarve7.pt\/index.php\/wp-json\/wp\/v2\/users\/1"}],"replies":[{"embeddable":true,"href":"https:\/\/algarve7.pt\/index.php\/wp-json\/wp\/v2\/comments?post=53470"}],"version-history":[{"count":0,"href":"https:\/\/algarve7.pt\/index.php\/wp-json\/wp\/v2\/posts\/53470\/revisions"}],"wp:featuredmedia":[{"embeddable":true,"href":"https:\/\/algarve7.pt\/index.php\/wp-json\/wp\/v2\/media\/53471"}],"wp:attachment":[{"href":"https:\/\/algarve7.pt\/index.php\/wp-json\/wp\/v2\/media?parent=53470"}],"wp:term":[{"taxonomy":"category","embeddable":true,"href":"https:\/\/algarve7.pt\/index.php\/wp-json\/wp\/v2\/categories?post=53470"},{"taxonomy":"post_tag","embeddable":true,"href":"https:\/\/algarve7.pt\/index.php\/wp-json\/wp\/v2\/tags?post=53470"}],"curies":[{"name":"wp","href":"https:\/\/api.w.org\/{rel}","templated":true}]}}