{"id":53462,"date":"2025-08-24T12:45:26","date_gmt":"2025-08-24T11:45:26","guid":{"rendered":"https:\/\/algarve7.pt\/?p=53462"},"modified":"2025-08-24T12:45:28","modified_gmt":"2025-08-24T11:45:28","slug":"comemoracoes-do-dia-do-municipio-de-silves-de-1-a-3-de-setembro","status":"publish","type":"post","link":"https:\/\/algarve7.pt\/index.php\/2025\/08\/comemoracoes-do-dia-do-municipio-de-silves-de-1-a-3-de-setembro\/atualidade\/12\/45\/","title":{"rendered":"\u201cComemora\u00e7\u00f5es do dia do munic\u00edpio de Silves\u201d de 1 a 3 de setembro"},"content":{"rendered":"\n<p>Silves prepara-se para comemorar o Dia do Munic\u00edpio j\u00e1 no pr\u00f3ximo dia 3 de setembro.&nbsp;<\/p>\n\n\n\n<p>Para assinalar os 836 anos da conquista da cidade, o Munic\u00edpio de Silves preparou um programa de iniciativas diversificado com destaque para grandes concertos, inaugura\u00e7\u00f5es, cultura, arte, homenagens de m\u00e9rito municipal e muito mais, que far\u00e3o desta celebra\u00e7\u00e3o um momento inesquec\u00edvel.&nbsp;&nbsp;&nbsp;<\/p>\n\n\n\n<p>A programa\u00e7\u00e3o das comemora\u00e7\u00f5es tem in\u00edcio logo no dia 01 de setembro. Neste dia o Castelo de Silves abre as suas portas, pelas 21h00, para receber o lan\u00e7amento da nova vers\u00e3o da APP Rota da Laranja, com direito a muitas surpresas e brindes para os participantes. A partir das 21h30 re\u00fanem-se em palco a banda de tributo aos Beatles, The Peakles e a Banda da Sociedade Filarm\u00f3nica Silvense, para um espet\u00e1culo cheio de energia e alegria contagiante, que acontece no \u00e2mbito do Dia Nacional das Bandas Filarm\u00f3nicas.&nbsp;<\/p>\n\n\n\n<p>No segundo dia das comemora\u00e7\u00f5es, 02 de setembro, iniciam-se as celebra\u00e7\u00f5es do 35.\u00ba Anivers\u00e1rio do Museu Municipal de Arqueologia de Silves (MMAS) com atua\u00e7\u00e3o, \u00e0s 21h30, do projeto musical Amar Guitarra. Uma atua\u00e7\u00e3o emocionante de &#8220;Guitarras a Dialogar no Museu&#8221; com os incr\u00edveis guitarristas Jo\u00e3o Cu\u00f1a (guitarra portuguesa e guitarra ac\u00fastica) e Pedro Leote Mendes \u201cPierre\u201d (guitarra ac\u00fastica). \u00c0s 22h30 o momento \u00e9 de cantar os parab\u00e9ns ao MMAS (com corte do bolo e brinde com espumante).&nbsp;<\/p>\n\n\n\n<p>As festividades do anivers\u00e1rio do MMAS prolongam-se pelo dia 03 de setembro, entre as 10h00 e as 18h00, com entrada livre. Ao longo do dia v\u00e3o ser realizadas diferentes atividades, para pequenos e gra\u00fados, que passam pela visita acompanhada ao Po\u00e7o-Cisterna, Oficina de Constru\u00e7\u00e3o de Ala\u00fade, com o mestre Jos\u00e9 Cardoso, pinturas faciais e ainda oficina de Dan\u00e7a Oriental, com M\u00f3nica Pereira.<\/p>\n\n\n\n<p>Pelas 18h30, no dia 03, a arte e cultura v\u00e3o estar em destaque com a inaugura\u00e7\u00e3o do Painel de Azulejos \u201cMangueira\u201d de Jorge Santos, no Jardim do Largo da Rep\u00fablica.<\/p>\n\n\n\n<p>A noite do \u00faltimo dia das comemora\u00e7\u00f5es do &#8220;Dia da Cidade de Silves&#8221;, ser\u00e1 de grandes emo\u00e7\u00f5es e ter\u00e1 inicio \u00e0s 21h00, no Castelo de Silves, com a cerim\u00f3nia das Distin\u00e7\u00f5es de M\u00e9rito Municipal, na qual ser\u00e3o homenageadas personalidades do Concelho de Silves que se destacaram ao longo da sua vida, pelo seu contributo indubit\u00e1vel para a comunidade e para o Concelho.<\/p>\n\n\n\n<p>O encerramento das celebra\u00e7\u00f5es ter\u00e1 lugar pelas 22h00 e ficar\u00e1 a cargo do ic\u00f3nico nome da m\u00fasica portuguesa, Rui Veloso que se apresenta em Trio, com Alexandre Manaia e Eduardo Espinho, para um concerto intimista e inesquec\u00edvel, no deslumbrante Castelo de Silves.<\/p>\n\n\n\n<p>A participa\u00e7\u00e3o nas atividades \u00e9 gratuita, no entanto as iniciativas do dia 3 de setembro, no Castelo de Silves, t\u00eam lota\u00e7\u00e3o limitada, sendo imprescind\u00edvel o levantamento de voucher no Museu Municipal de Arqueologia a partir do pr\u00f3ximo dia 27 de agosto, com entrega limitada a dois vouchers por pessoa.&nbsp;&nbsp;<\/p>\n","protected":false},"excerpt":{"rendered":"<p>Silves prepara-se para comemorar o Dia do Munic\u00edpio j\u00e1 no pr\u00f3ximo dia 3 de setembro.&nbsp; Para assinalar os 836 anos<\/p>\n","protected":false},"author":1,"featured_media":53463,"comment_status":"closed","ping_status":"closed","sticky":false,"template":"","format":"standard","meta":{"colormag_page_container_layout":"default_layout","colormag_page_sidebar_layout":"default_layout","_monsterinsights_skip_tracking":false,"_monsterinsights_sitenote_active":false,"_monsterinsights_sitenote_note":"","_monsterinsights_sitenote_category":0,"jetpack_post_was_ever_published":false,"_jetpack_newsletter_access":"","_jetpack_dont_email_post_to_subs":false,"_jetpack_newsletter_tier_id":0,"_jetpack_memberships_contains_paywalled_content":false,"_jetpack_memberships_contains_paid_content":false,"footnotes":"","jetpack_publicize_message":"","jetpack_publicize_feature_enabled":true,"jetpack_social_post_already_shared":false,"jetpack_social_options":{"image_generator_settings":{"template":"highway","default_image_id":0,"font":"","enabled":false},"version":2}},"categories":[11],"tags":[36,62,42],"class_list":["post-53462","post","type-post","status-publish","format-standard","has-post-thumbnail","hentry","category-atualidade","tag-algarve","tag-atualidade","tag-silves"],"yoast_head":"<!-- This site is optimized with the Yoast SEO plugin v27.5 - https:\/\/yoast.com\/product\/yoast-seo-wordpress\/ -->\n<title>\u201cComemora\u00e7\u00f5es do dia do munic\u00edpio de Silves\u201d de 1 a 3 de setembro - Algarve 7<\/title>\n<meta name=\"description\" content=\"\u201cComemora\u00e7\u00f5es do dia do munic\u00edpio de Silves\u201d de 1 a 3 de setembro Atualidade\" \/>\n<meta name=\"robots\" content=\"index, follow, max-snippet:-1, max-image-preview:large, max-video-preview:-1\" \/>\n<link rel=\"canonical\" href=\"https:\/\/algarve7.pt\/index.php\/2025\/08\/comemoracoes-do-dia-do-municipio-de-silves-de-1-a-3-de-setembro\/atualidade\/12\/45\/\" \/>\n<meta property=\"og:locale\" content=\"pt_PT\" \/>\n<meta property=\"og:type\" content=\"article\" \/>\n<meta property=\"og:title\" content=\"\u201cComemora\u00e7\u00f5es do dia do munic\u00edpio de Silves\u201d de 1 a 3 de setembro - Algarve 7\" \/>\n<meta property=\"og:description\" content=\"\u201cComemora\u00e7\u00f5es do dia do munic\u00edpio de Silves\u201d de 1 a 3 de setembro Atualidade\" \/>\n<meta property=\"og:url\" content=\"https:\/\/algarve7.pt\/index.php\/2025\/08\/comemoracoes-do-dia-do-municipio-de-silves-de-1-a-3-de-setembro\/atualidade\/12\/45\/\" \/>\n<meta property=\"og:site_name\" content=\"Algarve 7\" \/>\n<meta property=\"article:publisher\" content=\"https:\/\/www.facebook.com\/algarve7\" \/>\n<meta property=\"article:author\" content=\"https:\/\/www.facebook.com\/algarve7\" \/>\n<meta property=\"article:published_time\" content=\"2025-08-24T11:45:26+00:00\" \/>\n<meta property=\"article:modified_time\" content=\"2025-08-24T11:45:28+00:00\" \/>\n<meta property=\"og:image\" content=\"https:\/\/algarve7.pt\/wp-content\/uploads\/2025\/08\/NOTICIA_Dia-da-Cidade2025.jpg\" \/>\n\t<meta property=\"og:image:width\" content=\"800\" \/>\n\t<meta property=\"og:image:height\" content=\"500\" \/>\n\t<meta property=\"og:image:type\" content=\"image\/jpeg\" \/>\n<meta name=\"author\" content=\"Algarve 7\" \/>\n<meta name=\"twitter:card\" content=\"summary_large_image\" \/>\n<meta name=\"twitter:creator\" content=\"@Algarvesete\" \/>\n<meta name=\"twitter:site\" content=\"@Algarvesete\" \/>\n<meta name=\"twitter:label1\" content=\"Escrito por\" \/>\n\t<meta name=\"twitter:data1\" content=\"Algarve 7\" \/>\n\t<meta name=\"twitter:label2\" content=\"Tempo estimado de leitura\" \/>\n\t<meta name=\"twitter:data2\" content=\"3 minutos\" \/>\n<script type=\"application\/ld+json\" class=\"yoast-schema-graph\">{\"@context\":\"https:\\\/\\\/schema.org\",\"@graph\":[{\"@type\":\"Article\",\"@id\":\"https:\\\/\\\/algarve7.pt\\\/index.php\\\/2025\\\/08\\\/comemoracoes-do-dia-do-municipio-de-silves-de-1-a-3-de-setembro\\\/atualidade\\\/12\\\/45\\\/#article\",\"isPartOf\":{\"@id\":\"https:\\\/\\\/algarve7.pt\\\/index.php\\\/2025\\\/08\\\/comemoracoes-do-dia-do-municipio-de-silves-de-1-a-3-de-setembro\\\/atualidade\\\/12\\\/45\\\/\"},\"author\":{\"name\":\"Algarve 7\",\"@id\":\"https:\\\/\\\/algarve7.pt\\\/#\\\/schema\\\/person\\\/23fa70681308e7b319a3204bcea45e0c\"},\"headline\":\"\u201cComemora\u00e7\u00f5es do dia do munic\u00edpio de Silves\u201d de 1 a 3 de setembro\",\"datePublished\":\"2025-08-24T11:45:26+00:00\",\"dateModified\":\"2025-08-24T11:45:28+00:00\",\"mainEntityOfPage\":{\"@id\":\"https:\\\/\\\/algarve7.pt\\\/index.php\\\/2025\\\/08\\\/comemoracoes-do-dia-do-municipio-de-silves-de-1-a-3-de-setembro\\\/atualidade\\\/12\\\/45\\\/\"},\"wordCount\":530,\"publisher\":{\"@id\":\"https:\\\/\\\/algarve7.pt\\\/#organization\"},\"image\":{\"@id\":\"https:\\\/\\\/algarve7.pt\\\/index.php\\\/2025\\\/08\\\/comemoracoes-do-dia-do-municipio-de-silves-de-1-a-3-de-setembro\\\/atualidade\\\/12\\\/45\\\/#primaryimage\"},\"thumbnailUrl\":\"https:\\\/\\\/algarve7.pt\\\/wp-content\\\/uploads\\\/2025\\\/08\\\/NOTICIA_Dia-da-Cidade2025.jpg\",\"keywords\":[\"Algarve\",\"Atualidade\",\"Silves\"],\"articleSection\":[\"Atualidade\"],\"inLanguage\":\"pt-PT\"},{\"@type\":\"WebPage\",\"@id\":\"https:\\\/\\\/algarve7.pt\\\/index.php\\\/2025\\\/08\\\/comemoracoes-do-dia-do-municipio-de-silves-de-1-a-3-de-setembro\\\/atualidade\\\/12\\\/45\\\/\",\"url\":\"https:\\\/\\\/algarve7.pt\\\/index.php\\\/2025\\\/08\\\/comemoracoes-do-dia-do-municipio-de-silves-de-1-a-3-de-setembro\\\/atualidade\\\/12\\\/45\\\/\",\"name\":\"\u201cComemora\u00e7\u00f5es do dia do munic\u00edpio de Silves\u201d de 1 a 3 de setembro - Algarve 7\",\"isPartOf\":{\"@id\":\"https:\\\/\\\/algarve7.pt\\\/#website\"},\"primaryImageOfPage\":{\"@id\":\"https:\\\/\\\/algarve7.pt\\\/index.php\\\/2025\\\/08\\\/comemoracoes-do-dia-do-municipio-de-silves-de-1-a-3-de-setembro\\\/atualidade\\\/12\\\/45\\\/#primaryimage\"},\"image\":{\"@id\":\"https:\\\/\\\/algarve7.pt\\\/index.php\\\/2025\\\/08\\\/comemoracoes-do-dia-do-municipio-de-silves-de-1-a-3-de-setembro\\\/atualidade\\\/12\\\/45\\\/#primaryimage\"},\"thumbnailUrl\":\"https:\\\/\\\/algarve7.pt\\\/wp-content\\\/uploads\\\/2025\\\/08\\\/NOTICIA_Dia-da-Cidade2025.jpg\",\"datePublished\":\"2025-08-24T11:45:26+00:00\",\"dateModified\":\"2025-08-24T11:45:28+00:00\",\"description\":\"\u201cComemora\u00e7\u00f5es do dia do munic\u00edpio de Silves\u201d de 1 a 3 de setembro Atualidade\",\"breadcrumb\":{\"@id\":\"https:\\\/\\\/algarve7.pt\\\/index.php\\\/2025\\\/08\\\/comemoracoes-do-dia-do-municipio-de-silves-de-1-a-3-de-setembro\\\/atualidade\\\/12\\\/45\\\/#breadcrumb\"},\"inLanguage\":\"pt-PT\",\"potentialAction\":[{\"@type\":\"ReadAction\",\"target\":[\"https:\\\/\\\/algarve7.pt\\\/index.php\\\/2025\\\/08\\\/comemoracoes-do-dia-do-municipio-de-silves-de-1-a-3-de-setembro\\\/atualidade\\\/12\\\/45\\\/\"]}]},{\"@type\":\"ImageObject\",\"inLanguage\":\"pt-PT\",\"@id\":\"https:\\\/\\\/algarve7.pt\\\/index.php\\\/2025\\\/08\\\/comemoracoes-do-dia-do-municipio-de-silves-de-1-a-3-de-setembro\\\/atualidade\\\/12\\\/45\\\/#primaryimage\",\"url\":\"https:\\\/\\\/algarve7.pt\\\/wp-content\\\/uploads\\\/2025\\\/08\\\/NOTICIA_Dia-da-Cidade2025.jpg\",\"contentUrl\":\"https:\\\/\\\/algarve7.pt\\\/wp-content\\\/uploads\\\/2025\\\/08\\\/NOTICIA_Dia-da-Cidade2025.jpg\",\"width\":800,\"height\":500},{\"@type\":\"BreadcrumbList\",\"@id\":\"https:\\\/\\\/algarve7.pt\\\/index.php\\\/2025\\\/08\\\/comemoracoes-do-dia-do-municipio-de-silves-de-1-a-3-de-setembro\\\/atualidade\\\/12\\\/45\\\/#breadcrumb\",\"itemListElement\":[{\"@type\":\"ListItem\",\"position\":1,\"name\":\"In\u00edcio\",\"item\":\"https:\\\/\\\/algarve7.pt\\\/\"},{\"@type\":\"ListItem\",\"position\":2,\"name\":\"\u201cComemora\u00e7\u00f5es do dia do munic\u00edpio de Silves\u201d de 1 a 3 de setembro\"}]},{\"@type\":\"WebSite\",\"@id\":\"https:\\\/\\\/algarve7.pt\\\/#website\",\"url\":\"https:\\\/\\\/algarve7.pt\\\/\",\"name\":\"Algarve 7\",\"description\":\"Informa\u00e7\u00e3o sobre o Algarve\",\"publisher\":{\"@id\":\"https:\\\/\\\/algarve7.pt\\\/#organization\"},\"potentialAction\":[{\"@type\":\"SearchAction\",\"target\":{\"@type\":\"EntryPoint\",\"urlTemplate\":\"https:\\\/\\\/algarve7.pt\\\/?s={search_term_string}\"},\"query-input\":{\"@type\":\"PropertyValueSpecification\",\"valueRequired\":true,\"valueName\":\"search_term_string\"}}],\"inLanguage\":\"pt-PT\"},{\"@type\":\"Organization\",\"@id\":\"https:\\\/\\\/algarve7.pt\\\/#organization\",\"name\":\"Algarve 7\",\"url\":\"https:\\\/\\\/algarve7.pt\\\/\",\"logo\":{\"@type\":\"ImageObject\",\"inLanguage\":\"pt-PT\",\"@id\":\"https:\\\/\\\/algarve7.pt\\\/#\\\/schema\\\/logo\\\/image\\\/\",\"url\":\"https:\\\/\\\/algarve7.pt\\\/wp-content\\\/uploads\\\/2020\\\/10\\\/Logo-8.jpg\",\"contentUrl\":\"https:\\\/\\\/algarve7.pt\\\/wp-content\\\/uploads\\\/2020\\\/10\\\/Logo-8.jpg\",\"width\":1680,\"height\":1186,\"caption\":\"Algarve 7\"},\"image\":{\"@id\":\"https:\\\/\\\/algarve7.pt\\\/#\\\/schema\\\/logo\\\/image\\\/\"},\"sameAs\":[\"https:\\\/\\\/www.facebook.com\\\/algarve7\",\"https:\\\/\\\/x.com\\\/Algarvesete\",\"https:\\\/\\\/www.instagram.com\\\/jornalalgarve7\\\/\",\"https:\\\/\\\/www.linkedin.com\\\/company\\\/algarve7\",\"https:\\\/\\\/www.pinterest.pt\\\/geral0939\\\/_created\\\/\"]},{\"@type\":\"Person\",\"@id\":\"https:\\\/\\\/algarve7.pt\\\/#\\\/schema\\\/person\\\/23fa70681308e7b319a3204bcea45e0c\",\"name\":\"Algarve 7\",\"sameAs\":[\"https:\\\/\\\/algarve7.pt\",\"https:\\\/\\\/www.facebook.com\\\/algarve7\"],\"url\":\"https:\\\/\\\/algarve7.pt\\\/index.php\\\/author\\\/geralalgarve7-pt\\\/\"}]}<\/script>\n<!-- \/ Yoast SEO plugin. -->","yoast_head_json":{"title":"\u201cComemora\u00e7\u00f5es do dia do munic\u00edpio de Silves\u201d de 1 a 3 de setembro - Algarve 7","description":"\u201cComemora\u00e7\u00f5es do dia do munic\u00edpio de Silves\u201d de 1 a 3 de setembro Atualidade","robots":{"index":"index","follow":"follow","max-snippet":"max-snippet:-1","max-image-preview":"max-image-preview:large","max-video-preview":"max-video-preview:-1"},"canonical":"https:\/\/algarve7.pt\/index.php\/2025\/08\/comemoracoes-do-dia-do-municipio-de-silves-de-1-a-3-de-setembro\/atualidade\/12\/45\/","og_locale":"pt_PT","og_type":"article","og_title":"\u201cComemora\u00e7\u00f5es do dia do munic\u00edpio de Silves\u201d de 1 a 3 de setembro - Algarve 7","og_description":"\u201cComemora\u00e7\u00f5es do dia do munic\u00edpio de Silves\u201d de 1 a 3 de setembro Atualidade","og_url":"https:\/\/algarve7.pt\/index.php\/2025\/08\/comemoracoes-do-dia-do-municipio-de-silves-de-1-a-3-de-setembro\/atualidade\/12\/45\/","og_site_name":"Algarve 7","article_publisher":"https:\/\/www.facebook.com\/algarve7","article_author":"https:\/\/www.facebook.com\/algarve7","article_published_time":"2025-08-24T11:45:26+00:00","article_modified_time":"2025-08-24T11:45:28+00:00","og_image":[{"width":800,"height":500,"url":"https:\/\/algarve7.pt\/wp-content\/uploads\/2025\/08\/NOTICIA_Dia-da-Cidade2025.jpg","type":"image\/jpeg"}],"author":"Algarve 7","twitter_card":"summary_large_image","twitter_creator":"@Algarvesete","twitter_site":"@Algarvesete","twitter_misc":{"Escrito por":"Algarve 7","Tempo estimado de leitura":"3 minutos"},"schema":{"@context":"https:\/\/schema.org","@graph":[{"@type":"Article","@id":"https:\/\/algarve7.pt\/index.php\/2025\/08\/comemoracoes-do-dia-do-municipio-de-silves-de-1-a-3-de-setembro\/atualidade\/12\/45\/#article","isPartOf":{"@id":"https:\/\/algarve7.pt\/index.php\/2025\/08\/comemoracoes-do-dia-do-municipio-de-silves-de-1-a-3-de-setembro\/atualidade\/12\/45\/"},"author":{"name":"Algarve 7","@id":"https:\/\/algarve7.pt\/#\/schema\/person\/23fa70681308e7b319a3204bcea45e0c"},"headline":"\u201cComemora\u00e7\u00f5es do dia do munic\u00edpio de Silves\u201d de 1 a 3 de setembro","datePublished":"2025-08-24T11:45:26+00:00","dateModified":"2025-08-24T11:45:28+00:00","mainEntityOfPage":{"@id":"https:\/\/algarve7.pt\/index.php\/2025\/08\/comemoracoes-do-dia-do-municipio-de-silves-de-1-a-3-de-setembro\/atualidade\/12\/45\/"},"wordCount":530,"publisher":{"@id":"https:\/\/algarve7.pt\/#organization"},"image":{"@id":"https:\/\/algarve7.pt\/index.php\/2025\/08\/comemoracoes-do-dia-do-municipio-de-silves-de-1-a-3-de-setembro\/atualidade\/12\/45\/#primaryimage"},"thumbnailUrl":"https:\/\/algarve7.pt\/wp-content\/uploads\/2025\/08\/NOTICIA_Dia-da-Cidade2025.jpg","keywords":["Algarve","Atualidade","Silves"],"articleSection":["Atualidade"],"inLanguage":"pt-PT"},{"@type":"WebPage","@id":"https:\/\/algarve7.pt\/index.php\/2025\/08\/comemoracoes-do-dia-do-municipio-de-silves-de-1-a-3-de-setembro\/atualidade\/12\/45\/","url":"https:\/\/algarve7.pt\/index.php\/2025\/08\/comemoracoes-do-dia-do-municipio-de-silves-de-1-a-3-de-setembro\/atualidade\/12\/45\/","name":"\u201cComemora\u00e7\u00f5es do dia do munic\u00edpio de Silves\u201d de 1 a 3 de setembro - Algarve 7","isPartOf":{"@id":"https:\/\/algarve7.pt\/#website"},"primaryImageOfPage":{"@id":"https:\/\/algarve7.pt\/index.php\/2025\/08\/comemoracoes-do-dia-do-municipio-de-silves-de-1-a-3-de-setembro\/atualidade\/12\/45\/#primaryimage"},"image":{"@id":"https:\/\/algarve7.pt\/index.php\/2025\/08\/comemoracoes-do-dia-do-municipio-de-silves-de-1-a-3-de-setembro\/atualidade\/12\/45\/#primaryimage"},"thumbnailUrl":"https:\/\/algarve7.pt\/wp-content\/uploads\/2025\/08\/NOTICIA_Dia-da-Cidade2025.jpg","datePublished":"2025-08-24T11:45:26+00:00","dateModified":"2025-08-24T11:45:28+00:00","description":"\u201cComemora\u00e7\u00f5es do dia do munic\u00edpio de Silves\u201d de 1 a 3 de setembro Atualidade","breadcrumb":{"@id":"https:\/\/algarve7.pt\/index.php\/2025\/08\/comemoracoes-do-dia-do-municipio-de-silves-de-1-a-3-de-setembro\/atualidade\/12\/45\/#breadcrumb"},"inLanguage":"pt-PT","potentialAction":[{"@type":"ReadAction","target":["https:\/\/algarve7.pt\/index.php\/2025\/08\/comemoracoes-do-dia-do-municipio-de-silves-de-1-a-3-de-setembro\/atualidade\/12\/45\/"]}]},{"@type":"ImageObject","inLanguage":"pt-PT","@id":"https:\/\/algarve7.pt\/index.php\/2025\/08\/comemoracoes-do-dia-do-municipio-de-silves-de-1-a-3-de-setembro\/atualidade\/12\/45\/#primaryimage","url":"https:\/\/algarve7.pt\/wp-content\/uploads\/2025\/08\/NOTICIA_Dia-da-Cidade2025.jpg","contentUrl":"https:\/\/algarve7.pt\/wp-content\/uploads\/2025\/08\/NOTICIA_Dia-da-Cidade2025.jpg","width":800,"height":500},{"@type":"BreadcrumbList","@id":"https:\/\/algarve7.pt\/index.php\/2025\/08\/comemoracoes-do-dia-do-municipio-de-silves-de-1-a-3-de-setembro\/atualidade\/12\/45\/#breadcrumb","itemListElement":[{"@type":"ListItem","position":1,"name":"In\u00edcio","item":"https:\/\/algarve7.pt\/"},{"@type":"ListItem","position":2,"name":"\u201cComemora\u00e7\u00f5es do dia do munic\u00edpio de Silves\u201d de 1 a 3 de setembro"}]},{"@type":"WebSite","@id":"https:\/\/algarve7.pt\/#website","url":"https:\/\/algarve7.pt\/","name":"Algarve 7","description":"Informa\u00e7\u00e3o sobre o Algarve","publisher":{"@id":"https:\/\/algarve7.pt\/#organization"},"potentialAction":[{"@type":"SearchAction","target":{"@type":"EntryPoint","urlTemplate":"https:\/\/algarve7.pt\/?s={search_term_string}"},"query-input":{"@type":"PropertyValueSpecification","valueRequired":true,"valueName":"search_term_string"}}],"inLanguage":"pt-PT"},{"@type":"Organization","@id":"https:\/\/algarve7.pt\/#organization","name":"Algarve 7","url":"https:\/\/algarve7.pt\/","logo":{"@type":"ImageObject","inLanguage":"pt-PT","@id":"https:\/\/algarve7.pt\/#\/schema\/logo\/image\/","url":"https:\/\/algarve7.pt\/wp-content\/uploads\/2020\/10\/Logo-8.jpg","contentUrl":"https:\/\/algarve7.pt\/wp-content\/uploads\/2020\/10\/Logo-8.jpg","width":1680,"height":1186,"caption":"Algarve 7"},"image":{"@id":"https:\/\/algarve7.pt\/#\/schema\/logo\/image\/"},"sameAs":["https:\/\/www.facebook.com\/algarve7","https:\/\/x.com\/Algarvesete","https:\/\/www.instagram.com\/jornalalgarve7\/","https:\/\/www.linkedin.com\/company\/algarve7","https:\/\/www.pinterest.pt\/geral0939\/_created\/"]},{"@type":"Person","@id":"https:\/\/algarve7.pt\/#\/schema\/person\/23fa70681308e7b319a3204bcea45e0c","name":"Algarve 7","sameAs":["https:\/\/algarve7.pt","https:\/\/www.facebook.com\/algarve7"],"url":"https:\/\/algarve7.pt\/index.php\/author\/geralalgarve7-pt\/"}]}},"jetpack_publicize_connections":[],"jetpack_featured_media_url":"https:\/\/algarve7.pt\/wp-content\/uploads\/2025\/08\/NOTICIA_Dia-da-Cidade2025.jpg","jetpack_shortlink":"https:\/\/wp.me\/pcezmW-dUi","jetpack_sharing_enabled":true,"_links":{"self":[{"href":"https:\/\/algarve7.pt\/index.php\/wp-json\/wp\/v2\/posts\/53462","targetHints":{"allow":["GET"]}}],"collection":[{"href":"https:\/\/algarve7.pt\/index.php\/wp-json\/wp\/v2\/posts"}],"about":[{"href":"https:\/\/algarve7.pt\/index.php\/wp-json\/wp\/v2\/types\/post"}],"author":[{"embeddable":true,"href":"https:\/\/algarve7.pt\/index.php\/wp-json\/wp\/v2\/users\/1"}],"replies":[{"embeddable":true,"href":"https:\/\/algarve7.pt\/index.php\/wp-json\/wp\/v2\/comments?post=53462"}],"version-history":[{"count":0,"href":"https:\/\/algarve7.pt\/index.php\/wp-json\/wp\/v2\/posts\/53462\/revisions"}],"wp:featuredmedia":[{"embeddable":true,"href":"https:\/\/algarve7.pt\/index.php\/wp-json\/wp\/v2\/media\/53463"}],"wp:attachment":[{"href":"https:\/\/algarve7.pt\/index.php\/wp-json\/wp\/v2\/media?parent=53462"}],"wp:term":[{"taxonomy":"category","embeddable":true,"href":"https:\/\/algarve7.pt\/index.php\/wp-json\/wp\/v2\/categories?post=53462"},{"taxonomy":"post_tag","embeddable":true,"href":"https:\/\/algarve7.pt\/index.php\/wp-json\/wp\/v2\/tags?post=53462"}],"curies":[{"name":"wp","href":"https:\/\/api.w.org\/{rel}","templated":true}]}}