{"id":53459,"date":"2025-08-24T10:52:39","date_gmt":"2025-08-24T09:52:39","guid":{"rendered":"https:\/\/algarve7.pt\/?p=53459"},"modified":"2025-08-24T10:52:42","modified_gmt":"2025-08-24T09:52:42","slug":"sao-bras-de-alportel-assume-gestao-da-antiga-casa-cantoneiros-bicas-da-serra","status":"publish","type":"post","link":"https:\/\/algarve7.pt\/index.php\/2025\/08\/sao-bras-de-alportel-assume-gestao-da-antiga-casa-cantoneiros-bicas-da-serra\/atualidade\/10\/52\/","title":{"rendered":"S\u00e3o Br\u00e1s de Alportel assume gest\u00e3o da\u00a0\u201cantiga casa cantoneiros bicas da serra\u201d"},"content":{"rendered":"\n<p>Com a aprova\u00e7\u00e3o da proposta apresentada pela autarquia, o Munic\u00edpio passou a ser respons\u00e1vel pela gest\u00e3o do edif\u00edcio p\u00fablico conhecido como \u201cAntiga Casa Cantoneiros Bicas da Serra\u201d, que est\u00e1 situado na Estrada Nacional 2, no km 714, no S\u00edtio das Bicas da Serra, mediante um acordo assinado entre o Munic\u00edpio e o Estado Portugu\u00eas.<\/p>\n\n\n\n<p>Este acordo enquadra-se na legisla\u00e7\u00e3o que permite aos munic\u00edpios cuidar dos pr\u00e9dios p\u00fablicos que n\u00e3o estejam a ser usados, para que n\u00e3o fiquem ao abandono. Os munic\u00edpios podem recuperar e aproveitar melhor estes espa\u00e7os, para que todos possam deles beneficiar.<\/p>\n\n\n\n<p>A antiga Casa de Cantoneiros \u00e9 a \u00fanica localizada da no concelho.&nbsp;<\/p>\n\n\n\n<p>O im\u00f3vel fazia parte de uma lista oficial de pr\u00e9dios p\u00fablicos que estavam sem utiliza\u00e7\u00e3o. Depois do munic\u00edpio mostrar o seu interesse e apresentar um plano para valorizar o espa\u00e7o de forma sustent\u00e1vel, o Estado autorizou no decurso de 2025 a transfer\u00eancia da gest\u00e3o para a C\u00e2mara.<\/p>\n\n\n\n<p>Com esta decis\u00e3o, S\u00e3o Br\u00e1s de Alportel refor\u00e7a o seu compromisso em proteger o patrim\u00f3nio local e em usar os recursos p\u00fablicos de forma mais eficiente, pensando sempre na comunidade.<\/p>\n\n\n\n<p>Com recurso a uma candidatura a apresentar ao novo Programa Comunit\u00e1rio Portugal 2030, o munic\u00edpio pretende reabilitar o edif\u00edcio e reconverter para criar um espa\u00e7o de acolhimento em plena serra do Caldeir\u00e3o, que proporcione uma agrad\u00e1vel paragem para degustar os sabores tradicionais, conhecer os produtos locais, integrando pequena unidade de alojamento, ponto de informa\u00e7\u00e3o tur\u00edstica e espa\u00e7o polivalente para dinamiza\u00e7\u00e3o de atividades.<\/p>\n\n\n\n<p>Este novo espa\u00e7o vem integrar-se na estrat\u00e9gia municipal de valoriza\u00e7\u00e3o da Rota da EN2, em complemento \u00e0 Casa Mem\u00f3ria da EN2, , que celebra hoje 5 anos&nbsp;sobre a sua abertura.<\/p>\n","protected":false},"excerpt":{"rendered":"<p>Com a aprova\u00e7\u00e3o da proposta apresentada pela autarquia, o Munic\u00edpio passou a ser respons\u00e1vel pela gest\u00e3o do edif\u00edcio p\u00fablico conhecido<\/p>\n","protected":false},"author":1,"featured_media":53460,"comment_status":"closed","ping_status":"closed","sticky":false,"template":"","format":"standard","meta":{"colormag_page_container_layout":"default_layout","colormag_page_sidebar_layout":"default_layout","_monsterinsights_skip_tracking":false,"_monsterinsights_sitenote_active":false,"_monsterinsights_sitenote_note":"","_monsterinsights_sitenote_category":0,"jetpack_post_was_ever_published":false,"_jetpack_newsletter_access":"","_jetpack_dont_email_post_to_subs":false,"_jetpack_newsletter_tier_id":0,"_jetpack_memberships_contains_paywalled_content":false,"_jetpack_memberships_contains_paid_content":false,"footnotes":"","jetpack_publicize_message":"","jetpack_publicize_feature_enabled":true,"jetpack_social_post_already_shared":false,"jetpack_social_options":{"image_generator_settings":{"template":"highway","default_image_id":0,"font":"","enabled":false},"version":2}},"categories":[11],"tags":[36,62,63],"class_list":["post-53459","post","type-post","status-publish","format-standard","has-post-thumbnail","hentry","category-atualidade","tag-algarve","tag-atualidade","tag-sao-bras-de-alportel"],"yoast_head":"<!-- This site is optimized with the Yoast SEO plugin v27.5 - https:\/\/yoast.com\/product\/yoast-seo-wordpress\/ -->\n<title>S\u00e3o Br\u00e1s de Alportel assume gest\u00e3o da\u00a0\u201cantiga casa cantoneiros bicas da serra\u201d - Algarve 7<\/title>\n<meta name=\"description\" content=\"S\u00e3o Br\u00e1s de Alportel assume gest\u00e3o da\u00a0\u201cantiga casa cantoneiros bicas da serra\u201d Atualidade\" \/>\n<meta name=\"robots\" content=\"index, follow, max-snippet:-1, max-image-preview:large, max-video-preview:-1\" \/>\n<link rel=\"canonical\" href=\"https:\/\/algarve7.pt\/index.php\/2025\/08\/sao-bras-de-alportel-assume-gestao-da-antiga-casa-cantoneiros-bicas-da-serra\/atualidade\/10\/52\/\" \/>\n<meta property=\"og:locale\" content=\"pt_PT\" \/>\n<meta property=\"og:type\" content=\"article\" \/>\n<meta property=\"og:title\" content=\"S\u00e3o Br\u00e1s de Alportel assume gest\u00e3o da\u00a0\u201cantiga casa cantoneiros bicas da serra\u201d - Algarve 7\" \/>\n<meta property=\"og:description\" content=\"S\u00e3o Br\u00e1s de Alportel assume gest\u00e3o da\u00a0\u201cantiga casa cantoneiros bicas da serra\u201d Atualidade\" \/>\n<meta property=\"og:url\" content=\"https:\/\/algarve7.pt\/index.php\/2025\/08\/sao-bras-de-alportel-assume-gestao-da-antiga-casa-cantoneiros-bicas-da-serra\/atualidade\/10\/52\/\" \/>\n<meta property=\"og:site_name\" content=\"Algarve 7\" \/>\n<meta property=\"article:publisher\" content=\"https:\/\/www.facebook.com\/algarve7\" \/>\n<meta property=\"article:author\" content=\"https:\/\/www.facebook.com\/algarve7\" \/>\n<meta property=\"article:published_time\" content=\"2025-08-24T09:52:39+00:00\" \/>\n<meta property=\"article:modified_time\" content=\"2025-08-24T09:52:42+00:00\" \/>\n<meta property=\"og:image\" content=\"https:\/\/algarve7.pt\/wp-content\/uploads\/2025\/08\/SBA_Antiga_Casa_Cantoneiros_Bicas_da_Serra.png\" \/>\n\t<meta property=\"og:image:width\" content=\"800\" \/>\n\t<meta property=\"og:image:height\" content=\"500\" \/>\n\t<meta property=\"og:image:type\" content=\"image\/png\" \/>\n<meta name=\"author\" content=\"Algarve 7\" \/>\n<meta name=\"twitter:card\" content=\"summary_large_image\" \/>\n<meta name=\"twitter:creator\" content=\"@Algarvesete\" \/>\n<meta name=\"twitter:site\" content=\"@Algarvesete\" \/>\n<meta name=\"twitter:label1\" content=\"Escrito por\" \/>\n\t<meta name=\"twitter:data1\" content=\"Algarve 7\" \/>\n\t<meta name=\"twitter:label2\" content=\"Tempo estimado de leitura\" \/>\n\t<meta name=\"twitter:data2\" content=\"2 minutos\" \/>\n<script type=\"application\/ld+json\" class=\"yoast-schema-graph\">{\"@context\":\"https:\\\/\\\/schema.org\",\"@graph\":[{\"@type\":\"Article\",\"@id\":\"https:\\\/\\\/algarve7.pt\\\/index.php\\\/2025\\\/08\\\/sao-bras-de-alportel-assume-gestao-da-antiga-casa-cantoneiros-bicas-da-serra\\\/atualidade\\\/10\\\/52\\\/#article\",\"isPartOf\":{\"@id\":\"https:\\\/\\\/algarve7.pt\\\/index.php\\\/2025\\\/08\\\/sao-bras-de-alportel-assume-gestao-da-antiga-casa-cantoneiros-bicas-da-serra\\\/atualidade\\\/10\\\/52\\\/\"},\"author\":{\"name\":\"Algarve 7\",\"@id\":\"https:\\\/\\\/algarve7.pt\\\/#\\\/schema\\\/person\\\/23fa70681308e7b319a3204bcea45e0c\"},\"headline\":\"S\u00e3o Br\u00e1s de Alportel assume gest\u00e3o da\u00a0\u201cantiga casa cantoneiros bicas da serra\u201d\",\"datePublished\":\"2025-08-24T09:52:39+00:00\",\"dateModified\":\"2025-08-24T09:52:42+00:00\",\"mainEntityOfPage\":{\"@id\":\"https:\\\/\\\/algarve7.pt\\\/index.php\\\/2025\\\/08\\\/sao-bras-de-alportel-assume-gestao-da-antiga-casa-cantoneiros-bicas-da-serra\\\/atualidade\\\/10\\\/52\\\/\"},\"wordCount\":333,\"publisher\":{\"@id\":\"https:\\\/\\\/algarve7.pt\\\/#organization\"},\"image\":{\"@id\":\"https:\\\/\\\/algarve7.pt\\\/index.php\\\/2025\\\/08\\\/sao-bras-de-alportel-assume-gestao-da-antiga-casa-cantoneiros-bicas-da-serra\\\/atualidade\\\/10\\\/52\\\/#primaryimage\"},\"thumbnailUrl\":\"https:\\\/\\\/algarve7.pt\\\/wp-content\\\/uploads\\\/2025\\\/08\\\/SBA_Antiga_Casa_Cantoneiros_Bicas_da_Serra.png\",\"keywords\":[\"Algarve\",\"Atualidade\",\"S\u00e3o Br\u00e1s de Alportel\"],\"articleSection\":[\"Atualidade\"],\"inLanguage\":\"pt-PT\"},{\"@type\":\"WebPage\",\"@id\":\"https:\\\/\\\/algarve7.pt\\\/index.php\\\/2025\\\/08\\\/sao-bras-de-alportel-assume-gestao-da-antiga-casa-cantoneiros-bicas-da-serra\\\/atualidade\\\/10\\\/52\\\/\",\"url\":\"https:\\\/\\\/algarve7.pt\\\/index.php\\\/2025\\\/08\\\/sao-bras-de-alportel-assume-gestao-da-antiga-casa-cantoneiros-bicas-da-serra\\\/atualidade\\\/10\\\/52\\\/\",\"name\":\"S\u00e3o Br\u00e1s de Alportel assume gest\u00e3o da\u00a0\u201cantiga casa cantoneiros bicas da serra\u201d - Algarve 7\",\"isPartOf\":{\"@id\":\"https:\\\/\\\/algarve7.pt\\\/#website\"},\"primaryImageOfPage\":{\"@id\":\"https:\\\/\\\/algarve7.pt\\\/index.php\\\/2025\\\/08\\\/sao-bras-de-alportel-assume-gestao-da-antiga-casa-cantoneiros-bicas-da-serra\\\/atualidade\\\/10\\\/52\\\/#primaryimage\"},\"image\":{\"@id\":\"https:\\\/\\\/algarve7.pt\\\/index.php\\\/2025\\\/08\\\/sao-bras-de-alportel-assume-gestao-da-antiga-casa-cantoneiros-bicas-da-serra\\\/atualidade\\\/10\\\/52\\\/#primaryimage\"},\"thumbnailUrl\":\"https:\\\/\\\/algarve7.pt\\\/wp-content\\\/uploads\\\/2025\\\/08\\\/SBA_Antiga_Casa_Cantoneiros_Bicas_da_Serra.png\",\"datePublished\":\"2025-08-24T09:52:39+00:00\",\"dateModified\":\"2025-08-24T09:52:42+00:00\",\"description\":\"S\u00e3o Br\u00e1s de Alportel assume gest\u00e3o da\u00a0\u201cantiga casa cantoneiros bicas da serra\u201d Atualidade\",\"breadcrumb\":{\"@id\":\"https:\\\/\\\/algarve7.pt\\\/index.php\\\/2025\\\/08\\\/sao-bras-de-alportel-assume-gestao-da-antiga-casa-cantoneiros-bicas-da-serra\\\/atualidade\\\/10\\\/52\\\/#breadcrumb\"},\"inLanguage\":\"pt-PT\",\"potentialAction\":[{\"@type\":\"ReadAction\",\"target\":[\"https:\\\/\\\/algarve7.pt\\\/index.php\\\/2025\\\/08\\\/sao-bras-de-alportel-assume-gestao-da-antiga-casa-cantoneiros-bicas-da-serra\\\/atualidade\\\/10\\\/52\\\/\"]}]},{\"@type\":\"ImageObject\",\"inLanguage\":\"pt-PT\",\"@id\":\"https:\\\/\\\/algarve7.pt\\\/index.php\\\/2025\\\/08\\\/sao-bras-de-alportel-assume-gestao-da-antiga-casa-cantoneiros-bicas-da-serra\\\/atualidade\\\/10\\\/52\\\/#primaryimage\",\"url\":\"https:\\\/\\\/algarve7.pt\\\/wp-content\\\/uploads\\\/2025\\\/08\\\/SBA_Antiga_Casa_Cantoneiros_Bicas_da_Serra.png\",\"contentUrl\":\"https:\\\/\\\/algarve7.pt\\\/wp-content\\\/uploads\\\/2025\\\/08\\\/SBA_Antiga_Casa_Cantoneiros_Bicas_da_Serra.png\",\"width\":800,\"height\":500},{\"@type\":\"BreadcrumbList\",\"@id\":\"https:\\\/\\\/algarve7.pt\\\/index.php\\\/2025\\\/08\\\/sao-bras-de-alportel-assume-gestao-da-antiga-casa-cantoneiros-bicas-da-serra\\\/atualidade\\\/10\\\/52\\\/#breadcrumb\",\"itemListElement\":[{\"@type\":\"ListItem\",\"position\":1,\"name\":\"In\u00edcio\",\"item\":\"https:\\\/\\\/algarve7.pt\\\/\"},{\"@type\":\"ListItem\",\"position\":2,\"name\":\"S\u00e3o Br\u00e1s de Alportel assume gest\u00e3o da\u00a0\u201cantiga casa cantoneiros bicas da serra\u201d\"}]},{\"@type\":\"WebSite\",\"@id\":\"https:\\\/\\\/algarve7.pt\\\/#website\",\"url\":\"https:\\\/\\\/algarve7.pt\\\/\",\"name\":\"Algarve 7\",\"description\":\"Informa\u00e7\u00e3o sobre o Algarve\",\"publisher\":{\"@id\":\"https:\\\/\\\/algarve7.pt\\\/#organization\"},\"potentialAction\":[{\"@type\":\"SearchAction\",\"target\":{\"@type\":\"EntryPoint\",\"urlTemplate\":\"https:\\\/\\\/algarve7.pt\\\/?s={search_term_string}\"},\"query-input\":{\"@type\":\"PropertyValueSpecification\",\"valueRequired\":true,\"valueName\":\"search_term_string\"}}],\"inLanguage\":\"pt-PT\"},{\"@type\":\"Organization\",\"@id\":\"https:\\\/\\\/algarve7.pt\\\/#organization\",\"name\":\"Algarve 7\",\"url\":\"https:\\\/\\\/algarve7.pt\\\/\",\"logo\":{\"@type\":\"ImageObject\",\"inLanguage\":\"pt-PT\",\"@id\":\"https:\\\/\\\/algarve7.pt\\\/#\\\/schema\\\/logo\\\/image\\\/\",\"url\":\"https:\\\/\\\/algarve7.pt\\\/wp-content\\\/uploads\\\/2020\\\/10\\\/Logo-8.jpg\",\"contentUrl\":\"https:\\\/\\\/algarve7.pt\\\/wp-content\\\/uploads\\\/2020\\\/10\\\/Logo-8.jpg\",\"width\":1680,\"height\":1186,\"caption\":\"Algarve 7\"},\"image\":{\"@id\":\"https:\\\/\\\/algarve7.pt\\\/#\\\/schema\\\/logo\\\/image\\\/\"},\"sameAs\":[\"https:\\\/\\\/www.facebook.com\\\/algarve7\",\"https:\\\/\\\/x.com\\\/Algarvesete\",\"https:\\\/\\\/www.instagram.com\\\/jornalalgarve7\\\/\",\"https:\\\/\\\/www.linkedin.com\\\/company\\\/algarve7\",\"https:\\\/\\\/www.pinterest.pt\\\/geral0939\\\/_created\\\/\"]},{\"@type\":\"Person\",\"@id\":\"https:\\\/\\\/algarve7.pt\\\/#\\\/schema\\\/person\\\/23fa70681308e7b319a3204bcea45e0c\",\"name\":\"Algarve 7\",\"sameAs\":[\"https:\\\/\\\/algarve7.pt\",\"https:\\\/\\\/www.facebook.com\\\/algarve7\"],\"url\":\"https:\\\/\\\/algarve7.pt\\\/index.php\\\/author\\\/geralalgarve7-pt\\\/\"}]}<\/script>\n<!-- \/ Yoast SEO plugin. -->","yoast_head_json":{"title":"S\u00e3o Br\u00e1s de Alportel assume gest\u00e3o da\u00a0\u201cantiga casa cantoneiros bicas da serra\u201d - Algarve 7","description":"S\u00e3o Br\u00e1s de Alportel assume gest\u00e3o da\u00a0\u201cantiga casa cantoneiros bicas da serra\u201d Atualidade","robots":{"index":"index","follow":"follow","max-snippet":"max-snippet:-1","max-image-preview":"max-image-preview:large","max-video-preview":"max-video-preview:-1"},"canonical":"https:\/\/algarve7.pt\/index.php\/2025\/08\/sao-bras-de-alportel-assume-gestao-da-antiga-casa-cantoneiros-bicas-da-serra\/atualidade\/10\/52\/","og_locale":"pt_PT","og_type":"article","og_title":"S\u00e3o Br\u00e1s de Alportel assume gest\u00e3o da\u00a0\u201cantiga casa cantoneiros bicas da serra\u201d - Algarve 7","og_description":"S\u00e3o Br\u00e1s de Alportel assume gest\u00e3o da\u00a0\u201cantiga casa cantoneiros bicas da serra\u201d Atualidade","og_url":"https:\/\/algarve7.pt\/index.php\/2025\/08\/sao-bras-de-alportel-assume-gestao-da-antiga-casa-cantoneiros-bicas-da-serra\/atualidade\/10\/52\/","og_site_name":"Algarve 7","article_publisher":"https:\/\/www.facebook.com\/algarve7","article_author":"https:\/\/www.facebook.com\/algarve7","article_published_time":"2025-08-24T09:52:39+00:00","article_modified_time":"2025-08-24T09:52:42+00:00","og_image":[{"width":800,"height":500,"url":"https:\/\/algarve7.pt\/wp-content\/uploads\/2025\/08\/SBA_Antiga_Casa_Cantoneiros_Bicas_da_Serra.png","type":"image\/png"}],"author":"Algarve 7","twitter_card":"summary_large_image","twitter_creator":"@Algarvesete","twitter_site":"@Algarvesete","twitter_misc":{"Escrito por":"Algarve 7","Tempo estimado de leitura":"2 minutos"},"schema":{"@context":"https:\/\/schema.org","@graph":[{"@type":"Article","@id":"https:\/\/algarve7.pt\/index.php\/2025\/08\/sao-bras-de-alportel-assume-gestao-da-antiga-casa-cantoneiros-bicas-da-serra\/atualidade\/10\/52\/#article","isPartOf":{"@id":"https:\/\/algarve7.pt\/index.php\/2025\/08\/sao-bras-de-alportel-assume-gestao-da-antiga-casa-cantoneiros-bicas-da-serra\/atualidade\/10\/52\/"},"author":{"name":"Algarve 7","@id":"https:\/\/algarve7.pt\/#\/schema\/person\/23fa70681308e7b319a3204bcea45e0c"},"headline":"S\u00e3o Br\u00e1s de Alportel assume gest\u00e3o da\u00a0\u201cantiga casa cantoneiros bicas da serra\u201d","datePublished":"2025-08-24T09:52:39+00:00","dateModified":"2025-08-24T09:52:42+00:00","mainEntityOfPage":{"@id":"https:\/\/algarve7.pt\/index.php\/2025\/08\/sao-bras-de-alportel-assume-gestao-da-antiga-casa-cantoneiros-bicas-da-serra\/atualidade\/10\/52\/"},"wordCount":333,"publisher":{"@id":"https:\/\/algarve7.pt\/#organization"},"image":{"@id":"https:\/\/algarve7.pt\/index.php\/2025\/08\/sao-bras-de-alportel-assume-gestao-da-antiga-casa-cantoneiros-bicas-da-serra\/atualidade\/10\/52\/#primaryimage"},"thumbnailUrl":"https:\/\/algarve7.pt\/wp-content\/uploads\/2025\/08\/SBA_Antiga_Casa_Cantoneiros_Bicas_da_Serra.png","keywords":["Algarve","Atualidade","S\u00e3o Br\u00e1s de Alportel"],"articleSection":["Atualidade"],"inLanguage":"pt-PT"},{"@type":"WebPage","@id":"https:\/\/algarve7.pt\/index.php\/2025\/08\/sao-bras-de-alportel-assume-gestao-da-antiga-casa-cantoneiros-bicas-da-serra\/atualidade\/10\/52\/","url":"https:\/\/algarve7.pt\/index.php\/2025\/08\/sao-bras-de-alportel-assume-gestao-da-antiga-casa-cantoneiros-bicas-da-serra\/atualidade\/10\/52\/","name":"S\u00e3o Br\u00e1s de Alportel assume gest\u00e3o da\u00a0\u201cantiga casa cantoneiros bicas da serra\u201d - Algarve 7","isPartOf":{"@id":"https:\/\/algarve7.pt\/#website"},"primaryImageOfPage":{"@id":"https:\/\/algarve7.pt\/index.php\/2025\/08\/sao-bras-de-alportel-assume-gestao-da-antiga-casa-cantoneiros-bicas-da-serra\/atualidade\/10\/52\/#primaryimage"},"image":{"@id":"https:\/\/algarve7.pt\/index.php\/2025\/08\/sao-bras-de-alportel-assume-gestao-da-antiga-casa-cantoneiros-bicas-da-serra\/atualidade\/10\/52\/#primaryimage"},"thumbnailUrl":"https:\/\/algarve7.pt\/wp-content\/uploads\/2025\/08\/SBA_Antiga_Casa_Cantoneiros_Bicas_da_Serra.png","datePublished":"2025-08-24T09:52:39+00:00","dateModified":"2025-08-24T09:52:42+00:00","description":"S\u00e3o Br\u00e1s de Alportel assume gest\u00e3o da\u00a0\u201cantiga casa cantoneiros bicas da serra\u201d Atualidade","breadcrumb":{"@id":"https:\/\/algarve7.pt\/index.php\/2025\/08\/sao-bras-de-alportel-assume-gestao-da-antiga-casa-cantoneiros-bicas-da-serra\/atualidade\/10\/52\/#breadcrumb"},"inLanguage":"pt-PT","potentialAction":[{"@type":"ReadAction","target":["https:\/\/algarve7.pt\/index.php\/2025\/08\/sao-bras-de-alportel-assume-gestao-da-antiga-casa-cantoneiros-bicas-da-serra\/atualidade\/10\/52\/"]}]},{"@type":"ImageObject","inLanguage":"pt-PT","@id":"https:\/\/algarve7.pt\/index.php\/2025\/08\/sao-bras-de-alportel-assume-gestao-da-antiga-casa-cantoneiros-bicas-da-serra\/atualidade\/10\/52\/#primaryimage","url":"https:\/\/algarve7.pt\/wp-content\/uploads\/2025\/08\/SBA_Antiga_Casa_Cantoneiros_Bicas_da_Serra.png","contentUrl":"https:\/\/algarve7.pt\/wp-content\/uploads\/2025\/08\/SBA_Antiga_Casa_Cantoneiros_Bicas_da_Serra.png","width":800,"height":500},{"@type":"BreadcrumbList","@id":"https:\/\/algarve7.pt\/index.php\/2025\/08\/sao-bras-de-alportel-assume-gestao-da-antiga-casa-cantoneiros-bicas-da-serra\/atualidade\/10\/52\/#breadcrumb","itemListElement":[{"@type":"ListItem","position":1,"name":"In\u00edcio","item":"https:\/\/algarve7.pt\/"},{"@type":"ListItem","position":2,"name":"S\u00e3o Br\u00e1s de Alportel assume gest\u00e3o da\u00a0\u201cantiga casa cantoneiros bicas da serra\u201d"}]},{"@type":"WebSite","@id":"https:\/\/algarve7.pt\/#website","url":"https:\/\/algarve7.pt\/","name":"Algarve 7","description":"Informa\u00e7\u00e3o sobre o Algarve","publisher":{"@id":"https:\/\/algarve7.pt\/#organization"},"potentialAction":[{"@type":"SearchAction","target":{"@type":"EntryPoint","urlTemplate":"https:\/\/algarve7.pt\/?s={search_term_string}"},"query-input":{"@type":"PropertyValueSpecification","valueRequired":true,"valueName":"search_term_string"}}],"inLanguage":"pt-PT"},{"@type":"Organization","@id":"https:\/\/algarve7.pt\/#organization","name":"Algarve 7","url":"https:\/\/algarve7.pt\/","logo":{"@type":"ImageObject","inLanguage":"pt-PT","@id":"https:\/\/algarve7.pt\/#\/schema\/logo\/image\/","url":"https:\/\/algarve7.pt\/wp-content\/uploads\/2020\/10\/Logo-8.jpg","contentUrl":"https:\/\/algarve7.pt\/wp-content\/uploads\/2020\/10\/Logo-8.jpg","width":1680,"height":1186,"caption":"Algarve 7"},"image":{"@id":"https:\/\/algarve7.pt\/#\/schema\/logo\/image\/"},"sameAs":["https:\/\/www.facebook.com\/algarve7","https:\/\/x.com\/Algarvesete","https:\/\/www.instagram.com\/jornalalgarve7\/","https:\/\/www.linkedin.com\/company\/algarve7","https:\/\/www.pinterest.pt\/geral0939\/_created\/"]},{"@type":"Person","@id":"https:\/\/algarve7.pt\/#\/schema\/person\/23fa70681308e7b319a3204bcea45e0c","name":"Algarve 7","sameAs":["https:\/\/algarve7.pt","https:\/\/www.facebook.com\/algarve7"],"url":"https:\/\/algarve7.pt\/index.php\/author\/geralalgarve7-pt\/"}]}},"jetpack_publicize_connections":[],"jetpack_featured_media_url":"https:\/\/algarve7.pt\/wp-content\/uploads\/2025\/08\/SBA_Antiga_Casa_Cantoneiros_Bicas_da_Serra.png","jetpack_shortlink":"https:\/\/wp.me\/pcezmW-dUf","jetpack_sharing_enabled":true,"_links":{"self":[{"href":"https:\/\/algarve7.pt\/index.php\/wp-json\/wp\/v2\/posts\/53459","targetHints":{"allow":["GET"]}}],"collection":[{"href":"https:\/\/algarve7.pt\/index.php\/wp-json\/wp\/v2\/posts"}],"about":[{"href":"https:\/\/algarve7.pt\/index.php\/wp-json\/wp\/v2\/types\/post"}],"author":[{"embeddable":true,"href":"https:\/\/algarve7.pt\/index.php\/wp-json\/wp\/v2\/users\/1"}],"replies":[{"embeddable":true,"href":"https:\/\/algarve7.pt\/index.php\/wp-json\/wp\/v2\/comments?post=53459"}],"version-history":[{"count":0,"href":"https:\/\/algarve7.pt\/index.php\/wp-json\/wp\/v2\/posts\/53459\/revisions"}],"wp:featuredmedia":[{"embeddable":true,"href":"https:\/\/algarve7.pt\/index.php\/wp-json\/wp\/v2\/media\/53460"}],"wp:attachment":[{"href":"https:\/\/algarve7.pt\/index.php\/wp-json\/wp\/v2\/media?parent=53459"}],"wp:term":[{"taxonomy":"category","embeddable":true,"href":"https:\/\/algarve7.pt\/index.php\/wp-json\/wp\/v2\/categories?post=53459"},{"taxonomy":"post_tag","embeddable":true,"href":"https:\/\/algarve7.pt\/index.php\/wp-json\/wp\/v2\/tags?post=53459"}],"curies":[{"name":"wp","href":"https:\/\/api.w.org\/{rel}","templated":true}]}}