{"id":53449,"date":"2025-08-23T10:04:00","date_gmt":"2025-08-23T09:04:00","guid":{"rendered":"https:\/\/algarve7.pt\/?p=53449"},"modified":"2025-08-22T13:06:16","modified_gmt":"2025-08-22T12:06:16","slug":"passe-algarve-na-rede-vamus-avanca-ja-em-setembro","status":"publish","type":"post","link":"https:\/\/algarve7.pt\/index.php\/2025\/08\/passe-algarve-na-rede-vamus-avanca-ja-em-setembro\/atualidade\/10\/04\/","title":{"rendered":"\u201cPasse Algarve\u201d na rede VAMUS avan\u00e7a j\u00e1 em Setembro"},"content":{"rendered":"\n<p><strong>A partir do pr\u00f3ximo m\u00eas j\u00e1 ser\u00e1 poss\u00edvel viajar, no Algarve, com um \u00fanico t\u00edtulo de transporte rodovi\u00e1rio. O \u201cPasse Algarve\u201d tem um pre\u00e7o de 40\u20ac e \u00e9 v\u00e1lido para todas as carreiras de todas as linhas da rede VAMUS, \u00e0 exce\u00e7\u00e3o do Servi\u00e7o AeroBus.<\/strong><\/p>\n\n\n\n<p>A sua concretiza\u00e7\u00e3o foi aprovada pelos presidentes de c\u00e2mara na reuni\u00e3o, que decorreu este m\u00eas, do Conselho Intermunicipal da AMAL e avan\u00e7a no contexto do financiamento poss\u00edvel atrav\u00e9s do Programa de Incentivo ao Transporte P\u00fablico Coletivos de Passageiros (Incentiva +TP).<\/p>\n\n\n\n<p>O \u201c<strong>Passe Algarve\u201d<\/strong>&nbsp;ter\u00e1 um pre\u00e7o de venda ao p\u00fablico de&nbsp;<strong>40\u20ac mensais<\/strong>, v\u00e1lido para todas as carreiras de todas as linhas da rede VAMUS (independentemente da linha que se utilize, dos quil\u00f3metros percorridos em cada viagem e fazendo os transbordos necess\u00e1rios), \u00e0 exce\u00e7\u00e3o do Servi\u00e7o AeroBus.&nbsp;<br>Sublinhe-se que os passes j\u00e1 existentes, e que t\u00eam um pre\u00e7o inferior a 40\u20ac, ir\u00e3o manter o pre\u00e7o que tem vindo a ser praticado desde 2022, de modo a n\u00e3o prejudicar os passageiros que efetivamente n\u00e3o necessitam de um passe para toda a regi\u00e3o.&nbsp;<br>Ser\u00e1 igualmente mantida a atribui\u00e7\u00e3o dos passes gratuitos, j\u00e1 em vigor, para todos os jovens.<\/p>\n\n\n\n<p>A necessidade de facilitar a vida aos utentes tornando, gradualmente, o servi\u00e7o de transportes p\u00fablico rodovi\u00e1rio mais moderno, mais econ\u00f3mico, mais c\u00f3modo e mais adequado \u00e0s necessidades efetivas de desloca\u00e7\u00e3o das pessoas pelo territ\u00f3rio do Algarve, e ainda proporcionar um pre\u00e7o atrativo que estimule a utiliza\u00e7\u00e3o do transporte p\u00fablico em detrimento do transporte individual, foram algumas das raz\u00f5es pela qual a AMAL, enquanto Autoridade de Transportes nesta \u00e1rea e a VAMUS decidiram avan\u00e7ar com este novo t\u00edtulo.<\/p>\n\n\n\n<p>Prev\u00ea-se que a disponibiliza\u00e7\u00e3o do&nbsp;novo passe para compra&nbsp;ocorra j\u00e1&nbsp;a partir do dia 26 de agosto.<em>&nbsp;<\/em><em>Para mais informa\u00e7\u00f5es os interessados dever\u00e3o contactar a VAMUS (nas bilheteiras, atrav\u00e9s do Tel: 300 074 830 &#8211; chamada para a rede fixa nacional ou atrav\u00e9s do E-mail:&nbsp;<\/em><a href=\"mailto:clientes@vamusalgarve.pt\" target=\"_blank\" rel=\"noreferrer noopener\"><em>clientes@vamusalgarve.pt<\/em><\/a><em>)<\/em>.<\/p>\n","protected":false},"excerpt":{"rendered":"<p>A partir do pr\u00f3ximo m\u00eas j\u00e1 ser\u00e1 poss\u00edvel viajar, no Algarve, com um \u00fanico t\u00edtulo de transporte rodovi\u00e1rio. O \u201cPasse<\/p>\n","protected":false},"author":1,"featured_media":53450,"comment_status":"closed","ping_status":"closed","sticky":false,"template":"","format":"standard","meta":{"colormag_page_container_layout":"default_layout","colormag_page_sidebar_layout":"default_layout","_monsterinsights_skip_tracking":false,"_monsterinsights_sitenote_active":false,"_monsterinsights_sitenote_note":"","_monsterinsights_sitenote_category":0,"jetpack_post_was_ever_published":false,"_jetpack_newsletter_access":"","_jetpack_dont_email_post_to_subs":false,"_jetpack_newsletter_tier_id":0,"_jetpack_memberships_contains_paywalled_content":false,"_jetpack_memberships_contains_paid_content":false,"footnotes":"","jetpack_publicize_message":"","jetpack_publicize_feature_enabled":true,"jetpack_social_post_already_shared":false,"jetpack_social_options":{"image_generator_settings":{"template":"highway","default_image_id":0,"font":"","enabled":false},"version":2}},"categories":[11],"tags":[36,207,62],"class_list":["post-53449","post","type-post","status-publish","format-standard","has-post-thumbnail","hentry","category-atualidade","tag-algarve","tag-amal","tag-atualidade"],"yoast_head":"<!-- This site is optimized with the Yoast SEO plugin v27.5 - https:\/\/yoast.com\/product\/yoast-seo-wordpress\/ -->\n<title>\u201cPasse Algarve\u201d na rede VAMUS avan\u00e7a j\u00e1 em Setembro - Algarve 7<\/title>\n<meta name=\"description\" content=\"\u201cPasse Algarve\u201d na rede VAMUS avan\u00e7a j\u00e1 em Setembro Atualidade\" \/>\n<meta name=\"robots\" content=\"index, follow, max-snippet:-1, max-image-preview:large, max-video-preview:-1\" \/>\n<link rel=\"canonical\" href=\"https:\/\/algarve7.pt\/index.php\/2025\/08\/passe-algarve-na-rede-vamus-avanca-ja-em-setembro\/atualidade\/10\/04\/\" \/>\n<meta property=\"og:locale\" content=\"pt_PT\" \/>\n<meta property=\"og:type\" content=\"article\" \/>\n<meta property=\"og:title\" content=\"\u201cPasse Algarve\u201d na rede VAMUS avan\u00e7a j\u00e1 em Setembro - Algarve 7\" \/>\n<meta property=\"og:description\" content=\"\u201cPasse Algarve\u201d na rede VAMUS avan\u00e7a j\u00e1 em Setembro Atualidade\" \/>\n<meta property=\"og:url\" content=\"https:\/\/algarve7.pt\/index.php\/2025\/08\/passe-algarve-na-rede-vamus-avanca-ja-em-setembro\/atualidade\/10\/04\/\" \/>\n<meta property=\"og:site_name\" content=\"Algarve 7\" \/>\n<meta property=\"article:publisher\" content=\"https:\/\/www.facebook.com\/algarve7\" \/>\n<meta property=\"article:author\" content=\"https:\/\/www.facebook.com\/algarve7\" \/>\n<meta property=\"article:published_time\" content=\"2025-08-23T09:04:00+00:00\" \/>\n<meta property=\"og:image\" content=\"https:\/\/algarve7.pt\/wp-content\/uploads\/2025\/08\/Vamus-4978.jpg\" \/>\n\t<meta property=\"og:image:width\" content=\"800\" \/>\n\t<meta property=\"og:image:height\" content=\"500\" \/>\n\t<meta property=\"og:image:type\" content=\"image\/jpeg\" \/>\n<meta name=\"author\" content=\"Algarve 7\" \/>\n<meta name=\"twitter:card\" content=\"summary_large_image\" \/>\n<meta name=\"twitter:creator\" content=\"@Algarvesete\" \/>\n<meta name=\"twitter:site\" content=\"@Algarvesete\" \/>\n<meta name=\"twitter:label1\" content=\"Escrito por\" \/>\n\t<meta name=\"twitter:data1\" content=\"Algarve 7\" \/>\n\t<meta name=\"twitter:label2\" content=\"Tempo estimado de leitura\" \/>\n\t<meta name=\"twitter:data2\" content=\"2 minutos\" \/>\n<script type=\"application\/ld+json\" class=\"yoast-schema-graph\">{\"@context\":\"https:\\\/\\\/schema.org\",\"@graph\":[{\"@type\":\"Article\",\"@id\":\"https:\\\/\\\/algarve7.pt\\\/index.php\\\/2025\\\/08\\\/passe-algarve-na-rede-vamus-avanca-ja-em-setembro\\\/atualidade\\\/10\\\/04\\\/#article\",\"isPartOf\":{\"@id\":\"https:\\\/\\\/algarve7.pt\\\/index.php\\\/2025\\\/08\\\/passe-algarve-na-rede-vamus-avanca-ja-em-setembro\\\/atualidade\\\/10\\\/04\\\/\"},\"author\":{\"name\":\"Algarve 7\",\"@id\":\"https:\\\/\\\/algarve7.pt\\\/#\\\/schema\\\/person\\\/23fa70681308e7b319a3204bcea45e0c\"},\"headline\":\"\u201cPasse Algarve\u201d na rede VAMUS avan\u00e7a j\u00e1 em Setembro\",\"datePublished\":\"2025-08-23T09:04:00+00:00\",\"mainEntityOfPage\":{\"@id\":\"https:\\\/\\\/algarve7.pt\\\/index.php\\\/2025\\\/08\\\/passe-algarve-na-rede-vamus-avanca-ja-em-setembro\\\/atualidade\\\/10\\\/04\\\/\"},\"wordCount\":376,\"publisher\":{\"@id\":\"https:\\\/\\\/algarve7.pt\\\/#organization\"},\"image\":{\"@id\":\"https:\\\/\\\/algarve7.pt\\\/index.php\\\/2025\\\/08\\\/passe-algarve-na-rede-vamus-avanca-ja-em-setembro\\\/atualidade\\\/10\\\/04\\\/#primaryimage\"},\"thumbnailUrl\":\"https:\\\/\\\/algarve7.pt\\\/wp-content\\\/uploads\\\/2025\\\/08\\\/Vamus-4978.jpg\",\"keywords\":[\"Algarve\",\"Amal\",\"Atualidade\"],\"articleSection\":[\"Atualidade\"],\"inLanguage\":\"pt-PT\"},{\"@type\":\"WebPage\",\"@id\":\"https:\\\/\\\/algarve7.pt\\\/index.php\\\/2025\\\/08\\\/passe-algarve-na-rede-vamus-avanca-ja-em-setembro\\\/atualidade\\\/10\\\/04\\\/\",\"url\":\"https:\\\/\\\/algarve7.pt\\\/index.php\\\/2025\\\/08\\\/passe-algarve-na-rede-vamus-avanca-ja-em-setembro\\\/atualidade\\\/10\\\/04\\\/\",\"name\":\"\u201cPasse Algarve\u201d na rede VAMUS avan\u00e7a j\u00e1 em Setembro - Algarve 7\",\"isPartOf\":{\"@id\":\"https:\\\/\\\/algarve7.pt\\\/#website\"},\"primaryImageOfPage\":{\"@id\":\"https:\\\/\\\/algarve7.pt\\\/index.php\\\/2025\\\/08\\\/passe-algarve-na-rede-vamus-avanca-ja-em-setembro\\\/atualidade\\\/10\\\/04\\\/#primaryimage\"},\"image\":{\"@id\":\"https:\\\/\\\/algarve7.pt\\\/index.php\\\/2025\\\/08\\\/passe-algarve-na-rede-vamus-avanca-ja-em-setembro\\\/atualidade\\\/10\\\/04\\\/#primaryimage\"},\"thumbnailUrl\":\"https:\\\/\\\/algarve7.pt\\\/wp-content\\\/uploads\\\/2025\\\/08\\\/Vamus-4978.jpg\",\"datePublished\":\"2025-08-23T09:04:00+00:00\",\"description\":\"\u201cPasse Algarve\u201d na rede VAMUS avan\u00e7a j\u00e1 em Setembro Atualidade\",\"breadcrumb\":{\"@id\":\"https:\\\/\\\/algarve7.pt\\\/index.php\\\/2025\\\/08\\\/passe-algarve-na-rede-vamus-avanca-ja-em-setembro\\\/atualidade\\\/10\\\/04\\\/#breadcrumb\"},\"inLanguage\":\"pt-PT\",\"potentialAction\":[{\"@type\":\"ReadAction\",\"target\":[\"https:\\\/\\\/algarve7.pt\\\/index.php\\\/2025\\\/08\\\/passe-algarve-na-rede-vamus-avanca-ja-em-setembro\\\/atualidade\\\/10\\\/04\\\/\"]}]},{\"@type\":\"ImageObject\",\"inLanguage\":\"pt-PT\",\"@id\":\"https:\\\/\\\/algarve7.pt\\\/index.php\\\/2025\\\/08\\\/passe-algarve-na-rede-vamus-avanca-ja-em-setembro\\\/atualidade\\\/10\\\/04\\\/#primaryimage\",\"url\":\"https:\\\/\\\/algarve7.pt\\\/wp-content\\\/uploads\\\/2025\\\/08\\\/Vamus-4978.jpg\",\"contentUrl\":\"https:\\\/\\\/algarve7.pt\\\/wp-content\\\/uploads\\\/2025\\\/08\\\/Vamus-4978.jpg\",\"width\":800,\"height\":500},{\"@type\":\"BreadcrumbList\",\"@id\":\"https:\\\/\\\/algarve7.pt\\\/index.php\\\/2025\\\/08\\\/passe-algarve-na-rede-vamus-avanca-ja-em-setembro\\\/atualidade\\\/10\\\/04\\\/#breadcrumb\",\"itemListElement\":[{\"@type\":\"ListItem\",\"position\":1,\"name\":\"In\u00edcio\",\"item\":\"https:\\\/\\\/algarve7.pt\\\/\"},{\"@type\":\"ListItem\",\"position\":2,\"name\":\"\u201cPasse Algarve\u201d na rede VAMUS avan\u00e7a j\u00e1 em Setembro\"}]},{\"@type\":\"WebSite\",\"@id\":\"https:\\\/\\\/algarve7.pt\\\/#website\",\"url\":\"https:\\\/\\\/algarve7.pt\\\/\",\"name\":\"Algarve 7\",\"description\":\"Informa\u00e7\u00e3o sobre o Algarve\",\"publisher\":{\"@id\":\"https:\\\/\\\/algarve7.pt\\\/#organization\"},\"potentialAction\":[{\"@type\":\"SearchAction\",\"target\":{\"@type\":\"EntryPoint\",\"urlTemplate\":\"https:\\\/\\\/algarve7.pt\\\/?s={search_term_string}\"},\"query-input\":{\"@type\":\"PropertyValueSpecification\",\"valueRequired\":true,\"valueName\":\"search_term_string\"}}],\"inLanguage\":\"pt-PT\"},{\"@type\":\"Organization\",\"@id\":\"https:\\\/\\\/algarve7.pt\\\/#organization\",\"name\":\"Algarve 7\",\"url\":\"https:\\\/\\\/algarve7.pt\\\/\",\"logo\":{\"@type\":\"ImageObject\",\"inLanguage\":\"pt-PT\",\"@id\":\"https:\\\/\\\/algarve7.pt\\\/#\\\/schema\\\/logo\\\/image\\\/\",\"url\":\"https:\\\/\\\/algarve7.pt\\\/wp-content\\\/uploads\\\/2020\\\/10\\\/Logo-8.jpg\",\"contentUrl\":\"https:\\\/\\\/algarve7.pt\\\/wp-content\\\/uploads\\\/2020\\\/10\\\/Logo-8.jpg\",\"width\":1680,\"height\":1186,\"caption\":\"Algarve 7\"},\"image\":{\"@id\":\"https:\\\/\\\/algarve7.pt\\\/#\\\/schema\\\/logo\\\/image\\\/\"},\"sameAs\":[\"https:\\\/\\\/www.facebook.com\\\/algarve7\",\"https:\\\/\\\/x.com\\\/Algarvesete\",\"https:\\\/\\\/www.instagram.com\\\/jornalalgarve7\\\/\",\"https:\\\/\\\/www.linkedin.com\\\/company\\\/algarve7\",\"https:\\\/\\\/www.pinterest.pt\\\/geral0939\\\/_created\\\/\"]},{\"@type\":\"Person\",\"@id\":\"https:\\\/\\\/algarve7.pt\\\/#\\\/schema\\\/person\\\/23fa70681308e7b319a3204bcea45e0c\",\"name\":\"Algarve 7\",\"sameAs\":[\"https:\\\/\\\/algarve7.pt\",\"https:\\\/\\\/www.facebook.com\\\/algarve7\"],\"url\":\"https:\\\/\\\/algarve7.pt\\\/index.php\\\/author\\\/geralalgarve7-pt\\\/\"}]}<\/script>\n<!-- \/ Yoast SEO plugin. -->","yoast_head_json":{"title":"\u201cPasse Algarve\u201d na rede VAMUS avan\u00e7a j\u00e1 em Setembro - Algarve 7","description":"\u201cPasse Algarve\u201d na rede VAMUS avan\u00e7a j\u00e1 em Setembro Atualidade","robots":{"index":"index","follow":"follow","max-snippet":"max-snippet:-1","max-image-preview":"max-image-preview:large","max-video-preview":"max-video-preview:-1"},"canonical":"https:\/\/algarve7.pt\/index.php\/2025\/08\/passe-algarve-na-rede-vamus-avanca-ja-em-setembro\/atualidade\/10\/04\/","og_locale":"pt_PT","og_type":"article","og_title":"\u201cPasse Algarve\u201d na rede VAMUS avan\u00e7a j\u00e1 em Setembro - Algarve 7","og_description":"\u201cPasse Algarve\u201d na rede VAMUS avan\u00e7a j\u00e1 em Setembro Atualidade","og_url":"https:\/\/algarve7.pt\/index.php\/2025\/08\/passe-algarve-na-rede-vamus-avanca-ja-em-setembro\/atualidade\/10\/04\/","og_site_name":"Algarve 7","article_publisher":"https:\/\/www.facebook.com\/algarve7","article_author":"https:\/\/www.facebook.com\/algarve7","article_published_time":"2025-08-23T09:04:00+00:00","og_image":[{"width":800,"height":500,"url":"https:\/\/algarve7.pt\/wp-content\/uploads\/2025\/08\/Vamus-4978.jpg","type":"image\/jpeg"}],"author":"Algarve 7","twitter_card":"summary_large_image","twitter_creator":"@Algarvesete","twitter_site":"@Algarvesete","twitter_misc":{"Escrito por":"Algarve 7","Tempo estimado de leitura":"2 minutos"},"schema":{"@context":"https:\/\/schema.org","@graph":[{"@type":"Article","@id":"https:\/\/algarve7.pt\/index.php\/2025\/08\/passe-algarve-na-rede-vamus-avanca-ja-em-setembro\/atualidade\/10\/04\/#article","isPartOf":{"@id":"https:\/\/algarve7.pt\/index.php\/2025\/08\/passe-algarve-na-rede-vamus-avanca-ja-em-setembro\/atualidade\/10\/04\/"},"author":{"name":"Algarve 7","@id":"https:\/\/algarve7.pt\/#\/schema\/person\/23fa70681308e7b319a3204bcea45e0c"},"headline":"\u201cPasse Algarve\u201d na rede VAMUS avan\u00e7a j\u00e1 em Setembro","datePublished":"2025-08-23T09:04:00+00:00","mainEntityOfPage":{"@id":"https:\/\/algarve7.pt\/index.php\/2025\/08\/passe-algarve-na-rede-vamus-avanca-ja-em-setembro\/atualidade\/10\/04\/"},"wordCount":376,"publisher":{"@id":"https:\/\/algarve7.pt\/#organization"},"image":{"@id":"https:\/\/algarve7.pt\/index.php\/2025\/08\/passe-algarve-na-rede-vamus-avanca-ja-em-setembro\/atualidade\/10\/04\/#primaryimage"},"thumbnailUrl":"https:\/\/algarve7.pt\/wp-content\/uploads\/2025\/08\/Vamus-4978.jpg","keywords":["Algarve","Amal","Atualidade"],"articleSection":["Atualidade"],"inLanguage":"pt-PT"},{"@type":"WebPage","@id":"https:\/\/algarve7.pt\/index.php\/2025\/08\/passe-algarve-na-rede-vamus-avanca-ja-em-setembro\/atualidade\/10\/04\/","url":"https:\/\/algarve7.pt\/index.php\/2025\/08\/passe-algarve-na-rede-vamus-avanca-ja-em-setembro\/atualidade\/10\/04\/","name":"\u201cPasse Algarve\u201d na rede VAMUS avan\u00e7a j\u00e1 em Setembro - Algarve 7","isPartOf":{"@id":"https:\/\/algarve7.pt\/#website"},"primaryImageOfPage":{"@id":"https:\/\/algarve7.pt\/index.php\/2025\/08\/passe-algarve-na-rede-vamus-avanca-ja-em-setembro\/atualidade\/10\/04\/#primaryimage"},"image":{"@id":"https:\/\/algarve7.pt\/index.php\/2025\/08\/passe-algarve-na-rede-vamus-avanca-ja-em-setembro\/atualidade\/10\/04\/#primaryimage"},"thumbnailUrl":"https:\/\/algarve7.pt\/wp-content\/uploads\/2025\/08\/Vamus-4978.jpg","datePublished":"2025-08-23T09:04:00+00:00","description":"\u201cPasse Algarve\u201d na rede VAMUS avan\u00e7a j\u00e1 em Setembro Atualidade","breadcrumb":{"@id":"https:\/\/algarve7.pt\/index.php\/2025\/08\/passe-algarve-na-rede-vamus-avanca-ja-em-setembro\/atualidade\/10\/04\/#breadcrumb"},"inLanguage":"pt-PT","potentialAction":[{"@type":"ReadAction","target":["https:\/\/algarve7.pt\/index.php\/2025\/08\/passe-algarve-na-rede-vamus-avanca-ja-em-setembro\/atualidade\/10\/04\/"]}]},{"@type":"ImageObject","inLanguage":"pt-PT","@id":"https:\/\/algarve7.pt\/index.php\/2025\/08\/passe-algarve-na-rede-vamus-avanca-ja-em-setembro\/atualidade\/10\/04\/#primaryimage","url":"https:\/\/algarve7.pt\/wp-content\/uploads\/2025\/08\/Vamus-4978.jpg","contentUrl":"https:\/\/algarve7.pt\/wp-content\/uploads\/2025\/08\/Vamus-4978.jpg","width":800,"height":500},{"@type":"BreadcrumbList","@id":"https:\/\/algarve7.pt\/index.php\/2025\/08\/passe-algarve-na-rede-vamus-avanca-ja-em-setembro\/atualidade\/10\/04\/#breadcrumb","itemListElement":[{"@type":"ListItem","position":1,"name":"In\u00edcio","item":"https:\/\/algarve7.pt\/"},{"@type":"ListItem","position":2,"name":"\u201cPasse Algarve\u201d na rede VAMUS avan\u00e7a j\u00e1 em Setembro"}]},{"@type":"WebSite","@id":"https:\/\/algarve7.pt\/#website","url":"https:\/\/algarve7.pt\/","name":"Algarve 7","description":"Informa\u00e7\u00e3o sobre o Algarve","publisher":{"@id":"https:\/\/algarve7.pt\/#organization"},"potentialAction":[{"@type":"SearchAction","target":{"@type":"EntryPoint","urlTemplate":"https:\/\/algarve7.pt\/?s={search_term_string}"},"query-input":{"@type":"PropertyValueSpecification","valueRequired":true,"valueName":"search_term_string"}}],"inLanguage":"pt-PT"},{"@type":"Organization","@id":"https:\/\/algarve7.pt\/#organization","name":"Algarve 7","url":"https:\/\/algarve7.pt\/","logo":{"@type":"ImageObject","inLanguage":"pt-PT","@id":"https:\/\/algarve7.pt\/#\/schema\/logo\/image\/","url":"https:\/\/algarve7.pt\/wp-content\/uploads\/2020\/10\/Logo-8.jpg","contentUrl":"https:\/\/algarve7.pt\/wp-content\/uploads\/2020\/10\/Logo-8.jpg","width":1680,"height":1186,"caption":"Algarve 7"},"image":{"@id":"https:\/\/algarve7.pt\/#\/schema\/logo\/image\/"},"sameAs":["https:\/\/www.facebook.com\/algarve7","https:\/\/x.com\/Algarvesete","https:\/\/www.instagram.com\/jornalalgarve7\/","https:\/\/www.linkedin.com\/company\/algarve7","https:\/\/www.pinterest.pt\/geral0939\/_created\/"]},{"@type":"Person","@id":"https:\/\/algarve7.pt\/#\/schema\/person\/23fa70681308e7b319a3204bcea45e0c","name":"Algarve 7","sameAs":["https:\/\/algarve7.pt","https:\/\/www.facebook.com\/algarve7"],"url":"https:\/\/algarve7.pt\/index.php\/author\/geralalgarve7-pt\/"}]}},"jetpack_publicize_connections":[],"jetpack_featured_media_url":"https:\/\/algarve7.pt\/wp-content\/uploads\/2025\/08\/Vamus-4978.jpg","jetpack_shortlink":"https:\/\/wp.me\/pcezmW-dU5","jetpack_sharing_enabled":true,"_links":{"self":[{"href":"https:\/\/algarve7.pt\/index.php\/wp-json\/wp\/v2\/posts\/53449","targetHints":{"allow":["GET"]}}],"collection":[{"href":"https:\/\/algarve7.pt\/index.php\/wp-json\/wp\/v2\/posts"}],"about":[{"href":"https:\/\/algarve7.pt\/index.php\/wp-json\/wp\/v2\/types\/post"}],"author":[{"embeddable":true,"href":"https:\/\/algarve7.pt\/index.php\/wp-json\/wp\/v2\/users\/1"}],"replies":[{"embeddable":true,"href":"https:\/\/algarve7.pt\/index.php\/wp-json\/wp\/v2\/comments?post=53449"}],"version-history":[{"count":0,"href":"https:\/\/algarve7.pt\/index.php\/wp-json\/wp\/v2\/posts\/53449\/revisions"}],"wp:featuredmedia":[{"embeddable":true,"href":"https:\/\/algarve7.pt\/index.php\/wp-json\/wp\/v2\/media\/53450"}],"wp:attachment":[{"href":"https:\/\/algarve7.pt\/index.php\/wp-json\/wp\/v2\/media?parent=53449"}],"wp:term":[{"taxonomy":"category","embeddable":true,"href":"https:\/\/algarve7.pt\/index.php\/wp-json\/wp\/v2\/categories?post=53449"},{"taxonomy":"post_tag","embeddable":true,"href":"https:\/\/algarve7.pt\/index.php\/wp-json\/wp\/v2\/tags?post=53449"}],"curies":[{"name":"wp","href":"https:\/\/api.w.org\/{rel}","templated":true}]}}