{"id":53345,"date":"2025-08-20T07:20:00","date_gmt":"2025-08-20T06:20:00","guid":{"rendered":"https:\/\/algarve7.pt\/?p=53345"},"modified":"2025-08-19T13:12:31","modified_gmt":"2025-08-19T12:12:31","slug":"bilhetes-elms-a-venda-o-campeonato-fecha-ano-no-algarve","status":"publish","type":"post","link":"https:\/\/algarve7.pt\/index.php\/2025\/08\/bilhetes-elms-a-venda-o-campeonato-fecha-ano-no-algarve\/desporto\/07\/20\/","title":{"rendered":"Bilhetes ELMS \u00e0 venda\u00a0o campeonato fecha ano no Algarve\u00a0"},"content":{"rendered":"\n<p>Est\u00e3o j\u00e1 \u00e0 venda os bilhetes para a derradeira prova do&nbsp;<strong>European Le Mans Series<\/strong>&nbsp;a realizar no&nbsp;<strong>Aut\u00f3dromo Internacional do Algarve<\/strong>&nbsp;nos dias&nbsp;<strong>17 e 18 de Outubro<\/strong>.<\/p>\n\n\n\n<p>Este competitivo campeonato, com quase cinco dezenas de equipas presentes e uma forte representa\u00e7\u00e3o portuguesa ir\u00e1 novamente fechar a temporada no&nbsp;<strong>Algarve<\/strong>&nbsp;e aguarda-se de novo um grande espect\u00e1culo dentro e fora das quinze curvas do tra\u00e7ado.<\/p>\n\n\n\n<p>Com quatro horas de dura\u00e7\u00e3o n\u00e3o v\u00e3o faltar motivos de interesse para acompanhar uma prova \u00fanica e muito especial onde al\u00e9m das lutas pelas posi\u00e7\u00f5es em pista pilotos e equipas jogam igualmente com a estrat\u00e9gia num duelo que conta ainda com as sempre especiais paragens para troca de pilotos, pneus e reabastecimento de combust\u00edvel.<\/p>\n\n\n\n<p>Em pista v\u00e3o estar n\u00e3o apenas os competitivos&nbsp;<strong>GT3<\/strong>&nbsp;mas igualmente os entusiasmantes e r\u00e1pidos prot\u00f3tipos das classes&nbsp;<strong>LMP2<\/strong>&nbsp;e&nbsp;<strong>LMP3<\/strong>, sendo os LMP2 os mais potentes e r\u00e1pidos com os seus motores&nbsp;<strong>V8 de 4000cc<\/strong>&nbsp;de capacidade capazes de debitar uma pot\u00eancia superior aos&nbsp;<strong>600 cavalos<\/strong>&nbsp;e velocidades m\u00e1ximas superiores aos&nbsp;<strong>300km\/h<\/strong>&nbsp;no final da recta da meta do&nbsp;<strong>Aut\u00f3dromo Internacional do Algarve<\/strong>.<\/p>\n\n\n\n<p><strong>BILHETES<\/strong><br>Discovery (Bancada Principal e Paddock): 10 euros<br>Premium (Bancada Principal, Paddock, Pitwalk e Gridwalk): 25 euros<br>VIP (Bancada Principal, Paddock, Pitwalk, Gridwalk e Torre VIP): 60 euros<\/p>\n\n\n\n<p>Os bilhetes para a\u00a0prova\u00a0est\u00e3o j\u00e1 \u00e0 venda no site do\u00a0<strong>Aut\u00f3dromo Internacional do Algarve<\/strong>\u00a0em\u00a0www.autodromodoalgarve.com<\/p>\n","protected":false},"excerpt":{"rendered":"<p>Est\u00e3o j\u00e1 \u00e0 venda os bilhetes para a derradeira prova do&nbsp;European Le Mans Series&nbsp;a realizar no&nbsp;Aut\u00f3dromo Internacional do Algarve&nbsp;nos dias&nbsp;17<\/p>\n","protected":false},"author":1,"featured_media":53346,"comment_status":"closed","ping_status":"closed","sticky":false,"template":"","format":"standard","meta":{"colormag_page_container_layout":"default_layout","colormag_page_sidebar_layout":"default_layout","_monsterinsights_skip_tracking":false,"_monsterinsights_sitenote_active":false,"_monsterinsights_sitenote_note":"","_monsterinsights_sitenote_category":0,"jetpack_post_was_ever_published":false,"_jetpack_newsletter_access":"","_jetpack_dont_email_post_to_subs":false,"_jetpack_newsletter_tier_id":0,"_jetpack_memberships_contains_paywalled_content":false,"_jetpack_memberships_contains_paid_content":false,"footnotes":"","jetpack_publicize_message":"","jetpack_publicize_feature_enabled":true,"jetpack_social_post_already_shared":false,"jetpack_social_options":{"image_generator_settings":{"template":"highway","default_image_id":0,"font":"","enabled":false},"version":2}},"categories":[15],"tags":[36,239,40,72],"class_list":["post-53345","post","type-post","status-publish","format-standard","has-post-thumbnail","hentry","category-desporto","tag-algarve","tag-autodromo-internacional-do-algarve","tag-desporto","tag-portimao"],"yoast_head":"<!-- This site is optimized with the Yoast SEO plugin v27.5 - https:\/\/yoast.com\/product\/yoast-seo-wordpress\/ -->\n<title>Bilhetes ELMS \u00e0 venda\u00a0o campeonato fecha ano no Algarve\u00a0 - Algarve 7<\/title>\n<meta name=\"description\" content=\"Bilhetes ELMS \u00e0 venda\u00a0o campeonato fecha ano no Algarve\u00a0 Desporto\" \/>\n<meta name=\"robots\" content=\"index, follow, max-snippet:-1, max-image-preview:large, max-video-preview:-1\" \/>\n<link rel=\"canonical\" href=\"https:\/\/algarve7.pt\/index.php\/2025\/08\/bilhetes-elms-a-venda-o-campeonato-fecha-ano-no-algarve\/desporto\/07\/20\/\" \/>\n<meta property=\"og:locale\" content=\"pt_PT\" \/>\n<meta property=\"og:type\" content=\"article\" \/>\n<meta property=\"og:title\" content=\"Bilhetes ELMS \u00e0 venda\u00a0o campeonato fecha ano no Algarve\u00a0 - Algarve 7\" \/>\n<meta property=\"og:description\" content=\"Bilhetes ELMS \u00e0 venda\u00a0o campeonato fecha ano no Algarve\u00a0 Desporto\" \/>\n<meta property=\"og:url\" content=\"https:\/\/algarve7.pt\/index.php\/2025\/08\/bilhetes-elms-a-venda-o-campeonato-fecha-ano-no-algarve\/desporto\/07\/20\/\" \/>\n<meta property=\"og:site_name\" content=\"Algarve 7\" \/>\n<meta property=\"article:publisher\" content=\"https:\/\/www.facebook.com\/algarve7\" \/>\n<meta property=\"article:author\" content=\"https:\/\/www.facebook.com\/algarve7\" \/>\n<meta property=\"article:published_time\" content=\"2025-08-20T06:20:00+00:00\" \/>\n<meta property=\"og:image\" content=\"https:\/\/algarve7.pt\/wp-content\/uploads\/2025\/08\/Captura-de-ecra-2025-08-19-as-13.10.33.png\" \/>\n\t<meta property=\"og:image:width\" content=\"800\" \/>\n\t<meta property=\"og:image:height\" content=\"500\" \/>\n\t<meta property=\"og:image:type\" content=\"image\/png\" \/>\n<meta name=\"author\" content=\"Algarve 7\" \/>\n<meta name=\"twitter:card\" content=\"summary_large_image\" \/>\n<meta name=\"twitter:creator\" content=\"@Algarvesete\" \/>\n<meta name=\"twitter:site\" content=\"@Algarvesete\" \/>\n<meta name=\"twitter:label1\" content=\"Escrito por\" \/>\n\t<meta name=\"twitter:data1\" content=\"Algarve 7\" \/>\n\t<meta name=\"twitter:label2\" content=\"Tempo estimado de leitura\" \/>\n\t<meta name=\"twitter:data2\" content=\"2 minutos\" \/>\n<script type=\"application\/ld+json\" class=\"yoast-schema-graph\">{\"@context\":\"https:\\\/\\\/schema.org\",\"@graph\":[{\"@type\":\"Article\",\"@id\":\"https:\\\/\\\/algarve7.pt\\\/index.php\\\/2025\\\/08\\\/bilhetes-elms-a-venda-o-campeonato-fecha-ano-no-algarve\\\/desporto\\\/07\\\/20\\\/#article\",\"isPartOf\":{\"@id\":\"https:\\\/\\\/algarve7.pt\\\/index.php\\\/2025\\\/08\\\/bilhetes-elms-a-venda-o-campeonato-fecha-ano-no-algarve\\\/desporto\\\/07\\\/20\\\/\"},\"author\":{\"name\":\"Algarve 7\",\"@id\":\"https:\\\/\\\/algarve7.pt\\\/#\\\/schema\\\/person\\\/23fa70681308e7b319a3204bcea45e0c\"},\"headline\":\"Bilhetes ELMS \u00e0 venda\u00a0o campeonato fecha ano no Algarve\u00a0\",\"datePublished\":\"2025-08-20T06:20:00+00:00\",\"mainEntityOfPage\":{\"@id\":\"https:\\\/\\\/algarve7.pt\\\/index.php\\\/2025\\\/08\\\/bilhetes-elms-a-venda-o-campeonato-fecha-ano-no-algarve\\\/desporto\\\/07\\\/20\\\/\"},\"wordCount\":273,\"publisher\":{\"@id\":\"https:\\\/\\\/algarve7.pt\\\/#organization\"},\"image\":{\"@id\":\"https:\\\/\\\/algarve7.pt\\\/index.php\\\/2025\\\/08\\\/bilhetes-elms-a-venda-o-campeonato-fecha-ano-no-algarve\\\/desporto\\\/07\\\/20\\\/#primaryimage\"},\"thumbnailUrl\":\"https:\\\/\\\/algarve7.pt\\\/wp-content\\\/uploads\\\/2025\\\/08\\\/Captura-de-ecra-2025-08-19-as-13.10.33.png\",\"keywords\":[\"Algarve\",\"Aut\u00f3dromo Internacional do Algarve\",\"Desporto\",\"Portim\u00e3o\"],\"articleSection\":[\"Desporto\"],\"inLanguage\":\"pt-PT\"},{\"@type\":\"WebPage\",\"@id\":\"https:\\\/\\\/algarve7.pt\\\/index.php\\\/2025\\\/08\\\/bilhetes-elms-a-venda-o-campeonato-fecha-ano-no-algarve\\\/desporto\\\/07\\\/20\\\/\",\"url\":\"https:\\\/\\\/algarve7.pt\\\/index.php\\\/2025\\\/08\\\/bilhetes-elms-a-venda-o-campeonato-fecha-ano-no-algarve\\\/desporto\\\/07\\\/20\\\/\",\"name\":\"Bilhetes ELMS \u00e0 venda\u00a0o campeonato fecha ano no Algarve\u00a0 - Algarve 7\",\"isPartOf\":{\"@id\":\"https:\\\/\\\/algarve7.pt\\\/#website\"},\"primaryImageOfPage\":{\"@id\":\"https:\\\/\\\/algarve7.pt\\\/index.php\\\/2025\\\/08\\\/bilhetes-elms-a-venda-o-campeonato-fecha-ano-no-algarve\\\/desporto\\\/07\\\/20\\\/#primaryimage\"},\"image\":{\"@id\":\"https:\\\/\\\/algarve7.pt\\\/index.php\\\/2025\\\/08\\\/bilhetes-elms-a-venda-o-campeonato-fecha-ano-no-algarve\\\/desporto\\\/07\\\/20\\\/#primaryimage\"},\"thumbnailUrl\":\"https:\\\/\\\/algarve7.pt\\\/wp-content\\\/uploads\\\/2025\\\/08\\\/Captura-de-ecra-2025-08-19-as-13.10.33.png\",\"datePublished\":\"2025-08-20T06:20:00+00:00\",\"description\":\"Bilhetes ELMS \u00e0 venda\u00a0o campeonato fecha ano no Algarve\u00a0 Desporto\",\"breadcrumb\":{\"@id\":\"https:\\\/\\\/algarve7.pt\\\/index.php\\\/2025\\\/08\\\/bilhetes-elms-a-venda-o-campeonato-fecha-ano-no-algarve\\\/desporto\\\/07\\\/20\\\/#breadcrumb\"},\"inLanguage\":\"pt-PT\",\"potentialAction\":[{\"@type\":\"ReadAction\",\"target\":[\"https:\\\/\\\/algarve7.pt\\\/index.php\\\/2025\\\/08\\\/bilhetes-elms-a-venda-o-campeonato-fecha-ano-no-algarve\\\/desporto\\\/07\\\/20\\\/\"]}]},{\"@type\":\"ImageObject\",\"inLanguage\":\"pt-PT\",\"@id\":\"https:\\\/\\\/algarve7.pt\\\/index.php\\\/2025\\\/08\\\/bilhetes-elms-a-venda-o-campeonato-fecha-ano-no-algarve\\\/desporto\\\/07\\\/20\\\/#primaryimage\",\"url\":\"https:\\\/\\\/algarve7.pt\\\/wp-content\\\/uploads\\\/2025\\\/08\\\/Captura-de-ecra-2025-08-19-as-13.10.33.png\",\"contentUrl\":\"https:\\\/\\\/algarve7.pt\\\/wp-content\\\/uploads\\\/2025\\\/08\\\/Captura-de-ecra-2025-08-19-as-13.10.33.png\",\"width\":800,\"height\":500},{\"@type\":\"BreadcrumbList\",\"@id\":\"https:\\\/\\\/algarve7.pt\\\/index.php\\\/2025\\\/08\\\/bilhetes-elms-a-venda-o-campeonato-fecha-ano-no-algarve\\\/desporto\\\/07\\\/20\\\/#breadcrumb\",\"itemListElement\":[{\"@type\":\"ListItem\",\"position\":1,\"name\":\"In\u00edcio\",\"item\":\"https:\\\/\\\/algarve7.pt\\\/\"},{\"@type\":\"ListItem\",\"position\":2,\"name\":\"Bilhetes ELMS \u00e0 venda\u00a0o campeonato fecha ano no Algarve\u00a0\"}]},{\"@type\":\"WebSite\",\"@id\":\"https:\\\/\\\/algarve7.pt\\\/#website\",\"url\":\"https:\\\/\\\/algarve7.pt\\\/\",\"name\":\"Algarve 7\",\"description\":\"Informa\u00e7\u00e3o sobre o Algarve\",\"publisher\":{\"@id\":\"https:\\\/\\\/algarve7.pt\\\/#organization\"},\"potentialAction\":[{\"@type\":\"SearchAction\",\"target\":{\"@type\":\"EntryPoint\",\"urlTemplate\":\"https:\\\/\\\/algarve7.pt\\\/?s={search_term_string}\"},\"query-input\":{\"@type\":\"PropertyValueSpecification\",\"valueRequired\":true,\"valueName\":\"search_term_string\"}}],\"inLanguage\":\"pt-PT\"},{\"@type\":\"Organization\",\"@id\":\"https:\\\/\\\/algarve7.pt\\\/#organization\",\"name\":\"Algarve 7\",\"url\":\"https:\\\/\\\/algarve7.pt\\\/\",\"logo\":{\"@type\":\"ImageObject\",\"inLanguage\":\"pt-PT\",\"@id\":\"https:\\\/\\\/algarve7.pt\\\/#\\\/schema\\\/logo\\\/image\\\/\",\"url\":\"https:\\\/\\\/algarve7.pt\\\/wp-content\\\/uploads\\\/2020\\\/10\\\/Logo-8.jpg\",\"contentUrl\":\"https:\\\/\\\/algarve7.pt\\\/wp-content\\\/uploads\\\/2020\\\/10\\\/Logo-8.jpg\",\"width\":1680,\"height\":1186,\"caption\":\"Algarve 7\"},\"image\":{\"@id\":\"https:\\\/\\\/algarve7.pt\\\/#\\\/schema\\\/logo\\\/image\\\/\"},\"sameAs\":[\"https:\\\/\\\/www.facebook.com\\\/algarve7\",\"https:\\\/\\\/x.com\\\/Algarvesete\",\"https:\\\/\\\/www.instagram.com\\\/jornalalgarve7\\\/\",\"https:\\\/\\\/www.linkedin.com\\\/company\\\/algarve7\",\"https:\\\/\\\/www.pinterest.pt\\\/geral0939\\\/_created\\\/\"]},{\"@type\":\"Person\",\"@id\":\"https:\\\/\\\/algarve7.pt\\\/#\\\/schema\\\/person\\\/23fa70681308e7b319a3204bcea45e0c\",\"name\":\"Algarve 7\",\"sameAs\":[\"https:\\\/\\\/algarve7.pt\",\"https:\\\/\\\/www.facebook.com\\\/algarve7\"],\"url\":\"https:\\\/\\\/algarve7.pt\\\/index.php\\\/author\\\/geralalgarve7-pt\\\/\"}]}<\/script>\n<!-- \/ Yoast SEO plugin. -->","yoast_head_json":{"title":"Bilhetes ELMS \u00e0 venda\u00a0o campeonato fecha ano no Algarve\u00a0 - Algarve 7","description":"Bilhetes ELMS \u00e0 venda\u00a0o campeonato fecha ano no Algarve\u00a0 Desporto","robots":{"index":"index","follow":"follow","max-snippet":"max-snippet:-1","max-image-preview":"max-image-preview:large","max-video-preview":"max-video-preview:-1"},"canonical":"https:\/\/algarve7.pt\/index.php\/2025\/08\/bilhetes-elms-a-venda-o-campeonato-fecha-ano-no-algarve\/desporto\/07\/20\/","og_locale":"pt_PT","og_type":"article","og_title":"Bilhetes ELMS \u00e0 venda\u00a0o campeonato fecha ano no Algarve\u00a0 - Algarve 7","og_description":"Bilhetes ELMS \u00e0 venda\u00a0o campeonato fecha ano no Algarve\u00a0 Desporto","og_url":"https:\/\/algarve7.pt\/index.php\/2025\/08\/bilhetes-elms-a-venda-o-campeonato-fecha-ano-no-algarve\/desporto\/07\/20\/","og_site_name":"Algarve 7","article_publisher":"https:\/\/www.facebook.com\/algarve7","article_author":"https:\/\/www.facebook.com\/algarve7","article_published_time":"2025-08-20T06:20:00+00:00","og_image":[{"width":800,"height":500,"url":"https:\/\/algarve7.pt\/wp-content\/uploads\/2025\/08\/Captura-de-ecra-2025-08-19-as-13.10.33.png","type":"image\/png"}],"author":"Algarve 7","twitter_card":"summary_large_image","twitter_creator":"@Algarvesete","twitter_site":"@Algarvesete","twitter_misc":{"Escrito por":"Algarve 7","Tempo estimado de leitura":"2 minutos"},"schema":{"@context":"https:\/\/schema.org","@graph":[{"@type":"Article","@id":"https:\/\/algarve7.pt\/index.php\/2025\/08\/bilhetes-elms-a-venda-o-campeonato-fecha-ano-no-algarve\/desporto\/07\/20\/#article","isPartOf":{"@id":"https:\/\/algarve7.pt\/index.php\/2025\/08\/bilhetes-elms-a-venda-o-campeonato-fecha-ano-no-algarve\/desporto\/07\/20\/"},"author":{"name":"Algarve 7","@id":"https:\/\/algarve7.pt\/#\/schema\/person\/23fa70681308e7b319a3204bcea45e0c"},"headline":"Bilhetes ELMS \u00e0 venda\u00a0o campeonato fecha ano no Algarve\u00a0","datePublished":"2025-08-20T06:20:00+00:00","mainEntityOfPage":{"@id":"https:\/\/algarve7.pt\/index.php\/2025\/08\/bilhetes-elms-a-venda-o-campeonato-fecha-ano-no-algarve\/desporto\/07\/20\/"},"wordCount":273,"publisher":{"@id":"https:\/\/algarve7.pt\/#organization"},"image":{"@id":"https:\/\/algarve7.pt\/index.php\/2025\/08\/bilhetes-elms-a-venda-o-campeonato-fecha-ano-no-algarve\/desporto\/07\/20\/#primaryimage"},"thumbnailUrl":"https:\/\/algarve7.pt\/wp-content\/uploads\/2025\/08\/Captura-de-ecra-2025-08-19-as-13.10.33.png","keywords":["Algarve","Aut\u00f3dromo Internacional do Algarve","Desporto","Portim\u00e3o"],"articleSection":["Desporto"],"inLanguage":"pt-PT"},{"@type":"WebPage","@id":"https:\/\/algarve7.pt\/index.php\/2025\/08\/bilhetes-elms-a-venda-o-campeonato-fecha-ano-no-algarve\/desporto\/07\/20\/","url":"https:\/\/algarve7.pt\/index.php\/2025\/08\/bilhetes-elms-a-venda-o-campeonato-fecha-ano-no-algarve\/desporto\/07\/20\/","name":"Bilhetes ELMS \u00e0 venda\u00a0o campeonato fecha ano no Algarve\u00a0 - Algarve 7","isPartOf":{"@id":"https:\/\/algarve7.pt\/#website"},"primaryImageOfPage":{"@id":"https:\/\/algarve7.pt\/index.php\/2025\/08\/bilhetes-elms-a-venda-o-campeonato-fecha-ano-no-algarve\/desporto\/07\/20\/#primaryimage"},"image":{"@id":"https:\/\/algarve7.pt\/index.php\/2025\/08\/bilhetes-elms-a-venda-o-campeonato-fecha-ano-no-algarve\/desporto\/07\/20\/#primaryimage"},"thumbnailUrl":"https:\/\/algarve7.pt\/wp-content\/uploads\/2025\/08\/Captura-de-ecra-2025-08-19-as-13.10.33.png","datePublished":"2025-08-20T06:20:00+00:00","description":"Bilhetes ELMS \u00e0 venda\u00a0o campeonato fecha ano no Algarve\u00a0 Desporto","breadcrumb":{"@id":"https:\/\/algarve7.pt\/index.php\/2025\/08\/bilhetes-elms-a-venda-o-campeonato-fecha-ano-no-algarve\/desporto\/07\/20\/#breadcrumb"},"inLanguage":"pt-PT","potentialAction":[{"@type":"ReadAction","target":["https:\/\/algarve7.pt\/index.php\/2025\/08\/bilhetes-elms-a-venda-o-campeonato-fecha-ano-no-algarve\/desporto\/07\/20\/"]}]},{"@type":"ImageObject","inLanguage":"pt-PT","@id":"https:\/\/algarve7.pt\/index.php\/2025\/08\/bilhetes-elms-a-venda-o-campeonato-fecha-ano-no-algarve\/desporto\/07\/20\/#primaryimage","url":"https:\/\/algarve7.pt\/wp-content\/uploads\/2025\/08\/Captura-de-ecra-2025-08-19-as-13.10.33.png","contentUrl":"https:\/\/algarve7.pt\/wp-content\/uploads\/2025\/08\/Captura-de-ecra-2025-08-19-as-13.10.33.png","width":800,"height":500},{"@type":"BreadcrumbList","@id":"https:\/\/algarve7.pt\/index.php\/2025\/08\/bilhetes-elms-a-venda-o-campeonato-fecha-ano-no-algarve\/desporto\/07\/20\/#breadcrumb","itemListElement":[{"@type":"ListItem","position":1,"name":"In\u00edcio","item":"https:\/\/algarve7.pt\/"},{"@type":"ListItem","position":2,"name":"Bilhetes ELMS \u00e0 venda\u00a0o campeonato fecha ano no Algarve\u00a0"}]},{"@type":"WebSite","@id":"https:\/\/algarve7.pt\/#website","url":"https:\/\/algarve7.pt\/","name":"Algarve 7","description":"Informa\u00e7\u00e3o sobre o Algarve","publisher":{"@id":"https:\/\/algarve7.pt\/#organization"},"potentialAction":[{"@type":"SearchAction","target":{"@type":"EntryPoint","urlTemplate":"https:\/\/algarve7.pt\/?s={search_term_string}"},"query-input":{"@type":"PropertyValueSpecification","valueRequired":true,"valueName":"search_term_string"}}],"inLanguage":"pt-PT"},{"@type":"Organization","@id":"https:\/\/algarve7.pt\/#organization","name":"Algarve 7","url":"https:\/\/algarve7.pt\/","logo":{"@type":"ImageObject","inLanguage":"pt-PT","@id":"https:\/\/algarve7.pt\/#\/schema\/logo\/image\/","url":"https:\/\/algarve7.pt\/wp-content\/uploads\/2020\/10\/Logo-8.jpg","contentUrl":"https:\/\/algarve7.pt\/wp-content\/uploads\/2020\/10\/Logo-8.jpg","width":1680,"height":1186,"caption":"Algarve 7"},"image":{"@id":"https:\/\/algarve7.pt\/#\/schema\/logo\/image\/"},"sameAs":["https:\/\/www.facebook.com\/algarve7","https:\/\/x.com\/Algarvesete","https:\/\/www.instagram.com\/jornalalgarve7\/","https:\/\/www.linkedin.com\/company\/algarve7","https:\/\/www.pinterest.pt\/geral0939\/_created\/"]},{"@type":"Person","@id":"https:\/\/algarve7.pt\/#\/schema\/person\/23fa70681308e7b319a3204bcea45e0c","name":"Algarve 7","sameAs":["https:\/\/algarve7.pt","https:\/\/www.facebook.com\/algarve7"],"url":"https:\/\/algarve7.pt\/index.php\/author\/geralalgarve7-pt\/"}]}},"jetpack_publicize_connections":[],"jetpack_featured_media_url":"https:\/\/algarve7.pt\/wp-content\/uploads\/2025\/08\/Captura-de-ecra-2025-08-19-as-13.10.33.png","jetpack_shortlink":"https:\/\/wp.me\/pcezmW-dSp","jetpack_sharing_enabled":true,"_links":{"self":[{"href":"https:\/\/algarve7.pt\/index.php\/wp-json\/wp\/v2\/posts\/53345","targetHints":{"allow":["GET"]}}],"collection":[{"href":"https:\/\/algarve7.pt\/index.php\/wp-json\/wp\/v2\/posts"}],"about":[{"href":"https:\/\/algarve7.pt\/index.php\/wp-json\/wp\/v2\/types\/post"}],"author":[{"embeddable":true,"href":"https:\/\/algarve7.pt\/index.php\/wp-json\/wp\/v2\/users\/1"}],"replies":[{"embeddable":true,"href":"https:\/\/algarve7.pt\/index.php\/wp-json\/wp\/v2\/comments?post=53345"}],"version-history":[{"count":0,"href":"https:\/\/algarve7.pt\/index.php\/wp-json\/wp\/v2\/posts\/53345\/revisions"}],"wp:featuredmedia":[{"embeddable":true,"href":"https:\/\/algarve7.pt\/index.php\/wp-json\/wp\/v2\/media\/53346"}],"wp:attachment":[{"href":"https:\/\/algarve7.pt\/index.php\/wp-json\/wp\/v2\/media?parent=53345"}],"wp:term":[{"taxonomy":"category","embeddable":true,"href":"https:\/\/algarve7.pt\/index.php\/wp-json\/wp\/v2\/categories?post=53345"},{"taxonomy":"post_tag","embeddable":true,"href":"https:\/\/algarve7.pt\/index.php\/wp-json\/wp\/v2\/tags?post=53345"}],"curies":[{"name":"wp","href":"https:\/\/api.w.org\/{rel}","templated":true}]}}