{"id":53326,"date":"2025-08-18T18:41:57","date_gmt":"2025-08-18T17:41:57","guid":{"rendered":"https:\/\/algarve7.pt\/?p=53326"},"modified":"2025-08-18T18:42:02","modified_gmt":"2025-08-18T17:42:02","slug":"algarve-fundos-europeus-reforcam-resiliencia-e-eficiencia-no-ciclo-urbano-da-agua","status":"publish","type":"post","link":"https:\/\/algarve7.pt\/index.php\/2025\/08\/algarve-fundos-europeus-reforcam-resiliencia-e-eficiencia-no-ciclo-urbano-da-agua\/ambiente\/18\/41\/","title":{"rendered":"ALGARVE: Fundos Europeus refor\u00e7am resili\u00eancia e efici\u00eancia no ciclo urbano da \u00e1gua\u00a0\u00a0"},"content":{"rendered":"\n<p>A Empresa \u00c1guas do Algarve, S.A., empresa respons\u00e1vel pela gest\u00e3o do sistema em alta de abastecimento de \u00e1gua e saneamento na regi\u00e3o, vai investir mais de 39 milh\u00f5es de euros em quatro projetos estrat\u00e9gicos que visam aumentar a resili\u00eancia, efici\u00eancia e sustentabilidade do ciclo urbano da \u00e1gua em alta no Algarve.<\/p>\n\n\n\n<p>Estes investimentos, cofinanciados pelo Programa Regional ALGARVE 2030 atrav\u00e9s dos fundos europeus, enquadram-se no Plano Estrat\u00e9gico para o Abastecimento de \u00c1gua e Gest\u00e3o de \u00c1guas Residuais e Pluviais 2030 (PENSAARP 2030) e na prioridade de investimento Sustentabilidade e Biodiversidade.<\/p>\n\n\n\n<p>As iniciativas contemplam:<\/p>\n\n\n\n<ul class=\"wp-block-list\">\n<li>Remodela\u00e7\u00e3o da ETAR de Paderne e Sistema Elevat\u00f3rio do Purgat\u00f3rio;<\/li>\n\n\n\n<li>Refor\u00e7o de Adu\u00e7\u00e3o e Abastecimento de \u00c1gua em Alta ao Concelho de Loul\u00e9;<\/li>\n\n\n\n<li>Desenvolvimento de um sistema inteligente e integrado para a efici\u00eancia operacional do abastecimento de \u00e1gua em alta do Algarve, incluindo moderniza\u00e7\u00e3o, automa\u00e7\u00e3o e tecnologias imersivas;<\/li>\n\n\n\n<li>Refor\u00e7o da resili\u00eancia h\u00eddrica atrav\u00e9s da reabilita\u00e7\u00e3o de capta\u00e7\u00f5es subterr\u00e2neas (RCM26A\/024).<\/li>\n<\/ul>\n\n\n\n<p>Com este conjunto de investimentos, ser\u00e1 poss\u00edvel colmatar fragilidades estruturais, melhorando a efici\u00eancia na gest\u00e3o dos recursos e garantindo maior resili\u00eancia perante a escassez h\u00eddrica \u2014 desafios particularmente relevantes para a regi\u00e3o algarvia no contexto das altera\u00e7\u00f5es clim\u00e1ticas.<\/p>\n\n\n\n<p>O apoio dos Fundos europeus no \u00e2mbito do ALGARVE 2030 refor\u00e7a o compromisso de assegurar servi\u00e7os p\u00fablicos de abastecimento e saneamento mais eficazes, eficientes e sustent\u00e1veis, promovendo simultaneamente o uso respons\u00e1vel e a valoriza\u00e7\u00e3o dos recursos h\u00eddricos.<\/p>\n","protected":false},"excerpt":{"rendered":"<p>A Empresa \u00c1guas do Algarve, S.A., empresa respons\u00e1vel pela gest\u00e3o do sistema em alta de abastecimento de \u00e1gua e saneamento<\/p>\n","protected":false},"author":1,"featured_media":53327,"comment_status":"closed","ping_status":"closed","sticky":false,"template":"","format":"standard","meta":{"colormag_page_container_layout":"default_layout","colormag_page_sidebar_layout":"default_layout","_monsterinsights_skip_tracking":false,"_monsterinsights_sitenote_active":false,"_monsterinsights_sitenote_note":"","_monsterinsights_sitenote_category":0,"jetpack_post_was_ever_published":false,"_jetpack_newsletter_access":"","_jetpack_dont_email_post_to_subs":false,"_jetpack_newsletter_tier_id":0,"_jetpack_memberships_contains_paywalled_content":false,"_jetpack_memberships_contains_paid_content":false,"footnotes":"","jetpack_publicize_message":"","jetpack_publicize_feature_enabled":true,"jetpack_social_post_already_shared":false,"jetpack_social_options":{"image_generator_settings":{"template":"highway","default_image_id":0,"font":"","enabled":false},"version":2}},"categories":[5],"tags":[36,32,143],"class_list":["post-53326","post","type-post","status-publish","format-standard","has-post-thumbnail","hentry","category-ambiente","tag-algarve","tag-ambiente","tag-ccdr-algarve"],"yoast_head":"<!-- This site is optimized with the Yoast SEO plugin v27.5 - https:\/\/yoast.com\/product\/yoast-seo-wordpress\/ -->\n<title>ALGARVE: Fundos Europeus refor\u00e7am resili\u00eancia e efici\u00eancia no ciclo urbano da \u00e1gua\u00a0\u00a0 - Algarve 7<\/title>\n<meta name=\"description\" content=\"ALGARVE: Fundos Europeus refor\u00e7am resili\u00eancia e efici\u00eancia no ciclo urbano da \u00e1gua\u00a0\u00a0 Ambiente\" \/>\n<meta name=\"robots\" content=\"index, follow, max-snippet:-1, max-image-preview:large, max-video-preview:-1\" \/>\n<link rel=\"canonical\" href=\"https:\/\/algarve7.pt\/index.php\/2025\/08\/algarve-fundos-europeus-reforcam-resiliencia-e-eficiencia-no-ciclo-urbano-da-agua\/ambiente\/18\/41\/\" \/>\n<meta property=\"og:locale\" content=\"pt_PT\" \/>\n<meta property=\"og:type\" content=\"article\" \/>\n<meta property=\"og:title\" content=\"ALGARVE: Fundos Europeus refor\u00e7am resili\u00eancia e efici\u00eancia no ciclo urbano da \u00e1gua\u00a0\u00a0 - Algarve 7\" \/>\n<meta property=\"og:description\" content=\"ALGARVE: Fundos Europeus refor\u00e7am resili\u00eancia e efici\u00eancia no ciclo urbano da \u00e1gua\u00a0\u00a0 Ambiente\" \/>\n<meta property=\"og:url\" content=\"https:\/\/algarve7.pt\/index.php\/2025\/08\/algarve-fundos-europeus-reforcam-resiliencia-e-eficiencia-no-ciclo-urbano-da-agua\/ambiente\/18\/41\/\" \/>\n<meta property=\"og:site_name\" content=\"Algarve 7\" \/>\n<meta property=\"article:publisher\" content=\"https:\/\/www.facebook.com\/algarve7\" \/>\n<meta property=\"article:author\" content=\"https:\/\/www.facebook.com\/algarve7\" \/>\n<meta property=\"article:published_time\" content=\"2025-08-18T17:41:57+00:00\" \/>\n<meta property=\"article:modified_time\" content=\"2025-08-18T17:42:02+00:00\" \/>\n<meta property=\"og:image\" content=\"https:\/\/algarve7.pt\/wp-content\/uploads\/2025\/08\/aguas-algarve.jpeg\" \/>\n\t<meta property=\"og:image:width\" content=\"800\" \/>\n\t<meta property=\"og:image:height\" content=\"500\" \/>\n\t<meta property=\"og:image:type\" content=\"image\/jpeg\" \/>\n<meta name=\"author\" content=\"Algarve 7\" \/>\n<meta name=\"twitter:card\" content=\"summary_large_image\" \/>\n<meta name=\"twitter:creator\" content=\"@Algarvesete\" \/>\n<meta name=\"twitter:site\" content=\"@Algarvesete\" \/>\n<meta name=\"twitter:label1\" content=\"Escrito por\" \/>\n\t<meta name=\"twitter:data1\" content=\"Algarve 7\" \/>\n\t<meta name=\"twitter:label2\" content=\"Tempo estimado de leitura\" \/>\n\t<meta name=\"twitter:data2\" content=\"2 minutos\" \/>\n<script type=\"application\/ld+json\" class=\"yoast-schema-graph\">{\"@context\":\"https:\\\/\\\/schema.org\",\"@graph\":[{\"@type\":\"Article\",\"@id\":\"https:\\\/\\\/algarve7.pt\\\/index.php\\\/2025\\\/08\\\/algarve-fundos-europeus-reforcam-resiliencia-e-eficiencia-no-ciclo-urbano-da-agua\\\/ambiente\\\/18\\\/41\\\/#article\",\"isPartOf\":{\"@id\":\"https:\\\/\\\/algarve7.pt\\\/index.php\\\/2025\\\/08\\\/algarve-fundos-europeus-reforcam-resiliencia-e-eficiencia-no-ciclo-urbano-da-agua\\\/ambiente\\\/18\\\/41\\\/\"},\"author\":{\"name\":\"Algarve 7\",\"@id\":\"https:\\\/\\\/algarve7.pt\\\/#\\\/schema\\\/person\\\/23fa70681308e7b319a3204bcea45e0c\"},\"headline\":\"ALGARVE: Fundos Europeus refor\u00e7am resili\u00eancia e efici\u00eancia no ciclo urbano da \u00e1gua\u00a0\u00a0\",\"datePublished\":\"2025-08-18T17:41:57+00:00\",\"dateModified\":\"2025-08-18T17:42:02+00:00\",\"mainEntityOfPage\":{\"@id\":\"https:\\\/\\\/algarve7.pt\\\/index.php\\\/2025\\\/08\\\/algarve-fundos-europeus-reforcam-resiliencia-e-eficiencia-no-ciclo-urbano-da-agua\\\/ambiente\\\/18\\\/41\\\/\"},\"wordCount\":278,\"publisher\":{\"@id\":\"https:\\\/\\\/algarve7.pt\\\/#organization\"},\"image\":{\"@id\":\"https:\\\/\\\/algarve7.pt\\\/index.php\\\/2025\\\/08\\\/algarve-fundos-europeus-reforcam-resiliencia-e-eficiencia-no-ciclo-urbano-da-agua\\\/ambiente\\\/18\\\/41\\\/#primaryimage\"},\"thumbnailUrl\":\"https:\\\/\\\/algarve7.pt\\\/wp-content\\\/uploads\\\/2025\\\/08\\\/aguas-algarve.jpeg\",\"keywords\":[\"Algarve\",\"Ambiente\",\"CCDR Algarve\"],\"articleSection\":[\"Ambiente\"],\"inLanguage\":\"pt-PT\"},{\"@type\":\"WebPage\",\"@id\":\"https:\\\/\\\/algarve7.pt\\\/index.php\\\/2025\\\/08\\\/algarve-fundos-europeus-reforcam-resiliencia-e-eficiencia-no-ciclo-urbano-da-agua\\\/ambiente\\\/18\\\/41\\\/\",\"url\":\"https:\\\/\\\/algarve7.pt\\\/index.php\\\/2025\\\/08\\\/algarve-fundos-europeus-reforcam-resiliencia-e-eficiencia-no-ciclo-urbano-da-agua\\\/ambiente\\\/18\\\/41\\\/\",\"name\":\"ALGARVE: Fundos Europeus refor\u00e7am resili\u00eancia e efici\u00eancia no ciclo urbano da \u00e1gua\u00a0\u00a0 - Algarve 7\",\"isPartOf\":{\"@id\":\"https:\\\/\\\/algarve7.pt\\\/#website\"},\"primaryImageOfPage\":{\"@id\":\"https:\\\/\\\/algarve7.pt\\\/index.php\\\/2025\\\/08\\\/algarve-fundos-europeus-reforcam-resiliencia-e-eficiencia-no-ciclo-urbano-da-agua\\\/ambiente\\\/18\\\/41\\\/#primaryimage\"},\"image\":{\"@id\":\"https:\\\/\\\/algarve7.pt\\\/index.php\\\/2025\\\/08\\\/algarve-fundos-europeus-reforcam-resiliencia-e-eficiencia-no-ciclo-urbano-da-agua\\\/ambiente\\\/18\\\/41\\\/#primaryimage\"},\"thumbnailUrl\":\"https:\\\/\\\/algarve7.pt\\\/wp-content\\\/uploads\\\/2025\\\/08\\\/aguas-algarve.jpeg\",\"datePublished\":\"2025-08-18T17:41:57+00:00\",\"dateModified\":\"2025-08-18T17:42:02+00:00\",\"description\":\"ALGARVE: Fundos Europeus refor\u00e7am resili\u00eancia e efici\u00eancia no ciclo urbano da \u00e1gua\u00a0\u00a0 Ambiente\",\"breadcrumb\":{\"@id\":\"https:\\\/\\\/algarve7.pt\\\/index.php\\\/2025\\\/08\\\/algarve-fundos-europeus-reforcam-resiliencia-e-eficiencia-no-ciclo-urbano-da-agua\\\/ambiente\\\/18\\\/41\\\/#breadcrumb\"},\"inLanguage\":\"pt-PT\",\"potentialAction\":[{\"@type\":\"ReadAction\",\"target\":[\"https:\\\/\\\/algarve7.pt\\\/index.php\\\/2025\\\/08\\\/algarve-fundos-europeus-reforcam-resiliencia-e-eficiencia-no-ciclo-urbano-da-agua\\\/ambiente\\\/18\\\/41\\\/\"]}]},{\"@type\":\"ImageObject\",\"inLanguage\":\"pt-PT\",\"@id\":\"https:\\\/\\\/algarve7.pt\\\/index.php\\\/2025\\\/08\\\/algarve-fundos-europeus-reforcam-resiliencia-e-eficiencia-no-ciclo-urbano-da-agua\\\/ambiente\\\/18\\\/41\\\/#primaryimage\",\"url\":\"https:\\\/\\\/algarve7.pt\\\/wp-content\\\/uploads\\\/2025\\\/08\\\/aguas-algarve.jpeg\",\"contentUrl\":\"https:\\\/\\\/algarve7.pt\\\/wp-content\\\/uploads\\\/2025\\\/08\\\/aguas-algarve.jpeg\",\"width\":800,\"height\":500},{\"@type\":\"BreadcrumbList\",\"@id\":\"https:\\\/\\\/algarve7.pt\\\/index.php\\\/2025\\\/08\\\/algarve-fundos-europeus-reforcam-resiliencia-e-eficiencia-no-ciclo-urbano-da-agua\\\/ambiente\\\/18\\\/41\\\/#breadcrumb\",\"itemListElement\":[{\"@type\":\"ListItem\",\"position\":1,\"name\":\"In\u00edcio\",\"item\":\"https:\\\/\\\/algarve7.pt\\\/\"},{\"@type\":\"ListItem\",\"position\":2,\"name\":\"ALGARVE: Fundos Europeus refor\u00e7am resili\u00eancia e efici\u00eancia no ciclo urbano da \u00e1gua\u00a0\u00a0\"}]},{\"@type\":\"WebSite\",\"@id\":\"https:\\\/\\\/algarve7.pt\\\/#website\",\"url\":\"https:\\\/\\\/algarve7.pt\\\/\",\"name\":\"Algarve 7\",\"description\":\"Informa\u00e7\u00e3o sobre o Algarve\",\"publisher\":{\"@id\":\"https:\\\/\\\/algarve7.pt\\\/#organization\"},\"potentialAction\":[{\"@type\":\"SearchAction\",\"target\":{\"@type\":\"EntryPoint\",\"urlTemplate\":\"https:\\\/\\\/algarve7.pt\\\/?s={search_term_string}\"},\"query-input\":{\"@type\":\"PropertyValueSpecification\",\"valueRequired\":true,\"valueName\":\"search_term_string\"}}],\"inLanguage\":\"pt-PT\"},{\"@type\":\"Organization\",\"@id\":\"https:\\\/\\\/algarve7.pt\\\/#organization\",\"name\":\"Algarve 7\",\"url\":\"https:\\\/\\\/algarve7.pt\\\/\",\"logo\":{\"@type\":\"ImageObject\",\"inLanguage\":\"pt-PT\",\"@id\":\"https:\\\/\\\/algarve7.pt\\\/#\\\/schema\\\/logo\\\/image\\\/\",\"url\":\"https:\\\/\\\/algarve7.pt\\\/wp-content\\\/uploads\\\/2020\\\/10\\\/Logo-8.jpg\",\"contentUrl\":\"https:\\\/\\\/algarve7.pt\\\/wp-content\\\/uploads\\\/2020\\\/10\\\/Logo-8.jpg\",\"width\":1680,\"height\":1186,\"caption\":\"Algarve 7\"},\"image\":{\"@id\":\"https:\\\/\\\/algarve7.pt\\\/#\\\/schema\\\/logo\\\/image\\\/\"},\"sameAs\":[\"https:\\\/\\\/www.facebook.com\\\/algarve7\",\"https:\\\/\\\/x.com\\\/Algarvesete\",\"https:\\\/\\\/www.instagram.com\\\/jornalalgarve7\\\/\",\"https:\\\/\\\/www.linkedin.com\\\/company\\\/algarve7\",\"https:\\\/\\\/www.pinterest.pt\\\/geral0939\\\/_created\\\/\"]},{\"@type\":\"Person\",\"@id\":\"https:\\\/\\\/algarve7.pt\\\/#\\\/schema\\\/person\\\/23fa70681308e7b319a3204bcea45e0c\",\"name\":\"Algarve 7\",\"sameAs\":[\"https:\\\/\\\/algarve7.pt\",\"https:\\\/\\\/www.facebook.com\\\/algarve7\"],\"url\":\"https:\\\/\\\/algarve7.pt\\\/index.php\\\/author\\\/geralalgarve7-pt\\\/\"}]}<\/script>\n<!-- \/ Yoast SEO plugin. -->","yoast_head_json":{"title":"ALGARVE: Fundos Europeus refor\u00e7am resili\u00eancia e efici\u00eancia no ciclo urbano da \u00e1gua\u00a0\u00a0 - Algarve 7","description":"ALGARVE: Fundos Europeus refor\u00e7am resili\u00eancia e efici\u00eancia no ciclo urbano da \u00e1gua\u00a0\u00a0 Ambiente","robots":{"index":"index","follow":"follow","max-snippet":"max-snippet:-1","max-image-preview":"max-image-preview:large","max-video-preview":"max-video-preview:-1"},"canonical":"https:\/\/algarve7.pt\/index.php\/2025\/08\/algarve-fundos-europeus-reforcam-resiliencia-e-eficiencia-no-ciclo-urbano-da-agua\/ambiente\/18\/41\/","og_locale":"pt_PT","og_type":"article","og_title":"ALGARVE: Fundos Europeus refor\u00e7am resili\u00eancia e efici\u00eancia no ciclo urbano da \u00e1gua\u00a0\u00a0 - Algarve 7","og_description":"ALGARVE: Fundos Europeus refor\u00e7am resili\u00eancia e efici\u00eancia no ciclo urbano da \u00e1gua\u00a0\u00a0 Ambiente","og_url":"https:\/\/algarve7.pt\/index.php\/2025\/08\/algarve-fundos-europeus-reforcam-resiliencia-e-eficiencia-no-ciclo-urbano-da-agua\/ambiente\/18\/41\/","og_site_name":"Algarve 7","article_publisher":"https:\/\/www.facebook.com\/algarve7","article_author":"https:\/\/www.facebook.com\/algarve7","article_published_time":"2025-08-18T17:41:57+00:00","article_modified_time":"2025-08-18T17:42:02+00:00","og_image":[{"width":800,"height":500,"url":"https:\/\/algarve7.pt\/wp-content\/uploads\/2025\/08\/aguas-algarve.jpeg","type":"image\/jpeg"}],"author":"Algarve 7","twitter_card":"summary_large_image","twitter_creator":"@Algarvesete","twitter_site":"@Algarvesete","twitter_misc":{"Escrito por":"Algarve 7","Tempo estimado de leitura":"2 minutos"},"schema":{"@context":"https:\/\/schema.org","@graph":[{"@type":"Article","@id":"https:\/\/algarve7.pt\/index.php\/2025\/08\/algarve-fundos-europeus-reforcam-resiliencia-e-eficiencia-no-ciclo-urbano-da-agua\/ambiente\/18\/41\/#article","isPartOf":{"@id":"https:\/\/algarve7.pt\/index.php\/2025\/08\/algarve-fundos-europeus-reforcam-resiliencia-e-eficiencia-no-ciclo-urbano-da-agua\/ambiente\/18\/41\/"},"author":{"name":"Algarve 7","@id":"https:\/\/algarve7.pt\/#\/schema\/person\/23fa70681308e7b319a3204bcea45e0c"},"headline":"ALGARVE: Fundos Europeus refor\u00e7am resili\u00eancia e efici\u00eancia no ciclo urbano da \u00e1gua\u00a0\u00a0","datePublished":"2025-08-18T17:41:57+00:00","dateModified":"2025-08-18T17:42:02+00:00","mainEntityOfPage":{"@id":"https:\/\/algarve7.pt\/index.php\/2025\/08\/algarve-fundos-europeus-reforcam-resiliencia-e-eficiencia-no-ciclo-urbano-da-agua\/ambiente\/18\/41\/"},"wordCount":278,"publisher":{"@id":"https:\/\/algarve7.pt\/#organization"},"image":{"@id":"https:\/\/algarve7.pt\/index.php\/2025\/08\/algarve-fundos-europeus-reforcam-resiliencia-e-eficiencia-no-ciclo-urbano-da-agua\/ambiente\/18\/41\/#primaryimage"},"thumbnailUrl":"https:\/\/algarve7.pt\/wp-content\/uploads\/2025\/08\/aguas-algarve.jpeg","keywords":["Algarve","Ambiente","CCDR Algarve"],"articleSection":["Ambiente"],"inLanguage":"pt-PT"},{"@type":"WebPage","@id":"https:\/\/algarve7.pt\/index.php\/2025\/08\/algarve-fundos-europeus-reforcam-resiliencia-e-eficiencia-no-ciclo-urbano-da-agua\/ambiente\/18\/41\/","url":"https:\/\/algarve7.pt\/index.php\/2025\/08\/algarve-fundos-europeus-reforcam-resiliencia-e-eficiencia-no-ciclo-urbano-da-agua\/ambiente\/18\/41\/","name":"ALGARVE: Fundos Europeus refor\u00e7am resili\u00eancia e efici\u00eancia no ciclo urbano da \u00e1gua\u00a0\u00a0 - Algarve 7","isPartOf":{"@id":"https:\/\/algarve7.pt\/#website"},"primaryImageOfPage":{"@id":"https:\/\/algarve7.pt\/index.php\/2025\/08\/algarve-fundos-europeus-reforcam-resiliencia-e-eficiencia-no-ciclo-urbano-da-agua\/ambiente\/18\/41\/#primaryimage"},"image":{"@id":"https:\/\/algarve7.pt\/index.php\/2025\/08\/algarve-fundos-europeus-reforcam-resiliencia-e-eficiencia-no-ciclo-urbano-da-agua\/ambiente\/18\/41\/#primaryimage"},"thumbnailUrl":"https:\/\/algarve7.pt\/wp-content\/uploads\/2025\/08\/aguas-algarve.jpeg","datePublished":"2025-08-18T17:41:57+00:00","dateModified":"2025-08-18T17:42:02+00:00","description":"ALGARVE: Fundos Europeus refor\u00e7am resili\u00eancia e efici\u00eancia no ciclo urbano da \u00e1gua\u00a0\u00a0 Ambiente","breadcrumb":{"@id":"https:\/\/algarve7.pt\/index.php\/2025\/08\/algarve-fundos-europeus-reforcam-resiliencia-e-eficiencia-no-ciclo-urbano-da-agua\/ambiente\/18\/41\/#breadcrumb"},"inLanguage":"pt-PT","potentialAction":[{"@type":"ReadAction","target":["https:\/\/algarve7.pt\/index.php\/2025\/08\/algarve-fundos-europeus-reforcam-resiliencia-e-eficiencia-no-ciclo-urbano-da-agua\/ambiente\/18\/41\/"]}]},{"@type":"ImageObject","inLanguage":"pt-PT","@id":"https:\/\/algarve7.pt\/index.php\/2025\/08\/algarve-fundos-europeus-reforcam-resiliencia-e-eficiencia-no-ciclo-urbano-da-agua\/ambiente\/18\/41\/#primaryimage","url":"https:\/\/algarve7.pt\/wp-content\/uploads\/2025\/08\/aguas-algarve.jpeg","contentUrl":"https:\/\/algarve7.pt\/wp-content\/uploads\/2025\/08\/aguas-algarve.jpeg","width":800,"height":500},{"@type":"BreadcrumbList","@id":"https:\/\/algarve7.pt\/index.php\/2025\/08\/algarve-fundos-europeus-reforcam-resiliencia-e-eficiencia-no-ciclo-urbano-da-agua\/ambiente\/18\/41\/#breadcrumb","itemListElement":[{"@type":"ListItem","position":1,"name":"In\u00edcio","item":"https:\/\/algarve7.pt\/"},{"@type":"ListItem","position":2,"name":"ALGARVE: Fundos Europeus refor\u00e7am resili\u00eancia e efici\u00eancia no ciclo urbano da \u00e1gua\u00a0\u00a0"}]},{"@type":"WebSite","@id":"https:\/\/algarve7.pt\/#website","url":"https:\/\/algarve7.pt\/","name":"Algarve 7","description":"Informa\u00e7\u00e3o sobre o Algarve","publisher":{"@id":"https:\/\/algarve7.pt\/#organization"},"potentialAction":[{"@type":"SearchAction","target":{"@type":"EntryPoint","urlTemplate":"https:\/\/algarve7.pt\/?s={search_term_string}"},"query-input":{"@type":"PropertyValueSpecification","valueRequired":true,"valueName":"search_term_string"}}],"inLanguage":"pt-PT"},{"@type":"Organization","@id":"https:\/\/algarve7.pt\/#organization","name":"Algarve 7","url":"https:\/\/algarve7.pt\/","logo":{"@type":"ImageObject","inLanguage":"pt-PT","@id":"https:\/\/algarve7.pt\/#\/schema\/logo\/image\/","url":"https:\/\/algarve7.pt\/wp-content\/uploads\/2020\/10\/Logo-8.jpg","contentUrl":"https:\/\/algarve7.pt\/wp-content\/uploads\/2020\/10\/Logo-8.jpg","width":1680,"height":1186,"caption":"Algarve 7"},"image":{"@id":"https:\/\/algarve7.pt\/#\/schema\/logo\/image\/"},"sameAs":["https:\/\/www.facebook.com\/algarve7","https:\/\/x.com\/Algarvesete","https:\/\/www.instagram.com\/jornalalgarve7\/","https:\/\/www.linkedin.com\/company\/algarve7","https:\/\/www.pinterest.pt\/geral0939\/_created\/"]},{"@type":"Person","@id":"https:\/\/algarve7.pt\/#\/schema\/person\/23fa70681308e7b319a3204bcea45e0c","name":"Algarve 7","sameAs":["https:\/\/algarve7.pt","https:\/\/www.facebook.com\/algarve7"],"url":"https:\/\/algarve7.pt\/index.php\/author\/geralalgarve7-pt\/"}]}},"jetpack_publicize_connections":[],"jetpack_featured_media_url":"https:\/\/algarve7.pt\/wp-content\/uploads\/2025\/08\/aguas-algarve.jpeg","jetpack_shortlink":"https:\/\/wp.me\/pcezmW-dS6","jetpack_sharing_enabled":true,"_links":{"self":[{"href":"https:\/\/algarve7.pt\/index.php\/wp-json\/wp\/v2\/posts\/53326","targetHints":{"allow":["GET"]}}],"collection":[{"href":"https:\/\/algarve7.pt\/index.php\/wp-json\/wp\/v2\/posts"}],"about":[{"href":"https:\/\/algarve7.pt\/index.php\/wp-json\/wp\/v2\/types\/post"}],"author":[{"embeddable":true,"href":"https:\/\/algarve7.pt\/index.php\/wp-json\/wp\/v2\/users\/1"}],"replies":[{"embeddable":true,"href":"https:\/\/algarve7.pt\/index.php\/wp-json\/wp\/v2\/comments?post=53326"}],"version-history":[{"count":0,"href":"https:\/\/algarve7.pt\/index.php\/wp-json\/wp\/v2\/posts\/53326\/revisions"}],"wp:featuredmedia":[{"embeddable":true,"href":"https:\/\/algarve7.pt\/index.php\/wp-json\/wp\/v2\/media\/53327"}],"wp:attachment":[{"href":"https:\/\/algarve7.pt\/index.php\/wp-json\/wp\/v2\/media?parent=53326"}],"wp:term":[{"taxonomy":"category","embeddable":true,"href":"https:\/\/algarve7.pt\/index.php\/wp-json\/wp\/v2\/categories?post=53326"},{"taxonomy":"post_tag","embeddable":true,"href":"https:\/\/algarve7.pt\/index.php\/wp-json\/wp\/v2\/tags?post=53326"}],"curies":[{"name":"wp","href":"https:\/\/api.w.org\/{rel}","templated":true}]}}