{"id":5329,"date":"2021-01-14T14:08:51","date_gmt":"2021-01-14T14:08:51","guid":{"rendered":"https:\/\/algarve7.pt\/?p=5329"},"modified":"2021-01-14T14:08:55","modified_gmt":"2021-01-14T14:08:55","slug":"apreensao-de-100-quilos-de-pepinos-do-mar-no-valor-de-tres-mil-euros-no-alvor","status":"publish","type":"post","link":"https:\/\/algarve7.pt\/index.php\/2021\/01\/apreensao-de-100-quilos-de-pepinos-do-mar-no-valor-de-tres-mil-euros-no-alvor\/atualidade\/14\/08\/","title":{"rendered":"Apreens\u00e3o de 100 quilos de pepinos-do-mar no valor de tr\u00eas mil euros no Alvor"},"content":{"rendered":"\n<p>A Unidade de Controlo Costeiro (UCC), atrav\u00e9s do Subdestacamento de Controlo Costeiro de Portim\u00e3o, hoje,&nbsp;dia 14 de janeiro, apreendeu 100 quilos de pepinos-do-mar com o valor estimado de 3 000 euros em Alvor, no concelho de Portim\u00e3o.<\/p>\n\n\n\n<p>No \u00e2mbito de uma a\u00e7\u00e3o de fiscaliza\u00e7\u00e3o,&nbsp;os militares da Guarda detetaram, junto \u00e0 Ria de Alvor, dois pescadores que se encontravam a transportar os pepinos-do-mar,&nbsp;de nome cient\u00edfico&nbsp;<em>Holothuria edulis<\/em>, para um ve\u00edculo. No decorrer da a\u00e7\u00e3o,&nbsp;os militares constataram que houve&nbsp;um&nbsp;excesso de captura desta esp\u00e9cie,&nbsp;uma vez que a sua pesca l\u00fadica n\u00e3o pode exceder os dois quilos, procedendo-se&nbsp;assim&nbsp;\u00e0 apreens\u00e3o&nbsp;<strong>de 100 quilos de pepinos-do-mar.<\/strong><\/p>\n\n\n\n<p>Os suspeitos foram identificados, tendo sido elaborado um auto de contraordena\u00e7\u00e3o.&nbsp;Os pepinos-do-mar, por se encontrarem vivos, foram devolvidos ao seu habitat natural.<\/p>\n\n\n\n<p>A GNR relembra que os recursos mar\u00edtimos devem ser explorados de modo a garantir, a longo prazo, a sustentabilidade ambiental, econ\u00f3mica e social da pescaria, dentro de uma abordagem de precau\u00e7\u00e3o, definida com base nos dados cient\u00edficos dispon\u00edveis. No caso espec\u00edfico dos pepinos-do-mar enquanto animais da classe equinodermos, s\u00e3o um elemento importante para os ecossistemas aqu\u00e1ticos ao reciclarem mat\u00e9ria em decomposi\u00e7\u00e3o e ao limparem o fundo do mar. Em 2019, a Conven\u00e7\u00e3o sobre o Com\u00e9rcio Internacional de Esp\u00e9cies da Fauna e da Flora Selvagem Amea\u00e7adas de Extin\u00e7\u00e3o (CITES ou Conven\u00e7\u00e3o de Washington) incluiu os pepinos-do-mar, pela primeira vez, no seu Ap\u00eandice II. Esta lista inclui as esp\u00e9cies que n\u00e3o est\u00e3o necessariamente amea\u00e7adas de extin\u00e7\u00e3o, mas que, poder\u00e3o vir a estar caso o com\u00e9rcio n\u00e3o seja controlado de perto.<\/p>\n","protected":false},"excerpt":{"rendered":"<p>A Unidade de Controlo Costeiro (UCC), atrav\u00e9s do Subdestacamento de Controlo Costeiro de Portim\u00e3o, hoje,&nbsp;dia 14 de janeiro, apreendeu 100<\/p>\n","protected":false},"author":1,"featured_media":5330,"comment_status":"closed","ping_status":"open","sticky":false,"template":"","format":"standard","meta":{"colormag_page_container_layout":"default_layout","colormag_page_sidebar_layout":"default_layout","_monsterinsights_skip_tracking":false,"_monsterinsights_sitenote_active":false,"_monsterinsights_sitenote_note":"","_monsterinsights_sitenote_category":0,"jetpack_post_was_ever_published":false,"_jetpack_newsletter_access":"","_jetpack_dont_email_post_to_subs":false,"_jetpack_newsletter_tier_id":0,"_jetpack_memberships_contains_paywalled_content":false,"_jetpack_memberships_contains_paid_content":false,"footnotes":"","jetpack_publicize_message":"","jetpack_publicize_feature_enabled":true,"jetpack_social_post_already_shared":true,"jetpack_social_options":{"image_generator_settings":{"template":"highway","default_image_id":0,"font":"","enabled":false},"version":2}},"categories":[11],"tags":[36,130,62,140,284],"class_list":["post-5329","post","type-post","status-publish","format-standard","has-post-thumbnail","hentry","category-atualidade","tag-algarve","tag-alvor","tag-atualidade","tag-gnr","tag-ucc"],"yoast_head":"<!-- This site is optimized with the Yoast SEO plugin v27.5 - https:\/\/yoast.com\/product\/yoast-seo-wordpress\/ -->\n<title>Apreens\u00e3o de 100 quilos de pepinos-do-mar no valor de tr\u00eas mil euros no Alvor - Algarve 7<\/title>\n<meta name=\"description\" content=\"Apreens\u00e3o de 100 quilos de pepinos-do-mar no valor de tr\u00eas mil euros no Alvor Atualidade\" \/>\n<meta name=\"robots\" content=\"index, follow, max-snippet:-1, max-image-preview:large, max-video-preview:-1\" \/>\n<link rel=\"canonical\" href=\"https:\/\/algarve7.pt\/index.php\/2021\/01\/apreensao-de-100-quilos-de-pepinos-do-mar-no-valor-de-tres-mil-euros-no-alvor\/atualidade\/14\/08\/\" \/>\n<meta property=\"og:locale\" content=\"pt_PT\" \/>\n<meta property=\"og:type\" content=\"article\" \/>\n<meta property=\"og:title\" content=\"Apreens\u00e3o de 100 quilos de pepinos-do-mar no valor de tr\u00eas mil euros no Alvor - Algarve 7\" \/>\n<meta property=\"og:description\" content=\"Apreens\u00e3o de 100 quilos de pepinos-do-mar no valor de tr\u00eas mil euros no Alvor Atualidade\" \/>\n<meta property=\"og:url\" content=\"https:\/\/algarve7.pt\/index.php\/2021\/01\/apreensao-de-100-quilos-de-pepinos-do-mar-no-valor-de-tres-mil-euros-no-alvor\/atualidade\/14\/08\/\" \/>\n<meta property=\"og:site_name\" content=\"Algarve 7\" \/>\n<meta property=\"article:publisher\" content=\"https:\/\/www.facebook.com\/algarve7\" \/>\n<meta property=\"article:author\" content=\"https:\/\/www.facebook.com\/algarve7\" \/>\n<meta property=\"article:published_time\" content=\"2021-01-14T14:08:51+00:00\" \/>\n<meta property=\"article:modified_time\" content=\"2021-01-14T14:08:55+00:00\" \/>\n<meta property=\"og:image\" content=\"https:\/\/algarve7.pt\/wp-content\/uploads\/2021\/01\/GNR-UCC-Apreensao.jpg\" \/>\n\t<meta property=\"og:image:width\" content=\"905\" \/>\n\t<meta property=\"og:image:height\" content=\"570\" \/>\n\t<meta property=\"og:image:type\" content=\"image\/jpeg\" \/>\n<meta name=\"author\" content=\"Algarve 7\" \/>\n<meta name=\"twitter:card\" content=\"summary_large_image\" \/>\n<meta name=\"twitter:creator\" content=\"@Algarvesete\" \/>\n<meta name=\"twitter:site\" content=\"@Algarvesete\" \/>\n<meta name=\"twitter:label1\" content=\"Escrito por\" \/>\n\t<meta name=\"twitter:data1\" content=\"Algarve 7\" \/>\n\t<meta name=\"twitter:label2\" content=\"Tempo estimado de leitura\" \/>\n\t<meta name=\"twitter:data2\" content=\"2 minutos\" \/>\n<script type=\"application\/ld+json\" class=\"yoast-schema-graph\">{\"@context\":\"https:\\\/\\\/schema.org\",\"@graph\":[{\"@type\":\"Article\",\"@id\":\"https:\\\/\\\/algarve7.pt\\\/index.php\\\/2021\\\/01\\\/apreensao-de-100-quilos-de-pepinos-do-mar-no-valor-de-tres-mil-euros-no-alvor\\\/atualidade\\\/14\\\/08\\\/#article\",\"isPartOf\":{\"@id\":\"https:\\\/\\\/algarve7.pt\\\/index.php\\\/2021\\\/01\\\/apreensao-de-100-quilos-de-pepinos-do-mar-no-valor-de-tres-mil-euros-no-alvor\\\/atualidade\\\/14\\\/08\\\/\"},\"author\":{\"name\":\"Algarve 7\",\"@id\":\"https:\\\/\\\/algarve7.pt\\\/#\\\/schema\\\/person\\\/23fa70681308e7b319a3204bcea45e0c\"},\"headline\":\"Apreens\u00e3o de 100 quilos de pepinos-do-mar no valor de tr\u00eas mil euros no Alvor\",\"datePublished\":\"2021-01-14T14:08:51+00:00\",\"dateModified\":\"2021-01-14T14:08:55+00:00\",\"mainEntityOfPage\":{\"@id\":\"https:\\\/\\\/algarve7.pt\\\/index.php\\\/2021\\\/01\\\/apreensao-de-100-quilos-de-pepinos-do-mar-no-valor-de-tres-mil-euros-no-alvor\\\/atualidade\\\/14\\\/08\\\/\"},\"wordCount\":317,\"publisher\":{\"@id\":\"https:\\\/\\\/algarve7.pt\\\/#organization\"},\"image\":{\"@id\":\"https:\\\/\\\/algarve7.pt\\\/index.php\\\/2021\\\/01\\\/apreensao-de-100-quilos-de-pepinos-do-mar-no-valor-de-tres-mil-euros-no-alvor\\\/atualidade\\\/14\\\/08\\\/#primaryimage\"},\"thumbnailUrl\":\"https:\\\/\\\/algarve7.pt\\\/wp-content\\\/uploads\\\/2021\\\/01\\\/GNR-UCC-Apreensao.jpg\",\"keywords\":[\"Algarve\",\"Alvor\",\"Atualidade\",\"GNR\",\"UCC\"],\"articleSection\":[\"Atualidade\"],\"inLanguage\":\"pt-PT\"},{\"@type\":\"WebPage\",\"@id\":\"https:\\\/\\\/algarve7.pt\\\/index.php\\\/2021\\\/01\\\/apreensao-de-100-quilos-de-pepinos-do-mar-no-valor-de-tres-mil-euros-no-alvor\\\/atualidade\\\/14\\\/08\\\/\",\"url\":\"https:\\\/\\\/algarve7.pt\\\/index.php\\\/2021\\\/01\\\/apreensao-de-100-quilos-de-pepinos-do-mar-no-valor-de-tres-mil-euros-no-alvor\\\/atualidade\\\/14\\\/08\\\/\",\"name\":\"Apreens\u00e3o de 100 quilos de pepinos-do-mar no valor de tr\u00eas mil euros no Alvor - Algarve 7\",\"isPartOf\":{\"@id\":\"https:\\\/\\\/algarve7.pt\\\/#website\"},\"primaryImageOfPage\":{\"@id\":\"https:\\\/\\\/algarve7.pt\\\/index.php\\\/2021\\\/01\\\/apreensao-de-100-quilos-de-pepinos-do-mar-no-valor-de-tres-mil-euros-no-alvor\\\/atualidade\\\/14\\\/08\\\/#primaryimage\"},\"image\":{\"@id\":\"https:\\\/\\\/algarve7.pt\\\/index.php\\\/2021\\\/01\\\/apreensao-de-100-quilos-de-pepinos-do-mar-no-valor-de-tres-mil-euros-no-alvor\\\/atualidade\\\/14\\\/08\\\/#primaryimage\"},\"thumbnailUrl\":\"https:\\\/\\\/algarve7.pt\\\/wp-content\\\/uploads\\\/2021\\\/01\\\/GNR-UCC-Apreensao.jpg\",\"datePublished\":\"2021-01-14T14:08:51+00:00\",\"dateModified\":\"2021-01-14T14:08:55+00:00\",\"description\":\"Apreens\u00e3o de 100 quilos de pepinos-do-mar no valor de tr\u00eas mil euros no Alvor Atualidade\",\"breadcrumb\":{\"@id\":\"https:\\\/\\\/algarve7.pt\\\/index.php\\\/2021\\\/01\\\/apreensao-de-100-quilos-de-pepinos-do-mar-no-valor-de-tres-mil-euros-no-alvor\\\/atualidade\\\/14\\\/08\\\/#breadcrumb\"},\"inLanguage\":\"pt-PT\",\"potentialAction\":[{\"@type\":\"ReadAction\",\"target\":[\"https:\\\/\\\/algarve7.pt\\\/index.php\\\/2021\\\/01\\\/apreensao-de-100-quilos-de-pepinos-do-mar-no-valor-de-tres-mil-euros-no-alvor\\\/atualidade\\\/14\\\/08\\\/\"]}]},{\"@type\":\"ImageObject\",\"inLanguage\":\"pt-PT\",\"@id\":\"https:\\\/\\\/algarve7.pt\\\/index.php\\\/2021\\\/01\\\/apreensao-de-100-quilos-de-pepinos-do-mar-no-valor-de-tres-mil-euros-no-alvor\\\/atualidade\\\/14\\\/08\\\/#primaryimage\",\"url\":\"https:\\\/\\\/algarve7.pt\\\/wp-content\\\/uploads\\\/2021\\\/01\\\/GNR-UCC-Apreensao.jpg\",\"contentUrl\":\"https:\\\/\\\/algarve7.pt\\\/wp-content\\\/uploads\\\/2021\\\/01\\\/GNR-UCC-Apreensao.jpg\",\"width\":905,\"height\":570},{\"@type\":\"BreadcrumbList\",\"@id\":\"https:\\\/\\\/algarve7.pt\\\/index.php\\\/2021\\\/01\\\/apreensao-de-100-quilos-de-pepinos-do-mar-no-valor-de-tres-mil-euros-no-alvor\\\/atualidade\\\/14\\\/08\\\/#breadcrumb\",\"itemListElement\":[{\"@type\":\"ListItem\",\"position\":1,\"name\":\"In\u00edcio\",\"item\":\"https:\\\/\\\/algarve7.pt\\\/\"},{\"@type\":\"ListItem\",\"position\":2,\"name\":\"Apreens\u00e3o de 100 quilos de pepinos-do-mar no valor de tr\u00eas mil euros no Alvor\"}]},{\"@type\":\"WebSite\",\"@id\":\"https:\\\/\\\/algarve7.pt\\\/#website\",\"url\":\"https:\\\/\\\/algarve7.pt\\\/\",\"name\":\"Algarve 7\",\"description\":\"Informa\u00e7\u00e3o sobre o Algarve\",\"publisher\":{\"@id\":\"https:\\\/\\\/algarve7.pt\\\/#organization\"},\"potentialAction\":[{\"@type\":\"SearchAction\",\"target\":{\"@type\":\"EntryPoint\",\"urlTemplate\":\"https:\\\/\\\/algarve7.pt\\\/?s={search_term_string}\"},\"query-input\":{\"@type\":\"PropertyValueSpecification\",\"valueRequired\":true,\"valueName\":\"search_term_string\"}}],\"inLanguage\":\"pt-PT\"},{\"@type\":\"Organization\",\"@id\":\"https:\\\/\\\/algarve7.pt\\\/#organization\",\"name\":\"Algarve 7\",\"url\":\"https:\\\/\\\/algarve7.pt\\\/\",\"logo\":{\"@type\":\"ImageObject\",\"inLanguage\":\"pt-PT\",\"@id\":\"https:\\\/\\\/algarve7.pt\\\/#\\\/schema\\\/logo\\\/image\\\/\",\"url\":\"https:\\\/\\\/algarve7.pt\\\/wp-content\\\/uploads\\\/2020\\\/10\\\/Logo-8.jpg\",\"contentUrl\":\"https:\\\/\\\/algarve7.pt\\\/wp-content\\\/uploads\\\/2020\\\/10\\\/Logo-8.jpg\",\"width\":1680,\"height\":1186,\"caption\":\"Algarve 7\"},\"image\":{\"@id\":\"https:\\\/\\\/algarve7.pt\\\/#\\\/schema\\\/logo\\\/image\\\/\"},\"sameAs\":[\"https:\\\/\\\/www.facebook.com\\\/algarve7\",\"https:\\\/\\\/x.com\\\/Algarvesete\",\"https:\\\/\\\/www.instagram.com\\\/jornalalgarve7\\\/\",\"https:\\\/\\\/www.linkedin.com\\\/company\\\/algarve7\",\"https:\\\/\\\/www.pinterest.pt\\\/geral0939\\\/_created\\\/\"]},{\"@type\":\"Person\",\"@id\":\"https:\\\/\\\/algarve7.pt\\\/#\\\/schema\\\/person\\\/23fa70681308e7b319a3204bcea45e0c\",\"name\":\"Algarve 7\",\"sameAs\":[\"https:\\\/\\\/algarve7.pt\",\"https:\\\/\\\/www.facebook.com\\\/algarve7\"],\"url\":\"https:\\\/\\\/algarve7.pt\\\/index.php\\\/author\\\/geralalgarve7-pt\\\/\"}]}<\/script>\n<!-- \/ Yoast SEO plugin. -->","yoast_head_json":{"title":"Apreens\u00e3o de 100 quilos de pepinos-do-mar no valor de tr\u00eas mil euros no Alvor - Algarve 7","description":"Apreens\u00e3o de 100 quilos de pepinos-do-mar no valor de tr\u00eas mil euros no Alvor Atualidade","robots":{"index":"index","follow":"follow","max-snippet":"max-snippet:-1","max-image-preview":"max-image-preview:large","max-video-preview":"max-video-preview:-1"},"canonical":"https:\/\/algarve7.pt\/index.php\/2021\/01\/apreensao-de-100-quilos-de-pepinos-do-mar-no-valor-de-tres-mil-euros-no-alvor\/atualidade\/14\/08\/","og_locale":"pt_PT","og_type":"article","og_title":"Apreens\u00e3o de 100 quilos de pepinos-do-mar no valor de tr\u00eas mil euros no Alvor - Algarve 7","og_description":"Apreens\u00e3o de 100 quilos de pepinos-do-mar no valor de tr\u00eas mil euros no Alvor Atualidade","og_url":"https:\/\/algarve7.pt\/index.php\/2021\/01\/apreensao-de-100-quilos-de-pepinos-do-mar-no-valor-de-tres-mil-euros-no-alvor\/atualidade\/14\/08\/","og_site_name":"Algarve 7","article_publisher":"https:\/\/www.facebook.com\/algarve7","article_author":"https:\/\/www.facebook.com\/algarve7","article_published_time":"2021-01-14T14:08:51+00:00","article_modified_time":"2021-01-14T14:08:55+00:00","og_image":[{"width":905,"height":570,"url":"https:\/\/algarve7.pt\/wp-content\/uploads\/2021\/01\/GNR-UCC-Apreensao.jpg","type":"image\/jpeg"}],"author":"Algarve 7","twitter_card":"summary_large_image","twitter_creator":"@Algarvesete","twitter_site":"@Algarvesete","twitter_misc":{"Escrito por":"Algarve 7","Tempo estimado de leitura":"2 minutos"},"schema":{"@context":"https:\/\/schema.org","@graph":[{"@type":"Article","@id":"https:\/\/algarve7.pt\/index.php\/2021\/01\/apreensao-de-100-quilos-de-pepinos-do-mar-no-valor-de-tres-mil-euros-no-alvor\/atualidade\/14\/08\/#article","isPartOf":{"@id":"https:\/\/algarve7.pt\/index.php\/2021\/01\/apreensao-de-100-quilos-de-pepinos-do-mar-no-valor-de-tres-mil-euros-no-alvor\/atualidade\/14\/08\/"},"author":{"name":"Algarve 7","@id":"https:\/\/algarve7.pt\/#\/schema\/person\/23fa70681308e7b319a3204bcea45e0c"},"headline":"Apreens\u00e3o de 100 quilos de pepinos-do-mar no valor de tr\u00eas mil euros no Alvor","datePublished":"2021-01-14T14:08:51+00:00","dateModified":"2021-01-14T14:08:55+00:00","mainEntityOfPage":{"@id":"https:\/\/algarve7.pt\/index.php\/2021\/01\/apreensao-de-100-quilos-de-pepinos-do-mar-no-valor-de-tres-mil-euros-no-alvor\/atualidade\/14\/08\/"},"wordCount":317,"publisher":{"@id":"https:\/\/algarve7.pt\/#organization"},"image":{"@id":"https:\/\/algarve7.pt\/index.php\/2021\/01\/apreensao-de-100-quilos-de-pepinos-do-mar-no-valor-de-tres-mil-euros-no-alvor\/atualidade\/14\/08\/#primaryimage"},"thumbnailUrl":"https:\/\/algarve7.pt\/wp-content\/uploads\/2021\/01\/GNR-UCC-Apreensao.jpg","keywords":["Algarve","Alvor","Atualidade","GNR","UCC"],"articleSection":["Atualidade"],"inLanguage":"pt-PT"},{"@type":"WebPage","@id":"https:\/\/algarve7.pt\/index.php\/2021\/01\/apreensao-de-100-quilos-de-pepinos-do-mar-no-valor-de-tres-mil-euros-no-alvor\/atualidade\/14\/08\/","url":"https:\/\/algarve7.pt\/index.php\/2021\/01\/apreensao-de-100-quilos-de-pepinos-do-mar-no-valor-de-tres-mil-euros-no-alvor\/atualidade\/14\/08\/","name":"Apreens\u00e3o de 100 quilos de pepinos-do-mar no valor de tr\u00eas mil euros no Alvor - Algarve 7","isPartOf":{"@id":"https:\/\/algarve7.pt\/#website"},"primaryImageOfPage":{"@id":"https:\/\/algarve7.pt\/index.php\/2021\/01\/apreensao-de-100-quilos-de-pepinos-do-mar-no-valor-de-tres-mil-euros-no-alvor\/atualidade\/14\/08\/#primaryimage"},"image":{"@id":"https:\/\/algarve7.pt\/index.php\/2021\/01\/apreensao-de-100-quilos-de-pepinos-do-mar-no-valor-de-tres-mil-euros-no-alvor\/atualidade\/14\/08\/#primaryimage"},"thumbnailUrl":"https:\/\/algarve7.pt\/wp-content\/uploads\/2021\/01\/GNR-UCC-Apreensao.jpg","datePublished":"2021-01-14T14:08:51+00:00","dateModified":"2021-01-14T14:08:55+00:00","description":"Apreens\u00e3o de 100 quilos de pepinos-do-mar no valor de tr\u00eas mil euros no Alvor Atualidade","breadcrumb":{"@id":"https:\/\/algarve7.pt\/index.php\/2021\/01\/apreensao-de-100-quilos-de-pepinos-do-mar-no-valor-de-tres-mil-euros-no-alvor\/atualidade\/14\/08\/#breadcrumb"},"inLanguage":"pt-PT","potentialAction":[{"@type":"ReadAction","target":["https:\/\/algarve7.pt\/index.php\/2021\/01\/apreensao-de-100-quilos-de-pepinos-do-mar-no-valor-de-tres-mil-euros-no-alvor\/atualidade\/14\/08\/"]}]},{"@type":"ImageObject","inLanguage":"pt-PT","@id":"https:\/\/algarve7.pt\/index.php\/2021\/01\/apreensao-de-100-quilos-de-pepinos-do-mar-no-valor-de-tres-mil-euros-no-alvor\/atualidade\/14\/08\/#primaryimage","url":"https:\/\/algarve7.pt\/wp-content\/uploads\/2021\/01\/GNR-UCC-Apreensao.jpg","contentUrl":"https:\/\/algarve7.pt\/wp-content\/uploads\/2021\/01\/GNR-UCC-Apreensao.jpg","width":905,"height":570},{"@type":"BreadcrumbList","@id":"https:\/\/algarve7.pt\/index.php\/2021\/01\/apreensao-de-100-quilos-de-pepinos-do-mar-no-valor-de-tres-mil-euros-no-alvor\/atualidade\/14\/08\/#breadcrumb","itemListElement":[{"@type":"ListItem","position":1,"name":"In\u00edcio","item":"https:\/\/algarve7.pt\/"},{"@type":"ListItem","position":2,"name":"Apreens\u00e3o de 100 quilos de pepinos-do-mar no valor de tr\u00eas mil euros no Alvor"}]},{"@type":"WebSite","@id":"https:\/\/algarve7.pt\/#website","url":"https:\/\/algarve7.pt\/","name":"Algarve 7","description":"Informa\u00e7\u00e3o sobre o Algarve","publisher":{"@id":"https:\/\/algarve7.pt\/#organization"},"potentialAction":[{"@type":"SearchAction","target":{"@type":"EntryPoint","urlTemplate":"https:\/\/algarve7.pt\/?s={search_term_string}"},"query-input":{"@type":"PropertyValueSpecification","valueRequired":true,"valueName":"search_term_string"}}],"inLanguage":"pt-PT"},{"@type":"Organization","@id":"https:\/\/algarve7.pt\/#organization","name":"Algarve 7","url":"https:\/\/algarve7.pt\/","logo":{"@type":"ImageObject","inLanguage":"pt-PT","@id":"https:\/\/algarve7.pt\/#\/schema\/logo\/image\/","url":"https:\/\/algarve7.pt\/wp-content\/uploads\/2020\/10\/Logo-8.jpg","contentUrl":"https:\/\/algarve7.pt\/wp-content\/uploads\/2020\/10\/Logo-8.jpg","width":1680,"height":1186,"caption":"Algarve 7"},"image":{"@id":"https:\/\/algarve7.pt\/#\/schema\/logo\/image\/"},"sameAs":["https:\/\/www.facebook.com\/algarve7","https:\/\/x.com\/Algarvesete","https:\/\/www.instagram.com\/jornalalgarve7\/","https:\/\/www.linkedin.com\/company\/algarve7","https:\/\/www.pinterest.pt\/geral0939\/_created\/"]},{"@type":"Person","@id":"https:\/\/algarve7.pt\/#\/schema\/person\/23fa70681308e7b319a3204bcea45e0c","name":"Algarve 7","sameAs":["https:\/\/algarve7.pt","https:\/\/www.facebook.com\/algarve7"],"url":"https:\/\/algarve7.pt\/index.php\/author\/geralalgarve7-pt\/"}]}},"jetpack_publicize_connections":[],"jetpack_featured_media_url":"https:\/\/algarve7.pt\/wp-content\/uploads\/2021\/01\/GNR-UCC-Apreensao.jpg","jetpack_shortlink":"https:\/\/wp.me\/pcezmW-1nX","jetpack_sharing_enabled":true,"_links":{"self":[{"href":"https:\/\/algarve7.pt\/index.php\/wp-json\/wp\/v2\/posts\/5329","targetHints":{"allow":["GET"]}}],"collection":[{"href":"https:\/\/algarve7.pt\/index.php\/wp-json\/wp\/v2\/posts"}],"about":[{"href":"https:\/\/algarve7.pt\/index.php\/wp-json\/wp\/v2\/types\/post"}],"author":[{"embeddable":true,"href":"https:\/\/algarve7.pt\/index.php\/wp-json\/wp\/v2\/users\/1"}],"replies":[{"embeddable":true,"href":"https:\/\/algarve7.pt\/index.php\/wp-json\/wp\/v2\/comments?post=5329"}],"version-history":[{"count":0,"href":"https:\/\/algarve7.pt\/index.php\/wp-json\/wp\/v2\/posts\/5329\/revisions"}],"wp:featuredmedia":[{"embeddable":true,"href":"https:\/\/algarve7.pt\/index.php\/wp-json\/wp\/v2\/media\/5330"}],"wp:attachment":[{"href":"https:\/\/algarve7.pt\/index.php\/wp-json\/wp\/v2\/media?parent=5329"}],"wp:term":[{"taxonomy":"category","embeddable":true,"href":"https:\/\/algarve7.pt\/index.php\/wp-json\/wp\/v2\/categories?post=5329"},{"taxonomy":"post_tag","embeddable":true,"href":"https:\/\/algarve7.pt\/index.php\/wp-json\/wp\/v2\/tags?post=5329"}],"curies":[{"name":"wp","href":"https:\/\/api.w.org\/{rel}","templated":true}]}}